{"id":39558,"date":"2025-07-14T09:11:53","date_gmt":"2025-07-14T07:11:53","guid":{"rendered":"https:\/\/www.m-q.ch\/?p=21686"},"modified":"2025-07-11T13:11:24","modified_gmt":"2025-07-11T11:11:24","slug":"cloudbasierte-ki-anwendungen-und-die-gefahr-der-schatten-ki","status":"publish","type":"post","link":"https:\/\/www.organisator.ch\/it\/operational-excellence\/2025-07-14\/cloudbasierte-ki-anwendungen-und-die-gefahr-der-schatten-ki\/","title":{"rendered":"Applicazioni AI basate sul cloud e il pericolo dell'AI ombra"},"content":{"rendered":"<figure id=\"attachment_21687\" class=\"wp-caption alignnone\" style=\"width: 680px;\" aria-describedby=\"caption-attachment-21687\"><img class=\"size-full wp-image-21687\" src=\"https:\/\/www.m-q.ch\/wp-content\/uploads\/2025\/07\/Cloudbasierte-KI-Anwendungen-und-die-Gefahr-der-Schatten-KI_MQ.jpg\" sizes=\"(max-width: 680px) 100vw, 680px\" srcset=\"https:\/\/www.m-q.ch\/wp-content\/uploads\/2025\/07\/Cloudbasierte-KI-Anwendungen-und-die-Gefahr-der-Schatten-KI_MQ.jpg 680w, https:\/\/www.m-q.ch\/wp-content\/uploads\/2025\/07\/Cloudbasierte-KI-Anwendungen-und-die-Gefahr-der-Schatten-KI_MQ-18x12.jpg 18w, https:\/\/www.m-q.ch\/wp-content\/uploads\/2025\/07\/Cloudbasierte-KI-Anwendungen-und-die-Gefahr-der-Schatten-KI_MQ-375x269.jpg 375w, https:\/\/www.m-q.ch\/wp-content\/uploads\/2025\/07\/Cloudbasierte-KI-Anwendungen-und-die-Gefahr-der-Schatten-KI_MQ-489x350.jpg 489w\" alt=\"\" width=\"680\" height=\"487\" \/>\r\n<figcaption id=\"caption-attachment-21687\" class=\"wp-caption-text\">L'IA ombra pu\u00f2 portare a fenomeni che sollevano questioni di governance e resilienza. (Immagine: AdobeStock \/ Stormshield)<\/figcaption>\r\n<\/figure>\r\n<p>Grok, il chatbot di intelligenza artificiale sviluppato dalla start-up xAI di Elon Musk, \u00e8 disponibile sulla piattaforma cloud Azure di Microsoft dalla fine di maggio. L'annuncio, fatto in occasione della conferenza Build 2025, segna una svolta strategica: Microsoft sta aprendo il suo ecosistema a una pi\u00f9 ampia gamma di operatori di IA, compresi alcuni che stanno sfidando i suoi partner tradizionali come OpenAI.<\/p>\r\n<h3>Gli ambienti cloud aperti portano a una maggiore complessit\u00e0<\/h3>\r\n<p>\"In generale, il rapido sviluppo dell'IA nel cloud richiede un ripensamento delle politiche di accesso e un migliore monitoraggio dell'utilizzo per garantire una maggiore sicurezza dei flussi di dati sensibili\", afferma S\u00e9bastien Viou, Director of Cybersecurity &amp; Product Management di Stormshield: \"L'integrazione dei modelli di IA sviluppati da xAI, come Grok, sulla piattaforma Microsoft Azure rappresenta un ulteriore passo avanti nell'apertura degli ambienti cloud a fornitori alternativi di grandi modelli linguistici. Se da un lato questa dinamica di ecosistema aperto sembra portare agilit\u00e0 alle organizzazioni, dall'altro introduce un nuovo livello di complessit\u00e0 per i team responsabili della cybersecurity.\"<\/p>\r\n<p>La trasparenza dell'uso \u00e8 una preoccupazione fondamentale. Poich\u00e9 l'IA generativa \u00e8 ora accessibile tramite interfacce Azure standardizzate, il numero di applicazioni potenziali pu\u00f2 aumentare senza controlli e contromisure significative, soprattutto in ambienti applicativi complessi che coinvolgono una variet\u00e0 di sottosistemi. Il risultato \u00e8 un'attenuazione della linea di demarcazione tra sperimentazione legittima e \"IA ombra\". Senza meccanismi di monitoraggio precisi, \u00e8 difficile sapere chi utilizza questi modelli, con quali dati e per quali scopi.<\/p>\r\n<h3>Nuovi requisiti per la gestione del rischio<\/h3>\r\n<p>Ci\u00f2 solleva inevitabilmente la questione della gestione dei rischi di natura legale o tecnica, come la governance dell'accesso, la tracciabilit\u00e0 dell'utilizzo e la protezione dei dati sensibili. Il fatto che Grok esista ora insieme ad altri strumenti di intelligenza artificiale sulla stessa piattaforma richiede una rivalutazione granulare dell'impatto sul trattamento dei dati e sulla resilienza operativa. Deve prevalere la filosofia del minimo privilegio, con controlli pi\u00f9 severi sulle identit\u00e0 e sulle sessioni di utilizzo. Altrimenti, il rischio di compromettere o far trapelare informazioni sensibili semplicemente a causa di errori di configurazione diventa non banale.<\/p>\r\n<p>Infine, oltre ai problemi di accesso e visibilit\u00e0, il controllo dei flussi di dati sensibili \u00e8 un punto cieco critico. Interazioni apparentemente innocue tra dipendenti e IA possono nascondere l'esfiltrazione dei dati o operazioni di elaborazione che violano le politiche di sicurezza. In un ambiente in cui le soluzioni tradizionali di prevenzione della perdita di dati erano gi\u00e0 complesse da applicare, la sfida assume una nuova dimensione. Ci\u00f2 richiede misure di sicurezza informatica olistiche che vadano oltre la semplice reattivit\u00e0 e siano integrate nella strategia aziendale fin dalle fondamenta. Ci\u00f2 include meccanismi completi per l'applicazione dei principi di fiducia zero che assicurano che ogni richiesta di accesso - sia essa proveniente da un essere umano o dall'intelligenza artificiale - sia autenticata, autorizzata e continuamente convalidata, indipendentemente dalla posizione o dal dispositivo.<\/p>\r\n<h3>La sovranit\u00e0 digitale come chiave<\/h3>\r\n<p>Il controllo del flusso di dati nel contesto delle applicazioni di IA richiede anche soluzioni innovative che vadano oltre la tradizionale difesa perimetrale. Una strategia di sicurezza efficace deve essere in grado di analizzare in tempo reale i contenuti generati dall'IA e le interazioni guidate dall'IA per prevenire potenziali abusi o fughe di informazioni sensibili. Ci\u00f2 richiede funzionalit\u00e0 avanzate di ispezione a livello di rete e di protezione degli endpoint in grado di rilevare e prevenire comportamenti insoliti o schemi sospetti provenienti dai modelli di IA.<\/p>\r\n<p>Data la rapidit\u00e0 dello sviluppo e i rischi potenziali, \u00e8 essenziale affidarsi a soluzioni di cybersecurity affidabili e trasparenti, soprattutto quando si tratta di proteggere dati e infrastrutture critiche. Solo costruendo una solida base di sicurezza che dia priorit\u00e0 alla sovranit\u00e0 digitale e alla conformit\u00e0 con gli standard europei, le aziende potranno sfruttare tutti i vantaggi dell'IA in modo sicuro e responsabile. Una strategia globale di questo tipo \u00e8 fondamentale per liberare la potenza innovativa dell'IA senza perdere il controllo. Senza un approccio rigoroso alla governance e alla supervisione, infatti, \u00e8 probabile che l'IA, generativa o meno, si evolva nelle organizzazioni pi\u00f9 rapidamente dei mezzi per controllarla.<\/p>\r\n<p><em>Fonte: <a href=\"http:\/\/www.stormshield.com\/de\/\">Scudo anti tempesta<\/a><\/em><\/p>\n<p class=\"syndicated-attribution\">Questo articolo \u00e8 apparso originariamente su m-q.ch - <a href=\"https:\/\/www.m-q.ch\/de\/cloudbasierte-ki-anwendungen-und-die-gefahr-der-schatten-ki\/\" target=\"_blank\">https:\/\/www.m-q.ch\/de\/cloudbasierte-ki-anwendungen-und-die-gefahr-der-schatten-ki\/<\/a><\/p>","protected":false},"excerpt":{"rendered":"<p>La rapida diffusione dell'IA basata sul cloud sta rivoluzionando le aziende, ma nasconde un pericolo sottovalutato: l'\"IA ombra\". L'uso incontrollato di strumenti di IA basati sul cloud aumenta la complessit\u00e0 della sicurezza informatica e pone nuove sfide per la protezione di dati e processi sensibili.<\/p>","protected":false},"author":8,"featured_media":0,"comment_status":"closed","ping_status":"closed","sticky":false,"template":"","format":"standard","meta":{"_acf_changed":false,"_yoast_wpseo_focuskw":"Schatten-KI","_yoast_wpseo_metadesc":"Die rasante Verbreitung cloudbasierter KI revolutioniert Unternehmen, birgt aber eine untersch\u00e4tzte Gefahr: die \u201eSchatten-KI\u201c.","articlekey":"","footnotes":""},"categories":[582],"tags":[123,319,418],"class_list":["post-39558","post","type-post","status-publish","format-standard","hentry","category-operational-excellence","tag-cloud-computing","tag-kuenstliche-intelligenz","tag-risikomanagement"],"acf":[],"yoast_head":"<!-- This site is optimized with the Yoast SEO plugin v27.5 - https:\/\/yoast.com\/product\/yoast-seo-wordpress\/ -->\n<title>Cloudbasierte KI-Anwendungen und die Gefahr der Schatten-KI - Organisator<\/title>\n<meta name=\"description\" content=\"Die rasante Verbreitung cloudbasierter KI revolutioniert Unternehmen, birgt aber eine untersch\u00e4tzte Gefahr: die \u201eSchatten-KI\u201c.\" \/>\n<meta name=\"robots\" content=\"index, follow, max-snippet:-1, max-image-preview:large, max-video-preview:-1\" \/>\n<link rel=\"canonical\" href=\"https:\/\/www.organisator.ch\/it\/eccellenza-operativa\/2025-07-14\/cloudbasierte-ki-anwendungen-und-die-gefahr-der-schatten-ki\/\" \/>\n<meta property=\"og:locale\" content=\"it_IT\" \/>\n<meta property=\"og:type\" content=\"article\" \/>\n<meta property=\"og:title\" content=\"Cloudbasierte KI-Anwendungen und die Gefahr der Schatten-KI - Organisator\" \/>\n<meta property=\"og:description\" content=\"Die rasante Verbreitung cloudbasierter KI revolutioniert Unternehmen, birgt aber eine untersch\u00e4tzte Gefahr: die \u201eSchatten-KI\u201c.\" \/>\n<meta property=\"og:url\" content=\"https:\/\/www.organisator.ch\/it\/eccellenza-operativa\/2025-07-14\/cloudbasierte-ki-anwendungen-und-die-gefahr-der-schatten-ki\/\" \/>\n<meta property=\"og:site_name\" content=\"Organisator\" \/>\n<meta property=\"article:publisher\" content=\"https:\/\/www.facebook.com\/OrganisatorFachmagazin\" \/>\n<meta property=\"article:published_time\" content=\"2025-07-14T07:11:53+00:00\" \/>\n<meta name=\"author\" content=\"galledia\" \/>\n<meta name=\"twitter:card\" content=\"summary_large_image\" \/>\n<meta name=\"twitter:creator\" content=\"@admin\" \/>\n<script type=\"application\/ld+json\" class=\"yoast-schema-graph\">{\"@context\":\"https:\\\/\\\/schema.org\",\"@graph\":[{\"@type\":\"Article\",\"@id\":\"https:\\\/\\\/www.organisator.ch\\\/operational-excellence\\\/2025-07-14\\\/cloudbasierte-ki-anwendungen-und-die-gefahr-der-schatten-ki\\\/#article\",\"isPartOf\":{\"@id\":\"https:\\\/\\\/www.organisator.ch\\\/operational-excellence\\\/2025-07-14\\\/cloudbasierte-ki-anwendungen-und-die-gefahr-der-schatten-ki\\\/\"},\"author\":{\"name\":\"galledia\",\"@id\":\"https:\\\/\\\/www.organisator.ch\\\/#\\\/schema\\\/person\\\/4e51799071cd2dd1232ac003643ef5f0\"},\"headline\":\"Cloudbasierte KI-Anwendungen und die Gefahr der Schatten-KI\",\"datePublished\":\"2025-07-14T07:11:53+00:00\",\"mainEntityOfPage\":{\"@id\":\"https:\\\/\\\/www.organisator.ch\\\/operational-excellence\\\/2025-07-14\\\/cloudbasierte-ki-anwendungen-und-die-gefahr-der-schatten-ki\\\/\"},\"wordCount\":657,\"publisher\":{\"@id\":\"https:\\\/\\\/www.organisator.ch\\\/#organization\"},\"image\":{\"@id\":\"https:\\\/\\\/www.organisator.ch\\\/operational-excellence\\\/2025-07-14\\\/cloudbasierte-ki-anwendungen-und-die-gefahr-der-schatten-ki\\\/#primaryimage\"},\"thumbnailUrl\":\"https:\\\/\\\/www.m-q.ch\\\/wp-content\\\/uploads\\\/2025\\\/07\\\/Cloudbasierte-KI-Anwendungen-und-die-Gefahr-der-Schatten-KI_MQ.jpg\",\"keywords\":[\"Cloud Computing\",\"K\u00fcnstliche Intelligenz\",\"Risikomanagement\"],\"articleSection\":[\"OPERATIONAL EXCELLENCE\"],\"inLanguage\":\"it-IT\"},{\"@type\":\"WebPage\",\"@id\":\"https:\\\/\\\/www.organisator.ch\\\/operational-excellence\\\/2025-07-14\\\/cloudbasierte-ki-anwendungen-und-die-gefahr-der-schatten-ki\\\/\",\"url\":\"https:\\\/\\\/www.organisator.ch\\\/operational-excellence\\\/2025-07-14\\\/cloudbasierte-ki-anwendungen-und-die-gefahr-der-schatten-ki\\\/\",\"name\":\"Cloudbasierte KI-Anwendungen und die Gefahr der Schatten-KI - Organisator\",\"isPartOf\":{\"@id\":\"https:\\\/\\\/www.organisator.ch\\\/#website\"},\"primaryImageOfPage\":{\"@id\":\"https:\\\/\\\/www.organisator.ch\\\/operational-excellence\\\/2025-07-14\\\/cloudbasierte-ki-anwendungen-und-die-gefahr-der-schatten-ki\\\/#primaryimage\"},\"image\":{\"@id\":\"https:\\\/\\\/www.organisator.ch\\\/operational-excellence\\\/2025-07-14\\\/cloudbasierte-ki-anwendungen-und-die-gefahr-der-schatten-ki\\\/#primaryimage\"},\"thumbnailUrl\":\"https:\\\/\\\/www.m-q.ch\\\/wp-content\\\/uploads\\\/2025\\\/07\\\/Cloudbasierte-KI-Anwendungen-und-die-Gefahr-der-Schatten-KI_MQ.jpg\",\"datePublished\":\"2025-07-14T07:11:53+00:00\",\"description\":\"Die rasante Verbreitung cloudbasierter KI revolutioniert Unternehmen, birgt aber eine untersch\u00e4tzte Gefahr: die \u201eSchatten-KI\u201c.\",\"breadcrumb\":{\"@id\":\"https:\\\/\\\/www.organisator.ch\\\/operational-excellence\\\/2025-07-14\\\/cloudbasierte-ki-anwendungen-und-die-gefahr-der-schatten-ki\\\/#breadcrumb\"},\"inLanguage\":\"it-IT\",\"potentialAction\":[{\"@type\":\"ReadAction\",\"target\":[\"https:\\\/\\\/www.organisator.ch\\\/operational-excellence\\\/2025-07-14\\\/cloudbasierte-ki-anwendungen-und-die-gefahr-der-schatten-ki\\\/\"]}]},{\"@type\":\"ImageObject\",\"inLanguage\":\"it-IT\",\"@id\":\"https:\\\/\\\/www.organisator.ch\\\/operational-excellence\\\/2025-07-14\\\/cloudbasierte-ki-anwendungen-und-die-gefahr-der-schatten-ki\\\/#primaryimage\",\"url\":\"https:\\\/\\\/www.m-q.ch\\\/wp-content\\\/uploads\\\/2025\\\/07\\\/Cloudbasierte-KI-Anwendungen-und-die-Gefahr-der-Schatten-KI_MQ.jpg\",\"contentUrl\":\"https:\\\/\\\/www.m-q.ch\\\/wp-content\\\/uploads\\\/2025\\\/07\\\/Cloudbasierte-KI-Anwendungen-und-die-Gefahr-der-Schatten-KI_MQ.jpg\"},{\"@type\":\"BreadcrumbList\",\"@id\":\"https:\\\/\\\/www.organisator.ch\\\/operational-excellence\\\/2025-07-14\\\/cloudbasierte-ki-anwendungen-und-die-gefahr-der-schatten-ki\\\/#breadcrumb\",\"itemListElement\":[{\"@type\":\"ListItem\",\"position\":1,\"name\":\"Home\",\"item\":\"https:\\\/\\\/www.organisator.ch\\\/\"},{\"@type\":\"ListItem\",\"position\":2,\"name\":\"Cloudbasierte KI-Anwendungen und die Gefahr der Schatten-KI\"}]},{\"@type\":\"WebSite\",\"@id\":\"https:\\\/\\\/www.organisator.ch\\\/#website\",\"url\":\"https:\\\/\\\/www.organisator.ch\\\/\",\"name\":\"Organisator\",\"description\":\"Kompetent. Praxisnah. Der ORGANISATOR bereitet in 10 Ausgaben pro Jahr die wesentlichen Themen f\u00fcr F\u00fchrungskr\u00e4fte von KMU auf.\",\"publisher\":{\"@id\":\"https:\\\/\\\/www.organisator.ch\\\/#organization\"},\"potentialAction\":[{\"@type\":\"SearchAction\",\"target\":{\"@type\":\"EntryPoint\",\"urlTemplate\":\"https:\\\/\\\/www.organisator.ch\\\/?s={search_term_string}\"},\"query-input\":{\"@type\":\"PropertyValueSpecification\",\"valueRequired\":true,\"valueName\":\"search_term_string\"}}],\"inLanguage\":\"it-IT\"},{\"@type\":\"Organization\",\"@id\":\"https:\\\/\\\/www.organisator.ch\\\/#organization\",\"name\":\"Organisator\",\"url\":\"https:\\\/\\\/www.organisator.ch\\\/\",\"logo\":{\"@type\":\"ImageObject\",\"inLanguage\":\"it-IT\",\"@id\":\"https:\\\/\\\/www.organisator.ch\\\/#\\\/schema\\\/logo\\\/image\\\/\",\"url\":\"https:\\\/\\\/www.organisator.ch\\\/wp-content\\\/uploads\\\/2022\\\/01\\\/Logo_Organisator_Website.png\",\"contentUrl\":\"https:\\\/\\\/www.organisator.ch\\\/wp-content\\\/uploads\\\/2022\\\/01\\\/Logo_Organisator_Website.png\",\"width\":800,\"height\":77,\"caption\":\"Organisator\"},\"image\":{\"@id\":\"https:\\\/\\\/www.organisator.ch\\\/#\\\/schema\\\/logo\\\/image\\\/\"},\"sameAs\":[\"https:\\\/\\\/www.facebook.com\\\/OrganisatorFachmagazin\",\"https:\\\/\\\/www.linkedin.com\\\/showcase\\\/organisator-das-magazin-fr-kmu\",\"https:\\\/\\\/www.xing.com\\\/news\\\/pages\\\/organisator-ch-695\",\"https:\\\/\\\/www.youtube.com\\\/channel\\\/UCGP2Sq0iWaZwT3BdIAQFYpw\"]},{\"@type\":\"Person\",\"@id\":\"https:\\\/\\\/www.organisator.ch\\\/#\\\/schema\\\/person\\\/4e51799071cd2dd1232ac003643ef5f0\",\"name\":\"galledia\",\"image\":{\"@type\":\"ImageObject\",\"inLanguage\":\"it-IT\",\"@id\":\"https:\\\/\\\/secure.gravatar.com\\\/avatar\\\/78a7f90c01fc2bfc875782a0d4922b37cde2cf184ce347b91316d23cd7f69a36?s=96&d=mm&r=g\",\"url\":\"https:\\\/\\\/secure.gravatar.com\\\/avatar\\\/78a7f90c01fc2bfc875782a0d4922b37cde2cf184ce347b91316d23cd7f69a36?s=96&d=mm&r=g\",\"contentUrl\":\"https:\\\/\\\/secure.gravatar.com\\\/avatar\\\/78a7f90c01fc2bfc875782a0d4922b37cde2cf184ce347b91316d23cd7f69a36?s=96&d=mm&r=g\",\"caption\":\"galledia\"},\"sameAs\":[\"https:\\\/\\\/x.com\\\/admin\"],\"url\":\"https:\\\/\\\/www.organisator.ch\\\/it\\\/author\\\/galledia\\\/\"}]}<\/script>\n<!-- \/ Yoast SEO plugin. -->","yoast_head_json":{"title":"Applicazioni AI basate sul cloud e il pericolo dell'AI ombra - Organizzatore","description":"La rapida diffusione dell'IA basata sul cloud sta rivoluzionando le aziende, ma nasconde un pericolo sottovalutato: l'\"IA ombra\".","robots":{"index":"index","follow":"follow","max-snippet":"max-snippet:-1","max-image-preview":"max-image-preview:large","max-video-preview":"max-video-preview:-1"},"canonical":"https:\/\/www.organisator.ch\/it\/eccellenza-operativa\/2025-07-14\/cloudbasierte-ki-anwendungen-und-die-gefahr-der-schatten-ki\/","og_locale":"it_IT","og_type":"article","og_title":"Cloudbasierte KI-Anwendungen und die Gefahr der Schatten-KI - Organisator","og_description":"Die rasante Verbreitung cloudbasierter KI revolutioniert Unternehmen, birgt aber eine untersch\u00e4tzte Gefahr: die \u201eSchatten-KI\u201c.","og_url":"https:\/\/www.organisator.ch\/it\/eccellenza-operativa\/2025-07-14\/cloudbasierte-ki-anwendungen-und-die-gefahr-der-schatten-ki\/","og_site_name":"Organisator","article_publisher":"https:\/\/www.facebook.com\/OrganisatorFachmagazin","article_published_time":"2025-07-14T07:11:53+00:00","author":"galledia","twitter_card":"summary_large_image","twitter_creator":"@admin","schema":{"@context":"https:\/\/schema.org","@graph":[{"@type":"Article","@id":"https:\/\/www.organisator.ch\/operational-excellence\/2025-07-14\/cloudbasierte-ki-anwendungen-und-die-gefahr-der-schatten-ki\/#article","isPartOf":{"@id":"https:\/\/www.organisator.ch\/operational-excellence\/2025-07-14\/cloudbasierte-ki-anwendungen-und-die-gefahr-der-schatten-ki\/"},"author":{"name":"galledia","@id":"https:\/\/www.organisator.ch\/#\/schema\/person\/4e51799071cd2dd1232ac003643ef5f0"},"headline":"Cloudbasierte KI-Anwendungen und die Gefahr der Schatten-KI","datePublished":"2025-07-14T07:11:53+00:00","mainEntityOfPage":{"@id":"https:\/\/www.organisator.ch\/operational-excellence\/2025-07-14\/cloudbasierte-ki-anwendungen-und-die-gefahr-der-schatten-ki\/"},"wordCount":657,"publisher":{"@id":"https:\/\/www.organisator.ch\/#organization"},"image":{"@id":"https:\/\/www.organisator.ch\/operational-excellence\/2025-07-14\/cloudbasierte-ki-anwendungen-und-die-gefahr-der-schatten-ki\/#primaryimage"},"thumbnailUrl":"https:\/\/www.m-q.ch\/wp-content\/uploads\/2025\/07\/Cloudbasierte-KI-Anwendungen-und-die-Gefahr-der-Schatten-KI_MQ.jpg","keywords":["Cloud Computing","K\u00fcnstliche Intelligenz","Risikomanagement"],"articleSection":["OPERATIONAL EXCELLENCE"],"inLanguage":"it-IT"},{"@type":"WebPage","@id":"https:\/\/www.organisator.ch\/operational-excellence\/2025-07-14\/cloudbasierte-ki-anwendungen-und-die-gefahr-der-schatten-ki\/","url":"https:\/\/www.organisator.ch\/operational-excellence\/2025-07-14\/cloudbasierte-ki-anwendungen-und-die-gefahr-der-schatten-ki\/","name":"Applicazioni AI basate sul cloud e il pericolo dell'AI ombra - Organizzatore","isPartOf":{"@id":"https:\/\/www.organisator.ch\/#website"},"primaryImageOfPage":{"@id":"https:\/\/www.organisator.ch\/operational-excellence\/2025-07-14\/cloudbasierte-ki-anwendungen-und-die-gefahr-der-schatten-ki\/#primaryimage"},"image":{"@id":"https:\/\/www.organisator.ch\/operational-excellence\/2025-07-14\/cloudbasierte-ki-anwendungen-und-die-gefahr-der-schatten-ki\/#primaryimage"},"thumbnailUrl":"https:\/\/www.m-q.ch\/wp-content\/uploads\/2025\/07\/Cloudbasierte-KI-Anwendungen-und-die-Gefahr-der-Schatten-KI_MQ.jpg","datePublished":"2025-07-14T07:11:53+00:00","description":"La rapida diffusione dell'IA basata sul cloud sta rivoluzionando le aziende, ma nasconde un pericolo sottovalutato: l'\"IA ombra\".","breadcrumb":{"@id":"https:\/\/www.organisator.ch\/operational-excellence\/2025-07-14\/cloudbasierte-ki-anwendungen-und-die-gefahr-der-schatten-ki\/#breadcrumb"},"inLanguage":"it-IT","potentialAction":[{"@type":"ReadAction","target":["https:\/\/www.organisator.ch\/operational-excellence\/2025-07-14\/cloudbasierte-ki-anwendungen-und-die-gefahr-der-schatten-ki\/"]}]},{"@type":"ImageObject","inLanguage":"it-IT","@id":"https:\/\/www.organisator.ch\/operational-excellence\/2025-07-14\/cloudbasierte-ki-anwendungen-und-die-gefahr-der-schatten-ki\/#primaryimage","url":"https:\/\/www.m-q.ch\/wp-content\/uploads\/2025\/07\/Cloudbasierte-KI-Anwendungen-und-die-Gefahr-der-Schatten-KI_MQ.jpg","contentUrl":"https:\/\/www.m-q.ch\/wp-content\/uploads\/2025\/07\/Cloudbasierte-KI-Anwendungen-und-die-Gefahr-der-Schatten-KI_MQ.jpg"},{"@type":"BreadcrumbList","@id":"https:\/\/www.organisator.ch\/operational-excellence\/2025-07-14\/cloudbasierte-ki-anwendungen-und-die-gefahr-der-schatten-ki\/#breadcrumb","itemListElement":[{"@type":"ListItem","position":1,"name":"Home","item":"https:\/\/www.organisator.ch\/"},{"@type":"ListItem","position":2,"name":"Cloudbasierte KI-Anwendungen und die Gefahr der Schatten-KI"}]},{"@type":"WebSite","@id":"https:\/\/www.organisator.ch\/#website","url":"https:\/\/www.organisator.ch\/","name":"Organizzatore","description":"Competente. Pratico. In 10 numeri all'anno, ORGANISATOR presenta i temi essenziali per i manager delle PMI.","publisher":{"@id":"https:\/\/www.organisator.ch\/#organization"},"potentialAction":[{"@type":"SearchAction","target":{"@type":"EntryPoint","urlTemplate":"https:\/\/www.organisator.ch\/?s={search_term_string}"},"query-input":{"@type":"PropertyValueSpecification","valueRequired":true,"valueName":"search_term_string"}}],"inLanguage":"it-IT"},{"@type":"Organization","@id":"https:\/\/www.organisator.ch\/#organization","name":"Organizzatore","url":"https:\/\/www.organisator.ch\/","logo":{"@type":"ImageObject","inLanguage":"it-IT","@id":"https:\/\/www.organisator.ch\/#\/schema\/logo\/image\/","url":"https:\/\/www.organisator.ch\/wp-content\/uploads\/2022\/01\/Logo_Organisator_Website.png","contentUrl":"https:\/\/www.organisator.ch\/wp-content\/uploads\/2022\/01\/Logo_Organisator_Website.png","width":800,"height":77,"caption":"Organisator"},"image":{"@id":"https:\/\/www.organisator.ch\/#\/schema\/logo\/image\/"},"sameAs":["https:\/\/www.facebook.com\/OrganisatorFachmagazin","https:\/\/www.linkedin.com\/showcase\/organisator-das-magazin-fr-kmu","https:\/\/www.xing.com\/news\/pages\/organisator-ch-695","https:\/\/www.youtube.com\/channel\/UCGP2Sq0iWaZwT3BdIAQFYpw"]},{"@type":"Person","@id":"https:\/\/www.organisator.ch\/#\/schema\/person\/4e51799071cd2dd1232ac003643ef5f0","name":"galledia","image":{"@type":"ImageObject","inLanguage":"it-IT","@id":"https:\/\/secure.gravatar.com\/avatar\/78a7f90c01fc2bfc875782a0d4922b37cde2cf184ce347b91316d23cd7f69a36?s=96&d=mm&r=g","url":"https:\/\/secure.gravatar.com\/avatar\/78a7f90c01fc2bfc875782a0d4922b37cde2cf184ce347b91316d23cd7f69a36?s=96&d=mm&r=g","contentUrl":"https:\/\/secure.gravatar.com\/avatar\/78a7f90c01fc2bfc875782a0d4922b37cde2cf184ce347b91316d23cd7f69a36?s=96&d=mm&r=g","caption":"galledia"},"sameAs":["https:\/\/x.com\/admin"],"url":"https:\/\/www.organisator.ch\/it\/author\/galledia\/"}]}},"_links":{"self":[{"href":"https:\/\/www.organisator.ch\/it\/wp-json\/wp\/v2\/posts\/39558","targetHints":{"allow":["GET"]}}],"collection":[{"href":"https:\/\/www.organisator.ch\/it\/wp-json\/wp\/v2\/posts"}],"about":[{"href":"https:\/\/www.organisator.ch\/it\/wp-json\/wp\/v2\/types\/post"}],"author":[{"embeddable":true,"href":"https:\/\/www.organisator.ch\/it\/wp-json\/wp\/v2\/users\/8"}],"replies":[{"embeddable":true,"href":"https:\/\/www.organisator.ch\/it\/wp-json\/wp\/v2\/comments?post=39558"}],"version-history":[{"count":7,"href":"https:\/\/www.organisator.ch\/it\/wp-json\/wp\/v2\/posts\/39558\/revisions"}],"predecessor-version":[{"id":39583,"href":"https:\/\/www.organisator.ch\/it\/wp-json\/wp\/v2\/posts\/39558\/revisions\/39583"}],"wp:attachment":[{"href":"https:\/\/www.organisator.ch\/it\/wp-json\/wp\/v2\/media?parent=39558"}],"wp:term":[{"taxonomy":"category","embeddable":true,"href":"https:\/\/www.organisator.ch\/it\/wp-json\/wp\/v2\/categories?post=39558"},{"taxonomy":"post_tag","embeddable":true,"href":"https:\/\/www.organisator.ch\/it\/wp-json\/wp\/v2\/tags?post=39558"}],"curies":[{"name":"wp","href":"https:\/\/api.w.org\/{rel}","templated":true}]}}