{"id":39564,"date":"2025-07-18T08:01:27","date_gmt":"2025-07-18T06:01:27","guid":{"rendered":"https:\/\/www.organisator.ch\/?p=39564"},"modified":"2025-09-09T08:34:40","modified_gmt":"2025-09-09T06:34:40","slug":"so-bringen-sie-ihre-karriere-im-sommer-voran","status":"publish","type":"post","link":"https:\/\/www.organisator.ch\/it\/human-resources\/2025-07-18\/so-bringen-sie-ihre-karriere-im-sommer-voran\/","title":{"rendered":"Come fare carriera in estate"},"content":{"rendered":"<figure id=\"attachment_39565\" aria-describedby=\"caption-attachment-39565\" style=\"width: 680px\" class=\"wp-caption alignnone\"><img loading=\"lazy\" decoding=\"async\" class=\"size-full wp-image-39565\" src=\"https:\/\/www.organisator.ch\/wp-content\/uploads\/2025\/07\/So-bringen-Sie-Ihre-Karriere-im-Sommer-voran_Organisator.jpg\" alt=\"\" width=\"680\" height=\"419\" srcset=\"https:\/\/www.organisator.ch\/wp-content\/uploads\/2025\/07\/So-bringen-Sie-Ihre-Karriere-im-Sommer-voran_Organisator.jpg 680w, https:\/\/www.organisator.ch\/wp-content\/uploads\/2025\/07\/So-bringen-Sie-Ihre-Karriere-im-Sommer-voran_Organisator-18x12.jpg 18w, https:\/\/www.organisator.ch\/wp-content\/uploads\/2025\/07\/So-bringen-Sie-Ihre-Karriere-im-Sommer-voran_Organisator-375x231.jpg 375w, https:\/\/www.organisator.ch\/wp-content\/uploads\/2025\/07\/So-bringen-Sie-Ihre-Karriere-im-Sommer-voran_Organisator-568x350.jpg 568w\" sizes=\"auto, (max-width: 680px) 100vw, 680px\" \/><figcaption id=\"caption-attachment-39565\" class=\"wp-caption-text\">Qual \u00e8 il prossimo passo della vostra carriera? L'estate \u00e8 un buon momento per pensarci. (Immagine: Gerd Altmann \/ Pixabay.com)<\/figcaption><\/figure>\n<p>I tranquilli mesi estivi offrono l'opportunit\u00e0 giusta per sviluppare la vostra carriera, senza che questa sembri un lavoro. Robert Walters, fornitore di servizi per le risorse umane, rivela otto strategie intelligenti per dare alla vostra carriera un meritato impulso estivo.\u00a0<\/p>\n<h3><strong>1. fare rete con gli occhiali da sole\u00a0<\/strong><\/h3>\n<p>Feste estive, aperitivi dopo il lavoro, feste di piazza o eventi sportivi: sono tutte occasioni casuali per creare nuovi contatti professionali. Preparate una breve presentazione di voi stessi e aggiornate il vostro profilo LinkedIn. \u00c8 possibile che qualcuno vi cerchi dopo il colloquio.<\/p>\n<h3><strong>2. impegnarsi in attivit\u00e0 di volontariato\u00a0<\/strong><\/h3>\n<p>Il volontariato estivo non solo pu\u00f2 essere appagante, ma pu\u00f2 anche aiutarvi a sviluppare nuove competenze, ad acquisire esperienza pratica e ad ampliare la vostra rete di contatti, soprattutto se scegliete progetti in linea con i vostri obiettivi di carriera.<\/p>\n<h3><strong>3. frequentare un corso estivo\u00a0<\/strong><\/h3>\n<p>Online o in loco, compatti o intensivi: i corsi estivi sono l'ideale per continuare la vostra formazione secondo i vostri ritmi. Comunicazione digitale, gestione di progetti, analisi dei dati o una nuova lingua: queste competenze miglioreranno notevolmente il vostro CV.<\/p>\n<h3><strong>4. lavorare sul proprio marchio personale\u00a0<\/strong><\/h3>\n<p>Approfittate dell'estate per rinnovare la vostra presenza online. Un nuovo profilo professionale, un profilo LinkedIn aggiornato o anche un blog o un piccolo sito web? Tutto contribuisce alla percezione della vostra professionalit\u00e0. Suggerimento: controllate anche le impostazioni della privacy sui social network. Le foto delle vacanze dalla spiaggia sono ottime per gli amici, ma forse non sono l'ideale per i futuri datori di lavoro.<\/p>\n<h3><strong>5. riflettere sui propri obiettivi professionali\u00a0<\/strong><\/h3>\n<p>A che punto siete della vostra carriera - e dove volete andare? L'estate offre lo spazio per fermarsi, riflettere e dare un nuovo sguardo ai vostri obiettivi a lungo termine.<\/p>\n<h3><strong>6. concedersi pause consapevoli\u00a0<\/strong><\/h3>\n<p>Il riposo non \u00e8 un lusso, ma una necessit\u00e0. Prendersi un po' di tempo pu\u00f2 stimolare la vostra creativit\u00e0 e assicurarvi di tornare con nuove energie e nuove idee, pronti per il prossimo passo della vostra carriera.<\/p>\n<h3><strong>7. trovare un mentore (o diventarlo voi stessi)\u00a0<\/strong><\/h3>\n<p>Il periodo estivo, pi\u00f9 tranquillo, \u00e8 ideale per pensare al mentoring. Un mentore pu\u00f2 ispirarvi e sostenervi. Oppure assumete voi stessi questo ruolo: rafforzerete le vostre capacit\u00e0 di leadership e allo stesso tempo aiuterete gli altri a svilupparsi ulteriormente.<\/p>\n<h3><strong>8 Pianificate in anticipo: l'autunno arriver\u00e0 prima di quanto pensiate\u00a0<\/strong><\/h3>\n<p>Che si tratti di formazione continua, nuovi progetti o eventi specialistici: Chi sfrutta l'estate per pianificare i prossimi passi inizier\u00e0 l'autunno con un netto vantaggio.\u00a0<\/p>\n<p><strong>Conclusione<\/strong>L'estate non deve essere per forza un periodo senza carriera, anzi. Se sfruttate la stagione calda con saggezza, non solo tornerete dalla pausa estiva rinvigoriti, ma anche professionalmente pi\u00f9 forti.\u00a0<\/p>\n<p><em>Fonte: <a href=\"https:\/\/www.robertwalters.ch\/\">Robert Walters<\/a><\/em><\/p>","protected":false},"excerpt":{"rendered":"<p>Sole, vacanze e una spinta alla carriera? Se pensate che l'estate serva solo a rilassarvi, non avete ragione, secondo la societ\u00e0 svizzera di consulenza HR Robert Walters. Perch\u00e9 ci sono modi per dare una spinta alla vostra carriera, soprattutto in estate. <\/p>","protected":false},"author":4,"featured_media":39565,"comment_status":"closed","ping_status":"closed","sticky":false,"template":"","format":"standard","meta":{"_acf_changed":false,"_yoast_wpseo_focuskw":"im Sommer","_yoast_wpseo_metadesc":"Im Urlaub soll man sich erholen. Doch man kann ihn auch nutzen, um gerade im Sommer der eigenen Karriere neuen Schub zu geben.","articlekey":"","footnotes":""},"categories":[579],"tags":[62,115,254,295],"class_list":["post-39564","post","type-post","status-publish","format-standard","has-post-thumbnail","hentry","category-human-resources","tag-aus-weiterbildung","tag-checklisten","tag-hrm","tag-karriere-tipps"],"acf":[],"yoast_head":"<!-- This site is optimized with the Yoast SEO plugin v27.5 - https:\/\/yoast.com\/product\/yoast-seo-wordpress\/ -->\n<title>So bringen Sie Ihre Karriere im Sommer voran - Organisator<\/title>\n<meta name=\"description\" content=\"Im Urlaub soll man sich erholen. Doch man kann ihn auch nutzen, um gerade im Sommer der eigenen Karriere neuen Schub zu geben.\" \/>\n<meta name=\"robots\" content=\"index, follow, max-snippet:-1, max-image-preview:large, max-video-preview:-1\" \/>\n<link rel=\"canonical\" href=\"https:\/\/www.organisator.ch\/it\/risorse-umane\/2025-07-18\/so-bringen-sie-ihre-karriere-im-sommer-voran\/\" \/>\n<meta property=\"og:locale\" content=\"it_IT\" \/>\n<meta property=\"og:type\" content=\"article\" \/>\n<meta property=\"og:title\" content=\"So bringen Sie Ihre Karriere im Sommer voran - Organisator\" \/>\n<meta property=\"og:description\" content=\"Im Urlaub soll man sich erholen. Doch man kann ihn auch nutzen, um gerade im Sommer der eigenen Karriere neuen Schub zu geben.\" \/>\n<meta property=\"og:url\" content=\"https:\/\/www.organisator.ch\/it\/risorse-umane\/2025-07-18\/so-bringen-sie-ihre-karriere-im-sommer-voran\/\" \/>\n<meta property=\"og:site_name\" content=\"Organisator\" \/>\n<meta property=\"article:publisher\" content=\"https:\/\/www.facebook.com\/OrganisatorFachmagazin\" \/>\n<meta property=\"article:published_time\" content=\"2025-07-18T06:01:27+00:00\" \/>\n<meta property=\"article:modified_time\" content=\"2025-09-09T06:34:40+00:00\" \/>\n<meta property=\"og:image\" content=\"https:\/\/www.organisator.ch\/wp-content\/uploads\/2025\/07\/So-bringen-Sie-Ihre-Karriere-im-Sommer-voran_Organisator.jpg\" \/>\n\t<meta property=\"og:image:width\" content=\"680\" \/>\n\t<meta property=\"og:image:height\" content=\"419\" \/>\n\t<meta property=\"og:image:type\" content=\"image\/jpeg\" \/>\n<meta name=\"author\" content=\"thomas.berner\" \/>\n<meta name=\"twitter:card\" content=\"summary_large_image\" \/>\n<script type=\"application\/ld+json\" class=\"yoast-schema-graph\">{\"@context\":\"https:\\\/\\\/schema.org\",\"@graph\":[{\"@type\":\"Article\",\"@id\":\"https:\\\/\\\/www.organisator.ch\\\/human-resources\\\/2025-07-18\\\/so-bringen-sie-ihre-karriere-im-sommer-voran\\\/#article\",\"isPartOf\":{\"@id\":\"https:\\\/\\\/www.organisator.ch\\\/human-resources\\\/2025-07-18\\\/so-bringen-sie-ihre-karriere-im-sommer-voran\\\/\"},\"author\":{\"name\":\"thomas.berner\",\"@id\":\"https:\\\/\\\/www.organisator.ch\\\/#\\\/schema\\\/person\\\/6f650f90b2842cd4c0cc334b4e36f67e\"},\"headline\":\"So bringen Sie Ihre Karriere im Sommer voran\",\"datePublished\":\"2025-07-18T06:01:27+00:00\",\"dateModified\":\"2025-09-09T06:34:40+00:00\",\"mainEntityOfPage\":{\"@id\":\"https:\\\/\\\/www.organisator.ch\\\/human-resources\\\/2025-07-18\\\/so-bringen-sie-ihre-karriere-im-sommer-voran\\\/\"},\"wordCount\":468,\"publisher\":{\"@id\":\"https:\\\/\\\/www.organisator.ch\\\/#organization\"},\"image\":{\"@id\":\"https:\\\/\\\/www.organisator.ch\\\/human-resources\\\/2025-07-18\\\/so-bringen-sie-ihre-karriere-im-sommer-voran\\\/#primaryimage\"},\"thumbnailUrl\":\"https:\\\/\\\/www.organisator.ch\\\/wp-content\\\/uploads\\\/2025\\\/07\\\/So-bringen-Sie-Ihre-Karriere-im-Sommer-voran_Organisator.jpg\",\"keywords\":[\"Aus-\\\/Weiterbildung\",\"Checklisten\",\"HRM\",\"Karriere Tipps\"],\"articleSection\":[\"HUMAN RESOURCES\"],\"inLanguage\":\"it-IT\"},{\"@type\":\"WebPage\",\"@id\":\"https:\\\/\\\/www.organisator.ch\\\/human-resources\\\/2025-07-18\\\/so-bringen-sie-ihre-karriere-im-sommer-voran\\\/\",\"url\":\"https:\\\/\\\/www.organisator.ch\\\/human-resources\\\/2025-07-18\\\/so-bringen-sie-ihre-karriere-im-sommer-voran\\\/\",\"name\":\"So bringen Sie Ihre Karriere im Sommer voran - Organisator\",\"isPartOf\":{\"@id\":\"https:\\\/\\\/www.organisator.ch\\\/#website\"},\"primaryImageOfPage\":{\"@id\":\"https:\\\/\\\/www.organisator.ch\\\/human-resources\\\/2025-07-18\\\/so-bringen-sie-ihre-karriere-im-sommer-voran\\\/#primaryimage\"},\"image\":{\"@id\":\"https:\\\/\\\/www.organisator.ch\\\/human-resources\\\/2025-07-18\\\/so-bringen-sie-ihre-karriere-im-sommer-voran\\\/#primaryimage\"},\"thumbnailUrl\":\"https:\\\/\\\/www.organisator.ch\\\/wp-content\\\/uploads\\\/2025\\\/07\\\/So-bringen-Sie-Ihre-Karriere-im-Sommer-voran_Organisator.jpg\",\"datePublished\":\"2025-07-18T06:01:27+00:00\",\"dateModified\":\"2025-09-09T06:34:40+00:00\",\"description\":\"Im Urlaub soll man sich erholen. Doch man kann ihn auch nutzen, um gerade im Sommer der eigenen Karriere neuen Schub zu geben.\",\"breadcrumb\":{\"@id\":\"https:\\\/\\\/www.organisator.ch\\\/human-resources\\\/2025-07-18\\\/so-bringen-sie-ihre-karriere-im-sommer-voran\\\/#breadcrumb\"},\"inLanguage\":\"it-IT\",\"potentialAction\":[{\"@type\":\"ReadAction\",\"target\":[\"https:\\\/\\\/www.organisator.ch\\\/human-resources\\\/2025-07-18\\\/so-bringen-sie-ihre-karriere-im-sommer-voran\\\/\"]}]},{\"@type\":\"ImageObject\",\"inLanguage\":\"it-IT\",\"@id\":\"https:\\\/\\\/www.organisator.ch\\\/human-resources\\\/2025-07-18\\\/so-bringen-sie-ihre-karriere-im-sommer-voran\\\/#primaryimage\",\"url\":\"https:\\\/\\\/www.organisator.ch\\\/wp-content\\\/uploads\\\/2025\\\/07\\\/So-bringen-Sie-Ihre-Karriere-im-Sommer-voran_Organisator.jpg\",\"contentUrl\":\"https:\\\/\\\/www.organisator.ch\\\/wp-content\\\/uploads\\\/2025\\\/07\\\/So-bringen-Sie-Ihre-Karriere-im-Sommer-voran_Organisator.jpg\",\"width\":680,\"height\":419,\"caption\":\"Wie weiter mit der Karriere? Gerade im Sommer kann man sich gut Gedanken dar\u00fcber machen. (Bild: Gerd Altmann \\\/ Pixabay.com)\"},{\"@type\":\"BreadcrumbList\",\"@id\":\"https:\\\/\\\/www.organisator.ch\\\/human-resources\\\/2025-07-18\\\/so-bringen-sie-ihre-karriere-im-sommer-voran\\\/#breadcrumb\",\"itemListElement\":[{\"@type\":\"ListItem\",\"position\":1,\"name\":\"Home\",\"item\":\"https:\\\/\\\/www.organisator.ch\\\/\"},{\"@type\":\"ListItem\",\"position\":2,\"name\":\"So bringen Sie Ihre Karriere im Sommer voran\"}]},{\"@type\":\"WebSite\",\"@id\":\"https:\\\/\\\/www.organisator.ch\\\/#website\",\"url\":\"https:\\\/\\\/www.organisator.ch\\\/\",\"name\":\"Organisator\",\"description\":\"Kompetent. Praxisnah. Der ORGANISATOR bereitet in 10 Ausgaben pro Jahr die wesentlichen Themen f\u00fcr F\u00fchrungskr\u00e4fte von KMU auf.\",\"publisher\":{\"@id\":\"https:\\\/\\\/www.organisator.ch\\\/#organization\"},\"potentialAction\":[{\"@type\":\"SearchAction\",\"target\":{\"@type\":\"EntryPoint\",\"urlTemplate\":\"https:\\\/\\\/www.organisator.ch\\\/?s={search_term_string}\"},\"query-input\":{\"@type\":\"PropertyValueSpecification\",\"valueRequired\":true,\"valueName\":\"search_term_string\"}}],\"inLanguage\":\"it-IT\"},{\"@type\":\"Organization\",\"@id\":\"https:\\\/\\\/www.organisator.ch\\\/#organization\",\"name\":\"Organisator\",\"url\":\"https:\\\/\\\/www.organisator.ch\\\/\",\"logo\":{\"@type\":\"ImageObject\",\"inLanguage\":\"it-IT\",\"@id\":\"https:\\\/\\\/www.organisator.ch\\\/#\\\/schema\\\/logo\\\/image\\\/\",\"url\":\"https:\\\/\\\/www.organisator.ch\\\/wp-content\\\/uploads\\\/2022\\\/01\\\/Logo_Organisator_Website.png\",\"contentUrl\":\"https:\\\/\\\/www.organisator.ch\\\/wp-content\\\/uploads\\\/2022\\\/01\\\/Logo_Organisator_Website.png\",\"width\":800,\"height\":77,\"caption\":\"Organisator\"},\"image\":{\"@id\":\"https:\\\/\\\/www.organisator.ch\\\/#\\\/schema\\\/logo\\\/image\\\/\"},\"sameAs\":[\"https:\\\/\\\/www.facebook.com\\\/OrganisatorFachmagazin\",\"https:\\\/\\\/www.linkedin.com\\\/showcase\\\/organisator-das-magazin-fr-kmu\",\"https:\\\/\\\/www.xing.com\\\/news\\\/pages\\\/organisator-ch-695\",\"https:\\\/\\\/www.youtube.com\\\/channel\\\/UCGP2Sq0iWaZwT3BdIAQFYpw\"]},{\"@type\":\"Person\",\"@id\":\"https:\\\/\\\/www.organisator.ch\\\/#\\\/schema\\\/person\\\/6f650f90b2842cd4c0cc334b4e36f67e\",\"name\":\"thomas.berner\",\"image\":{\"@type\":\"ImageObject\",\"inLanguage\":\"it-IT\",\"@id\":\"https:\\\/\\\/secure.gravatar.com\\\/avatar\\\/ac5001d2a36cb6c6cd3e50789007ffca834b477b74a2144564522e944eabff61?s=96&d=mm&r=g\",\"url\":\"https:\\\/\\\/secure.gravatar.com\\\/avatar\\\/ac5001d2a36cb6c6cd3e50789007ffca834b477b74a2144564522e944eabff61?s=96&d=mm&r=g\",\"contentUrl\":\"https:\\\/\\\/secure.gravatar.com\\\/avatar\\\/ac5001d2a36cb6c6cd3e50789007ffca834b477b74a2144564522e944eabff61?s=96&d=mm&r=g\",\"caption\":\"thomas.berner\"},\"url\":\"https:\\\/\\\/www.organisator.ch\\\/it\\\/author\\\/thomas-berner\\\/\"}]}<\/script>\n<!-- \/ Yoast SEO plugin. -->","yoast_head_json":{"title":"Come progredire nella carriera durante l'estate - Organizzatore","description":"Le vacanze servono per rilassarsi. Ma potete anche usarle per dare una spinta alla vostra carriera, soprattutto in estate.","robots":{"index":"index","follow":"follow","max-snippet":"max-snippet:-1","max-image-preview":"max-image-preview:large","max-video-preview":"max-video-preview:-1"},"canonical":"https:\/\/www.organisator.ch\/it\/risorse-umane\/2025-07-18\/so-bringen-sie-ihre-karriere-im-sommer-voran\/","og_locale":"it_IT","og_type":"article","og_title":"So bringen Sie Ihre Karriere im Sommer voran - Organisator","og_description":"Im Urlaub soll man sich erholen. Doch man kann ihn auch nutzen, um gerade im Sommer der eigenen Karriere neuen Schub zu geben.","og_url":"https:\/\/www.organisator.ch\/it\/risorse-umane\/2025-07-18\/so-bringen-sie-ihre-karriere-im-sommer-voran\/","og_site_name":"Organisator","article_publisher":"https:\/\/www.facebook.com\/OrganisatorFachmagazin","article_published_time":"2025-07-18T06:01:27+00:00","article_modified_time":"2025-09-09T06:34:40+00:00","og_image":[{"width":680,"height":419,"url":"https:\/\/www.organisator.ch\/wp-content\/uploads\/2025\/07\/So-bringen-Sie-Ihre-Karriere-im-Sommer-voran_Organisator.jpg","type":"image\/jpeg"}],"author":"thomas.berner","twitter_card":"summary_large_image","schema":{"@context":"https:\/\/schema.org","@graph":[{"@type":"Article","@id":"https:\/\/www.organisator.ch\/human-resources\/2025-07-18\/so-bringen-sie-ihre-karriere-im-sommer-voran\/#article","isPartOf":{"@id":"https:\/\/www.organisator.ch\/human-resources\/2025-07-18\/so-bringen-sie-ihre-karriere-im-sommer-voran\/"},"author":{"name":"thomas.berner","@id":"https:\/\/www.organisator.ch\/#\/schema\/person\/6f650f90b2842cd4c0cc334b4e36f67e"},"headline":"So bringen Sie Ihre Karriere im Sommer voran","datePublished":"2025-07-18T06:01:27+00:00","dateModified":"2025-09-09T06:34:40+00:00","mainEntityOfPage":{"@id":"https:\/\/www.organisator.ch\/human-resources\/2025-07-18\/so-bringen-sie-ihre-karriere-im-sommer-voran\/"},"wordCount":468,"publisher":{"@id":"https:\/\/www.organisator.ch\/#organization"},"image":{"@id":"https:\/\/www.organisator.ch\/human-resources\/2025-07-18\/so-bringen-sie-ihre-karriere-im-sommer-voran\/#primaryimage"},"thumbnailUrl":"https:\/\/www.organisator.ch\/wp-content\/uploads\/2025\/07\/So-bringen-Sie-Ihre-Karriere-im-Sommer-voran_Organisator.jpg","keywords":["Aus-\/Weiterbildung","Checklisten","HRM","Karriere Tipps"],"articleSection":["HUMAN RESOURCES"],"inLanguage":"it-IT"},{"@type":"WebPage","@id":"https:\/\/www.organisator.ch\/human-resources\/2025-07-18\/so-bringen-sie-ihre-karriere-im-sommer-voran\/","url":"https:\/\/www.organisator.ch\/human-resources\/2025-07-18\/so-bringen-sie-ihre-karriere-im-sommer-voran\/","name":"Come progredire nella carriera durante l'estate - Organizzatore","isPartOf":{"@id":"https:\/\/www.organisator.ch\/#website"},"primaryImageOfPage":{"@id":"https:\/\/www.organisator.ch\/human-resources\/2025-07-18\/so-bringen-sie-ihre-karriere-im-sommer-voran\/#primaryimage"},"image":{"@id":"https:\/\/www.organisator.ch\/human-resources\/2025-07-18\/so-bringen-sie-ihre-karriere-im-sommer-voran\/#primaryimage"},"thumbnailUrl":"https:\/\/www.organisator.ch\/wp-content\/uploads\/2025\/07\/So-bringen-Sie-Ihre-Karriere-im-Sommer-voran_Organisator.jpg","datePublished":"2025-07-18T06:01:27+00:00","dateModified":"2025-09-09T06:34:40+00:00","description":"Le vacanze servono per rilassarsi. Ma potete anche usarle per dare una spinta alla vostra carriera, soprattutto in estate.","breadcrumb":{"@id":"https:\/\/www.organisator.ch\/human-resources\/2025-07-18\/so-bringen-sie-ihre-karriere-im-sommer-voran\/#breadcrumb"},"inLanguage":"it-IT","potentialAction":[{"@type":"ReadAction","target":["https:\/\/www.organisator.ch\/human-resources\/2025-07-18\/so-bringen-sie-ihre-karriere-im-sommer-voran\/"]}]},{"@type":"ImageObject","inLanguage":"it-IT","@id":"https:\/\/www.organisator.ch\/human-resources\/2025-07-18\/so-bringen-sie-ihre-karriere-im-sommer-voran\/#primaryimage","url":"https:\/\/www.organisator.ch\/wp-content\/uploads\/2025\/07\/So-bringen-Sie-Ihre-Karriere-im-Sommer-voran_Organisator.jpg","contentUrl":"https:\/\/www.organisator.ch\/wp-content\/uploads\/2025\/07\/So-bringen-Sie-Ihre-Karriere-im-Sommer-voran_Organisator.jpg","width":680,"height":419,"caption":"Wie weiter mit der Karriere? Gerade im Sommer kann man sich gut Gedanken dar\u00fcber machen. (Bild: Gerd Altmann \/ Pixabay.com)"},{"@type":"BreadcrumbList","@id":"https:\/\/www.organisator.ch\/human-resources\/2025-07-18\/so-bringen-sie-ihre-karriere-im-sommer-voran\/#breadcrumb","itemListElement":[{"@type":"ListItem","position":1,"name":"Home","item":"https:\/\/www.organisator.ch\/"},{"@type":"ListItem","position":2,"name":"So bringen Sie Ihre Karriere im Sommer voran"}]},{"@type":"WebSite","@id":"https:\/\/www.organisator.ch\/#website","url":"https:\/\/www.organisator.ch\/","name":"Organizzatore","description":"Competente. Pratico. In 10 numeri all'anno, ORGANISATOR presenta i temi essenziali per i manager delle PMI.","publisher":{"@id":"https:\/\/www.organisator.ch\/#organization"},"potentialAction":[{"@type":"SearchAction","target":{"@type":"EntryPoint","urlTemplate":"https:\/\/www.organisator.ch\/?s={search_term_string}"},"query-input":{"@type":"PropertyValueSpecification","valueRequired":true,"valueName":"search_term_string"}}],"inLanguage":"it-IT"},{"@type":"Organization","@id":"https:\/\/www.organisator.ch\/#organization","name":"Organizzatore","url":"https:\/\/www.organisator.ch\/","logo":{"@type":"ImageObject","inLanguage":"it-IT","@id":"https:\/\/www.organisator.ch\/#\/schema\/logo\/image\/","url":"https:\/\/www.organisator.ch\/wp-content\/uploads\/2022\/01\/Logo_Organisator_Website.png","contentUrl":"https:\/\/www.organisator.ch\/wp-content\/uploads\/2022\/01\/Logo_Organisator_Website.png","width":800,"height":77,"caption":"Organisator"},"image":{"@id":"https:\/\/www.organisator.ch\/#\/schema\/logo\/image\/"},"sameAs":["https:\/\/www.facebook.com\/OrganisatorFachmagazin","https:\/\/www.linkedin.com\/showcase\/organisator-das-magazin-fr-kmu","https:\/\/www.xing.com\/news\/pages\/organisator-ch-695","https:\/\/www.youtube.com\/channel\/UCGP2Sq0iWaZwT3BdIAQFYpw"]},{"@type":"Person","@id":"https:\/\/www.organisator.ch\/#\/schema\/person\/6f650f90b2842cd4c0cc334b4e36f67e","name":"Tommaso.berner","image":{"@type":"ImageObject","inLanguage":"it-IT","@id":"https:\/\/secure.gravatar.com\/avatar\/ac5001d2a36cb6c6cd3e50789007ffca834b477b74a2144564522e944eabff61?s=96&d=mm&r=g","url":"https:\/\/secure.gravatar.com\/avatar\/ac5001d2a36cb6c6cd3e50789007ffca834b477b74a2144564522e944eabff61?s=96&d=mm&r=g","contentUrl":"https:\/\/secure.gravatar.com\/avatar\/ac5001d2a36cb6c6cd3e50789007ffca834b477b74a2144564522e944eabff61?s=96&d=mm&r=g","caption":"thomas.berner"},"url":"https:\/\/www.organisator.ch\/it\/author\/thomas-berner\/"}]}},"_links":{"self":[{"href":"https:\/\/www.organisator.ch\/it\/wp-json\/wp\/v2\/posts\/39564","targetHints":{"allow":["GET"]}}],"collection":[{"href":"https:\/\/www.organisator.ch\/it\/wp-json\/wp\/v2\/posts"}],"about":[{"href":"https:\/\/www.organisator.ch\/it\/wp-json\/wp\/v2\/types\/post"}],"author":[{"embeddable":true,"href":"https:\/\/www.organisator.ch\/it\/wp-json\/wp\/v2\/users\/4"}],"replies":[{"embeddable":true,"href":"https:\/\/www.organisator.ch\/it\/wp-json\/wp\/v2\/comments?post=39564"}],"version-history":[{"count":5,"href":"https:\/\/www.organisator.ch\/it\/wp-json\/wp\/v2\/posts\/39564\/revisions"}],"predecessor-version":[{"id":40468,"href":"https:\/\/www.organisator.ch\/it\/wp-json\/wp\/v2\/posts\/39564\/revisions\/40468"}],"wp:featuredmedia":[{"embeddable":true,"href":"https:\/\/www.organisator.ch\/it\/wp-json\/wp\/v2\/media\/39565"}],"wp:attachment":[{"href":"https:\/\/www.organisator.ch\/it\/wp-json\/wp\/v2\/media?parent=39564"}],"wp:term":[{"taxonomy":"category","embeddable":true,"href":"https:\/\/www.organisator.ch\/it\/wp-json\/wp\/v2\/categories?post=39564"},{"taxonomy":"post_tag","embeddable":true,"href":"https:\/\/www.organisator.ch\/it\/wp-json\/wp\/v2\/tags?post=39564"}],"curies":[{"name":"wp","href":"https:\/\/api.w.org\/{rel}","templated":true}]}}