{"id":39586,"date":"2025-07-14T15:51:35","date_gmt":"2025-07-14T13:51:35","guid":{"rendered":"https:\/\/www.m-q.ch\/?p=21757"},"modified":"2025-07-15T18:25:09","modified_gmt":"2025-07-15T16:25:09","slug":"helsana-gruppe-uebernimmt-softwareunternehmen-adcubum","status":"publish","type":"post","link":"https:\/\/www.organisator.ch\/it\/operational-excellence\/2025-07-14\/helsana-gruppe-uebernimmt-softwareunternehmen-adcubum\/","title":{"rendered":"Il gruppo Helsana acquisisce la societ\u00e0 di software Adcubum"},"content":{"rendered":"<figure id=\"attachment_21758\" class=\"wp-caption alignnone\" style=\"width: 680px;\" aria-describedby=\"caption-attachment-21758\"><img class=\"size-full wp-image-21758\" src=\"https:\/\/www.m-q.ch\/wp-content\/uploads\/2025\/07\/Helsana-Gruppe-uebernimmt-Softwareunternehmen-Adcubum_MQ.jpg\" sizes=\"(max-width: 680px) 100vw, 680px\" srcset=\"https:\/\/www.m-q.ch\/wp-content\/uploads\/2025\/07\/Helsana-Gruppe-uebernimmt-Softwareunternehmen-Adcubum_MQ.jpg 680w, https:\/\/www.m-q.ch\/wp-content\/uploads\/2025\/07\/Helsana-Gruppe-uebernimmt-Softwareunternehmen-Adcubum_MQ-18x10.jpg 18w, https:\/\/www.m-q.ch\/wp-content\/uploads\/2025\/07\/Helsana-Gruppe-uebernimmt-Softwareunternehmen-Adcubum_MQ-375x217.jpg 375w, https:\/\/www.m-q.ch\/wp-content\/uploads\/2025\/07\/Helsana-Gruppe-uebernimmt-Softwareunternehmen-Adcubum_MQ-606x350.jpg 606w\" alt=\"\" width=\"680\" height=\"393\" \/>\r\n<figcaption id=\"caption-attachment-21758\" class=\"wp-caption-text\">Il gruppo Helsana rileva il produttore di software assicurativo Adcubum. (Immagine: Helsana)<\/figcaption>\r\n<\/figure>\r\n<p>Il Gruppo Helsana rileva Adcubum AG, controllata in maggioranza dalla societ\u00e0 americana di private equity TA Associates. Adcubum sar\u00e0 assegnata alla holding del gruppo Helsana e rimarr\u00e0 un'azienda indipendente con sede a San Gallo. Tutti i contratti esistenti saranno rispettati. La gestione operativa rimarr\u00e0 nelle mani dell'attuale management e tutti i dipendenti saranno mantenuti. \"Con questo investimento Helsana intende mantenere e sviluppare ulteriormente il suo software stabile, efficiente e innovativo per l'assicurazione malattia\", afferma Roman Sonderegger, CEO di Helsana, spiegando l'acquisizione di Adcubum. \"Gli investimenti e le innovazioni mirate per il software andranno a beneficio di Helsana e di tutti gli assicuratori malattia e infortuni che lavorano con Adcubum. In definitiva, ne beneficeranno milioni di assicurati in tutta la Svizzera\".<\/p>\r\n<h3>Parit\u00e0 di trattamento tra tutti i clienti<\/h3>\r\n<p>In qualit\u00e0 di nuovo proprietario, Helsana promette che Adcubum continuer\u00e0 a operare come azienda indipendente. Per questo motivo, in futuro il nuovo Consiglio di amministrazione di Adcubum sar\u00e0 composto in maggioranza da persone indipendenti da Helsana, ha annunciato l'azienda. Adcubum si impegna inoltre a garantire a tutti i clienti un accesso paritario a prodotti e servizi a prezzi equi.<\/p>\r\n<p>La digitalizzazione e i sistemi informatici resistenti sono fondamentali in un'attivit\u00e0 di massa come quella assicurativa. Helsana e Adcubum collaborano strettamente da oltre un decennio. Secondo il comunicato, l'acquisizione va vista anche nel contesto dello sviluppo strategico di Helsana. L'acquisizione rafforza le competenze digitali e rappresenta un passo decisivo verso una maggiore efficienza e innovazione.<\/p>\r\n<h3>Adcubum con un proprietario svizzero orientato al lungo periodo e con chiare ambizioni<\/h3>\r\n<p>Con il principale assicuratore sanitario Helsana, Adcubum ha un proprietario svizzero con un obiettivo a lungo termine che \u00e8 anche un cliente importante. Questo crea ulteriori opportunit\u00e0 per tenere ancora pi\u00f9 in considerazione le esigenze degli assicuratori malattia e infortuni svizzeri in futuro e per implementare in modo efficiente i progetti di innovazione. Adcubum vuole svolgere un ruolo attivo nel plasmare la trasformazione digitale del settore sanitario ed espandere ulteriormente la sua posizione di fornitore leader di software assicurativo in questo settore. Grazie alla combinazione di competenze tecnologiche e ampio accesso alle conoscenze del settore, l'azienda continuer\u00e0 a concentrarsi su soluzioni innovative.<\/p>\r\n<h3>Nessun premio in denaro per l'acquisizione<\/h3>\r\n<p>L'acquisizione \u00e8 stata effettuata da Helsana Beteiligungen AG, una societ\u00e0 specializzata in investimenti nel settore sanitario. L'acquisto \u00e8 finanziato dalla holding (Helsana SA). L'attivit\u00e0 assicurativa non verr\u00e0 toccata e per l'acquisto di Adcubum non verr\u00e0 utilizzato il denaro dei premi. Le parti hanno concordato di non rivelare il prezzo di acquisto.<\/p>\r\n<p><em>Fonte: <a href=\"http:\/\/www.helsana.ch\/\">Helsana<\/a><\/em><\/p>\n<p class=\"syndicated-attribution\">Questo articolo \u00e8 apparso originariamente su m-q.ch - <a href=\"https:\/\/www.m-q.ch\/de\/helsana-gruppe-uebernimmt-softwareunternehmen-adcubum\/\" target=\"_blank\">https:\/\/www.m-q.ch\/de\/helsana-gruppe-uebernimmt-softwareunternehmen-adcubum\/<\/a><\/p>","protected":false},"excerpt":{"rendered":"<p>Il gruppo Helsana acquisisce Adcubum AG, il principale fornitore di software per l'assicurazione malattie e infortuni in Svizzera. Con l'acquisizione di Adcubum, Helsana si assicura la stabilit\u00e0 a lungo termine e l'ulteriore sviluppo di sistemi IT di importanza centrale per Helsana e per l'intero settore.<\/p>","protected":false},"author":8,"featured_media":0,"comment_status":"closed","ping_status":"closed","sticky":false,"template":"","format":"standard","meta":{"_acf_changed":false,"_yoast_wpseo_focuskw":"Helsana Gruppe","_yoast_wpseo_metadesc":"Die Helsana Gruppe \u00fcbernimmt das Softwareunternehmen Adcubum, ein Spezialist f\u00fcr Kranken- und Unfallversicherungssoftware.","articlekey":"","footnotes":""},"categories":[582],"tags":[586,287,492,511],"class_list":["post-39586","post","type-post","status-publish","format-standard","hentry","category-operational-excellence","tag-allgemein","tag-itbusiness-software","tag-unternehmen","tag-versicherungen"],"acf":[],"yoast_head":"<!-- This site is optimized with the Yoast SEO plugin v27.5 - https:\/\/yoast.com\/product\/yoast-seo-wordpress\/ -->\n<title>Helsana Gruppe \u00fcbernimmt Softwareunternehmen Adcubum - Organisator<\/title>\n<meta name=\"description\" content=\"Die Helsana Gruppe \u00fcbernimmt das Softwareunternehmen Adcubum, ein Spezialist f\u00fcr Kranken- und Unfallversicherungssoftware.\" \/>\n<meta name=\"robots\" content=\"index, follow, max-snippet:-1, max-image-preview:large, max-video-preview:-1\" \/>\n<link rel=\"canonical\" href=\"https:\/\/www.organisator.ch\/it\/eccellenza-operativa\/2025-07-14\/helsana-gruppe-uebernimmt-softwareunternehmen-adcubum\/\" \/>\n<meta property=\"og:locale\" content=\"it_IT\" \/>\n<meta property=\"og:type\" content=\"article\" \/>\n<meta property=\"og:title\" content=\"Helsana Gruppe \u00fcbernimmt Softwareunternehmen Adcubum - Organisator\" \/>\n<meta property=\"og:description\" content=\"Die Helsana Gruppe \u00fcbernimmt das Softwareunternehmen Adcubum, ein Spezialist f\u00fcr Kranken- und Unfallversicherungssoftware.\" \/>\n<meta property=\"og:url\" content=\"https:\/\/www.organisator.ch\/it\/eccellenza-operativa\/2025-07-14\/helsana-gruppe-uebernimmt-softwareunternehmen-adcubum\/\" \/>\n<meta property=\"og:site_name\" content=\"Organisator\" \/>\n<meta property=\"article:publisher\" content=\"https:\/\/www.facebook.com\/OrganisatorFachmagazin\" \/>\n<meta property=\"article:published_time\" content=\"2025-07-14T13:51:35+00:00\" \/>\n<meta property=\"article:modified_time\" content=\"2025-07-15T16:25:09+00:00\" \/>\n<meta name=\"author\" content=\"galledia\" \/>\n<meta name=\"twitter:card\" content=\"summary_large_image\" \/>\n<meta name=\"twitter:creator\" content=\"@admin\" \/>\n<script type=\"application\/ld+json\" class=\"yoast-schema-graph\">{\"@context\":\"https:\\\/\\\/schema.org\",\"@graph\":[{\"@type\":\"Article\",\"@id\":\"https:\\\/\\\/www.organisator.ch\\\/operational-excellence\\\/2025-07-14\\\/helsana-gruppe-uebernimmt-softwareunternehmen-adcubum\\\/#article\",\"isPartOf\":{\"@id\":\"https:\\\/\\\/www.organisator.ch\\\/operational-excellence\\\/2025-07-14\\\/helsana-gruppe-uebernimmt-softwareunternehmen-adcubum\\\/\"},\"author\":{\"name\":\"galledia\",\"@id\":\"https:\\\/\\\/www.organisator.ch\\\/#\\\/schema\\\/person\\\/4e51799071cd2dd1232ac003643ef5f0\"},\"headline\":\"Helsana Gruppe \u00fcbernimmt Softwareunternehmen Adcubum\",\"datePublished\":\"2025-07-14T13:51:35+00:00\",\"dateModified\":\"2025-07-15T16:25:09+00:00\",\"mainEntityOfPage\":{\"@id\":\"https:\\\/\\\/www.organisator.ch\\\/operational-excellence\\\/2025-07-14\\\/helsana-gruppe-uebernimmt-softwareunternehmen-adcubum\\\/\"},\"wordCount\":404,\"publisher\":{\"@id\":\"https:\\\/\\\/www.organisator.ch\\\/#organization\"},\"image\":{\"@id\":\"https:\\\/\\\/www.organisator.ch\\\/operational-excellence\\\/2025-07-14\\\/helsana-gruppe-uebernimmt-softwareunternehmen-adcubum\\\/#primaryimage\"},\"thumbnailUrl\":\"https:\\\/\\\/www.m-q.ch\\\/wp-content\\\/uploads\\\/2025\\\/07\\\/Helsana-Gruppe-uebernimmt-Softwareunternehmen-Adcubum_MQ.jpg\",\"keywords\":[\"Allgemein\",\"IT\u2009&amp;\u2009Business Software\",\"Unternehmen\",\"Versicherungen\"],\"articleSection\":[\"OPERATIONAL EXCELLENCE\"],\"inLanguage\":\"it-IT\"},{\"@type\":\"WebPage\",\"@id\":\"https:\\\/\\\/www.organisator.ch\\\/operational-excellence\\\/2025-07-14\\\/helsana-gruppe-uebernimmt-softwareunternehmen-adcubum\\\/\",\"url\":\"https:\\\/\\\/www.organisator.ch\\\/operational-excellence\\\/2025-07-14\\\/helsana-gruppe-uebernimmt-softwareunternehmen-adcubum\\\/\",\"name\":\"Helsana Gruppe \u00fcbernimmt Softwareunternehmen Adcubum - Organisator\",\"isPartOf\":{\"@id\":\"https:\\\/\\\/www.organisator.ch\\\/#website\"},\"primaryImageOfPage\":{\"@id\":\"https:\\\/\\\/www.organisator.ch\\\/operational-excellence\\\/2025-07-14\\\/helsana-gruppe-uebernimmt-softwareunternehmen-adcubum\\\/#primaryimage\"},\"image\":{\"@id\":\"https:\\\/\\\/www.organisator.ch\\\/operational-excellence\\\/2025-07-14\\\/helsana-gruppe-uebernimmt-softwareunternehmen-adcubum\\\/#primaryimage\"},\"thumbnailUrl\":\"https:\\\/\\\/www.m-q.ch\\\/wp-content\\\/uploads\\\/2025\\\/07\\\/Helsana-Gruppe-uebernimmt-Softwareunternehmen-Adcubum_MQ.jpg\",\"datePublished\":\"2025-07-14T13:51:35+00:00\",\"dateModified\":\"2025-07-15T16:25:09+00:00\",\"description\":\"Die Helsana Gruppe \u00fcbernimmt das Softwareunternehmen Adcubum, ein Spezialist f\u00fcr Kranken- und Unfallversicherungssoftware.\",\"breadcrumb\":{\"@id\":\"https:\\\/\\\/www.organisator.ch\\\/operational-excellence\\\/2025-07-14\\\/helsana-gruppe-uebernimmt-softwareunternehmen-adcubum\\\/#breadcrumb\"},\"inLanguage\":\"it-IT\",\"potentialAction\":[{\"@type\":\"ReadAction\",\"target\":[\"https:\\\/\\\/www.organisator.ch\\\/operational-excellence\\\/2025-07-14\\\/helsana-gruppe-uebernimmt-softwareunternehmen-adcubum\\\/\"]}]},{\"@type\":\"ImageObject\",\"inLanguage\":\"it-IT\",\"@id\":\"https:\\\/\\\/www.organisator.ch\\\/operational-excellence\\\/2025-07-14\\\/helsana-gruppe-uebernimmt-softwareunternehmen-adcubum\\\/#primaryimage\",\"url\":\"https:\\\/\\\/www.m-q.ch\\\/wp-content\\\/uploads\\\/2025\\\/07\\\/Helsana-Gruppe-uebernimmt-Softwareunternehmen-Adcubum_MQ.jpg\",\"contentUrl\":\"https:\\\/\\\/www.m-q.ch\\\/wp-content\\\/uploads\\\/2025\\\/07\\\/Helsana-Gruppe-uebernimmt-Softwareunternehmen-Adcubum_MQ.jpg\"},{\"@type\":\"BreadcrumbList\",\"@id\":\"https:\\\/\\\/www.organisator.ch\\\/operational-excellence\\\/2025-07-14\\\/helsana-gruppe-uebernimmt-softwareunternehmen-adcubum\\\/#breadcrumb\",\"itemListElement\":[{\"@type\":\"ListItem\",\"position\":1,\"name\":\"Home\",\"item\":\"https:\\\/\\\/www.organisator.ch\\\/\"},{\"@type\":\"ListItem\",\"position\":2,\"name\":\"Helsana Gruppe \u00fcbernimmt Softwareunternehmen Adcubum\"}]},{\"@type\":\"WebSite\",\"@id\":\"https:\\\/\\\/www.organisator.ch\\\/#website\",\"url\":\"https:\\\/\\\/www.organisator.ch\\\/\",\"name\":\"Organisator\",\"description\":\"Kompetent. Praxisnah. Der ORGANISATOR bereitet in 10 Ausgaben pro Jahr die wesentlichen Themen f\u00fcr F\u00fchrungskr\u00e4fte von KMU auf.\",\"publisher\":{\"@id\":\"https:\\\/\\\/www.organisator.ch\\\/#organization\"},\"potentialAction\":[{\"@type\":\"SearchAction\",\"target\":{\"@type\":\"EntryPoint\",\"urlTemplate\":\"https:\\\/\\\/www.organisator.ch\\\/?s={search_term_string}\"},\"query-input\":{\"@type\":\"PropertyValueSpecification\",\"valueRequired\":true,\"valueName\":\"search_term_string\"}}],\"inLanguage\":\"it-IT\"},{\"@type\":\"Organization\",\"@id\":\"https:\\\/\\\/www.organisator.ch\\\/#organization\",\"name\":\"Organisator\",\"url\":\"https:\\\/\\\/www.organisator.ch\\\/\",\"logo\":{\"@type\":\"ImageObject\",\"inLanguage\":\"it-IT\",\"@id\":\"https:\\\/\\\/www.organisator.ch\\\/#\\\/schema\\\/logo\\\/image\\\/\",\"url\":\"https:\\\/\\\/www.organisator.ch\\\/wp-content\\\/uploads\\\/2022\\\/01\\\/Logo_Organisator_Website.png\",\"contentUrl\":\"https:\\\/\\\/www.organisator.ch\\\/wp-content\\\/uploads\\\/2022\\\/01\\\/Logo_Organisator_Website.png\",\"width\":800,\"height\":77,\"caption\":\"Organisator\"},\"image\":{\"@id\":\"https:\\\/\\\/www.organisator.ch\\\/#\\\/schema\\\/logo\\\/image\\\/\"},\"sameAs\":[\"https:\\\/\\\/www.facebook.com\\\/OrganisatorFachmagazin\",\"https:\\\/\\\/www.linkedin.com\\\/showcase\\\/organisator-das-magazin-fr-kmu\",\"https:\\\/\\\/www.xing.com\\\/news\\\/pages\\\/organisator-ch-695\",\"https:\\\/\\\/www.youtube.com\\\/channel\\\/UCGP2Sq0iWaZwT3BdIAQFYpw\"]},{\"@type\":\"Person\",\"@id\":\"https:\\\/\\\/www.organisator.ch\\\/#\\\/schema\\\/person\\\/4e51799071cd2dd1232ac003643ef5f0\",\"name\":\"galledia\",\"image\":{\"@type\":\"ImageObject\",\"inLanguage\":\"it-IT\",\"@id\":\"https:\\\/\\\/secure.gravatar.com\\\/avatar\\\/78a7f90c01fc2bfc875782a0d4922b37cde2cf184ce347b91316d23cd7f69a36?s=96&d=mm&r=g\",\"url\":\"https:\\\/\\\/secure.gravatar.com\\\/avatar\\\/78a7f90c01fc2bfc875782a0d4922b37cde2cf184ce347b91316d23cd7f69a36?s=96&d=mm&r=g\",\"contentUrl\":\"https:\\\/\\\/secure.gravatar.com\\\/avatar\\\/78a7f90c01fc2bfc875782a0d4922b37cde2cf184ce347b91316d23cd7f69a36?s=96&d=mm&r=g\",\"caption\":\"galledia\"},\"sameAs\":[\"https:\\\/\\\/x.com\\\/admin\"],\"url\":\"https:\\\/\\\/www.organisator.ch\\\/it\\\/author\\\/galledia\\\/\"}]}<\/script>\n<!-- \/ Yoast SEO plugin. -->","yoast_head_json":{"title":"Il gruppo Helsana acquisisce la societ\u00e0 di software Adcubum - Organizzatore","description":"Il Gruppo Helsana acquisisce la societ\u00e0 di software Adcubum, specializzata in software per l'assicurazione malattia e infortuni.","robots":{"index":"index","follow":"follow","max-snippet":"max-snippet:-1","max-image-preview":"max-image-preview:large","max-video-preview":"max-video-preview:-1"},"canonical":"https:\/\/www.organisator.ch\/it\/eccellenza-operativa\/2025-07-14\/helsana-gruppe-uebernimmt-softwareunternehmen-adcubum\/","og_locale":"it_IT","og_type":"article","og_title":"Helsana Gruppe \u00fcbernimmt Softwareunternehmen Adcubum - Organisator","og_description":"Die Helsana Gruppe \u00fcbernimmt das Softwareunternehmen Adcubum, ein Spezialist f\u00fcr Kranken- und Unfallversicherungssoftware.","og_url":"https:\/\/www.organisator.ch\/it\/eccellenza-operativa\/2025-07-14\/helsana-gruppe-uebernimmt-softwareunternehmen-adcubum\/","og_site_name":"Organisator","article_publisher":"https:\/\/www.facebook.com\/OrganisatorFachmagazin","article_published_time":"2025-07-14T13:51:35+00:00","article_modified_time":"2025-07-15T16:25:09+00:00","author":"galledia","twitter_card":"summary_large_image","twitter_creator":"@admin","schema":{"@context":"https:\/\/schema.org","@graph":[{"@type":"Article","@id":"https:\/\/www.organisator.ch\/operational-excellence\/2025-07-14\/helsana-gruppe-uebernimmt-softwareunternehmen-adcubum\/#article","isPartOf":{"@id":"https:\/\/www.organisator.ch\/operational-excellence\/2025-07-14\/helsana-gruppe-uebernimmt-softwareunternehmen-adcubum\/"},"author":{"name":"galledia","@id":"https:\/\/www.organisator.ch\/#\/schema\/person\/4e51799071cd2dd1232ac003643ef5f0"},"headline":"Helsana Gruppe \u00fcbernimmt Softwareunternehmen Adcubum","datePublished":"2025-07-14T13:51:35+00:00","dateModified":"2025-07-15T16:25:09+00:00","mainEntityOfPage":{"@id":"https:\/\/www.organisator.ch\/operational-excellence\/2025-07-14\/helsana-gruppe-uebernimmt-softwareunternehmen-adcubum\/"},"wordCount":404,"publisher":{"@id":"https:\/\/www.organisator.ch\/#organization"},"image":{"@id":"https:\/\/www.organisator.ch\/operational-excellence\/2025-07-14\/helsana-gruppe-uebernimmt-softwareunternehmen-adcubum\/#primaryimage"},"thumbnailUrl":"https:\/\/www.m-q.ch\/wp-content\/uploads\/2025\/07\/Helsana-Gruppe-uebernimmt-Softwareunternehmen-Adcubum_MQ.jpg","keywords":["Allgemein","IT\u2009&amp;\u2009Business Software","Unternehmen","Versicherungen"],"articleSection":["OPERATIONAL EXCELLENCE"],"inLanguage":"it-IT"},{"@type":"WebPage","@id":"https:\/\/www.organisator.ch\/operational-excellence\/2025-07-14\/helsana-gruppe-uebernimmt-softwareunternehmen-adcubum\/","url":"https:\/\/www.organisator.ch\/operational-excellence\/2025-07-14\/helsana-gruppe-uebernimmt-softwareunternehmen-adcubum\/","name":"Il gruppo Helsana acquisisce la societ\u00e0 di software Adcubum - Organizzatore","isPartOf":{"@id":"https:\/\/www.organisator.ch\/#website"},"primaryImageOfPage":{"@id":"https:\/\/www.organisator.ch\/operational-excellence\/2025-07-14\/helsana-gruppe-uebernimmt-softwareunternehmen-adcubum\/#primaryimage"},"image":{"@id":"https:\/\/www.organisator.ch\/operational-excellence\/2025-07-14\/helsana-gruppe-uebernimmt-softwareunternehmen-adcubum\/#primaryimage"},"thumbnailUrl":"https:\/\/www.m-q.ch\/wp-content\/uploads\/2025\/07\/Helsana-Gruppe-uebernimmt-Softwareunternehmen-Adcubum_MQ.jpg","datePublished":"2025-07-14T13:51:35+00:00","dateModified":"2025-07-15T16:25:09+00:00","description":"Il Gruppo Helsana acquisisce la societ\u00e0 di software Adcubum, specializzata in software per l'assicurazione malattia e infortuni.","breadcrumb":{"@id":"https:\/\/www.organisator.ch\/operational-excellence\/2025-07-14\/helsana-gruppe-uebernimmt-softwareunternehmen-adcubum\/#breadcrumb"},"inLanguage":"it-IT","potentialAction":[{"@type":"ReadAction","target":["https:\/\/www.organisator.ch\/operational-excellence\/2025-07-14\/helsana-gruppe-uebernimmt-softwareunternehmen-adcubum\/"]}]},{"@type":"ImageObject","inLanguage":"it-IT","@id":"https:\/\/www.organisator.ch\/operational-excellence\/2025-07-14\/helsana-gruppe-uebernimmt-softwareunternehmen-adcubum\/#primaryimage","url":"https:\/\/www.m-q.ch\/wp-content\/uploads\/2025\/07\/Helsana-Gruppe-uebernimmt-Softwareunternehmen-Adcubum_MQ.jpg","contentUrl":"https:\/\/www.m-q.ch\/wp-content\/uploads\/2025\/07\/Helsana-Gruppe-uebernimmt-Softwareunternehmen-Adcubum_MQ.jpg"},{"@type":"BreadcrumbList","@id":"https:\/\/www.organisator.ch\/operational-excellence\/2025-07-14\/helsana-gruppe-uebernimmt-softwareunternehmen-adcubum\/#breadcrumb","itemListElement":[{"@type":"ListItem","position":1,"name":"Home","item":"https:\/\/www.organisator.ch\/"},{"@type":"ListItem","position":2,"name":"Helsana Gruppe \u00fcbernimmt Softwareunternehmen Adcubum"}]},{"@type":"WebSite","@id":"https:\/\/www.organisator.ch\/#website","url":"https:\/\/www.organisator.ch\/","name":"Organizzatore","description":"Competente. Pratico. In 10 numeri all'anno, ORGANISATOR presenta i temi essenziali per i manager delle PMI.","publisher":{"@id":"https:\/\/www.organisator.ch\/#organization"},"potentialAction":[{"@type":"SearchAction","target":{"@type":"EntryPoint","urlTemplate":"https:\/\/www.organisator.ch\/?s={search_term_string}"},"query-input":{"@type":"PropertyValueSpecification","valueRequired":true,"valueName":"search_term_string"}}],"inLanguage":"it-IT"},{"@type":"Organization","@id":"https:\/\/www.organisator.ch\/#organization","name":"Organizzatore","url":"https:\/\/www.organisator.ch\/","logo":{"@type":"ImageObject","inLanguage":"it-IT","@id":"https:\/\/www.organisator.ch\/#\/schema\/logo\/image\/","url":"https:\/\/www.organisator.ch\/wp-content\/uploads\/2022\/01\/Logo_Organisator_Website.png","contentUrl":"https:\/\/www.organisator.ch\/wp-content\/uploads\/2022\/01\/Logo_Organisator_Website.png","width":800,"height":77,"caption":"Organisator"},"image":{"@id":"https:\/\/www.organisator.ch\/#\/schema\/logo\/image\/"},"sameAs":["https:\/\/www.facebook.com\/OrganisatorFachmagazin","https:\/\/www.linkedin.com\/showcase\/organisator-das-magazin-fr-kmu","https:\/\/www.xing.com\/news\/pages\/organisator-ch-695","https:\/\/www.youtube.com\/channel\/UCGP2Sq0iWaZwT3BdIAQFYpw"]},{"@type":"Person","@id":"https:\/\/www.organisator.ch\/#\/schema\/person\/4e51799071cd2dd1232ac003643ef5f0","name":"galledia","image":{"@type":"ImageObject","inLanguage":"it-IT","@id":"https:\/\/secure.gravatar.com\/avatar\/78a7f90c01fc2bfc875782a0d4922b37cde2cf184ce347b91316d23cd7f69a36?s=96&d=mm&r=g","url":"https:\/\/secure.gravatar.com\/avatar\/78a7f90c01fc2bfc875782a0d4922b37cde2cf184ce347b91316d23cd7f69a36?s=96&d=mm&r=g","contentUrl":"https:\/\/secure.gravatar.com\/avatar\/78a7f90c01fc2bfc875782a0d4922b37cde2cf184ce347b91316d23cd7f69a36?s=96&d=mm&r=g","caption":"galledia"},"sameAs":["https:\/\/x.com\/admin"],"url":"https:\/\/www.organisator.ch\/it\/author\/galledia\/"}]}},"_links":{"self":[{"href":"https:\/\/www.organisator.ch\/it\/wp-json\/wp\/v2\/posts\/39586","targetHints":{"allow":["GET"]}}],"collection":[{"href":"https:\/\/www.organisator.ch\/it\/wp-json\/wp\/v2\/posts"}],"about":[{"href":"https:\/\/www.organisator.ch\/it\/wp-json\/wp\/v2\/types\/post"}],"author":[{"embeddable":true,"href":"https:\/\/www.organisator.ch\/it\/wp-json\/wp\/v2\/users\/8"}],"replies":[{"embeddable":true,"href":"https:\/\/www.organisator.ch\/it\/wp-json\/wp\/v2\/comments?post=39586"}],"version-history":[{"count":6,"href":"https:\/\/www.organisator.ch\/it\/wp-json\/wp\/v2\/posts\/39586\/revisions"}],"predecessor-version":[{"id":39597,"href":"https:\/\/www.organisator.ch\/it\/wp-json\/wp\/v2\/posts\/39586\/revisions\/39597"}],"wp:attachment":[{"href":"https:\/\/www.organisator.ch\/it\/wp-json\/wp\/v2\/media?parent=39586"}],"wp:term":[{"taxonomy":"category","embeddable":true,"href":"https:\/\/www.organisator.ch\/it\/wp-json\/wp\/v2\/categories?post=39586"},{"taxonomy":"post_tag","embeddable":true,"href":"https:\/\/www.organisator.ch\/it\/wp-json\/wp\/v2\/tags?post=39586"}],"curies":[{"name":"wp","href":"https:\/\/api.w.org\/{rel}","templated":true}]}}