{"id":39602,"date":"2025-07-17T06:10:02","date_gmt":"2025-07-17T04:10:02","guid":{"rendered":"https:\/\/www.organisator.ch\/?p=39602"},"modified":"2025-07-16T10:10:13","modified_gmt":"2025-07-16T08:10:13","slug":"deloitte-schweiz-erhaelt-ecovadis-platin-fuer-nachhaltigkeit","status":"publish","type":"post","link":"https:\/\/www.organisator.ch\/it\/sustainability\/2025-07-17\/deloitte-schweiz-erhaelt-ecovadis-platin-fuer-nachhaltigkeit\/","title":{"rendered":"Deloitte Svizzera riceve il Platino EcoVadis per la sostenibilit\u00e0"},"content":{"rendered":"<figure id=\"attachment_39604\" aria-describedby=\"caption-attachment-39604\" style=\"width: 680px\" class=\"wp-caption alignnone\"><img loading=\"lazy\" decoding=\"async\" class=\"size-full wp-image-39604\" src=\"https:\/\/www.organisator.ch\/wp-content\/uploads\/2025\/07\/Deloitte_Bild1_ps.jpg\" alt=\"\" width=\"680\" height=\"465\" srcset=\"https:\/\/www.organisator.ch\/wp-content\/uploads\/2025\/07\/Deloitte_Bild1_ps.jpg 680w, https:\/\/www.organisator.ch\/wp-content\/uploads\/2025\/07\/Deloitte_Bild1_ps-18x12.jpg 18w, https:\/\/www.organisator.ch\/wp-content\/uploads\/2025\/07\/Deloitte_Bild1_ps-375x256.jpg 375w, https:\/\/www.organisator.ch\/wp-content\/uploads\/2025\/07\/Deloitte_Bild1_ps-512x350.jpg 512w\" sizes=\"auto, (max-width: 680px) 100vw, 680px\" \/><figcaption id=\"caption-attachment-39604\" class=\"wp-caption-text\">La medaglia di platino EcoVadis ha un valore aggiunto concreto per i clienti e per la posizione di mercato di Deloitte Svizzera. (Immagine: www.depositphotos.com)<\/figcaption><\/figure>\n<p>Negli ultimi anni, Deloitte Svizzera ha integrato le pratiche sostenibili in tutte le aree di business e fornisce un supporto significativo ai propri clienti nel raggiungimento dei loro obiettivi di sostenibilit\u00e0. Ci\u00f2 si riflette anche nel miglioramento di 16 punti rispetto all'ultima valutazione.<\/p>\n<p>EcoVadis \u00e8 il fornitore di rating di sostenibilit\u00e0 pi\u00f9 riconosciuto al mondo e valuta le aziende in quattro aree chiave: ambiente, lavoro e diritti umani, etica e acquisti sostenibili. Deloitte ha ricevuto la medaglia di platino anche grazie a un programma aziendale di rafforzamento della governance e della trasparenza ESG, al continuo sviluppo del reporting di sostenibilit\u00e0 e all'introduzione di una politica di approvvigionamento pi\u00f9 rigorosa.<\/p>\n<h3><strong>Valore aggiunto per i clienti <\/strong><\/h3>\n<p>\"L'assegnazione della Medaglia di Platino EcoVadis \u00e8 un riconoscimento del nostro approccio globale alla sostenibilit\u00e0 e del nostro impegno per il futuro\", afferma Liza Engel, Chief Sustainability Officer di Deloitte Svizzera. \"In qualit\u00e0 di societ\u00e0 di consulenza riconosciuta, ci impegniamo a dare l'esempio e a promuovere pratiche aziendali sostenibili. Il riconoscimento di EcoVadis rafforza la nostra credibilit\u00e0 e la nostra capacit\u00e0 di sostenere le aziende nel loro impegno per la sostenibilit\u00e0. Dimostra inoltre che una forte attenzione alla sostenibilit\u00e0 e il successo finanziario vanno di pari passo. Siamo determinati a utilizzare questa piattaforma per avere un impatto ancora maggiore - per i nostri clienti, i nostri dipendenti, l'economia e la societ\u00e0\".<\/p>\n<p>La medaglia di platino di EcoVadis ha un valore aggiunto concreto per i clienti e la posizione di mercato di Deloitte Svizzera. Le aziende chiedono spesso di poter accedere ai dati EcoVadis di Deloitte Svizzera per valutare la propria catena di fornitura. Questo dimostra che per le organizzazioni \u00e8 sempre pi\u00f9 importante lavorare con societ\u00e0 di consulenza che assumono un ruolo di leadership misurabile nella sostenibilit\u00e0.<\/p>\n<h3><strong>Integrazione di processi sostenibili in tutte le aree aziendali <\/strong><\/h3>\n<p>L'impegno di Deloitte Svizzera per le pratiche commerciali sostenibili si riversa direttamente nei servizi offerti ai clienti attraverso il proprio \"Sustainable Delivery Framework\". Questo toolkit completo consente a Deloitte di integrare gli aspetti della sostenibilit\u00e0 in tutte le relazioni con i clienti, dal calcolo delle emissioni di CO\u2082 per i viaggi di lavoro all'implementazione dei progetti. Tra le altre cose, il framework include un sofisticato calcolatore delle emissioni di viaggio per l'intero corso di un progetto del cliente.<\/p>\n<p>L'impegno per la sostenibilit\u00e0 \u00e8 favorito da reti interne che promuovono il Sustainable Delivery Framework e incoraggiano i dipendenti di tutta l'organizzazione a promuovere pratiche sostenibili sia all'interno che presso le aziende clienti. Numerosi professionisti lavorano oggi a progetti di sostenibilit\u00e0 per i nostri clienti, un'area di attivit\u00e0 in rapida crescita che testimonia la popolarit\u00e0 dell'approccio integrato di Deloitte Svizzera alla trasformazione sostenibile del business.<\/p>\n<h3><strong>Impegno esemplare per l'ambiente e le questioni sociali <\/strong><\/h3>\n<p>I risultati di Deloitte Svizzera in termini di sostenibilit\u00e0 vanno oltre il premio EcoVadis. L'azienda dimostra il suo impegno per la protezione del clima con la sua Strategia Mondiale per il Clima e l'obiettivo di zero emissioni entro il 2040. Questi obiettivi sono stati rivisti dalla Science-Based Targets Initiative (SBTI) nel settembre 2024 e sono in linea con quelli previsti dall'Accordo di Parigi per limitare il riscaldamento globale a 1,5 \u00b0C.<\/p>\n<p>L'azienda svizzera ha ridotto significativamente le proprie emissioni lorde di carbonio per equivalente tempo pieno rispetto al 2019. Dal 2017, il 100% dell'elettricit\u00e0 per tutti gli uffici proviene da fonti di energia rinnovabili. L'azienda ha ricevuto la certificazione LEED Gold per la sede centrale di Zurigo, \u00e8 certificata secondo lo standard di gestione ambientale ISO 14001 e sta contribuendo a ridurre ulteriormente le emissioni Scope 3 sostenendo il pendolarismo sostenibile.<\/p>\n<p>L'impegno dell'azienda verso pratiche commerciali responsabili \u00e8 testimoniato anche dal sigillo di approvazione \"We Pay Fair\" dell'Universit\u00e0 di San Gallo, dal marchio svizzero LGBTI e da iniziative complete per promuovere la diversit\u00e0 e l'inclusione nella forza lavoro, che comprende pi\u00f9 di 70 nazionalit\u00e0 e il 45% di donne.<\/p>\n<p><em>Fonte: <a href=\"http:\/\/www.deloitte.com\">www.deloitte.com<\/a><\/em><\/p>","protected":false},"excerpt":{"rendered":"<p>Deloitte Svizzera ha ricevuto la prestigiosa medaglia di platino EcoVadis. Ci\u00f2 conferma l'eccezionale performance di sostenibilit\u00e0 dell'azienda.<\/p>","protected":false},"author":58,"featured_media":39604,"comment_status":"closed","ping_status":"closed","sticky":false,"template":"","format":"standard","meta":{"_acf_changed":false,"_yoast_wpseo_focuskw":"EcoVadis-Platinmedaille","_yoast_wpseo_metadesc":"Deloitte Schweiz ist mit der prestigetr\u00e4chtigen EcoVadis-Platinmedaille ausgezeichnet worden. Das best\u00e4tigt die hervorragende Nachhaltigkeitsleistung des Unternehmens.","articlekey":"","footnotes":""},"categories":[580],"tags":[928,1787,4575,2351,492],"class_list":["post-39602","post","type-post","status-publish","format-standard","has-post-thumbnail","hentry","category-sustainability","tag-co2","tag-nachhaltigkeit","tag-platin-auszeichnung","tag-umwelt","tag-unternehmen"],"acf":[],"yoast_head":"<!-- This site is optimized with the Yoast SEO plugin v27.4 - https:\/\/yoast.com\/product\/yoast-seo-wordpress\/ -->\n<title>Deloitte Schweiz erh\u00e4lt EcoVadis-Platin f\u00fcr Nachhaltigkeit - Organisator<\/title>\n<meta name=\"description\" content=\"Deloitte Schweiz ist mit der prestigetr\u00e4chtigen EcoVadis-Platinmedaille ausgezeichnet worden. Das best\u00e4tigt die hervorragende Nachhaltigkeitsleistung des Unternehmens.\" \/>\n<meta name=\"robots\" content=\"index, follow, max-snippet:-1, max-image-preview:large, max-video-preview:-1\" \/>\n<link rel=\"canonical\" href=\"https:\/\/www.organisator.ch\/it\/sostenibilita\/2025-07-17\/deloitte-schweiz-erhaelt-ecovadis-platin-fuer-nachhaltigkeit\/\" \/>\n<meta property=\"og:locale\" content=\"it_IT\" \/>\n<meta property=\"og:type\" content=\"article\" \/>\n<meta property=\"og:title\" content=\"Deloitte Schweiz erh\u00e4lt EcoVadis-Platin f\u00fcr Nachhaltigkeit\" \/>\n<meta property=\"og:description\" content=\"Deloitte Schweiz ist mit der prestigetr\u00e4chtigen EcoVadis-Platinmedaille ausgezeichnet worden. Das best\u00e4tigt die hervorragende Nachhaltigkeitsleistung des Unternehmens.\" \/>\n<meta property=\"og:url\" content=\"https:\/\/www.organisator.ch\/it\/sostenibilita\/2025-07-17\/deloitte-schweiz-erhaelt-ecovadis-platin-fuer-nachhaltigkeit\/\" \/>\n<meta property=\"og:site_name\" content=\"Organisator\" \/>\n<meta property=\"article:publisher\" content=\"https:\/\/www.facebook.com\/OrganisatorFachmagazin\" \/>\n<meta property=\"article:published_time\" content=\"2025-07-17T04:10:02+00:00\" \/>\n<meta property=\"og:image\" content=\"https:\/\/www.organisator.ch\/wp-content\/uploads\/2025\/07\/Deloitte_Bild1_ps.jpg\" \/>\n\t<meta property=\"og:image:width\" content=\"680\" \/>\n\t<meta property=\"og:image:height\" content=\"465\" \/>\n\t<meta property=\"og:image:type\" content=\"image\/jpeg\" \/>\n<meta name=\"author\" content=\"Adelisa Kalajdzini\" \/>\n<meta name=\"twitter:card\" content=\"summary_large_image\" \/>\n<meta name=\"twitter:title\" content=\"Deloitte Schweiz erh\u00e4lt EcoVadis-Platin f\u00fcr Nachhaltigkeit\" \/>\n<meta name=\"twitter:description\" content=\"#Deloitte #Schweiz ist mit der prestigetr\u00e4chtigen #EcoVadis-Platinmedaille ausgezeichnet worden. Das best\u00e4tigt die hervorragende #Nachhaltigkeitsleistung des Unternehmens.\" \/>\n<meta name=\"twitter:image\" content=\"https:\/\/www.organisator.ch\/wp-content\/uploads\/2025\/07\/Deloitte_Bild1_ps.jpg\" \/>\n<script type=\"application\/ld+json\" class=\"yoast-schema-graph\">{\"@context\":\"https:\\\/\\\/schema.org\",\"@graph\":[{\"@type\":\"Article\",\"@id\":\"https:\\\/\\\/www.organisator.ch\\\/sustainability\\\/2025-07-17\\\/deloitte-schweiz-erhaelt-ecovadis-platin-fuer-nachhaltigkeit\\\/#article\",\"isPartOf\":{\"@id\":\"https:\\\/\\\/www.organisator.ch\\\/sustainability\\\/2025-07-17\\\/deloitte-schweiz-erhaelt-ecovadis-platin-fuer-nachhaltigkeit\\\/\"},\"author\":{\"name\":\"Adelisa Kalajdzini\",\"@id\":\"https:\\\/\\\/www.organisator.ch\\\/#\\\/schema\\\/person\\\/2e1314a2172123f874db408d8911d3f3\"},\"headline\":\"Deloitte Schweiz erh\u00e4lt EcoVadis-Platin f\u00fcr Nachhaltigkeit\",\"datePublished\":\"2025-07-17T04:10:02+00:00\",\"mainEntityOfPage\":{\"@id\":\"https:\\\/\\\/www.organisator.ch\\\/sustainability\\\/2025-07-17\\\/deloitte-schweiz-erhaelt-ecovadis-platin-fuer-nachhaltigkeit\\\/\"},\"wordCount\":631,\"publisher\":{\"@id\":\"https:\\\/\\\/www.organisator.ch\\\/#organization\"},\"image\":{\"@id\":\"https:\\\/\\\/www.organisator.ch\\\/sustainability\\\/2025-07-17\\\/deloitte-schweiz-erhaelt-ecovadis-platin-fuer-nachhaltigkeit\\\/#primaryimage\"},\"thumbnailUrl\":\"https:\\\/\\\/www.organisator.ch\\\/wp-content\\\/uploads\\\/2025\\\/07\\\/Deloitte_Bild1_ps.jpg\",\"keywords\":[\"CO2\",\"Nachhaltigkeit\",\"Platin-Auszeichnung\",\"Umwelt\",\"Unternehmen\"],\"articleSection\":[\"SUSTAINABILITY\"],\"inLanguage\":\"it-IT\"},{\"@type\":\"WebPage\",\"@id\":\"https:\\\/\\\/www.organisator.ch\\\/sustainability\\\/2025-07-17\\\/deloitte-schweiz-erhaelt-ecovadis-platin-fuer-nachhaltigkeit\\\/\",\"url\":\"https:\\\/\\\/www.organisator.ch\\\/sustainability\\\/2025-07-17\\\/deloitte-schweiz-erhaelt-ecovadis-platin-fuer-nachhaltigkeit\\\/\",\"name\":\"Deloitte Schweiz erh\u00e4lt EcoVadis-Platin f\u00fcr Nachhaltigkeit - Organisator\",\"isPartOf\":{\"@id\":\"https:\\\/\\\/www.organisator.ch\\\/#website\"},\"primaryImageOfPage\":{\"@id\":\"https:\\\/\\\/www.organisator.ch\\\/sustainability\\\/2025-07-17\\\/deloitte-schweiz-erhaelt-ecovadis-platin-fuer-nachhaltigkeit\\\/#primaryimage\"},\"image\":{\"@id\":\"https:\\\/\\\/www.organisator.ch\\\/sustainability\\\/2025-07-17\\\/deloitte-schweiz-erhaelt-ecovadis-platin-fuer-nachhaltigkeit\\\/#primaryimage\"},\"thumbnailUrl\":\"https:\\\/\\\/www.organisator.ch\\\/wp-content\\\/uploads\\\/2025\\\/07\\\/Deloitte_Bild1_ps.jpg\",\"datePublished\":\"2025-07-17T04:10:02+00:00\",\"description\":\"Deloitte Schweiz ist mit der prestigetr\u00e4chtigen EcoVadis-Platinmedaille ausgezeichnet worden. Das best\u00e4tigt die hervorragende Nachhaltigkeitsleistung des Unternehmens.\",\"breadcrumb\":{\"@id\":\"https:\\\/\\\/www.organisator.ch\\\/sustainability\\\/2025-07-17\\\/deloitte-schweiz-erhaelt-ecovadis-platin-fuer-nachhaltigkeit\\\/#breadcrumb\"},\"inLanguage\":\"it-IT\",\"potentialAction\":[{\"@type\":\"ReadAction\",\"target\":[\"https:\\\/\\\/www.organisator.ch\\\/sustainability\\\/2025-07-17\\\/deloitte-schweiz-erhaelt-ecovadis-platin-fuer-nachhaltigkeit\\\/\"]}]},{\"@type\":\"ImageObject\",\"inLanguage\":\"it-IT\",\"@id\":\"https:\\\/\\\/www.organisator.ch\\\/sustainability\\\/2025-07-17\\\/deloitte-schweiz-erhaelt-ecovadis-platin-fuer-nachhaltigkeit\\\/#primaryimage\",\"url\":\"https:\\\/\\\/www.organisator.ch\\\/wp-content\\\/uploads\\\/2025\\\/07\\\/Deloitte_Bild1_ps.jpg\",\"contentUrl\":\"https:\\\/\\\/www.organisator.ch\\\/wp-content\\\/uploads\\\/2025\\\/07\\\/Deloitte_Bild1_ps.jpg\",\"width\":680,\"height\":465,\"caption\":\"Die EcoVadis-Platinmedaille hat einen konkreten Mehrwert f\u00fcr die Kundschaft und die Marktposition von Deloitte Schweiz. (Bild: www.depositphotos.com)\"},{\"@type\":\"BreadcrumbList\",\"@id\":\"https:\\\/\\\/www.organisator.ch\\\/sustainability\\\/2025-07-17\\\/deloitte-schweiz-erhaelt-ecovadis-platin-fuer-nachhaltigkeit\\\/#breadcrumb\",\"itemListElement\":[{\"@type\":\"ListItem\",\"position\":1,\"name\":\"Home\",\"item\":\"https:\\\/\\\/www.organisator.ch\\\/\"},{\"@type\":\"ListItem\",\"position\":2,\"name\":\"Deloitte Schweiz erh\u00e4lt EcoVadis-Platin f\u00fcr Nachhaltigkeit\"}]},{\"@type\":\"WebSite\",\"@id\":\"https:\\\/\\\/www.organisator.ch\\\/#website\",\"url\":\"https:\\\/\\\/www.organisator.ch\\\/\",\"name\":\"Organisator\",\"description\":\"Kompetent. Praxisnah. Der ORGANISATOR bereitet in 10 Ausgaben pro Jahr die wesentlichen Themen f\u00fcr F\u00fchrungskr\u00e4fte von KMU auf.\",\"publisher\":{\"@id\":\"https:\\\/\\\/www.organisator.ch\\\/#organization\"},\"potentialAction\":[{\"@type\":\"SearchAction\",\"target\":{\"@type\":\"EntryPoint\",\"urlTemplate\":\"https:\\\/\\\/www.organisator.ch\\\/?s={search_term_string}\"},\"query-input\":{\"@type\":\"PropertyValueSpecification\",\"valueRequired\":true,\"valueName\":\"search_term_string\"}}],\"inLanguage\":\"it-IT\"},{\"@type\":\"Organization\",\"@id\":\"https:\\\/\\\/www.organisator.ch\\\/#organization\",\"name\":\"Organisator\",\"url\":\"https:\\\/\\\/www.organisator.ch\\\/\",\"logo\":{\"@type\":\"ImageObject\",\"inLanguage\":\"it-IT\",\"@id\":\"https:\\\/\\\/www.organisator.ch\\\/#\\\/schema\\\/logo\\\/image\\\/\",\"url\":\"https:\\\/\\\/www.organisator.ch\\\/wp-content\\\/uploads\\\/2022\\\/01\\\/Logo_Organisator_Website.png\",\"contentUrl\":\"https:\\\/\\\/www.organisator.ch\\\/wp-content\\\/uploads\\\/2022\\\/01\\\/Logo_Organisator_Website.png\",\"width\":800,\"height\":77,\"caption\":\"Organisator\"},\"image\":{\"@id\":\"https:\\\/\\\/www.organisator.ch\\\/#\\\/schema\\\/logo\\\/image\\\/\"},\"sameAs\":[\"https:\\\/\\\/www.facebook.com\\\/OrganisatorFachmagazin\",\"https:\\\/\\\/www.linkedin.com\\\/showcase\\\/organisator-das-magazin-fr-kmu\",\"https:\\\/\\\/www.xing.com\\\/news\\\/pages\\\/organisator-ch-695\",\"https:\\\/\\\/www.youtube.com\\\/channel\\\/UCGP2Sq0iWaZwT3BdIAQFYpw\"]},{\"@type\":\"Person\",\"@id\":\"https:\\\/\\\/www.organisator.ch\\\/#\\\/schema\\\/person\\\/2e1314a2172123f874db408d8911d3f3\",\"name\":\"Adelisa Kalajdzini\",\"image\":{\"@type\":\"ImageObject\",\"inLanguage\":\"it-IT\",\"@id\":\"https:\\\/\\\/secure.gravatar.com\\\/avatar\\\/09a397c22ac58cad6f160ee8306348599df9df58a8ede73696226897b9fa4b24?s=96&d=mm&r=g\",\"url\":\"https:\\\/\\\/secure.gravatar.com\\\/avatar\\\/09a397c22ac58cad6f160ee8306348599df9df58a8ede73696226897b9fa4b24?s=96&d=mm&r=g\",\"contentUrl\":\"https:\\\/\\\/secure.gravatar.com\\\/avatar\\\/09a397c22ac58cad6f160ee8306348599df9df58a8ede73696226897b9fa4b24?s=96&d=mm&r=g\",\"caption\":\"Adelisa Kalajdzini\"},\"url\":\"https:\\\/\\\/www.organisator.ch\\\/it\\\/author\\\/adelisa-kalajdzini\\\/\"}]}<\/script>\n<!-- \/ Yoast SEO plugin. -->","yoast_head_json":{"title":"Deloitte Svizzera riceve il Platino EcoVadis per la sostenibilit\u00e0 - Organizzatore","description":"Deloitte Svizzera ha ricevuto la prestigiosa medaglia di platino EcoVadis. Ci\u00f2 conferma l'eccezionale performance di sostenibilit\u00e0 dell'azienda.","robots":{"index":"index","follow":"follow","max-snippet":"max-snippet:-1","max-image-preview":"max-image-preview:large","max-video-preview":"max-video-preview:-1"},"canonical":"https:\/\/www.organisator.ch\/it\/sostenibilita\/2025-07-17\/deloitte-schweiz-erhaelt-ecovadis-platin-fuer-nachhaltigkeit\/","og_locale":"it_IT","og_type":"article","og_title":"Deloitte Schweiz erh\u00e4lt EcoVadis-Platin f\u00fcr Nachhaltigkeit","og_description":"Deloitte Schweiz ist mit der prestigetr\u00e4chtigen EcoVadis-Platinmedaille ausgezeichnet worden. Das best\u00e4tigt die hervorragende Nachhaltigkeitsleistung des Unternehmens.","og_url":"https:\/\/www.organisator.ch\/it\/sostenibilita\/2025-07-17\/deloitte-schweiz-erhaelt-ecovadis-platin-fuer-nachhaltigkeit\/","og_site_name":"Organisator","article_publisher":"https:\/\/www.facebook.com\/OrganisatorFachmagazin","article_published_time":"2025-07-17T04:10:02+00:00","og_image":[{"width":680,"height":465,"url":"https:\/\/www.organisator.ch\/wp-content\/uploads\/2025\/07\/Deloitte_Bild1_ps.jpg","type":"image\/jpeg"}],"author":"Adelisa Kalajdzini","twitter_card":"summary_large_image","twitter_title":"Deloitte Schweiz erh\u00e4lt EcoVadis-Platin f\u00fcr Nachhaltigkeit","twitter_description":"#Deloitte #Schweiz ist mit der prestigetr\u00e4chtigen #EcoVadis-Platinmedaille ausgezeichnet worden. Das best\u00e4tigt die hervorragende #Nachhaltigkeitsleistung des Unternehmens.","twitter_image":"https:\/\/www.organisator.ch\/wp-content\/uploads\/2025\/07\/Deloitte_Bild1_ps.jpg","schema":{"@context":"https:\/\/schema.org","@graph":[{"@type":"Article","@id":"https:\/\/www.organisator.ch\/sustainability\/2025-07-17\/deloitte-schweiz-erhaelt-ecovadis-platin-fuer-nachhaltigkeit\/#article","isPartOf":{"@id":"https:\/\/www.organisator.ch\/sustainability\/2025-07-17\/deloitte-schweiz-erhaelt-ecovadis-platin-fuer-nachhaltigkeit\/"},"author":{"name":"Adelisa Kalajdzini","@id":"https:\/\/www.organisator.ch\/#\/schema\/person\/2e1314a2172123f874db408d8911d3f3"},"headline":"Deloitte Schweiz erh\u00e4lt EcoVadis-Platin f\u00fcr Nachhaltigkeit","datePublished":"2025-07-17T04:10:02+00:00","mainEntityOfPage":{"@id":"https:\/\/www.organisator.ch\/sustainability\/2025-07-17\/deloitte-schweiz-erhaelt-ecovadis-platin-fuer-nachhaltigkeit\/"},"wordCount":631,"publisher":{"@id":"https:\/\/www.organisator.ch\/#organization"},"image":{"@id":"https:\/\/www.organisator.ch\/sustainability\/2025-07-17\/deloitte-schweiz-erhaelt-ecovadis-platin-fuer-nachhaltigkeit\/#primaryimage"},"thumbnailUrl":"https:\/\/www.organisator.ch\/wp-content\/uploads\/2025\/07\/Deloitte_Bild1_ps.jpg","keywords":["CO2","Nachhaltigkeit","Platin-Auszeichnung","Umwelt","Unternehmen"],"articleSection":["SUSTAINABILITY"],"inLanguage":"it-IT"},{"@type":"WebPage","@id":"https:\/\/www.organisator.ch\/sustainability\/2025-07-17\/deloitte-schweiz-erhaelt-ecovadis-platin-fuer-nachhaltigkeit\/","url":"https:\/\/www.organisator.ch\/sustainability\/2025-07-17\/deloitte-schweiz-erhaelt-ecovadis-platin-fuer-nachhaltigkeit\/","name":"Deloitte Svizzera riceve il Platino EcoVadis per la sostenibilit\u00e0 - Organizzatore","isPartOf":{"@id":"https:\/\/www.organisator.ch\/#website"},"primaryImageOfPage":{"@id":"https:\/\/www.organisator.ch\/sustainability\/2025-07-17\/deloitte-schweiz-erhaelt-ecovadis-platin-fuer-nachhaltigkeit\/#primaryimage"},"image":{"@id":"https:\/\/www.organisator.ch\/sustainability\/2025-07-17\/deloitte-schweiz-erhaelt-ecovadis-platin-fuer-nachhaltigkeit\/#primaryimage"},"thumbnailUrl":"https:\/\/www.organisator.ch\/wp-content\/uploads\/2025\/07\/Deloitte_Bild1_ps.jpg","datePublished":"2025-07-17T04:10:02+00:00","description":"Deloitte Svizzera ha ricevuto la prestigiosa medaglia di platino EcoVadis. Ci\u00f2 conferma l'eccezionale performance di sostenibilit\u00e0 dell'azienda.","breadcrumb":{"@id":"https:\/\/www.organisator.ch\/sustainability\/2025-07-17\/deloitte-schweiz-erhaelt-ecovadis-platin-fuer-nachhaltigkeit\/#breadcrumb"},"inLanguage":"it-IT","potentialAction":[{"@type":"ReadAction","target":["https:\/\/www.organisator.ch\/sustainability\/2025-07-17\/deloitte-schweiz-erhaelt-ecovadis-platin-fuer-nachhaltigkeit\/"]}]},{"@type":"ImageObject","inLanguage":"it-IT","@id":"https:\/\/www.organisator.ch\/sustainability\/2025-07-17\/deloitte-schweiz-erhaelt-ecovadis-platin-fuer-nachhaltigkeit\/#primaryimage","url":"https:\/\/www.organisator.ch\/wp-content\/uploads\/2025\/07\/Deloitte_Bild1_ps.jpg","contentUrl":"https:\/\/www.organisator.ch\/wp-content\/uploads\/2025\/07\/Deloitte_Bild1_ps.jpg","width":680,"height":465,"caption":"Die EcoVadis-Platinmedaille hat einen konkreten Mehrwert f\u00fcr die Kundschaft und die Marktposition von Deloitte Schweiz. (Bild: www.depositphotos.com)"},{"@type":"BreadcrumbList","@id":"https:\/\/www.organisator.ch\/sustainability\/2025-07-17\/deloitte-schweiz-erhaelt-ecovadis-platin-fuer-nachhaltigkeit\/#breadcrumb","itemListElement":[{"@type":"ListItem","position":1,"name":"Home","item":"https:\/\/www.organisator.ch\/"},{"@type":"ListItem","position":2,"name":"Deloitte Schweiz erh\u00e4lt EcoVadis-Platin f\u00fcr Nachhaltigkeit"}]},{"@type":"WebSite","@id":"https:\/\/www.organisator.ch\/#website","url":"https:\/\/www.organisator.ch\/","name":"Organizzatore","description":"Competente. Pratico. In 10 numeri all'anno, ORGANISATOR presenta i temi essenziali per i manager delle PMI.","publisher":{"@id":"https:\/\/www.organisator.ch\/#organization"},"potentialAction":[{"@type":"SearchAction","target":{"@type":"EntryPoint","urlTemplate":"https:\/\/www.organisator.ch\/?s={search_term_string}"},"query-input":{"@type":"PropertyValueSpecification","valueRequired":true,"valueName":"search_term_string"}}],"inLanguage":"it-IT"},{"@type":"Organization","@id":"https:\/\/www.organisator.ch\/#organization","name":"Organizzatore","url":"https:\/\/www.organisator.ch\/","logo":{"@type":"ImageObject","inLanguage":"it-IT","@id":"https:\/\/www.organisator.ch\/#\/schema\/logo\/image\/","url":"https:\/\/www.organisator.ch\/wp-content\/uploads\/2022\/01\/Logo_Organisator_Website.png","contentUrl":"https:\/\/www.organisator.ch\/wp-content\/uploads\/2022\/01\/Logo_Organisator_Website.png","width":800,"height":77,"caption":"Organisator"},"image":{"@id":"https:\/\/www.organisator.ch\/#\/schema\/logo\/image\/"},"sameAs":["https:\/\/www.facebook.com\/OrganisatorFachmagazin","https:\/\/www.linkedin.com\/showcase\/organisator-das-magazin-fr-kmu","https:\/\/www.xing.com\/news\/pages\/organisator-ch-695","https:\/\/www.youtube.com\/channel\/UCGP2Sq0iWaZwT3BdIAQFYpw"]},{"@type":"Person","@id":"https:\/\/www.organisator.ch\/#\/schema\/person\/2e1314a2172123f874db408d8911d3f3","name":"Adelisa Kalajdzini","image":{"@type":"ImageObject","inLanguage":"it-IT","@id":"https:\/\/secure.gravatar.com\/avatar\/09a397c22ac58cad6f160ee8306348599df9df58a8ede73696226897b9fa4b24?s=96&d=mm&r=g","url":"https:\/\/secure.gravatar.com\/avatar\/09a397c22ac58cad6f160ee8306348599df9df58a8ede73696226897b9fa4b24?s=96&d=mm&r=g","contentUrl":"https:\/\/secure.gravatar.com\/avatar\/09a397c22ac58cad6f160ee8306348599df9df58a8ede73696226897b9fa4b24?s=96&d=mm&r=g","caption":"Adelisa Kalajdzini"},"url":"https:\/\/www.organisator.ch\/it\/author\/adelisa-kalajdzini\/"}]}},"_links":{"self":[{"href":"https:\/\/www.organisator.ch\/it\/wp-json\/wp\/v2\/posts\/39602","targetHints":{"allow":["GET"]}}],"collection":[{"href":"https:\/\/www.organisator.ch\/it\/wp-json\/wp\/v2\/posts"}],"about":[{"href":"https:\/\/www.organisator.ch\/it\/wp-json\/wp\/v2\/types\/post"}],"author":[{"embeddable":true,"href":"https:\/\/www.organisator.ch\/it\/wp-json\/wp\/v2\/users\/58"}],"replies":[{"embeddable":true,"href":"https:\/\/www.organisator.ch\/it\/wp-json\/wp\/v2\/comments?post=39602"}],"version-history":[{"count":6,"href":"https:\/\/www.organisator.ch\/it\/wp-json\/wp\/v2\/posts\/39602\/revisions"}],"predecessor-version":[{"id":39625,"href":"https:\/\/www.organisator.ch\/it\/wp-json\/wp\/v2\/posts\/39602\/revisions\/39625"}],"wp:featuredmedia":[{"embeddable":true,"href":"https:\/\/www.organisator.ch\/it\/wp-json\/wp\/v2\/media\/39604"}],"wp:attachment":[{"href":"https:\/\/www.organisator.ch\/it\/wp-json\/wp\/v2\/media?parent=39602"}],"wp:term":[{"taxonomy":"category","embeddable":true,"href":"https:\/\/www.organisator.ch\/it\/wp-json\/wp\/v2\/categories?post=39602"},{"taxonomy":"post_tag","embeddable":true,"href":"https:\/\/www.organisator.ch\/it\/wp-json\/wp\/v2\/tags?post=39602"}],"curies":[{"name":"wp","href":"https:\/\/api.w.org\/{rel}","templated":true}]}}