{"id":39611,"date":"2025-07-17T10:00:17","date_gmt":"2025-07-17T08:00:17","guid":{"rendered":"https:\/\/www.organisator.ch\/?p=39611"},"modified":"2025-07-17T10:00:17","modified_gmt":"2025-07-17T08:00:17","slug":"marktlink-bringt-frischen-wind-in-die-nachfolgeplanung-von-schweizer-kmu","status":"publish","type":"post","link":"https:\/\/www.organisator.ch\/it\/management\/2025-07-17\/marktlink-bringt-frischen-wind-in-die-nachfolgeplanung-von-schweizer-kmu\/","title":{"rendered":"Marktlink porta una ventata di novit\u00e0 nella pianificazione della successione per le PMI svizzere"},"content":{"rendered":"<figure id=\"attachment_39613\" aria-describedby=\"caption-attachment-39613\" style=\"width: 680px\" class=\"wp-caption alignnone\"><img loading=\"lazy\" decoding=\"async\" class=\"size-full wp-image-39613\" src=\"https:\/\/www.organisator.ch\/wp-content\/uploads\/2025\/07\/Marktlink_Bild1_ps.jpg\" alt=\"\" width=\"680\" height=\"454\" srcset=\"https:\/\/www.organisator.ch\/wp-content\/uploads\/2025\/07\/Marktlink_Bild1_ps.jpg 680w, https:\/\/www.organisator.ch\/wp-content\/uploads\/2025\/07\/Marktlink_Bild1_ps-18x12.jpg 18w, https:\/\/www.organisator.ch\/wp-content\/uploads\/2025\/07\/Marktlink_Bild1_ps-375x250.jpg 375w, https:\/\/www.organisator.ch\/wp-content\/uploads\/2025\/07\/Marktlink_Bild1_ps-524x350.jpg 524w\" sizes=\"auto, (max-width: 680px) 100vw, 680px\" \/><figcaption id=\"caption-attachment-39613\" class=\"wp-caption-text\">Dal lancio di Marktlink a Zurigo, Marc ha gi\u00e0 supportato con successo diversi imprenditori svizzeri nella pianificazione della successione. (Immagine: www.marktlink.com)<\/figcaption><\/figure>\n<p>Dopo un inizio di successo con diversi mandati, vendite di aziende e una copertura mediatica positiva, l'azienda guarda ora al futuro: con un focus sulle PMI gestite dai proprietari, una rete internazionale di acquirenti e Marc Reinhardt come partner esperto di M&amp;A, l'azienda sta portando un nuovo approccio alla pianificazione della successione in Svizzera.<\/p>\n<h3><strong>Pi\u00f9 che mai attuale: la successione aziendale in tempi incerti<\/strong><\/h3>\n<p>In un contesto economico sempre pi\u00f9 instabile, caratterizzato da tensioni geopolitiche, conflitti commerciali e dagli ultimi tagli dei tassi di interesse da parte della Banca Nazionale Svizzera in risposta al calo dell'inflazione, la successione aziendale strategica sta diventando un fattore decisivo per la stabilit\u00e0. Per molti imprenditori, la questione non \u00e8 pi\u00f9 se, ma quando e come cedere la propria azienda a prova di futuro. Marktlink Svizzera si sta quindi posizionando come consulente M&amp;A affidabile per le PMI, con competenze locali e portata internazionale, per supportare gli imprenditori e le aziende nei passaggi di consegne strategici e nei processi di successione. \"La successione non \u00e8 pi\u00f9 un progetto di lusso, ma un'attivit\u00e0 critica. Se si aspetta troppo, non solo si rischia di perdere il valore dell'azienda, ma forse anche il lavoro di una vita\", afferma Marc Reinhardt, Managing Partner di Marktlink Svizzera.<\/p>\n<h3><strong>Le transazioni di successo sottolineano il focus strategico<\/strong><\/h3>\n<p>Due operazioni di M&amp;A recentemente concluse in Svizzera sottolineano questo posizionamento: lo scorso anno, Marktlink ha assistito gli azionisti del fornitore di servizi IT Aspectra AG, con sede a Zurigo, nella vendita al gruppo tedesco Convotis. Nel giugno 2025, Marktlink ha inoltre assistito Rohr Geb\u00e4udetechnik AG - un'azienda di riscaldamento, ventilazione e condizionamento (HVAC) - nella sua vendita al gruppo danese InstallerGroup, specializzato in impianti elettrici, idraulici, a fibre ottiche, di ventilazione e di raffreddamento. Con l'acquisizione di Rohr Geb\u00e4udetechnik AG e W. Rokitzky AG, InstallerGroup \u00e8 entrata con successo nel mercato svizzero della tecnologia di climatizzazione, delle installazioni e dell'automazione degli edifici. Le due aziende svizzere acquisite impiegano complessivamente oltre 130 persone e generano un fatturato complessivo di circa 60 milioni di franchi svizzeri.<\/p>\n<p>Supportando la transazione, Marktlink ha dimostrato la sua capacit\u00e0 di mettere in contatto aziende locali con acquirenti internazionali e di ottenere risultati tangibili per entrambe le parti. Marktlink Svizzera si concentra principalmente sulle PMI con pi\u00f9 di 20 dipendenti e un fatturato annuo di almeno 5 milioni di franchi svizzeri, in particolare nei settori dell'industria, dell'edilizia, dell'ICT, della sanit\u00e0 e dei servizi alle imprese.<\/p>\n<h3><strong>La pressione aumenta <\/strong><\/h3>\n<p>Secondo gli studi della SECO e di KMU Next, entro il 2030 fino a 50.000 PMI svizzere dovranno affrontare la sfida della successione aziendale a causa dei cambiamenti demografici e dell'invecchiamento delle strutture proprietarie. Allo stesso tempo, il mercato degli acquirenti sta diventando pi\u00f9 selettivo, le aspettative aumentano e i tempi ideali per i passaggi di propriet\u00e0 si accorciano.<\/p>\n<p>Marktlink Svizzera supporta quindi gli imprenditori di et\u00e0 compresa tra i 40 e i 65 anni a gestire questa complessit\u00e0 con lungimiranza e chiarezza. Con una presenza locale a Zurigo e una solida rete transfrontaliera di investitori, la societ\u00e0 apporta velocit\u00e0, empatia e pragmatismo a ogni transazione. La consulenza, incentrata sull'imprenditore e orientata alle soluzioni, \u00e8 orientata a definire i processi di successione con visione strategica e sensibilit\u00e0 personale. \"La successione non \u00e8 la fine, ma l'inizio di un nuovo capitolo. Per l'azienda e per l'imprenditore\", sottolinea Marc Reinhardt.<\/p>\n<p><em>Fonte: <a href=\"http:\/\/www.marktlink.com\">www.marktlink.com<\/a><\/em><\/p>","protected":false},"excerpt":{"rendered":"<p>Con Marc Reinhardt al timone e una chiara attenzione alle piccole e medie imprese (PMI), Marktlink Svizzera sta entrando nella fase successiva. <\/p>","protected":false},"author":58,"featured_media":39613,"comment_status":"closed","ping_status":"closed","sticky":false,"template":"","format":"standard","meta":{"_acf_changed":false,"_yoast_wpseo_focuskw":"Nachfolgeplanung","_yoast_wpseo_metadesc":"Mit Marc Reinhardt an der Spitze und einem klaren Fokus auf kleine und mittlere Unternehmen geht Marktlink Schweiz in die n\u00e4chste Phase.","articlekey":"","footnotes":""},"categories":[28],"tags":[301,334,4269,424,492],"class_list":["post-39611","post","type-post","status-publish","format-standard","has-post-thumbnail","hentry","category-management","tag-kmu","tag-management","tag-nachfolge","tag-schweiz","tag-unternehmen"],"acf":[],"yoast_head":"<!-- This site is optimized with the Yoast SEO plugin v27.4 - https:\/\/yoast.com\/product\/yoast-seo-wordpress\/ -->\n<title>Marktlink bringt frischen Wind in die Nachfolgeplanung von Schweizer KMU - Organisator<\/title>\n<meta name=\"description\" content=\"Mit Marc Reinhardt an der Spitze und einem klaren Fokus auf kleine und mittlere Unternehmen geht Marktlink Schweiz in die n\u00e4chste Phase.\" \/>\n<meta name=\"robots\" content=\"index, follow, max-snippet:-1, max-image-preview:large, max-video-preview:-1\" \/>\n<link rel=\"canonical\" href=\"https:\/\/www.organisator.ch\/it\/gestione-2\/2025-07-17\/marktlink-bringt-frischen-wind-in-die-nachfolgeplanung-von-schweizer-kmu\/\" \/>\n<meta property=\"og:locale\" content=\"it_IT\" \/>\n<meta property=\"og:type\" content=\"article\" \/>\n<meta property=\"og:title\" content=\"Marktlink bringt frischen Wind in die Nachfolgeplanung von Schweizer KMU\" \/>\n<meta property=\"og:description\" content=\"Mit Marc Reinhardt an der Spitze und einem klaren Fokus auf kleine und mittlere Unternehmen geht Marktlink Schweiz in die n\u00e4chste Phase.\" \/>\n<meta property=\"og:url\" content=\"https:\/\/www.organisator.ch\/it\/gestione-2\/2025-07-17\/marktlink-bringt-frischen-wind-in-die-nachfolgeplanung-von-schweizer-kmu\/\" \/>\n<meta property=\"og:site_name\" content=\"Organisator\" \/>\n<meta property=\"article:publisher\" content=\"https:\/\/www.facebook.com\/OrganisatorFachmagazin\" \/>\n<meta property=\"article:published_time\" content=\"2025-07-17T08:00:17+00:00\" \/>\n<meta property=\"og:image\" content=\"https:\/\/www.organisator.ch\/wp-content\/uploads\/2025\/07\/Marktlink_Bild1_ps.jpg\" \/>\n\t<meta property=\"og:image:width\" content=\"680\" \/>\n\t<meta property=\"og:image:height\" content=\"454\" \/>\n\t<meta property=\"og:image:type\" content=\"image\/jpeg\" \/>\n<meta name=\"author\" content=\"Adelisa Kalajdzini\" \/>\n<meta name=\"twitter:card\" content=\"summary_large_image\" \/>\n<meta name=\"twitter:title\" content=\"Marktlink bringt frischen Wind in die Nachfolgeplanung von Schweizer KMU\" \/>\n<meta name=\"twitter:description\" content=\"Mit #Marc #Reinhardt an der Spitze und einem klaren #Fokus auf #kleine und #mittlere #Unternehmen geht #Marktlink Schweiz in die n\u00e4chste Phase.\" \/>\n<meta name=\"twitter:image\" content=\"https:\/\/www.organisator.ch\/wp-content\/uploads\/2025\/07\/Marktlink_Bild1_ps.jpg\" \/>\n<script type=\"application\/ld+json\" class=\"yoast-schema-graph\">{\"@context\":\"https:\\\/\\\/schema.org\",\"@graph\":[{\"@type\":\"Article\",\"@id\":\"https:\\\/\\\/www.organisator.ch\\\/management\\\/2025-07-17\\\/marktlink-bringt-frischen-wind-in-die-nachfolgeplanung-von-schweizer-kmu\\\/#article\",\"isPartOf\":{\"@id\":\"https:\\\/\\\/www.organisator.ch\\\/management\\\/2025-07-17\\\/marktlink-bringt-frischen-wind-in-die-nachfolgeplanung-von-schweizer-kmu\\\/\"},\"author\":{\"name\":\"Adelisa Kalajdzini\",\"@id\":\"https:\\\/\\\/www.organisator.ch\\\/#\\\/schema\\\/person\\\/2e1314a2172123f874db408d8911d3f3\"},\"headline\":\"Marktlink bringt frischen Wind in die Nachfolgeplanung von Schweizer KMU\",\"datePublished\":\"2025-07-17T08:00:17+00:00\",\"mainEntityOfPage\":{\"@id\":\"https:\\\/\\\/www.organisator.ch\\\/management\\\/2025-07-17\\\/marktlink-bringt-frischen-wind-in-die-nachfolgeplanung-von-schweizer-kmu\\\/\"},\"wordCount\":548,\"publisher\":{\"@id\":\"https:\\\/\\\/www.organisator.ch\\\/#organization\"},\"image\":{\"@id\":\"https:\\\/\\\/www.organisator.ch\\\/management\\\/2025-07-17\\\/marktlink-bringt-frischen-wind-in-die-nachfolgeplanung-von-schweizer-kmu\\\/#primaryimage\"},\"thumbnailUrl\":\"https:\\\/\\\/www.organisator.ch\\\/wp-content\\\/uploads\\\/2025\\\/07\\\/Marktlink_Bild1_ps.jpg\",\"keywords\":[\"KMU\",\"Management\",\"Nachfolge\",\"Schweiz\",\"Unternehmen\"],\"articleSection\":[\"MANAGEMENT\"],\"inLanguage\":\"it-IT\"},{\"@type\":\"WebPage\",\"@id\":\"https:\\\/\\\/www.organisator.ch\\\/management\\\/2025-07-17\\\/marktlink-bringt-frischen-wind-in-die-nachfolgeplanung-von-schweizer-kmu\\\/\",\"url\":\"https:\\\/\\\/www.organisator.ch\\\/management\\\/2025-07-17\\\/marktlink-bringt-frischen-wind-in-die-nachfolgeplanung-von-schweizer-kmu\\\/\",\"name\":\"Marktlink bringt frischen Wind in die Nachfolgeplanung von Schweizer KMU - Organisator\",\"isPartOf\":{\"@id\":\"https:\\\/\\\/www.organisator.ch\\\/#website\"},\"primaryImageOfPage\":{\"@id\":\"https:\\\/\\\/www.organisator.ch\\\/management\\\/2025-07-17\\\/marktlink-bringt-frischen-wind-in-die-nachfolgeplanung-von-schweizer-kmu\\\/#primaryimage\"},\"image\":{\"@id\":\"https:\\\/\\\/www.organisator.ch\\\/management\\\/2025-07-17\\\/marktlink-bringt-frischen-wind-in-die-nachfolgeplanung-von-schweizer-kmu\\\/#primaryimage\"},\"thumbnailUrl\":\"https:\\\/\\\/www.organisator.ch\\\/wp-content\\\/uploads\\\/2025\\\/07\\\/Marktlink_Bild1_ps.jpg\",\"datePublished\":\"2025-07-17T08:00:17+00:00\",\"description\":\"Mit Marc Reinhardt an der Spitze und einem klaren Fokus auf kleine und mittlere Unternehmen geht Marktlink Schweiz in die n\u00e4chste Phase.\",\"breadcrumb\":{\"@id\":\"https:\\\/\\\/www.organisator.ch\\\/management\\\/2025-07-17\\\/marktlink-bringt-frischen-wind-in-die-nachfolgeplanung-von-schweizer-kmu\\\/#breadcrumb\"},\"inLanguage\":\"it-IT\",\"potentialAction\":[{\"@type\":\"ReadAction\",\"target\":[\"https:\\\/\\\/www.organisator.ch\\\/management\\\/2025-07-17\\\/marktlink-bringt-frischen-wind-in-die-nachfolgeplanung-von-schweizer-kmu\\\/\"]}]},{\"@type\":\"ImageObject\",\"inLanguage\":\"it-IT\",\"@id\":\"https:\\\/\\\/www.organisator.ch\\\/management\\\/2025-07-17\\\/marktlink-bringt-frischen-wind-in-die-nachfolgeplanung-von-schweizer-kmu\\\/#primaryimage\",\"url\":\"https:\\\/\\\/www.organisator.ch\\\/wp-content\\\/uploads\\\/2025\\\/07\\\/Marktlink_Bild1_ps.jpg\",\"contentUrl\":\"https:\\\/\\\/www.organisator.ch\\\/wp-content\\\/uploads\\\/2025\\\/07\\\/Marktlink_Bild1_ps.jpg\",\"width\":680,\"height\":454,\"caption\":\"Seit dem Start von Marktlink in Z\u00fcrich hat Marc bereits mehrere Schweizer Unternehmer erfolgreich in ihrer Nachfolgeplanung begleitet. (Bild: www.marktlink.com)\"},{\"@type\":\"BreadcrumbList\",\"@id\":\"https:\\\/\\\/www.organisator.ch\\\/management\\\/2025-07-17\\\/marktlink-bringt-frischen-wind-in-die-nachfolgeplanung-von-schweizer-kmu\\\/#breadcrumb\",\"itemListElement\":[{\"@type\":\"ListItem\",\"position\":1,\"name\":\"Home\",\"item\":\"https:\\\/\\\/www.organisator.ch\\\/\"},{\"@type\":\"ListItem\",\"position\":2,\"name\":\"Marktlink bringt frischen Wind in die Nachfolgeplanung von Schweizer KMU\"}]},{\"@type\":\"WebSite\",\"@id\":\"https:\\\/\\\/www.organisator.ch\\\/#website\",\"url\":\"https:\\\/\\\/www.organisator.ch\\\/\",\"name\":\"Organisator\",\"description\":\"Kompetent. Praxisnah. Der ORGANISATOR bereitet in 10 Ausgaben pro Jahr die wesentlichen Themen f\u00fcr F\u00fchrungskr\u00e4fte von KMU auf.\",\"publisher\":{\"@id\":\"https:\\\/\\\/www.organisator.ch\\\/#organization\"},\"potentialAction\":[{\"@type\":\"SearchAction\",\"target\":{\"@type\":\"EntryPoint\",\"urlTemplate\":\"https:\\\/\\\/www.organisator.ch\\\/?s={search_term_string}\"},\"query-input\":{\"@type\":\"PropertyValueSpecification\",\"valueRequired\":true,\"valueName\":\"search_term_string\"}}],\"inLanguage\":\"it-IT\"},{\"@type\":\"Organization\",\"@id\":\"https:\\\/\\\/www.organisator.ch\\\/#organization\",\"name\":\"Organisator\",\"url\":\"https:\\\/\\\/www.organisator.ch\\\/\",\"logo\":{\"@type\":\"ImageObject\",\"inLanguage\":\"it-IT\",\"@id\":\"https:\\\/\\\/www.organisator.ch\\\/#\\\/schema\\\/logo\\\/image\\\/\",\"url\":\"https:\\\/\\\/www.organisator.ch\\\/wp-content\\\/uploads\\\/2022\\\/01\\\/Logo_Organisator_Website.png\",\"contentUrl\":\"https:\\\/\\\/www.organisator.ch\\\/wp-content\\\/uploads\\\/2022\\\/01\\\/Logo_Organisator_Website.png\",\"width\":800,\"height\":77,\"caption\":\"Organisator\"},\"image\":{\"@id\":\"https:\\\/\\\/www.organisator.ch\\\/#\\\/schema\\\/logo\\\/image\\\/\"},\"sameAs\":[\"https:\\\/\\\/www.facebook.com\\\/OrganisatorFachmagazin\",\"https:\\\/\\\/www.linkedin.com\\\/showcase\\\/organisator-das-magazin-fr-kmu\",\"https:\\\/\\\/www.xing.com\\\/news\\\/pages\\\/organisator-ch-695\",\"https:\\\/\\\/www.youtube.com\\\/channel\\\/UCGP2Sq0iWaZwT3BdIAQFYpw\"]},{\"@type\":\"Person\",\"@id\":\"https:\\\/\\\/www.organisator.ch\\\/#\\\/schema\\\/person\\\/2e1314a2172123f874db408d8911d3f3\",\"name\":\"Adelisa Kalajdzini\",\"image\":{\"@type\":\"ImageObject\",\"inLanguage\":\"it-IT\",\"@id\":\"https:\\\/\\\/secure.gravatar.com\\\/avatar\\\/09a397c22ac58cad6f160ee8306348599df9df58a8ede73696226897b9fa4b24?s=96&d=mm&r=g\",\"url\":\"https:\\\/\\\/secure.gravatar.com\\\/avatar\\\/09a397c22ac58cad6f160ee8306348599df9df58a8ede73696226897b9fa4b24?s=96&d=mm&r=g\",\"contentUrl\":\"https:\\\/\\\/secure.gravatar.com\\\/avatar\\\/09a397c22ac58cad6f160ee8306348599df9df58a8ede73696226897b9fa4b24?s=96&d=mm&r=g\",\"caption\":\"Adelisa Kalajdzini\"},\"url\":\"https:\\\/\\\/www.organisator.ch\\\/it\\\/author\\\/adelisa-kalajdzini\\\/\"}]}<\/script>\n<!-- \/ Yoast SEO plugin. -->","yoast_head_json":{"title":"Marktlink porta una ventata di novit\u00e0 nella pianificazione della successione per le PMI svizzere - Organizzatore","description":"Con Marc Reinhardt al timone e una chiara attenzione alle piccole e medie imprese, Marktlink Svizzera sta entrando nella fase successiva.","robots":{"index":"index","follow":"follow","max-snippet":"max-snippet:-1","max-image-preview":"max-image-preview:large","max-video-preview":"max-video-preview:-1"},"canonical":"https:\/\/www.organisator.ch\/it\/gestione-2\/2025-07-17\/marktlink-bringt-frischen-wind-in-die-nachfolgeplanung-von-schweizer-kmu\/","og_locale":"it_IT","og_type":"article","og_title":"Marktlink bringt frischen Wind in die Nachfolgeplanung von Schweizer KMU","og_description":"Mit Marc Reinhardt an der Spitze und einem klaren Fokus auf kleine und mittlere Unternehmen geht Marktlink Schweiz in die n\u00e4chste Phase.","og_url":"https:\/\/www.organisator.ch\/it\/gestione-2\/2025-07-17\/marktlink-bringt-frischen-wind-in-die-nachfolgeplanung-von-schweizer-kmu\/","og_site_name":"Organisator","article_publisher":"https:\/\/www.facebook.com\/OrganisatorFachmagazin","article_published_time":"2025-07-17T08:00:17+00:00","og_image":[{"width":680,"height":454,"url":"https:\/\/www.organisator.ch\/wp-content\/uploads\/2025\/07\/Marktlink_Bild1_ps.jpg","type":"image\/jpeg"}],"author":"Adelisa Kalajdzini","twitter_card":"summary_large_image","twitter_title":"Marktlink bringt frischen Wind in die Nachfolgeplanung von Schweizer KMU","twitter_description":"Mit #Marc #Reinhardt an der Spitze und einem klaren #Fokus auf #kleine und #mittlere #Unternehmen geht #Marktlink Schweiz in die n\u00e4chste Phase.","twitter_image":"https:\/\/www.organisator.ch\/wp-content\/uploads\/2025\/07\/Marktlink_Bild1_ps.jpg","schema":{"@context":"https:\/\/schema.org","@graph":[{"@type":"Article","@id":"https:\/\/www.organisator.ch\/management\/2025-07-17\/marktlink-bringt-frischen-wind-in-die-nachfolgeplanung-von-schweizer-kmu\/#article","isPartOf":{"@id":"https:\/\/www.organisator.ch\/management\/2025-07-17\/marktlink-bringt-frischen-wind-in-die-nachfolgeplanung-von-schweizer-kmu\/"},"author":{"name":"Adelisa Kalajdzini","@id":"https:\/\/www.organisator.ch\/#\/schema\/person\/2e1314a2172123f874db408d8911d3f3"},"headline":"Marktlink bringt frischen Wind in die Nachfolgeplanung von Schweizer KMU","datePublished":"2025-07-17T08:00:17+00:00","mainEntityOfPage":{"@id":"https:\/\/www.organisator.ch\/management\/2025-07-17\/marktlink-bringt-frischen-wind-in-die-nachfolgeplanung-von-schweizer-kmu\/"},"wordCount":548,"publisher":{"@id":"https:\/\/www.organisator.ch\/#organization"},"image":{"@id":"https:\/\/www.organisator.ch\/management\/2025-07-17\/marktlink-bringt-frischen-wind-in-die-nachfolgeplanung-von-schweizer-kmu\/#primaryimage"},"thumbnailUrl":"https:\/\/www.organisator.ch\/wp-content\/uploads\/2025\/07\/Marktlink_Bild1_ps.jpg","keywords":["KMU","Management","Nachfolge","Schweiz","Unternehmen"],"articleSection":["MANAGEMENT"],"inLanguage":"it-IT"},{"@type":"WebPage","@id":"https:\/\/www.organisator.ch\/management\/2025-07-17\/marktlink-bringt-frischen-wind-in-die-nachfolgeplanung-von-schweizer-kmu\/","url":"https:\/\/www.organisator.ch\/management\/2025-07-17\/marktlink-bringt-frischen-wind-in-die-nachfolgeplanung-von-schweizer-kmu\/","name":"Marktlink porta una ventata di novit\u00e0 nella pianificazione della successione per le PMI svizzere - Organizzatore","isPartOf":{"@id":"https:\/\/www.organisator.ch\/#website"},"primaryImageOfPage":{"@id":"https:\/\/www.organisator.ch\/management\/2025-07-17\/marktlink-bringt-frischen-wind-in-die-nachfolgeplanung-von-schweizer-kmu\/#primaryimage"},"image":{"@id":"https:\/\/www.organisator.ch\/management\/2025-07-17\/marktlink-bringt-frischen-wind-in-die-nachfolgeplanung-von-schweizer-kmu\/#primaryimage"},"thumbnailUrl":"https:\/\/www.organisator.ch\/wp-content\/uploads\/2025\/07\/Marktlink_Bild1_ps.jpg","datePublished":"2025-07-17T08:00:17+00:00","description":"Con Marc Reinhardt al timone e una chiara attenzione alle piccole e medie imprese, Marktlink Svizzera sta entrando nella fase successiva.","breadcrumb":{"@id":"https:\/\/www.organisator.ch\/management\/2025-07-17\/marktlink-bringt-frischen-wind-in-die-nachfolgeplanung-von-schweizer-kmu\/#breadcrumb"},"inLanguage":"it-IT","potentialAction":[{"@type":"ReadAction","target":["https:\/\/www.organisator.ch\/management\/2025-07-17\/marktlink-bringt-frischen-wind-in-die-nachfolgeplanung-von-schweizer-kmu\/"]}]},{"@type":"ImageObject","inLanguage":"it-IT","@id":"https:\/\/www.organisator.ch\/management\/2025-07-17\/marktlink-bringt-frischen-wind-in-die-nachfolgeplanung-von-schweizer-kmu\/#primaryimage","url":"https:\/\/www.organisator.ch\/wp-content\/uploads\/2025\/07\/Marktlink_Bild1_ps.jpg","contentUrl":"https:\/\/www.organisator.ch\/wp-content\/uploads\/2025\/07\/Marktlink_Bild1_ps.jpg","width":680,"height":454,"caption":"Seit dem Start von Marktlink in Z\u00fcrich hat Marc bereits mehrere Schweizer Unternehmer erfolgreich in ihrer Nachfolgeplanung begleitet. (Bild: www.marktlink.com)"},{"@type":"BreadcrumbList","@id":"https:\/\/www.organisator.ch\/management\/2025-07-17\/marktlink-bringt-frischen-wind-in-die-nachfolgeplanung-von-schweizer-kmu\/#breadcrumb","itemListElement":[{"@type":"ListItem","position":1,"name":"Home","item":"https:\/\/www.organisator.ch\/"},{"@type":"ListItem","position":2,"name":"Marktlink bringt frischen Wind in die Nachfolgeplanung von Schweizer KMU"}]},{"@type":"WebSite","@id":"https:\/\/www.organisator.ch\/#website","url":"https:\/\/www.organisator.ch\/","name":"Organizzatore","description":"Competente. Pratico. In 10 numeri all'anno, ORGANISATOR presenta i temi essenziali per i manager delle PMI.","publisher":{"@id":"https:\/\/www.organisator.ch\/#organization"},"potentialAction":[{"@type":"SearchAction","target":{"@type":"EntryPoint","urlTemplate":"https:\/\/www.organisator.ch\/?s={search_term_string}"},"query-input":{"@type":"PropertyValueSpecification","valueRequired":true,"valueName":"search_term_string"}}],"inLanguage":"it-IT"},{"@type":"Organization","@id":"https:\/\/www.organisator.ch\/#organization","name":"Organizzatore","url":"https:\/\/www.organisator.ch\/","logo":{"@type":"ImageObject","inLanguage":"it-IT","@id":"https:\/\/www.organisator.ch\/#\/schema\/logo\/image\/","url":"https:\/\/www.organisator.ch\/wp-content\/uploads\/2022\/01\/Logo_Organisator_Website.png","contentUrl":"https:\/\/www.organisator.ch\/wp-content\/uploads\/2022\/01\/Logo_Organisator_Website.png","width":800,"height":77,"caption":"Organisator"},"image":{"@id":"https:\/\/www.organisator.ch\/#\/schema\/logo\/image\/"},"sameAs":["https:\/\/www.facebook.com\/OrganisatorFachmagazin","https:\/\/www.linkedin.com\/showcase\/organisator-das-magazin-fr-kmu","https:\/\/www.xing.com\/news\/pages\/organisator-ch-695","https:\/\/www.youtube.com\/channel\/UCGP2Sq0iWaZwT3BdIAQFYpw"]},{"@type":"Person","@id":"https:\/\/www.organisator.ch\/#\/schema\/person\/2e1314a2172123f874db408d8911d3f3","name":"Adelisa Kalajdzini","image":{"@type":"ImageObject","inLanguage":"it-IT","@id":"https:\/\/secure.gravatar.com\/avatar\/09a397c22ac58cad6f160ee8306348599df9df58a8ede73696226897b9fa4b24?s=96&d=mm&r=g","url":"https:\/\/secure.gravatar.com\/avatar\/09a397c22ac58cad6f160ee8306348599df9df58a8ede73696226897b9fa4b24?s=96&d=mm&r=g","contentUrl":"https:\/\/secure.gravatar.com\/avatar\/09a397c22ac58cad6f160ee8306348599df9df58a8ede73696226897b9fa4b24?s=96&d=mm&r=g","caption":"Adelisa Kalajdzini"},"url":"https:\/\/www.organisator.ch\/it\/author\/adelisa-kalajdzini\/"}]}},"_links":{"self":[{"href":"https:\/\/www.organisator.ch\/it\/wp-json\/wp\/v2\/posts\/39611","targetHints":{"allow":["GET"]}}],"collection":[{"href":"https:\/\/www.organisator.ch\/it\/wp-json\/wp\/v2\/posts"}],"about":[{"href":"https:\/\/www.organisator.ch\/it\/wp-json\/wp\/v2\/types\/post"}],"author":[{"embeddable":true,"href":"https:\/\/www.organisator.ch\/it\/wp-json\/wp\/v2\/users\/58"}],"replies":[{"embeddable":true,"href":"https:\/\/www.organisator.ch\/it\/wp-json\/wp\/v2\/comments?post=39611"}],"version-history":[{"count":5,"href":"https:\/\/www.organisator.ch\/it\/wp-json\/wp\/v2\/posts\/39611\/revisions"}],"predecessor-version":[{"id":39652,"href":"https:\/\/www.organisator.ch\/it\/wp-json\/wp\/v2\/posts\/39611\/revisions\/39652"}],"wp:featuredmedia":[{"embeddable":true,"href":"https:\/\/www.organisator.ch\/it\/wp-json\/wp\/v2\/media\/39613"}],"wp:attachment":[{"href":"https:\/\/www.organisator.ch\/it\/wp-json\/wp\/v2\/media?parent=39611"}],"wp:term":[{"taxonomy":"category","embeddable":true,"href":"https:\/\/www.organisator.ch\/it\/wp-json\/wp\/v2\/categories?post=39611"},{"taxonomy":"post_tag","embeddable":true,"href":"https:\/\/www.organisator.ch\/it\/wp-json\/wp\/v2\/tags?post=39611"}],"curies":[{"name":"wp","href":"https:\/\/api.w.org\/{rel}","templated":true}]}}