{"id":39631,"date":"2025-07-22T08:25:42","date_gmt":"2025-07-22T06:25:42","guid":{"rendered":"https:\/\/www.m-q.ch\/?p=21761"},"modified":"2025-07-22T11:38:36","modified_gmt":"2025-07-22T09:38:36","slug":"die-energiewende-vollzieht-sich-am-edge","status":"publish","type":"post","link":"https:\/\/www.organisator.ch\/it\/operational-excellence\/2025-07-22\/die-energiewende-vollzieht-sich-am-edge\/","title":{"rendered":"La transizione energetica sta avvenendo ai margini"},"content":{"rendered":"<figure id=\"attachment_21762\" class=\"wp-caption alignnone\" style=\"width: 680px;\" aria-describedby=\"caption-attachment-21762\"><img class=\"size-full wp-image-21762\" src=\"https:\/\/www.m-q.ch\/wp-content\/uploads\/2025\/07\/Die-Energiewende-vollzieht-sich-am-Edge_MQ.jpg\" sizes=\"(max-width: 680px) 100vw, 680px\" srcset=\"https:\/\/www.m-q.ch\/wp-content\/uploads\/2025\/07\/Die-Energiewende-vollzieht-sich-am-Edge_MQ.jpg 680w, https:\/\/www.m-q.ch\/wp-content\/uploads\/2025\/07\/Die-Energiewende-vollzieht-sich-am-Edge_MQ-12x12.jpg 12w, https:\/\/www.m-q.ch\/wp-content\/uploads\/2025\/07\/Die-Energiewende-vollzieht-sich-am-Edge_MQ-299x300.jpg 299w, https:\/\/www.m-q.ch\/wp-content\/uploads\/2025\/07\/Die-Energiewende-vollzieht-sich-am-Edge_MQ-348x350.jpg 348w, https:\/\/www.m-q.ch\/wp-content\/uploads\/2025\/07\/Die-Energiewende-vollzieht-sich-am-Edge_MQ-250x250.jpg 250w\" alt=\"\" width=\"680\" height=\"683\" \/>\r\n<figcaption id=\"caption-attachment-21762\" class=\"wp-caption-text\">Controllo dell'alimentazione locale, supporto alla mobilit\u00e0 elettrica, stabilizzazione della rete globale: L'edge intelligence \u00e8 uno strumento chiave della transizione energetica. (Immagine: Pixabay.com)<\/figcaption>\r\n<\/figure>\r\n<p>La transizione energetica sta cambiando profondamente la nostra rete elettrica. Il crescente utilizzo di impianti fotovoltaici ed eolici la rende sempre pi\u00f9 decentrata e volatile. Senza la digitalizzazione, questa rete elettrica non sarebbe pi\u00f9 gestibile. L'edge intelligence svolge un ruolo fondamentale in questo senso: analizzare i dati dei dispositivi di misura, delle unit\u00e0 di controllo e dei sensori utilizzando l'intelligenza artificiale direttamente dove vengono generati. Dell Technologies mostra come questa edge intelligence supporti la transizione energetica in molti modi.\u00a0<\/p>\r\n<ol>\r\n\t<li><strong> Controllo decentralizzato in tempo reale. <\/strong>Poich\u00e9 l'intelligenza artificiale analizza i dati sul bordo, non \u00e8 necessario trasferirli a un centro dati centrale o a un cloud per l'elaborazione. In questo modo \u00e8 possibile controllare in tempo reale l'alimentazione locale da fotovoltaico ed eolico. In caso di fluttuazioni della domanda e dell'offerta, l'intelligenza artificiale \u00e8 in grado di reagire senza ritardi: regolando l'immissione di energia, accumulando elettricit\u00e0 o spostando i carichi.<\/li>\r\n\t<li><strong> Sostegno alla mobilit\u00e0 elettrica. <\/strong>Anche l'infrastruttura di ricarica dei veicoli elettrici pu\u00f2 essere controllata in tempo reale. L'intelligenza artificiale analizza i dati direttamente nei punti di ricarica e nella rete locale e pu\u00f2 prevedere i requisiti di ricarica, reagire immediatamente alle condizioni esterne come il carico della rete, i prezzi dell'elettricit\u00e0 o le condizioni dei veicoli e ottimizzare dinamicamente le prestazioni di ricarica. Queste decisioni rapide e legate al contesto sono essenziali, soprattutto nei parchi di ricarica pi\u00f9 grandi e per la ricarica bidirezionale.<\/li>\r\n\t<li><strong> Stabilizzazione della rete complessiva. <\/strong>Controllando le reti locali e le infrastrutture di ricarica, l'edge intelligence non solo garantisce la stabilit\u00e0 della rete locale. Essa mantiene anche pi\u00f9 stabile il sistema elettrico di livello superiore, in quanto smorza i picchi di carico ed evita le fluttuazioni di frequenza. Le sue reazioni rapide e autonome alleggeriscono il carico dei centri di controllo della rete centrale e impediscono che i problemi locali si trasformino in instabilit\u00e0 su larga scala. Pi\u00f9 l'edge intelligence \u00e8 attiva nei sistemi locali, pi\u00f9 la rete complessiva diventa flessibile e robusta.\u00a0<\/li>\r\n\t<li><strong> Rafforzare la protezione dei dati. <\/strong>L'Edge Intelligence rafforza anche la protezione dei dati. Le informazioni personali sensibili, come i dati di consumo, i modelli di frequentazione o il consumo energetico delle singole famiglie, rimangono locali e non devono essere trasferite da nessuna parte. Questo riduce significativamente il rischio di fughe di dati e di accessi non autorizzati.<\/li>\r\n\t<li><strong> Aumentare la resilienza. <\/strong>Infine, ma non meno importante, l'edge intelligence rende la rete elettrica pi\u00f9 resistente. Elaborando i dati in loco, non dipende da una connessione internet funzionante. Ci\u00f2 \u00e8 particolarmente vantaggioso nelle aree rurali, dove i guasti tecnici o le interruzioni di Internet si verificano pi\u00f9 frequentemente. L'alimentazione nelle microgrid, nelle soluzioni a isola o nei sistemi a batteria non viene influenzata da questi casi.\u00a0<\/li>\r\n<\/ol>\r\n<p>\"L'edge intelligence \u00e8 uno strumento chiave nella transizione energetica perch\u00e9 reagisce alle fluttuazioni locali in tempo reale, garantendo cos\u00ec un funzionamento stabile ed efficiente della rete\", afferma Chris Kramar, Director &amp; General Manager OEM DACH di Dell Technologies. \"\u00c8 supportata da sistemi IT robusti e potenti in loco e da piattaforme centralizzate che consentono di fornire a questi sistemi il software e la sicurezza necessari\".<\/p>\r\n<p><em>Fonte: <a href=\"http:\/\/www.delltechnologies.com\/\">Tecnologie Dell<\/a><\/em><\/p>\n<p class=\"syndicated-attribution\">Questo articolo \u00e8 apparso originariamente su m-q.ch - <a href=\"https:\/\/www.m-q.ch\/de\/die-energiewende-vollzieht-sich-am-edge\/\" target=\"_blank\">https:\/\/www.m-q.ch\/de\/die-energiewende-vollzieht-sich-am-edge\/<\/a><\/p>","protected":false},"excerpt":{"rendered":"<p>La transizione energetica sta rendendo la nostra rete elettrica sempre pi\u00f9 volatile e complessa. L'edge intelligence, ovvero l'analisi supportata dall'intelligenza artificiale dei dati di sensori e dispositivi direttamente sul posto, sta diventando uno strumento indispensabile per il controllo e la stabilizzazione.<\/p>","protected":false},"author":8,"featured_media":0,"comment_status":"closed","ping_status":"closed","sticky":false,"template":"","format":"standard","meta":{"_acf_changed":false,"_yoast_wpseo_focuskw":"Energiewende","_yoast_wpseo_metadesc":"Die Energiewende macht unser Stromnetz zunehmend volatil und komplex.","articlekey":"","footnotes":""},"categories":[582],"tags":[1095,319,5453,418,5326],"class_list":["post-39631","post","type-post","status-publish","format-standard","hentry","category-operational-excellence","tag-energiewende","tag-kuenstliche-intelligenz","tag-netzsicherheit","tag-risikomanagement","tag-stromversorgung"],"acf":[],"yoast_head":"<!-- This site is optimized with the Yoast SEO plugin v27.4 - https:\/\/yoast.com\/product\/yoast-seo-wordpress\/ -->\n<title>Die Energiewende vollzieht sich am Edge - Organisator<\/title>\n<meta name=\"description\" content=\"Die Energiewende macht unser Stromnetz zunehmend volatil und komplex.\" \/>\n<meta name=\"robots\" content=\"index, follow, max-snippet:-1, max-image-preview:large, max-video-preview:-1\" \/>\n<link rel=\"canonical\" href=\"https:\/\/www.organisator.ch\/it\/eccellenza-operativa\/2025-07-22\/die-energiewende-vollzieht-sich-am-edge\/\" \/>\n<meta property=\"og:locale\" content=\"it_IT\" \/>\n<meta property=\"og:type\" content=\"article\" \/>\n<meta property=\"og:title\" content=\"Die Energiewende vollzieht sich am Edge - Organisator\" \/>\n<meta property=\"og:description\" content=\"Die Energiewende macht unser Stromnetz zunehmend volatil und komplex.\" \/>\n<meta property=\"og:url\" content=\"https:\/\/www.organisator.ch\/it\/eccellenza-operativa\/2025-07-22\/die-energiewende-vollzieht-sich-am-edge\/\" \/>\n<meta property=\"og:site_name\" content=\"Organisator\" \/>\n<meta property=\"article:publisher\" content=\"https:\/\/www.facebook.com\/OrganisatorFachmagazin\" \/>\n<meta property=\"article:published_time\" content=\"2025-07-22T06:25:42+00:00\" \/>\n<meta property=\"article:modified_time\" content=\"2025-07-22T09:38:36+00:00\" \/>\n<meta property=\"og:image\" content=\"https:\/\/www.organisator.ch\/wp-content\/uploads\/2023\/09\/Wirtschaftsverband-der-Berner-KMU-zuendet-den-Digitalisierungsnachbrenner_Organisator.jpg\" \/>\n\t<meta property=\"og:image:width\" content=\"680\" \/>\n\t<meta property=\"og:image:height\" content=\"505\" \/>\n\t<meta property=\"og:image:type\" content=\"image\/jpeg\" \/>\n<meta name=\"author\" content=\"galledia\" \/>\n<meta name=\"twitter:card\" content=\"summary_large_image\" \/>\n<meta name=\"twitter:creator\" content=\"@admin\" \/>\n<script type=\"application\/ld+json\" class=\"yoast-schema-graph\">{\"@context\":\"https:\\\/\\\/schema.org\",\"@graph\":[{\"@type\":\"Article\",\"@id\":\"https:\\\/\\\/www.organisator.ch\\\/operational-excellence\\\/2025-07-22\\\/die-energiewende-vollzieht-sich-am-edge\\\/#article\",\"isPartOf\":{\"@id\":\"https:\\\/\\\/www.organisator.ch\\\/operational-excellence\\\/2025-07-22\\\/die-energiewende-vollzieht-sich-am-edge\\\/\"},\"author\":{\"name\":\"galledia\",\"@id\":\"https:\\\/\\\/www.organisator.ch\\\/#\\\/schema\\\/person\\\/4e51799071cd2dd1232ac003643ef5f0\"},\"headline\":\"Die Energiewende vollzieht sich am Edge\",\"datePublished\":\"2025-07-22T06:25:42+00:00\",\"dateModified\":\"2025-07-22T09:38:36+00:00\",\"mainEntityOfPage\":{\"@id\":\"https:\\\/\\\/www.organisator.ch\\\/operational-excellence\\\/2025-07-22\\\/die-energiewende-vollzieht-sich-am-edge\\\/\"},\"wordCount\":484,\"publisher\":{\"@id\":\"https:\\\/\\\/www.organisator.ch\\\/#organization\"},\"image\":{\"@id\":\"https:\\\/\\\/www.organisator.ch\\\/operational-excellence\\\/2025-07-22\\\/die-energiewende-vollzieht-sich-am-edge\\\/#primaryimage\"},\"thumbnailUrl\":\"https:\\\/\\\/www.m-q.ch\\\/wp-content\\\/uploads\\\/2025\\\/07\\\/Die-Energiewende-vollzieht-sich-am-Edge_MQ.jpg\",\"keywords\":[\"Energiewende\",\"K\u00fcnstliche Intelligenz\",\"Netzsicherheit\",\"Risikomanagement\",\"Stromversorgung\"],\"articleSection\":[\"OPERATIONAL EXCELLENCE\"],\"inLanguage\":\"it-IT\"},{\"@type\":\"WebPage\",\"@id\":\"https:\\\/\\\/www.organisator.ch\\\/operational-excellence\\\/2025-07-22\\\/die-energiewende-vollzieht-sich-am-edge\\\/\",\"url\":\"https:\\\/\\\/www.organisator.ch\\\/operational-excellence\\\/2025-07-22\\\/die-energiewende-vollzieht-sich-am-edge\\\/\",\"name\":\"Die Energiewende vollzieht sich am Edge - Organisator\",\"isPartOf\":{\"@id\":\"https:\\\/\\\/www.organisator.ch\\\/#website\"},\"primaryImageOfPage\":{\"@id\":\"https:\\\/\\\/www.organisator.ch\\\/operational-excellence\\\/2025-07-22\\\/die-energiewende-vollzieht-sich-am-edge\\\/#primaryimage\"},\"image\":{\"@id\":\"https:\\\/\\\/www.organisator.ch\\\/operational-excellence\\\/2025-07-22\\\/die-energiewende-vollzieht-sich-am-edge\\\/#primaryimage\"},\"thumbnailUrl\":\"https:\\\/\\\/www.m-q.ch\\\/wp-content\\\/uploads\\\/2025\\\/07\\\/Die-Energiewende-vollzieht-sich-am-Edge_MQ.jpg\",\"datePublished\":\"2025-07-22T06:25:42+00:00\",\"dateModified\":\"2025-07-22T09:38:36+00:00\",\"description\":\"Die Energiewende macht unser Stromnetz zunehmend volatil und komplex.\",\"breadcrumb\":{\"@id\":\"https:\\\/\\\/www.organisator.ch\\\/operational-excellence\\\/2025-07-22\\\/die-energiewende-vollzieht-sich-am-edge\\\/#breadcrumb\"},\"inLanguage\":\"it-IT\",\"potentialAction\":[{\"@type\":\"ReadAction\",\"target\":[\"https:\\\/\\\/www.organisator.ch\\\/operational-excellence\\\/2025-07-22\\\/die-energiewende-vollzieht-sich-am-edge\\\/\"]}]},{\"@type\":\"ImageObject\",\"inLanguage\":\"it-IT\",\"@id\":\"https:\\\/\\\/www.organisator.ch\\\/operational-excellence\\\/2025-07-22\\\/die-energiewende-vollzieht-sich-am-edge\\\/#primaryimage\",\"url\":\"https:\\\/\\\/www.m-q.ch\\\/wp-content\\\/uploads\\\/2025\\\/07\\\/Die-Energiewende-vollzieht-sich-am-Edge_MQ.jpg\",\"contentUrl\":\"https:\\\/\\\/www.m-q.ch\\\/wp-content\\\/uploads\\\/2025\\\/07\\\/Die-Energiewende-vollzieht-sich-am-Edge_MQ.jpg\"},{\"@type\":\"BreadcrumbList\",\"@id\":\"https:\\\/\\\/www.organisator.ch\\\/operational-excellence\\\/2025-07-22\\\/die-energiewende-vollzieht-sich-am-edge\\\/#breadcrumb\",\"itemListElement\":[{\"@type\":\"ListItem\",\"position\":1,\"name\":\"Home\",\"item\":\"https:\\\/\\\/www.organisator.ch\\\/\"},{\"@type\":\"ListItem\",\"position\":2,\"name\":\"Die Energiewende vollzieht sich am Edge\"}]},{\"@type\":\"WebSite\",\"@id\":\"https:\\\/\\\/www.organisator.ch\\\/#website\",\"url\":\"https:\\\/\\\/www.organisator.ch\\\/\",\"name\":\"Organisator\",\"description\":\"Kompetent. Praxisnah. Der ORGANISATOR bereitet in 10 Ausgaben pro Jahr die wesentlichen Themen f\u00fcr F\u00fchrungskr\u00e4fte von KMU auf.\",\"publisher\":{\"@id\":\"https:\\\/\\\/www.organisator.ch\\\/#organization\"},\"potentialAction\":[{\"@type\":\"SearchAction\",\"target\":{\"@type\":\"EntryPoint\",\"urlTemplate\":\"https:\\\/\\\/www.organisator.ch\\\/?s={search_term_string}\"},\"query-input\":{\"@type\":\"PropertyValueSpecification\",\"valueRequired\":true,\"valueName\":\"search_term_string\"}}],\"inLanguage\":\"it-IT\"},{\"@type\":\"Organization\",\"@id\":\"https:\\\/\\\/www.organisator.ch\\\/#organization\",\"name\":\"Organisator\",\"url\":\"https:\\\/\\\/www.organisator.ch\\\/\",\"logo\":{\"@type\":\"ImageObject\",\"inLanguage\":\"it-IT\",\"@id\":\"https:\\\/\\\/www.organisator.ch\\\/#\\\/schema\\\/logo\\\/image\\\/\",\"url\":\"https:\\\/\\\/www.organisator.ch\\\/wp-content\\\/uploads\\\/2022\\\/01\\\/Logo_Organisator_Website.png\",\"contentUrl\":\"https:\\\/\\\/www.organisator.ch\\\/wp-content\\\/uploads\\\/2022\\\/01\\\/Logo_Organisator_Website.png\",\"width\":800,\"height\":77,\"caption\":\"Organisator\"},\"image\":{\"@id\":\"https:\\\/\\\/www.organisator.ch\\\/#\\\/schema\\\/logo\\\/image\\\/\"},\"sameAs\":[\"https:\\\/\\\/www.facebook.com\\\/OrganisatorFachmagazin\",\"https:\\\/\\\/www.linkedin.com\\\/showcase\\\/organisator-das-magazin-fr-kmu\",\"https:\\\/\\\/www.xing.com\\\/news\\\/pages\\\/organisator-ch-695\",\"https:\\\/\\\/www.youtube.com\\\/channel\\\/UCGP2Sq0iWaZwT3BdIAQFYpw\"]},{\"@type\":\"Person\",\"@id\":\"https:\\\/\\\/www.organisator.ch\\\/#\\\/schema\\\/person\\\/4e51799071cd2dd1232ac003643ef5f0\",\"name\":\"galledia\",\"image\":{\"@type\":\"ImageObject\",\"inLanguage\":\"it-IT\",\"@id\":\"https:\\\/\\\/secure.gravatar.com\\\/avatar\\\/78a7f90c01fc2bfc875782a0d4922b37cde2cf184ce347b91316d23cd7f69a36?s=96&d=mm&r=g\",\"url\":\"https:\\\/\\\/secure.gravatar.com\\\/avatar\\\/78a7f90c01fc2bfc875782a0d4922b37cde2cf184ce347b91316d23cd7f69a36?s=96&d=mm&r=g\",\"contentUrl\":\"https:\\\/\\\/secure.gravatar.com\\\/avatar\\\/78a7f90c01fc2bfc875782a0d4922b37cde2cf184ce347b91316d23cd7f69a36?s=96&d=mm&r=g\",\"caption\":\"galledia\"},\"sameAs\":[\"https:\\\/\\\/x.com\\\/admin\"],\"url\":\"https:\\\/\\\/www.organisator.ch\\\/it\\\/author\\\/galledia\\\/\"}]}<\/script>\n<!-- \/ Yoast SEO plugin. -->","yoast_head_json":{"title":"La transizione energetica avviene ai margini - Organizzatore","description":"La transizione energetica sta rendendo la nostra rete elettrica sempre pi\u00f9 volatile e complessa.","robots":{"index":"index","follow":"follow","max-snippet":"max-snippet:-1","max-image-preview":"max-image-preview:large","max-video-preview":"max-video-preview:-1"},"canonical":"https:\/\/www.organisator.ch\/it\/eccellenza-operativa\/2025-07-22\/die-energiewende-vollzieht-sich-am-edge\/","og_locale":"it_IT","og_type":"article","og_title":"Die Energiewende vollzieht sich am Edge - Organisator","og_description":"Die Energiewende macht unser Stromnetz zunehmend volatil und komplex.","og_url":"https:\/\/www.organisator.ch\/it\/eccellenza-operativa\/2025-07-22\/die-energiewende-vollzieht-sich-am-edge\/","og_site_name":"Organisator","article_publisher":"https:\/\/www.facebook.com\/OrganisatorFachmagazin","article_published_time":"2025-07-22T06:25:42+00:00","article_modified_time":"2025-07-22T09:38:36+00:00","og_image":[{"width":680,"height":505,"url":"https:\/\/www.organisator.ch\/wp-content\/uploads\/2023\/09\/Wirtschaftsverband-der-Berner-KMU-zuendet-den-Digitalisierungsnachbrenner_Organisator.jpg","type":"image\/jpeg"}],"author":"galledia","twitter_card":"summary_large_image","twitter_creator":"@admin","schema":{"@context":"https:\/\/schema.org","@graph":[{"@type":"Article","@id":"https:\/\/www.organisator.ch\/operational-excellence\/2025-07-22\/die-energiewende-vollzieht-sich-am-edge\/#article","isPartOf":{"@id":"https:\/\/www.organisator.ch\/operational-excellence\/2025-07-22\/die-energiewende-vollzieht-sich-am-edge\/"},"author":{"name":"galledia","@id":"https:\/\/www.organisator.ch\/#\/schema\/person\/4e51799071cd2dd1232ac003643ef5f0"},"headline":"Die Energiewende vollzieht sich am Edge","datePublished":"2025-07-22T06:25:42+00:00","dateModified":"2025-07-22T09:38:36+00:00","mainEntityOfPage":{"@id":"https:\/\/www.organisator.ch\/operational-excellence\/2025-07-22\/die-energiewende-vollzieht-sich-am-edge\/"},"wordCount":484,"publisher":{"@id":"https:\/\/www.organisator.ch\/#organization"},"image":{"@id":"https:\/\/www.organisator.ch\/operational-excellence\/2025-07-22\/die-energiewende-vollzieht-sich-am-edge\/#primaryimage"},"thumbnailUrl":"https:\/\/www.m-q.ch\/wp-content\/uploads\/2025\/07\/Die-Energiewende-vollzieht-sich-am-Edge_MQ.jpg","keywords":["Energiewende","K\u00fcnstliche Intelligenz","Netzsicherheit","Risikomanagement","Stromversorgung"],"articleSection":["OPERATIONAL EXCELLENCE"],"inLanguage":"it-IT"},{"@type":"WebPage","@id":"https:\/\/www.organisator.ch\/operational-excellence\/2025-07-22\/die-energiewende-vollzieht-sich-am-edge\/","url":"https:\/\/www.organisator.ch\/operational-excellence\/2025-07-22\/die-energiewende-vollzieht-sich-am-edge\/","name":"La transizione energetica avviene ai margini - Organizzatore","isPartOf":{"@id":"https:\/\/www.organisator.ch\/#website"},"primaryImageOfPage":{"@id":"https:\/\/www.organisator.ch\/operational-excellence\/2025-07-22\/die-energiewende-vollzieht-sich-am-edge\/#primaryimage"},"image":{"@id":"https:\/\/www.organisator.ch\/operational-excellence\/2025-07-22\/die-energiewende-vollzieht-sich-am-edge\/#primaryimage"},"thumbnailUrl":"https:\/\/www.m-q.ch\/wp-content\/uploads\/2025\/07\/Die-Energiewende-vollzieht-sich-am-Edge_MQ.jpg","datePublished":"2025-07-22T06:25:42+00:00","dateModified":"2025-07-22T09:38:36+00:00","description":"La transizione energetica sta rendendo la nostra rete elettrica sempre pi\u00f9 volatile e complessa.","breadcrumb":{"@id":"https:\/\/www.organisator.ch\/operational-excellence\/2025-07-22\/die-energiewende-vollzieht-sich-am-edge\/#breadcrumb"},"inLanguage":"it-IT","potentialAction":[{"@type":"ReadAction","target":["https:\/\/www.organisator.ch\/operational-excellence\/2025-07-22\/die-energiewende-vollzieht-sich-am-edge\/"]}]},{"@type":"ImageObject","inLanguage":"it-IT","@id":"https:\/\/www.organisator.ch\/operational-excellence\/2025-07-22\/die-energiewende-vollzieht-sich-am-edge\/#primaryimage","url":"https:\/\/www.m-q.ch\/wp-content\/uploads\/2025\/07\/Die-Energiewende-vollzieht-sich-am-Edge_MQ.jpg","contentUrl":"https:\/\/www.m-q.ch\/wp-content\/uploads\/2025\/07\/Die-Energiewende-vollzieht-sich-am-Edge_MQ.jpg"},{"@type":"BreadcrumbList","@id":"https:\/\/www.organisator.ch\/operational-excellence\/2025-07-22\/die-energiewende-vollzieht-sich-am-edge\/#breadcrumb","itemListElement":[{"@type":"ListItem","position":1,"name":"Home","item":"https:\/\/www.organisator.ch\/"},{"@type":"ListItem","position":2,"name":"Die Energiewende vollzieht sich am Edge"}]},{"@type":"WebSite","@id":"https:\/\/www.organisator.ch\/#website","url":"https:\/\/www.organisator.ch\/","name":"Organizzatore","description":"Competente. Pratico. In 10 numeri all'anno, ORGANISATOR presenta i temi essenziali per i manager delle PMI.","publisher":{"@id":"https:\/\/www.organisator.ch\/#organization"},"potentialAction":[{"@type":"SearchAction","target":{"@type":"EntryPoint","urlTemplate":"https:\/\/www.organisator.ch\/?s={search_term_string}"},"query-input":{"@type":"PropertyValueSpecification","valueRequired":true,"valueName":"search_term_string"}}],"inLanguage":"it-IT"},{"@type":"Organization","@id":"https:\/\/www.organisator.ch\/#organization","name":"Organizzatore","url":"https:\/\/www.organisator.ch\/","logo":{"@type":"ImageObject","inLanguage":"it-IT","@id":"https:\/\/www.organisator.ch\/#\/schema\/logo\/image\/","url":"https:\/\/www.organisator.ch\/wp-content\/uploads\/2022\/01\/Logo_Organisator_Website.png","contentUrl":"https:\/\/www.organisator.ch\/wp-content\/uploads\/2022\/01\/Logo_Organisator_Website.png","width":800,"height":77,"caption":"Organisator"},"image":{"@id":"https:\/\/www.organisator.ch\/#\/schema\/logo\/image\/"},"sameAs":["https:\/\/www.facebook.com\/OrganisatorFachmagazin","https:\/\/www.linkedin.com\/showcase\/organisator-das-magazin-fr-kmu","https:\/\/www.xing.com\/news\/pages\/organisator-ch-695","https:\/\/www.youtube.com\/channel\/UCGP2Sq0iWaZwT3BdIAQFYpw"]},{"@type":"Person","@id":"https:\/\/www.organisator.ch\/#\/schema\/person\/4e51799071cd2dd1232ac003643ef5f0","name":"galledia","image":{"@type":"ImageObject","inLanguage":"it-IT","@id":"https:\/\/secure.gravatar.com\/avatar\/78a7f90c01fc2bfc875782a0d4922b37cde2cf184ce347b91316d23cd7f69a36?s=96&d=mm&r=g","url":"https:\/\/secure.gravatar.com\/avatar\/78a7f90c01fc2bfc875782a0d4922b37cde2cf184ce347b91316d23cd7f69a36?s=96&d=mm&r=g","contentUrl":"https:\/\/secure.gravatar.com\/avatar\/78a7f90c01fc2bfc875782a0d4922b37cde2cf184ce347b91316d23cd7f69a36?s=96&d=mm&r=g","caption":"galledia"},"sameAs":["https:\/\/x.com\/admin"],"url":"https:\/\/www.organisator.ch\/it\/author\/galledia\/"}]}},"_links":{"self":[{"href":"https:\/\/www.organisator.ch\/it\/wp-json\/wp\/v2\/posts\/39631","targetHints":{"allow":["GET"]}}],"collection":[{"href":"https:\/\/www.organisator.ch\/it\/wp-json\/wp\/v2\/posts"}],"about":[{"href":"https:\/\/www.organisator.ch\/it\/wp-json\/wp\/v2\/types\/post"}],"author":[{"embeddable":true,"href":"https:\/\/www.organisator.ch\/it\/wp-json\/wp\/v2\/users\/8"}],"replies":[{"embeddable":true,"href":"https:\/\/www.organisator.ch\/it\/wp-json\/wp\/v2\/comments?post=39631"}],"version-history":[{"count":6,"href":"https:\/\/www.organisator.ch\/it\/wp-json\/wp\/v2\/posts\/39631\/revisions"}],"predecessor-version":[{"id":39647,"href":"https:\/\/www.organisator.ch\/it\/wp-json\/wp\/v2\/posts\/39631\/revisions\/39647"}],"wp:attachment":[{"href":"https:\/\/www.organisator.ch\/it\/wp-json\/wp\/v2\/media?parent=39631"}],"wp:term":[{"taxonomy":"category","embeddable":true,"href":"https:\/\/www.organisator.ch\/it\/wp-json\/wp\/v2\/categories?post=39631"},{"taxonomy":"post_tag","embeddable":true,"href":"https:\/\/www.organisator.ch\/it\/wp-json\/wp\/v2\/tags?post=39631"}],"curies":[{"name":"wp","href":"https:\/\/api.w.org\/{rel}","templated":true}]}}