{"id":3968,"date":"2018-07-24T13:53:21","date_gmt":"2018-07-24T11:53:21","guid":{"rendered":"https:\/\/www.organisator.ch\/?p=3968"},"modified":"2018-07-24T13:53:21","modified_gmt":"2018-07-24T11:53:21","slug":"firmenverkaeufe-ins-ausland-auf-rekordniveau","status":"publish","type":"post","link":"https:\/\/www.organisator.ch\/it\/management\/finanzen_recht\/2018-07-24\/firmenverkaeufe-ins-ausland-auf-rekordniveau\/","title":{"rendered":"Vendite aziendali all'estero a livello record"},"content":{"rendered":"<figure id=\"attachment_3969\" aria-describedby=\"caption-attachment-3969\" style=\"width: 640px\" class=\"wp-caption alignnone\"><img loading=\"lazy\" decoding=\"async\" class=\"size-full wp-image-3969\" src=\"https:\/\/www.organisator.ch\/wp-content\/uploads\/2018\/07\/Firmenverkaeufe-ins-Ausland-auf-Rekordniveau-1_Organisator.jpg\" alt=\"\" width=\"640\" height=\"427\" srcset=\"https:\/\/www.organisator.ch\/wp-content\/uploads\/2018\/07\/Firmenverkaeufe-ins-Ausland-auf-Rekordniveau-1_Organisator.jpg 640w, https:\/\/www.organisator.ch\/wp-content\/uploads\/2018\/07\/Firmenverkaeufe-ins-Ausland-auf-Rekordniveau-1_Organisator-16x12.jpg 16w, https:\/\/www.organisator.ch\/wp-content\/uploads\/2018\/07\/Firmenverkaeufe-ins-Ausland-auf-Rekordniveau-1_Organisator-262x175.jpg 262w, https:\/\/www.organisator.ch\/wp-content\/uploads\/2018\/07\/Firmenverkaeufe-ins-Ausland-auf-Rekordniveau-1_Organisator-525x350.jpg 525w, https:\/\/www.organisator.ch\/wp-content\/uploads\/2018\/07\/Firmenverkaeufe-ins-Ausland-auf-Rekordniveau-1_Organisator-300x200.jpg 300w\" sizes=\"auto, (max-width: 640px) 100vw, 640px\" \/><figcaption id=\"caption-attachment-3969\" class=\"wp-caption-text\">Vendite aziendali: Gli investimenti nelle PMI svizzere sono molto popolari e relativamente sicuri. (Immagine: Fotolia.com)<\/figcaption><\/figure>\n<p>Le vendite di aziende all'estero hanno raggiunto un nuovo record tra gennaio e giugno 2018: 40 PMI svizzere sono state trasferite all'estero, con un aumento impressionante di 38% rispetto allo stesso periodo dell'anno scorso. La maggior parte degli acquirenti si trova in Europa, con nove provenienti dalla Germania, tre dalla Francia e dal Regno Unito e due dalla Svezia. Sei acquirenti vengono dagli Stati Uniti e solo due dalla Cina, secondo la valutazione semestrale dello studio Deloitte SME M&amp;A.<\/p>\n<h2>Le vendite dell'azienda agli investitori cinesi diminuiscono<\/h2>\n<p>\"L'aumento delle vendite all'estero \u00e8 un chiaro segno della forza e dell'attrattiva delle PMI svizzere. Molti di loro hanno stabilito posizioni significative in mercati di nicchia e sono ben collegati a livello internazionale. Pertanto, sono anche obiettivi ricercati, sia per gli investitori finanziari che per le aziende dello stesso settore. Con l'indebolimento del franco, i prezzi sono diventati anche un po' pi\u00f9 accessibili. La grande maggioranza degli investitori ha anche piani a lungo termine e vuole mantenere il know-how e i posti di lavoro in Svizzera\", spiega Jean-Fran\u00e7ois Lagass\u00e9, Partner Financial Advisory di Deloitte Svizzera. Gli investitori cinesi sono diventati pi\u00f9 cauti e stanno di nuovo cedendo le loro partecipazioni svizzere, osserva Stephan Br\u00fccher, anche lui partner Financial Advisory e Corporate Finance Advisory.<\/p>\n<h2>Le PMI svizzere hanno potuto acquistare meno<\/h2>\n<p>Finora quest'anno, le PMI hanno avuto un po' di cautela o meno successo con investimenti e acquisizioni di concorrenti in patria e all'estero. Mentre 65 aziende hanno osato fare questo passo nello stesso periodo dell'anno scorso, solo 60 lo hanno fatto quest'anno. Come negli anni precedenti, le PMI svizzere hanno fatto acquisti soprattutto nei paesi vicini. Su un totale di 31 aziende che sono diventate propriet\u00e0 di PMI svizzere, 24 provenivano dall'Europa e 11 solo dalla Germania. Le aziende svizzere hanno effettuato 5 delle loro acquisizioni negli Stati Uniti, rendendolo il secondo mercato pi\u00f9 attraente per le acquisizioni.<\/p>\n<figure id=\"attachment_3970\" aria-describedby=\"caption-attachment-3970\" style=\"width: 640px\" class=\"wp-caption alignnone\"><img loading=\"lazy\" decoding=\"async\" class=\"size-full wp-image-3970\" src=\"https:\/\/www.organisator.ch\/wp-content\/uploads\/2018\/07\/Firmenverkaeufe-ins-Ausland-auf-Rekordniveau-2_Organisator.jpg\" alt=\"\" width=\"640\" height=\"118\" srcset=\"https:\/\/www.organisator.ch\/wp-content\/uploads\/2018\/07\/Firmenverkaeufe-ins-Ausland-auf-Rekordniveau-2_Organisator.jpg 640w, https:\/\/www.organisator.ch\/wp-content\/uploads\/2018\/07\/Firmenverkaeufe-ins-Ausland-auf-Rekordniveau-2_Organisator-16x3.jpg 16w, https:\/\/www.organisator.ch\/wp-content\/uploads\/2018\/07\/Firmenverkaeufe-ins-Ausland-auf-Rekordniveau-2_Organisator-375x69.jpg 375w, https:\/\/www.organisator.ch\/wp-content\/uploads\/2018\/07\/Firmenverkaeufe-ins-Ausland-auf-Rekordniveau-2_Organisator-300x55.jpg 300w\" sizes=\"auto, (max-width: 640px) 100vw, 640px\" \/><figcaption id=\"caption-attachment-3970\" class=\"wp-caption-text\">Sviluppo di fusioni e acquisizioni per tipo di transazione 2014 - 2018.<\/figcaption><\/figure>\n<h2>Settore industriale e telecomunicazioni molto attivo<\/h2>\n<p>Il maggior numero di transazioni \u00e8 stato registrato nel settore industriale con 22, seguito dai servizi (16) e dai beni di consumo (14). Un numero impressionante di aziende del settore della tecnologia, dei media e delle telecomunicazioni (TMT) \u00e8 passato di mano, otto sono state vendute all'estero e tre hanno trovato un nuovo proprietario dalla Svizzera. \"Le nuove tecnologie e la digitalizzazione promuovono la crescita e aumentano la produttivit\u00e0 in molti settori: le PMI lungimiranti sfruttano attivamente questo potenziale e trovano in Svizzera candidati all'acquisto adatti. Questo non \u00e8 sorprendente, dato che la Svizzera ha universit\u00e0 di livello mondiale che producono regolarmente start-up e spin-off interessanti\", spiega Lagass\u00e9.<\/p>\n<p>Le aziende svizzere comprano molte aziende industriali all'estero, 12 delle 31 acquisizioni provengono da questo settore, la met\u00e0 delle quali sono aziende tedesche. Di questi sei, quattro erano investitori strategici che compravano aziende che si adattavano al loro portafoglio di prodotti e due erano investitori finanziari.<\/p>\n<h2>Private equity sotto pressione per gli investimenti<\/h2>\n<p>Nella prima met\u00e0 del 2017, i fondi di private equity erano ancora coinvolti in 28% delle transazioni, nel frattempo \u00e8 gi\u00e0 36%. Molte societ\u00e0 di PE stanno beneficiando dell'ambiente dei tassi d'interesse ancora attraente e stanno raccogliendo molto denaro da investire. \"Sono sotto una forte pressione di investimento e stanno cercando duramente delle opportunit\u00e0 di investimento. Le aziende di alta qualit\u00e0 e sottofinanziate sono molto ricercate e costose. Le aziende che vengono acquistate vengono riallineate di proposito. I processi e le strutture vengono migliorati per poter rivendere l'azienda pi\u00f9 tardi. Questo sviluppo ha senso dal punto di vista economico, perch\u00e9 il potenziale inattivo viene utilizzato. Oggi, gli investitori sono anche pi\u00f9 consapevoli degli asset come i dipendenti di lunga data o i nomi dei marchi che si sono affermati sul mercato\", dice Br\u00fccher.<\/p>\n<p>Oltre alle aziende di PE, anche gli investitori strategici con bilanci sani hanno una pressione di investimento e sono quindi anche alla ricerca di obiettivi di acquisizione adatti. I prezzi continuano quindi a salire e l'indicatore di valutazione dei cosiddetti 'deal multiples' \u00e8 gi\u00e0 in aumento da sei anni, nella prima met\u00e0 del 2018 \u00e8 salito ancora, da 9 a 9,5. \"Questo \u00e8 un nuovo record e mostra chiaramente che i prezzi pagati non sempre corrispondono ai valori reali. Vediamo questo sviluppo non solo in Svizzera, ma anche in tutta la zona euro. Prima o poi, una correzione \u00e8 sulla carta\", avvertono gli specialisti di Deloitte.<\/p>\n<h2>L'alta incertezza rende difficili le previsioni<\/h2>\n<p>A livello internazionale, le incertezze politiche ed economiche sono piuttosto aumentate nell'anno in corso. \"Non c'\u00e8 una fine in vista della guerra commerciale, i tassi di interesse stanno lentamente aumentando, l'Italia sta causando instabilit\u00e0 nella zona euro e il franco \u00e8 salito ancora un po'. Non sappiamo mai quando i mercati gireranno di nuovo, ed \u00e8 per questo che rimaniamo cautamente ottimisti per il resto dell'anno\", spiega Lagass\u00e9.<\/p>\n<p>Tuttavia, la tendenza verso acquisizioni pi\u00f9 dirompenti (disruptive M&amp;A), che sta gi\u00e0 diventando pi\u00f9 chiara a livello globale, potrebbe guadagnare importanza e stimolare il business. Negli ultimi sei mesi, solo il dieci per cento delle transazioni ha coinvolto acquirenti e venditori di settori diversi. \"Sempre pi\u00f9 aziende stanno acquisendo un know-how digitale per espandere il proprio modello di business o per capovolgerlo completamente. Le aziende orientate tradizionalmente sono oggi particolarmente sotto pressione per rendersi adatte al futuro attraverso acquisizioni strategiche, e le PMI dei settori fintech, intelligenza artificiale, robotica o sicurezza informatica sono particolarmente sotto esame\", aggiunge Br\u00fccher.<\/p>\n<p><em>Fonte: <a href=\"http:\/\/www.deloitte.ch\">Deloitte<\/a><\/em><\/p>\n<p>&nbsp;<\/p>","protected":false},"excerpt":{"rendered":"<p>Die Firmenverk\u00e4ufe ins Ausland erreichten zwischen Januar und Juni 2018 einen neuen Rekord: 40 Schweizer KMU gingen in ausl\u00e4ndischen Besitz \u00fcber, das ist ein markanter Anstieg von 38% im Vergleich zur Vorjahresperiode. Die K\u00e4ufer sind mehrheitlich in Europa zu finden, neun stammen aus Deutschland, je drei aus Frankreich und Grossbritannien und zwei aus Schweden. Sechs [&hellip;]<\/p>\n","protected":false},"author":4,"featured_media":3969,"comment_status":"open","ping_status":"open","sticky":false,"template":"","format":"standard","meta":{"_acf_changed":false,"_yoast_wpseo_focuskw":"Firmenverk\u00e4ufe","_yoast_wpseo_metadesc":"Im Vergleich zur Vorjahresperiode kauften ausl\u00e4ndische Firmen 38% Prozent mehr Schweizer KMUs, die Zahl inl\u00e4ndischer K\u00e4ufer blieb beinahe gleich.","articlekey":"","footnotes":""},"categories":[24],"tags":[284,332,335,531],"class_list":["post-3968","post","type-post","status-publish","format-standard","has-post-thumbnail","hentry","category-finanzen_recht","tag-investitionen","tag-ma","tag-management-und-unternehmensfuehrung","tag-wirtschaftspolitik"],"acf":[],"yoast_head":"<!-- This site is optimized with the Yoast SEO plugin v27.5 - https:\/\/yoast.com\/product\/yoast-seo-wordpress\/ -->\n<title>Firmenverk\u00e4ufe ins Ausland auf Rekordniveau - Organisator<\/title>\n<meta name=\"description\" content=\"Im Vergleich zur Vorjahresperiode kauften ausl\u00e4ndische Firmen 38% Prozent mehr Schweizer KMUs, die Zahl inl\u00e4ndischer K\u00e4ufer blieb beinahe gleich.\" \/>\n<meta name=\"robots\" content=\"index, follow, max-snippet:-1, max-image-preview:large, max-video-preview:-1\" \/>\n<link rel=\"canonical\" href=\"https:\/\/www.organisator.ch\/it\/gestione-2\/finanzen_recht\/2018-07-24\/firmenverkaeufe-ins-ausland-auf-rekordniveau\/\" \/>\n<meta property=\"og:locale\" content=\"it_IT\" \/>\n<meta property=\"og:type\" content=\"article\" \/>\n<meta property=\"og:title\" content=\"Firmenverk\u00e4ufe ins Ausland auf Rekordniveau\" \/>\n<meta property=\"og:description\" content=\"Im Vergleich zur Vorjahresperiode kauften ausl\u00e4ndische Firmen 38% Prozent mehr Schweizer KMUs, die Zahl inl\u00e4ndischer K\u00e4ufer blieb beinahe gleich.\" \/>\n<meta property=\"og:url\" content=\"https:\/\/www.organisator.ch\/it\/gestione-2\/finanzen_recht\/2018-07-24\/firmenverkaeufe-ins-ausland-auf-rekordniveau\/\" \/>\n<meta property=\"og:site_name\" content=\"Organisator\" \/>\n<meta property=\"article:publisher\" content=\"https:\/\/www.facebook.com\/OrganisatorFachmagazin\" \/>\n<meta property=\"article:published_time\" content=\"2018-07-24T11:53:21+00:00\" \/>\n<meta property=\"og:image\" content=\"https:\/\/www.organisator.ch\/wp-content\/uploads\/2018\/07\/Firmenverkaeufe-ins-Ausland-auf-Rekordniveau-1_Organisator.jpg\" \/>\n\t<meta property=\"og:image:width\" content=\"640\" \/>\n\t<meta property=\"og:image:height\" content=\"427\" \/>\n\t<meta property=\"og:image:type\" content=\"image\/jpeg\" \/>\n<meta name=\"author\" content=\"thomas.berner\" \/>\n<meta name=\"twitter:card\" content=\"summary_large_image\" \/>\n<meta name=\"twitter:title\" content=\"#Firmenverk\u00e4ufe ins Ausland auf Rekordniveau\" \/>\n<meta name=\"twitter:description\" content=\"Im Vergleich zur Vorjahresperiode kauften ausl\u00e4ndische Firmen 38% Prozent mehr Schweizer #KMUs, die Zahl inl\u00e4ndischer K\u00e4ufer blieb beinahe gleich.\" \/>\n<meta name=\"twitter:image\" content=\"https:\/\/www.organisator.ch\/wp-content\/uploads\/2018\/07\/Firmenverk\u00e4ufe-ins-Ausland-auf-Rekordniveau-1_Organisator.jpg\" \/>\n<script type=\"application\/ld+json\" class=\"yoast-schema-graph\">{\"@context\":\"https:\\\/\\\/schema.org\",\"@graph\":[{\"@type\":\"Article\",\"@id\":\"https:\\\/\\\/www.organisator.ch\\\/management\\\/finanzen_recht\\\/2018-07-24\\\/firmenverkaeufe-ins-ausland-auf-rekordniveau\\\/#article\",\"isPartOf\":{\"@id\":\"https:\\\/\\\/www.organisator.ch\\\/management\\\/finanzen_recht\\\/2018-07-24\\\/firmenverkaeufe-ins-ausland-auf-rekordniveau\\\/\"},\"author\":{\"name\":\"thomas.berner\",\"@id\":\"https:\\\/\\\/www.organisator.ch\\\/#\\\/schema\\\/person\\\/6f650f90b2842cd4c0cc334b4e36f67e\"},\"headline\":\"Firmenverk\u00e4ufe ins Ausland auf Rekordniveau\",\"datePublished\":\"2018-07-24T11:53:21+00:00\",\"mainEntityOfPage\":{\"@id\":\"https:\\\/\\\/www.organisator.ch\\\/management\\\/finanzen_recht\\\/2018-07-24\\\/firmenverkaeufe-ins-ausland-auf-rekordniveau\\\/\"},\"wordCount\":879,\"commentCount\":0,\"publisher\":{\"@id\":\"https:\\\/\\\/www.organisator.ch\\\/#organization\"},\"image\":{\"@id\":\"https:\\\/\\\/www.organisator.ch\\\/management\\\/finanzen_recht\\\/2018-07-24\\\/firmenverkaeufe-ins-ausland-auf-rekordniveau\\\/#primaryimage\"},\"thumbnailUrl\":\"https:\\\/\\\/www.organisator.ch\\\/wp-content\\\/uploads\\\/2018\\\/07\\\/Firmenverkaeufe-ins-Ausland-auf-Rekordniveau-1_Organisator.jpg\",\"keywords\":[\"Investitionen\",\"M&amp;A\",\"Management und Unternehmensf\u00fchrung\",\"Wirtschaftspolitik\"],\"articleSection\":[\"FINANZEN\\\/RECHT\"],\"inLanguage\":\"it-IT\"},{\"@type\":\"WebPage\",\"@id\":\"https:\\\/\\\/www.organisator.ch\\\/management\\\/finanzen_recht\\\/2018-07-24\\\/firmenverkaeufe-ins-ausland-auf-rekordniveau\\\/\",\"url\":\"https:\\\/\\\/www.organisator.ch\\\/management\\\/finanzen_recht\\\/2018-07-24\\\/firmenverkaeufe-ins-ausland-auf-rekordniveau\\\/\",\"name\":\"Firmenverk\u00e4ufe ins Ausland auf Rekordniveau - Organisator\",\"isPartOf\":{\"@id\":\"https:\\\/\\\/www.organisator.ch\\\/#website\"},\"primaryImageOfPage\":{\"@id\":\"https:\\\/\\\/www.organisator.ch\\\/management\\\/finanzen_recht\\\/2018-07-24\\\/firmenverkaeufe-ins-ausland-auf-rekordniveau\\\/#primaryimage\"},\"image\":{\"@id\":\"https:\\\/\\\/www.organisator.ch\\\/management\\\/finanzen_recht\\\/2018-07-24\\\/firmenverkaeufe-ins-ausland-auf-rekordniveau\\\/#primaryimage\"},\"thumbnailUrl\":\"https:\\\/\\\/www.organisator.ch\\\/wp-content\\\/uploads\\\/2018\\\/07\\\/Firmenverkaeufe-ins-Ausland-auf-Rekordniveau-1_Organisator.jpg\",\"datePublished\":\"2018-07-24T11:53:21+00:00\",\"description\":\"Im Vergleich zur Vorjahresperiode kauften ausl\u00e4ndische Firmen 38% Prozent mehr Schweizer KMUs, die Zahl inl\u00e4ndischer K\u00e4ufer blieb beinahe gleich.\",\"breadcrumb\":{\"@id\":\"https:\\\/\\\/www.organisator.ch\\\/management\\\/finanzen_recht\\\/2018-07-24\\\/firmenverkaeufe-ins-ausland-auf-rekordniveau\\\/#breadcrumb\"},\"inLanguage\":\"it-IT\",\"potentialAction\":[{\"@type\":\"ReadAction\",\"target\":[\"https:\\\/\\\/www.organisator.ch\\\/management\\\/finanzen_recht\\\/2018-07-24\\\/firmenverkaeufe-ins-ausland-auf-rekordniveau\\\/\"]}]},{\"@type\":\"ImageObject\",\"inLanguage\":\"it-IT\",\"@id\":\"https:\\\/\\\/www.organisator.ch\\\/management\\\/finanzen_recht\\\/2018-07-24\\\/firmenverkaeufe-ins-ausland-auf-rekordniveau\\\/#primaryimage\",\"url\":\"https:\\\/\\\/www.organisator.ch\\\/wp-content\\\/uploads\\\/2018\\\/07\\\/Firmenverkaeufe-ins-Ausland-auf-Rekordniveau-1_Organisator.jpg\",\"contentUrl\":\"https:\\\/\\\/www.organisator.ch\\\/wp-content\\\/uploads\\\/2018\\\/07\\\/Firmenverkaeufe-ins-Ausland-auf-Rekordniveau-1_Organisator.jpg\",\"width\":640,\"height\":427,\"caption\":\"Firmenverk\u00e4ufe: Investitionen in Schweizer KMUs sind sehr beliebt und relativ sicher. (Bild: Fotolia.com)\"},{\"@type\":\"BreadcrumbList\",\"@id\":\"https:\\\/\\\/www.organisator.ch\\\/management\\\/finanzen_recht\\\/2018-07-24\\\/firmenverkaeufe-ins-ausland-auf-rekordniveau\\\/#breadcrumb\",\"itemListElement\":[{\"@type\":\"ListItem\",\"position\":1,\"name\":\"Home\",\"item\":\"https:\\\/\\\/www.organisator.ch\\\/\"},{\"@type\":\"ListItem\",\"position\":2,\"name\":\"Firmenverk\u00e4ufe ins Ausland auf Rekordniveau\"}]},{\"@type\":\"WebSite\",\"@id\":\"https:\\\/\\\/www.organisator.ch\\\/#website\",\"url\":\"https:\\\/\\\/www.organisator.ch\\\/\",\"name\":\"Organisator\",\"description\":\"Kompetent. Praxisnah. Der ORGANISATOR bereitet in 10 Ausgaben pro Jahr die wesentlichen Themen f\u00fcr F\u00fchrungskr\u00e4fte von KMU auf.\",\"publisher\":{\"@id\":\"https:\\\/\\\/www.organisator.ch\\\/#organization\"},\"potentialAction\":[{\"@type\":\"SearchAction\",\"target\":{\"@type\":\"EntryPoint\",\"urlTemplate\":\"https:\\\/\\\/www.organisator.ch\\\/?s={search_term_string}\"},\"query-input\":{\"@type\":\"PropertyValueSpecification\",\"valueRequired\":true,\"valueName\":\"search_term_string\"}}],\"inLanguage\":\"it-IT\"},{\"@type\":\"Organization\",\"@id\":\"https:\\\/\\\/www.organisator.ch\\\/#organization\",\"name\":\"Organisator\",\"url\":\"https:\\\/\\\/www.organisator.ch\\\/\",\"logo\":{\"@type\":\"ImageObject\",\"inLanguage\":\"it-IT\",\"@id\":\"https:\\\/\\\/www.organisator.ch\\\/#\\\/schema\\\/logo\\\/image\\\/\",\"url\":\"https:\\\/\\\/www.organisator.ch\\\/wp-content\\\/uploads\\\/2022\\\/01\\\/Logo_Organisator_Website.png\",\"contentUrl\":\"https:\\\/\\\/www.organisator.ch\\\/wp-content\\\/uploads\\\/2022\\\/01\\\/Logo_Organisator_Website.png\",\"width\":800,\"height\":77,\"caption\":\"Organisator\"},\"image\":{\"@id\":\"https:\\\/\\\/www.organisator.ch\\\/#\\\/schema\\\/logo\\\/image\\\/\"},\"sameAs\":[\"https:\\\/\\\/www.facebook.com\\\/OrganisatorFachmagazin\",\"https:\\\/\\\/www.linkedin.com\\\/showcase\\\/organisator-das-magazin-fr-kmu\",\"https:\\\/\\\/www.xing.com\\\/news\\\/pages\\\/organisator-ch-695\",\"https:\\\/\\\/www.youtube.com\\\/channel\\\/UCGP2Sq0iWaZwT3BdIAQFYpw\"]},{\"@type\":\"Person\",\"@id\":\"https:\\\/\\\/www.organisator.ch\\\/#\\\/schema\\\/person\\\/6f650f90b2842cd4c0cc334b4e36f67e\",\"name\":\"thomas.berner\",\"image\":{\"@type\":\"ImageObject\",\"inLanguage\":\"it-IT\",\"@id\":\"https:\\\/\\\/secure.gravatar.com\\\/avatar\\\/ac5001d2a36cb6c6cd3e50789007ffca834b477b74a2144564522e944eabff61?s=96&d=mm&r=g\",\"url\":\"https:\\\/\\\/secure.gravatar.com\\\/avatar\\\/ac5001d2a36cb6c6cd3e50789007ffca834b477b74a2144564522e944eabff61?s=96&d=mm&r=g\",\"contentUrl\":\"https:\\\/\\\/secure.gravatar.com\\\/avatar\\\/ac5001d2a36cb6c6cd3e50789007ffca834b477b74a2144564522e944eabff61?s=96&d=mm&r=g\",\"caption\":\"thomas.berner\"},\"url\":\"https:\\\/\\\/www.organisator.ch\\\/it\\\/author\\\/thomas-berner\\\/\"}]}<\/script>\n<!-- \/ Yoast SEO plugin. -->","yoast_head_json":{"title":"Vendite aziendali all'estero a livello record - Organizzatore","description":"Rispetto allo stesso periodo dell'anno precedente, le imprese straniere hanno acquistato il 38% per cento in pi\u00f9 di PMI svizzere, mentre il numero di acquirenti nazionali \u00e8 rimasto pressoch\u00e9 invariato.","robots":{"index":"index","follow":"follow","max-snippet":"max-snippet:-1","max-image-preview":"max-image-preview:large","max-video-preview":"max-video-preview:-1"},"canonical":"https:\/\/www.organisator.ch\/it\/gestione-2\/finanzen_recht\/2018-07-24\/firmenverkaeufe-ins-ausland-auf-rekordniveau\/","og_locale":"it_IT","og_type":"article","og_title":"Firmenverk\u00e4ufe ins Ausland auf Rekordniveau","og_description":"Im Vergleich zur Vorjahresperiode kauften ausl\u00e4ndische Firmen 38% Prozent mehr Schweizer KMUs, die Zahl inl\u00e4ndischer K\u00e4ufer blieb beinahe gleich.","og_url":"https:\/\/www.organisator.ch\/it\/gestione-2\/finanzen_recht\/2018-07-24\/firmenverkaeufe-ins-ausland-auf-rekordniveau\/","og_site_name":"Organisator","article_publisher":"https:\/\/www.facebook.com\/OrganisatorFachmagazin","article_published_time":"2018-07-24T11:53:21+00:00","og_image":[{"width":640,"height":427,"url":"https:\/\/www.organisator.ch\/wp-content\/uploads\/2018\/07\/Firmenverkaeufe-ins-Ausland-auf-Rekordniveau-1_Organisator.jpg","type":"image\/jpeg"}],"author":"thomas.berner","twitter_card":"summary_large_image","twitter_title":"#Firmenverk\u00e4ufe ins Ausland auf Rekordniveau","twitter_description":"Im Vergleich zur Vorjahresperiode kauften ausl\u00e4ndische Firmen 38% Prozent mehr Schweizer #KMUs, die Zahl inl\u00e4ndischer K\u00e4ufer blieb beinahe gleich.","twitter_image":"https:\/\/www.organisator.ch\/wp-content\/uploads\/2018\/07\/Firmenverk\u00e4ufe-ins-Ausland-auf-Rekordniveau-1_Organisator.jpg","schema":{"@context":"https:\/\/schema.org","@graph":[{"@type":"Article","@id":"https:\/\/www.organisator.ch\/management\/finanzen_recht\/2018-07-24\/firmenverkaeufe-ins-ausland-auf-rekordniveau\/#article","isPartOf":{"@id":"https:\/\/www.organisator.ch\/management\/finanzen_recht\/2018-07-24\/firmenverkaeufe-ins-ausland-auf-rekordniveau\/"},"author":{"name":"thomas.berner","@id":"https:\/\/www.organisator.ch\/#\/schema\/person\/6f650f90b2842cd4c0cc334b4e36f67e"},"headline":"Firmenverk\u00e4ufe ins Ausland auf Rekordniveau","datePublished":"2018-07-24T11:53:21+00:00","mainEntityOfPage":{"@id":"https:\/\/www.organisator.ch\/management\/finanzen_recht\/2018-07-24\/firmenverkaeufe-ins-ausland-auf-rekordniveau\/"},"wordCount":879,"commentCount":0,"publisher":{"@id":"https:\/\/www.organisator.ch\/#organization"},"image":{"@id":"https:\/\/www.organisator.ch\/management\/finanzen_recht\/2018-07-24\/firmenverkaeufe-ins-ausland-auf-rekordniveau\/#primaryimage"},"thumbnailUrl":"https:\/\/www.organisator.ch\/wp-content\/uploads\/2018\/07\/Firmenverkaeufe-ins-Ausland-auf-Rekordniveau-1_Organisator.jpg","keywords":["Investitionen","M&amp;A","Management und Unternehmensf\u00fchrung","Wirtschaftspolitik"],"articleSection":["FINANZEN\/RECHT"],"inLanguage":"it-IT"},{"@type":"WebPage","@id":"https:\/\/www.organisator.ch\/management\/finanzen_recht\/2018-07-24\/firmenverkaeufe-ins-ausland-auf-rekordniveau\/","url":"https:\/\/www.organisator.ch\/management\/finanzen_recht\/2018-07-24\/firmenverkaeufe-ins-ausland-auf-rekordniveau\/","name":"Vendite aziendali all'estero a livello record - Organizzatore","isPartOf":{"@id":"https:\/\/www.organisator.ch\/#website"},"primaryImageOfPage":{"@id":"https:\/\/www.organisator.ch\/management\/finanzen_recht\/2018-07-24\/firmenverkaeufe-ins-ausland-auf-rekordniveau\/#primaryimage"},"image":{"@id":"https:\/\/www.organisator.ch\/management\/finanzen_recht\/2018-07-24\/firmenverkaeufe-ins-ausland-auf-rekordniveau\/#primaryimage"},"thumbnailUrl":"https:\/\/www.organisator.ch\/wp-content\/uploads\/2018\/07\/Firmenverkaeufe-ins-Ausland-auf-Rekordniveau-1_Organisator.jpg","datePublished":"2018-07-24T11:53:21+00:00","description":"Rispetto allo stesso periodo dell'anno precedente, le imprese straniere hanno acquistato il 38% per cento in pi\u00f9 di PMI svizzere, mentre il numero di acquirenti nazionali \u00e8 rimasto pressoch\u00e9 invariato.","breadcrumb":{"@id":"https:\/\/www.organisator.ch\/management\/finanzen_recht\/2018-07-24\/firmenverkaeufe-ins-ausland-auf-rekordniveau\/#breadcrumb"},"inLanguage":"it-IT","potentialAction":[{"@type":"ReadAction","target":["https:\/\/www.organisator.ch\/management\/finanzen_recht\/2018-07-24\/firmenverkaeufe-ins-ausland-auf-rekordniveau\/"]}]},{"@type":"ImageObject","inLanguage":"it-IT","@id":"https:\/\/www.organisator.ch\/management\/finanzen_recht\/2018-07-24\/firmenverkaeufe-ins-ausland-auf-rekordniveau\/#primaryimage","url":"https:\/\/www.organisator.ch\/wp-content\/uploads\/2018\/07\/Firmenverkaeufe-ins-Ausland-auf-Rekordniveau-1_Organisator.jpg","contentUrl":"https:\/\/www.organisator.ch\/wp-content\/uploads\/2018\/07\/Firmenverkaeufe-ins-Ausland-auf-Rekordniveau-1_Organisator.jpg","width":640,"height":427,"caption":"Firmenverk\u00e4ufe: Investitionen in Schweizer KMUs sind sehr beliebt und relativ sicher. (Bild: Fotolia.com)"},{"@type":"BreadcrumbList","@id":"https:\/\/www.organisator.ch\/management\/finanzen_recht\/2018-07-24\/firmenverkaeufe-ins-ausland-auf-rekordniveau\/#breadcrumb","itemListElement":[{"@type":"ListItem","position":1,"name":"Home","item":"https:\/\/www.organisator.ch\/"},{"@type":"ListItem","position":2,"name":"Firmenverk\u00e4ufe ins Ausland auf Rekordniveau"}]},{"@type":"WebSite","@id":"https:\/\/www.organisator.ch\/#website","url":"https:\/\/www.organisator.ch\/","name":"Organizzatore","description":"Competente. Pratico. In 10 numeri all'anno, ORGANISATOR presenta i temi essenziali per i manager delle PMI.","publisher":{"@id":"https:\/\/www.organisator.ch\/#organization"},"potentialAction":[{"@type":"SearchAction","target":{"@type":"EntryPoint","urlTemplate":"https:\/\/www.organisator.ch\/?s={search_term_string}"},"query-input":{"@type":"PropertyValueSpecification","valueRequired":true,"valueName":"search_term_string"}}],"inLanguage":"it-IT"},{"@type":"Organization","@id":"https:\/\/www.organisator.ch\/#organization","name":"Organizzatore","url":"https:\/\/www.organisator.ch\/","logo":{"@type":"ImageObject","inLanguage":"it-IT","@id":"https:\/\/www.organisator.ch\/#\/schema\/logo\/image\/","url":"https:\/\/www.organisator.ch\/wp-content\/uploads\/2022\/01\/Logo_Organisator_Website.png","contentUrl":"https:\/\/www.organisator.ch\/wp-content\/uploads\/2022\/01\/Logo_Organisator_Website.png","width":800,"height":77,"caption":"Organisator"},"image":{"@id":"https:\/\/www.organisator.ch\/#\/schema\/logo\/image\/"},"sameAs":["https:\/\/www.facebook.com\/OrganisatorFachmagazin","https:\/\/www.linkedin.com\/showcase\/organisator-das-magazin-fr-kmu","https:\/\/www.xing.com\/news\/pages\/organisator-ch-695","https:\/\/www.youtube.com\/channel\/UCGP2Sq0iWaZwT3BdIAQFYpw"]},{"@type":"Person","@id":"https:\/\/www.organisator.ch\/#\/schema\/person\/6f650f90b2842cd4c0cc334b4e36f67e","name":"Tommaso.berner","image":{"@type":"ImageObject","inLanguage":"it-IT","@id":"https:\/\/secure.gravatar.com\/avatar\/ac5001d2a36cb6c6cd3e50789007ffca834b477b74a2144564522e944eabff61?s=96&d=mm&r=g","url":"https:\/\/secure.gravatar.com\/avatar\/ac5001d2a36cb6c6cd3e50789007ffca834b477b74a2144564522e944eabff61?s=96&d=mm&r=g","contentUrl":"https:\/\/secure.gravatar.com\/avatar\/ac5001d2a36cb6c6cd3e50789007ffca834b477b74a2144564522e944eabff61?s=96&d=mm&r=g","caption":"thomas.berner"},"url":"https:\/\/www.organisator.ch\/it\/author\/thomas-berner\/"}]}},"_links":{"self":[{"href":"https:\/\/www.organisator.ch\/it\/wp-json\/wp\/v2\/posts\/3968","targetHints":{"allow":["GET"]}}],"collection":[{"href":"https:\/\/www.organisator.ch\/it\/wp-json\/wp\/v2\/posts"}],"about":[{"href":"https:\/\/www.organisator.ch\/it\/wp-json\/wp\/v2\/types\/post"}],"author":[{"embeddable":true,"href":"https:\/\/www.organisator.ch\/it\/wp-json\/wp\/v2\/users\/4"}],"replies":[{"embeddable":true,"href":"https:\/\/www.organisator.ch\/it\/wp-json\/wp\/v2\/comments?post=3968"}],"version-history":[{"count":0,"href":"https:\/\/www.organisator.ch\/it\/wp-json\/wp\/v2\/posts\/3968\/revisions"}],"wp:featuredmedia":[{"embeddable":true,"href":"https:\/\/www.organisator.ch\/it\/wp-json\/wp\/v2\/media\/3969"}],"wp:attachment":[{"href":"https:\/\/www.organisator.ch\/it\/wp-json\/wp\/v2\/media?parent=3968"}],"wp:term":[{"taxonomy":"category","embeddable":true,"href":"https:\/\/www.organisator.ch\/it\/wp-json\/wp\/v2\/categories?post=3968"},{"taxonomy":"post_tag","embeddable":true,"href":"https:\/\/www.organisator.ch\/it\/wp-json\/wp\/v2\/tags?post=3968"}],"curies":[{"name":"wp","href":"https:\/\/api.w.org\/{rel}","templated":true}]}}