{"id":39702,"date":"2025-07-30T09:33:51","date_gmt":"2025-07-30T07:33:51","guid":{"rendered":"https:\/\/www.organisator.ch\/?p=39702"},"modified":"2025-07-30T09:33:51","modified_gmt":"2025-07-30T07:33:51","slug":"selbstaendige-frauen-in-der-schweiz-zusammenbringen","status":"publish","type":"post","link":"https:\/\/www.organisator.ch\/it\/management\/2025-07-30\/selbstaendige-frauen-in-der-schweiz-zusammenbringen\/","title":{"rendered":"Unire le donne che lavorano in proprio in Svizzera"},"content":{"rendered":"<figure id=\"attachment_39703\" aria-describedby=\"caption-attachment-39703\" style=\"width: 680px\" class=\"wp-caption alignnone\"><img loading=\"lazy\" decoding=\"async\" class=\"size-full wp-image-39703\" src=\"https:\/\/www.organisator.ch\/wp-content\/uploads\/2025\/07\/Selbstaendige-Frauen-in-der-Schweiz-zusammenbringen_Organisator.jpg\" alt=\"\" width=\"680\" height=\"455\" srcset=\"https:\/\/www.organisator.ch\/wp-content\/uploads\/2025\/07\/Selbstaendige-Frauen-in-der-Schweiz-zusammenbringen_Organisator.jpg 680w, https:\/\/www.organisator.ch\/wp-content\/uploads\/2025\/07\/Selbstaendige-Frauen-in-der-Schweiz-zusammenbringen_Organisator-18x12.jpg 18w, https:\/\/www.organisator.ch\/wp-content\/uploads\/2025\/07\/Selbstaendige-Frauen-in-der-Schweiz-zusammenbringen_Organisator-375x251.jpg 375w, https:\/\/www.organisator.ch\/wp-content\/uploads\/2025\/07\/Selbstaendige-Frauen-in-der-Schweiz-zusammenbringen_Organisator-523x350.jpg 523w\" sizes=\"auto, (max-width: 680px) 100vw, 680px\" \/><figcaption id=\"caption-attachment-39703\" class=\"wp-caption-text\">Networking di donne indipendenti: Lisa Burth (a sinistra) e Jana Berger. (Immagine: zVg \/ selbstaendigefrauen.ch)<\/figcaption><\/figure>\n<p>La piattaforma \"Selbst\u00e4ndige Frauen Schweiz\" sostiene le donne nella creazione e nella gestione di un'attivit\u00e0 in proprio dal 2021. \u00c8 stata fondata da Jana Berger e Lisa Burth, che si sono conosciute tramite Instagram - oggi sono vicine al mezzo milione di vendite. Il loro obiettivo: rendere accessibile il lavoro autonomo, pensare in modo flessibile e femminile, con strumenti chiari invece di frasi vuote e con una rete che le sostenga.<\/p>\n<h3>Una forte comunit\u00e0 di 20.000 donne intorno al tema del lavoro autonomo<\/h3>\n<p>L'evento \"Business Boost\" si rivolge alle donne che lavorano (parzialmente) in proprio e che vogliono svilupparsi strategicamente. Oltre a sessioni di input sulla visibilit\u00e0 e sulla crescita imprenditoriale, l'evento offre spazio per il dialogo personale, per nuove idee e per la creazione di comunit\u00e0 a livello visivo. \"Il primo passo verso il lavoro autonomo \u00e8 spesso il pi\u00f9 difficile, ma nessuno deve farlo da solo. Business Boost \u00e8 un evento in cui le donne possono prendersi sul serio, supportate da una comunit\u00e0 che d\u00e0 potere e non giudica. Siamo il punto di contatto per le donne gi\u00e0 o future lavoratrici autonome in Svizzera\", afferma Jana Berger, cofondatrice di Selbst\u00e4ndige Frauen Schweiz.<\/p>\n<p>La piattaforma \u00e8 stata lanciata per ridurre le barriere all'avvio di un'attivit\u00e0 imprenditoriale, con strumenti, supporto e una forte comunit\u00e0. Circa 5.000 donne hanno gi\u00e0 usufruito dei servizi offerti e la comunit\u00e0 \u00e8 cresciuta fino a raggiungere quasi 20.000 donne. Le piattaforme di social media di \"Selbst\u00e4ndige Frauen Schweiz\" sono state anche nominate per lo Swiss Influence Award 2025 nella categoria Business &amp; Finance. Su Instagram e nel podcast su Spotify, le imprenditrici ricevono preziosi consigli da Jana Berger e Lisa Burth su come creare e gestire una ditta individuale. \"Avviare un'impresa non dovrebbe sembrare di buttarsi a capofitto. Noi diamo alle donne struttura, chiarezza e la comunit\u00e0 di cui hanno bisogno per fare il passo verso il lavoro autonomo con fiducia. In Selbst\u00e4ndige Frauen non offriamo solo ispirazione, ma anche aiuto pratico, consigli chiari e valore aggiunto nel corso online, ad esempio con modelli e istruzioni passo-passo\", afferma Lisa Burth, cofondatrice di Selbst\u00e4ndige Frauen Schweiz.<\/p>\n<h3>Evento Business Boost: Perch\u00e9 ora e perch\u00e9 offline?<\/h3>\n<p>L'evento Business Boost riunisce per la prima volta la forte comunit\u00e0 online. Lo scambio sul posto rafforza la fiducia, rende visibili le esigenze e permette di raccogliere nuovi contatti e idee. L'evento \u00e8 aperto a tutte le donne, indipendentemente dal fatto che siano gi\u00e0 autonome o alle prime idee. Alle madri viene offerta un'assistenza all'infanzia. Questo elimina un ostacolo per le imprenditrici.<\/p>\n<p><em>Fonte e ulteriori informazioni: <a href=\"https:\/\/selbstaendigefrauen.ch\/\">https:\/\/selbstaendigefrauen.ch\/<\/a><\/em><\/p>\n<blockquote>\n<p>&nbsp;<\/p>\n<p><strong>Panoramica dell'evento<\/strong><br \/>\nCosa: Evento Business Boost - Diventare visibili. Crescita sostenibile. Quando: Mercoled\u00ec 13 agosto 2025, 15:00-18:00 Dove: Resident Eventlocation, Seefeld Zurigo (CH) Chi: Donne che lavorano in proprio in Svizzera - Jana Berger &amp; Lisa Burth<br \/>\nLink all'evento: https:\/\/selbstaendigefrauen.ch\/business-boost\/<br \/>\nAttenzione: l'evento \u00e8 gi\u00e0 esaurito. La partecipazione costa il prezzo normale di 169 CHF.<\/p>\n<p>\n<\/p>\n<\/blockquote>","protected":false},"excerpt":{"rendered":"<p>Sempre pi\u00f9 donne in Svizzera avviano un'attivit\u00e0 in proprio e hanno bisogno non solo di conoscenze, ma anche di sostegno, dialogo e modelli di riferimento. \u00c8 proprio qui che entra in gioco la piattaforma \"Self-employed Women Switzerland\": Con una solida competenza, una forte comunit\u00e0 e una visione chiara. Il 13 agosto 2025, le due fondatrici Jana Berger e Lisa Burth terranno il primo evento Business Boost a Zurigo, che ha gi\u00e0 registrato il tutto esaurito.<\/p>","protected":false},"author":4,"featured_media":39703,"comment_status":"closed","ping_status":"closed","sticky":false,"template":"","format":"standard","meta":{"_acf_changed":false,"_yoast_wpseo_focuskw":"Selbst\u00e4ndige Frauen","_yoast_wpseo_metadesc":"Immer mehr Frauen in der Schweiz gr\u00fcnden ihr eigenes Unternehmen. Die Plattform \u00abSelbst\u00e4ndige Frauen Schweiz\u00bb liefert n\u00f6tiges Know-how dazu.","articlekey":"","footnotes":""},"categories":[28],"tags":[5466,335,3548,501],"class_list":["post-39702","post","type-post","status-publish","format-standard","has-post-thumbnail","hentry","category-management","tag-frauenunternehmen","tag-management-und-unternehmensfuehrung","tag-unternehmensgruendung","tag-unternehmertum"],"acf":[],"yoast_head":"<!-- This site is optimized with the Yoast SEO plugin v27.5 - https:\/\/yoast.com\/product\/yoast-seo-wordpress\/ -->\n<title>Selbst\u00e4ndige Frauen in der Schweiz zusammenbringen - Organisator<\/title>\n<meta name=\"description\" content=\"Immer mehr Frauen in der Schweiz gr\u00fcnden ihr eigenes Unternehmen. Die Plattform \u00abSelbst\u00e4ndige Frauen Schweiz\u00bb liefert n\u00f6tiges Know-how dazu.\" \/>\n<meta name=\"robots\" content=\"index, follow, max-snippet:-1, max-image-preview:large, max-video-preview:-1\" \/>\n<link rel=\"canonical\" href=\"https:\/\/www.organisator.ch\/it\/gestione-2\/2025-07-30\/selbstaendige-frauen-in-der-schweiz-zusammenbringen\/\" \/>\n<meta property=\"og:locale\" content=\"it_IT\" \/>\n<meta property=\"og:type\" content=\"article\" \/>\n<meta property=\"og:title\" content=\"Selbst\u00e4ndige Frauen in der Schweiz zusammenbringen\" \/>\n<meta property=\"og:description\" content=\"Immer mehr Frauen in der Schweiz gr\u00fcnden ihr eigenes Unternehmen. Die Plattform \u00abSelbst\u00e4ndige Frauen Schweiz\u00bb liefert n\u00f6tiges Know-how dazu.\" \/>\n<meta property=\"og:url\" content=\"https:\/\/www.organisator.ch\/it\/gestione-2\/2025-07-30\/selbstaendige-frauen-in-der-schweiz-zusammenbringen\/\" \/>\n<meta property=\"og:site_name\" content=\"Organisator\" \/>\n<meta property=\"article:publisher\" content=\"https:\/\/www.facebook.com\/OrganisatorFachmagazin\" \/>\n<meta property=\"article:published_time\" content=\"2025-07-30T07:33:51+00:00\" \/>\n<meta property=\"og:image\" content=\"https:\/\/www.organisator.ch\/wp-content\/uploads\/2025\/07\/Selbstaendige-Frauen-in-der-Schweiz-zusammenbringen_Organisator.jpg\" \/>\n\t<meta property=\"og:image:width\" content=\"680\" \/>\n\t<meta property=\"og:image:height\" content=\"455\" \/>\n\t<meta property=\"og:image:type\" content=\"image\/jpeg\" \/>\n<meta name=\"author\" content=\"thomas.berner\" \/>\n<meta name=\"twitter:card\" content=\"summary_large_image\" \/>\n<meta name=\"twitter:title\" content=\"#Selbst\u00e4ndige Frauen in der #Schweiz zusammenbringen\" \/>\n<meta name=\"twitter:description\" content=\"Immer mehr Frauen in der Schweiz gr\u00fcnden ihr eigenes #Unternehmen. Die Plattform \u00abSelbst\u00e4ndige Frauen Schweiz\u00bb liefert n\u00f6tiges #Know-how dazu.\" \/>\n<meta name=\"twitter:image\" content=\"https:\/\/www.organisator.ch\/wp-content\/uploads\/2025\/07\/Selbstaendige-Frauen-in-der-Schweiz-zusammenbringen_Organisator.jpg\" \/>\n<script type=\"application\/ld+json\" class=\"yoast-schema-graph\">{\"@context\":\"https:\\\/\\\/schema.org\",\"@graph\":[{\"@type\":\"Article\",\"@id\":\"https:\\\/\\\/www.organisator.ch\\\/management\\\/2025-07-30\\\/selbstaendige-frauen-in-der-schweiz-zusammenbringen\\\/#article\",\"isPartOf\":{\"@id\":\"https:\\\/\\\/www.organisator.ch\\\/management\\\/2025-07-30\\\/selbstaendige-frauen-in-der-schweiz-zusammenbringen\\\/\"},\"author\":{\"name\":\"thomas.berner\",\"@id\":\"https:\\\/\\\/www.organisator.ch\\\/#\\\/schema\\\/person\\\/6f650f90b2842cd4c0cc334b4e36f67e\"},\"headline\":\"Selbst\u00e4ndige Frauen in der Schweiz zusammenbringen\",\"datePublished\":\"2025-07-30T07:33:51+00:00\",\"mainEntityOfPage\":{\"@id\":\"https:\\\/\\\/www.organisator.ch\\\/management\\\/2025-07-30\\\/selbstaendige-frauen-in-der-schweiz-zusammenbringen\\\/\"},\"wordCount\":507,\"publisher\":{\"@id\":\"https:\\\/\\\/www.organisator.ch\\\/#organization\"},\"image\":{\"@id\":\"https:\\\/\\\/www.organisator.ch\\\/management\\\/2025-07-30\\\/selbstaendige-frauen-in-der-schweiz-zusammenbringen\\\/#primaryimage\"},\"thumbnailUrl\":\"https:\\\/\\\/www.organisator.ch\\\/wp-content\\\/uploads\\\/2025\\\/07\\\/Selbstaendige-Frauen-in-der-Schweiz-zusammenbringen_Organisator.jpg\",\"keywords\":[\"Frauenunternehmen\",\"Management und Unternehmensf\u00fchrung\",\"Unternehmensgr\u00fcndung\",\"Unternehmertum\"],\"articleSection\":[\"MANAGEMENT\"],\"inLanguage\":\"it-IT\"},{\"@type\":\"WebPage\",\"@id\":\"https:\\\/\\\/www.organisator.ch\\\/management\\\/2025-07-30\\\/selbstaendige-frauen-in-der-schweiz-zusammenbringen\\\/\",\"url\":\"https:\\\/\\\/www.organisator.ch\\\/management\\\/2025-07-30\\\/selbstaendige-frauen-in-der-schweiz-zusammenbringen\\\/\",\"name\":\"Selbst\u00e4ndige Frauen in der Schweiz zusammenbringen - Organisator\",\"isPartOf\":{\"@id\":\"https:\\\/\\\/www.organisator.ch\\\/#website\"},\"primaryImageOfPage\":{\"@id\":\"https:\\\/\\\/www.organisator.ch\\\/management\\\/2025-07-30\\\/selbstaendige-frauen-in-der-schweiz-zusammenbringen\\\/#primaryimage\"},\"image\":{\"@id\":\"https:\\\/\\\/www.organisator.ch\\\/management\\\/2025-07-30\\\/selbstaendige-frauen-in-der-schweiz-zusammenbringen\\\/#primaryimage\"},\"thumbnailUrl\":\"https:\\\/\\\/www.organisator.ch\\\/wp-content\\\/uploads\\\/2025\\\/07\\\/Selbstaendige-Frauen-in-der-Schweiz-zusammenbringen_Organisator.jpg\",\"datePublished\":\"2025-07-30T07:33:51+00:00\",\"description\":\"Immer mehr Frauen in der Schweiz gr\u00fcnden ihr eigenes Unternehmen. Die Plattform \u00abSelbst\u00e4ndige Frauen Schweiz\u00bb liefert n\u00f6tiges Know-how dazu.\",\"breadcrumb\":{\"@id\":\"https:\\\/\\\/www.organisator.ch\\\/management\\\/2025-07-30\\\/selbstaendige-frauen-in-der-schweiz-zusammenbringen\\\/#breadcrumb\"},\"inLanguage\":\"it-IT\",\"potentialAction\":[{\"@type\":\"ReadAction\",\"target\":[\"https:\\\/\\\/www.organisator.ch\\\/management\\\/2025-07-30\\\/selbstaendige-frauen-in-der-schweiz-zusammenbringen\\\/\"]}]},{\"@type\":\"ImageObject\",\"inLanguage\":\"it-IT\",\"@id\":\"https:\\\/\\\/www.organisator.ch\\\/management\\\/2025-07-30\\\/selbstaendige-frauen-in-der-schweiz-zusammenbringen\\\/#primaryimage\",\"url\":\"https:\\\/\\\/www.organisator.ch\\\/wp-content\\\/uploads\\\/2025\\\/07\\\/Selbstaendige-Frauen-in-der-Schweiz-zusammenbringen_Organisator.jpg\",\"contentUrl\":\"https:\\\/\\\/www.organisator.ch\\\/wp-content\\\/uploads\\\/2025\\\/07\\\/Selbstaendige-Frauen-in-der-Schweiz-zusammenbringen_Organisator.jpg\",\"width\":680,\"height\":455,\"caption\":\"Vernetzen selbst\u00e4ndige Frauen: Lisa Burth und Jana Berger. (Bild: zVg \\\/ selbstaendigefrauen.ch)\"},{\"@type\":\"BreadcrumbList\",\"@id\":\"https:\\\/\\\/www.organisator.ch\\\/management\\\/2025-07-30\\\/selbstaendige-frauen-in-der-schweiz-zusammenbringen\\\/#breadcrumb\",\"itemListElement\":[{\"@type\":\"ListItem\",\"position\":1,\"name\":\"Home\",\"item\":\"https:\\\/\\\/www.organisator.ch\\\/\"},{\"@type\":\"ListItem\",\"position\":2,\"name\":\"Selbst\u00e4ndige Frauen in der Schweiz zusammenbringen\"}]},{\"@type\":\"WebSite\",\"@id\":\"https:\\\/\\\/www.organisator.ch\\\/#website\",\"url\":\"https:\\\/\\\/www.organisator.ch\\\/\",\"name\":\"Organisator\",\"description\":\"Kompetent. Praxisnah. Der ORGANISATOR bereitet in 10 Ausgaben pro Jahr die wesentlichen Themen f\u00fcr F\u00fchrungskr\u00e4fte von KMU auf.\",\"publisher\":{\"@id\":\"https:\\\/\\\/www.organisator.ch\\\/#organization\"},\"potentialAction\":[{\"@type\":\"SearchAction\",\"target\":{\"@type\":\"EntryPoint\",\"urlTemplate\":\"https:\\\/\\\/www.organisator.ch\\\/?s={search_term_string}\"},\"query-input\":{\"@type\":\"PropertyValueSpecification\",\"valueRequired\":true,\"valueName\":\"search_term_string\"}}],\"inLanguage\":\"it-IT\"},{\"@type\":\"Organization\",\"@id\":\"https:\\\/\\\/www.organisator.ch\\\/#organization\",\"name\":\"Organisator\",\"url\":\"https:\\\/\\\/www.organisator.ch\\\/\",\"logo\":{\"@type\":\"ImageObject\",\"inLanguage\":\"it-IT\",\"@id\":\"https:\\\/\\\/www.organisator.ch\\\/#\\\/schema\\\/logo\\\/image\\\/\",\"url\":\"https:\\\/\\\/www.organisator.ch\\\/wp-content\\\/uploads\\\/2022\\\/01\\\/Logo_Organisator_Website.png\",\"contentUrl\":\"https:\\\/\\\/www.organisator.ch\\\/wp-content\\\/uploads\\\/2022\\\/01\\\/Logo_Organisator_Website.png\",\"width\":800,\"height\":77,\"caption\":\"Organisator\"},\"image\":{\"@id\":\"https:\\\/\\\/www.organisator.ch\\\/#\\\/schema\\\/logo\\\/image\\\/\"},\"sameAs\":[\"https:\\\/\\\/www.facebook.com\\\/OrganisatorFachmagazin\",\"https:\\\/\\\/www.linkedin.com\\\/showcase\\\/organisator-das-magazin-fr-kmu\",\"https:\\\/\\\/www.xing.com\\\/news\\\/pages\\\/organisator-ch-695\",\"https:\\\/\\\/www.youtube.com\\\/channel\\\/UCGP2Sq0iWaZwT3BdIAQFYpw\"]},{\"@type\":\"Person\",\"@id\":\"https:\\\/\\\/www.organisator.ch\\\/#\\\/schema\\\/person\\\/6f650f90b2842cd4c0cc334b4e36f67e\",\"name\":\"thomas.berner\",\"image\":{\"@type\":\"ImageObject\",\"inLanguage\":\"it-IT\",\"@id\":\"https:\\\/\\\/secure.gravatar.com\\\/avatar\\\/ac5001d2a36cb6c6cd3e50789007ffca834b477b74a2144564522e944eabff61?s=96&d=mm&r=g\",\"url\":\"https:\\\/\\\/secure.gravatar.com\\\/avatar\\\/ac5001d2a36cb6c6cd3e50789007ffca834b477b74a2144564522e944eabff61?s=96&d=mm&r=g\",\"contentUrl\":\"https:\\\/\\\/secure.gravatar.com\\\/avatar\\\/ac5001d2a36cb6c6cd3e50789007ffca834b477b74a2144564522e944eabff61?s=96&d=mm&r=g\",\"caption\":\"thomas.berner\"},\"url\":\"https:\\\/\\\/www.organisator.ch\\\/it\\\/author\\\/thomas-berner\\\/\"}]}<\/script>\n<!-- \/ Yoast SEO plugin. -->","yoast_head_json":{"title":"Riunire le lavoratrici autonome in Svizzera - Organizzatore","description":"Sempre pi\u00f9 donne in Svizzera avviano un'attivit\u00e0 in proprio. La piattaforma \"Lavoratrici autonome in Svizzera\" fornisce le competenze necessarie.","robots":{"index":"index","follow":"follow","max-snippet":"max-snippet:-1","max-image-preview":"max-image-preview:large","max-video-preview":"max-video-preview:-1"},"canonical":"https:\/\/www.organisator.ch\/it\/gestione-2\/2025-07-30\/selbstaendige-frauen-in-der-schweiz-zusammenbringen\/","og_locale":"it_IT","og_type":"article","og_title":"Selbst\u00e4ndige Frauen in der Schweiz zusammenbringen","og_description":"Immer mehr Frauen in der Schweiz gr\u00fcnden ihr eigenes Unternehmen. Die Plattform \u00abSelbst\u00e4ndige Frauen Schweiz\u00bb liefert n\u00f6tiges Know-how dazu.","og_url":"https:\/\/www.organisator.ch\/it\/gestione-2\/2025-07-30\/selbstaendige-frauen-in-der-schweiz-zusammenbringen\/","og_site_name":"Organisator","article_publisher":"https:\/\/www.facebook.com\/OrganisatorFachmagazin","article_published_time":"2025-07-30T07:33:51+00:00","og_image":[{"width":680,"height":455,"url":"https:\/\/www.organisator.ch\/wp-content\/uploads\/2025\/07\/Selbstaendige-Frauen-in-der-Schweiz-zusammenbringen_Organisator.jpg","type":"image\/jpeg"}],"author":"thomas.berner","twitter_card":"summary_large_image","twitter_title":"#Selbst\u00e4ndige Frauen in der #Schweiz zusammenbringen","twitter_description":"Immer mehr Frauen in der Schweiz gr\u00fcnden ihr eigenes #Unternehmen. Die Plattform \u00abSelbst\u00e4ndige Frauen Schweiz\u00bb liefert n\u00f6tiges #Know-how dazu.","twitter_image":"https:\/\/www.organisator.ch\/wp-content\/uploads\/2025\/07\/Selbstaendige-Frauen-in-der-Schweiz-zusammenbringen_Organisator.jpg","schema":{"@context":"https:\/\/schema.org","@graph":[{"@type":"Article","@id":"https:\/\/www.organisator.ch\/management\/2025-07-30\/selbstaendige-frauen-in-der-schweiz-zusammenbringen\/#article","isPartOf":{"@id":"https:\/\/www.organisator.ch\/management\/2025-07-30\/selbstaendige-frauen-in-der-schweiz-zusammenbringen\/"},"author":{"name":"thomas.berner","@id":"https:\/\/www.organisator.ch\/#\/schema\/person\/6f650f90b2842cd4c0cc334b4e36f67e"},"headline":"Selbst\u00e4ndige Frauen in der Schweiz zusammenbringen","datePublished":"2025-07-30T07:33:51+00:00","mainEntityOfPage":{"@id":"https:\/\/www.organisator.ch\/management\/2025-07-30\/selbstaendige-frauen-in-der-schweiz-zusammenbringen\/"},"wordCount":507,"publisher":{"@id":"https:\/\/www.organisator.ch\/#organization"},"image":{"@id":"https:\/\/www.organisator.ch\/management\/2025-07-30\/selbstaendige-frauen-in-der-schweiz-zusammenbringen\/#primaryimage"},"thumbnailUrl":"https:\/\/www.organisator.ch\/wp-content\/uploads\/2025\/07\/Selbstaendige-Frauen-in-der-Schweiz-zusammenbringen_Organisator.jpg","keywords":["Frauenunternehmen","Management und Unternehmensf\u00fchrung","Unternehmensgr\u00fcndung","Unternehmertum"],"articleSection":["MANAGEMENT"],"inLanguage":"it-IT"},{"@type":"WebPage","@id":"https:\/\/www.organisator.ch\/management\/2025-07-30\/selbstaendige-frauen-in-der-schweiz-zusammenbringen\/","url":"https:\/\/www.organisator.ch\/management\/2025-07-30\/selbstaendige-frauen-in-der-schweiz-zusammenbringen\/","name":"Riunire le lavoratrici autonome in Svizzera - Organizzatore","isPartOf":{"@id":"https:\/\/www.organisator.ch\/#website"},"primaryImageOfPage":{"@id":"https:\/\/www.organisator.ch\/management\/2025-07-30\/selbstaendige-frauen-in-der-schweiz-zusammenbringen\/#primaryimage"},"image":{"@id":"https:\/\/www.organisator.ch\/management\/2025-07-30\/selbstaendige-frauen-in-der-schweiz-zusammenbringen\/#primaryimage"},"thumbnailUrl":"https:\/\/www.organisator.ch\/wp-content\/uploads\/2025\/07\/Selbstaendige-Frauen-in-der-Schweiz-zusammenbringen_Organisator.jpg","datePublished":"2025-07-30T07:33:51+00:00","description":"Sempre pi\u00f9 donne in Svizzera avviano un'attivit\u00e0 in proprio. La piattaforma \"Lavoratrici autonome in Svizzera\" fornisce le competenze necessarie.","breadcrumb":{"@id":"https:\/\/www.organisator.ch\/management\/2025-07-30\/selbstaendige-frauen-in-der-schweiz-zusammenbringen\/#breadcrumb"},"inLanguage":"it-IT","potentialAction":[{"@type":"ReadAction","target":["https:\/\/www.organisator.ch\/management\/2025-07-30\/selbstaendige-frauen-in-der-schweiz-zusammenbringen\/"]}]},{"@type":"ImageObject","inLanguage":"it-IT","@id":"https:\/\/www.organisator.ch\/management\/2025-07-30\/selbstaendige-frauen-in-der-schweiz-zusammenbringen\/#primaryimage","url":"https:\/\/www.organisator.ch\/wp-content\/uploads\/2025\/07\/Selbstaendige-Frauen-in-der-Schweiz-zusammenbringen_Organisator.jpg","contentUrl":"https:\/\/www.organisator.ch\/wp-content\/uploads\/2025\/07\/Selbstaendige-Frauen-in-der-Schweiz-zusammenbringen_Organisator.jpg","width":680,"height":455,"caption":"Vernetzen selbst\u00e4ndige Frauen: Lisa Burth und Jana Berger. (Bild: zVg \/ selbstaendigefrauen.ch)"},{"@type":"BreadcrumbList","@id":"https:\/\/www.organisator.ch\/management\/2025-07-30\/selbstaendige-frauen-in-der-schweiz-zusammenbringen\/#breadcrumb","itemListElement":[{"@type":"ListItem","position":1,"name":"Home","item":"https:\/\/www.organisator.ch\/"},{"@type":"ListItem","position":2,"name":"Selbst\u00e4ndige Frauen in der Schweiz zusammenbringen"}]},{"@type":"WebSite","@id":"https:\/\/www.organisator.ch\/#website","url":"https:\/\/www.organisator.ch\/","name":"Organizzatore","description":"Competente. Pratico. In 10 numeri all'anno, ORGANISATOR presenta i temi essenziali per i manager delle PMI.","publisher":{"@id":"https:\/\/www.organisator.ch\/#organization"},"potentialAction":[{"@type":"SearchAction","target":{"@type":"EntryPoint","urlTemplate":"https:\/\/www.organisator.ch\/?s={search_term_string}"},"query-input":{"@type":"PropertyValueSpecification","valueRequired":true,"valueName":"search_term_string"}}],"inLanguage":"it-IT"},{"@type":"Organization","@id":"https:\/\/www.organisator.ch\/#organization","name":"Organizzatore","url":"https:\/\/www.organisator.ch\/","logo":{"@type":"ImageObject","inLanguage":"it-IT","@id":"https:\/\/www.organisator.ch\/#\/schema\/logo\/image\/","url":"https:\/\/www.organisator.ch\/wp-content\/uploads\/2022\/01\/Logo_Organisator_Website.png","contentUrl":"https:\/\/www.organisator.ch\/wp-content\/uploads\/2022\/01\/Logo_Organisator_Website.png","width":800,"height":77,"caption":"Organisator"},"image":{"@id":"https:\/\/www.organisator.ch\/#\/schema\/logo\/image\/"},"sameAs":["https:\/\/www.facebook.com\/OrganisatorFachmagazin","https:\/\/www.linkedin.com\/showcase\/organisator-das-magazin-fr-kmu","https:\/\/www.xing.com\/news\/pages\/organisator-ch-695","https:\/\/www.youtube.com\/channel\/UCGP2Sq0iWaZwT3BdIAQFYpw"]},{"@type":"Person","@id":"https:\/\/www.organisator.ch\/#\/schema\/person\/6f650f90b2842cd4c0cc334b4e36f67e","name":"Tommaso.berner","image":{"@type":"ImageObject","inLanguage":"it-IT","@id":"https:\/\/secure.gravatar.com\/avatar\/ac5001d2a36cb6c6cd3e50789007ffca834b477b74a2144564522e944eabff61?s=96&d=mm&r=g","url":"https:\/\/secure.gravatar.com\/avatar\/ac5001d2a36cb6c6cd3e50789007ffca834b477b74a2144564522e944eabff61?s=96&d=mm&r=g","contentUrl":"https:\/\/secure.gravatar.com\/avatar\/ac5001d2a36cb6c6cd3e50789007ffca834b477b74a2144564522e944eabff61?s=96&d=mm&r=g","caption":"thomas.berner"},"url":"https:\/\/www.organisator.ch\/it\/author\/thomas-berner\/"}]}},"_links":{"self":[{"href":"https:\/\/www.organisator.ch\/it\/wp-json\/wp\/v2\/posts\/39702","targetHints":{"allow":["GET"]}}],"collection":[{"href":"https:\/\/www.organisator.ch\/it\/wp-json\/wp\/v2\/posts"}],"about":[{"href":"https:\/\/www.organisator.ch\/it\/wp-json\/wp\/v2\/types\/post"}],"author":[{"embeddable":true,"href":"https:\/\/www.organisator.ch\/it\/wp-json\/wp\/v2\/users\/4"}],"replies":[{"embeddable":true,"href":"https:\/\/www.organisator.ch\/it\/wp-json\/wp\/v2\/comments?post=39702"}],"version-history":[{"count":3,"href":"https:\/\/www.organisator.ch\/it\/wp-json\/wp\/v2\/posts\/39702\/revisions"}],"predecessor-version":[{"id":39748,"href":"https:\/\/www.organisator.ch\/it\/wp-json\/wp\/v2\/posts\/39702\/revisions\/39748"}],"wp:featuredmedia":[{"embeddable":true,"href":"https:\/\/www.organisator.ch\/it\/wp-json\/wp\/v2\/media\/39703"}],"wp:attachment":[{"href":"https:\/\/www.organisator.ch\/it\/wp-json\/wp\/v2\/media?parent=39702"}],"wp:term":[{"taxonomy":"category","embeddable":true,"href":"https:\/\/www.organisator.ch\/it\/wp-json\/wp\/v2\/categories?post=39702"},{"taxonomy":"post_tag","embeddable":true,"href":"https:\/\/www.organisator.ch\/it\/wp-json\/wp\/v2\/tags?post=39702"}],"curies":[{"name":"wp","href":"https:\/\/api.w.org\/{rel}","templated":true}]}}