{"id":3972,"date":"2018-07-25T08:46:33","date_gmt":"2018-07-25T06:46:33","guid":{"rendered":"https:\/\/www.organisator.ch\/?p=3972"},"modified":"2018-07-25T08:46:33","modified_gmt":"2018-07-25T06:46:33","slug":"wirtschaftsaufschwung-laesst-hotel-und-flugpreise-steigen","status":"publish","type":"post","link":"https:\/\/www.organisator.ch\/it\/management\/finanzen_recht\/2018-07-25\/wirtschaftsaufschwung-laesst-hotel-und-flugpreise-steigen\/","title":{"rendered":"La ripresa economica fa aumentare i prezzi di hotel e voli"},"content":{"rendered":"<figure id=\"attachment_3973\" aria-describedby=\"caption-attachment-3973\" style=\"width: 640px\" class=\"wp-caption alignnone\"><img loading=\"lazy\" decoding=\"async\" class=\"size-full wp-image-3973\" src=\"https:\/\/www.organisator.ch\/wp-content\/uploads\/2018\/07\/Wirtschaftsaufschwung-laesst-Hotel-und-Flugpreise-steigen_Organisator.jpg\" alt=\"\" width=\"640\" height=\"445\" srcset=\"https:\/\/www.organisator.ch\/wp-content\/uploads\/2018\/07\/Wirtschaftsaufschwung-laesst-Hotel-und-Flugpreise-steigen_Organisator.jpg 640w, https:\/\/www.organisator.ch\/wp-content\/uploads\/2018\/07\/Wirtschaftsaufschwung-laesst-Hotel-und-Flugpreise-steigen_Organisator-16x12.jpg 16w, https:\/\/www.organisator.ch\/wp-content\/uploads\/2018\/07\/Wirtschaftsaufschwung-laesst-Hotel-und-Flugpreise-steigen_Organisator-252x175.jpg 252w, https:\/\/www.organisator.ch\/wp-content\/uploads\/2018\/07\/Wirtschaftsaufschwung-laesst-Hotel-und-Flugpreise-steigen_Organisator-503x350.jpg 503w, https:\/\/www.organisator.ch\/wp-content\/uploads\/2018\/07\/Wirtschaftsaufschwung-laesst-Hotel-und-Flugpreise-steigen_Organisator-300x209.jpg 300w\" sizes=\"auto, (max-width: 640px) 100vw, 640px\" \/><figcaption id=\"caption-attachment-3973\" class=\"wp-caption-text\">Nel 2019 \u00e8 probabile che aumentino non solo le tariffe aeree, ma anche i prezzi degli hotel e dei taxi. (Immagine: Rainer Sturm \/ pixelio.de)<\/figcaption><\/figure>\n<p><span style=\"font-size: medium;\">Secondo il quinto Global Travel Forecast, pubblicato annualmente dalla Global Business Travel Association GBTA e da Carlson Wagonlit Travel con il supporto della Carlson Family Foundation, i prezzi dei viaggi dovrebbero aumentare notevolmente nel prossimo anno. <\/span>Da solo i<span style=\"font-size: medium;\">In Europa occidentale si prevede un aumento dei prezzi degli alberghi di 5,6% e delle tariffe aeree di 4,8%. <\/span><span style=\"font-size: medium;\">\"Sebbene la maggior parte dei mercati sia su una buona strada economica, ci sono diversi fattori che potrebbero avere un impatto negativo sull'economia globale. Tra questi, le misure protezionistiche, il rischio di guerre commerciali e le incertezze legate alla Brexit\", spiega Michael W. McCormick, direttore esecutivo e COO della GBTA. <\/span><span style=\"font-size: medium;\">Kurt Ekert, presidente e amministratore delegato di Carlson Wagonlit Travel, aggiunge: \"Si prevede un aumento dei prezzi in molti mercati del mondo, anche se l'inflazione rimane contenuta\".<\/span><\/p>\n<h2>Previsioni per le tariffe aeree 2019<\/h2>\n<p>Il settore aereo sar\u00e0 caratterizzato dall'introduzione dei voli a lunghissimo raggio, dalla tendenza delle compagnie aeree verso nuovi modelli di distribuzione e dalla crescente concorrenza dei vettori low-cost, che ora stanno entrando anche nel mercato dei voli intercontinentali. A causa dell'aumento del prezzo del petrolio, dell'aumento della concorrenza dovuta alla carenza di piloti, delle possibili guerre commerciali e dell'aumento della segmentazione dei prezzi, \u00e8 lecito aspettarsi un aumento delle tariffe aeree.<\/p>\n<ul>\n<li>In Europa occidentale, per i voli si prevede un aumento dei prezzi fino a 4,8%. L'aumento \u00e8 particolarmente significativo in Norvegia (+11,5%), Germania (+7,3%), Francia (+6,9%) e Spagna (+6,7%). Al contrario, le tariffe in Europa orientale, Medio Oriente e Africa scenderanno tra 2% e 2,3%.<\/li>\n<li>In Nord America, secondo le previsioni, \u00e8 previsto solo un leggero aumento dei prezzi di 1,8%. Le compagnie aeree statunitensi stanno rivedendo le loro offerte per rispondere meglio alla domanda del mercato, a seconda di come si svilupperanno le relazioni commerciali tra gli Stati Uniti e gli altri Paesi. I prezzi dei voli in America Latina dovrebbero diminuire di 2% nel prossimo anno. Tuttavia, si osserva un leggero aumento di 0,1% e 1,2% in Messico e Colombia. L'aumento dei prezzi sar\u00e0 molto significativo in Cile (+7,5%).<\/li>\n<li>Nella regione Asia-Pacifico, le previsioni indicano un aumento dei prezzi di 3,2%. La domanda in Cina rimane elevata (+3,9% nelle tariffe aeree) - il Paese sar\u00e0 anche il pi\u00f9 grande mercato di viaggi al mondo nel 2020. Oltre alla Cina, anche altri Paesi della regione vedono aumentare le tariffe aeree, in particolare la Nuova Zelanda (+7,5%) e l'India (+7,3%). L'unico Paese della regione in cui i prezzi scenderanno \u00e8 il Giappone, a -3,9%, perch\u00e9 il Paese ha gi\u00e0 ampliato la sua capacit\u00e0 per le Olimpiadi del 2020.<\/li>\n<\/ul>\n<h2>Previsioni per i prezzi degli hotel 2019<\/h2>\n<p>Le previsioni dei prezzi degli hotel sono direttamente collegate alla crescita del settore aereo, che crea una maggiore domanda di camere d'albergo. Gli hotel stanno adottando nuove tecnologie per offrire un'esperienza di viaggio personalizzata ai propri ospiti. Anche il panorama alberghiero sar\u00e0 trasformato da ulteriori fusioni, in quanto gli hotel ad alto prezzo dovranno competere con quelli a medio prezzo per accaparrarsi i viaggiatori pi\u00f9 giovani, che si rivolgono sempre pi\u00f9 spesso ai boutique hotel.<\/p>\n<ul>\n<li>Nella regione Europa, Medio Oriente e Africa, i prezzi in Europa occidentale dovrebbero aumentare di 5,6% per i pernottamenti in hotel. Al contrario, i prezzi in Europa orientale e Medio Oriente\/Africa diminuiranno rispettivamente di 1,9% e 1,5%. L'aumento dei prezzi \u00e8 particolarmente pronunciato in Norvegia (11,8%), Spagna (8,5%), Finlandia (7,1%) e Francia e Germania con 6,8% ciascuna.<\/li>\n<li>Secondo le previsioni, anche i prezzi degli alberghi in Nord America aumenteranno: 5% in Canada e 2,7% negli Stati Uniti.<\/li>\n<li>La regione Asia-Pacifico vedr\u00e0 un aumento dei prezzi di 5,1%. Le differenze sono notevoli: mentre per il Giappone si prevede un calo dei prezzi di 3,2%, per la Nuova Zelanda si prevede un aumento dei prezzi di 11,8%.<\/li>\n<li>In America Latina, le previsioni indicano un calo dei prezzi di 1,3%. Mentre i prezzi degli alberghi diminuiranno di 3,5% in Argentina, 1,9% in Brasile e 0,7% in Colombia, si prevede un aumento dei prezzi in Cile (+6,4%), Per\u00f9 (+2,1%) e Messico (+0,6%).<\/li>\n<\/ul>\n<h2>Previsioni di prezzo per autobus, treni, auto a noleggio e taxi<\/h2>\n<p>Secondo il Travel Price Forecast, solo il Nord America dovrebbe registrare un leggero aumento dei prezzi dei mezzi di trasporto come autobus, treni e taxi nel prossimo anno (+0,6%). In tutte le altre regioni i prezzi rimarranno stabili. Tuttavia, le societ\u00e0 di autonoleggio potrebbero aumentare i prezzi, soprattutto nel quarto trimestre del 2019. I viaggiatori si affideranno sempre pi\u00f9 alle app per i servizi di trasporto privato, mentre l'interesse per i treni ad alta velocit\u00e0 diminuir\u00e0 a causa dei costi elevati e della scarsa diffusione della tecnologia necessaria. Nel settore dell'autonoleggio, le nuove tecnologie stanno facendo tendenza, come l'uso di auto connesse.<\/p>\n<ul>\n<li>Le previsioni indicano prezzi stabili per la regione Europa, Medio Oriente e Africa. Tuttavia, in alcuni Paesi dell'Europa occidentale, come Finlandia, Francia, Germania, Italia e Spagna, sono possibili aumenti di prezzo superiori a 4%, mentre in Norvegia si prevede un aumento fino a +10%. In cambio, la Svezia pu\u00f2 aspettarsi un calo dei prezzi di 13,9%.<\/li>\n<li>Mentre si prevede che i prezzi nell'intera regione del Nord America aumentino solo leggermente (+0,6%), si prevede un aumento di 3,6% in Canada. Il trendsetter nella regione potrebbe essere Silvercar, il fornitore di auto a noleggio basato su app di Audi, che consente di prenotare via mobile e ha semplificato notevolmente il processo di ritiro e fatturazione.<\/li>\n<li>Nella regione Asia-Pacifico, anche l'andamento dei prezzi del trasporto stradale e ferroviario rimarr\u00e0 stabile. Solo in Nuova Zelanda (+4%), India (+2,7%) e Australia (+2,4%) i prezzi aumenteranno. Didi Chuxing continuer\u00e0 a espandere i propri investimenti nella guida autonoma, mentre Uber ha gi\u00e0 abbandonato il campo per dedicarsi ai servizi di trasporto privato nazionale nel sud-est asiatico.<\/li>\n<\/ul>\n<h2>I viaggi d'affari diventano sempre pi\u00f9 personalizzati<\/h2>\n<p><span style=\"font-size: medium;\">Oltre alle prospettive economiche e alle previsioni per le tariffe alberghiere e aeree, il rapporto fornisce anche una panoramica delle tendenze attuali del settore dei viaggi d'affari. \"Il futuro dei viaggi d'affari pu\u00f2 essere descritto come una personalizzazione accelerata. Le tecnologie mobili, l'intelligenza artificiale e l'uso di chatbot e dati predittivi svolgono un ruolo importante in questo senso\", afferma Kurt Ekert. \"Il successo di un programma di viaggio \u00e8 strettamente legato alle nuove tecnologie e all'elaborazione intelligente dei dati\". <\/span><\/p>\n<p><em>Fonte: <a href=\"http:\/\/www.carlsonwagonlit.ch\">Viaggi Carlson Wagonlit<\/a><\/em><\/p>\n<p><span style=\"font-family: Arial,Arial; font-size: medium;\">\u00a0<\/span><\/p>","protected":false},"excerpt":{"rendered":"<p>Im kommenden Jahr ist mit einem starken Preisanstieg der Reisekosten zu rechnen, wie der f\u00fcnfte Global Travel Forecast zeigt, der j\u00e4hrlich von der Global Business Travel Association GBTA und Carlson Wagonlit Travel mit Unterst\u00fctzung der Carlson Family Foundation ver\u00f6ffentlicht wird. Allein in Westeuropa muss mit einem Anstieg der Hotelpreise um 5,6% und der Flugpreise um [&hellip;]<\/p>\n","protected":false},"author":4,"featured_media":3973,"comment_status":"open","ping_status":"open","sticky":false,"template":"","format":"standard","meta":{"_acf_changed":false,"_yoast_wpseo_focuskw":"Flugpreise","_yoast_wpseo_metadesc":"Der Weltwirtschaftsaufschwung und steigende \u00d6lpreise sorgen daf\u00fcr, dass die Hotelpreise im Schnitt um 3,7% und die Flugpreise um 2,6% steigen werden.","articlekey":"","footnotes":""},"categories":[24],"tags":[239,459,531],"class_list":["post-3972","post","type-post","status-publish","format-standard","has-post-thumbnail","hentry","category-finanzen_recht","tag-geschaeftsreisen","tag-studie","tag-wirtschaftspolitik"],"acf":[],"yoast_head":"<!-- This site is optimized with the Yoast SEO plugin v27.5 - https:\/\/yoast.com\/product\/yoast-seo-wordpress\/ -->\n<title>Wirtschaftsaufschwung l\u00e4sst Hotel- und Flugpreise steigen - Organisator<\/title>\n<meta name=\"description\" content=\"Der Weltwirtschaftsaufschwung und steigende \u00d6lpreise sorgen daf\u00fcr, dass die Hotelpreise im Schnitt um 3,7% und die Flugpreise um 2,6% steigen werden.\" \/>\n<meta name=\"robots\" content=\"index, follow, max-snippet:-1, max-image-preview:large, max-video-preview:-1\" \/>\n<link rel=\"canonical\" href=\"https:\/\/www.organisator.ch\/it\/gestione-2\/finanzen_recht\/2018-07-25\/wirtschaftsaufschwung-laesst-hotel-und-flugpreise-steigen\/\" \/>\n<meta property=\"og:locale\" content=\"it_IT\" \/>\n<meta property=\"og:type\" content=\"article\" \/>\n<meta property=\"og:title\" content=\"Wirtschaftsaufschwung l\u00e4sst Hotel- und Flugpreise steigen\" \/>\n<meta property=\"og:description\" content=\"Der Weltwirtschaftsaufschwung und steigende \u00d6lpreise sorgen daf\u00fcr, dass die Hotelpreise im Schnitt um 3,7% und die Flugpreise um 2,6% steigen werden.\" \/>\n<meta property=\"og:url\" content=\"https:\/\/www.organisator.ch\/it\/gestione-2\/finanzen_recht\/2018-07-25\/wirtschaftsaufschwung-laesst-hotel-und-flugpreise-steigen\/\" \/>\n<meta property=\"og:site_name\" content=\"Organisator\" \/>\n<meta property=\"article:publisher\" content=\"https:\/\/www.facebook.com\/OrganisatorFachmagazin\" \/>\n<meta property=\"article:published_time\" content=\"2018-07-25T06:46:33+00:00\" \/>\n<meta property=\"og:image\" content=\"https:\/\/www.organisator.ch\/wp-content\/uploads\/2018\/07\/Wirtschaftsaufschwung-laesst-Hotel-und-Flugpreise-steigen_Organisator.jpg\" \/>\n\t<meta property=\"og:image:width\" content=\"640\" \/>\n\t<meta property=\"og:image:height\" content=\"445\" \/>\n\t<meta property=\"og:image:type\" content=\"image\/jpeg\" \/>\n<meta name=\"author\" content=\"thomas.berner\" \/>\n<meta name=\"twitter:card\" content=\"summary_large_image\" \/>\n<meta name=\"twitter:title\" content=\"#Wirtschaftsaufschwung l\u00e4sst Hotel- und #Flugpreise steigen\" \/>\n<meta name=\"twitter:description\" content=\"Der #Weltwirtschaftsaufschwung und steigende #\u00d6lpreise sorgen daf\u00fcr, dass die #Hotelpreise im Schnitt um 3,7% und die #Flugpreise um 2,6% steigen werden.\" \/>\n<meta name=\"twitter:image\" content=\"https:\/\/www.organisator.ch\/wp-content\/uploads\/2018\/07\/Wirtschaftsaufschwung-l\u00e4sst-Hotel-und-Flugpreise-steigen_Organisator.jpg\" \/>\n<script type=\"application\/ld+json\" class=\"yoast-schema-graph\">{\"@context\":\"https:\\\/\\\/schema.org\",\"@graph\":[{\"@type\":\"Article\",\"@id\":\"https:\\\/\\\/www.organisator.ch\\\/management\\\/finanzen_recht\\\/2018-07-25\\\/wirtschaftsaufschwung-laesst-hotel-und-flugpreise-steigen\\\/#article\",\"isPartOf\":{\"@id\":\"https:\\\/\\\/www.organisator.ch\\\/management\\\/finanzen_recht\\\/2018-07-25\\\/wirtschaftsaufschwung-laesst-hotel-und-flugpreise-steigen\\\/\"},\"author\":{\"name\":\"thomas.berner\",\"@id\":\"https:\\\/\\\/www.organisator.ch\\\/#\\\/schema\\\/person\\\/6f650f90b2842cd4c0cc334b4e36f67e\"},\"headline\":\"Wirtschaftsaufschwung l\u00e4sst Hotel- und Flugpreise steigen\",\"datePublished\":\"2018-07-25T06:46:33+00:00\",\"mainEntityOfPage\":{\"@id\":\"https:\\\/\\\/www.organisator.ch\\\/management\\\/finanzen_recht\\\/2018-07-25\\\/wirtschaftsaufschwung-laesst-hotel-und-flugpreise-steigen\\\/\"},\"wordCount\":1008,\"commentCount\":0,\"publisher\":{\"@id\":\"https:\\\/\\\/www.organisator.ch\\\/#organization\"},\"image\":{\"@id\":\"https:\\\/\\\/www.organisator.ch\\\/management\\\/finanzen_recht\\\/2018-07-25\\\/wirtschaftsaufschwung-laesst-hotel-und-flugpreise-steigen\\\/#primaryimage\"},\"thumbnailUrl\":\"https:\\\/\\\/www.organisator.ch\\\/wp-content\\\/uploads\\\/2018\\\/07\\\/Wirtschaftsaufschwung-laesst-Hotel-und-Flugpreise-steigen_Organisator.jpg\",\"keywords\":[\"Gesch\u00e4ftsreisen\",\"Studie\",\"Wirtschaftspolitik\"],\"articleSection\":[\"FINANZEN\\\/RECHT\"],\"inLanguage\":\"it-IT\"},{\"@type\":\"WebPage\",\"@id\":\"https:\\\/\\\/www.organisator.ch\\\/management\\\/finanzen_recht\\\/2018-07-25\\\/wirtschaftsaufschwung-laesst-hotel-und-flugpreise-steigen\\\/\",\"url\":\"https:\\\/\\\/www.organisator.ch\\\/management\\\/finanzen_recht\\\/2018-07-25\\\/wirtschaftsaufschwung-laesst-hotel-und-flugpreise-steigen\\\/\",\"name\":\"Wirtschaftsaufschwung l\u00e4sst Hotel- und Flugpreise steigen - Organisator\",\"isPartOf\":{\"@id\":\"https:\\\/\\\/www.organisator.ch\\\/#website\"},\"primaryImageOfPage\":{\"@id\":\"https:\\\/\\\/www.organisator.ch\\\/management\\\/finanzen_recht\\\/2018-07-25\\\/wirtschaftsaufschwung-laesst-hotel-und-flugpreise-steigen\\\/#primaryimage\"},\"image\":{\"@id\":\"https:\\\/\\\/www.organisator.ch\\\/management\\\/finanzen_recht\\\/2018-07-25\\\/wirtschaftsaufschwung-laesst-hotel-und-flugpreise-steigen\\\/#primaryimage\"},\"thumbnailUrl\":\"https:\\\/\\\/www.organisator.ch\\\/wp-content\\\/uploads\\\/2018\\\/07\\\/Wirtschaftsaufschwung-laesst-Hotel-und-Flugpreise-steigen_Organisator.jpg\",\"datePublished\":\"2018-07-25T06:46:33+00:00\",\"description\":\"Der Weltwirtschaftsaufschwung und steigende \u00d6lpreise sorgen daf\u00fcr, dass die Hotelpreise im Schnitt um 3,7% und die Flugpreise um 2,6% steigen werden.\",\"breadcrumb\":{\"@id\":\"https:\\\/\\\/www.organisator.ch\\\/management\\\/finanzen_recht\\\/2018-07-25\\\/wirtschaftsaufschwung-laesst-hotel-und-flugpreise-steigen\\\/#breadcrumb\"},\"inLanguage\":\"it-IT\",\"potentialAction\":[{\"@type\":\"ReadAction\",\"target\":[\"https:\\\/\\\/www.organisator.ch\\\/management\\\/finanzen_recht\\\/2018-07-25\\\/wirtschaftsaufschwung-laesst-hotel-und-flugpreise-steigen\\\/\"]}]},{\"@type\":\"ImageObject\",\"inLanguage\":\"it-IT\",\"@id\":\"https:\\\/\\\/www.organisator.ch\\\/management\\\/finanzen_recht\\\/2018-07-25\\\/wirtschaftsaufschwung-laesst-hotel-und-flugpreise-steigen\\\/#primaryimage\",\"url\":\"https:\\\/\\\/www.organisator.ch\\\/wp-content\\\/uploads\\\/2018\\\/07\\\/Wirtschaftsaufschwung-laesst-Hotel-und-Flugpreise-steigen_Organisator.jpg\",\"contentUrl\":\"https:\\\/\\\/www.organisator.ch\\\/wp-content\\\/uploads\\\/2018\\\/07\\\/Wirtschaftsaufschwung-laesst-Hotel-und-Flugpreise-steigen_Organisator.jpg\",\"width\":640,\"height\":445,\"caption\":\"Nicht nur Flugpreise, sondern auch die Preise f\u00fcr Hotels und Taxis d\u00fcrften im Jahr 2019 steigen. (Bild: Rainer Sturm \\\/ pixelio.de)\"},{\"@type\":\"BreadcrumbList\",\"@id\":\"https:\\\/\\\/www.organisator.ch\\\/management\\\/finanzen_recht\\\/2018-07-25\\\/wirtschaftsaufschwung-laesst-hotel-und-flugpreise-steigen\\\/#breadcrumb\",\"itemListElement\":[{\"@type\":\"ListItem\",\"position\":1,\"name\":\"Home\",\"item\":\"https:\\\/\\\/www.organisator.ch\\\/\"},{\"@type\":\"ListItem\",\"position\":2,\"name\":\"Wirtschaftsaufschwung l\u00e4sst Hotel- und Flugpreise steigen\"}]},{\"@type\":\"WebSite\",\"@id\":\"https:\\\/\\\/www.organisator.ch\\\/#website\",\"url\":\"https:\\\/\\\/www.organisator.ch\\\/\",\"name\":\"Organisator\",\"description\":\"Kompetent. Praxisnah. Der ORGANISATOR bereitet in 10 Ausgaben pro Jahr die wesentlichen Themen f\u00fcr F\u00fchrungskr\u00e4fte von KMU auf.\",\"publisher\":{\"@id\":\"https:\\\/\\\/www.organisator.ch\\\/#organization\"},\"potentialAction\":[{\"@type\":\"SearchAction\",\"target\":{\"@type\":\"EntryPoint\",\"urlTemplate\":\"https:\\\/\\\/www.organisator.ch\\\/?s={search_term_string}\"},\"query-input\":{\"@type\":\"PropertyValueSpecification\",\"valueRequired\":true,\"valueName\":\"search_term_string\"}}],\"inLanguage\":\"it-IT\"},{\"@type\":\"Organization\",\"@id\":\"https:\\\/\\\/www.organisator.ch\\\/#organization\",\"name\":\"Organisator\",\"url\":\"https:\\\/\\\/www.organisator.ch\\\/\",\"logo\":{\"@type\":\"ImageObject\",\"inLanguage\":\"it-IT\",\"@id\":\"https:\\\/\\\/www.organisator.ch\\\/#\\\/schema\\\/logo\\\/image\\\/\",\"url\":\"https:\\\/\\\/www.organisator.ch\\\/wp-content\\\/uploads\\\/2022\\\/01\\\/Logo_Organisator_Website.png\",\"contentUrl\":\"https:\\\/\\\/www.organisator.ch\\\/wp-content\\\/uploads\\\/2022\\\/01\\\/Logo_Organisator_Website.png\",\"width\":800,\"height\":77,\"caption\":\"Organisator\"},\"image\":{\"@id\":\"https:\\\/\\\/www.organisator.ch\\\/#\\\/schema\\\/logo\\\/image\\\/\"},\"sameAs\":[\"https:\\\/\\\/www.facebook.com\\\/OrganisatorFachmagazin\",\"https:\\\/\\\/www.linkedin.com\\\/showcase\\\/organisator-das-magazin-fr-kmu\",\"https:\\\/\\\/www.xing.com\\\/news\\\/pages\\\/organisator-ch-695\",\"https:\\\/\\\/www.youtube.com\\\/channel\\\/UCGP2Sq0iWaZwT3BdIAQFYpw\"]},{\"@type\":\"Person\",\"@id\":\"https:\\\/\\\/www.organisator.ch\\\/#\\\/schema\\\/person\\\/6f650f90b2842cd4c0cc334b4e36f67e\",\"name\":\"thomas.berner\",\"image\":{\"@type\":\"ImageObject\",\"inLanguage\":\"it-IT\",\"@id\":\"https:\\\/\\\/secure.gravatar.com\\\/avatar\\\/ac5001d2a36cb6c6cd3e50789007ffca834b477b74a2144564522e944eabff61?s=96&d=mm&r=g\",\"url\":\"https:\\\/\\\/secure.gravatar.com\\\/avatar\\\/ac5001d2a36cb6c6cd3e50789007ffca834b477b74a2144564522e944eabff61?s=96&d=mm&r=g\",\"contentUrl\":\"https:\\\/\\\/secure.gravatar.com\\\/avatar\\\/ac5001d2a36cb6c6cd3e50789007ffca834b477b74a2144564522e944eabff61?s=96&d=mm&r=g\",\"caption\":\"thomas.berner\"},\"url\":\"https:\\\/\\\/www.organisator.ch\\\/it\\\/author\\\/thomas-berner\\\/\"}]}<\/script>\n<!-- \/ Yoast SEO plugin. -->","yoast_head_json":{"title":"La ripresa economica provoca un aumento dei prezzi di hotel e voli - Organizzatore","description":"La ripresa economica globale e l'aumento dei prezzi del petrolio fanno s\u00ec che i prezzi degli hotel aumentino in media di 3,7% e le tariffe aeree di 2,6%.","robots":{"index":"index","follow":"follow","max-snippet":"max-snippet:-1","max-image-preview":"max-image-preview:large","max-video-preview":"max-video-preview:-1"},"canonical":"https:\/\/www.organisator.ch\/it\/gestione-2\/finanzen_recht\/2018-07-25\/wirtschaftsaufschwung-laesst-hotel-und-flugpreise-steigen\/","og_locale":"it_IT","og_type":"article","og_title":"Wirtschaftsaufschwung l\u00e4sst Hotel- und Flugpreise steigen","og_description":"Der Weltwirtschaftsaufschwung und steigende \u00d6lpreise sorgen daf\u00fcr, dass die Hotelpreise im Schnitt um 3,7% und die Flugpreise um 2,6% steigen werden.","og_url":"https:\/\/www.organisator.ch\/it\/gestione-2\/finanzen_recht\/2018-07-25\/wirtschaftsaufschwung-laesst-hotel-und-flugpreise-steigen\/","og_site_name":"Organisator","article_publisher":"https:\/\/www.facebook.com\/OrganisatorFachmagazin","article_published_time":"2018-07-25T06:46:33+00:00","og_image":[{"width":640,"height":445,"url":"https:\/\/www.organisator.ch\/wp-content\/uploads\/2018\/07\/Wirtschaftsaufschwung-laesst-Hotel-und-Flugpreise-steigen_Organisator.jpg","type":"image\/jpeg"}],"author":"thomas.berner","twitter_card":"summary_large_image","twitter_title":"#Wirtschaftsaufschwung l\u00e4sst Hotel- und #Flugpreise steigen","twitter_description":"Der #Weltwirtschaftsaufschwung und steigende #\u00d6lpreise sorgen daf\u00fcr, dass die #Hotelpreise im Schnitt um 3,7% und die #Flugpreise um 2,6% steigen werden.","twitter_image":"https:\/\/www.organisator.ch\/wp-content\/uploads\/2018\/07\/Wirtschaftsaufschwung-l\u00e4sst-Hotel-und-Flugpreise-steigen_Organisator.jpg","schema":{"@context":"https:\/\/schema.org","@graph":[{"@type":"Article","@id":"https:\/\/www.organisator.ch\/management\/finanzen_recht\/2018-07-25\/wirtschaftsaufschwung-laesst-hotel-und-flugpreise-steigen\/#article","isPartOf":{"@id":"https:\/\/www.organisator.ch\/management\/finanzen_recht\/2018-07-25\/wirtschaftsaufschwung-laesst-hotel-und-flugpreise-steigen\/"},"author":{"name":"thomas.berner","@id":"https:\/\/www.organisator.ch\/#\/schema\/person\/6f650f90b2842cd4c0cc334b4e36f67e"},"headline":"Wirtschaftsaufschwung l\u00e4sst Hotel- und Flugpreise steigen","datePublished":"2018-07-25T06:46:33+00:00","mainEntityOfPage":{"@id":"https:\/\/www.organisator.ch\/management\/finanzen_recht\/2018-07-25\/wirtschaftsaufschwung-laesst-hotel-und-flugpreise-steigen\/"},"wordCount":1008,"commentCount":0,"publisher":{"@id":"https:\/\/www.organisator.ch\/#organization"},"image":{"@id":"https:\/\/www.organisator.ch\/management\/finanzen_recht\/2018-07-25\/wirtschaftsaufschwung-laesst-hotel-und-flugpreise-steigen\/#primaryimage"},"thumbnailUrl":"https:\/\/www.organisator.ch\/wp-content\/uploads\/2018\/07\/Wirtschaftsaufschwung-laesst-Hotel-und-Flugpreise-steigen_Organisator.jpg","keywords":["Gesch\u00e4ftsreisen","Studie","Wirtschaftspolitik"],"articleSection":["FINANZEN\/RECHT"],"inLanguage":"it-IT"},{"@type":"WebPage","@id":"https:\/\/www.organisator.ch\/management\/finanzen_recht\/2018-07-25\/wirtschaftsaufschwung-laesst-hotel-und-flugpreise-steigen\/","url":"https:\/\/www.organisator.ch\/management\/finanzen_recht\/2018-07-25\/wirtschaftsaufschwung-laesst-hotel-und-flugpreise-steigen\/","name":"La ripresa economica provoca un aumento dei prezzi di hotel e voli - Organizzatore","isPartOf":{"@id":"https:\/\/www.organisator.ch\/#website"},"primaryImageOfPage":{"@id":"https:\/\/www.organisator.ch\/management\/finanzen_recht\/2018-07-25\/wirtschaftsaufschwung-laesst-hotel-und-flugpreise-steigen\/#primaryimage"},"image":{"@id":"https:\/\/www.organisator.ch\/management\/finanzen_recht\/2018-07-25\/wirtschaftsaufschwung-laesst-hotel-und-flugpreise-steigen\/#primaryimage"},"thumbnailUrl":"https:\/\/www.organisator.ch\/wp-content\/uploads\/2018\/07\/Wirtschaftsaufschwung-laesst-Hotel-und-Flugpreise-steigen_Organisator.jpg","datePublished":"2018-07-25T06:46:33+00:00","description":"La ripresa economica globale e l'aumento dei prezzi del petrolio fanno s\u00ec che i prezzi degli hotel aumentino in media di 3,7% e le tariffe aeree di 2,6%.","breadcrumb":{"@id":"https:\/\/www.organisator.ch\/management\/finanzen_recht\/2018-07-25\/wirtschaftsaufschwung-laesst-hotel-und-flugpreise-steigen\/#breadcrumb"},"inLanguage":"it-IT","potentialAction":[{"@type":"ReadAction","target":["https:\/\/www.organisator.ch\/management\/finanzen_recht\/2018-07-25\/wirtschaftsaufschwung-laesst-hotel-und-flugpreise-steigen\/"]}]},{"@type":"ImageObject","inLanguage":"it-IT","@id":"https:\/\/www.organisator.ch\/management\/finanzen_recht\/2018-07-25\/wirtschaftsaufschwung-laesst-hotel-und-flugpreise-steigen\/#primaryimage","url":"https:\/\/www.organisator.ch\/wp-content\/uploads\/2018\/07\/Wirtschaftsaufschwung-laesst-Hotel-und-Flugpreise-steigen_Organisator.jpg","contentUrl":"https:\/\/www.organisator.ch\/wp-content\/uploads\/2018\/07\/Wirtschaftsaufschwung-laesst-Hotel-und-Flugpreise-steigen_Organisator.jpg","width":640,"height":445,"caption":"Nicht nur Flugpreise, sondern auch die Preise f\u00fcr Hotels und Taxis d\u00fcrften im Jahr 2019 steigen. (Bild: Rainer Sturm \/ pixelio.de)"},{"@type":"BreadcrumbList","@id":"https:\/\/www.organisator.ch\/management\/finanzen_recht\/2018-07-25\/wirtschaftsaufschwung-laesst-hotel-und-flugpreise-steigen\/#breadcrumb","itemListElement":[{"@type":"ListItem","position":1,"name":"Home","item":"https:\/\/www.organisator.ch\/"},{"@type":"ListItem","position":2,"name":"Wirtschaftsaufschwung l\u00e4sst Hotel- und Flugpreise steigen"}]},{"@type":"WebSite","@id":"https:\/\/www.organisator.ch\/#website","url":"https:\/\/www.organisator.ch\/","name":"Organizzatore","description":"Competente. Pratico. In 10 numeri all'anno, ORGANISATOR presenta i temi essenziali per i manager delle PMI.","publisher":{"@id":"https:\/\/www.organisator.ch\/#organization"},"potentialAction":[{"@type":"SearchAction","target":{"@type":"EntryPoint","urlTemplate":"https:\/\/www.organisator.ch\/?s={search_term_string}"},"query-input":{"@type":"PropertyValueSpecification","valueRequired":true,"valueName":"search_term_string"}}],"inLanguage":"it-IT"},{"@type":"Organization","@id":"https:\/\/www.organisator.ch\/#organization","name":"Organizzatore","url":"https:\/\/www.organisator.ch\/","logo":{"@type":"ImageObject","inLanguage":"it-IT","@id":"https:\/\/www.organisator.ch\/#\/schema\/logo\/image\/","url":"https:\/\/www.organisator.ch\/wp-content\/uploads\/2022\/01\/Logo_Organisator_Website.png","contentUrl":"https:\/\/www.organisator.ch\/wp-content\/uploads\/2022\/01\/Logo_Organisator_Website.png","width":800,"height":77,"caption":"Organisator"},"image":{"@id":"https:\/\/www.organisator.ch\/#\/schema\/logo\/image\/"},"sameAs":["https:\/\/www.facebook.com\/OrganisatorFachmagazin","https:\/\/www.linkedin.com\/showcase\/organisator-das-magazin-fr-kmu","https:\/\/www.xing.com\/news\/pages\/organisator-ch-695","https:\/\/www.youtube.com\/channel\/UCGP2Sq0iWaZwT3BdIAQFYpw"]},{"@type":"Person","@id":"https:\/\/www.organisator.ch\/#\/schema\/person\/6f650f90b2842cd4c0cc334b4e36f67e","name":"Tommaso.berner","image":{"@type":"ImageObject","inLanguage":"it-IT","@id":"https:\/\/secure.gravatar.com\/avatar\/ac5001d2a36cb6c6cd3e50789007ffca834b477b74a2144564522e944eabff61?s=96&d=mm&r=g","url":"https:\/\/secure.gravatar.com\/avatar\/ac5001d2a36cb6c6cd3e50789007ffca834b477b74a2144564522e944eabff61?s=96&d=mm&r=g","contentUrl":"https:\/\/secure.gravatar.com\/avatar\/ac5001d2a36cb6c6cd3e50789007ffca834b477b74a2144564522e944eabff61?s=96&d=mm&r=g","caption":"thomas.berner"},"url":"https:\/\/www.organisator.ch\/it\/author\/thomas-berner\/"}]}},"_links":{"self":[{"href":"https:\/\/www.organisator.ch\/it\/wp-json\/wp\/v2\/posts\/3972","targetHints":{"allow":["GET"]}}],"collection":[{"href":"https:\/\/www.organisator.ch\/it\/wp-json\/wp\/v2\/posts"}],"about":[{"href":"https:\/\/www.organisator.ch\/it\/wp-json\/wp\/v2\/types\/post"}],"author":[{"embeddable":true,"href":"https:\/\/www.organisator.ch\/it\/wp-json\/wp\/v2\/users\/4"}],"replies":[{"embeddable":true,"href":"https:\/\/www.organisator.ch\/it\/wp-json\/wp\/v2\/comments?post=3972"}],"version-history":[{"count":0,"href":"https:\/\/www.organisator.ch\/it\/wp-json\/wp\/v2\/posts\/3972\/revisions"}],"wp:featuredmedia":[{"embeddable":true,"href":"https:\/\/www.organisator.ch\/it\/wp-json\/wp\/v2\/media\/3973"}],"wp:attachment":[{"href":"https:\/\/www.organisator.ch\/it\/wp-json\/wp\/v2\/media?parent=3972"}],"wp:term":[{"taxonomy":"category","embeddable":true,"href":"https:\/\/www.organisator.ch\/it\/wp-json\/wp\/v2\/categories?post=3972"},{"taxonomy":"post_tag","embeddable":true,"href":"https:\/\/www.organisator.ch\/it\/wp-json\/wp\/v2\/tags?post=3972"}],"curies":[{"name":"wp","href":"https:\/\/api.w.org\/{rel}","templated":true}]}}