{"id":3975,"date":"2021-03-20T07:49:56","date_gmt":"2021-03-20T06:49:56","guid":{"rendered":"https:\/\/www.umweltperspektiven.ch\/?p=3975"},"modified":"2022-02-09T11:09:14","modified_gmt":"2022-02-09T10:09:14","slug":"feinstaub-gefaehrlicher-als-gedacht","status":"publish","type":"post","link":"https:\/\/www.organisator.ch\/it\/sustainability\/2021-03-20\/feinstaub-gefaehrlicher-als-gedacht\/","title":{"rendered":"Polvere fine - pi\u00f9 pericolosa di quanto si pensi"},"content":{"rendered":"<figure id=\"attachment_3976\" aria-describedby=\"caption-attachment-3976\" style=\"width: 680px\" class=\"wp-caption aligncenter\"><img loading=\"lazy\" decoding=\"async\" class=\"wp-image-3976 size-medium\" src=\"\/\/www.umweltperspektiven.ch\/wp-content\/uploads\/2021\/03\/20210317_aerosol_particles_0008.jpg\" alt=\"Polvere fine\" width=\"680\" height=\"453\" \/><figcaption id=\"caption-attachment-3976\" class=\"wp-caption-text\">Markus Ammann presso uno dei dispositivi utilizzati per effettuare i test sulle polveri sottili.<br \/>\u00a9 Markus Fischer, PSI<\/figcaption><\/figure>\n<p>&nbsp;<\/p>\n<p>\u00c8 noto che le polveri sottili possono mettere in pericolo la salute. Le particelle con un diametro massimo di 10 micrometri possono penetrare in profondit\u00e0 nel tessuto polmonare e stabilirvisi. Contengono composti reattivi dell'ossigeno (ROS), chiamati anche \"radicali dell'ossigeno\", che possono danneggiare le cellule dei polmoni. Pi\u00f9 particelle sospese nell'aria, pi\u00f9 alto \u00e8 il rischio. \u00c8 vero che le particelle entrano nell'aria anche da fonti naturali come le foreste o i vulcani. Ma le attivit\u00e0 umane, per esempio nelle fabbriche e nel traffico, moltiplicano la quantit\u00e0 in modo da raggiungere concentrazioni allarmanti. Il potenziale delle polveri sottili di portare i radicali di ossigeno nei polmoni o di generarli l\u00ec \u00e8 gi\u00e0 stato studiato per varie fonti. I ricercatori dell'Istituto Paul Scherrer (PSI) hanno ora acquisito nuove importanti intuizioni al riguardo.<\/p>\n<p>Ricerche precedenti hanno dimostrato che alcuni ROS si formano nel corpo umano quando il particolato si dissolve nel fluido superficiale delle vie respiratorie. Il particolato di solito contiene componenti chimici, come metalli come rame e ferro, e alcuni composti organici. Questi scambiano atomi di ossigeno con altre molecole e si formano composti molto reattivi come perossido di idrogeno (H2O2), idrossile (HO) o idroperossile (HO2), che causano il cosiddetto stress ossidativo. Per esempio, attaccano gli acidi grassi insaturi nel corpo, che non possono pi\u00f9 servire come mattoni delle cellule. I medici attribuiscono la polmonite, l'asma e varie altre malattie respiratorie a tali processi. Anche il cancro potrebbe essere innescato, poich\u00e9 i ROS possono anche danneggiare il materiale genetico DNA.<strong>\u00a0<\/strong><\/p>\n<p><strong>Nuove intuizioni grazie alla combinazione unica di dispositivi<\/strong><\/p>\n<p>\u00c8 noto da tempo che alcune specie di ROS sono gi\u00e0 presenti nelle polveri sottili dell'atmosfera ed entrano nel nostro corpo come cosiddetti ROS esogeni attraverso l'aria che respiriamo, senza doversi prima formare l\u00ec. Ora si scopre che non abbiamo guardato abbastanza da vicino: \"Gli studi precedenti hanno utilizzato spettrometri di massa per analizzare ci\u00f2 che le polveri sottili sono costituite\", spiega Peter Aaron Alpert, autore principale del nuovo studio del PSI. \"Ma questo non ti d\u00e0 alcuna informazione sulla struttura delle singole particelle e su quello che succede al loro interno\".<\/p>\n<p>Alpert, invece, ha utilizzato le strutture del PSI per uno sguardo pi\u00f9 preciso: \"Con la brillante luce a raggi X della Swiss Synchrotron Light Source SLS, non solo siamo stati in grado di vedere tali particelle individualmente con una risoluzione inferiore al micrometro, ma anche di guardare al loro interno mentre le reazioni avvenivano al loro interno\". Per fare questo, ha anche usato un nuovo tipo di cella sviluppata al PSI in cui una grande variet\u00e0 di condizioni ambientali atmosferiche pu\u00f2 essere simulata. Pu\u00f2 regolare con precisione la temperatura, l'umidit\u00e0 e l'esposizione ai gas, e una fonte di luce UV LED imita la radiazione solare. \"Questa combinazione - microscopio a raggi X ad alta risoluzione e cella - esiste solo una volta al mondo\", dice Alpert. Lo studio era quindi possibile solo al PSI. Ha lavorato a stretto contatto con Markus Ammann, capo del gruppo di chimica delle superfici al PSI. \u00c8 stato anche supportato da ricercatori guidati dai chimici atmosferici Ulrich Krieger e Thomas Peter all'ETH di Zurigo, dove sono stati effettuati ulteriori esperimenti con particelle tenute in sospensione, cos\u00ec come da esperti guidati da Hartmut Hermann dell'Istituto Leibniz per la ricerca troposferica a Lipsia.<\/p>\n<p><strong>Come si formano i composti pericolosi<\/strong><\/p>\n<p>I ricercatori hanno esaminato particelle con componenti organici e ferro. Il ferro proviene da fonti naturali come la polvere del deserto o la cenere vulcanica, ma \u00e8 anche presente nelle emissioni dell'industria e del traffico. I componenti organici derivano anche da fonti naturali e artificiali. Nell'atmosfera, questi componenti si combinano per formare complessi di ferro, che poi reagiscono sotto la radiazione solare per formare i cosiddetti radicali. Questi a loro volta legano tutto l'ossigeno disponibile e producono cos\u00ec i composti dell'ossigeno.<\/p>\n<p>Normalmente, una parte maggiore di questi ROS si diffonderebbe dalle particelle nell'aria con il calore del sole e non costituirebbe pi\u00f9 un pericolo quando respiriamo le particelle, che quindi contengono meno ROS. Se le condizioni sono giuste, per\u00f2, i radicali si accumulano all'interno delle particelle e consumano tutto l'ossigeno disponibile in pochi secondi. E questo \u00e8 dovuto alla cosiddetta viscosit\u00e0: le polveri sottili possono essere solide come la pietra o liquide come l'acqua - ma a seconda della temperatura e dell'umidit\u00e0, possono anche essere viscose come lo sciroppo, la gomma da masticare o lo zucchero svizzero alle erbe. \"Questo stato della particella, abbiamo scoperto, assicura che i ROS rimangano intrappolati nella particella\", dice Alpert. E non entra nemmeno altro ossigeno dall'esterno.<\/p>\n<p>Ci\u00f2 che \u00e8 particolarmente spaventoso \u00e8 che a causa dell'interazione del ferro e dei composti organici, le pi\u00f9 alte concentrazioni di ROS si formano in condizioni atmosferiche quotidiane: con un'umidit\u00e0 media del 50 per cento e temperature intorno ai 20 gradi, come quelle che si trovano al chiuso. \"Si pensava che i ROS nell'aria si formassero solo - se mai - quando le particelle di polvere fine contenevano composti relativamente rari come i chinoni\", dice Alpert. Si tratta di fenoli ossidati che si trovano, per esempio, nelle tinture di piante e funghi. Recentemente \u00e8 diventato chiaro che molte altre fonti di ROS sono presenti nelle polveri sottili. \"Come abbiamo scoperto ora, queste fonti note di ROS possono essere significativamente amplificate in condizioni completamente quotidiane\". Circa una particella su venti \u00e8 organica e contiene ferro.<\/p>\n<p>Ma non \u00e8 tutto: \"Supponiamo che le stesse reazioni fotochimiche abbiano luogo anche in altre particelle di polvere fine\", dice il leader del gruppo di ricerca Markus Ammann. \"Abbiamo anche il sospetto che quasi tutte le particelle trasportate dall'aria formino radicali aggiuntivi in questo modo\", aggiunge Alpert. Se questo \u00e8 confermato da ulteriori studi, dobbiamo urgentemente aggiustare i nostri modelli e i valori limite relativi alla qualit\u00e0 dell'aria\". Potremmo aver trovato qui un fattore aggiuntivo per il fatto che cos\u00ec tante persone si ammalano di malattie respiratorie o di cancro apparentemente senza alcuna causa concreta\".<\/p>\n<p>Dopo tutto, i ROS - soprattutto in tempi di pandemia di COVID-19 - hanno anche i loro buoni punti, come suggerisce anche lo studio: Attaccano anche batteri, virus e altri agenti patogeni seduti sugli aerosol e li rendono innocui. Questa connessione potrebbe spiegare perch\u00e9 il virus Sars-CoV-2 sopravvive pi\u00f9 brevemente in aria a temperatura ambiente e umidit\u00e0 media.<\/p>","protected":false},"excerpt":{"rendered":"<p>&nbsp; Dass Feinstaub die Gesundheit gef\u00e4hrden kann, ist bekannt. Die Partikel mit einem maximalen Durchmesser von 10 Mikrometern k\u00f6nnen tief ins Lungengewebe vordringen und sich dort festsetzen. Sie enthalten reaktive Sauerstoffverbindungen (ROS), auch &#8222;Sauerstoffradikale&#8220; genannt, die die Zellen der Lunge sch\u00e4digen k\u00f6nnen. Je mehr Partikel in der Luft schweben, desto h\u00f6her das Risiko. Die Partikel [&hellip;]<\/p>\n","protected":false},"author":6,"featured_media":9779,"comment_status":"closed","ping_status":"closed","sticky":false,"template":"","format":"standard","meta":{"_acf_changed":false,"_yoast_wpseo_focuskw":"Feinstaub","_yoast_wpseo_metadesc":"Neuste Untersuchungen des Paul Scherrer Instituts zeigen: Feinstaub ist gef\u00e4hrlicher als gedacht.","articlekey":"","footnotes":""},"categories":[580],"tags":[1161,1162,1956,2053,2054,460],"class_list":["post-3975","post","type-post","status-publish","format-standard","has-post-thumbnail","hentry","category-sustainability","tag-feinstaub","tag-feinstaubpartikel","tag-psi","tag-sauerstoffradikale","tag-sauerstoffverbindungen","tag-studien"],"acf":[],"yoast_head":"<!-- This site is optimized with the Yoast SEO plugin v27.4 - https:\/\/yoast.com\/product\/yoast-seo-wordpress\/ -->\n<title>Feinstaub \u2013 gef\u00e4hrlicher als gedacht - Organisator<\/title>\n<meta name=\"description\" content=\"Neuste Untersuchungen des Paul Scherrer Instituts zeigen: Feinstaub ist gef\u00e4hrlicher als gedacht.\" \/>\n<meta name=\"robots\" content=\"index, follow, max-snippet:-1, max-image-preview:large, max-video-preview:-1\" \/>\n<link rel=\"canonical\" href=\"https:\/\/www.organisator.ch\/it\/sostenibilita\/2021-03-20\/feinstaub-gefaehrlicher-als-gedacht\/\" \/>\n<meta property=\"og:locale\" content=\"it_IT\" \/>\n<meta property=\"og:type\" content=\"article\" \/>\n<meta property=\"og:title\" content=\"Feinstaub \u2013 gef\u00e4hrlicher als gedacht - Organisator\" \/>\n<meta property=\"og:description\" content=\"Neuste Untersuchungen des Paul Scherrer Instituts zeigen: Feinstaub ist gef\u00e4hrlicher als gedacht.\" \/>\n<meta property=\"og:url\" content=\"https:\/\/www.organisator.ch\/it\/sostenibilita\/2021-03-20\/feinstaub-gefaehrlicher-als-gedacht\/\" \/>\n<meta property=\"og:site_name\" content=\"Organisator\" \/>\n<meta property=\"article:publisher\" content=\"https:\/\/www.facebook.com\/OrganisatorFachmagazin\" \/>\n<meta property=\"article:published_time\" content=\"2021-03-20T06:49:56+00:00\" \/>\n<meta property=\"article:modified_time\" content=\"2022-02-09T10:09:14+00:00\" \/>\n<meta property=\"og:image\" content=\"https:\/\/www.organisator.ch\/wp-content\/uploads\/2021\/03\/20210317_aerosol_particles_0008-scaled.jpg\" \/>\n\t<meta property=\"og:image:width\" content=\"2560\" \/>\n\t<meta property=\"og:image:height\" content=\"1707\" \/>\n\t<meta property=\"og:image:type\" content=\"image\/jpeg\" \/>\n<meta name=\"author\" content=\"roger.straessle\" \/>\n<meta name=\"twitter:card\" content=\"summary_large_image\" \/>\n<script type=\"application\/ld+json\" class=\"yoast-schema-graph\">{\"@context\":\"https:\\\/\\\/schema.org\",\"@graph\":[{\"@type\":\"Article\",\"@id\":\"https:\\\/\\\/www.organisator.ch\\\/sustainability\\\/2021-03-20\\\/feinstaub-gefaehrlicher-als-gedacht\\\/#article\",\"isPartOf\":{\"@id\":\"https:\\\/\\\/www.organisator.ch\\\/sustainability\\\/2021-03-20\\\/feinstaub-gefaehrlicher-als-gedacht\\\/\"},\"author\":{\"name\":\"roger.straessle\",\"@id\":\"https:\\\/\\\/www.organisator.ch\\\/#\\\/schema\\\/person\\\/a800b8c54e208b160517a7dcc323161d\"},\"headline\":\"Feinstaub \u2013 gef\u00e4hrlicher als gedacht\",\"datePublished\":\"2021-03-20T06:49:56+00:00\",\"dateModified\":\"2022-02-09T10:09:14+00:00\",\"mainEntityOfPage\":{\"@id\":\"https:\\\/\\\/www.organisator.ch\\\/sustainability\\\/2021-03-20\\\/feinstaub-gefaehrlicher-als-gedacht\\\/\"},\"wordCount\":1027,\"publisher\":{\"@id\":\"https:\\\/\\\/www.organisator.ch\\\/#organization\"},\"image\":{\"@id\":\"https:\\\/\\\/www.organisator.ch\\\/sustainability\\\/2021-03-20\\\/feinstaub-gefaehrlicher-als-gedacht\\\/#primaryimage\"},\"thumbnailUrl\":\"https:\\\/\\\/www.organisator.ch\\\/wp-content\\\/uploads\\\/2021\\\/03\\\/20210317_aerosol_particles_0008-scaled.jpg\",\"keywords\":[\"Feinstaub\",\"Feinstaubpartikel\",\"PSI\",\"Sauerstoffradikale\",\"Sauerstoffverbindungen\",\"Studien\"],\"articleSection\":[\"SUSTAINABILITY\"],\"inLanguage\":\"it-IT\"},{\"@type\":\"WebPage\",\"@id\":\"https:\\\/\\\/www.organisator.ch\\\/sustainability\\\/2021-03-20\\\/feinstaub-gefaehrlicher-als-gedacht\\\/\",\"url\":\"https:\\\/\\\/www.organisator.ch\\\/sustainability\\\/2021-03-20\\\/feinstaub-gefaehrlicher-als-gedacht\\\/\",\"name\":\"Feinstaub \u2013 gef\u00e4hrlicher als gedacht - Organisator\",\"isPartOf\":{\"@id\":\"https:\\\/\\\/www.organisator.ch\\\/#website\"},\"primaryImageOfPage\":{\"@id\":\"https:\\\/\\\/www.organisator.ch\\\/sustainability\\\/2021-03-20\\\/feinstaub-gefaehrlicher-als-gedacht\\\/#primaryimage\"},\"image\":{\"@id\":\"https:\\\/\\\/www.organisator.ch\\\/sustainability\\\/2021-03-20\\\/feinstaub-gefaehrlicher-als-gedacht\\\/#primaryimage\"},\"thumbnailUrl\":\"https:\\\/\\\/www.organisator.ch\\\/wp-content\\\/uploads\\\/2021\\\/03\\\/20210317_aerosol_particles_0008-scaled.jpg\",\"datePublished\":\"2021-03-20T06:49:56+00:00\",\"dateModified\":\"2022-02-09T10:09:14+00:00\",\"description\":\"Neuste Untersuchungen des Paul Scherrer Instituts zeigen: Feinstaub ist gef\u00e4hrlicher als gedacht.\",\"breadcrumb\":{\"@id\":\"https:\\\/\\\/www.organisator.ch\\\/sustainability\\\/2021-03-20\\\/feinstaub-gefaehrlicher-als-gedacht\\\/#breadcrumb\"},\"inLanguage\":\"it-IT\",\"potentialAction\":[{\"@type\":\"ReadAction\",\"target\":[\"https:\\\/\\\/www.organisator.ch\\\/sustainability\\\/2021-03-20\\\/feinstaub-gefaehrlicher-als-gedacht\\\/\"]}]},{\"@type\":\"ImageObject\",\"inLanguage\":\"it-IT\",\"@id\":\"https:\\\/\\\/www.organisator.ch\\\/sustainability\\\/2021-03-20\\\/feinstaub-gefaehrlicher-als-gedacht\\\/#primaryimage\",\"url\":\"https:\\\/\\\/www.organisator.ch\\\/wp-content\\\/uploads\\\/2021\\\/03\\\/20210317_aerosol_particles_0008-scaled.jpg\",\"contentUrl\":\"https:\\\/\\\/www.organisator.ch\\\/wp-content\\\/uploads\\\/2021\\\/03\\\/20210317_aerosol_particles_0008-scaled.jpg\",\"width\":2560,\"height\":1707,\"caption\":\"Markus Ammann an einer der Apparaturen, mit deren Hilfe die Feinstaubuntersuchungen durchgef\u00fchrt wurden. \u00a9 Markus Fischer, PSI\"},{\"@type\":\"BreadcrumbList\",\"@id\":\"https:\\\/\\\/www.organisator.ch\\\/sustainability\\\/2021-03-20\\\/feinstaub-gefaehrlicher-als-gedacht\\\/#breadcrumb\",\"itemListElement\":[{\"@type\":\"ListItem\",\"position\":1,\"name\":\"Home\",\"item\":\"https:\\\/\\\/www.organisator.ch\\\/\"},{\"@type\":\"ListItem\",\"position\":2,\"name\":\"Feinstaub \u2013 gef\u00e4hrlicher als gedacht\"}]},{\"@type\":\"WebSite\",\"@id\":\"https:\\\/\\\/www.organisator.ch\\\/#website\",\"url\":\"https:\\\/\\\/www.organisator.ch\\\/\",\"name\":\"Organisator\",\"description\":\"Kompetent. Praxisnah. Der ORGANISATOR bereitet in 10 Ausgaben pro Jahr die wesentlichen Themen f\u00fcr F\u00fchrungskr\u00e4fte von KMU auf.\",\"publisher\":{\"@id\":\"https:\\\/\\\/www.organisator.ch\\\/#organization\"},\"potentialAction\":[{\"@type\":\"SearchAction\",\"target\":{\"@type\":\"EntryPoint\",\"urlTemplate\":\"https:\\\/\\\/www.organisator.ch\\\/?s={search_term_string}\"},\"query-input\":{\"@type\":\"PropertyValueSpecification\",\"valueRequired\":true,\"valueName\":\"search_term_string\"}}],\"inLanguage\":\"it-IT\"},{\"@type\":\"Organization\",\"@id\":\"https:\\\/\\\/www.organisator.ch\\\/#organization\",\"name\":\"Organisator\",\"url\":\"https:\\\/\\\/www.organisator.ch\\\/\",\"logo\":{\"@type\":\"ImageObject\",\"inLanguage\":\"it-IT\",\"@id\":\"https:\\\/\\\/www.organisator.ch\\\/#\\\/schema\\\/logo\\\/image\\\/\",\"url\":\"https:\\\/\\\/www.organisator.ch\\\/wp-content\\\/uploads\\\/2022\\\/01\\\/Logo_Organisator_Website.png\",\"contentUrl\":\"https:\\\/\\\/www.organisator.ch\\\/wp-content\\\/uploads\\\/2022\\\/01\\\/Logo_Organisator_Website.png\",\"width\":800,\"height\":77,\"caption\":\"Organisator\"},\"image\":{\"@id\":\"https:\\\/\\\/www.organisator.ch\\\/#\\\/schema\\\/logo\\\/image\\\/\"},\"sameAs\":[\"https:\\\/\\\/www.facebook.com\\\/OrganisatorFachmagazin\",\"https:\\\/\\\/www.linkedin.com\\\/showcase\\\/organisator-das-magazin-fr-kmu\",\"https:\\\/\\\/www.xing.com\\\/news\\\/pages\\\/organisator-ch-695\",\"https:\\\/\\\/www.youtube.com\\\/channel\\\/UCGP2Sq0iWaZwT3BdIAQFYpw\"]},{\"@type\":\"Person\",\"@id\":\"https:\\\/\\\/www.organisator.ch\\\/#\\\/schema\\\/person\\\/a800b8c54e208b160517a7dcc323161d\",\"name\":\"roger.straessle\",\"image\":{\"@type\":\"ImageObject\",\"inLanguage\":\"it-IT\",\"@id\":\"https:\\\/\\\/secure.gravatar.com\\\/avatar\\\/?s=96&d=mm&r=g\",\"url\":\"https:\\\/\\\/secure.gravatar.com\\\/avatar\\\/?s=96&d=mm&r=g\",\"contentUrl\":\"https:\\\/\\\/secure.gravatar.com\\\/avatar\\\/?s=96&d=mm&r=g\",\"caption\":\"roger.straessle\"},\"url\":\"https:\\\/\\\/www.organisator.ch\\\/it\\\/author\\\/roger-straessle\\\/\"}]}<\/script>\n<!-- \/ Yoast SEO plugin. -->","yoast_head_json":{"title":"Polveri sottili: pi\u00f9 pericolose del previsto - Organizzatore","description":"Gli ultimi studi dell'Istituto Paul Scherrer dimostrano che: Le polveri sottili sono pi\u00f9 pericolose di quanto si pensi.","robots":{"index":"index","follow":"follow","max-snippet":"max-snippet:-1","max-image-preview":"max-image-preview:large","max-video-preview":"max-video-preview:-1"},"canonical":"https:\/\/www.organisator.ch\/it\/sostenibilita\/2021-03-20\/feinstaub-gefaehrlicher-als-gedacht\/","og_locale":"it_IT","og_type":"article","og_title":"Feinstaub \u2013 gef\u00e4hrlicher als gedacht - Organisator","og_description":"Neuste Untersuchungen des Paul Scherrer Instituts zeigen: Feinstaub ist gef\u00e4hrlicher als gedacht.","og_url":"https:\/\/www.organisator.ch\/it\/sostenibilita\/2021-03-20\/feinstaub-gefaehrlicher-als-gedacht\/","og_site_name":"Organisator","article_publisher":"https:\/\/www.facebook.com\/OrganisatorFachmagazin","article_published_time":"2021-03-20T06:49:56+00:00","article_modified_time":"2022-02-09T10:09:14+00:00","og_image":[{"width":2560,"height":1707,"url":"https:\/\/www.organisator.ch\/wp-content\/uploads\/2021\/03\/20210317_aerosol_particles_0008-scaled.jpg","type":"image\/jpeg"}],"author":"roger.straessle","twitter_card":"summary_large_image","schema":{"@context":"https:\/\/schema.org","@graph":[{"@type":"Article","@id":"https:\/\/www.organisator.ch\/sustainability\/2021-03-20\/feinstaub-gefaehrlicher-als-gedacht\/#article","isPartOf":{"@id":"https:\/\/www.organisator.ch\/sustainability\/2021-03-20\/feinstaub-gefaehrlicher-als-gedacht\/"},"author":{"name":"roger.straessle","@id":"https:\/\/www.organisator.ch\/#\/schema\/person\/a800b8c54e208b160517a7dcc323161d"},"headline":"Feinstaub \u2013 gef\u00e4hrlicher als gedacht","datePublished":"2021-03-20T06:49:56+00:00","dateModified":"2022-02-09T10:09:14+00:00","mainEntityOfPage":{"@id":"https:\/\/www.organisator.ch\/sustainability\/2021-03-20\/feinstaub-gefaehrlicher-als-gedacht\/"},"wordCount":1027,"publisher":{"@id":"https:\/\/www.organisator.ch\/#organization"},"image":{"@id":"https:\/\/www.organisator.ch\/sustainability\/2021-03-20\/feinstaub-gefaehrlicher-als-gedacht\/#primaryimage"},"thumbnailUrl":"https:\/\/www.organisator.ch\/wp-content\/uploads\/2021\/03\/20210317_aerosol_particles_0008-scaled.jpg","keywords":["Feinstaub","Feinstaubpartikel","PSI","Sauerstoffradikale","Sauerstoffverbindungen","Studien"],"articleSection":["SUSTAINABILITY"],"inLanguage":"it-IT"},{"@type":"WebPage","@id":"https:\/\/www.organisator.ch\/sustainability\/2021-03-20\/feinstaub-gefaehrlicher-als-gedacht\/","url":"https:\/\/www.organisator.ch\/sustainability\/2021-03-20\/feinstaub-gefaehrlicher-als-gedacht\/","name":"Polveri sottili: pi\u00f9 pericolose del previsto - Organizzatore","isPartOf":{"@id":"https:\/\/www.organisator.ch\/#website"},"primaryImageOfPage":{"@id":"https:\/\/www.organisator.ch\/sustainability\/2021-03-20\/feinstaub-gefaehrlicher-als-gedacht\/#primaryimage"},"image":{"@id":"https:\/\/www.organisator.ch\/sustainability\/2021-03-20\/feinstaub-gefaehrlicher-als-gedacht\/#primaryimage"},"thumbnailUrl":"https:\/\/www.organisator.ch\/wp-content\/uploads\/2021\/03\/20210317_aerosol_particles_0008-scaled.jpg","datePublished":"2021-03-20T06:49:56+00:00","dateModified":"2022-02-09T10:09:14+00:00","description":"Gli ultimi studi dell'Istituto Paul Scherrer dimostrano che: Le polveri sottili sono pi\u00f9 pericolose di quanto si pensi.","breadcrumb":{"@id":"https:\/\/www.organisator.ch\/sustainability\/2021-03-20\/feinstaub-gefaehrlicher-als-gedacht\/#breadcrumb"},"inLanguage":"it-IT","potentialAction":[{"@type":"ReadAction","target":["https:\/\/www.organisator.ch\/sustainability\/2021-03-20\/feinstaub-gefaehrlicher-als-gedacht\/"]}]},{"@type":"ImageObject","inLanguage":"it-IT","@id":"https:\/\/www.organisator.ch\/sustainability\/2021-03-20\/feinstaub-gefaehrlicher-als-gedacht\/#primaryimage","url":"https:\/\/www.organisator.ch\/wp-content\/uploads\/2021\/03\/20210317_aerosol_particles_0008-scaled.jpg","contentUrl":"https:\/\/www.organisator.ch\/wp-content\/uploads\/2021\/03\/20210317_aerosol_particles_0008-scaled.jpg","width":2560,"height":1707,"caption":"Markus Ammann an einer der Apparaturen, mit deren Hilfe die Feinstaubuntersuchungen durchgef\u00fchrt wurden. \u00a9 Markus Fischer, PSI"},{"@type":"BreadcrumbList","@id":"https:\/\/www.organisator.ch\/sustainability\/2021-03-20\/feinstaub-gefaehrlicher-als-gedacht\/#breadcrumb","itemListElement":[{"@type":"ListItem","position":1,"name":"Home","item":"https:\/\/www.organisator.ch\/"},{"@type":"ListItem","position":2,"name":"Feinstaub \u2013 gef\u00e4hrlicher als gedacht"}]},{"@type":"WebSite","@id":"https:\/\/www.organisator.ch\/#website","url":"https:\/\/www.organisator.ch\/","name":"Organizzatore","description":"Competente. Pratico. In 10 numeri all'anno, ORGANISATOR presenta i temi essenziali per i manager delle PMI.","publisher":{"@id":"https:\/\/www.organisator.ch\/#organization"},"potentialAction":[{"@type":"SearchAction","target":{"@type":"EntryPoint","urlTemplate":"https:\/\/www.organisator.ch\/?s={search_term_string}"},"query-input":{"@type":"PropertyValueSpecification","valueRequired":true,"valueName":"search_term_string"}}],"inLanguage":"it-IT"},{"@type":"Organization","@id":"https:\/\/www.organisator.ch\/#organization","name":"Organizzatore","url":"https:\/\/www.organisator.ch\/","logo":{"@type":"ImageObject","inLanguage":"it-IT","@id":"https:\/\/www.organisator.ch\/#\/schema\/logo\/image\/","url":"https:\/\/www.organisator.ch\/wp-content\/uploads\/2022\/01\/Logo_Organisator_Website.png","contentUrl":"https:\/\/www.organisator.ch\/wp-content\/uploads\/2022\/01\/Logo_Organisator_Website.png","width":800,"height":77,"caption":"Organisator"},"image":{"@id":"https:\/\/www.organisator.ch\/#\/schema\/logo\/image\/"},"sameAs":["https:\/\/www.facebook.com\/OrganisatorFachmagazin","https:\/\/www.linkedin.com\/showcase\/organisator-das-magazin-fr-kmu","https:\/\/www.xing.com\/news\/pages\/organisator-ch-695","https:\/\/www.youtube.com\/channel\/UCGP2Sq0iWaZwT3BdIAQFYpw"]},{"@type":"Person","@id":"https:\/\/www.organisator.ch\/#\/schema\/person\/a800b8c54e208b160517a7dcc323161d","name":"roger.straessle","image":{"@type":"ImageObject","inLanguage":"it-IT","@id":"https:\/\/secure.gravatar.com\/avatar\/?s=96&d=mm&r=g","url":"https:\/\/secure.gravatar.com\/avatar\/?s=96&d=mm&r=g","contentUrl":"https:\/\/secure.gravatar.com\/avatar\/?s=96&d=mm&r=g","caption":"roger.straessle"},"url":"https:\/\/www.organisator.ch\/it\/author\/roger-straessle\/"}]}},"_links":{"self":[{"href":"https:\/\/www.organisator.ch\/it\/wp-json\/wp\/v2\/posts\/3975","targetHints":{"allow":["GET"]}}],"collection":[{"href":"https:\/\/www.organisator.ch\/it\/wp-json\/wp\/v2\/posts"}],"about":[{"href":"https:\/\/www.organisator.ch\/it\/wp-json\/wp\/v2\/types\/post"}],"author":[{"embeddable":true,"href":"https:\/\/www.organisator.ch\/it\/wp-json\/wp\/v2\/users\/6"}],"replies":[{"embeddable":true,"href":"https:\/\/www.organisator.ch\/it\/wp-json\/wp\/v2\/comments?post=3975"}],"version-history":[{"count":1,"href":"https:\/\/www.organisator.ch\/it\/wp-json\/wp\/v2\/posts\/3975\/revisions"}],"predecessor-version":[{"id":10771,"href":"https:\/\/www.organisator.ch\/it\/wp-json\/wp\/v2\/posts\/3975\/revisions\/10771"}],"wp:featuredmedia":[{"embeddable":true,"href":"https:\/\/www.organisator.ch\/it\/wp-json\/wp\/v2\/media\/9779"}],"wp:attachment":[{"href":"https:\/\/www.organisator.ch\/it\/wp-json\/wp\/v2\/media?parent=3975"}],"wp:term":[{"taxonomy":"category","embeddable":true,"href":"https:\/\/www.organisator.ch\/it\/wp-json\/wp\/v2\/categories?post=3975"},{"taxonomy":"post_tag","embeddable":true,"href":"https:\/\/www.organisator.ch\/it\/wp-json\/wp\/v2\/tags?post=3975"}],"curies":[{"name":"wp","href":"https:\/\/api.w.org\/{rel}","templated":true}]}}