{"id":398,"date":"2016-11-09T15:45:35","date_gmt":"2016-11-09T14:45:35","guid":{"rendered":"http:\/\/dev.organisator.ch\/?p=398"},"modified":"2016-11-09T15:45:35","modified_gmt":"2016-11-09T14:45:35","slug":"40-sgo-herbsttagung-ueber-zukunft-der-arbeit","status":"publish","type":"post","link":"https:\/\/www.organisator.ch\/it\/allgemein\/2016-11-09\/40-sgo-herbsttagung-ueber-zukunft-der-arbeit\/","title":{"rendered":"40\u00b0 Conferenza autunnale della SGO su \"Il futuro del lavoro"},"content":{"rendered":"<figure id=\"attachment_399\" aria-describedby=\"caption-attachment-399\" style=\"width: 577px\" class=\"wp-caption alignnone\"><img loading=\"lazy\" decoding=\"async\" class=\"size-full wp-image-399\" src=\"https:\/\/www.organisator.ch\/wp-content\/uploads\/2016\/12\/40.-SGO-Herbsttagung-ueber-&quot;futuro-del-lavoro-organizzato.png\" alt=\"\" width=\"577\" height=\"387\" srcset=\"\" sizes=\"auto, (max-width: 577px) 100vw, 577px\" data-srcset=\"\" \/><figcaption id=\"caption-attachment-399\" class=\"wp-caption-text\">Markus Sulzberger, Presidente SGO. (Immagine: zVg)<\/figcaption><\/figure>\n<blockquote><p>Le nuove tecnologie, la globalizzazione, i cambiamenti demografici e geopolitici cambieranno il modo in cui lavoreremo in futuro\", sottolinea il Dr. Markus Sulzberger, della Societ\u00e0 Svizzera di Organizzazione e Management SGO.<\/p><\/blockquote>\n<p>La Societ\u00e0 Svizzera di Organizzazione e Management (SGO) vanta una tradizione di oltre 49 anni nel campo della gestione e dell'organizzazione. Istituita nel 2000, la Fondazione SGO promuove i giovani talenti e sostiene la ricerca e lo sviluppo nei settori dell'organizzazione, dell'amministrazione aziendale e della leadership presso le universit\u00e0 e gli istituti superiori in Europa.<\/p>\n<p>In occasione della 40a Conferenza SGO, sono stati presentati per la prima volta i risultati di un'indagine condotta dall'Istituto di ricerca sul lavoro e gli ambienti di lavoro dell'Universit\u00e0 di San Gallo in collaborazione con SGO su circa 21 top manager svizzeri. Secondo l'indagine, i manager sono convinti che il cambiamento richieda nuove competenze. Sono necessari investimenti nelle tecnologie, nella struttura aziendale e soprattutto nella cultura aziendale.<\/p>\n<p>I CEO pensano ancora poco a cambiare il proprio ruolo, ma descrivono il coraggio, l'agilit\u00e0 e l'empatia come qualit\u00e0 importanti per il futuro del lavoro.<\/p>\n<p><strong>Nuove discipline richieste<\/strong><\/p>\n<p>In qualit\u00e0 di principale fornitore svizzero di conoscenze organizzative e manageriali, SGO si occupa di temi organizzativi e offre una serie di strumenti di networking (comunit\u00e0 di pratica) in cui viene coltivato lo scambio di esperienze tra esperti del settore privato e della pubblica amministrazione e vengono sviluppati contenuti tematici.<\/p>\n<p>Per Marianne Janik, Country General Manager di Microsoft Svizzera, alla 40a conferenza \u00e8 sembrato centrale utilizzare le nuove tecnologie in modo tale da migliorare i punti di forza delle persone. L'intelligenza artificiale, il riconoscimento vocale e l'informatica olografica sono solo alcuni degli esempi che si stanno studiando per consentire una connessione senza soluzione di continuit\u00e0 tra uomo e macchina, ha detto Janik.<\/p>\n<p>In futuro, le competenze sociali e interpersonali avranno un ruolo ancora pi\u00f9 decisivo, ha sottolineato Peter Gr\u00fcnenfelder, direttore di Avenir Suisse. Alcuni profili professionali diventeranno obsoleti a causa degli sviluppi tecnologici, si pu\u00f2 prevedere una crescita generale dei posti di lavoro e il timore di una disoccupazione diffusa \u00e8 quindi fuori luogo. Grazie a un'ampia formazione professionale, la Svizzera \u00e8 ben posizionata per il futuro del lavoro.<\/p>\n<p>Per il futuro, tuttavia, la creativit\u00e0, la capacit\u00e0 di lavorare in gruppo e la leadership devono essere tenute in maggiore considerazione nella formazione. Sono necessari cambiamenti anche nel diritto del lavoro per non rallentare il cambiamento strutturale.<\/p>\n<p><em>Ulteriori dettagli (tutte le presentazioni) della 40a Conferenza autunnale SGO sono disponibili al seguente indirizzo <a href=\"http:\/\/www.sgo-verein.ch\/veranstaltungen\/uebersicht-2016\/40-sgo-herbsttagung-zukunft-der-arbeit.html\" target=\"_blank\" rel=\"noreferrer noopener\" data-cke-saved-href=\"http:\/\/www.sgo-verein.ch\/veranstaltungen\/uebersicht-2016\/40-sgo-herbsttagung-zukunft-der-arbeit.html\">Link<\/a><\/em><\/p>","protected":false},"excerpt":{"rendered":"<p>Neue Technologien, Globalisierung, demografischer Wandel und geopolitische Ver\u00e4nderungen werden unsere zuk\u00fcnftige Arbeit ver\u00e4ndern, unterstreicht Dr. Markus Sulzberger, Schweizerische Gesellschaft f\u00fcr Organisation und Management SGO. Die Schweizerische Gesellschaft f\u00fcr Organisation und Management (SGO) blickt auf eine \u00fcber 49-j\u00e4hrige Tradition im Bereich des Managements und der Organisation zur\u00fcck. Die im Jahr 2000 gegr\u00fcndete SGO-Stiftung f\u00f6rdert junge Talente [&hellip;]<\/p>\n","protected":false},"author":1,"featured_media":399,"comment_status":"open","ping_status":"open","sticky":false,"template":"","format":"standard","meta":{"_acf_changed":false,"_yoast_wpseo_focuskw":"SGO Herbsttagung","_yoast_wpseo_metadesc":"Mit den Treibern, Wirkungen und Chancen der \u201eZukunft der Arbeit\u201c haben sich rund 220 Teilnehmende der 40. SGO Herbsttagung auseinandergesetzt.","articlekey":"","footnotes":""},"categories":[1],"tags":[469],"class_list":["post-398","post","type-post","status-publish","format-standard","has-post-thumbnail","hentry","category-allgemein","tag-tagungen-events"],"acf":[],"yoast_head":"<!-- This site is optimized with the Yoast SEO plugin v27.5 - https:\/\/yoast.com\/product\/yoast-seo-wordpress\/ -->\n<title>40. SGO Herbsttagung \u00fcber \u201eZukunft der Arbeit\u201c - Organisator<\/title>\n<meta name=\"description\" content=\"Mit den Treibern, Wirkungen und Chancen der \u201eZukunft der Arbeit\u201c haben sich rund 220 Teilnehmende der 40. SGO Herbsttagung auseinandergesetzt.\" \/>\n<meta name=\"robots\" content=\"index, follow, max-snippet:-1, max-image-preview:large, max-video-preview:-1\" \/>\n<link rel=\"canonical\" href=\"https:\/\/www.organisator.ch\/it\/generale\/2016-11-09\/40-sgo-herbsttagung-ueber-zukunft-der-arbeit\/\" \/>\n<meta property=\"og:locale\" content=\"it_IT\" \/>\n<meta property=\"og:type\" content=\"article\" \/>\n<meta property=\"og:title\" content=\"40. SGO Herbsttagung \u00fcber \u201eZukunft der Arbeit\u201c\" \/>\n<meta property=\"og:description\" content=\"Die Arbeit wird durch digitale Automatisierungen ver\u00e4ndert, T\u00e4tigkeiten und Aufgaben, aber auch zwischenmenschliche Kompetenzen werden sich verlagern. Mit den Treibern, Wirkungen und Chancen der \u201eZukunft der Arbeit\u201c haben sich rund 220 Teilnehmende der 40. SGO Herbsttagung auseinandergesetzt.\" \/>\n<meta property=\"og:url\" content=\"https:\/\/www.organisator.ch\/it\/generale\/2016-11-09\/40-sgo-herbsttagung-ueber-zukunft-der-arbeit\/\" \/>\n<meta property=\"og:site_name\" content=\"Organisator\" \/>\n<meta property=\"article:publisher\" content=\"https:\/\/www.facebook.com\/OrganisatorFachmagazin\" \/>\n<meta property=\"article:published_time\" content=\"2016-11-09T14:45:35+00:00\" \/>\n<meta name=\"author\" content=\"admin\" \/>\n<meta name=\"twitter:card\" content=\"summary_large_image\" \/>\n<meta name=\"twitter:image\" content=\"https:\/\/www.organisator.ch\/wp-content\/uploads\/2016\/12\/40.-SGO-Herbsttagung-ueber-\u201eZukunft-der-Arbeit-organisator.png\" \/>\n<script type=\"application\/ld+json\" class=\"yoast-schema-graph\">{\"@context\":\"https:\\\/\\\/schema.org\",\"@graph\":[{\"@type\":\"Article\",\"@id\":\"https:\\\/\\\/www.organisator.ch\\\/fr\\\/general\\\/2016-11-09\\\/40-sgo-herbsttagung-ueber-zukunft-der-arbeit\\\/#article\",\"isPartOf\":{\"@id\":\"https:\\\/\\\/www.organisator.ch\\\/fr\\\/general\\\/2016-11-09\\\/40-sgo-herbsttagung-ueber-zukunft-der-arbeit\\\/\"},\"author\":{\"name\":\"admin\",\"@id\":\"https:\\\/\\\/www.organisator.ch\\\/#\\\/schema\\\/person\\\/aa2bace6c5c5aad60102004a50c4eb1c\"},\"headline\":\"40. SGO Herbsttagung \u00fcber \u201eZukunft der Arbeit\u201c\",\"datePublished\":\"2016-11-09T14:45:35+00:00\",\"mainEntityOfPage\":{\"@id\":\"https:\\\/\\\/www.organisator.ch\\\/fr\\\/general\\\/2016-11-09\\\/40-sgo-herbsttagung-ueber-zukunft-der-arbeit\\\/\"},\"wordCount\":416,\"commentCount\":0,\"publisher\":{\"@id\":\"https:\\\/\\\/www.organisator.ch\\\/#organization\"},\"image\":{\"@id\":\"https:\\\/\\\/www.organisator.ch\\\/fr\\\/general\\\/2016-11-09\\\/40-sgo-herbsttagung-ueber-zukunft-der-arbeit\\\/#primaryimage\"},\"thumbnailUrl\":\"https:\\\/\\\/www.organisator.ch\\\/wp-content\\\/uploads\\\/2016\\\/12\\\/40.-SGO-Herbsttagung-ueber-\u201eZukunft-der-Arbeit-organisator.png\",\"keywords\":[\"Tagungen &amp; Events\"],\"articleSection\":[\"Allgemein\"],\"inLanguage\":\"it-IT\"},{\"@type\":\"WebPage\",\"@id\":\"https:\\\/\\\/www.organisator.ch\\\/fr\\\/general\\\/2016-11-09\\\/40-sgo-herbsttagung-ueber-zukunft-der-arbeit\\\/\",\"url\":\"https:\\\/\\\/www.organisator.ch\\\/fr\\\/general\\\/2016-11-09\\\/40-sgo-herbsttagung-ueber-zukunft-der-arbeit\\\/\",\"name\":\"40. SGO Herbsttagung \u00fcber \u201eZukunft der Arbeit\u201c - Organisator\",\"isPartOf\":{\"@id\":\"https:\\\/\\\/www.organisator.ch\\\/#website\"},\"primaryImageOfPage\":{\"@id\":\"https:\\\/\\\/www.organisator.ch\\\/fr\\\/general\\\/2016-11-09\\\/40-sgo-herbsttagung-ueber-zukunft-der-arbeit\\\/#primaryimage\"},\"image\":{\"@id\":\"https:\\\/\\\/www.organisator.ch\\\/fr\\\/general\\\/2016-11-09\\\/40-sgo-herbsttagung-ueber-zukunft-der-arbeit\\\/#primaryimage\"},\"thumbnailUrl\":\"https:\\\/\\\/www.organisator.ch\\\/wp-content\\\/uploads\\\/2016\\\/12\\\/40.-SGO-Herbsttagung-ueber-\u201eZukunft-der-Arbeit-organisator.png\",\"datePublished\":\"2016-11-09T14:45:35+00:00\",\"description\":\"Mit den Treibern, Wirkungen und Chancen der \u201eZukunft der Arbeit\u201c haben sich rund 220 Teilnehmende der 40. SGO Herbsttagung auseinandergesetzt.\",\"breadcrumb\":{\"@id\":\"https:\\\/\\\/www.organisator.ch\\\/fr\\\/general\\\/2016-11-09\\\/40-sgo-herbsttagung-ueber-zukunft-der-arbeit\\\/#breadcrumb\"},\"inLanguage\":\"it-IT\",\"potentialAction\":[{\"@type\":\"ReadAction\",\"target\":[\"https:\\\/\\\/www.organisator.ch\\\/fr\\\/general\\\/2016-11-09\\\/40-sgo-herbsttagung-ueber-zukunft-der-arbeit\\\/\"]}]},{\"@type\":\"ImageObject\",\"inLanguage\":\"it-IT\",\"@id\":\"https:\\\/\\\/www.organisator.ch\\\/fr\\\/general\\\/2016-11-09\\\/40-sgo-herbsttagung-ueber-zukunft-der-arbeit\\\/#primaryimage\",\"url\":\"https:\\\/\\\/www.organisator.ch\\\/wp-content\\\/uploads\\\/2016\\\/12\\\/40.-SGO-Herbsttagung-ueber-\u201eZukunft-der-Arbeit-organisator.png\",\"contentUrl\":\"https:\\\/\\\/www.organisator.ch\\\/wp-content\\\/uploads\\\/2016\\\/12\\\/40.-SGO-Herbsttagung-ueber-\u201eZukunft-der-Arbeit-organisator.png\",\"width\":577,\"height\":387,\"caption\":\"Dr. Markus Sulzberger, Pr\u00e4sident SGO. (Bild: zVg)\"},{\"@type\":\"BreadcrumbList\",\"@id\":\"https:\\\/\\\/www.organisator.ch\\\/fr\\\/general\\\/2016-11-09\\\/40-sgo-herbsttagung-ueber-zukunft-der-arbeit\\\/#breadcrumb\",\"itemListElement\":[{\"@type\":\"ListItem\",\"position\":1,\"name\":\"Home\",\"item\":\"https:\\\/\\\/www.organisator.ch\\\/\"},{\"@type\":\"ListItem\",\"position\":2,\"name\":\"40. SGO Herbsttagung \u00fcber \u201eZukunft der Arbeit\u201c\"}]},{\"@type\":\"WebSite\",\"@id\":\"https:\\\/\\\/www.organisator.ch\\\/#website\",\"url\":\"https:\\\/\\\/www.organisator.ch\\\/\",\"name\":\"Organisator\",\"description\":\"Kompetent. Praxisnah. Der ORGANISATOR bereitet in 10 Ausgaben pro Jahr die wesentlichen Themen f\u00fcr F\u00fchrungskr\u00e4fte von KMU auf.\",\"publisher\":{\"@id\":\"https:\\\/\\\/www.organisator.ch\\\/#organization\"},\"potentialAction\":[{\"@type\":\"SearchAction\",\"target\":{\"@type\":\"EntryPoint\",\"urlTemplate\":\"https:\\\/\\\/www.organisator.ch\\\/?s={search_term_string}\"},\"query-input\":{\"@type\":\"PropertyValueSpecification\",\"valueRequired\":true,\"valueName\":\"search_term_string\"}}],\"inLanguage\":\"it-IT\"},{\"@type\":\"Organization\",\"@id\":\"https:\\\/\\\/www.organisator.ch\\\/#organization\",\"name\":\"Organisator\",\"url\":\"https:\\\/\\\/www.organisator.ch\\\/\",\"logo\":{\"@type\":\"ImageObject\",\"inLanguage\":\"it-IT\",\"@id\":\"https:\\\/\\\/www.organisator.ch\\\/#\\\/schema\\\/logo\\\/image\\\/\",\"url\":\"https:\\\/\\\/www.organisator.ch\\\/wp-content\\\/uploads\\\/2022\\\/01\\\/Logo_Organisator_Website.png\",\"contentUrl\":\"https:\\\/\\\/www.organisator.ch\\\/wp-content\\\/uploads\\\/2022\\\/01\\\/Logo_Organisator_Website.png\",\"width\":800,\"height\":77,\"caption\":\"Organisator\"},\"image\":{\"@id\":\"https:\\\/\\\/www.organisator.ch\\\/#\\\/schema\\\/logo\\\/image\\\/\"},\"sameAs\":[\"https:\\\/\\\/www.facebook.com\\\/OrganisatorFachmagazin\",\"https:\\\/\\\/www.linkedin.com\\\/showcase\\\/organisator-das-magazin-fr-kmu\",\"https:\\\/\\\/www.xing.com\\\/news\\\/pages\\\/organisator-ch-695\",\"https:\\\/\\\/www.youtube.com\\\/channel\\\/UCGP2Sq0iWaZwT3BdIAQFYpw\"]},{\"@type\":\"Person\",\"@id\":\"https:\\\/\\\/www.organisator.ch\\\/#\\\/schema\\\/person\\\/aa2bace6c5c5aad60102004a50c4eb1c\",\"name\":\"admin\",\"image\":{\"@type\":\"ImageObject\",\"inLanguage\":\"it-IT\",\"@id\":\"https:\\\/\\\/secure.gravatar.com\\\/avatar\\\/ae2f4d718e6c49043e314ce431e7e645d646302a24a5ef5a8bc8e3f5a032e319?s=96&d=mm&r=g\",\"url\":\"https:\\\/\\\/secure.gravatar.com\\\/avatar\\\/ae2f4d718e6c49043e314ce431e7e645d646302a24a5ef5a8bc8e3f5a032e319?s=96&d=mm&r=g\",\"contentUrl\":\"https:\\\/\\\/secure.gravatar.com\\\/avatar\\\/ae2f4d718e6c49043e314ce431e7e645d646302a24a5ef5a8bc8e3f5a032e319?s=96&d=mm&r=g\",\"caption\":\"admin\"},\"sameAs\":[\"https:\\\/\\\/www.organisator.ch\"],\"url\":\"https:\\\/\\\/www.organisator.ch\\\/it\\\/author\\\/admin\\\/\"}]}<\/script>\n<!-- \/ Yoast SEO plugin. -->","yoast_head_json":{"title":"40a Conferenza autunnale SGO su \"Il futuro del lavoro\" - Organizzatore","description":"I driver, gli effetti e le opportunit\u00e0 del \"Futuro del lavoro\" sono stati discussi da circa 220 partecipanti alla 40a Conferenza d'autunno della SGO.","robots":{"index":"index","follow":"follow","max-snippet":"max-snippet:-1","max-image-preview":"max-image-preview:large","max-video-preview":"max-video-preview:-1"},"canonical":"https:\/\/www.organisator.ch\/it\/generale\/2016-11-09\/40-sgo-herbsttagung-ueber-zukunft-der-arbeit\/","og_locale":"it_IT","og_type":"article","og_title":"40. SGO Herbsttagung \u00fcber \u201eZukunft der Arbeit\u201c","og_description":"Die Arbeit wird durch digitale Automatisierungen ver\u00e4ndert, T\u00e4tigkeiten und Aufgaben, aber auch zwischenmenschliche Kompetenzen werden sich verlagern. Mit den Treibern, Wirkungen und Chancen der \u201eZukunft der Arbeit\u201c haben sich rund 220 Teilnehmende der 40. SGO Herbsttagung auseinandergesetzt.","og_url":"https:\/\/www.organisator.ch\/it\/generale\/2016-11-09\/40-sgo-herbsttagung-ueber-zukunft-der-arbeit\/","og_site_name":"Organisator","article_publisher":"https:\/\/www.facebook.com\/OrganisatorFachmagazin","article_published_time":"2016-11-09T14:45:35+00:00","author":"admin","twitter_card":"summary_large_image","twitter_image":"https:\/\/www.organisator.ch\/wp-content\/uploads\/2016\/12\/40.-SGO-Herbsttagung-ueber-\u201eZukunft-der-Arbeit-organisator.png","schema":{"@context":"https:\/\/schema.org","@graph":[{"@type":"Article","@id":"https:\/\/www.organisator.ch\/fr\/general\/2016-11-09\/40-sgo-herbsttagung-ueber-zukunft-der-arbeit\/#article","isPartOf":{"@id":"https:\/\/www.organisator.ch\/fr\/general\/2016-11-09\/40-sgo-herbsttagung-ueber-zukunft-der-arbeit\/"},"author":{"name":"admin","@id":"https:\/\/www.organisator.ch\/#\/schema\/person\/aa2bace6c5c5aad60102004a50c4eb1c"},"headline":"40. SGO Herbsttagung \u00fcber \u201eZukunft der Arbeit\u201c","datePublished":"2016-11-09T14:45:35+00:00","mainEntityOfPage":{"@id":"https:\/\/www.organisator.ch\/fr\/general\/2016-11-09\/40-sgo-herbsttagung-ueber-zukunft-der-arbeit\/"},"wordCount":416,"commentCount":0,"publisher":{"@id":"https:\/\/www.organisator.ch\/#organization"},"image":{"@id":"https:\/\/www.organisator.ch\/fr\/general\/2016-11-09\/40-sgo-herbsttagung-ueber-zukunft-der-arbeit\/#primaryimage"},"thumbnailUrl":"https:\/\/www.organisator.ch\/wp-content\/uploads\/2016\/12\/40.-SGO-Herbsttagung-ueber-\u201eZukunft-der-Arbeit-organisator.png","keywords":["Tagungen &amp; Events"],"articleSection":["Allgemein"],"inLanguage":"it-IT"},{"@type":"WebPage","@id":"https:\/\/www.organisator.ch\/fr\/general\/2016-11-09\/40-sgo-herbsttagung-ueber-zukunft-der-arbeit\/","url":"https:\/\/www.organisator.ch\/fr\/general\/2016-11-09\/40-sgo-herbsttagung-ueber-zukunft-der-arbeit\/","name":"40a Conferenza autunnale SGO su \"Il futuro del lavoro\" - Organizzatore","isPartOf":{"@id":"https:\/\/www.organisator.ch\/#website"},"primaryImageOfPage":{"@id":"https:\/\/www.organisator.ch\/fr\/general\/2016-11-09\/40-sgo-herbsttagung-ueber-zukunft-der-arbeit\/#primaryimage"},"image":{"@id":"https:\/\/www.organisator.ch\/fr\/general\/2016-11-09\/40-sgo-herbsttagung-ueber-zukunft-der-arbeit\/#primaryimage"},"thumbnailUrl":"https:\/\/www.organisator.ch\/wp-content\/uploads\/2016\/12\/40.-SGO-Herbsttagung-ueber-\u201eZukunft-der-Arbeit-organisator.png","datePublished":"2016-11-09T14:45:35+00:00","description":"I driver, gli effetti e le opportunit\u00e0 del \"Futuro del lavoro\" sono stati discussi da circa 220 partecipanti alla 40a Conferenza d'autunno della SGO.","breadcrumb":{"@id":"https:\/\/www.organisator.ch\/fr\/general\/2016-11-09\/40-sgo-herbsttagung-ueber-zukunft-der-arbeit\/#breadcrumb"},"inLanguage":"it-IT","potentialAction":[{"@type":"ReadAction","target":["https:\/\/www.organisator.ch\/fr\/general\/2016-11-09\/40-sgo-herbsttagung-ueber-zukunft-der-arbeit\/"]}]},{"@type":"ImageObject","inLanguage":"it-IT","@id":"https:\/\/www.organisator.ch\/fr\/general\/2016-11-09\/40-sgo-herbsttagung-ueber-zukunft-der-arbeit\/#primaryimage","url":"https:\/\/www.organisator.ch\/wp-content\/uploads\/2016\/12\/40.-SGO-Herbsttagung-ueber-\u201eZukunft-der-Arbeit-organisator.png","contentUrl":"https:\/\/www.organisator.ch\/wp-content\/uploads\/2016\/12\/40.-SGO-Herbsttagung-ueber-\u201eZukunft-der-Arbeit-organisator.png","width":577,"height":387,"caption":"Dr. Markus Sulzberger, Pr\u00e4sident SGO. (Bild: zVg)"},{"@type":"BreadcrumbList","@id":"https:\/\/www.organisator.ch\/fr\/general\/2016-11-09\/40-sgo-herbsttagung-ueber-zukunft-der-arbeit\/#breadcrumb","itemListElement":[{"@type":"ListItem","position":1,"name":"Home","item":"https:\/\/www.organisator.ch\/"},{"@type":"ListItem","position":2,"name":"40. SGO Herbsttagung \u00fcber \u201eZukunft der Arbeit\u201c"}]},{"@type":"WebSite","@id":"https:\/\/www.organisator.ch\/#website","url":"https:\/\/www.organisator.ch\/","name":"Organizzatore","description":"Competente. Pratico. In 10 numeri all'anno, ORGANISATOR presenta i temi essenziali per i manager delle PMI.","publisher":{"@id":"https:\/\/www.organisator.ch\/#organization"},"potentialAction":[{"@type":"SearchAction","target":{"@type":"EntryPoint","urlTemplate":"https:\/\/www.organisator.ch\/?s={search_term_string}"},"query-input":{"@type":"PropertyValueSpecification","valueRequired":true,"valueName":"search_term_string"}}],"inLanguage":"it-IT"},{"@type":"Organization","@id":"https:\/\/www.organisator.ch\/#organization","name":"Organizzatore","url":"https:\/\/www.organisator.ch\/","logo":{"@type":"ImageObject","inLanguage":"it-IT","@id":"https:\/\/www.organisator.ch\/#\/schema\/logo\/image\/","url":"https:\/\/www.organisator.ch\/wp-content\/uploads\/2022\/01\/Logo_Organisator_Website.png","contentUrl":"https:\/\/www.organisator.ch\/wp-content\/uploads\/2022\/01\/Logo_Organisator_Website.png","width":800,"height":77,"caption":"Organisator"},"image":{"@id":"https:\/\/www.organisator.ch\/#\/schema\/logo\/image\/"},"sameAs":["https:\/\/www.facebook.com\/OrganisatorFachmagazin","https:\/\/www.linkedin.com\/showcase\/organisator-das-magazin-fr-kmu","https:\/\/www.xing.com\/news\/pages\/organisator-ch-695","https:\/\/www.youtube.com\/channel\/UCGP2Sq0iWaZwT3BdIAQFYpw"]},{"@type":"Person","@id":"https:\/\/www.organisator.ch\/#\/schema\/person\/aa2bace6c5c5aad60102004a50c4eb1c","name":"amministratore","image":{"@type":"ImageObject","inLanguage":"it-IT","@id":"https:\/\/secure.gravatar.com\/avatar\/ae2f4d718e6c49043e314ce431e7e645d646302a24a5ef5a8bc8e3f5a032e319?s=96&d=mm&r=g","url":"https:\/\/secure.gravatar.com\/avatar\/ae2f4d718e6c49043e314ce431e7e645d646302a24a5ef5a8bc8e3f5a032e319?s=96&d=mm&r=g","contentUrl":"https:\/\/secure.gravatar.com\/avatar\/ae2f4d718e6c49043e314ce431e7e645d646302a24a5ef5a8bc8e3f5a032e319?s=96&d=mm&r=g","caption":"admin"},"sameAs":["https:\/\/www.organisator.ch"],"url":"https:\/\/www.organisator.ch\/it\/author\/admin\/"}]}},"_links":{"self":[{"href":"https:\/\/www.organisator.ch\/it\/wp-json\/wp\/v2\/posts\/398","targetHints":{"allow":["GET"]}}],"collection":[{"href":"https:\/\/www.organisator.ch\/it\/wp-json\/wp\/v2\/posts"}],"about":[{"href":"https:\/\/www.organisator.ch\/it\/wp-json\/wp\/v2\/types\/post"}],"author":[{"embeddable":true,"href":"https:\/\/www.organisator.ch\/it\/wp-json\/wp\/v2\/users\/1"}],"replies":[{"embeddable":true,"href":"https:\/\/www.organisator.ch\/it\/wp-json\/wp\/v2\/comments?post=398"}],"version-history":[{"count":0,"href":"https:\/\/www.organisator.ch\/it\/wp-json\/wp\/v2\/posts\/398\/revisions"}],"wp:featuredmedia":[{"embeddable":true,"href":"https:\/\/www.organisator.ch\/it\/wp-json\/wp\/v2\/media\/399"}],"wp:attachment":[{"href":"https:\/\/www.organisator.ch\/it\/wp-json\/wp\/v2\/media?parent=398"}],"wp:term":[{"taxonomy":"category","embeddable":true,"href":"https:\/\/www.organisator.ch\/it\/wp-json\/wp\/v2\/categories?post=398"},{"taxonomy":"post_tag","embeddable":true,"href":"https:\/\/www.organisator.ch\/it\/wp-json\/wp\/v2\/tags?post=398"}],"curies":[{"name":"wp","href":"https:\/\/api.w.org\/{rel}","templated":true}]}}