{"id":39822,"date":"2025-08-12T08:58:42","date_gmt":"2025-08-12T06:58:42","guid":{"rendered":"https:\/\/www.organisator.ch\/?p=39822"},"modified":"2025-08-12T08:58:42","modified_gmt":"2025-08-12T06:58:42","slug":"sebastian-tobien-verstaerkt-die-fuehrung-der-interiman-group","status":"publish","type":"post","link":"https:\/\/www.organisator.ch\/it\/management\/2025-08-12\/sebastian-tobien-verstaerkt-die-fuehrung-der-interiman-group\/","title":{"rendered":"Sebastian Tobien rafforza il management del Gruppo Interiman"},"content":{"rendered":"<figure id=\"attachment_39823\" aria-describedby=\"caption-attachment-39823\" style=\"width: 680px\" class=\"wp-caption alignnone\"><img loading=\"lazy\" decoding=\"async\" class=\"size-full wp-image-39823\" src=\"https:\/\/www.organisator.ch\/wp-content\/uploads\/2025\/08\/Sebastian-Tobien-verstaerkt-die-Fuehrung-der-Interiman-Group_Organisator.png\" alt=\"\" width=\"680\" height=\"483\" srcset=\"https:\/\/www.organisator.ch\/wp-content\/uploads\/2025\/08\/Sebastian-Tobien-verstaerkt-die-Fuehrung-der-Interiman-Group_Organisator.png 680w, https:\/\/www.organisator.ch\/wp-content\/uploads\/2025\/08\/Sebastian-Tobien-verstaerkt-die-Fuehrung-der-Interiman-Group_Organisator-18x12.png 18w, https:\/\/www.organisator.ch\/wp-content\/uploads\/2025\/08\/Sebastian-Tobien-verstaerkt-die-Fuehrung-der-Interiman-Group_Organisator-375x266.png 375w, https:\/\/www.organisator.ch\/wp-content\/uploads\/2025\/08\/Sebastian-Tobien-verstaerkt-die-Fuehrung-der-Interiman-Group_Organisator-493x350.png 493w\" sizes=\"auto, (max-width: 680px) 100vw, 680px\" \/><figcaption id=\"caption-attachment-39823\" class=\"wp-caption-text\">Sebastian Tobien ricopre la posizione di Lead Strategic Business Solutions presso Interiman Group. (Immagine: zVg \/ Gruppo Interiman)<\/figcaption><\/figure>\n<p>Il Gruppo Interiman \u00e8 uno dei principali fornitori svizzeri di servizi per il personale. Il Gruppo ha assegnato a Sebastian Tobien la posizione di Lead Strategic Business Solutions nel dipartimento Digital &amp; Marketing. Con questa decisione, il Gruppo Interiman porta avanti la sua strategia di digitalizzazione a livello di Gruppo e getta le basi per processi di servizio supportati dalla tecnologia in tutti i dodici marchi che appartengono al Gruppo. \"Siamo lieti di aver acquisito un leader come Sebastian Tobien, che combina il pensiero imprenditoriale con una solida esperienza operativa e una competenza nell'implementazione digitale\", spiega Yves Schneuwly, Chief Digital &amp; Marketing Officer del Gruppo Interiman. \"Il suo mandato \u00e8 di importanza centrale per l'ulteriore sviluppo della nostra trasformazione digitale su vasta scala: svilupper\u00e0 ulteriormente la nostra infrastruttura digitale in modo mirato, guider\u00e0 l'eccellenza operativa e implementer\u00e0 soluzioni che siano costantemente orientate alle esigenze dei nostri clienti e candidati - con un impatto aziendale misurabile.\"<\/p>\n<p>Sebastian Tobien vanta oltre 15 anni di esperienza manageriale nel settore alberghiero e degli eventi. In qualit\u00e0 di CEO di dean&amp;david Svizzera, ha guidato con successo la riorganizzazione e il riposizionamento dell'azienda durante la pandemia COVID-19. Pi\u00f9 recentemente, ha diretto il Congress Kursaal Interlaken AG, dove ha dato forma al riallineamento strategico e ha implementato con successo numerose iniziative di digitalizzazione e di processo. \"L'efficienza digitale e l'eccellenza analogica non sono una contraddizione in termini, anzi sono il fattore di successo dei moderni servizi HR\", sottolinea Sebastian Tobien. \"Considero il mio ruolo come una collaborazione con i team per sviluppare soluzioni che creino un reale valore aggiunto - per i dipendenti, i clienti e i candidati\".<\/p>\n<p>Il suo nuovo ruolo \u00e8 incentrato sull'identificazione, lo sviluppo e l'implementazione di soluzioni scalabili per i processi, i sistemi e le piattaforme aziendali. Sebastian Tobien vede la trasformazione come un processo basato sulla partnership e sulla vicinanza alla realt\u00e0 operativa: \"Non trasformiamo per il gusto di trasformare. Creiamo soluzioni che funzionano, insieme alle persone che fanno la differenza ogni giorno\".<\/p>\n<p><em>Fonte: <a href=\"https:\/\/www.interiman-group.ch\/de\/\">Gruppo Interiman<\/a><\/em><\/p>","protected":false},"excerpt":{"rendered":"<p>Il Gruppo Interiman rafforza la sua leadership nel settore digitale: Sebastian Tobien assume la nuova posizione di Lead Strategic Business Solutions nel dipartimento Digital &amp; Marketing.<\/p>","protected":false},"author":4,"featured_media":39823,"comment_status":"closed","ping_status":"closed","sticky":false,"template":"","format":"standard","meta":{"_acf_changed":false,"_yoast_wpseo_focuskw":"Sebastian Tobien","_yoast_wpseo_metadesc":"Die Interiman Group verst\u00e4rkt ihre F\u00fchrung im digitalen Bereich: Sebastian Tobien \u00fcbernimmt die Position Lead Strategic Business Solutions.","articlekey":"","footnotes":""},"categories":[28],"tags":[156,254,335,381],"class_list":["post-39822","post","type-post","status-publish","format-standard","has-post-thumbnail","hentry","category-management","tag-digitalisierung","tag-hrm","tag-management-und-unternehmensfuehrung","tag-personalia"],"acf":[],"yoast_head":"<!-- This site is optimized with the Yoast SEO plugin v27.5 - https:\/\/yoast.com\/product\/yoast-seo-wordpress\/ -->\n<title>Sebastian Tobien verst\u00e4rkt die F\u00fchrung der Interiman Group - Organisator<\/title>\n<meta name=\"description\" content=\"Die Interiman Group verst\u00e4rkt ihre F\u00fchrung im digitalen Bereich: Sebastian Tobien \u00fcbernimmt die Position Lead Strategic Business Solutions.\" \/>\n<meta name=\"robots\" content=\"index, follow, max-snippet:-1, max-image-preview:large, max-video-preview:-1\" \/>\n<link rel=\"canonical\" href=\"https:\/\/www.organisator.ch\/it\/gestione-2\/2025-08-12\/sebastian-tobien-verstaerkt-die-fuehrung-der-interiman-group\/\" \/>\n<meta property=\"og:locale\" content=\"it_IT\" \/>\n<meta property=\"og:type\" content=\"article\" \/>\n<meta property=\"og:title\" content=\"Sebastian Tobien verst\u00e4rkt die F\u00fchrung der Interiman Group\" \/>\n<meta property=\"og:description\" content=\"Die Interiman Group verst\u00e4rkt ihre F\u00fchrung im digitalen Bereich: Sebastian Tobien \u00fcbernimmt die Position Lead Strategic Business Solutions.\" \/>\n<meta property=\"og:url\" content=\"https:\/\/www.organisator.ch\/it\/gestione-2\/2025-08-12\/sebastian-tobien-verstaerkt-die-fuehrung-der-interiman-group\/\" \/>\n<meta property=\"og:site_name\" content=\"Organisator\" \/>\n<meta property=\"article:publisher\" content=\"https:\/\/www.facebook.com\/OrganisatorFachmagazin\" \/>\n<meta property=\"article:published_time\" content=\"2025-08-12T06:58:42+00:00\" \/>\n<meta property=\"og:image\" content=\"https:\/\/www.organisator.ch\/wp-content\/uploads\/2025\/08\/Sebastian-Tobien-verstaerkt-die-Fuehrung-der-Interiman-Group_Organisator.png\" \/>\n\t<meta property=\"og:image:width\" content=\"680\" \/>\n\t<meta property=\"og:image:height\" content=\"483\" \/>\n\t<meta property=\"og:image:type\" content=\"image\/png\" \/>\n<meta name=\"author\" content=\"thomas.berner\" \/>\n<meta name=\"twitter:card\" content=\"summary_large_image\" \/>\n<meta name=\"twitter:title\" content=\"Sebastian #Tobien verst\u00e4rkt die F\u00fchrung der #Interiman Group\" \/>\n<meta name=\"twitter:description\" content=\"Die #Interiman Group verst\u00e4rkt ihre F\u00fchrung im digitalen Bereich: Sebastian #Tobien \u00fcbernimmt die Position Lead Strategic Business Solutions.\" \/>\n<meta name=\"twitter:image\" content=\"https:\/\/www.organisator.ch\/wp-content\/uploads\/2025\/08\/Sebastian-Tobien-verstaerkt-die-Fuehrung-der-Interiman-Group_Organisator.png\" \/>\n<script type=\"application\/ld+json\" class=\"yoast-schema-graph\">{\"@context\":\"https:\\\/\\\/schema.org\",\"@graph\":[{\"@type\":\"Article\",\"@id\":\"https:\\\/\\\/www.organisator.ch\\\/management\\\/2025-08-12\\\/sebastian-tobien-verstaerkt-die-fuehrung-der-interiman-group\\\/#article\",\"isPartOf\":{\"@id\":\"https:\\\/\\\/www.organisator.ch\\\/management\\\/2025-08-12\\\/sebastian-tobien-verstaerkt-die-fuehrung-der-interiman-group\\\/\"},\"author\":{\"name\":\"thomas.berner\",\"@id\":\"https:\\\/\\\/www.organisator.ch\\\/#\\\/schema\\\/person\\\/6f650f90b2842cd4c0cc334b4e36f67e\"},\"headline\":\"Sebastian Tobien verst\u00e4rkt die F\u00fchrung der Interiman Group\",\"datePublished\":\"2025-08-12T06:58:42+00:00\",\"mainEntityOfPage\":{\"@id\":\"https:\\\/\\\/www.organisator.ch\\\/management\\\/2025-08-12\\\/sebastian-tobien-verstaerkt-die-fuehrung-der-interiman-group\\\/\"},\"wordCount\":346,\"publisher\":{\"@id\":\"https:\\\/\\\/www.organisator.ch\\\/#organization\"},\"image\":{\"@id\":\"https:\\\/\\\/www.organisator.ch\\\/management\\\/2025-08-12\\\/sebastian-tobien-verstaerkt-die-fuehrung-der-interiman-group\\\/#primaryimage\"},\"thumbnailUrl\":\"https:\\\/\\\/www.organisator.ch\\\/wp-content\\\/uploads\\\/2025\\\/08\\\/Sebastian-Tobien-verstaerkt-die-Fuehrung-der-Interiman-Group_Organisator.png\",\"keywords\":[\"Digitalisierung\",\"HRM\",\"Management und Unternehmensf\u00fchrung\",\"Personalia\"],\"articleSection\":[\"MANAGEMENT\"],\"inLanguage\":\"it-IT\"},{\"@type\":\"WebPage\",\"@id\":\"https:\\\/\\\/www.organisator.ch\\\/management\\\/2025-08-12\\\/sebastian-tobien-verstaerkt-die-fuehrung-der-interiman-group\\\/\",\"url\":\"https:\\\/\\\/www.organisator.ch\\\/management\\\/2025-08-12\\\/sebastian-tobien-verstaerkt-die-fuehrung-der-interiman-group\\\/\",\"name\":\"Sebastian Tobien verst\u00e4rkt die F\u00fchrung der Interiman Group - Organisator\",\"isPartOf\":{\"@id\":\"https:\\\/\\\/www.organisator.ch\\\/#website\"},\"primaryImageOfPage\":{\"@id\":\"https:\\\/\\\/www.organisator.ch\\\/management\\\/2025-08-12\\\/sebastian-tobien-verstaerkt-die-fuehrung-der-interiman-group\\\/#primaryimage\"},\"image\":{\"@id\":\"https:\\\/\\\/www.organisator.ch\\\/management\\\/2025-08-12\\\/sebastian-tobien-verstaerkt-die-fuehrung-der-interiman-group\\\/#primaryimage\"},\"thumbnailUrl\":\"https:\\\/\\\/www.organisator.ch\\\/wp-content\\\/uploads\\\/2025\\\/08\\\/Sebastian-Tobien-verstaerkt-die-Fuehrung-der-Interiman-Group_Organisator.png\",\"datePublished\":\"2025-08-12T06:58:42+00:00\",\"description\":\"Die Interiman Group verst\u00e4rkt ihre F\u00fchrung im digitalen Bereich: Sebastian Tobien \u00fcbernimmt die Position Lead Strategic Business Solutions.\",\"breadcrumb\":{\"@id\":\"https:\\\/\\\/www.organisator.ch\\\/management\\\/2025-08-12\\\/sebastian-tobien-verstaerkt-die-fuehrung-der-interiman-group\\\/#breadcrumb\"},\"inLanguage\":\"it-IT\",\"potentialAction\":[{\"@type\":\"ReadAction\",\"target\":[\"https:\\\/\\\/www.organisator.ch\\\/management\\\/2025-08-12\\\/sebastian-tobien-verstaerkt-die-fuehrung-der-interiman-group\\\/\"]}]},{\"@type\":\"ImageObject\",\"inLanguage\":\"it-IT\",\"@id\":\"https:\\\/\\\/www.organisator.ch\\\/management\\\/2025-08-12\\\/sebastian-tobien-verstaerkt-die-fuehrung-der-interiman-group\\\/#primaryimage\",\"url\":\"https:\\\/\\\/www.organisator.ch\\\/wp-content\\\/uploads\\\/2025\\\/08\\\/Sebastian-Tobien-verstaerkt-die-Fuehrung-der-Interiman-Group_Organisator.png\",\"contentUrl\":\"https:\\\/\\\/www.organisator.ch\\\/wp-content\\\/uploads\\\/2025\\\/08\\\/Sebastian-Tobien-verstaerkt-die-Fuehrung-der-Interiman-Group_Organisator.png\",\"width\":680,\"height\":483,\"caption\":\"Sebastian Tobien bekleidet die Position Lead Strategic Business Solutions bei der Interiman Group. (Bild: zVg \\\/ Interiman Group)\"},{\"@type\":\"BreadcrumbList\",\"@id\":\"https:\\\/\\\/www.organisator.ch\\\/management\\\/2025-08-12\\\/sebastian-tobien-verstaerkt-die-fuehrung-der-interiman-group\\\/#breadcrumb\",\"itemListElement\":[{\"@type\":\"ListItem\",\"position\":1,\"name\":\"Home\",\"item\":\"https:\\\/\\\/www.organisator.ch\\\/\"},{\"@type\":\"ListItem\",\"position\":2,\"name\":\"Sebastian Tobien verst\u00e4rkt die F\u00fchrung der Interiman Group\"}]},{\"@type\":\"WebSite\",\"@id\":\"https:\\\/\\\/www.organisator.ch\\\/#website\",\"url\":\"https:\\\/\\\/www.organisator.ch\\\/\",\"name\":\"Organisator\",\"description\":\"Kompetent. Praxisnah. Der ORGANISATOR bereitet in 10 Ausgaben pro Jahr die wesentlichen Themen f\u00fcr F\u00fchrungskr\u00e4fte von KMU auf.\",\"publisher\":{\"@id\":\"https:\\\/\\\/www.organisator.ch\\\/#organization\"},\"potentialAction\":[{\"@type\":\"SearchAction\",\"target\":{\"@type\":\"EntryPoint\",\"urlTemplate\":\"https:\\\/\\\/www.organisator.ch\\\/?s={search_term_string}\"},\"query-input\":{\"@type\":\"PropertyValueSpecification\",\"valueRequired\":true,\"valueName\":\"search_term_string\"}}],\"inLanguage\":\"it-IT\"},{\"@type\":\"Organization\",\"@id\":\"https:\\\/\\\/www.organisator.ch\\\/#organization\",\"name\":\"Organisator\",\"url\":\"https:\\\/\\\/www.organisator.ch\\\/\",\"logo\":{\"@type\":\"ImageObject\",\"inLanguage\":\"it-IT\",\"@id\":\"https:\\\/\\\/www.organisator.ch\\\/#\\\/schema\\\/logo\\\/image\\\/\",\"url\":\"https:\\\/\\\/www.organisator.ch\\\/wp-content\\\/uploads\\\/2022\\\/01\\\/Logo_Organisator_Website.png\",\"contentUrl\":\"https:\\\/\\\/www.organisator.ch\\\/wp-content\\\/uploads\\\/2022\\\/01\\\/Logo_Organisator_Website.png\",\"width\":800,\"height\":77,\"caption\":\"Organisator\"},\"image\":{\"@id\":\"https:\\\/\\\/www.organisator.ch\\\/#\\\/schema\\\/logo\\\/image\\\/\"},\"sameAs\":[\"https:\\\/\\\/www.facebook.com\\\/OrganisatorFachmagazin\",\"https:\\\/\\\/www.linkedin.com\\\/showcase\\\/organisator-das-magazin-fr-kmu\",\"https:\\\/\\\/www.xing.com\\\/news\\\/pages\\\/organisator-ch-695\",\"https:\\\/\\\/www.youtube.com\\\/channel\\\/UCGP2Sq0iWaZwT3BdIAQFYpw\"]},{\"@type\":\"Person\",\"@id\":\"https:\\\/\\\/www.organisator.ch\\\/#\\\/schema\\\/person\\\/6f650f90b2842cd4c0cc334b4e36f67e\",\"name\":\"thomas.berner\",\"image\":{\"@type\":\"ImageObject\",\"inLanguage\":\"it-IT\",\"@id\":\"https:\\\/\\\/secure.gravatar.com\\\/avatar\\\/ac5001d2a36cb6c6cd3e50789007ffca834b477b74a2144564522e944eabff61?s=96&d=mm&r=g\",\"url\":\"https:\\\/\\\/secure.gravatar.com\\\/avatar\\\/ac5001d2a36cb6c6cd3e50789007ffca834b477b74a2144564522e944eabff61?s=96&d=mm&r=g\",\"contentUrl\":\"https:\\\/\\\/secure.gravatar.com\\\/avatar\\\/ac5001d2a36cb6c6cd3e50789007ffca834b477b74a2144564522e944eabff61?s=96&d=mm&r=g\",\"caption\":\"thomas.berner\"},\"url\":\"https:\\\/\\\/www.organisator.ch\\\/it\\\/author\\\/thomas-berner\\\/\"}]}<\/script>\n<!-- \/ Yoast SEO plugin. -->","yoast_head_json":{"title":"Sebastian Tobien rafforza la direzione del Gruppo Interiman - Organizzatore","description":"Il Gruppo Interiman rafforza la propria leadership nel settore digitale: Sebastian Tobien assume la posizione di Lead Strategic Business Solutions.","robots":{"index":"index","follow":"follow","max-snippet":"max-snippet:-1","max-image-preview":"max-image-preview:large","max-video-preview":"max-video-preview:-1"},"canonical":"https:\/\/www.organisator.ch\/it\/gestione-2\/2025-08-12\/sebastian-tobien-verstaerkt-die-fuehrung-der-interiman-group\/","og_locale":"it_IT","og_type":"article","og_title":"Sebastian Tobien verst\u00e4rkt die F\u00fchrung der Interiman Group","og_description":"Die Interiman Group verst\u00e4rkt ihre F\u00fchrung im digitalen Bereich: Sebastian Tobien \u00fcbernimmt die Position Lead Strategic Business Solutions.","og_url":"https:\/\/www.organisator.ch\/it\/gestione-2\/2025-08-12\/sebastian-tobien-verstaerkt-die-fuehrung-der-interiman-group\/","og_site_name":"Organisator","article_publisher":"https:\/\/www.facebook.com\/OrganisatorFachmagazin","article_published_time":"2025-08-12T06:58:42+00:00","og_image":[{"width":680,"height":483,"url":"https:\/\/www.organisator.ch\/wp-content\/uploads\/2025\/08\/Sebastian-Tobien-verstaerkt-die-Fuehrung-der-Interiman-Group_Organisator.png","type":"image\/png"}],"author":"thomas.berner","twitter_card":"summary_large_image","twitter_title":"Sebastian #Tobien verst\u00e4rkt die F\u00fchrung der #Interiman Group","twitter_description":"Die #Interiman Group verst\u00e4rkt ihre F\u00fchrung im digitalen Bereich: Sebastian #Tobien \u00fcbernimmt die Position Lead Strategic Business Solutions.","twitter_image":"https:\/\/www.organisator.ch\/wp-content\/uploads\/2025\/08\/Sebastian-Tobien-verstaerkt-die-Fuehrung-der-Interiman-Group_Organisator.png","schema":{"@context":"https:\/\/schema.org","@graph":[{"@type":"Article","@id":"https:\/\/www.organisator.ch\/management\/2025-08-12\/sebastian-tobien-verstaerkt-die-fuehrung-der-interiman-group\/#article","isPartOf":{"@id":"https:\/\/www.organisator.ch\/management\/2025-08-12\/sebastian-tobien-verstaerkt-die-fuehrung-der-interiman-group\/"},"author":{"name":"thomas.berner","@id":"https:\/\/www.organisator.ch\/#\/schema\/person\/6f650f90b2842cd4c0cc334b4e36f67e"},"headline":"Sebastian Tobien verst\u00e4rkt die F\u00fchrung der Interiman Group","datePublished":"2025-08-12T06:58:42+00:00","mainEntityOfPage":{"@id":"https:\/\/www.organisator.ch\/management\/2025-08-12\/sebastian-tobien-verstaerkt-die-fuehrung-der-interiman-group\/"},"wordCount":346,"publisher":{"@id":"https:\/\/www.organisator.ch\/#organization"},"image":{"@id":"https:\/\/www.organisator.ch\/management\/2025-08-12\/sebastian-tobien-verstaerkt-die-fuehrung-der-interiman-group\/#primaryimage"},"thumbnailUrl":"https:\/\/www.organisator.ch\/wp-content\/uploads\/2025\/08\/Sebastian-Tobien-verstaerkt-die-Fuehrung-der-Interiman-Group_Organisator.png","keywords":["Digitalisierung","HRM","Management und Unternehmensf\u00fchrung","Personalia"],"articleSection":["MANAGEMENT"],"inLanguage":"it-IT"},{"@type":"WebPage","@id":"https:\/\/www.organisator.ch\/management\/2025-08-12\/sebastian-tobien-verstaerkt-die-fuehrung-der-interiman-group\/","url":"https:\/\/www.organisator.ch\/management\/2025-08-12\/sebastian-tobien-verstaerkt-die-fuehrung-der-interiman-group\/","name":"Sebastian Tobien rafforza la direzione del Gruppo Interiman - Organizzatore","isPartOf":{"@id":"https:\/\/www.organisator.ch\/#website"},"primaryImageOfPage":{"@id":"https:\/\/www.organisator.ch\/management\/2025-08-12\/sebastian-tobien-verstaerkt-die-fuehrung-der-interiman-group\/#primaryimage"},"image":{"@id":"https:\/\/www.organisator.ch\/management\/2025-08-12\/sebastian-tobien-verstaerkt-die-fuehrung-der-interiman-group\/#primaryimage"},"thumbnailUrl":"https:\/\/www.organisator.ch\/wp-content\/uploads\/2025\/08\/Sebastian-Tobien-verstaerkt-die-Fuehrung-der-Interiman-Group_Organisator.png","datePublished":"2025-08-12T06:58:42+00:00","description":"Il Gruppo Interiman rafforza la propria leadership nel settore digitale: Sebastian Tobien assume la posizione di Lead Strategic Business Solutions.","breadcrumb":{"@id":"https:\/\/www.organisator.ch\/management\/2025-08-12\/sebastian-tobien-verstaerkt-die-fuehrung-der-interiman-group\/#breadcrumb"},"inLanguage":"it-IT","potentialAction":[{"@type":"ReadAction","target":["https:\/\/www.organisator.ch\/management\/2025-08-12\/sebastian-tobien-verstaerkt-die-fuehrung-der-interiman-group\/"]}]},{"@type":"ImageObject","inLanguage":"it-IT","@id":"https:\/\/www.organisator.ch\/management\/2025-08-12\/sebastian-tobien-verstaerkt-die-fuehrung-der-interiman-group\/#primaryimage","url":"https:\/\/www.organisator.ch\/wp-content\/uploads\/2025\/08\/Sebastian-Tobien-verstaerkt-die-Fuehrung-der-Interiman-Group_Organisator.png","contentUrl":"https:\/\/www.organisator.ch\/wp-content\/uploads\/2025\/08\/Sebastian-Tobien-verstaerkt-die-Fuehrung-der-Interiman-Group_Organisator.png","width":680,"height":483,"caption":"Sebastian Tobien bekleidet die Position Lead Strategic Business Solutions bei der Interiman Group. (Bild: zVg \/ Interiman Group)"},{"@type":"BreadcrumbList","@id":"https:\/\/www.organisator.ch\/management\/2025-08-12\/sebastian-tobien-verstaerkt-die-fuehrung-der-interiman-group\/#breadcrumb","itemListElement":[{"@type":"ListItem","position":1,"name":"Home","item":"https:\/\/www.organisator.ch\/"},{"@type":"ListItem","position":2,"name":"Sebastian Tobien verst\u00e4rkt die F\u00fchrung der Interiman Group"}]},{"@type":"WebSite","@id":"https:\/\/www.organisator.ch\/#website","url":"https:\/\/www.organisator.ch\/","name":"Organizzatore","description":"Competente. Pratico. In 10 numeri all'anno, ORGANISATOR presenta i temi essenziali per i manager delle PMI.","publisher":{"@id":"https:\/\/www.organisator.ch\/#organization"},"potentialAction":[{"@type":"SearchAction","target":{"@type":"EntryPoint","urlTemplate":"https:\/\/www.organisator.ch\/?s={search_term_string}"},"query-input":{"@type":"PropertyValueSpecification","valueRequired":true,"valueName":"search_term_string"}}],"inLanguage":"it-IT"},{"@type":"Organization","@id":"https:\/\/www.organisator.ch\/#organization","name":"Organizzatore","url":"https:\/\/www.organisator.ch\/","logo":{"@type":"ImageObject","inLanguage":"it-IT","@id":"https:\/\/www.organisator.ch\/#\/schema\/logo\/image\/","url":"https:\/\/www.organisator.ch\/wp-content\/uploads\/2022\/01\/Logo_Organisator_Website.png","contentUrl":"https:\/\/www.organisator.ch\/wp-content\/uploads\/2022\/01\/Logo_Organisator_Website.png","width":800,"height":77,"caption":"Organisator"},"image":{"@id":"https:\/\/www.organisator.ch\/#\/schema\/logo\/image\/"},"sameAs":["https:\/\/www.facebook.com\/OrganisatorFachmagazin","https:\/\/www.linkedin.com\/showcase\/organisator-das-magazin-fr-kmu","https:\/\/www.xing.com\/news\/pages\/organisator-ch-695","https:\/\/www.youtube.com\/channel\/UCGP2Sq0iWaZwT3BdIAQFYpw"]},{"@type":"Person","@id":"https:\/\/www.organisator.ch\/#\/schema\/person\/6f650f90b2842cd4c0cc334b4e36f67e","name":"Tommaso.berner","image":{"@type":"ImageObject","inLanguage":"it-IT","@id":"https:\/\/secure.gravatar.com\/avatar\/ac5001d2a36cb6c6cd3e50789007ffca834b477b74a2144564522e944eabff61?s=96&d=mm&r=g","url":"https:\/\/secure.gravatar.com\/avatar\/ac5001d2a36cb6c6cd3e50789007ffca834b477b74a2144564522e944eabff61?s=96&d=mm&r=g","contentUrl":"https:\/\/secure.gravatar.com\/avatar\/ac5001d2a36cb6c6cd3e50789007ffca834b477b74a2144564522e944eabff61?s=96&d=mm&r=g","caption":"thomas.berner"},"url":"https:\/\/www.organisator.ch\/it\/author\/thomas-berner\/"}]}},"_links":{"self":[{"href":"https:\/\/www.organisator.ch\/it\/wp-json\/wp\/v2\/posts\/39822","targetHints":{"allow":["GET"]}}],"collection":[{"href":"https:\/\/www.organisator.ch\/it\/wp-json\/wp\/v2\/posts"}],"about":[{"href":"https:\/\/www.organisator.ch\/it\/wp-json\/wp\/v2\/types\/post"}],"author":[{"embeddable":true,"href":"https:\/\/www.organisator.ch\/it\/wp-json\/wp\/v2\/users\/4"}],"replies":[{"embeddable":true,"href":"https:\/\/www.organisator.ch\/it\/wp-json\/wp\/v2\/comments?post=39822"}],"version-history":[{"count":3,"href":"https:\/\/www.organisator.ch\/it\/wp-json\/wp\/v2\/posts\/39822\/revisions"}],"predecessor-version":[{"id":39853,"href":"https:\/\/www.organisator.ch\/it\/wp-json\/wp\/v2\/posts\/39822\/revisions\/39853"}],"wp:featuredmedia":[{"embeddable":true,"href":"https:\/\/www.organisator.ch\/it\/wp-json\/wp\/v2\/media\/39823"}],"wp:attachment":[{"href":"https:\/\/www.organisator.ch\/it\/wp-json\/wp\/v2\/media?parent=39822"}],"wp:term":[{"taxonomy":"category","embeddable":true,"href":"https:\/\/www.organisator.ch\/it\/wp-json\/wp\/v2\/categories?post=39822"},{"taxonomy":"post_tag","embeddable":true,"href":"https:\/\/www.organisator.ch\/it\/wp-json\/wp\/v2\/tags?post=39822"}],"curies":[{"name":"wp","href":"https:\/\/api.w.org\/{rel}","templated":true}]}}