{"id":39885,"date":"2025-08-27T03:44:40","date_gmt":"2025-08-27T01:44:40","guid":{"rendered":"https:\/\/www.organisator.ch\/de\/?p=39885"},"modified":"2025-08-18T13:48:28","modified_gmt":"2025-08-18T11:48:28","slug":"faserverbundwerkstoff-aus-der-natur","status":"publish","type":"post","link":"https:\/\/www.organisator.ch\/it\/sustainability\/2025-08-27\/faserverbundwerkstoff-aus-der-natur\/","title":{"rendered":"Materiale composito in fibra dalla natura"},"content":{"rendered":"<figure id=\"attachment_39883\" aria-describedby=\"caption-attachment-39883\" style=\"width: 680px\" class=\"wp-caption alignnone\"><img loading=\"lazy\" decoding=\"async\" class=\"size-medium wp-image-39883\" src=\"https:\/\/www.organisator.ch\/wp-content\/uploads\/2025\/08\/Sustainability_Empa_Bild1_organisator_171109-680x433.jpg\" alt=\"Il film vivente \u00e8 quasi trasparente e ha una buona resistenza alla lacerazione. Potrebbe essere utilizzato, ad esempio, come bioplastica. Poich\u00e9 reagisce in modo reversibile all&#039;umidit\u00e0, potrebbe essere utilizzata anche per sensori di umidit\u00e0 a base biologica. \u00a9 Empa\" width=\"680\" height=\"433\" srcset=\"https:\/\/www.organisator.ch\/wp-content\/uploads\/2025\/08\/Sustainability_Empa_Bild1_organisator_171109-680x433.jpg 680w, https:\/\/www.organisator.ch\/wp-content\/uploads\/2025\/08\/Sustainability_Empa_Bild1_organisator_171109-1024x653.jpg 1024w, https:\/\/www.organisator.ch\/wp-content\/uploads\/2025\/08\/Sustainability_Empa_Bild1_organisator_171109-768x489.jpg 768w, https:\/\/www.organisator.ch\/wp-content\/uploads\/2025\/08\/Sustainability_Empa_Bild1_organisator_171109-1536x979.jpg 1536w, https:\/\/www.organisator.ch\/wp-content\/uploads\/2025\/08\/Sustainability_Empa_Bild1_organisator_171109-18x12.jpg 18w, https:\/\/www.organisator.ch\/wp-content\/uploads\/2025\/08\/Sustainability_Empa_Bild1_organisator_171109-375x239.jpg 375w, https:\/\/www.organisator.ch\/wp-content\/uploads\/2025\/08\/Sustainability_Empa_Bild1_organisator_171109-549x350.jpg 549w, https:\/\/www.organisator.ch\/wp-content\/uploads\/2025\/08\/Sustainability_Empa_Bild1_organisator_171109-1000x637.jpg 1000w, https:\/\/www.organisator.ch\/wp-content\/uploads\/2025\/08\/Sustainability_Empa_Bild1_organisator_171109-scaled.jpg 1400w\" sizes=\"auto, (max-width: 680px) 100vw, 680px\" \/><figcaption id=\"caption-attachment-39883\" class=\"wp-caption-text\">Il film vivente \u00e8 quasi trasparente e ha una buona resistenza alla lacerazione. Potrebbe essere utilizzato, ad esempio, come bioplastica. Poich\u00e9 reagisce in modo reversibile all'umidit\u00e0, potrebbe essere utilizzata anche per sensori di umidit\u00e0 a base biologica. \u00a9 Empa<\/figcaption><\/figure>\n<p>I materiali biodegradabili prodotti in modo sostenibile sono un obiettivo importante della moderna ricerca sui materiali. Tuttavia, la lavorazione di materiali naturali come la cellulosa, la lignina o la chitina pone i ricercatori di fronte a un compromesso. Nella loro forma pura, i materiali naturali sono biodegradabili, ma spesso non hanno prestazioni sufficienti. Per renderli pi\u00f9 forti, pi\u00f9 resistenti o pi\u00f9 malleabili si pu\u00f2 ricorrere a processi di lavorazione chimica, ma in questo modo si perde in sostenibilit\u00e0.<\/p>\n<p>I ricercatori dell'Empa del laboratorio \"Cellulosa e materiali lignei\" hanno ora sviluppato un materiale a base biologica che evita abilmente questo compromesso. Non solo \u00e8 completamente biodegradabile, ma \u00e8 anche resistente agli strappi e ha propriet\u00e0 funzionali versatili. Il tutto con fasi di lavorazione minime e senza l'utilizzo di sostanze chimiche - si pu\u00f2 persino mangiare. Il suo segreto: \u00e8 vivo.<\/p>\n<h3>Ottimizzato dalla natura<\/h3>\n<p>Come base per il loro nuovo materiale, i ricercatori hanno utilizzato il micelio della clemente comune, un fungo commestibile molto diffuso che cresce sul legno morto. I miceli sono strutture fungine filamentose simili a radici che vengono gi\u00e0 studiate attivamente come potenziali fonti di materiale. Normalmente, le fibre miceliali - note come ife - vengono pulite e, se necessario, trattate chimicamente, il che comporta il ben noto compromesso tra prestazioni e sostenibilit\u00e0.<\/p>\n<p>I ricercatori dell'Empa hanno scelto un approccio diverso. Invece di elaborare faticosamente il micelio, lo hanno utilizzato nella sua interezza. Quando cresce, il fungo non forma solo ife, ma anche la cosiddetta matrice extracellulare: una rete di diverse macromolecole simili a fibre, proteine e altre sostanze biologiche che le cellule vive secernono. \"Il fungo usa questa matrice extracellulare per darsi una struttura e altre propriet\u00e0 funzionali. Perch\u00e9 non dovremmo fare lo stesso?\", spiega Ashutosh Sinha, ricercatore dell'Empa. \"La natura ha gi\u00e0 sviluppato un sistema ottimizzato\", aggiunge Gustav Nystr\u00f6m, responsabile del laboratorio \"Cellulosa e materiali lignei\".<\/p>\n<p>Con un po' di ottimizzazione mirata, i ricercatori hanno dato una mano alla natura. Dall'enorme diversit\u00e0 genetica delle clementine comuni, hanno selezionato un ceppo che produce una quantit\u00e0 particolarmente elevata di due macromolecole specifiche: il polisaccaride a catena lunga schizofillano e la proteina idrofobina simile al sapone. Grazie alla loro struttura, le idrofobine si raccolgono alle interfacce tra liquidi polari e apolari, ad esempio acqua e olio. Lo schizofillano \u00e8 una nanofibra: meno di un nanometro di spessore, ma pi\u00f9 di mille volte pi\u00f9 lunga. Insieme, queste due biomolecole conferiscono al micelio vivente propriet\u00e0 che lo rendono adatto a un'ampia gamma di applicazioni.<\/p>\n<h3>Un emulsionante vivente<\/h3>\n<p>I ricercatori hanno dimostrato la versatilit\u00e0 del loro materiale in laboratorio. Nel loro studio, pubblicato di recente sulla rivista scientifica \"Advanced Materials\", hanno presentato due possibili applicazioni del materiale vivente: una pellicola simile alla plastica e un'emulsione. Le emulsioni sono miscele di due o pi\u00f9 liquidi che normalmente non possono essere mescolati. Se volete vederne un esempio, basta aprire il frigorifero: Il latte, il condimento per l'insalata o la maionese ne sono un esempio. Ma anche diversi cosmetici, pitture e vernici sono disponibili come emulsioni.<\/p>\n<p>Una sfida \u00e8 quella di stabilizzare tali miscele in modo che non si \"segreghino\" nuovamente nei singoli liquidi nel corso del tempo. \u00c8 qui che il micelio vivente mostra il suo lato migliore: sia le fibre di schizofilla che le idrofobine agiscono come emulsionanti. E il fungo vivente rilascia costantemente altre molecole. \"Questo \u00e8 probabilmente l'unico tipo di emulsione che diventa pi\u00f9 stabile nel tempo\", afferma Sinha. Sia i filamenti fungini che le loro molecole ausiliarie sono completamente atossici, biologicamente compatibili e persino commestibili: il comune fungo a foglia spaccata \u00e8 considerato un fungo commestibile in molte parti del mondo. \"Il suo utilizzo come emulsionante nell'industria cosmetica e alimentare \u00e8 quindi particolarmente interessante\", afferma Nystr\u00f6m.<\/p>\n<h3>Dai sacchetti per il compost alle batterie<\/h3>\n<p>Tuttavia, la rete fungina vivente \u00e8 adatta anche per le applicazioni classiche dei materiali. In un secondo esperimento, i ricercatori hanno prodotto film sottili dal loro micelio. La matrice extracellulare con le lunghe fibre di schizofillano conferisce al materiale un'ottima resistenza alla trazione, che pu\u00f2 essere ulteriormente migliorata con un allineamento mirato delle fibre fungine e polisaccaridiche.<\/p>\n<p>\"Combiniamo i metodi collaudati per la lavorazione dei materiali a base di fibre con il campo emergente dei materiali viventi\", spiega Nystr\u00f6m. Sinha aggiunge: \"Il nostro micelio \u00e8 un composito di fibre viventi, per cos\u00ec dire\". I ricercatori possono controllare le propriet\u00e0 di questo materiale modificando le condizioni di crescita del fungo. \u00c8 inoltre possibile utilizzare altri ceppi o specie fungine che producono altre macromolecole funzionali.<\/p>\n<figure id=\"attachment_39884\" aria-describedby=\"caption-attachment-39884\" style=\"width: 680px\" class=\"wp-caption alignnone\"><img loading=\"lazy\" decoding=\"async\" class=\"size-medium wp-image-39884\" src=\"https:\/\/www.organisator.ch\/wp-content\/uploads\/2025\/08\/Sustainability_Empa_Bild2_organisator_171108-680x599.jpg\" alt=\"I due ricercatori dell&#039;Empa Gustav Nystr\u00f6m (a sinistra) e Ashutosh Sinha. \u00a9 Empa\" width=\"680\" height=\"599\" srcset=\"https:\/\/www.organisator.ch\/wp-content\/uploads\/2025\/08\/Sustainability_Empa_Bild2_organisator_171108-680x599.jpg 680w, https:\/\/www.organisator.ch\/wp-content\/uploads\/2025\/08\/Sustainability_Empa_Bild2_organisator_171108-768x676.jpg 768w, https:\/\/www.organisator.ch\/wp-content\/uploads\/2025\/08\/Sustainability_Empa_Bild2_organisator_171108-14x12.jpg 14w, https:\/\/www.organisator.ch\/wp-content\/uploads\/2025\/08\/Sustainability_Empa_Bild2_organisator_171108-341x300.jpg 341w, https:\/\/www.organisator.ch\/wp-content\/uploads\/2025\/08\/Sustainability_Empa_Bild2_organisator_171108-397x350.jpg 397w, https:\/\/www.organisator.ch\/wp-content\/uploads\/2025\/08\/Sustainability_Empa_Bild2_organisator_171108.jpg 829w\" sizes=\"auto, (max-width: 680px) 100vw, 680px\" \/><figcaption id=\"caption-attachment-39884\" class=\"wp-caption-text\">I due ricercatori dell'Empa Gustav Nystr\u00f6m (a sinistra) e Ashutosh Sinha. \u00a9 Empa<\/figcaption><\/figure>\n<p>Tuttavia, lavorare con il materiale vivente presenta anche alcune sfide. \"I materiali biodegradabili reagiscono sempre all'ambiente circostante\", afferma Nystr\u00f6m. \"Vogliamo trovare applicazioni in cui questa interazione non sia un ostacolo, o addirittura un vantaggio\". Tuttavia, la biodegradabilit\u00e0 \u00e8 solo una parte della storia del micelio. Anche il micelio \u00e8 biodegradabile: la comune mannaia \u00e8 in grado di decomporre attivamente il legno e i materiali vegetali. Sinha vede un'ulteriore potenziale applicazione: \"Invece di sacchetti di plastica compostabili per gli scarti di cucina, potrebbe essere utilizzato per produrre sacchetti che compostano i rifiuti organici stessi\", dice il ricercatore.<\/p>\n<p>Esistono anche applicazioni promettenti per il micelio nel campo dell'elettronica sostenibile. Ad esempio, il materiale fungino reagisce reversibilmente all'umidit\u00e0 e potrebbe essere utilizzato per produrre sensori di umidit\u00e0 biodegradabili. Un'altra applicazione a cui sta lavorando il team di Nystr\u00f6m combina il materiale vivente con altri due progetti di ricerca del laboratorio Cellulose and Wood Materials: la batteria di funghi e la batteria di carta. \"Vogliamo produrre una batteria compatta e biodegradabile i cui elettrodi siano costituiti da un 'fungo di carta' vivente\", spiega Sinha.<\/p>\n<h3>Autore<\/h3>\n<p><em>Anna Ettlin \u00e8 redattrice scientifica e lavora nella comunicazione dell'Empa. <a href=\"http:\/\/www.empa.ch\">www.empa.ch<\/a><\/em><\/p>","protected":false},"excerpt":{"rendered":"<p>I funghi sono considerati una fonte promettente di materiali biodegradabili. I ricercatori dell'Empa hanno sviluppato un nuovo materiale basato su un micelio fungino e sulla sua matrice extracellulare. Ci\u00f2 conferisce al biomateriale propriet\u00e0 particolarmente favorevoli.<\/p>","protected":false},"author":1,"featured_media":39883,"comment_status":"closed","ping_status":"closed","sticky":false,"template":"","format":"standard","meta":{"_acf_changed":false,"_yoast_wpseo_focuskw":"Faserverbundwerkstoff","_yoast_wpseo_metadesc":"An der Empa wurde ein neues Material entwickelt, das auf einem Pilzmycel basiert und als Faserverbundwerkstoff dienen kann.","articlekey":"171099","footnotes":""},"categories":[580],"tags":[1052,218,5479],"class_list":["post-39885","post","type-post","status-publish","format-standard","has-post-thumbnail","hentry","category-sustainability","tag-empa","tag-forschung","tag-nachhaltige-materialien"],"acf":[],"yoast_head":"<!-- This site is optimized with the Yoast SEO plugin v27.4 - https:\/\/yoast.com\/product\/yoast-seo-wordpress\/ -->\n<title>Faserverbundwerkstoff aus der Natur - Organisator<\/title>\n<meta name=\"description\" content=\"An der Empa wurde ein neues Material entwickelt, das auf einem Pilzmycel basiert und als Faserverbundwerkstoff dienen kann.\" \/>\n<meta name=\"robots\" content=\"index, follow, max-snippet:-1, max-image-preview:large, max-video-preview:-1\" \/>\n<link rel=\"canonical\" href=\"https:\/\/www.organisator.ch\/it\/sostenibilita\/2025-08-27\/faserverbundwerkstoff-aus-der-natur\/\" \/>\n<meta property=\"og:locale\" content=\"it_IT\" \/>\n<meta property=\"og:type\" content=\"article\" \/>\n<meta property=\"og:title\" content=\"Faserverbundwerkstoff aus der Natur - Organisator\" \/>\n<meta property=\"og:description\" content=\"An der Empa wurde ein neues Material entwickelt, das auf einem Pilzmycel basiert und als Faserverbundwerkstoff dienen kann.\" \/>\n<meta property=\"og:url\" content=\"https:\/\/www.organisator.ch\/it\/sostenibilita\/2025-08-27\/faserverbundwerkstoff-aus-der-natur\/\" \/>\n<meta property=\"og:site_name\" content=\"Organisator\" \/>\n<meta property=\"article:publisher\" content=\"https:\/\/www.facebook.com\/OrganisatorFachmagazin\" \/>\n<meta property=\"article:published_time\" content=\"2025-08-27T01:44:40+00:00\" \/>\n<meta property=\"og:image\" content=\"https:\/\/www.organisator.ch\/wp-content\/uploads\/2025\/08\/Sustainability_Empa_Bild1_organisator_171109-scaled.jpg\" \/>\n\t<meta property=\"og:image:width\" content=\"1400\" \/>\n\t<meta property=\"og:image:height\" content=\"892\" \/>\n\t<meta property=\"og:image:type\" content=\"image\/jpeg\" \/>\n<meta name=\"author\" content=\"admin\" \/>\n<meta name=\"twitter:card\" content=\"summary_large_image\" \/>\n<script type=\"application\/ld+json\" class=\"yoast-schema-graph\">{\"@context\":\"https:\\\/\\\/schema.org\",\"@graph\":[{\"@type\":\"Article\",\"@id\":\"https:\\\/\\\/www.organisator.ch\\\/sustainability\\\/2025-08-27\\\/faserverbundwerkstoff-aus-der-natur\\\/#article\",\"isPartOf\":{\"@id\":\"https:\\\/\\\/www.organisator.ch\\\/sustainability\\\/2025-08-27\\\/faserverbundwerkstoff-aus-der-natur\\\/\"},\"author\":{\"name\":\"admin\",\"@id\":\"https:\\\/\\\/www.organisator.ch\\\/#\\\/schema\\\/person\\\/aa2bace6c5c5aad60102004a50c4eb1c\"},\"headline\":\"Faserverbundwerkstoff aus der Natur\",\"datePublished\":\"2025-08-27T01:44:40+00:00\",\"mainEntityOfPage\":{\"@id\":\"https:\\\/\\\/www.organisator.ch\\\/sustainability\\\/2025-08-27\\\/faserverbundwerkstoff-aus-der-natur\\\/\"},\"wordCount\":993,\"publisher\":{\"@id\":\"https:\\\/\\\/www.organisator.ch\\\/#organization\"},\"image\":{\"@id\":\"https:\\\/\\\/www.organisator.ch\\\/sustainability\\\/2025-08-27\\\/faserverbundwerkstoff-aus-der-natur\\\/#primaryimage\"},\"thumbnailUrl\":\"https:\\\/\\\/www.organisator.ch\\\/wp-content\\\/uploads\\\/2025\\\/08\\\/Sustainability_Empa_Bild1_organisator_171109-scaled.jpg\",\"keywords\":[\"Empa\",\"Forschung\",\"Nachhaltige Materialien\"],\"articleSection\":[\"SUSTAINABILITY\"],\"inLanguage\":\"it-IT\"},{\"@type\":\"WebPage\",\"@id\":\"https:\\\/\\\/www.organisator.ch\\\/sustainability\\\/2025-08-27\\\/faserverbundwerkstoff-aus-der-natur\\\/\",\"url\":\"https:\\\/\\\/www.organisator.ch\\\/sustainability\\\/2025-08-27\\\/faserverbundwerkstoff-aus-der-natur\\\/\",\"name\":\"Faserverbundwerkstoff aus der Natur - Organisator\",\"isPartOf\":{\"@id\":\"https:\\\/\\\/www.organisator.ch\\\/#website\"},\"primaryImageOfPage\":{\"@id\":\"https:\\\/\\\/www.organisator.ch\\\/sustainability\\\/2025-08-27\\\/faserverbundwerkstoff-aus-der-natur\\\/#primaryimage\"},\"image\":{\"@id\":\"https:\\\/\\\/www.organisator.ch\\\/sustainability\\\/2025-08-27\\\/faserverbundwerkstoff-aus-der-natur\\\/#primaryimage\"},\"thumbnailUrl\":\"https:\\\/\\\/www.organisator.ch\\\/wp-content\\\/uploads\\\/2025\\\/08\\\/Sustainability_Empa_Bild1_organisator_171109-scaled.jpg\",\"datePublished\":\"2025-08-27T01:44:40+00:00\",\"description\":\"An der Empa wurde ein neues Material entwickelt, das auf einem Pilzmycel basiert und als Faserverbundwerkstoff dienen kann.\",\"breadcrumb\":{\"@id\":\"https:\\\/\\\/www.organisator.ch\\\/sustainability\\\/2025-08-27\\\/faserverbundwerkstoff-aus-der-natur\\\/#breadcrumb\"},\"inLanguage\":\"it-IT\",\"potentialAction\":[{\"@type\":\"ReadAction\",\"target\":[\"https:\\\/\\\/www.organisator.ch\\\/sustainability\\\/2025-08-27\\\/faserverbundwerkstoff-aus-der-natur\\\/\"]}]},{\"@type\":\"ImageObject\",\"inLanguage\":\"it-IT\",\"@id\":\"https:\\\/\\\/www.organisator.ch\\\/sustainability\\\/2025-08-27\\\/faserverbundwerkstoff-aus-der-natur\\\/#primaryimage\",\"url\":\"https:\\\/\\\/www.organisator.ch\\\/wp-content\\\/uploads\\\/2025\\\/08\\\/Sustainability_Empa_Bild1_organisator_171109-scaled.jpg\",\"contentUrl\":\"https:\\\/\\\/www.organisator.ch\\\/wp-content\\\/uploads\\\/2025\\\/08\\\/Sustainability_Empa_Bild1_organisator_171109-scaled.jpg\",\"width\":1400,\"height\":892,\"caption\":\"Die lebende Folie ist nahezu transparent und besitzt eine gute Reissfestigkeit. Sie k\u00f6nnte etwa als Bio-Kunststoff zum Einsatz kommen. Da sie auch reversibel auf Feuchtigkeit reagiert, k\u00f6nnte sie auch f\u00fcr biobasierte Feuchtigkeitssensoren eingesetzt werden. \u00a9 Empa\"},{\"@type\":\"BreadcrumbList\",\"@id\":\"https:\\\/\\\/www.organisator.ch\\\/sustainability\\\/2025-08-27\\\/faserverbundwerkstoff-aus-der-natur\\\/#breadcrumb\",\"itemListElement\":[{\"@type\":\"ListItem\",\"position\":1,\"name\":\"Home\",\"item\":\"https:\\\/\\\/www.organisator.ch\\\/\"},{\"@type\":\"ListItem\",\"position\":2,\"name\":\"Faserverbundwerkstoff aus der Natur\"}]},{\"@type\":\"WebSite\",\"@id\":\"https:\\\/\\\/www.organisator.ch\\\/#website\",\"url\":\"https:\\\/\\\/www.organisator.ch\\\/\",\"name\":\"Organisator\",\"description\":\"Kompetent. Praxisnah. Der ORGANISATOR bereitet in 10 Ausgaben pro Jahr die wesentlichen Themen f\u00fcr F\u00fchrungskr\u00e4fte von KMU auf.\",\"publisher\":{\"@id\":\"https:\\\/\\\/www.organisator.ch\\\/#organization\"},\"potentialAction\":[{\"@type\":\"SearchAction\",\"target\":{\"@type\":\"EntryPoint\",\"urlTemplate\":\"https:\\\/\\\/www.organisator.ch\\\/?s={search_term_string}\"},\"query-input\":{\"@type\":\"PropertyValueSpecification\",\"valueRequired\":true,\"valueName\":\"search_term_string\"}}],\"inLanguage\":\"it-IT\"},{\"@type\":\"Organization\",\"@id\":\"https:\\\/\\\/www.organisator.ch\\\/#organization\",\"name\":\"Organisator\",\"url\":\"https:\\\/\\\/www.organisator.ch\\\/\",\"logo\":{\"@type\":\"ImageObject\",\"inLanguage\":\"it-IT\",\"@id\":\"https:\\\/\\\/www.organisator.ch\\\/#\\\/schema\\\/logo\\\/image\\\/\",\"url\":\"https:\\\/\\\/www.organisator.ch\\\/wp-content\\\/uploads\\\/2022\\\/01\\\/Logo_Organisator_Website.png\",\"contentUrl\":\"https:\\\/\\\/www.organisator.ch\\\/wp-content\\\/uploads\\\/2022\\\/01\\\/Logo_Organisator_Website.png\",\"width\":800,\"height\":77,\"caption\":\"Organisator\"},\"image\":{\"@id\":\"https:\\\/\\\/www.organisator.ch\\\/#\\\/schema\\\/logo\\\/image\\\/\"},\"sameAs\":[\"https:\\\/\\\/www.facebook.com\\\/OrganisatorFachmagazin\",\"https:\\\/\\\/www.linkedin.com\\\/showcase\\\/organisator-das-magazin-fr-kmu\",\"https:\\\/\\\/www.xing.com\\\/news\\\/pages\\\/organisator-ch-695\",\"https:\\\/\\\/www.youtube.com\\\/channel\\\/UCGP2Sq0iWaZwT3BdIAQFYpw\"]},{\"@type\":\"Person\",\"@id\":\"https:\\\/\\\/www.organisator.ch\\\/#\\\/schema\\\/person\\\/aa2bace6c5c5aad60102004a50c4eb1c\",\"name\":\"admin\",\"image\":{\"@type\":\"ImageObject\",\"inLanguage\":\"it-IT\",\"@id\":\"https:\\\/\\\/secure.gravatar.com\\\/avatar\\\/ae2f4d718e6c49043e314ce431e7e645d646302a24a5ef5a8bc8e3f5a032e319?s=96&d=mm&r=g\",\"url\":\"https:\\\/\\\/secure.gravatar.com\\\/avatar\\\/ae2f4d718e6c49043e314ce431e7e645d646302a24a5ef5a8bc8e3f5a032e319?s=96&d=mm&r=g\",\"contentUrl\":\"https:\\\/\\\/secure.gravatar.com\\\/avatar\\\/ae2f4d718e6c49043e314ce431e7e645d646302a24a5ef5a8bc8e3f5a032e319?s=96&d=mm&r=g\",\"caption\":\"admin\"},\"sameAs\":[\"https:\\\/\\\/www.organisator.ch\"],\"url\":\"https:\\\/\\\/www.organisator.ch\\\/it\\\/author\\\/admin\\\/\"}]}<\/script>\n<!-- \/ Yoast SEO plugin. -->","yoast_head_json":{"title":"Materiale composito in fibra dalla natura - Organizzatore","description":"L'Empa ha sviluppato un nuovo materiale basato su un micelio fungino che pu\u00f2 essere utilizzato come composito di fibre.","robots":{"index":"index","follow":"follow","max-snippet":"max-snippet:-1","max-image-preview":"max-image-preview:large","max-video-preview":"max-video-preview:-1"},"canonical":"https:\/\/www.organisator.ch\/it\/sostenibilita\/2025-08-27\/faserverbundwerkstoff-aus-der-natur\/","og_locale":"it_IT","og_type":"article","og_title":"Faserverbundwerkstoff aus der Natur - Organisator","og_description":"An der Empa wurde ein neues Material entwickelt, das auf einem Pilzmycel basiert und als Faserverbundwerkstoff dienen kann.","og_url":"https:\/\/www.organisator.ch\/it\/sostenibilita\/2025-08-27\/faserverbundwerkstoff-aus-der-natur\/","og_site_name":"Organisator","article_publisher":"https:\/\/www.facebook.com\/OrganisatorFachmagazin","article_published_time":"2025-08-27T01:44:40+00:00","og_image":[{"width":1400,"height":892,"url":"https:\/\/www.organisator.ch\/wp-content\/uploads\/2025\/08\/Sustainability_Empa_Bild1_organisator_171109-scaled.jpg","type":"image\/jpeg"}],"author":"admin","twitter_card":"summary_large_image","schema":{"@context":"https:\/\/schema.org","@graph":[{"@type":"Article","@id":"https:\/\/www.organisator.ch\/sustainability\/2025-08-27\/faserverbundwerkstoff-aus-der-natur\/#article","isPartOf":{"@id":"https:\/\/www.organisator.ch\/sustainability\/2025-08-27\/faserverbundwerkstoff-aus-der-natur\/"},"author":{"name":"admin","@id":"https:\/\/www.organisator.ch\/#\/schema\/person\/aa2bace6c5c5aad60102004a50c4eb1c"},"headline":"Faserverbundwerkstoff aus der Natur","datePublished":"2025-08-27T01:44:40+00:00","mainEntityOfPage":{"@id":"https:\/\/www.organisator.ch\/sustainability\/2025-08-27\/faserverbundwerkstoff-aus-der-natur\/"},"wordCount":993,"publisher":{"@id":"https:\/\/www.organisator.ch\/#organization"},"image":{"@id":"https:\/\/www.organisator.ch\/sustainability\/2025-08-27\/faserverbundwerkstoff-aus-der-natur\/#primaryimage"},"thumbnailUrl":"https:\/\/www.organisator.ch\/wp-content\/uploads\/2025\/08\/Sustainability_Empa_Bild1_organisator_171109-scaled.jpg","keywords":["Empa","Forschung","Nachhaltige Materialien"],"articleSection":["SUSTAINABILITY"],"inLanguage":"it-IT"},{"@type":"WebPage","@id":"https:\/\/www.organisator.ch\/sustainability\/2025-08-27\/faserverbundwerkstoff-aus-der-natur\/","url":"https:\/\/www.organisator.ch\/sustainability\/2025-08-27\/faserverbundwerkstoff-aus-der-natur\/","name":"Materiale composito in fibra dalla natura - Organizzatore","isPartOf":{"@id":"https:\/\/www.organisator.ch\/#website"},"primaryImageOfPage":{"@id":"https:\/\/www.organisator.ch\/sustainability\/2025-08-27\/faserverbundwerkstoff-aus-der-natur\/#primaryimage"},"image":{"@id":"https:\/\/www.organisator.ch\/sustainability\/2025-08-27\/faserverbundwerkstoff-aus-der-natur\/#primaryimage"},"thumbnailUrl":"https:\/\/www.organisator.ch\/wp-content\/uploads\/2025\/08\/Sustainability_Empa_Bild1_organisator_171109-scaled.jpg","datePublished":"2025-08-27T01:44:40+00:00","description":"L'Empa ha sviluppato un nuovo materiale basato su un micelio fungino che pu\u00f2 essere utilizzato come composito di fibre.","breadcrumb":{"@id":"https:\/\/www.organisator.ch\/sustainability\/2025-08-27\/faserverbundwerkstoff-aus-der-natur\/#breadcrumb"},"inLanguage":"it-IT","potentialAction":[{"@type":"ReadAction","target":["https:\/\/www.organisator.ch\/sustainability\/2025-08-27\/faserverbundwerkstoff-aus-der-natur\/"]}]},{"@type":"ImageObject","inLanguage":"it-IT","@id":"https:\/\/www.organisator.ch\/sustainability\/2025-08-27\/faserverbundwerkstoff-aus-der-natur\/#primaryimage","url":"https:\/\/www.organisator.ch\/wp-content\/uploads\/2025\/08\/Sustainability_Empa_Bild1_organisator_171109-scaled.jpg","contentUrl":"https:\/\/www.organisator.ch\/wp-content\/uploads\/2025\/08\/Sustainability_Empa_Bild1_organisator_171109-scaled.jpg","width":1400,"height":892,"caption":"Die lebende Folie ist nahezu transparent und besitzt eine gute Reissfestigkeit. Sie k\u00f6nnte etwa als Bio-Kunststoff zum Einsatz kommen. Da sie auch reversibel auf Feuchtigkeit reagiert, k\u00f6nnte sie auch f\u00fcr biobasierte Feuchtigkeitssensoren eingesetzt werden. \u00a9 Empa"},{"@type":"BreadcrumbList","@id":"https:\/\/www.organisator.ch\/sustainability\/2025-08-27\/faserverbundwerkstoff-aus-der-natur\/#breadcrumb","itemListElement":[{"@type":"ListItem","position":1,"name":"Home","item":"https:\/\/www.organisator.ch\/"},{"@type":"ListItem","position":2,"name":"Faserverbundwerkstoff aus der Natur"}]},{"@type":"WebSite","@id":"https:\/\/www.organisator.ch\/#website","url":"https:\/\/www.organisator.ch\/","name":"Organizzatore","description":"Competente. Pratico. In 10 numeri all'anno, ORGANISATOR presenta i temi essenziali per i manager delle PMI.","publisher":{"@id":"https:\/\/www.organisator.ch\/#organization"},"potentialAction":[{"@type":"SearchAction","target":{"@type":"EntryPoint","urlTemplate":"https:\/\/www.organisator.ch\/?s={search_term_string}"},"query-input":{"@type":"PropertyValueSpecification","valueRequired":true,"valueName":"search_term_string"}}],"inLanguage":"it-IT"},{"@type":"Organization","@id":"https:\/\/www.organisator.ch\/#organization","name":"Organizzatore","url":"https:\/\/www.organisator.ch\/","logo":{"@type":"ImageObject","inLanguage":"it-IT","@id":"https:\/\/www.organisator.ch\/#\/schema\/logo\/image\/","url":"https:\/\/www.organisator.ch\/wp-content\/uploads\/2022\/01\/Logo_Organisator_Website.png","contentUrl":"https:\/\/www.organisator.ch\/wp-content\/uploads\/2022\/01\/Logo_Organisator_Website.png","width":800,"height":77,"caption":"Organisator"},"image":{"@id":"https:\/\/www.organisator.ch\/#\/schema\/logo\/image\/"},"sameAs":["https:\/\/www.facebook.com\/OrganisatorFachmagazin","https:\/\/www.linkedin.com\/showcase\/organisator-das-magazin-fr-kmu","https:\/\/www.xing.com\/news\/pages\/organisator-ch-695","https:\/\/www.youtube.com\/channel\/UCGP2Sq0iWaZwT3BdIAQFYpw"]},{"@type":"Person","@id":"https:\/\/www.organisator.ch\/#\/schema\/person\/aa2bace6c5c5aad60102004a50c4eb1c","name":"amministratore","image":{"@type":"ImageObject","inLanguage":"it-IT","@id":"https:\/\/secure.gravatar.com\/avatar\/ae2f4d718e6c49043e314ce431e7e645d646302a24a5ef5a8bc8e3f5a032e319?s=96&d=mm&r=g","url":"https:\/\/secure.gravatar.com\/avatar\/ae2f4d718e6c49043e314ce431e7e645d646302a24a5ef5a8bc8e3f5a032e319?s=96&d=mm&r=g","contentUrl":"https:\/\/secure.gravatar.com\/avatar\/ae2f4d718e6c49043e314ce431e7e645d646302a24a5ef5a8bc8e3f5a032e319?s=96&d=mm&r=g","caption":"admin"},"sameAs":["https:\/\/www.organisator.ch"],"url":"https:\/\/www.organisator.ch\/it\/author\/admin\/"}]}},"_links":{"self":[{"href":"https:\/\/www.organisator.ch\/it\/wp-json\/wp\/v2\/posts\/39885","targetHints":{"allow":["GET"]}}],"collection":[{"href":"https:\/\/www.organisator.ch\/it\/wp-json\/wp\/v2\/posts"}],"about":[{"href":"https:\/\/www.organisator.ch\/it\/wp-json\/wp\/v2\/types\/post"}],"author":[{"embeddable":true,"href":"https:\/\/www.organisator.ch\/it\/wp-json\/wp\/v2\/users\/1"}],"replies":[{"embeddable":true,"href":"https:\/\/www.organisator.ch\/it\/wp-json\/wp\/v2\/comments?post=39885"}],"version-history":[{"count":4,"href":"https:\/\/www.organisator.ch\/it\/wp-json\/wp\/v2\/posts\/39885\/revisions"}],"predecessor-version":[{"id":40178,"href":"https:\/\/www.organisator.ch\/it\/wp-json\/wp\/v2\/posts\/39885\/revisions\/40178"}],"wp:featuredmedia":[{"embeddable":true,"href":"https:\/\/www.organisator.ch\/it\/wp-json\/wp\/v2\/media\/39883"}],"wp:attachment":[{"href":"https:\/\/www.organisator.ch\/it\/wp-json\/wp\/v2\/media?parent=39885"}],"wp:term":[{"taxonomy":"category","embeddable":true,"href":"https:\/\/www.organisator.ch\/it\/wp-json\/wp\/v2\/categories?post=39885"},{"taxonomy":"post_tag","embeddable":true,"href":"https:\/\/www.organisator.ch\/it\/wp-json\/wp\/v2\/tags?post=39885"}],"curies":[{"name":"wp","href":"https:\/\/api.w.org\/{rel}","templated":true}]}}