{"id":39915,"date":"2025-08-27T05:26:04","date_gmt":"2025-08-27T03:26:04","guid":{"rendered":"https:\/\/www.organisator.ch\/de\/?p=39915"},"modified":"2025-08-15T15:29:37","modified_gmt":"2025-08-15T13:29:37","slug":"kmu-spezifische-weiterbildung","status":"publish","type":"post","link":"https:\/\/www.organisator.ch\/it\/weiterbildung\/2025-08-27\/kmu-spezifische-weiterbildung\/","title":{"rendered":"Formazione continua specifica per le PMI"},"content":{"rendered":"<figure id=\"attachment_39914\" aria-describedby=\"caption-attachment-39914\" style=\"width: 680px\" class=\"wp-caption alignnone\"><img loading=\"lazy\" decoding=\"async\" class=\"size-medium wp-image-39914\" src=\"https:\/\/www.organisator.ch\/wp-content\/uploads\/2025\/08\/Weiterbildung_KMU-HSG_Bild_organisator_170367-680x405.jpg\" alt=\"La dott.ssa Heike Heckelmann, responsabile del seminario &quot;SME Leadership Competence&quot; presso l&#039;Istituto per le PMI dell&#039;Universit\u00e0 di San Gallo. \u00a9 zVg \/ Universit\u00e0 di San Gallo\" width=\"680\" height=\"405\" srcset=\"https:\/\/www.organisator.ch\/wp-content\/uploads\/2025\/08\/Weiterbildung_KMU-HSG_Bild_organisator_170367-680x405.jpg 680w, https:\/\/www.organisator.ch\/wp-content\/uploads\/2025\/08\/Weiterbildung_KMU-HSG_Bild_organisator_170367-768x457.jpg 768w, https:\/\/www.organisator.ch\/wp-content\/uploads\/2025\/08\/Weiterbildung_KMU-HSG_Bild_organisator_170367-18x12.jpg 18w, https:\/\/www.organisator.ch\/wp-content\/uploads\/2025\/08\/Weiterbildung_KMU-HSG_Bild_organisator_170367-375x223.jpg 375w, https:\/\/www.organisator.ch\/wp-content\/uploads\/2025\/08\/Weiterbildung_KMU-HSG_Bild_organisator_170367-588x350.jpg 588w, https:\/\/www.organisator.ch\/wp-content\/uploads\/2025\/08\/Weiterbildung_KMU-HSG_Bild_organisator_170367-1000x595.jpg 1000w, https:\/\/www.organisator.ch\/wp-content\/uploads\/2025\/08\/Weiterbildung_KMU-HSG_Bild_organisator_170367.jpg 1025w\" sizes=\"auto, (max-width: 680px) 100vw, 680px\" \/><figcaption id=\"caption-attachment-39914\" class=\"wp-caption-text\">La dott.ssa Heike Heckelmann, responsabile del seminario \"SME Leadership Competence\" presso l'Istituto per le PMI dell'Universit\u00e0 di San Gallo. \u00a9 zVg \/ Universit\u00e0 di San Gallo<\/figcaption><\/figure>\n<p>Il seminario \"Competenze di leadership per le PMI\" si basa sul principio \"Conoscenza - Strumenti - Comportamento efficace\". L'obiettivo \u00e8 trasmettere competenze pratiche da applicare nella gestione quotidiana e incoraggiare la riflessione sul proprio comportamento di leadership. Questo rende il seminario adatto a tutte le persone con responsabilit\u00e0 di leadership: dai giovani professionisti nella gestione di un team ai leader esperti. Questo programma offre spazio per acquisire impulsi di leadership per la vita quotidiana, per condividere le proprie conoscenze ed esperienze individuali, per rinfrescare le conoscenze, per riflettere sul comportamento personale e per provare (nuovi) strumenti.<\/p>\n<h3>Diverse richieste ai manager delle PMI<\/h3>\n<p>I dirigenti delle PMI devono attualmente affrontare una serie di sfide come la digitalizzazione, i modelli di lavoro ibridi, l'attrazione e la fidelizzazione dei dipendenti e la creazione di un ambiente di lavoro che promuova la motivazione e l'impegno. Inoltre, i manager devono prendere decisioni rapide in condizioni di incertezza e sviluppare continuamente le proprie capacit\u00e0 e abilit\u00e0 e apprendere nuove competenze. Il seminario affronta queste sfide e fornisce impulsi su temi fondamentali della gestione dell'azienda, di se stessi, dei dipendenti e dei team, nonch\u00e9 della comunicazione. C'\u00e8 anche spazio per discutere i propri argomenti e le proprie sfide di gestione quotidiana e per utilizzare il gruppo come spazio di esperienza. Le dimensioni del gruppo, al massimo 20 persone, contribuiscono a creare uno scambio di fiducia. I partecipanti lo trovano particolarmente prezioso.<\/p>\n<h3>L'IA \u00e8 trattata in modo orientato alla domanda<\/h3>\n<p>L'intelligenza artificiale sta diventando sempre pi\u00f9 importante nell'ambiente delle PMI. L'IA, come strumento di gestione quotidiana, svolge un ruolo in tutti gli argomenti del seminario e viene utilizzata secondo le esigenze dei partecipanti: ad esempio, per preparare colloqui di feedback e di valutazione, formulare e-mail, preparare presentazioni, documentare riunioni o facilitare i processi di lavoro. Pi\u00f9 importanti dei rispettivi strumenti di IA sono le questioni fondamentali su cosa si vuole ottenere con l'uso dell'IA (risparmio di tempo, pool di idee, aiuto alla formulazione) e quale responsabilit\u00e0 ci\u00f2 comporta.<\/p>\n<h3>Sviluppo continuo<\/h3>\n<p>Con il suo focus specifico sulla gestione dei dipendenti, il seminario sulla leadership delle PMI fa parte di quattro programmi pubblici offerti dalla KMU-HSG: i due programmi di General Management, \"Studi intensivi per le PMI (DAS)\" e \"Seminario di management per le PMI di San Gallo (CAS)\", nonch\u00e9 il seminario \"Leadership delle PMI\" per manager esperti a livello dirigenziale. Tutti i seminari sono armonizzati in termini di contenuti e si completano a vicenda. Ci\u00f2 che li accomuna \u00e8 la loro chiara attenzione ai manager delle PMI, attraverso l'intero ciclo di vita in un contesto imprenditoriale. Attualmente \u00e8 in fase di sviluppo un nuovo programma di seminari in formato avanzato che segue direttamente il seminario \"Competenze di leadership per le PMI\" e lo approfondisce e completa con un focus sullo sviluppo della personalit\u00e0 dei dirigenti.<\/p>\n<h3>Autore<\/h3>\n<p><em>Dal 2019 la dott.ssa Heike Heckelmann \u00e8 responsabile dei seminari e dei progetti presso l'Istituto PMI dell'Universit\u00e0 di San Gallo. Oltre al seminario sulle competenze di leadership delle PMI, la sua area di responsabilit\u00e0 comprende anche i programmi interni fino al livello CAS, i partenariati di formazione continua per le aziende e il cluster tematico sulla salute. \u00c8 anche business coach sistemico, sviluppatore di personale e formatore accreditato per il Team Management System (TMS).<\/em><\/p>\n<p><em><a href=\"http:\/\/www.kmu-hsg.ch\">www.kmu-hsg.ch<\/a><\/em><\/p>","protected":false},"excerpt":{"rendered":"<p>L'Istituto Svizzero per le PMI e l'Imprenditorialit\u00e0 dell'Universit\u00e0 di San Gallo organizza diversi corsi di formazione che si adattano esplicitamente alle esigenze delle PMI. Un esempio \u00e8 il seminario \"Competenze di leadership per le PMI\".<\/p>","protected":false},"author":1,"featured_media":39914,"comment_status":"closed","ping_status":"closed","sticky":false,"template":"","format":"standard","meta":{"_acf_changed":false,"_yoast_wpseo_focuskw":"KMU-spezifische Weiterbildung","_yoast_wpseo_metadesc":"Das Schweizerische Institut f\u00fcr KMU und Unternehmertum an der Universit\u00e4t St. Gallen bietet KMU-spezifische Weiterbildung an.","articlekey":"170366","footnotes":""},"categories":[578,30],"tags":[4101,5473,335],"class_list":["post-39915","post","type-post","status-publish","format-standard","has-post-thumbnail","hentry","category-abo","category-weiterbildung","tag-aus-und-weiterbildung","tag-kmu-hsg","tag-management-und-unternehmensfuehrung"],"acf":[],"yoast_head":"<!-- This site is optimized with the Yoast SEO plugin v27.5 - https:\/\/yoast.com\/product\/yoast-seo-wordpress\/ -->\n<title>KMU-spezifische Weiterbildung - Organisator<\/title>\n<meta name=\"description\" content=\"Das Schweizerische Institut f\u00fcr KMU und Unternehmertum an der Universit\u00e4t St. Gallen bietet KMU-spezifische Weiterbildung an.\" \/>\n<meta name=\"robots\" content=\"index, follow, max-snippet:-1, max-image-preview:large, max-video-preview:-1\" \/>\n<link rel=\"canonical\" href=\"https:\/\/www.organisator.ch\/it\/formazione-continua\/2025-08-27\/kmu-spezifische-weiterbildung\/\" \/>\n<meta property=\"og:locale\" content=\"it_IT\" \/>\n<meta property=\"og:type\" content=\"article\" \/>\n<meta property=\"og:title\" content=\"KMU-spezifische Weiterbildung - Organisator\" \/>\n<meta property=\"og:description\" content=\"Das Schweizerische Institut f\u00fcr KMU und Unternehmertum an der Universit\u00e4t St. Gallen bietet KMU-spezifische Weiterbildung an.\" \/>\n<meta property=\"og:url\" content=\"https:\/\/www.organisator.ch\/it\/formazione-continua\/2025-08-27\/kmu-spezifische-weiterbildung\/\" \/>\n<meta property=\"og:site_name\" content=\"Organisator\" \/>\n<meta property=\"article:publisher\" content=\"https:\/\/www.facebook.com\/OrganisatorFachmagazin\" \/>\n<meta property=\"article:published_time\" content=\"2025-08-27T03:26:04+00:00\" \/>\n<meta property=\"og:image\" content=\"https:\/\/www.organisator.ch\/wp-content\/uploads\/2025\/08\/Weiterbildung_KMU-HSG_Bild_organisator_170367.jpg\" \/>\n\t<meta property=\"og:image:width\" content=\"1025\" \/>\n\t<meta property=\"og:image:height\" content=\"610\" \/>\n\t<meta property=\"og:image:type\" content=\"image\/jpeg\" \/>\n<meta name=\"author\" content=\"admin\" \/>\n<meta name=\"twitter:card\" content=\"summary_large_image\" \/>\n<script type=\"application\/ld+json\" class=\"yoast-schema-graph\">{\"@context\":\"https:\\\/\\\/schema.org\",\"@graph\":[{\"@type\":\"Article\",\"@id\":\"https:\\\/\\\/www.organisator.ch\\\/weiterbildung\\\/2025-08-27\\\/kmu-spezifische-weiterbildung\\\/#article\",\"isPartOf\":{\"@id\":\"https:\\\/\\\/www.organisator.ch\\\/weiterbildung\\\/2025-08-27\\\/kmu-spezifische-weiterbildung\\\/\"},\"author\":{\"name\":\"admin\",\"@id\":\"https:\\\/\\\/www.organisator.ch\\\/#\\\/schema\\\/person\\\/aa2bace6c5c5aad60102004a50c4eb1c\"},\"headline\":\"KMU-spezifische Weiterbildung\",\"datePublished\":\"2025-08-27T03:26:04+00:00\",\"mainEntityOfPage\":{\"@id\":\"https:\\\/\\\/www.organisator.ch\\\/weiterbildung\\\/2025-08-27\\\/kmu-spezifische-weiterbildung\\\/\"},\"wordCount\":516,\"publisher\":{\"@id\":\"https:\\\/\\\/www.organisator.ch\\\/#organization\"},\"image\":{\"@id\":\"https:\\\/\\\/www.organisator.ch\\\/weiterbildung\\\/2025-08-27\\\/kmu-spezifische-weiterbildung\\\/#primaryimage\"},\"thumbnailUrl\":\"https:\\\/\\\/www.organisator.ch\\\/wp-content\\\/uploads\\\/2025\\\/08\\\/Weiterbildung_KMU-HSG_Bild_organisator_170367.jpg\",\"keywords\":[\"Aus- und Weiterbildung\",\"KMU-HSG\",\"Management und Unternehmensf\u00fchrung\"],\"articleSection\":[\"ABO+\",\"WEITERBILDUNG\"],\"inLanguage\":\"it-IT\"},{\"@type\":\"WebPage\",\"@id\":\"https:\\\/\\\/www.organisator.ch\\\/weiterbildung\\\/2025-08-27\\\/kmu-spezifische-weiterbildung\\\/\",\"url\":\"https:\\\/\\\/www.organisator.ch\\\/weiterbildung\\\/2025-08-27\\\/kmu-spezifische-weiterbildung\\\/\",\"name\":\"KMU-spezifische Weiterbildung - Organisator\",\"isPartOf\":{\"@id\":\"https:\\\/\\\/www.organisator.ch\\\/#website\"},\"primaryImageOfPage\":{\"@id\":\"https:\\\/\\\/www.organisator.ch\\\/weiterbildung\\\/2025-08-27\\\/kmu-spezifische-weiterbildung\\\/#primaryimage\"},\"image\":{\"@id\":\"https:\\\/\\\/www.organisator.ch\\\/weiterbildung\\\/2025-08-27\\\/kmu-spezifische-weiterbildung\\\/#primaryimage\"},\"thumbnailUrl\":\"https:\\\/\\\/www.organisator.ch\\\/wp-content\\\/uploads\\\/2025\\\/08\\\/Weiterbildung_KMU-HSG_Bild_organisator_170367.jpg\",\"datePublished\":\"2025-08-27T03:26:04+00:00\",\"description\":\"Das Schweizerische Institut f\u00fcr KMU und Unternehmertum an der Universit\u00e4t St. Gallen bietet KMU-spezifische Weiterbildung an.\",\"breadcrumb\":{\"@id\":\"https:\\\/\\\/www.organisator.ch\\\/weiterbildung\\\/2025-08-27\\\/kmu-spezifische-weiterbildung\\\/#breadcrumb\"},\"inLanguage\":\"it-IT\",\"potentialAction\":[{\"@type\":\"ReadAction\",\"target\":[\"https:\\\/\\\/www.organisator.ch\\\/weiterbildung\\\/2025-08-27\\\/kmu-spezifische-weiterbildung\\\/\"]}]},{\"@type\":\"ImageObject\",\"inLanguage\":\"it-IT\",\"@id\":\"https:\\\/\\\/www.organisator.ch\\\/weiterbildung\\\/2025-08-27\\\/kmu-spezifische-weiterbildung\\\/#primaryimage\",\"url\":\"https:\\\/\\\/www.organisator.ch\\\/wp-content\\\/uploads\\\/2025\\\/08\\\/Weiterbildung_KMU-HSG_Bild_organisator_170367.jpg\",\"contentUrl\":\"https:\\\/\\\/www.organisator.ch\\\/wp-content\\\/uploads\\\/2025\\\/08\\\/Weiterbildung_KMU-HSG_Bild_organisator_170367.jpg\",\"width\":1025,\"height\":610,\"caption\":\"Dr. Heike Heckelmann, verantwortlich f\u00fcr das Seminar \u00abKMU F\u00fchrungskompetenz\u00bb am KMU-Institut der Universit\u00e4t St. Gallen. \u00a9 zVg \\\/ Uni St. Gallen\"},{\"@type\":\"BreadcrumbList\",\"@id\":\"https:\\\/\\\/www.organisator.ch\\\/weiterbildung\\\/2025-08-27\\\/kmu-spezifische-weiterbildung\\\/#breadcrumb\",\"itemListElement\":[{\"@type\":\"ListItem\",\"position\":1,\"name\":\"Home\",\"item\":\"https:\\\/\\\/www.organisator.ch\\\/\"},{\"@type\":\"ListItem\",\"position\":2,\"name\":\"KMU-spezifische Weiterbildung\"}]},{\"@type\":\"WebSite\",\"@id\":\"https:\\\/\\\/www.organisator.ch\\\/#website\",\"url\":\"https:\\\/\\\/www.organisator.ch\\\/\",\"name\":\"Organisator\",\"description\":\"Kompetent. Praxisnah. Der ORGANISATOR bereitet in 10 Ausgaben pro Jahr die wesentlichen Themen f\u00fcr F\u00fchrungskr\u00e4fte von KMU auf.\",\"publisher\":{\"@id\":\"https:\\\/\\\/www.organisator.ch\\\/#organization\"},\"potentialAction\":[{\"@type\":\"SearchAction\",\"target\":{\"@type\":\"EntryPoint\",\"urlTemplate\":\"https:\\\/\\\/www.organisator.ch\\\/?s={search_term_string}\"},\"query-input\":{\"@type\":\"PropertyValueSpecification\",\"valueRequired\":true,\"valueName\":\"search_term_string\"}}],\"inLanguage\":\"it-IT\"},{\"@type\":\"Organization\",\"@id\":\"https:\\\/\\\/www.organisator.ch\\\/#organization\",\"name\":\"Organisator\",\"url\":\"https:\\\/\\\/www.organisator.ch\\\/\",\"logo\":{\"@type\":\"ImageObject\",\"inLanguage\":\"it-IT\",\"@id\":\"https:\\\/\\\/www.organisator.ch\\\/#\\\/schema\\\/logo\\\/image\\\/\",\"url\":\"https:\\\/\\\/www.organisator.ch\\\/wp-content\\\/uploads\\\/2022\\\/01\\\/Logo_Organisator_Website.png\",\"contentUrl\":\"https:\\\/\\\/www.organisator.ch\\\/wp-content\\\/uploads\\\/2022\\\/01\\\/Logo_Organisator_Website.png\",\"width\":800,\"height\":77,\"caption\":\"Organisator\"},\"image\":{\"@id\":\"https:\\\/\\\/www.organisator.ch\\\/#\\\/schema\\\/logo\\\/image\\\/\"},\"sameAs\":[\"https:\\\/\\\/www.facebook.com\\\/OrganisatorFachmagazin\",\"https:\\\/\\\/www.linkedin.com\\\/showcase\\\/organisator-das-magazin-fr-kmu\",\"https:\\\/\\\/www.xing.com\\\/news\\\/pages\\\/organisator-ch-695\",\"https:\\\/\\\/www.youtube.com\\\/channel\\\/UCGP2Sq0iWaZwT3BdIAQFYpw\"]},{\"@type\":\"Person\",\"@id\":\"https:\\\/\\\/www.organisator.ch\\\/#\\\/schema\\\/person\\\/aa2bace6c5c5aad60102004a50c4eb1c\",\"name\":\"admin\",\"image\":{\"@type\":\"ImageObject\",\"inLanguage\":\"it-IT\",\"@id\":\"https:\\\/\\\/secure.gravatar.com\\\/avatar\\\/ae2f4d718e6c49043e314ce431e7e645d646302a24a5ef5a8bc8e3f5a032e319?s=96&d=mm&r=g\",\"url\":\"https:\\\/\\\/secure.gravatar.com\\\/avatar\\\/ae2f4d718e6c49043e314ce431e7e645d646302a24a5ef5a8bc8e3f5a032e319?s=96&d=mm&r=g\",\"contentUrl\":\"https:\\\/\\\/secure.gravatar.com\\\/avatar\\\/ae2f4d718e6c49043e314ce431e7e645d646302a24a5ef5a8bc8e3f5a032e319?s=96&d=mm&r=g\",\"caption\":\"admin\"},\"sameAs\":[\"https:\\\/\\\/www.organisator.ch\"],\"url\":\"https:\\\/\\\/www.organisator.ch\\\/it\\\/author\\\/admin\\\/\"}]}<\/script>\n<!-- \/ Yoast SEO plugin. -->","yoast_head_json":{"title":"Formazione continua specifica per le PMI - Organizzatore","description":"L'Istituto svizzero per le PMI e l'imprenditorialit\u00e0 dell'Universit\u00e0 di San Gallo offre programmi di formazione continua specifici per le PMI.","robots":{"index":"index","follow":"follow","max-snippet":"max-snippet:-1","max-image-preview":"max-image-preview:large","max-video-preview":"max-video-preview:-1"},"canonical":"https:\/\/www.organisator.ch\/it\/formazione-continua\/2025-08-27\/kmu-spezifische-weiterbildung\/","og_locale":"it_IT","og_type":"article","og_title":"KMU-spezifische Weiterbildung - Organisator","og_description":"Das Schweizerische Institut f\u00fcr KMU und Unternehmertum an der Universit\u00e4t St. Gallen bietet KMU-spezifische Weiterbildung an.","og_url":"https:\/\/www.organisator.ch\/it\/formazione-continua\/2025-08-27\/kmu-spezifische-weiterbildung\/","og_site_name":"Organisator","article_publisher":"https:\/\/www.facebook.com\/OrganisatorFachmagazin","article_published_time":"2025-08-27T03:26:04+00:00","og_image":[{"width":1025,"height":610,"url":"https:\/\/www.organisator.ch\/wp-content\/uploads\/2025\/08\/Weiterbildung_KMU-HSG_Bild_organisator_170367.jpg","type":"image\/jpeg"}],"author":"admin","twitter_card":"summary_large_image","schema":{"@context":"https:\/\/schema.org","@graph":[{"@type":"Article","@id":"https:\/\/www.organisator.ch\/weiterbildung\/2025-08-27\/kmu-spezifische-weiterbildung\/#article","isPartOf":{"@id":"https:\/\/www.organisator.ch\/weiterbildung\/2025-08-27\/kmu-spezifische-weiterbildung\/"},"author":{"name":"admin","@id":"https:\/\/www.organisator.ch\/#\/schema\/person\/aa2bace6c5c5aad60102004a50c4eb1c"},"headline":"KMU-spezifische Weiterbildung","datePublished":"2025-08-27T03:26:04+00:00","mainEntityOfPage":{"@id":"https:\/\/www.organisator.ch\/weiterbildung\/2025-08-27\/kmu-spezifische-weiterbildung\/"},"wordCount":516,"publisher":{"@id":"https:\/\/www.organisator.ch\/#organization"},"image":{"@id":"https:\/\/www.organisator.ch\/weiterbildung\/2025-08-27\/kmu-spezifische-weiterbildung\/#primaryimage"},"thumbnailUrl":"https:\/\/www.organisator.ch\/wp-content\/uploads\/2025\/08\/Weiterbildung_KMU-HSG_Bild_organisator_170367.jpg","keywords":["Aus- und Weiterbildung","KMU-HSG","Management und Unternehmensf\u00fchrung"],"articleSection":["ABO+","WEITERBILDUNG"],"inLanguage":"it-IT"},{"@type":"WebPage","@id":"https:\/\/www.organisator.ch\/weiterbildung\/2025-08-27\/kmu-spezifische-weiterbildung\/","url":"https:\/\/www.organisator.ch\/weiterbildung\/2025-08-27\/kmu-spezifische-weiterbildung\/","name":"Formazione continua specifica per le PMI - Organizzatore","isPartOf":{"@id":"https:\/\/www.organisator.ch\/#website"},"primaryImageOfPage":{"@id":"https:\/\/www.organisator.ch\/weiterbildung\/2025-08-27\/kmu-spezifische-weiterbildung\/#primaryimage"},"image":{"@id":"https:\/\/www.organisator.ch\/weiterbildung\/2025-08-27\/kmu-spezifische-weiterbildung\/#primaryimage"},"thumbnailUrl":"https:\/\/www.organisator.ch\/wp-content\/uploads\/2025\/08\/Weiterbildung_KMU-HSG_Bild_organisator_170367.jpg","datePublished":"2025-08-27T03:26:04+00:00","description":"L'Istituto svizzero per le PMI e l'imprenditorialit\u00e0 dell'Universit\u00e0 di San Gallo offre programmi di formazione continua specifici per le PMI.","breadcrumb":{"@id":"https:\/\/www.organisator.ch\/weiterbildung\/2025-08-27\/kmu-spezifische-weiterbildung\/#breadcrumb"},"inLanguage":"it-IT","potentialAction":[{"@type":"ReadAction","target":["https:\/\/www.organisator.ch\/weiterbildung\/2025-08-27\/kmu-spezifische-weiterbildung\/"]}]},{"@type":"ImageObject","inLanguage":"it-IT","@id":"https:\/\/www.organisator.ch\/weiterbildung\/2025-08-27\/kmu-spezifische-weiterbildung\/#primaryimage","url":"https:\/\/www.organisator.ch\/wp-content\/uploads\/2025\/08\/Weiterbildung_KMU-HSG_Bild_organisator_170367.jpg","contentUrl":"https:\/\/www.organisator.ch\/wp-content\/uploads\/2025\/08\/Weiterbildung_KMU-HSG_Bild_organisator_170367.jpg","width":1025,"height":610,"caption":"Dr. Heike Heckelmann, verantwortlich f\u00fcr das Seminar \u00abKMU F\u00fchrungskompetenz\u00bb am KMU-Institut der Universit\u00e4t St. Gallen. \u00a9 zVg \/ Uni St. Gallen"},{"@type":"BreadcrumbList","@id":"https:\/\/www.organisator.ch\/weiterbildung\/2025-08-27\/kmu-spezifische-weiterbildung\/#breadcrumb","itemListElement":[{"@type":"ListItem","position":1,"name":"Home","item":"https:\/\/www.organisator.ch\/"},{"@type":"ListItem","position":2,"name":"KMU-spezifische Weiterbildung"}]},{"@type":"WebSite","@id":"https:\/\/www.organisator.ch\/#website","url":"https:\/\/www.organisator.ch\/","name":"Organizzatore","description":"Competente. Pratico. In 10 numeri all'anno, ORGANISATOR presenta i temi essenziali per i manager delle PMI.","publisher":{"@id":"https:\/\/www.organisator.ch\/#organization"},"potentialAction":[{"@type":"SearchAction","target":{"@type":"EntryPoint","urlTemplate":"https:\/\/www.organisator.ch\/?s={search_term_string}"},"query-input":{"@type":"PropertyValueSpecification","valueRequired":true,"valueName":"search_term_string"}}],"inLanguage":"it-IT"},{"@type":"Organization","@id":"https:\/\/www.organisator.ch\/#organization","name":"Organizzatore","url":"https:\/\/www.organisator.ch\/","logo":{"@type":"ImageObject","inLanguage":"it-IT","@id":"https:\/\/www.organisator.ch\/#\/schema\/logo\/image\/","url":"https:\/\/www.organisator.ch\/wp-content\/uploads\/2022\/01\/Logo_Organisator_Website.png","contentUrl":"https:\/\/www.organisator.ch\/wp-content\/uploads\/2022\/01\/Logo_Organisator_Website.png","width":800,"height":77,"caption":"Organisator"},"image":{"@id":"https:\/\/www.organisator.ch\/#\/schema\/logo\/image\/"},"sameAs":["https:\/\/www.facebook.com\/OrganisatorFachmagazin","https:\/\/www.linkedin.com\/showcase\/organisator-das-magazin-fr-kmu","https:\/\/www.xing.com\/news\/pages\/organisator-ch-695","https:\/\/www.youtube.com\/channel\/UCGP2Sq0iWaZwT3BdIAQFYpw"]},{"@type":"Person","@id":"https:\/\/www.organisator.ch\/#\/schema\/person\/aa2bace6c5c5aad60102004a50c4eb1c","name":"amministratore","image":{"@type":"ImageObject","inLanguage":"it-IT","@id":"https:\/\/secure.gravatar.com\/avatar\/ae2f4d718e6c49043e314ce431e7e645d646302a24a5ef5a8bc8e3f5a032e319?s=96&d=mm&r=g","url":"https:\/\/secure.gravatar.com\/avatar\/ae2f4d718e6c49043e314ce431e7e645d646302a24a5ef5a8bc8e3f5a032e319?s=96&d=mm&r=g","contentUrl":"https:\/\/secure.gravatar.com\/avatar\/ae2f4d718e6c49043e314ce431e7e645d646302a24a5ef5a8bc8e3f5a032e319?s=96&d=mm&r=g","caption":"admin"},"sameAs":["https:\/\/www.organisator.ch"],"url":"https:\/\/www.organisator.ch\/it\/author\/admin\/"}]}},"_links":{"self":[{"href":"https:\/\/www.organisator.ch\/it\/wp-json\/wp\/v2\/posts\/39915","targetHints":{"allow":["GET"]}}],"collection":[{"href":"https:\/\/www.organisator.ch\/it\/wp-json\/wp\/v2\/posts"}],"about":[{"href":"https:\/\/www.organisator.ch\/it\/wp-json\/wp\/v2\/types\/post"}],"author":[{"embeddable":true,"href":"https:\/\/www.organisator.ch\/it\/wp-json\/wp\/v2\/users\/1"}],"replies":[{"embeddable":true,"href":"https:\/\/www.organisator.ch\/it\/wp-json\/wp\/v2\/comments?post=39915"}],"version-history":[{"count":2,"href":"https:\/\/www.organisator.ch\/it\/wp-json\/wp\/v2\/posts\/39915\/revisions"}],"predecessor-version":[{"id":39936,"href":"https:\/\/www.organisator.ch\/it\/wp-json\/wp\/v2\/posts\/39915\/revisions\/39936"}],"wp:featuredmedia":[{"embeddable":true,"href":"https:\/\/www.organisator.ch\/it\/wp-json\/wp\/v2\/media\/39914"}],"wp:attachment":[{"href":"https:\/\/www.organisator.ch\/it\/wp-json\/wp\/v2\/media?parent=39915"}],"wp:term":[{"taxonomy":"category","embeddable":true,"href":"https:\/\/www.organisator.ch\/it\/wp-json\/wp\/v2\/categories?post=39915"},{"taxonomy":"post_tag","embeddable":true,"href":"https:\/\/www.organisator.ch\/it\/wp-json\/wp\/v2\/tags?post=39915"}],"curies":[{"name":"wp","href":"https:\/\/api.w.org\/{rel}","templated":true}]}}