{"id":40007,"date":"2025-08-19T08:00:58","date_gmt":"2025-08-19T06:00:58","guid":{"rendered":"https:\/\/www.organisator.ch\/?p=40007"},"modified":"2025-08-19T08:00:58","modified_gmt":"2025-08-19T06:00:58","slug":"greenovation-award-2025-nominierungsfrist-laeuft-an","status":"publish","type":"post","link":"https:\/\/www.organisator.ch\/it\/sustainability\/2025-08-19\/greenovation-award-2025-nominierungsfrist-laeuft-an\/","title":{"rendered":"Premio Greenovation 2025: \u00e8 scaduto il termine per la presentazione delle candidature"},"content":{"rendered":"<figure id=\"attachment_40008\" aria-describedby=\"caption-attachment-40008\" style=\"width: 680px\" class=\"wp-caption alignnone\"><img loading=\"lazy\" decoding=\"async\" class=\"size-full wp-image-40008\" src=\"https:\/\/www.organisator.ch\/wp-content\/uploads\/2025\/08\/Greenovation-Award-2025-Nominierungsfrist-laeuft-an_Organisator.jpg\" alt=\"\" width=\"680\" height=\"453\" srcset=\"https:\/\/www.organisator.ch\/wp-content\/uploads\/2025\/08\/Greenovation-Award-2025-Nominierungsfrist-laeuft-an_Organisator.jpg 680w, https:\/\/www.organisator.ch\/wp-content\/uploads\/2025\/08\/Greenovation-Award-2025-Nominierungsfrist-laeuft-an_Organisator-18x12.jpg 18w, https:\/\/www.organisator.ch\/wp-content\/uploads\/2025\/08\/Greenovation-Award-2025-Nominierungsfrist-laeuft-an_Organisator-375x250.jpg 375w, https:\/\/www.organisator.ch\/wp-content\/uploads\/2025\/08\/Greenovation-Award-2025-Nominierungsfrist-laeuft-an_Organisator-525x350.jpg 525w\" sizes=\"auto, (max-width: 680px) 100vw, 680px\" \/><figcaption id=\"caption-attachment-40008\" class=\"wp-caption-text\">L'azienda vincitrice del 2024 nella categoria Servizi: Originate GmbH. (Immagine: Galledia \/ Greenovation Summit)<\/figcaption><\/figure>\n<p>Con il Greenovation Award, la Svizzera orientale premia le organizzazioni che si assumono la responsabilit\u00e0 di soluzioni innovative e plasmano attivamente il futuro. Le PMI, le start-up e le altre organizzazioni possono ora essere nominate facilmente online tramite un breve questionario.<\/p>\n<h3><strong>Premio per i modelli di sostenibilit\u00e0 e innovazione<\/strong><\/h3>\n<p>La cerimonia di premiazione si terr\u00e0 il 23 ottobre 2025 nell'ambito del Greenovation Summit presso il CUBIC Innovation Campus di B\u00fchler AG a Uzwil. I premi premiano prodotti, progetti e servizi all'avanguardia che combinano la sostenibilit\u00e0 con la forza innovativa e il successo economico. Una giuria indipendente di esperti selezioner\u00e0 i vincitori. \"Con il premio vogliamo mostrare come la sostenibilit\u00e0 sia attuata in modo diversificato e pratico nella Svizzera orientale. Vogliamo rendere visibili questi modelli di ruolo a un vasto pubblico\", afferma Martin Oswald, membro della giuria.<\/p>\n<h3><strong>Chi pu\u00f2 candidarsi?<\/strong><\/h3>\n<p>Chiunque e tutti! Potete presentare la vostra azienda o altri modelli di ispirazione. Cerchiamo iniziative sostenibili che ispirino, abbiano un impatto e incoraggino l'imitazione. \u00c8 cos\u00ec semplice:<\/p>\n<ol>\n<li>Selezionate un'azienda particolarmente impegnata nei confronti dell'ambiente, della societ\u00e0 o di soluzioni innovative di sostenibilit\u00e0.<\/li>\n<li>Compilare il questionario online.<\/li>\n<li>Descrivete brevemente il vostro progetto e inviatelo - fatto!<\/li>\n<\/ol>\n<p>Fare clic qui per il modulo di nomina: <a href=\"http:\/\/www.greenovation-summit.ch\/greenovationaward\">www.greenovation-summit.ch\/greenovationaward<\/a><\/p>\n<h3><strong>Premio di spicco del pi\u00f9 grande evento sulla sostenibilit\u00e0 della Svizzera orientale<\/strong><\/h3>\n<p>Il \"Greenovation Summit\" \u00e8 un'iniziativa di Galledia AG che rende visibili per la prima volta i concetti sostenibili di aziende e organizzazioni della Svizzera orientale. Il \"Greenovation Summit\" \u00e8 la pi\u00f9 grande conferenza regionale per i decisori delle PMI nel campo della sostenibilit\u00e0. Il Greenovation Summit riunisce ogni anno circa 200 decisori di PMI, start-up e aziende consolidate. Oltre alle presentazioni di alto livello e alle sessioni interattive, la presentazione del Greenovation Award \u00e8 il momento clou dell'evento.<\/p>","protected":false},"excerpt":{"rendered":"<p>La sostenibilit\u00e0 non \u00e8 solo una tendenza, ma un fattore di successo fondamentale per le aziende che guardano al futuro. Il Greenovation Award mira a mettere in luce le innovazioni sostenibili della Svizzera orientale.<\/p>","protected":false},"author":4,"featured_media":40008,"comment_status":"closed","ping_status":"closed","sticky":false,"template":"","format":"standard","meta":{"_acf_changed":false,"_yoast_wpseo_focuskw":"Greenovation Award","_yoast_wpseo_metadesc":"Mit dem Greenovation Award sollen nachhaltige Innovationen aus der Ostschweiz ins Rampenlicht ger\u00fcckt werden.","articlekey":"","footnotes":""},"categories":[580],"tags":[66,274,358,2996],"class_list":["post-40007","post","type-post","status-publish","format-standard","has-post-thumbnail","hentry","category-sustainability","tag-awards","tag-innovation","tag-nachhaltige-wirtschaft","tag-ostschweiz"],"acf":[],"yoast_head":"<!-- This site is optimized with the Yoast SEO plugin v27.5 - https:\/\/yoast.com\/product\/yoast-seo-wordpress\/ -->\n<title>Greenovation Award 2025: Nominierungsfrist l\u00e4uft an - Organisator<\/title>\n<meta name=\"description\" content=\"Mit dem Greenovation Award sollen nachhaltige Innovationen aus der Ostschweiz ins Rampenlicht ger\u00fcckt werden.\" \/>\n<meta name=\"robots\" content=\"index, follow, max-snippet:-1, max-image-preview:large, max-video-preview:-1\" \/>\n<link rel=\"canonical\" href=\"https:\/\/www.organisator.ch\/it\/sostenibilita\/2025-08-19\/greenovation-award-2025-nominierungsfrist-laeuft-an\/\" \/>\n<meta property=\"og:locale\" content=\"it_IT\" \/>\n<meta property=\"og:type\" content=\"article\" \/>\n<meta property=\"og:title\" content=\"Greenovation Award 2025: Nominierungsfrist l\u00e4uft an\" \/>\n<meta property=\"og:description\" content=\"Mit dem Greenovation Award sollen nachhaltige Innovationen aus der Ostschweiz ins Rampenlicht ger\u00fcckt werden.\" \/>\n<meta property=\"og:url\" content=\"https:\/\/www.organisator.ch\/it\/sostenibilita\/2025-08-19\/greenovation-award-2025-nominierungsfrist-laeuft-an\/\" \/>\n<meta property=\"og:site_name\" content=\"Organisator\" \/>\n<meta property=\"article:publisher\" content=\"https:\/\/www.facebook.com\/OrganisatorFachmagazin\" \/>\n<meta property=\"article:published_time\" content=\"2025-08-19T06:00:58+00:00\" \/>\n<meta property=\"og:image\" content=\"https:\/\/www.organisator.ch\/wp-content\/uploads\/2025\/08\/Greenovation-Award-2025-Nominierungsfrist-laeuft-an_Organisator.jpg\" \/>\n\t<meta property=\"og:image:width\" content=\"680\" \/>\n\t<meta property=\"og:image:height\" content=\"453\" \/>\n\t<meta property=\"og:image:type\" content=\"image\/jpeg\" \/>\n<meta name=\"author\" content=\"thomas.berner\" \/>\n<meta name=\"twitter:card\" content=\"summary_large_image\" \/>\n<meta name=\"twitter:title\" content=\"#Greenovation Award 2025: #Nominierungsfrist l\u00e4uft an\" \/>\n<meta name=\"twitter:description\" content=\"Mit dem #Greenovation Award sollen nachhaltige #Innovationen aus der #Ostschweiz ins Rampenlicht ger\u00fcckt werden.\" \/>\n<meta name=\"twitter:image\" content=\"https:\/\/www.organisator.ch\/wp-content\/uploads\/2025\/08\/Greenovation-Award-2025-Nominierungsfrist-laeuft-an_Organisator.jpg\" \/>\n<script type=\"application\/ld+json\" class=\"yoast-schema-graph\">{\"@context\":\"https:\\\/\\\/schema.org\",\"@graph\":[{\"@type\":\"Article\",\"@id\":\"https:\\\/\\\/www.organisator.ch\\\/sustainability\\\/2025-08-19\\\/greenovation-award-2025-nominierungsfrist-laeuft-an\\\/#article\",\"isPartOf\":{\"@id\":\"https:\\\/\\\/www.organisator.ch\\\/sustainability\\\/2025-08-19\\\/greenovation-award-2025-nominierungsfrist-laeuft-an\\\/\"},\"author\":{\"name\":\"thomas.berner\",\"@id\":\"https:\\\/\\\/www.organisator.ch\\\/#\\\/schema\\\/person\\\/6f650f90b2842cd4c0cc334b4e36f67e\"},\"headline\":\"Greenovation Award 2025: Nominierungsfrist l\u00e4uft an\",\"datePublished\":\"2025-08-19T06:00:58+00:00\",\"mainEntityOfPage\":{\"@id\":\"https:\\\/\\\/www.organisator.ch\\\/sustainability\\\/2025-08-19\\\/greenovation-award-2025-nominierungsfrist-laeuft-an\\\/\"},\"wordCount\":297,\"publisher\":{\"@id\":\"https:\\\/\\\/www.organisator.ch\\\/#organization\"},\"image\":{\"@id\":\"https:\\\/\\\/www.organisator.ch\\\/sustainability\\\/2025-08-19\\\/greenovation-award-2025-nominierungsfrist-laeuft-an\\\/#primaryimage\"},\"thumbnailUrl\":\"https:\\\/\\\/www.organisator.ch\\\/wp-content\\\/uploads\\\/2025\\\/08\\\/Greenovation-Award-2025-Nominierungsfrist-laeuft-an_Organisator.jpg\",\"keywords\":[\"Awards\",\"Innovation\",\"Nachhaltige Wirtschaft\",\"Ostschweiz\"],\"articleSection\":[\"SUSTAINABILITY\"],\"inLanguage\":\"it-IT\"},{\"@type\":\"WebPage\",\"@id\":\"https:\\\/\\\/www.organisator.ch\\\/sustainability\\\/2025-08-19\\\/greenovation-award-2025-nominierungsfrist-laeuft-an\\\/\",\"url\":\"https:\\\/\\\/www.organisator.ch\\\/sustainability\\\/2025-08-19\\\/greenovation-award-2025-nominierungsfrist-laeuft-an\\\/\",\"name\":\"Greenovation Award 2025: Nominierungsfrist l\u00e4uft an - Organisator\",\"isPartOf\":{\"@id\":\"https:\\\/\\\/www.organisator.ch\\\/#website\"},\"primaryImageOfPage\":{\"@id\":\"https:\\\/\\\/www.organisator.ch\\\/sustainability\\\/2025-08-19\\\/greenovation-award-2025-nominierungsfrist-laeuft-an\\\/#primaryimage\"},\"image\":{\"@id\":\"https:\\\/\\\/www.organisator.ch\\\/sustainability\\\/2025-08-19\\\/greenovation-award-2025-nominierungsfrist-laeuft-an\\\/#primaryimage\"},\"thumbnailUrl\":\"https:\\\/\\\/www.organisator.ch\\\/wp-content\\\/uploads\\\/2025\\\/08\\\/Greenovation-Award-2025-Nominierungsfrist-laeuft-an_Organisator.jpg\",\"datePublished\":\"2025-08-19T06:00:58+00:00\",\"description\":\"Mit dem Greenovation Award sollen nachhaltige Innovationen aus der Ostschweiz ins Rampenlicht ger\u00fcckt werden.\",\"breadcrumb\":{\"@id\":\"https:\\\/\\\/www.organisator.ch\\\/sustainability\\\/2025-08-19\\\/greenovation-award-2025-nominierungsfrist-laeuft-an\\\/#breadcrumb\"},\"inLanguage\":\"it-IT\",\"potentialAction\":[{\"@type\":\"ReadAction\",\"target\":[\"https:\\\/\\\/www.organisator.ch\\\/sustainability\\\/2025-08-19\\\/greenovation-award-2025-nominierungsfrist-laeuft-an\\\/\"]}]},{\"@type\":\"ImageObject\",\"inLanguage\":\"it-IT\",\"@id\":\"https:\\\/\\\/www.organisator.ch\\\/sustainability\\\/2025-08-19\\\/greenovation-award-2025-nominierungsfrist-laeuft-an\\\/#primaryimage\",\"url\":\"https:\\\/\\\/www.organisator.ch\\\/wp-content\\\/uploads\\\/2025\\\/08\\\/Greenovation-Award-2025-Nominierungsfrist-laeuft-an_Organisator.jpg\",\"contentUrl\":\"https:\\\/\\\/www.organisator.ch\\\/wp-content\\\/uploads\\\/2025\\\/08\\\/Greenovation-Award-2025-Nominierungsfrist-laeuft-an_Organisator.jpg\",\"width\":680,\"height\":453,\"caption\":\"Die Gewinnerfirma 2024 aus der Kategorie Dienstleistung: Originate GmbH. (Bild: Galledia \\\/ Greenovation Summit)\"},{\"@type\":\"BreadcrumbList\",\"@id\":\"https:\\\/\\\/www.organisator.ch\\\/sustainability\\\/2025-08-19\\\/greenovation-award-2025-nominierungsfrist-laeuft-an\\\/#breadcrumb\",\"itemListElement\":[{\"@type\":\"ListItem\",\"position\":1,\"name\":\"Home\",\"item\":\"https:\\\/\\\/www.organisator.ch\\\/\"},{\"@type\":\"ListItem\",\"position\":2,\"name\":\"Greenovation Award 2025: Nominierungsfrist l\u00e4uft an\"}]},{\"@type\":\"WebSite\",\"@id\":\"https:\\\/\\\/www.organisator.ch\\\/#website\",\"url\":\"https:\\\/\\\/www.organisator.ch\\\/\",\"name\":\"Organisator\",\"description\":\"Kompetent. Praxisnah. Der ORGANISATOR bereitet in 10 Ausgaben pro Jahr die wesentlichen Themen f\u00fcr F\u00fchrungskr\u00e4fte von KMU auf.\",\"publisher\":{\"@id\":\"https:\\\/\\\/www.organisator.ch\\\/#organization\"},\"potentialAction\":[{\"@type\":\"SearchAction\",\"target\":{\"@type\":\"EntryPoint\",\"urlTemplate\":\"https:\\\/\\\/www.organisator.ch\\\/?s={search_term_string}\"},\"query-input\":{\"@type\":\"PropertyValueSpecification\",\"valueRequired\":true,\"valueName\":\"search_term_string\"}}],\"inLanguage\":\"it-IT\"},{\"@type\":\"Organization\",\"@id\":\"https:\\\/\\\/www.organisator.ch\\\/#organization\",\"name\":\"Organisator\",\"url\":\"https:\\\/\\\/www.organisator.ch\\\/\",\"logo\":{\"@type\":\"ImageObject\",\"inLanguage\":\"it-IT\",\"@id\":\"https:\\\/\\\/www.organisator.ch\\\/#\\\/schema\\\/logo\\\/image\\\/\",\"url\":\"https:\\\/\\\/www.organisator.ch\\\/wp-content\\\/uploads\\\/2022\\\/01\\\/Logo_Organisator_Website.png\",\"contentUrl\":\"https:\\\/\\\/www.organisator.ch\\\/wp-content\\\/uploads\\\/2022\\\/01\\\/Logo_Organisator_Website.png\",\"width\":800,\"height\":77,\"caption\":\"Organisator\"},\"image\":{\"@id\":\"https:\\\/\\\/www.organisator.ch\\\/#\\\/schema\\\/logo\\\/image\\\/\"},\"sameAs\":[\"https:\\\/\\\/www.facebook.com\\\/OrganisatorFachmagazin\",\"https:\\\/\\\/www.linkedin.com\\\/showcase\\\/organisator-das-magazin-fr-kmu\",\"https:\\\/\\\/www.xing.com\\\/news\\\/pages\\\/organisator-ch-695\",\"https:\\\/\\\/www.youtube.com\\\/channel\\\/UCGP2Sq0iWaZwT3BdIAQFYpw\"]},{\"@type\":\"Person\",\"@id\":\"https:\\\/\\\/www.organisator.ch\\\/#\\\/schema\\\/person\\\/6f650f90b2842cd4c0cc334b4e36f67e\",\"name\":\"thomas.berner\",\"image\":{\"@type\":\"ImageObject\",\"inLanguage\":\"it-IT\",\"@id\":\"https:\\\/\\\/secure.gravatar.com\\\/avatar\\\/ac5001d2a36cb6c6cd3e50789007ffca834b477b74a2144564522e944eabff61?s=96&d=mm&r=g\",\"url\":\"https:\\\/\\\/secure.gravatar.com\\\/avatar\\\/ac5001d2a36cb6c6cd3e50789007ffca834b477b74a2144564522e944eabff61?s=96&d=mm&r=g\",\"contentUrl\":\"https:\\\/\\\/secure.gravatar.com\\\/avatar\\\/ac5001d2a36cb6c6cd3e50789007ffca834b477b74a2144564522e944eabff61?s=96&d=mm&r=g\",\"caption\":\"thomas.berner\"},\"url\":\"https:\\\/\\\/www.organisator.ch\\\/it\\\/author\\\/thomas-berner\\\/\"}]}<\/script>\n<!-- \/ Yoast SEO plugin. -->","yoast_head_json":{"title":"Premio Greenovation 2025: \u00e8 scaduto il termine per la presentazione delle candidature - Organizzatore","description":"Il Greenovation Award mira a mettere in luce le innovazioni sostenibili della Svizzera orientale.","robots":{"index":"index","follow":"follow","max-snippet":"max-snippet:-1","max-image-preview":"max-image-preview:large","max-video-preview":"max-video-preview:-1"},"canonical":"https:\/\/www.organisator.ch\/it\/sostenibilita\/2025-08-19\/greenovation-award-2025-nominierungsfrist-laeuft-an\/","og_locale":"it_IT","og_type":"article","og_title":"Greenovation Award 2025: Nominierungsfrist l\u00e4uft an","og_description":"Mit dem Greenovation Award sollen nachhaltige Innovationen aus der Ostschweiz ins Rampenlicht ger\u00fcckt werden.","og_url":"https:\/\/www.organisator.ch\/it\/sostenibilita\/2025-08-19\/greenovation-award-2025-nominierungsfrist-laeuft-an\/","og_site_name":"Organisator","article_publisher":"https:\/\/www.facebook.com\/OrganisatorFachmagazin","article_published_time":"2025-08-19T06:00:58+00:00","og_image":[{"width":680,"height":453,"url":"https:\/\/www.organisator.ch\/wp-content\/uploads\/2025\/08\/Greenovation-Award-2025-Nominierungsfrist-laeuft-an_Organisator.jpg","type":"image\/jpeg"}],"author":"thomas.berner","twitter_card":"summary_large_image","twitter_title":"#Greenovation Award 2025: #Nominierungsfrist l\u00e4uft an","twitter_description":"Mit dem #Greenovation Award sollen nachhaltige #Innovationen aus der #Ostschweiz ins Rampenlicht ger\u00fcckt werden.","twitter_image":"https:\/\/www.organisator.ch\/wp-content\/uploads\/2025\/08\/Greenovation-Award-2025-Nominierungsfrist-laeuft-an_Organisator.jpg","schema":{"@context":"https:\/\/schema.org","@graph":[{"@type":"Article","@id":"https:\/\/www.organisator.ch\/sustainability\/2025-08-19\/greenovation-award-2025-nominierungsfrist-laeuft-an\/#article","isPartOf":{"@id":"https:\/\/www.organisator.ch\/sustainability\/2025-08-19\/greenovation-award-2025-nominierungsfrist-laeuft-an\/"},"author":{"name":"thomas.berner","@id":"https:\/\/www.organisator.ch\/#\/schema\/person\/6f650f90b2842cd4c0cc334b4e36f67e"},"headline":"Greenovation Award 2025: Nominierungsfrist l\u00e4uft an","datePublished":"2025-08-19T06:00:58+00:00","mainEntityOfPage":{"@id":"https:\/\/www.organisator.ch\/sustainability\/2025-08-19\/greenovation-award-2025-nominierungsfrist-laeuft-an\/"},"wordCount":297,"publisher":{"@id":"https:\/\/www.organisator.ch\/#organization"},"image":{"@id":"https:\/\/www.organisator.ch\/sustainability\/2025-08-19\/greenovation-award-2025-nominierungsfrist-laeuft-an\/#primaryimage"},"thumbnailUrl":"https:\/\/www.organisator.ch\/wp-content\/uploads\/2025\/08\/Greenovation-Award-2025-Nominierungsfrist-laeuft-an_Organisator.jpg","keywords":["Awards","Innovation","Nachhaltige Wirtschaft","Ostschweiz"],"articleSection":["SUSTAINABILITY"],"inLanguage":"it-IT"},{"@type":"WebPage","@id":"https:\/\/www.organisator.ch\/sustainability\/2025-08-19\/greenovation-award-2025-nominierungsfrist-laeuft-an\/","url":"https:\/\/www.organisator.ch\/sustainability\/2025-08-19\/greenovation-award-2025-nominierungsfrist-laeuft-an\/","name":"Premio Greenovation 2025: \u00e8 scaduto il termine per la presentazione delle candidature - Organizzatore","isPartOf":{"@id":"https:\/\/www.organisator.ch\/#website"},"primaryImageOfPage":{"@id":"https:\/\/www.organisator.ch\/sustainability\/2025-08-19\/greenovation-award-2025-nominierungsfrist-laeuft-an\/#primaryimage"},"image":{"@id":"https:\/\/www.organisator.ch\/sustainability\/2025-08-19\/greenovation-award-2025-nominierungsfrist-laeuft-an\/#primaryimage"},"thumbnailUrl":"https:\/\/www.organisator.ch\/wp-content\/uploads\/2025\/08\/Greenovation-Award-2025-Nominierungsfrist-laeuft-an_Organisator.jpg","datePublished":"2025-08-19T06:00:58+00:00","description":"Il Greenovation Award mira a mettere in luce le innovazioni sostenibili della Svizzera orientale.","breadcrumb":{"@id":"https:\/\/www.organisator.ch\/sustainability\/2025-08-19\/greenovation-award-2025-nominierungsfrist-laeuft-an\/#breadcrumb"},"inLanguage":"it-IT","potentialAction":[{"@type":"ReadAction","target":["https:\/\/www.organisator.ch\/sustainability\/2025-08-19\/greenovation-award-2025-nominierungsfrist-laeuft-an\/"]}]},{"@type":"ImageObject","inLanguage":"it-IT","@id":"https:\/\/www.organisator.ch\/sustainability\/2025-08-19\/greenovation-award-2025-nominierungsfrist-laeuft-an\/#primaryimage","url":"https:\/\/www.organisator.ch\/wp-content\/uploads\/2025\/08\/Greenovation-Award-2025-Nominierungsfrist-laeuft-an_Organisator.jpg","contentUrl":"https:\/\/www.organisator.ch\/wp-content\/uploads\/2025\/08\/Greenovation-Award-2025-Nominierungsfrist-laeuft-an_Organisator.jpg","width":680,"height":453,"caption":"Die Gewinnerfirma 2024 aus der Kategorie Dienstleistung: Originate GmbH. (Bild: Galledia \/ Greenovation Summit)"},{"@type":"BreadcrumbList","@id":"https:\/\/www.organisator.ch\/sustainability\/2025-08-19\/greenovation-award-2025-nominierungsfrist-laeuft-an\/#breadcrumb","itemListElement":[{"@type":"ListItem","position":1,"name":"Home","item":"https:\/\/www.organisator.ch\/"},{"@type":"ListItem","position":2,"name":"Greenovation Award 2025: Nominierungsfrist l\u00e4uft an"}]},{"@type":"WebSite","@id":"https:\/\/www.organisator.ch\/#website","url":"https:\/\/www.organisator.ch\/","name":"Organizzatore","description":"Competente. Pratico. In 10 numeri all'anno, ORGANISATOR presenta i temi essenziali per i manager delle PMI.","publisher":{"@id":"https:\/\/www.organisator.ch\/#organization"},"potentialAction":[{"@type":"SearchAction","target":{"@type":"EntryPoint","urlTemplate":"https:\/\/www.organisator.ch\/?s={search_term_string}"},"query-input":{"@type":"PropertyValueSpecification","valueRequired":true,"valueName":"search_term_string"}}],"inLanguage":"it-IT"},{"@type":"Organization","@id":"https:\/\/www.organisator.ch\/#organization","name":"Organizzatore","url":"https:\/\/www.organisator.ch\/","logo":{"@type":"ImageObject","inLanguage":"it-IT","@id":"https:\/\/www.organisator.ch\/#\/schema\/logo\/image\/","url":"https:\/\/www.organisator.ch\/wp-content\/uploads\/2022\/01\/Logo_Organisator_Website.png","contentUrl":"https:\/\/www.organisator.ch\/wp-content\/uploads\/2022\/01\/Logo_Organisator_Website.png","width":800,"height":77,"caption":"Organisator"},"image":{"@id":"https:\/\/www.organisator.ch\/#\/schema\/logo\/image\/"},"sameAs":["https:\/\/www.facebook.com\/OrganisatorFachmagazin","https:\/\/www.linkedin.com\/showcase\/organisator-das-magazin-fr-kmu","https:\/\/www.xing.com\/news\/pages\/organisator-ch-695","https:\/\/www.youtube.com\/channel\/UCGP2Sq0iWaZwT3BdIAQFYpw"]},{"@type":"Person","@id":"https:\/\/www.organisator.ch\/#\/schema\/person\/6f650f90b2842cd4c0cc334b4e36f67e","name":"Tommaso.berner","image":{"@type":"ImageObject","inLanguage":"it-IT","@id":"https:\/\/secure.gravatar.com\/avatar\/ac5001d2a36cb6c6cd3e50789007ffca834b477b74a2144564522e944eabff61?s=96&d=mm&r=g","url":"https:\/\/secure.gravatar.com\/avatar\/ac5001d2a36cb6c6cd3e50789007ffca834b477b74a2144564522e944eabff61?s=96&d=mm&r=g","contentUrl":"https:\/\/secure.gravatar.com\/avatar\/ac5001d2a36cb6c6cd3e50789007ffca834b477b74a2144564522e944eabff61?s=96&d=mm&r=g","caption":"thomas.berner"},"url":"https:\/\/www.organisator.ch\/it\/author\/thomas-berner\/"}]}},"_links":{"self":[{"href":"https:\/\/www.organisator.ch\/it\/wp-json\/wp\/v2\/posts\/40007","targetHints":{"allow":["GET"]}}],"collection":[{"href":"https:\/\/www.organisator.ch\/it\/wp-json\/wp\/v2\/posts"}],"about":[{"href":"https:\/\/www.organisator.ch\/it\/wp-json\/wp\/v2\/types\/post"}],"author":[{"embeddable":true,"href":"https:\/\/www.organisator.ch\/it\/wp-json\/wp\/v2\/users\/4"}],"replies":[{"embeddable":true,"href":"https:\/\/www.organisator.ch\/it\/wp-json\/wp\/v2\/comments?post=40007"}],"version-history":[{"count":3,"href":"https:\/\/www.organisator.ch\/it\/wp-json\/wp\/v2\/posts\/40007\/revisions"}],"predecessor-version":[{"id":40053,"href":"https:\/\/www.organisator.ch\/it\/wp-json\/wp\/v2\/posts\/40007\/revisions\/40053"}],"wp:featuredmedia":[{"embeddable":true,"href":"https:\/\/www.organisator.ch\/it\/wp-json\/wp\/v2\/media\/40008"}],"wp:attachment":[{"href":"https:\/\/www.organisator.ch\/it\/wp-json\/wp\/v2\/media?parent=40007"}],"wp:term":[{"taxonomy":"category","embeddable":true,"href":"https:\/\/www.organisator.ch\/it\/wp-json\/wp\/v2\/categories?post=40007"},{"taxonomy":"post_tag","embeddable":true,"href":"https:\/\/www.organisator.ch\/it\/wp-json\/wp\/v2\/tags?post=40007"}],"curies":[{"name":"wp","href":"https:\/\/api.w.org\/{rel}","templated":true}]}}