{"id":40072,"date":"2025-08-22T07:07:02","date_gmt":"2025-08-22T05:07:02","guid":{"rendered":"https:\/\/www.markt-kom.com\/?p=237626"},"modified":"2025-08-22T07:05:52","modified_gmt":"2025-08-22T05:05:52","slug":"martin-walthert-ist-cmo-of-the-year-2025","status":"publish","type":"post","link":"https:\/\/www.organisator.ch\/it\/marketing\/2025-08-22\/martin-walthert-ist-cmo-of-the-year-2025\/","title":{"rendered":"Martin Walthert \u00e8 il \"CMO dell'anno 2025\"."},"content":{"rendered":"<p><img class=\"alignnone size-full wp-image-237628\" src=\"https:\/\/www.markt-kom.com\/wp-content\/uploads\/2025\/08\/Martin-Walthert-Thumbnail-scaled-1.png\" sizes=\"(max-width: 1300px) 100vw, 1300px\" srcset=\"https:\/\/www.markt-kom.com\/wp-content\/uploads\/2025\/08\/Martin-Walthert-Thumbnail-scaled-1.png 1300w, https:\/\/www.markt-kom.com\/wp-content\/uploads\/2025\/08\/Martin-Walthert-Thumbnail-scaled-1-600x338.png 600w, https:\/\/www.markt-kom.com\/wp-content\/uploads\/2025\/08\/Martin-Walthert-Thumbnail-scaled-1-1024x577.png 1024w, https:\/\/www.markt-kom.com\/wp-content\/uploads\/2025\/08\/Martin-Walthert-Thumbnail-scaled-1-768x432.png 768w, https:\/\/www.markt-kom.com\/wp-content\/uploads\/2025\/08\/Martin-Walthert-Thumbnail-scaled-1-18x10.png 18w, https:\/\/www.markt-kom.com\/wp-content\/uploads\/2025\/08\/Martin-Walthert-Thumbnail-scaled-1-311x175.png 311w, https:\/\/www.markt-kom.com\/wp-content\/uploads\/2025\/08\/Martin-Walthert-Thumbnail-scaled-1-622x350.png 622w, https:\/\/www.markt-kom.com\/wp-content\/uploads\/2025\/08\/Martin-Walthert-Thumbnail-scaled-1-1000x563.png 1000w\" alt=\"\" width=\"1300\" height=\"732\" \/>Walthert e il suo team di circa 70 persone sono da anni responsabili del successo del marketing, del branding sostenibile e delle campagne di alto profilo di Digitec e Galaxus. Gran parte del lavoro viene svolto internamente. Il team utilizza regolarmente approcci non convenzionali, con un successo dimostrabile: il fatturato e la notoriet\u00e0 del marchio dell'azienda sono cresciuti costantemente.<\/p>\r\n<p>Ogni anno vengono candidate al premio personalit\u00e0 che si impegnano particolarmente per il loro marchio, che pongono il cliente al centro, che tengono conto della sostenibilit\u00e0 e che sono dei modelli di comportamento come manager. Cerchiamo persone che aprono nuovi orizzonti e creano un reale valore aggiunto per le aziende e i consumatori.<\/p>\r\n<p>I candidati sono nominati da 24 esperti di economia, marketing, ricerca, media, consulenza e formazione. L'Institute for Marketing &amp; Consumer Insight dell'Universit\u00e0 di San Gallo analizza le candidature e stila una longlist. Da questa, la giuria seleziona una rosa di sei candidati.<\/p>\r\n<p>La particolarit\u00e0 di quest'anno \u00e8 stata la prima doppia nomination: Sara Jerman e Angelika Leemann di Rivella. Nella lista dei candidati c'erano anche (in ordine alfabetico): Gregor Eicher (Bank Cler), Marco Greco (Ochsner Sport), Sonia Milici (Yuh) e Martin Schweikert (BKW).<\/p>\r\n<p>Dopo aver ricevuto i premi \"Advertiser of the Year 2020\" e \"Marketing Thought Leader 2022\", Martin Walthert ha ora ottenuto anche il titolo di \"CMO of the Year 2025\". Ha iniziato la sua carriera direttamente in Digitec Galaxus dopo aver completato gli studi e vi lavora dal 2006. Oggi, in qualit\u00e0 di CMO, privilegia una chiara strategia interna con percorsi decisionali brevi. Da quando \u00e8 arrivato, il fatturato dell'azienda \u00e8 passato da 62 milioni di franchi svizzeri a 3,228 miliardi di franchi svizzeri.<\/p>\r\n<p>La cerimonia di premiazione si \u00e8 svolta gioved\u00ec 21 agosto nella Papiersaal di Zurigo davanti a 120 invitati. Vanessa Meier ha condotto la serata per la terza volta. L'ospite d'onore della Spotlight Session \u00e8 stato David Degen, Presidente del Consiglio di Amministrazione del FC Basel 1893.<\/p>\r\n<p>Il \"CMO dell'anno\" \u00e8 un'iniziativa di Serviceplan Group Svizzera (Serviceplan Suisse AG, Mediaplus Suisse AG e Plan.Net Suisse AG) in collaborazione con Admeira, APG, 20 Minuten, m&amp;k, pers\u00f6nlich, swissmarketing e l'Universit\u00e0 di San Gallo.<\/p>","protected":false},"excerpt":{"rendered":"<p>Il \"CMO of the Year Award\" premia i direttori marketing che hanno dimostrato un particolare impegno nel plasmare e sviluppare il proprio marchio. Quest'anno il premio va a Martin Walthert, Chief Marketing Officer di Digitec Galaxus.<\/p>","protected":false},"author":8,"featured_media":0,"comment_status":"closed","ping_status":"closed","sticky":false,"template":"","format":"standard","meta":{"_acf_changed":false,"_yoast_wpseo_focuskw":"Martin Walthert","_yoast_wpseo_metadesc":"In diesem Jahr geht die Auszeichnung \u00abCMO of the Year Award\u00bb an Martin Walthert, Chief Marketing Officer von Digitec Galaxus.","articlekey":"","footnotes":""},"categories":[29],"tags":[66,3733,2899,3531],"class_list":["post-40072","post","type-post","status-publish","format-standard","hentry","category-marketing","tag-awards","tag-cmo-of-the-year","tag-digitec-galaxus","tag-serviceplan-gruppe-schweiz"],"acf":[],"yoast_head":"<!-- This site is optimized with the Yoast SEO plugin v27.5 - https:\/\/yoast.com\/product\/yoast-seo-wordpress\/ -->\n<title>Martin Walthert ist \u00abCMO of the Year 2025\u00bb - Organisator<\/title>\n<meta name=\"description\" content=\"In diesem Jahr geht die Auszeichnung \u00abCMO of the Year Award\u00bb an Martin Walthert, Chief Marketing Officer von Digitec Galaxus.\" \/>\n<meta name=\"robots\" content=\"index, follow, max-snippet:-1, max-image-preview:large, max-video-preview:-1\" \/>\n<link rel=\"canonical\" href=\"https:\/\/www.organisator.ch\/it\/marketing\/2025-08-22\/martin-walthert-ist-cmo-of-the-year-2025\/\" \/>\n<meta property=\"og:locale\" content=\"it_IT\" \/>\n<meta property=\"og:type\" content=\"article\" \/>\n<meta property=\"og:title\" content=\"Martin Walthert ist \u00abCMO of the Year 2025\u00bb - Organisator\" \/>\n<meta property=\"og:description\" content=\"In diesem Jahr geht die Auszeichnung \u00abCMO of the Year Award\u00bb an Martin Walthert, Chief Marketing Officer von Digitec Galaxus.\" \/>\n<meta property=\"og:url\" content=\"https:\/\/www.organisator.ch\/it\/marketing\/2025-08-22\/martin-walthert-ist-cmo-of-the-year-2025\/\" \/>\n<meta property=\"og:site_name\" content=\"Organisator\" \/>\n<meta property=\"article:publisher\" content=\"https:\/\/www.facebook.com\/OrganisatorFachmagazin\" \/>\n<meta property=\"article:published_time\" content=\"2025-08-22T05:07:02+00:00\" \/>\n<meta name=\"author\" content=\"galledia\" \/>\n<meta name=\"twitter:card\" content=\"summary_large_image\" \/>\n<meta name=\"twitter:creator\" content=\"@admin\" \/>\n<script type=\"application\/ld+json\" class=\"yoast-schema-graph\">{\"@context\":\"https:\\\/\\\/schema.org\",\"@graph\":[{\"@type\":\"Article\",\"@id\":\"https:\\\/\\\/www.organisator.ch\\\/marketing\\\/2025-08-22\\\/martin-walthert-ist-cmo-of-the-year-2025\\\/#article\",\"isPartOf\":{\"@id\":\"https:\\\/\\\/www.organisator.ch\\\/marketing\\\/2025-08-22\\\/martin-walthert-ist-cmo-of-the-year-2025\\\/\"},\"author\":{\"name\":\"galledia\",\"@id\":\"https:\\\/\\\/www.organisator.ch\\\/#\\\/schema\\\/person\\\/4e51799071cd2dd1232ac003643ef5f0\"},\"headline\":\"Martin Walthert ist \u00abCMO of the Year 2025\u00bb\",\"datePublished\":\"2025-08-22T05:07:02+00:00\",\"mainEntityOfPage\":{\"@id\":\"https:\\\/\\\/www.organisator.ch\\\/marketing\\\/2025-08-22\\\/martin-walthert-ist-cmo-of-the-year-2025\\\/\"},\"wordCount\":346,\"publisher\":{\"@id\":\"https:\\\/\\\/www.organisator.ch\\\/#organization\"},\"image\":{\"@id\":\"https:\\\/\\\/www.organisator.ch\\\/marketing\\\/2025-08-22\\\/martin-walthert-ist-cmo-of-the-year-2025\\\/#primaryimage\"},\"thumbnailUrl\":\"https:\\\/\\\/www.markt-kom.com\\\/wp-content\\\/uploads\\\/2025\\\/08\\\/Martin-Walthert-Thumbnail-scaled-1.png\",\"keywords\":[\"Awards\",\"CMO of the year\",\"Digitec Galaxus\",\"Serviceplan Gruppe Schweiz\"],\"articleSection\":[\"MARKETING\"],\"inLanguage\":\"it-IT\"},{\"@type\":\"WebPage\",\"@id\":\"https:\\\/\\\/www.organisator.ch\\\/marketing\\\/2025-08-22\\\/martin-walthert-ist-cmo-of-the-year-2025\\\/\",\"url\":\"https:\\\/\\\/www.organisator.ch\\\/marketing\\\/2025-08-22\\\/martin-walthert-ist-cmo-of-the-year-2025\\\/\",\"name\":\"Martin Walthert ist \u00abCMO of the Year 2025\u00bb - Organisator\",\"isPartOf\":{\"@id\":\"https:\\\/\\\/www.organisator.ch\\\/#website\"},\"primaryImageOfPage\":{\"@id\":\"https:\\\/\\\/www.organisator.ch\\\/marketing\\\/2025-08-22\\\/martin-walthert-ist-cmo-of-the-year-2025\\\/#primaryimage\"},\"image\":{\"@id\":\"https:\\\/\\\/www.organisator.ch\\\/marketing\\\/2025-08-22\\\/martin-walthert-ist-cmo-of-the-year-2025\\\/#primaryimage\"},\"thumbnailUrl\":\"https:\\\/\\\/www.markt-kom.com\\\/wp-content\\\/uploads\\\/2025\\\/08\\\/Martin-Walthert-Thumbnail-scaled-1.png\",\"datePublished\":\"2025-08-22T05:07:02+00:00\",\"description\":\"In diesem Jahr geht die Auszeichnung \u00abCMO of the Year Award\u00bb an Martin Walthert, Chief Marketing Officer von Digitec Galaxus.\",\"breadcrumb\":{\"@id\":\"https:\\\/\\\/www.organisator.ch\\\/marketing\\\/2025-08-22\\\/martin-walthert-ist-cmo-of-the-year-2025\\\/#breadcrumb\"},\"inLanguage\":\"it-IT\",\"potentialAction\":[{\"@type\":\"ReadAction\",\"target\":[\"https:\\\/\\\/www.organisator.ch\\\/marketing\\\/2025-08-22\\\/martin-walthert-ist-cmo-of-the-year-2025\\\/\"]}]},{\"@type\":\"ImageObject\",\"inLanguage\":\"it-IT\",\"@id\":\"https:\\\/\\\/www.organisator.ch\\\/marketing\\\/2025-08-22\\\/martin-walthert-ist-cmo-of-the-year-2025\\\/#primaryimage\",\"url\":\"https:\\\/\\\/www.markt-kom.com\\\/wp-content\\\/uploads\\\/2025\\\/08\\\/Martin-Walthert-Thumbnail-scaled-1.png\",\"contentUrl\":\"https:\\\/\\\/www.markt-kom.com\\\/wp-content\\\/uploads\\\/2025\\\/08\\\/Martin-Walthert-Thumbnail-scaled-1.png\"},{\"@type\":\"BreadcrumbList\",\"@id\":\"https:\\\/\\\/www.organisator.ch\\\/marketing\\\/2025-08-22\\\/martin-walthert-ist-cmo-of-the-year-2025\\\/#breadcrumb\",\"itemListElement\":[{\"@type\":\"ListItem\",\"position\":1,\"name\":\"Home\",\"item\":\"https:\\\/\\\/www.organisator.ch\\\/\"},{\"@type\":\"ListItem\",\"position\":2,\"name\":\"Martin Walthert ist \u00abCMO of the Year 2025\u00bb\"}]},{\"@type\":\"WebSite\",\"@id\":\"https:\\\/\\\/www.organisator.ch\\\/#website\",\"url\":\"https:\\\/\\\/www.organisator.ch\\\/\",\"name\":\"Organisator\",\"description\":\"Kompetent. Praxisnah. Der ORGANISATOR bereitet in 10 Ausgaben pro Jahr die wesentlichen Themen f\u00fcr F\u00fchrungskr\u00e4fte von KMU auf.\",\"publisher\":{\"@id\":\"https:\\\/\\\/www.organisator.ch\\\/#organization\"},\"potentialAction\":[{\"@type\":\"SearchAction\",\"target\":{\"@type\":\"EntryPoint\",\"urlTemplate\":\"https:\\\/\\\/www.organisator.ch\\\/?s={search_term_string}\"},\"query-input\":{\"@type\":\"PropertyValueSpecification\",\"valueRequired\":true,\"valueName\":\"search_term_string\"}}],\"inLanguage\":\"it-IT\"},{\"@type\":\"Organization\",\"@id\":\"https:\\\/\\\/www.organisator.ch\\\/#organization\",\"name\":\"Organisator\",\"url\":\"https:\\\/\\\/www.organisator.ch\\\/\",\"logo\":{\"@type\":\"ImageObject\",\"inLanguage\":\"it-IT\",\"@id\":\"https:\\\/\\\/www.organisator.ch\\\/#\\\/schema\\\/logo\\\/image\\\/\",\"url\":\"https:\\\/\\\/www.organisator.ch\\\/wp-content\\\/uploads\\\/2022\\\/01\\\/Logo_Organisator_Website.png\",\"contentUrl\":\"https:\\\/\\\/www.organisator.ch\\\/wp-content\\\/uploads\\\/2022\\\/01\\\/Logo_Organisator_Website.png\",\"width\":800,\"height\":77,\"caption\":\"Organisator\"},\"image\":{\"@id\":\"https:\\\/\\\/www.organisator.ch\\\/#\\\/schema\\\/logo\\\/image\\\/\"},\"sameAs\":[\"https:\\\/\\\/www.facebook.com\\\/OrganisatorFachmagazin\",\"https:\\\/\\\/www.linkedin.com\\\/showcase\\\/organisator-das-magazin-fr-kmu\",\"https:\\\/\\\/www.xing.com\\\/news\\\/pages\\\/organisator-ch-695\",\"https:\\\/\\\/www.youtube.com\\\/channel\\\/UCGP2Sq0iWaZwT3BdIAQFYpw\"]},{\"@type\":\"Person\",\"@id\":\"https:\\\/\\\/www.organisator.ch\\\/#\\\/schema\\\/person\\\/4e51799071cd2dd1232ac003643ef5f0\",\"name\":\"galledia\",\"image\":{\"@type\":\"ImageObject\",\"inLanguage\":\"it-IT\",\"@id\":\"https:\\\/\\\/secure.gravatar.com\\\/avatar\\\/78a7f90c01fc2bfc875782a0d4922b37cde2cf184ce347b91316d23cd7f69a36?s=96&d=mm&r=g\",\"url\":\"https:\\\/\\\/secure.gravatar.com\\\/avatar\\\/78a7f90c01fc2bfc875782a0d4922b37cde2cf184ce347b91316d23cd7f69a36?s=96&d=mm&r=g\",\"contentUrl\":\"https:\\\/\\\/secure.gravatar.com\\\/avatar\\\/78a7f90c01fc2bfc875782a0d4922b37cde2cf184ce347b91316d23cd7f69a36?s=96&d=mm&r=g\",\"caption\":\"galledia\"},\"sameAs\":[\"https:\\\/\\\/x.com\\\/admin\"],\"url\":\"https:\\\/\\\/www.organisator.ch\\\/it\\\/author\\\/galledia\\\/\"}]}<\/script>\n<!-- \/ Yoast SEO plugin. -->","yoast_head_json":{"title":"Martin Walthert \u00e8 il \"CMO dell'anno 2025\" - Organizzatore","description":"Quest'anno il \"Premio CMO dell'anno\" va a Martin Walthert, Chief Marketing Officer di Digitec Galaxus.","robots":{"index":"index","follow":"follow","max-snippet":"max-snippet:-1","max-image-preview":"max-image-preview:large","max-video-preview":"max-video-preview:-1"},"canonical":"https:\/\/www.organisator.ch\/it\/marketing\/2025-08-22\/martin-walthert-ist-cmo-of-the-year-2025\/","og_locale":"it_IT","og_type":"article","og_title":"Martin Walthert ist \u00abCMO of the Year 2025\u00bb - Organisator","og_description":"In diesem Jahr geht die Auszeichnung \u00abCMO of the Year Award\u00bb an Martin Walthert, Chief Marketing Officer von Digitec Galaxus.","og_url":"https:\/\/www.organisator.ch\/it\/marketing\/2025-08-22\/martin-walthert-ist-cmo-of-the-year-2025\/","og_site_name":"Organisator","article_publisher":"https:\/\/www.facebook.com\/OrganisatorFachmagazin","article_published_time":"2025-08-22T05:07:02+00:00","author":"galledia","twitter_card":"summary_large_image","twitter_creator":"@admin","schema":{"@context":"https:\/\/schema.org","@graph":[{"@type":"Article","@id":"https:\/\/www.organisator.ch\/marketing\/2025-08-22\/martin-walthert-ist-cmo-of-the-year-2025\/#article","isPartOf":{"@id":"https:\/\/www.organisator.ch\/marketing\/2025-08-22\/martin-walthert-ist-cmo-of-the-year-2025\/"},"author":{"name":"galledia","@id":"https:\/\/www.organisator.ch\/#\/schema\/person\/4e51799071cd2dd1232ac003643ef5f0"},"headline":"Martin Walthert ist \u00abCMO of the Year 2025\u00bb","datePublished":"2025-08-22T05:07:02+00:00","mainEntityOfPage":{"@id":"https:\/\/www.organisator.ch\/marketing\/2025-08-22\/martin-walthert-ist-cmo-of-the-year-2025\/"},"wordCount":346,"publisher":{"@id":"https:\/\/www.organisator.ch\/#organization"},"image":{"@id":"https:\/\/www.organisator.ch\/marketing\/2025-08-22\/martin-walthert-ist-cmo-of-the-year-2025\/#primaryimage"},"thumbnailUrl":"https:\/\/www.markt-kom.com\/wp-content\/uploads\/2025\/08\/Martin-Walthert-Thumbnail-scaled-1.png","keywords":["Awards","CMO of the year","Digitec Galaxus","Serviceplan Gruppe Schweiz"],"articleSection":["MARKETING"],"inLanguage":"it-IT"},{"@type":"WebPage","@id":"https:\/\/www.organisator.ch\/marketing\/2025-08-22\/martin-walthert-ist-cmo-of-the-year-2025\/","url":"https:\/\/www.organisator.ch\/marketing\/2025-08-22\/martin-walthert-ist-cmo-of-the-year-2025\/","name":"Martin Walthert \u00e8 il \"CMO dell'anno 2025\" - Organizzatore","isPartOf":{"@id":"https:\/\/www.organisator.ch\/#website"},"primaryImageOfPage":{"@id":"https:\/\/www.organisator.ch\/marketing\/2025-08-22\/martin-walthert-ist-cmo-of-the-year-2025\/#primaryimage"},"image":{"@id":"https:\/\/www.organisator.ch\/marketing\/2025-08-22\/martin-walthert-ist-cmo-of-the-year-2025\/#primaryimage"},"thumbnailUrl":"https:\/\/www.markt-kom.com\/wp-content\/uploads\/2025\/08\/Martin-Walthert-Thumbnail-scaled-1.png","datePublished":"2025-08-22T05:07:02+00:00","description":"Quest'anno il \"Premio CMO dell'anno\" va a Martin Walthert, Chief Marketing Officer di Digitec Galaxus.","breadcrumb":{"@id":"https:\/\/www.organisator.ch\/marketing\/2025-08-22\/martin-walthert-ist-cmo-of-the-year-2025\/#breadcrumb"},"inLanguage":"it-IT","potentialAction":[{"@type":"ReadAction","target":["https:\/\/www.organisator.ch\/marketing\/2025-08-22\/martin-walthert-ist-cmo-of-the-year-2025\/"]}]},{"@type":"ImageObject","inLanguage":"it-IT","@id":"https:\/\/www.organisator.ch\/marketing\/2025-08-22\/martin-walthert-ist-cmo-of-the-year-2025\/#primaryimage","url":"https:\/\/www.markt-kom.com\/wp-content\/uploads\/2025\/08\/Martin-Walthert-Thumbnail-scaled-1.png","contentUrl":"https:\/\/www.markt-kom.com\/wp-content\/uploads\/2025\/08\/Martin-Walthert-Thumbnail-scaled-1.png"},{"@type":"BreadcrumbList","@id":"https:\/\/www.organisator.ch\/marketing\/2025-08-22\/martin-walthert-ist-cmo-of-the-year-2025\/#breadcrumb","itemListElement":[{"@type":"ListItem","position":1,"name":"Home","item":"https:\/\/www.organisator.ch\/"},{"@type":"ListItem","position":2,"name":"Martin Walthert ist \u00abCMO of the Year 2025\u00bb"}]},{"@type":"WebSite","@id":"https:\/\/www.organisator.ch\/#website","url":"https:\/\/www.organisator.ch\/","name":"Organizzatore","description":"Competente. Pratico. In 10 numeri all'anno, ORGANISATOR presenta i temi essenziali per i manager delle PMI.","publisher":{"@id":"https:\/\/www.organisator.ch\/#organization"},"potentialAction":[{"@type":"SearchAction","target":{"@type":"EntryPoint","urlTemplate":"https:\/\/www.organisator.ch\/?s={search_term_string}"},"query-input":{"@type":"PropertyValueSpecification","valueRequired":true,"valueName":"search_term_string"}}],"inLanguage":"it-IT"},{"@type":"Organization","@id":"https:\/\/www.organisator.ch\/#organization","name":"Organizzatore","url":"https:\/\/www.organisator.ch\/","logo":{"@type":"ImageObject","inLanguage":"it-IT","@id":"https:\/\/www.organisator.ch\/#\/schema\/logo\/image\/","url":"https:\/\/www.organisator.ch\/wp-content\/uploads\/2022\/01\/Logo_Organisator_Website.png","contentUrl":"https:\/\/www.organisator.ch\/wp-content\/uploads\/2022\/01\/Logo_Organisator_Website.png","width":800,"height":77,"caption":"Organisator"},"image":{"@id":"https:\/\/www.organisator.ch\/#\/schema\/logo\/image\/"},"sameAs":["https:\/\/www.facebook.com\/OrganisatorFachmagazin","https:\/\/www.linkedin.com\/showcase\/organisator-das-magazin-fr-kmu","https:\/\/www.xing.com\/news\/pages\/organisator-ch-695","https:\/\/www.youtube.com\/channel\/UCGP2Sq0iWaZwT3BdIAQFYpw"]},{"@type":"Person","@id":"https:\/\/www.organisator.ch\/#\/schema\/person\/4e51799071cd2dd1232ac003643ef5f0","name":"galledia","image":{"@type":"ImageObject","inLanguage":"it-IT","@id":"https:\/\/secure.gravatar.com\/avatar\/78a7f90c01fc2bfc875782a0d4922b37cde2cf184ce347b91316d23cd7f69a36?s=96&d=mm&r=g","url":"https:\/\/secure.gravatar.com\/avatar\/78a7f90c01fc2bfc875782a0d4922b37cde2cf184ce347b91316d23cd7f69a36?s=96&d=mm&r=g","contentUrl":"https:\/\/secure.gravatar.com\/avatar\/78a7f90c01fc2bfc875782a0d4922b37cde2cf184ce347b91316d23cd7f69a36?s=96&d=mm&r=g","caption":"galledia"},"sameAs":["https:\/\/x.com\/admin"],"url":"https:\/\/www.organisator.ch\/it\/author\/galledia\/"}]}},"_links":{"self":[{"href":"https:\/\/www.organisator.ch\/it\/wp-json\/wp\/v2\/posts\/40072","targetHints":{"allow":["GET"]}}],"collection":[{"href":"https:\/\/www.organisator.ch\/it\/wp-json\/wp\/v2\/posts"}],"about":[{"href":"https:\/\/www.organisator.ch\/it\/wp-json\/wp\/v2\/types\/post"}],"author":[{"embeddable":true,"href":"https:\/\/www.organisator.ch\/it\/wp-json\/wp\/v2\/users\/8"}],"replies":[{"embeddable":true,"href":"https:\/\/www.organisator.ch\/it\/wp-json\/wp\/v2\/comments?post=40072"}],"version-history":[{"count":5,"href":"https:\/\/www.organisator.ch\/it\/wp-json\/wp\/v2\/posts\/40072\/revisions"}],"predecessor-version":[{"id":40091,"href":"https:\/\/www.organisator.ch\/it\/wp-json\/wp\/v2\/posts\/40072\/revisions\/40091"}],"wp:attachment":[{"href":"https:\/\/www.organisator.ch\/it\/wp-json\/wp\/v2\/media?parent=40072"}],"wp:term":[{"taxonomy":"category","embeddable":true,"href":"https:\/\/www.organisator.ch\/it\/wp-json\/wp\/v2\/categories?post=40072"},{"taxonomy":"post_tag","embeddable":true,"href":"https:\/\/www.organisator.ch\/it\/wp-json\/wp\/v2\/tags?post=40072"}],"curies":[{"name":"wp","href":"https:\/\/api.w.org\/{rel}","templated":true}]}}