{"id":4010,"date":"2018-08-06T08:37:48","date_gmt":"2018-08-06T06:37:48","guid":{"rendered":"https:\/\/www.organisator.ch\/?p=4010"},"modified":"2018-08-06T08:37:48","modified_gmt":"2018-08-06T06:37:48","slug":"suisseemex18-der-groesste-schweizer-marketing-digital-event","status":"publish","type":"post","link":"https:\/\/www.organisator.ch\/it\/marketing\/2018-08-06\/suisseemex18-der-groesste-schweizer-marketing-digital-event\/","title":{"rendered":"SuisseEMEX'18: Il pi\u00f9 grande evento svizzero di marketing e digitale"},"content":{"rendered":"<figure id=\"attachment_4011\" aria-describedby=\"caption-attachment-4011\" style=\"width: 640px\" class=\"wp-caption alignnone\"><img loading=\"lazy\" decoding=\"async\" class=\"size-full wp-image-4011\" src=\"https:\/\/www.organisator.ch\/wp-content\/uploads\/2018\/08\/SuisseEMEX18-Der-groesste-Schweizer-Marketing-Digital-Event_Organisator.jpg\" alt=\"\" width=\"640\" height=\"426\" srcset=\"https:\/\/www.organisator.ch\/wp-content\/uploads\/2018\/08\/SuisseEMEX18-Der-groesste-Schweizer-Marketing-Digital-Event_Organisator.jpg 640w, https:\/\/www.organisator.ch\/wp-content\/uploads\/2018\/08\/SuisseEMEX18-Der-groesste-Schweizer-Marketing-Digital-Event_Organisator-16x12.jpg 16w, https:\/\/www.organisator.ch\/wp-content\/uploads\/2018\/08\/SuisseEMEX18-Der-groesste-Schweizer-Marketing-Digital-Event_Organisator-263x175.jpg 263w, https:\/\/www.organisator.ch\/wp-content\/uploads\/2018\/08\/SuisseEMEX18-Der-groesste-Schweizer-Marketing-Digital-Event_Organisator-526x350.jpg 526w, https:\/\/www.organisator.ch\/wp-content\/uploads\/2018\/08\/SuisseEMEX18-Der-groesste-Schweizer-Marketing-Digital-Event_Organisator-300x200.jpg 300w\" sizes=\"auto, (max-width: 640px) 100vw, 640px\" \/><figcaption id=\"caption-attachment-4011\" class=\"wp-caption-text\">Il tappeto rosso \u00e8 stato srotolato per la SuisseEMEX'18. (Immagine: suisseEMEX)<\/figcaption><\/figure>\n<p>\"SuisseEMEX \u00e8 come un coltellino svizzero per il marketing del futuro\", spiega l'organizzatrice Ewa Ming, amministratore delegato di EMEX Management GmbH, orgogliosa del programma di eventi e congressi di altissimo livello. Con circa 500 rinomati espositori, partner e opinion leader provenienti dalla Svizzera e dall'estero, e un'ampia gamma di presentazioni e approfondimenti con oltre 100 relatori su vari palchi, SuisseEMEX'18 \u00e8 il pi\u00f9 grande evento svizzero di marketing e digitale e anche la piattaforma pi\u00f9 importante per le innovazioni, le tendenze, le best practice e lo scambio diretto di conoscenze da parte di esperti leader, pensatori all'avanguardia e nativi digitali. All'annuale incontro di marketing in stile festival, circa 14.000 visitatori specializzati provenienti dalla Svizzera e dai Paesi limitrofi sono attesi per stringere nuovi preziosi contatti commerciali presso gli stand espositivi, gli aperitivi dopo il lavoro, gli eventi di incontro e le sessioni di networking. Inoltre, l'app della comunit\u00e0 EMEX promuove il networking tra i partecipanti e consente di ottenere rapidamente informazioni sul programma dell'evento in corso.<\/p>\n<h2><strong>Tutto per mondi di marca tangibili ed eventi di successo<\/strong><\/h2>\n<p>Le esperienze emozionali e dal vivo del marchio e dei clienti stanno diventando sempre pi\u00f9 importanti nel mondo digitale. Nel padiglione 4 \"Event &amp; LiveCom\" tutto ruota intorno all'incontro diretto con i clienti e agli eventi efficaci. Verr\u00e0 presentata un'ampia gamma di offerte e prodotti per una comunicazione live di successo e per la pianificazione di eventi. I visitatori possono scoprire gli ultimi sviluppi nei settori della multimedialit\u00e0, della costruzione di stand, delle tecnologie per eventi e della brand experience e possono provarli e sperimentarli sul posto. In linea con il tema del live e degli eventi, questo padiglione espositivo ospita anche uno dei nuovi eventi fieristici, i \"MICE Days Switzerland\". Gli espositori di questa nuova area speciale presenteranno le ultime novit\u00e0 del settore meeting, incentive, congressi ed eventi. Qui, in particolare, gli organizzatori di eventi troveranno in poco tempo idee, ispirazioni e contatti preziosi per il loro prossimo evento.<\/p>\n<h2><strong>Il variopinto mondo dei mezzi pubblicitari creativi <\/strong><\/h2>\n<p>Pi\u00f9 il mondo \u00e8 digitale, pi\u00f9 i visitatori sono desiderosi di toccare con mano i prodotti promozionali. Nel padiglione 3 \"Creative Advertising Media\", noti specialisti, produttori e rivenditori di alimenti raffinati tenteranno i visitatori con migliaia di prodotti innovativi, esclusivi regali promozionali e divertenti omaggi da provare e assaggiare. L'area esperienziale \"Zone S\" \u00e8 stata progettata in collaborazione con gli specialisti della sostenibilit\u00e0 di s\u00fcrprisen gmbh e gli esperti 3D di Form AG e si concentra sui prodotti realizzati in modo ecologico, sociale ed equo. Le esperienze multisensoriali sono garantite in questo salone e mostrano dal vivo che il prodotto promozionale scelto correttamente funziona ancora perfettamente e non perde il suo effetto sul cliente.<\/p>\n<h2><strong>Il marketing esperienziale del futuro e il mondo del lavoro digitale 4.0<\/strong><\/h2>\n<p>Le ultime offerte dei settori del marketing digitale e della comunicazione del futuro conducono i visitatori direttamente al padiglione 6 \"Digital &amp; Marketing\" con l'area speciale \"New Working World 4.0\". Qui si affronta la questione dei modelli di lavoro e dei canali di comunicazione del futuro e si trovano idee sotto forma di nuovi strumenti di lavoro, concetti di ufficio mobile e possibilit\u00e0 di co-creazione. Per coloro che sono interessati al self-marketing, il Kaufm\u00e4nnischer Verband Z\u00fcrich (Associazione commerciale di Zurigo) offre un'analisi gratuita dei documenti di candidatura pi\u00f9 importanti in colloqui individuali di 15 minuti; gli esperti dell'associazione presenti daranno anche consigli e suggerimenti su questioni di carriera. L'ampia gamma di conoscenze sul tema del marketing del futuro sar\u00e0 ulteriormente arricchita dal Google Atelier Digital. In quest'area, gli specialisti di Google mostreranno come le aziende possono commercializzarsi con successo online attraverso la ricerca, i banner e la pubblicit\u00e0 video e condurranno una formazione in loco per principianti e utenti avanzati.<\/p>\n<h2><strong>Nuovo congresso di marketing \"Futurize M <\/strong><\/h2>\n<p>Il tema del marketing del futuro sar\u00e0 ampliato quest'anno dal congresso indipendente \"Futurize M\". Con il titolo \"Acquisizione e cura dei clienti nell'era digitale\", verr\u00e0 mostrato concretamente come trovare nuovi clienti oggi e, soprattutto, come fidelizzarli a lungo termine. Il congresso prevede un programma di relatori internazionali di prim'ordine, presentazioni di best practice da parte di esperti comprovati, masterclass pratiche, tavole rotonde stimolanti e talvolta provocatorie e un Generation Z Live Lab con i nativi digitali. Il congresso garantisce ai partecipanti conoscenze preziose e l'opportunit\u00e0 ottimale di ampliare la propria rete commerciale. Per la partecipazione \u00e8 necessario un biglietto separato per il congresso.<\/p>\n<h2><strong>Il pi\u00f9 grande congresso svizzero sulla digitalizzazione<\/strong><\/h2>\n<p>Parallelamente a SuisseEMEX'18, nel padiglione 7 si terr\u00e0 il secondo Digital Summit per le PMI. L'evento \u00e8 rivolto agli imprenditori delle PMI interessati al potenziale della digitalizzazione e che desiderano ampliare e approfondire le proprie conoscenze attraverso keynote rilevanti per la pratica, best practice e workshop di apprendimento. Tutte le informazioni e i biglietti: <a href=\"http:\/\/elink.clickdimensions.com\/c\/4\/?T=NTQ5MzI5NjI%3AMDItYjE4MjE1LTM1OWUzMmU1ZjdmZTQxNjU5ZTExZDI2OGNjYTliYmMw%3AdGhvbWFzLmJlcm5lckBvcmdhbmlzYXRvci5jaA%3AY29udGFjdC02ZDRhNzk4ZTM2MjhlNjExODBkMTI4OTI0YTJmMGRjNS1kZThmZDdhMGRhMGU0Y2E4YWQxYWVhNWY3YTM4Njk0MQ%3AZmFsc2U%3AMQ%3A%3AaHR0cDovL3d3dy5zd2lzc2RpZ2l0YWxjb21wYW55LmNoLz9fY2xkZWU9ZEdodmJXRnpMbUpsY201bGNrQnZjbWRoYm1sellYUnZjaTVqYUElM2QlM2QmcmVjaXBpZW50aWQ9Y29udGFjdC02ZDRhNzk4ZTM2MjhlNjExODBkMTI4OTI0YTJmMGRjNS1kZThmZDdhMGRhMGU0Y2E4YWQxYWVhNWY3YTM4Njk0MSZlc2lkPWQ5YmM5NTdmLTIwOTctZTgxMS04MGVkLTI4OTI0YTJmMGRjNQ&amp;K=GxcnTw6y4yNar20EVyEFBg\">www.swissdigitalcompany.ch<\/a><\/p>\n<h2><strong>Facciamo festa dopo la chiusura della fiera! <\/strong><\/h2>\n<p>L'after-work party \"EMEX Night\" riunisce il \"who's who\" dell'industria svizzera del marketing, del digitale e degli eventi al centro della Sala Eventi 4. Marted\u00ec 28 agosto 2018, a partire dalle ore 19:15, visitatori ed espositori, personalit\u00e0 del settore e celebrit\u00e0 si incontreranno per uno scambio informale e un networking in un'atmosfera rilassata e di festa. La band dal vivo ELIJAH scuoter\u00e0 il palco prima che la star DJ MR.DA-NOS faccia ballare la sala. Angoli gastronomici alla moda, bevande fresche e numerosi punti di intrattenimento in mezzo agli stand rendono la festa perfetta.<\/p>\n<p>I biglietti per tutti gli eventi di SuisseEMEX'18 sono disponibili nel negozio di biglietti online: <a href=\"http:\/\/elink.clickdimensions.com\/c\/4\/?T=NTQ5MzI5NjI%3AMDItYjE4MjE1LTM1OWUzMmU1ZjdmZTQxNjU5ZTExZDI2OGNjYTliYmMw%3AdGhvbWFzLmJlcm5lckBvcmdhbmlzYXRvci5jaA%3AY29udGFjdC02ZDRhNzk4ZTM2MjhlNjExODBkMTI4OTI0YTJmMGRjNS1kZThmZDdhMGRhMGU0Y2E4YWQxYWVhNWY3YTM4Njk0MQ%3AZmFsc2U%3AMg%3A%3AaHR0cDovL3d3dy5zdWlzc2UtZW1leC5jaC90aWNrZXRzP19jbGRlZT1kR2h2YldGekxtSmxjbTVsY2tCdmNtZGhibWx6WVhSdmNpNWphQSUzZCUzZCZyZWNpcGllbnRpZD1jb250YWN0LTZkNGE3OThlMzYyOGU2MTE4MGQxMjg5MjRhMmYwZGM1LWRlOGZkN2EwZGEwZTRjYThhZDFhZWE1ZjdhMzg2OTQxJmVzaWQ9ZDliYzk1N2YtMjA5Ny1lODExLTgwZWQtMjg5MjRhMmYwZGM1&amp;K=zijmtVFoWo3bXSL1ETC96g\">http:\/\/www.suisse-emex.ch\/tickets<\/a><\/p>","protected":false},"excerpt":{"rendered":"<p>\u00abDie SuisseEMEX ist wie ein Schweizer Taschenmesser f\u00fcr das Marketing der Zukunft\u00bb, erkl\u00e4rt die Veranstalterin Ewa Ming, Gesch\u00e4ftsf\u00fchrerin EMEX Management GmbH und ist stolz auf das hochkar\u00e4tige Event- und Kongressprogramm. Mit rund 500 namhaften Ausstellern, Partnern und Meinungsbildnern aus dem In- und Ausland und einem breiten Referate- &amp; Weiterbildungsangebot mit \u00fcber 100 Speakern auf verschiedenen [&hellip;]<\/p>\n","protected":false},"author":4,"featured_media":4011,"comment_status":"open","ping_status":"open","sticky":false,"template":"","format":"standard","meta":{"_acf_changed":false,"_yoast_wpseo_focuskw":"SuisseEMEX'18","_yoast_wpseo_metadesc":"Am 28. & 29. August findet der gr\u00f6sste Schweizer Marketing Event SuisseEMEX'18 mit verschiedenen Parallel-Veranstaltungen in der Messe Z\u00fcrich statt.","articlekey":"","footnotes":""},"categories":[29],"tags":[193,339,502],"class_list":["post-4010","post","type-post","status-publish","format-standard","has-post-thumbnail","hentry","category-marketing","tag-fachkongressfachmesse","tag-marketing","tag-veranstaltungen"],"acf":[],"yoast_head":"<!-- This site is optimized with the Yoast SEO plugin v27.5 - https:\/\/yoast.com\/product\/yoast-seo-wordpress\/ -->\n<title>SuisseEMEX\u201918: Der gr\u00f6sste Schweizer Marketing &amp; Digital Event - Organisator<\/title>\n<meta name=\"description\" content=\"Am 28. &amp; 29. August findet der gr\u00f6sste Schweizer Marketing Event SuisseEMEX&#039;18 mit verschiedenen Parallel-Veranstaltungen in der Messe Z\u00fcrich statt.\" \/>\n<meta name=\"robots\" content=\"index, follow, max-snippet:-1, max-image-preview:large, max-video-preview:-1\" \/>\n<link rel=\"canonical\" href=\"https:\/\/www.organisator.ch\/it\/marketing\/2018-08-06\/suisseemex18-der-groesste-schweizer-marketing-digital-event\/\" \/>\n<meta property=\"og:locale\" content=\"it_IT\" \/>\n<meta property=\"og:type\" content=\"article\" \/>\n<meta property=\"og:title\" content=\"SuisseEMEX\u201918: Der gr\u00f6sste Schweizer Marketing &amp; Digital Event\" \/>\n<meta property=\"og:description\" content=\"Am 28. &amp; 29. August findet der gr\u00f6sste Schweizer Marketing Event SuisseEMEX&#039;18 mit verschiedenen Parallel-Veranstaltungen in der Messe Z\u00fcrich statt.\" \/>\n<meta property=\"og:url\" content=\"https:\/\/www.organisator.ch\/it\/marketing\/2018-08-06\/suisseemex18-der-groesste-schweizer-marketing-digital-event\/\" \/>\n<meta property=\"og:site_name\" content=\"Organisator\" \/>\n<meta property=\"article:publisher\" content=\"https:\/\/www.facebook.com\/OrganisatorFachmagazin\" \/>\n<meta property=\"article:published_time\" content=\"2018-08-06T06:37:48+00:00\" \/>\n<meta property=\"og:image\" content=\"https:\/\/www.organisator.ch\/wp-content\/uploads\/2018\/08\/SuisseEMEX18-Der-groesste-Schweizer-Marketing-Digital-Event_Organisator.jpg\" \/>\n\t<meta property=\"og:image:width\" content=\"640\" \/>\n\t<meta property=\"og:image:height\" content=\"426\" \/>\n\t<meta property=\"og:image:type\" content=\"image\/jpeg\" \/>\n<meta name=\"author\" content=\"thomas.berner\" \/>\n<meta name=\"twitter:card\" content=\"summary_large_image\" \/>\n<meta name=\"twitter:title\" content=\"#SuisseEMEX\u201918: Der gr\u00f6sste Schweizer Marketing &amp; Digital Event\" \/>\n<meta name=\"twitter:description\" content=\"Am 28. &amp; 29. August findet der gr\u00f6sste Schweizer Marketing Event #SuisseEMEX&#039;18 mit verschiedenen Parallel-Veranstaltungen in der Messe #Z\u00fcrich statt.\" \/>\n<meta name=\"twitter:image\" content=\"https:\/\/www.organisator.ch\/wp-content\/uploads\/2018\/08\/SuisseEMEX18-Der-gr\u00f6sste-Schweizer-Marketing-Digital-Event_Organisator.jpg\" \/>\n<script type=\"application\/ld+json\" class=\"yoast-schema-graph\">{\"@context\":\"https:\\\/\\\/schema.org\",\"@graph\":[{\"@type\":\"Article\",\"@id\":\"https:\\\/\\\/www.organisator.ch\\\/marketing\\\/2018-08-06\\\/suisseemex18-der-groesste-schweizer-marketing-digital-event\\\/#article\",\"isPartOf\":{\"@id\":\"https:\\\/\\\/www.organisator.ch\\\/marketing\\\/2018-08-06\\\/suisseemex18-der-groesste-schweizer-marketing-digital-event\\\/\"},\"author\":{\"name\":\"thomas.berner\",\"@id\":\"https:\\\/\\\/www.organisator.ch\\\/#\\\/schema\\\/person\\\/6f650f90b2842cd4c0cc334b4e36f67e\"},\"headline\":\"SuisseEMEX\u201918: Der gr\u00f6sste Schweizer Marketing &#038; Digital Event\",\"datePublished\":\"2018-08-06T06:37:48+00:00\",\"mainEntityOfPage\":{\"@id\":\"https:\\\/\\\/www.organisator.ch\\\/marketing\\\/2018-08-06\\\/suisseemex18-der-groesste-schweizer-marketing-digital-event\\\/\"},\"wordCount\":818,\"commentCount\":0,\"publisher\":{\"@id\":\"https:\\\/\\\/www.organisator.ch\\\/#organization\"},\"image\":{\"@id\":\"https:\\\/\\\/www.organisator.ch\\\/marketing\\\/2018-08-06\\\/suisseemex18-der-groesste-schweizer-marketing-digital-event\\\/#primaryimage\"},\"thumbnailUrl\":\"https:\\\/\\\/www.organisator.ch\\\/wp-content\\\/uploads\\\/2018\\\/08\\\/SuisseEMEX18-Der-groesste-Schweizer-Marketing-Digital-Event_Organisator.jpg\",\"keywords\":[\"Fachkongress\\\/Fachmesse\",\"Marketing\",\"Veranstaltungen\"],\"articleSection\":[\"MARKETING\"],\"inLanguage\":\"it-IT\"},{\"@type\":\"WebPage\",\"@id\":\"https:\\\/\\\/www.organisator.ch\\\/marketing\\\/2018-08-06\\\/suisseemex18-der-groesste-schweizer-marketing-digital-event\\\/\",\"url\":\"https:\\\/\\\/www.organisator.ch\\\/marketing\\\/2018-08-06\\\/suisseemex18-der-groesste-schweizer-marketing-digital-event\\\/\",\"name\":\"SuisseEMEX\u201918: Der gr\u00f6sste Schweizer Marketing & Digital Event - Organisator\",\"isPartOf\":{\"@id\":\"https:\\\/\\\/www.organisator.ch\\\/#website\"},\"primaryImageOfPage\":{\"@id\":\"https:\\\/\\\/www.organisator.ch\\\/marketing\\\/2018-08-06\\\/suisseemex18-der-groesste-schweizer-marketing-digital-event\\\/#primaryimage\"},\"image\":{\"@id\":\"https:\\\/\\\/www.organisator.ch\\\/marketing\\\/2018-08-06\\\/suisseemex18-der-groesste-schweizer-marketing-digital-event\\\/#primaryimage\"},\"thumbnailUrl\":\"https:\\\/\\\/www.organisator.ch\\\/wp-content\\\/uploads\\\/2018\\\/08\\\/SuisseEMEX18-Der-groesste-Schweizer-Marketing-Digital-Event_Organisator.jpg\",\"datePublished\":\"2018-08-06T06:37:48+00:00\",\"description\":\"Am 28. & 29. August findet der gr\u00f6sste Schweizer Marketing Event SuisseEMEX'18 mit verschiedenen Parallel-Veranstaltungen in der Messe Z\u00fcrich statt.\",\"breadcrumb\":{\"@id\":\"https:\\\/\\\/www.organisator.ch\\\/marketing\\\/2018-08-06\\\/suisseemex18-der-groesste-schweizer-marketing-digital-event\\\/#breadcrumb\"},\"inLanguage\":\"it-IT\",\"potentialAction\":[{\"@type\":\"ReadAction\",\"target\":[\"https:\\\/\\\/www.organisator.ch\\\/marketing\\\/2018-08-06\\\/suisseemex18-der-groesste-schweizer-marketing-digital-event\\\/\"]}]},{\"@type\":\"ImageObject\",\"inLanguage\":\"it-IT\",\"@id\":\"https:\\\/\\\/www.organisator.ch\\\/marketing\\\/2018-08-06\\\/suisseemex18-der-groesste-schweizer-marketing-digital-event\\\/#primaryimage\",\"url\":\"https:\\\/\\\/www.organisator.ch\\\/wp-content\\\/uploads\\\/2018\\\/08\\\/SuisseEMEX18-Der-groesste-Schweizer-Marketing-Digital-Event_Organisator.jpg\",\"contentUrl\":\"https:\\\/\\\/www.organisator.ch\\\/wp-content\\\/uploads\\\/2018\\\/08\\\/SuisseEMEX18-Der-groesste-Schweizer-Marketing-Digital-Event_Organisator.jpg\",\"width\":640,\"height\":426,\"caption\":\"Der Rote Teppich f\u00fcr die SuisseEMEX'18 ist ausgerollt. (Bild: suisseEMEX)\"},{\"@type\":\"BreadcrumbList\",\"@id\":\"https:\\\/\\\/www.organisator.ch\\\/marketing\\\/2018-08-06\\\/suisseemex18-der-groesste-schweizer-marketing-digital-event\\\/#breadcrumb\",\"itemListElement\":[{\"@type\":\"ListItem\",\"position\":1,\"name\":\"Home\",\"item\":\"https:\\\/\\\/www.organisator.ch\\\/\"},{\"@type\":\"ListItem\",\"position\":2,\"name\":\"SuisseEMEX\u201918: Der gr\u00f6sste Schweizer Marketing &#038; Digital Event\"}]},{\"@type\":\"WebSite\",\"@id\":\"https:\\\/\\\/www.organisator.ch\\\/#website\",\"url\":\"https:\\\/\\\/www.organisator.ch\\\/\",\"name\":\"Organisator\",\"description\":\"Kompetent. Praxisnah. Der ORGANISATOR bereitet in 10 Ausgaben pro Jahr die wesentlichen Themen f\u00fcr F\u00fchrungskr\u00e4fte von KMU auf.\",\"publisher\":{\"@id\":\"https:\\\/\\\/www.organisator.ch\\\/#organization\"},\"potentialAction\":[{\"@type\":\"SearchAction\",\"target\":{\"@type\":\"EntryPoint\",\"urlTemplate\":\"https:\\\/\\\/www.organisator.ch\\\/?s={search_term_string}\"},\"query-input\":{\"@type\":\"PropertyValueSpecification\",\"valueRequired\":true,\"valueName\":\"search_term_string\"}}],\"inLanguage\":\"it-IT\"},{\"@type\":\"Organization\",\"@id\":\"https:\\\/\\\/www.organisator.ch\\\/#organization\",\"name\":\"Organisator\",\"url\":\"https:\\\/\\\/www.organisator.ch\\\/\",\"logo\":{\"@type\":\"ImageObject\",\"inLanguage\":\"it-IT\",\"@id\":\"https:\\\/\\\/www.organisator.ch\\\/#\\\/schema\\\/logo\\\/image\\\/\",\"url\":\"https:\\\/\\\/www.organisator.ch\\\/wp-content\\\/uploads\\\/2022\\\/01\\\/Logo_Organisator_Website.png\",\"contentUrl\":\"https:\\\/\\\/www.organisator.ch\\\/wp-content\\\/uploads\\\/2022\\\/01\\\/Logo_Organisator_Website.png\",\"width\":800,\"height\":77,\"caption\":\"Organisator\"},\"image\":{\"@id\":\"https:\\\/\\\/www.organisator.ch\\\/#\\\/schema\\\/logo\\\/image\\\/\"},\"sameAs\":[\"https:\\\/\\\/www.facebook.com\\\/OrganisatorFachmagazin\",\"https:\\\/\\\/www.linkedin.com\\\/showcase\\\/organisator-das-magazin-fr-kmu\",\"https:\\\/\\\/www.xing.com\\\/news\\\/pages\\\/organisator-ch-695\",\"https:\\\/\\\/www.youtube.com\\\/channel\\\/UCGP2Sq0iWaZwT3BdIAQFYpw\"]},{\"@type\":\"Person\",\"@id\":\"https:\\\/\\\/www.organisator.ch\\\/#\\\/schema\\\/person\\\/6f650f90b2842cd4c0cc334b4e36f67e\",\"name\":\"thomas.berner\",\"image\":{\"@type\":\"ImageObject\",\"inLanguage\":\"it-IT\",\"@id\":\"https:\\\/\\\/secure.gravatar.com\\\/avatar\\\/ac5001d2a36cb6c6cd3e50789007ffca834b477b74a2144564522e944eabff61?s=96&d=mm&r=g\",\"url\":\"https:\\\/\\\/secure.gravatar.com\\\/avatar\\\/ac5001d2a36cb6c6cd3e50789007ffca834b477b74a2144564522e944eabff61?s=96&d=mm&r=g\",\"contentUrl\":\"https:\\\/\\\/secure.gravatar.com\\\/avatar\\\/ac5001d2a36cb6c6cd3e50789007ffca834b477b74a2144564522e944eabff61?s=96&d=mm&r=g\",\"caption\":\"thomas.berner\"},\"url\":\"https:\\\/\\\/www.organisator.ch\\\/it\\\/author\\\/thomas-berner\\\/\"}]}<\/script>\n<!-- \/ Yoast SEO plugin. -->","yoast_head_json":{"title":"SuisseEMEX'18: il pi\u00f9 grande evento svizzero di marketing e digitale - Organizzatore","description":"Il 28 e 29 agosto, presso la Messe Z\u00fcrich, si terr\u00e0 il pi\u00f9 grande evento di marketing svizzero, SuisseEMEX'18, con vari eventi paralleli.","robots":{"index":"index","follow":"follow","max-snippet":"max-snippet:-1","max-image-preview":"max-image-preview:large","max-video-preview":"max-video-preview:-1"},"canonical":"https:\/\/www.organisator.ch\/it\/marketing\/2018-08-06\/suisseemex18-der-groesste-schweizer-marketing-digital-event\/","og_locale":"it_IT","og_type":"article","og_title":"SuisseEMEX\u201918: Der gr\u00f6sste Schweizer Marketing & Digital Event","og_description":"Am 28. & 29. August findet der gr\u00f6sste Schweizer Marketing Event SuisseEMEX'18 mit verschiedenen Parallel-Veranstaltungen in der Messe Z\u00fcrich statt.","og_url":"https:\/\/www.organisator.ch\/it\/marketing\/2018-08-06\/suisseemex18-der-groesste-schweizer-marketing-digital-event\/","og_site_name":"Organisator","article_publisher":"https:\/\/www.facebook.com\/OrganisatorFachmagazin","article_published_time":"2018-08-06T06:37:48+00:00","og_image":[{"width":640,"height":426,"url":"https:\/\/www.organisator.ch\/wp-content\/uploads\/2018\/08\/SuisseEMEX18-Der-groesste-Schweizer-Marketing-Digital-Event_Organisator.jpg","type":"image\/jpeg"}],"author":"thomas.berner","twitter_card":"summary_large_image","twitter_title":"#SuisseEMEX\u201918: Der gr\u00f6sste Schweizer Marketing & Digital Event","twitter_description":"Am 28. & 29. August findet der gr\u00f6sste Schweizer Marketing Event #SuisseEMEX'18 mit verschiedenen Parallel-Veranstaltungen in der Messe #Z\u00fcrich statt.","twitter_image":"https:\/\/www.organisator.ch\/wp-content\/uploads\/2018\/08\/SuisseEMEX18-Der-gr\u00f6sste-Schweizer-Marketing-Digital-Event_Organisator.jpg","schema":{"@context":"https:\/\/schema.org","@graph":[{"@type":"Article","@id":"https:\/\/www.organisator.ch\/marketing\/2018-08-06\/suisseemex18-der-groesste-schweizer-marketing-digital-event\/#article","isPartOf":{"@id":"https:\/\/www.organisator.ch\/marketing\/2018-08-06\/suisseemex18-der-groesste-schweizer-marketing-digital-event\/"},"author":{"name":"thomas.berner","@id":"https:\/\/www.organisator.ch\/#\/schema\/person\/6f650f90b2842cd4c0cc334b4e36f67e"},"headline":"SuisseEMEX\u201918: Der gr\u00f6sste Schweizer Marketing &#038; Digital Event","datePublished":"2018-08-06T06:37:48+00:00","mainEntityOfPage":{"@id":"https:\/\/www.organisator.ch\/marketing\/2018-08-06\/suisseemex18-der-groesste-schweizer-marketing-digital-event\/"},"wordCount":818,"commentCount":0,"publisher":{"@id":"https:\/\/www.organisator.ch\/#organization"},"image":{"@id":"https:\/\/www.organisator.ch\/marketing\/2018-08-06\/suisseemex18-der-groesste-schweizer-marketing-digital-event\/#primaryimage"},"thumbnailUrl":"https:\/\/www.organisator.ch\/wp-content\/uploads\/2018\/08\/SuisseEMEX18-Der-groesste-Schweizer-Marketing-Digital-Event_Organisator.jpg","keywords":["Fachkongress\/Fachmesse","Marketing","Veranstaltungen"],"articleSection":["MARKETING"],"inLanguage":"it-IT"},{"@type":"WebPage","@id":"https:\/\/www.organisator.ch\/marketing\/2018-08-06\/suisseemex18-der-groesste-schweizer-marketing-digital-event\/","url":"https:\/\/www.organisator.ch\/marketing\/2018-08-06\/suisseemex18-der-groesste-schweizer-marketing-digital-event\/","name":"SuisseEMEX'18: il pi\u00f9 grande evento svizzero di marketing e digitale - Organizzatore","isPartOf":{"@id":"https:\/\/www.organisator.ch\/#website"},"primaryImageOfPage":{"@id":"https:\/\/www.organisator.ch\/marketing\/2018-08-06\/suisseemex18-der-groesste-schweizer-marketing-digital-event\/#primaryimage"},"image":{"@id":"https:\/\/www.organisator.ch\/marketing\/2018-08-06\/suisseemex18-der-groesste-schweizer-marketing-digital-event\/#primaryimage"},"thumbnailUrl":"https:\/\/www.organisator.ch\/wp-content\/uploads\/2018\/08\/SuisseEMEX18-Der-groesste-Schweizer-Marketing-Digital-Event_Organisator.jpg","datePublished":"2018-08-06T06:37:48+00:00","description":"Il 28 e 29 agosto, presso la Messe Z\u00fcrich, si terr\u00e0 il pi\u00f9 grande evento di marketing svizzero, SuisseEMEX'18, con vari eventi paralleli.","breadcrumb":{"@id":"https:\/\/www.organisator.ch\/marketing\/2018-08-06\/suisseemex18-der-groesste-schweizer-marketing-digital-event\/#breadcrumb"},"inLanguage":"it-IT","potentialAction":[{"@type":"ReadAction","target":["https:\/\/www.organisator.ch\/marketing\/2018-08-06\/suisseemex18-der-groesste-schweizer-marketing-digital-event\/"]}]},{"@type":"ImageObject","inLanguage":"it-IT","@id":"https:\/\/www.organisator.ch\/marketing\/2018-08-06\/suisseemex18-der-groesste-schweizer-marketing-digital-event\/#primaryimage","url":"https:\/\/www.organisator.ch\/wp-content\/uploads\/2018\/08\/SuisseEMEX18-Der-groesste-Schweizer-Marketing-Digital-Event_Organisator.jpg","contentUrl":"https:\/\/www.organisator.ch\/wp-content\/uploads\/2018\/08\/SuisseEMEX18-Der-groesste-Schweizer-Marketing-Digital-Event_Organisator.jpg","width":640,"height":426,"caption":"Der Rote Teppich f\u00fcr die SuisseEMEX'18 ist ausgerollt. (Bild: suisseEMEX)"},{"@type":"BreadcrumbList","@id":"https:\/\/www.organisator.ch\/marketing\/2018-08-06\/suisseemex18-der-groesste-schweizer-marketing-digital-event\/#breadcrumb","itemListElement":[{"@type":"ListItem","position":1,"name":"Home","item":"https:\/\/www.organisator.ch\/"},{"@type":"ListItem","position":2,"name":"SuisseEMEX\u201918: Der gr\u00f6sste Schweizer Marketing &#038; Digital Event"}]},{"@type":"WebSite","@id":"https:\/\/www.organisator.ch\/#website","url":"https:\/\/www.organisator.ch\/","name":"Organizzatore","description":"Competente. Pratico. In 10 numeri all'anno, ORGANISATOR presenta i temi essenziali per i manager delle PMI.","publisher":{"@id":"https:\/\/www.organisator.ch\/#organization"},"potentialAction":[{"@type":"SearchAction","target":{"@type":"EntryPoint","urlTemplate":"https:\/\/www.organisator.ch\/?s={search_term_string}"},"query-input":{"@type":"PropertyValueSpecification","valueRequired":true,"valueName":"search_term_string"}}],"inLanguage":"it-IT"},{"@type":"Organization","@id":"https:\/\/www.organisator.ch\/#organization","name":"Organizzatore","url":"https:\/\/www.organisator.ch\/","logo":{"@type":"ImageObject","inLanguage":"it-IT","@id":"https:\/\/www.organisator.ch\/#\/schema\/logo\/image\/","url":"https:\/\/www.organisator.ch\/wp-content\/uploads\/2022\/01\/Logo_Organisator_Website.png","contentUrl":"https:\/\/www.organisator.ch\/wp-content\/uploads\/2022\/01\/Logo_Organisator_Website.png","width":800,"height":77,"caption":"Organisator"},"image":{"@id":"https:\/\/www.organisator.ch\/#\/schema\/logo\/image\/"},"sameAs":["https:\/\/www.facebook.com\/OrganisatorFachmagazin","https:\/\/www.linkedin.com\/showcase\/organisator-das-magazin-fr-kmu","https:\/\/www.xing.com\/news\/pages\/organisator-ch-695","https:\/\/www.youtube.com\/channel\/UCGP2Sq0iWaZwT3BdIAQFYpw"]},{"@type":"Person","@id":"https:\/\/www.organisator.ch\/#\/schema\/person\/6f650f90b2842cd4c0cc334b4e36f67e","name":"Tommaso.berner","image":{"@type":"ImageObject","inLanguage":"it-IT","@id":"https:\/\/secure.gravatar.com\/avatar\/ac5001d2a36cb6c6cd3e50789007ffca834b477b74a2144564522e944eabff61?s=96&d=mm&r=g","url":"https:\/\/secure.gravatar.com\/avatar\/ac5001d2a36cb6c6cd3e50789007ffca834b477b74a2144564522e944eabff61?s=96&d=mm&r=g","contentUrl":"https:\/\/secure.gravatar.com\/avatar\/ac5001d2a36cb6c6cd3e50789007ffca834b477b74a2144564522e944eabff61?s=96&d=mm&r=g","caption":"thomas.berner"},"url":"https:\/\/www.organisator.ch\/it\/author\/thomas-berner\/"}]}},"_links":{"self":[{"href":"https:\/\/www.organisator.ch\/it\/wp-json\/wp\/v2\/posts\/4010","targetHints":{"allow":["GET"]}}],"collection":[{"href":"https:\/\/www.organisator.ch\/it\/wp-json\/wp\/v2\/posts"}],"about":[{"href":"https:\/\/www.organisator.ch\/it\/wp-json\/wp\/v2\/types\/post"}],"author":[{"embeddable":true,"href":"https:\/\/www.organisator.ch\/it\/wp-json\/wp\/v2\/users\/4"}],"replies":[{"embeddable":true,"href":"https:\/\/www.organisator.ch\/it\/wp-json\/wp\/v2\/comments?post=4010"}],"version-history":[{"count":0,"href":"https:\/\/www.organisator.ch\/it\/wp-json\/wp\/v2\/posts\/4010\/revisions"}],"wp:featuredmedia":[{"embeddable":true,"href":"https:\/\/www.organisator.ch\/it\/wp-json\/wp\/v2\/media\/4011"}],"wp:attachment":[{"href":"https:\/\/www.organisator.ch\/it\/wp-json\/wp\/v2\/media?parent=4010"}],"wp:term":[{"taxonomy":"category","embeddable":true,"href":"https:\/\/www.organisator.ch\/it\/wp-json\/wp\/v2\/categories?post=4010"},{"taxonomy":"post_tag","embeddable":true,"href":"https:\/\/www.organisator.ch\/it\/wp-json\/wp\/v2\/tags?post=4010"}],"curies":[{"name":"wp","href":"https:\/\/api.w.org\/{rel}","templated":true}]}}