{"id":40112,"date":"2025-08-25T11:45:23","date_gmt":"2025-08-25T09:45:23","guid":{"rendered":"https:\/\/www.m-q.ch\/?p=21847"},"modified":"2025-08-25T11:39:49","modified_gmt":"2025-08-25T09:39:49","slug":"pollutec-2025-zentrale-themen-fuer-industrie-umwelt-staedte-und-regionen","status":"publish","type":"post","link":"https:\/\/www.organisator.ch\/it\/sustainability\/2025-08-25\/pollutec-2025-zentrale-themen-fuer-industrie-umwelt-staedte-und-regionen\/","title":{"rendered":"Pollutec 2025: temi chiave per l'industria, l'ambiente, le citt\u00e0 e le regioni"},"content":{"rendered":"<figure id=\"attachment_21848\" class=\"wp-caption alignnone\" style=\"width: 580px;\" aria-describedby=\"caption-attachment-21848\"><img class=\"size-full wp-image-21848\" src=\"https:\/\/www.m-q.ch\/wp-content\/uploads\/2025\/08\/Pollutec-2025-Zentrale-Themen-fuer-Industrie-Umwelt-Staedte-und-Regionen_MQ.jpg\" sizes=\"(max-width: 580px) 100vw, 580px\" srcset=\"https:\/\/www.m-q.ch\/wp-content\/uploads\/2025\/08\/Pollutec-2025-Zentrale-Themen-fuer-Industrie-Umwelt-Staedte-und-Regionen_MQ.jpg 580w, https:\/\/www.m-q.ch\/wp-content\/uploads\/2025\/08\/Pollutec-2025-Zentrale-Themen-fuer-Industrie-Umwelt-Staedte-und-Regionen_MQ-18x10.jpg 18w, https:\/\/www.m-q.ch\/wp-content\/uploads\/2025\/08\/Pollutec-2025-Zentrale-Themen-fuer-Industrie-Umwelt-Staedte-und-Regionen_MQ-375x211.jpg 375w\" alt=\"\" width=\"580\" height=\"326\" \/>\r\n<figcaption id=\"caption-attachment-21848\" class=\"wp-caption-text\">La fiera ambientale Pollutec 2025 si terr\u00e0 a Lione dal 7 al 10 ottobre. (Immagine: Pollutec)<\/figcaption>\r\n<\/figure>\r\n<p>Da 47 anni Pollutec \u00e8 la principale fiera europea per la protezione dell'ambiente e del clima. Si rivolge all'industria, alle citt\u00e0 e alle regioni. L'anno scorso, per la prima volta, si \u00e8 tenuto un formato aggiuntivo a Parigi, a Porte de Versailles. Tuttavia, Lione rimane una sede estremamente attraente ogni due anni: nel 2023 hanno partecipato 51.000 visitatori professionali e 2.000 espositori, tra cui 200 start-up.<\/p>\r\n<h3>Trampolino di lancio per le innovazioni ecologiche<\/h3>\r\n<p>Attualmente assistiamo a una regressione ecologica e a una diminuzione dell'impegno. Tuttavia, Pollutec continua a considerarsi un trampolino di lancio per le innovazioni ecologiche. La fiera \u00e8 convinta che il cambiamento ecologico sia una questione transnazionale e lo considera addirittura una chiave per la sovranit\u00e0 europea. La direttrice di Pollutec, Anne-Manu\u00e8le H\u00e9bert, commenta: \"Pollutec 2025 si svolge in un contesto politico insolito: purtroppo i segnali di una svolta ecologica non sono verdi. L'ambiente non \u00e8 una questione politica, l'ecologia \u00e8 una scienza. Il compito di Pollutec \u00e8 quello di presentare soluzioni per la trasformazione ecologica di aziende e regioni che possano rendere possibile un futuro pi\u00f9 vivibile. Nel farlo, perseguiamo sempre un approccio sistemico, a nostro avviso l'unico praticabile e sostenibile a lungo termine. La scienza sar\u00e0 quindi un tema centrale della prossima edizione della fiera. Perch\u00e9 senza dati affidabili, verificati e convalidati da esperti di ricerca, non faremo alcun progresso. Pollutec \u00e8 fermamente impegnata nell'azione e nel cambiamento dell'industria e delle regioni\".<\/p>\r\n<h3>Programma di supporto vario<\/h3>\r\n<p>Con la sua edizione 2025 a Lione, Pollutec rimane chiaramente incentrato sulle questioni ambientali. L'attenzione rimane focalizzata su argomenti chiave relativi alla trasformazione delle aziende.<br \/>\r\nL'evento si concentrer\u00e0 su quattro temi principali, da cui deriver\u00e0 anche il programma di supporto di Pollutec 2025:<\/p>\r\n<ul>\r\n\t<li>Salute: visualizzare l'interdipendenza tra ambiente e salute e ripensare i nostri stili di vita per creare un futuro pi\u00f9 sano e sostenibile.<\/li>\r\n\t<li>Decarbonizzazione: esplorare soluzioni innovative per ridurre efficacemente l'impronta di carbonio nell'industria e nelle regioni.<\/li>\r\n\t<li>Bioeconomia: abbandonare le risorse fossili, rafforzare le risorse locali e naturali e promuovere un'economia rigenerativa e basata sulla natura.<\/li>\r\n\t<li>Scienza: riportare la conoscenza e la ricerca al centro dei dibattiti sulle politiche ambientali.<\/li>\r\n<\/ul>\r\n<p>Anche quest'anno Pollutec offre un programma di ampio respiro internazionale, che comprende tavole rotonde con le principali menti del settore e presentazioni stimolanti: 400 conferenze specialistiche, 16 forum di discussione, i Pollutec Innovation Awards, incontri d'affari, forum e villaggi tematici, delegazioni internazionali, ecc.<\/p>\r\n<p>I biglietti sono gi\u00e0 disponibili sul sito web: <a href=\"https:\/\/www.pollutec.com\/fr-fr\/registration.html\">https:\/\/www.pollutec.com\/fr-fr\/registration.html<\/a><\/p>\n<p class=\"syndicated-attribution\">Questo articolo \u00e8 apparso originariamente su m-q.ch - <a href=\"https:\/\/www.m-q.ch\/de\/pollutec-2025-zentrale-themen-fuer-industrie-umwelt-staedte-und-regionen\/\" target=\"_blank\">https:\/\/www.m-q.ch\/de\/pollutec-2025-zentrale-themen-fuer-industrie-umwelt-staedte-und-regionen\/<\/a><\/p>","protected":false},"excerpt":{"rendered":"<p>Dal 7 al 10 ottobre 2025, l'edizione lionese di Pollutec sar\u00e0 all'insegna dell'azione e dell'innovazione. Salute, decarbonizzazione, bioeconomia e scienza saranno al centro di un programma ambizioso che affronta le principali questioni ambientali che l'industria, le regioni e i decisori pubblici devono affrontare.<\/p>","protected":false},"author":8,"featured_media":0,"comment_status":"closed","ping_status":"closed","sticky":false,"template":"","format":"standard","meta":{"_acf_changed":false,"_yoast_wpseo_focuskw":"Pollutec 2025","_yoast_wpseo_metadesc":"Gesundheit, Dekarbonisierung, Bio\u00f6konomie und Wissenschaft bilden den Kern des Programms der Pollutec 2025 (7.-10. Oktober) in Lyon.","articlekey":"","footnotes":""},"categories":[580],"tags":[103,193,358,5497,2383],"class_list":["post-40112","post","type-post","status-publish","format-standard","hentry","category-sustainability","tag-business-excellence","tag-fachkongressfachmesse","tag-nachhaltige-wirtschaft","tag-pollutec","tag-umwelttechnik"],"acf":[],"yoast_head":"<!-- This site is optimized with the Yoast SEO plugin v27.5 - https:\/\/yoast.com\/product\/yoast-seo-wordpress\/ -->\n<title>Pollutec 2025: Zentrale Themen f\u00fcr Industrie, Umwelt, St\u00e4dte und Regionen - Organisator<\/title>\n<meta name=\"description\" content=\"Gesundheit, Dekarbonisierung, Bio\u00f6konomie und Wissenschaft bilden den Kern des Programms der Pollutec 2025 (7.-10. Oktober) in Lyon.\" \/>\n<meta name=\"robots\" content=\"index, follow, max-snippet:-1, max-image-preview:large, max-video-preview:-1\" \/>\n<link rel=\"canonical\" href=\"https:\/\/www.organisator.ch\/it\/sostenibilita\/2025-08-25\/pollutec-2025-zentrale-themen-fuer-industrie-umwelt-staedte-und-regionen\/\" \/>\n<meta property=\"og:locale\" content=\"it_IT\" \/>\n<meta property=\"og:type\" content=\"article\" \/>\n<meta property=\"og:title\" content=\"Pollutec 2025: Zentrale Themen f\u00fcr Industrie, Umwelt, St\u00e4dte und Regionen - Organisator\" \/>\n<meta property=\"og:description\" content=\"Gesundheit, Dekarbonisierung, Bio\u00f6konomie und Wissenschaft bilden den Kern des Programms der Pollutec 2025 (7.-10. Oktober) in Lyon.\" \/>\n<meta property=\"og:url\" content=\"https:\/\/www.organisator.ch\/it\/sostenibilita\/2025-08-25\/pollutec-2025-zentrale-themen-fuer-industrie-umwelt-staedte-und-regionen\/\" \/>\n<meta property=\"og:site_name\" content=\"Organisator\" \/>\n<meta property=\"article:publisher\" content=\"https:\/\/www.facebook.com\/OrganisatorFachmagazin\" \/>\n<meta property=\"article:published_time\" content=\"2025-08-25T09:45:23+00:00\" \/>\n<meta name=\"author\" content=\"galledia\" \/>\n<meta name=\"twitter:card\" content=\"summary_large_image\" \/>\n<meta name=\"twitter:creator\" content=\"@admin\" \/>\n<script type=\"application\/ld+json\" class=\"yoast-schema-graph\">{\"@context\":\"https:\\\/\\\/schema.org\",\"@graph\":[{\"@type\":\"Article\",\"@id\":\"https:\\\/\\\/www.organisator.ch\\\/sustainability\\\/2025-08-25\\\/pollutec-2025-zentrale-themen-fuer-industrie-umwelt-staedte-und-regionen\\\/#article\",\"isPartOf\":{\"@id\":\"https:\\\/\\\/www.organisator.ch\\\/sustainability\\\/2025-08-25\\\/pollutec-2025-zentrale-themen-fuer-industrie-umwelt-staedte-und-regionen\\\/\"},\"author\":{\"name\":\"galledia\",\"@id\":\"https:\\\/\\\/www.organisator.ch\\\/#\\\/schema\\\/person\\\/4e51799071cd2dd1232ac003643ef5f0\"},\"headline\":\"Pollutec 2025: Zentrale Themen f\u00fcr Industrie, Umwelt, St\u00e4dte und Regionen\",\"datePublished\":\"2025-08-25T09:45:23+00:00\",\"mainEntityOfPage\":{\"@id\":\"https:\\\/\\\/www.organisator.ch\\\/sustainability\\\/2025-08-25\\\/pollutec-2025-zentrale-themen-fuer-industrie-umwelt-staedte-und-regionen\\\/\"},\"wordCount\":443,\"publisher\":{\"@id\":\"https:\\\/\\\/www.organisator.ch\\\/#organization\"},\"image\":{\"@id\":\"https:\\\/\\\/www.organisator.ch\\\/sustainability\\\/2025-08-25\\\/pollutec-2025-zentrale-themen-fuer-industrie-umwelt-staedte-und-regionen\\\/#primaryimage\"},\"thumbnailUrl\":\"https:\\\/\\\/www.m-q.ch\\\/wp-content\\\/uploads\\\/2025\\\/08\\\/Pollutec-2025-Zentrale-Themen-fuer-Industrie-Umwelt-Staedte-und-Regionen_MQ.jpg\",\"keywords\":[\"Business Excellence\",\"Fachkongress\\\/Fachmesse\",\"Nachhaltige Wirtschaft\",\"Pollutec\",\"Umwelttechnik\"],\"articleSection\":[\"SUSTAINABILITY\"],\"inLanguage\":\"it-IT\"},{\"@type\":\"WebPage\",\"@id\":\"https:\\\/\\\/www.organisator.ch\\\/sustainability\\\/2025-08-25\\\/pollutec-2025-zentrale-themen-fuer-industrie-umwelt-staedte-und-regionen\\\/\",\"url\":\"https:\\\/\\\/www.organisator.ch\\\/sustainability\\\/2025-08-25\\\/pollutec-2025-zentrale-themen-fuer-industrie-umwelt-staedte-und-regionen\\\/\",\"name\":\"Pollutec 2025: Zentrale Themen f\u00fcr Industrie, Umwelt, St\u00e4dte und Regionen - Organisator\",\"isPartOf\":{\"@id\":\"https:\\\/\\\/www.organisator.ch\\\/#website\"},\"primaryImageOfPage\":{\"@id\":\"https:\\\/\\\/www.organisator.ch\\\/sustainability\\\/2025-08-25\\\/pollutec-2025-zentrale-themen-fuer-industrie-umwelt-staedte-und-regionen\\\/#primaryimage\"},\"image\":{\"@id\":\"https:\\\/\\\/www.organisator.ch\\\/sustainability\\\/2025-08-25\\\/pollutec-2025-zentrale-themen-fuer-industrie-umwelt-staedte-und-regionen\\\/#primaryimage\"},\"thumbnailUrl\":\"https:\\\/\\\/www.m-q.ch\\\/wp-content\\\/uploads\\\/2025\\\/08\\\/Pollutec-2025-Zentrale-Themen-fuer-Industrie-Umwelt-Staedte-und-Regionen_MQ.jpg\",\"datePublished\":\"2025-08-25T09:45:23+00:00\",\"description\":\"Gesundheit, Dekarbonisierung, Bio\u00f6konomie und Wissenschaft bilden den Kern des Programms der Pollutec 2025 (7.-10. Oktober) in Lyon.\",\"breadcrumb\":{\"@id\":\"https:\\\/\\\/www.organisator.ch\\\/sustainability\\\/2025-08-25\\\/pollutec-2025-zentrale-themen-fuer-industrie-umwelt-staedte-und-regionen\\\/#breadcrumb\"},\"inLanguage\":\"it-IT\",\"potentialAction\":[{\"@type\":\"ReadAction\",\"target\":[\"https:\\\/\\\/www.organisator.ch\\\/sustainability\\\/2025-08-25\\\/pollutec-2025-zentrale-themen-fuer-industrie-umwelt-staedte-und-regionen\\\/\"]}]},{\"@type\":\"ImageObject\",\"inLanguage\":\"it-IT\",\"@id\":\"https:\\\/\\\/www.organisator.ch\\\/sustainability\\\/2025-08-25\\\/pollutec-2025-zentrale-themen-fuer-industrie-umwelt-staedte-und-regionen\\\/#primaryimage\",\"url\":\"https:\\\/\\\/www.m-q.ch\\\/wp-content\\\/uploads\\\/2025\\\/08\\\/Pollutec-2025-Zentrale-Themen-fuer-Industrie-Umwelt-Staedte-und-Regionen_MQ.jpg\",\"contentUrl\":\"https:\\\/\\\/www.m-q.ch\\\/wp-content\\\/uploads\\\/2025\\\/08\\\/Pollutec-2025-Zentrale-Themen-fuer-Industrie-Umwelt-Staedte-und-Regionen_MQ.jpg\"},{\"@type\":\"BreadcrumbList\",\"@id\":\"https:\\\/\\\/www.organisator.ch\\\/sustainability\\\/2025-08-25\\\/pollutec-2025-zentrale-themen-fuer-industrie-umwelt-staedte-und-regionen\\\/#breadcrumb\",\"itemListElement\":[{\"@type\":\"ListItem\",\"position\":1,\"name\":\"Home\",\"item\":\"https:\\\/\\\/www.organisator.ch\\\/\"},{\"@type\":\"ListItem\",\"position\":2,\"name\":\"Pollutec 2025: Zentrale Themen f\u00fcr Industrie, Umwelt, St\u00e4dte und Regionen\"}]},{\"@type\":\"WebSite\",\"@id\":\"https:\\\/\\\/www.organisator.ch\\\/#website\",\"url\":\"https:\\\/\\\/www.organisator.ch\\\/\",\"name\":\"Organisator\",\"description\":\"Kompetent. Praxisnah. Der ORGANISATOR bereitet in 10 Ausgaben pro Jahr die wesentlichen Themen f\u00fcr F\u00fchrungskr\u00e4fte von KMU auf.\",\"publisher\":{\"@id\":\"https:\\\/\\\/www.organisator.ch\\\/#organization\"},\"potentialAction\":[{\"@type\":\"SearchAction\",\"target\":{\"@type\":\"EntryPoint\",\"urlTemplate\":\"https:\\\/\\\/www.organisator.ch\\\/?s={search_term_string}\"},\"query-input\":{\"@type\":\"PropertyValueSpecification\",\"valueRequired\":true,\"valueName\":\"search_term_string\"}}],\"inLanguage\":\"it-IT\"},{\"@type\":\"Organization\",\"@id\":\"https:\\\/\\\/www.organisator.ch\\\/#organization\",\"name\":\"Organisator\",\"url\":\"https:\\\/\\\/www.organisator.ch\\\/\",\"logo\":{\"@type\":\"ImageObject\",\"inLanguage\":\"it-IT\",\"@id\":\"https:\\\/\\\/www.organisator.ch\\\/#\\\/schema\\\/logo\\\/image\\\/\",\"url\":\"https:\\\/\\\/www.organisator.ch\\\/wp-content\\\/uploads\\\/2022\\\/01\\\/Logo_Organisator_Website.png\",\"contentUrl\":\"https:\\\/\\\/www.organisator.ch\\\/wp-content\\\/uploads\\\/2022\\\/01\\\/Logo_Organisator_Website.png\",\"width\":800,\"height\":77,\"caption\":\"Organisator\"},\"image\":{\"@id\":\"https:\\\/\\\/www.organisator.ch\\\/#\\\/schema\\\/logo\\\/image\\\/\"},\"sameAs\":[\"https:\\\/\\\/www.facebook.com\\\/OrganisatorFachmagazin\",\"https:\\\/\\\/www.linkedin.com\\\/showcase\\\/organisator-das-magazin-fr-kmu\",\"https:\\\/\\\/www.xing.com\\\/news\\\/pages\\\/organisator-ch-695\",\"https:\\\/\\\/www.youtube.com\\\/channel\\\/UCGP2Sq0iWaZwT3BdIAQFYpw\"]},{\"@type\":\"Person\",\"@id\":\"https:\\\/\\\/www.organisator.ch\\\/#\\\/schema\\\/person\\\/4e51799071cd2dd1232ac003643ef5f0\",\"name\":\"galledia\",\"image\":{\"@type\":\"ImageObject\",\"inLanguage\":\"it-IT\",\"@id\":\"https:\\\/\\\/secure.gravatar.com\\\/avatar\\\/78a7f90c01fc2bfc875782a0d4922b37cde2cf184ce347b91316d23cd7f69a36?s=96&d=mm&r=g\",\"url\":\"https:\\\/\\\/secure.gravatar.com\\\/avatar\\\/78a7f90c01fc2bfc875782a0d4922b37cde2cf184ce347b91316d23cd7f69a36?s=96&d=mm&r=g\",\"contentUrl\":\"https:\\\/\\\/secure.gravatar.com\\\/avatar\\\/78a7f90c01fc2bfc875782a0d4922b37cde2cf184ce347b91316d23cd7f69a36?s=96&d=mm&r=g\",\"caption\":\"galledia\"},\"sameAs\":[\"https:\\\/\\\/x.com\\\/admin\"],\"url\":\"https:\\\/\\\/www.organisator.ch\\\/it\\\/author\\\/galledia\\\/\"}]}<\/script>\n<!-- \/ Yoast SEO plugin. -->","yoast_head_json":{"title":"Pollutec 2025: temi chiave per l'industria, l'ambiente, le citt\u00e0 e le regioni - Organizzatore","description":"Salute, decarbonizzazione, bioeconomia e scienza sono al centro del programma Pollutec 2025 (7-10 ottobre) a Lione.","robots":{"index":"index","follow":"follow","max-snippet":"max-snippet:-1","max-image-preview":"max-image-preview:large","max-video-preview":"max-video-preview:-1"},"canonical":"https:\/\/www.organisator.ch\/it\/sostenibilita\/2025-08-25\/pollutec-2025-zentrale-themen-fuer-industrie-umwelt-staedte-und-regionen\/","og_locale":"it_IT","og_type":"article","og_title":"Pollutec 2025: Zentrale Themen f\u00fcr Industrie, Umwelt, St\u00e4dte und Regionen - Organisator","og_description":"Gesundheit, Dekarbonisierung, Bio\u00f6konomie und Wissenschaft bilden den Kern des Programms der Pollutec 2025 (7.-10. Oktober) in Lyon.","og_url":"https:\/\/www.organisator.ch\/it\/sostenibilita\/2025-08-25\/pollutec-2025-zentrale-themen-fuer-industrie-umwelt-staedte-und-regionen\/","og_site_name":"Organisator","article_publisher":"https:\/\/www.facebook.com\/OrganisatorFachmagazin","article_published_time":"2025-08-25T09:45:23+00:00","author":"galledia","twitter_card":"summary_large_image","twitter_creator":"@admin","schema":{"@context":"https:\/\/schema.org","@graph":[{"@type":"Article","@id":"https:\/\/www.organisator.ch\/sustainability\/2025-08-25\/pollutec-2025-zentrale-themen-fuer-industrie-umwelt-staedte-und-regionen\/#article","isPartOf":{"@id":"https:\/\/www.organisator.ch\/sustainability\/2025-08-25\/pollutec-2025-zentrale-themen-fuer-industrie-umwelt-staedte-und-regionen\/"},"author":{"name":"galledia","@id":"https:\/\/www.organisator.ch\/#\/schema\/person\/4e51799071cd2dd1232ac003643ef5f0"},"headline":"Pollutec 2025: Zentrale Themen f\u00fcr Industrie, Umwelt, St\u00e4dte und Regionen","datePublished":"2025-08-25T09:45:23+00:00","mainEntityOfPage":{"@id":"https:\/\/www.organisator.ch\/sustainability\/2025-08-25\/pollutec-2025-zentrale-themen-fuer-industrie-umwelt-staedte-und-regionen\/"},"wordCount":443,"publisher":{"@id":"https:\/\/www.organisator.ch\/#organization"},"image":{"@id":"https:\/\/www.organisator.ch\/sustainability\/2025-08-25\/pollutec-2025-zentrale-themen-fuer-industrie-umwelt-staedte-und-regionen\/#primaryimage"},"thumbnailUrl":"https:\/\/www.m-q.ch\/wp-content\/uploads\/2025\/08\/Pollutec-2025-Zentrale-Themen-fuer-Industrie-Umwelt-Staedte-und-Regionen_MQ.jpg","keywords":["Business Excellence","Fachkongress\/Fachmesse","Nachhaltige Wirtschaft","Pollutec","Umwelttechnik"],"articleSection":["SUSTAINABILITY"],"inLanguage":"it-IT"},{"@type":"WebPage","@id":"https:\/\/www.organisator.ch\/sustainability\/2025-08-25\/pollutec-2025-zentrale-themen-fuer-industrie-umwelt-staedte-und-regionen\/","url":"https:\/\/www.organisator.ch\/sustainability\/2025-08-25\/pollutec-2025-zentrale-themen-fuer-industrie-umwelt-staedte-und-regionen\/","name":"Pollutec 2025: temi chiave per l'industria, l'ambiente, le citt\u00e0 e le regioni - Organizzatore","isPartOf":{"@id":"https:\/\/www.organisator.ch\/#website"},"primaryImageOfPage":{"@id":"https:\/\/www.organisator.ch\/sustainability\/2025-08-25\/pollutec-2025-zentrale-themen-fuer-industrie-umwelt-staedte-und-regionen\/#primaryimage"},"image":{"@id":"https:\/\/www.organisator.ch\/sustainability\/2025-08-25\/pollutec-2025-zentrale-themen-fuer-industrie-umwelt-staedte-und-regionen\/#primaryimage"},"thumbnailUrl":"https:\/\/www.m-q.ch\/wp-content\/uploads\/2025\/08\/Pollutec-2025-Zentrale-Themen-fuer-Industrie-Umwelt-Staedte-und-Regionen_MQ.jpg","datePublished":"2025-08-25T09:45:23+00:00","description":"Salute, decarbonizzazione, bioeconomia e scienza sono al centro del programma Pollutec 2025 (7-10 ottobre) a Lione.","breadcrumb":{"@id":"https:\/\/www.organisator.ch\/sustainability\/2025-08-25\/pollutec-2025-zentrale-themen-fuer-industrie-umwelt-staedte-und-regionen\/#breadcrumb"},"inLanguage":"it-IT","potentialAction":[{"@type":"ReadAction","target":["https:\/\/www.organisator.ch\/sustainability\/2025-08-25\/pollutec-2025-zentrale-themen-fuer-industrie-umwelt-staedte-und-regionen\/"]}]},{"@type":"ImageObject","inLanguage":"it-IT","@id":"https:\/\/www.organisator.ch\/sustainability\/2025-08-25\/pollutec-2025-zentrale-themen-fuer-industrie-umwelt-staedte-und-regionen\/#primaryimage","url":"https:\/\/www.m-q.ch\/wp-content\/uploads\/2025\/08\/Pollutec-2025-Zentrale-Themen-fuer-Industrie-Umwelt-Staedte-und-Regionen_MQ.jpg","contentUrl":"https:\/\/www.m-q.ch\/wp-content\/uploads\/2025\/08\/Pollutec-2025-Zentrale-Themen-fuer-Industrie-Umwelt-Staedte-und-Regionen_MQ.jpg"},{"@type":"BreadcrumbList","@id":"https:\/\/www.organisator.ch\/sustainability\/2025-08-25\/pollutec-2025-zentrale-themen-fuer-industrie-umwelt-staedte-und-regionen\/#breadcrumb","itemListElement":[{"@type":"ListItem","position":1,"name":"Home","item":"https:\/\/www.organisator.ch\/"},{"@type":"ListItem","position":2,"name":"Pollutec 2025: Zentrale Themen f\u00fcr Industrie, Umwelt, St\u00e4dte und Regionen"}]},{"@type":"WebSite","@id":"https:\/\/www.organisator.ch\/#website","url":"https:\/\/www.organisator.ch\/","name":"Organizzatore","description":"Competente. Pratico. In 10 numeri all'anno, ORGANISATOR presenta i temi essenziali per i manager delle PMI.","publisher":{"@id":"https:\/\/www.organisator.ch\/#organization"},"potentialAction":[{"@type":"SearchAction","target":{"@type":"EntryPoint","urlTemplate":"https:\/\/www.organisator.ch\/?s={search_term_string}"},"query-input":{"@type":"PropertyValueSpecification","valueRequired":true,"valueName":"search_term_string"}}],"inLanguage":"it-IT"},{"@type":"Organization","@id":"https:\/\/www.organisator.ch\/#organization","name":"Organizzatore","url":"https:\/\/www.organisator.ch\/","logo":{"@type":"ImageObject","inLanguage":"it-IT","@id":"https:\/\/www.organisator.ch\/#\/schema\/logo\/image\/","url":"https:\/\/www.organisator.ch\/wp-content\/uploads\/2022\/01\/Logo_Organisator_Website.png","contentUrl":"https:\/\/www.organisator.ch\/wp-content\/uploads\/2022\/01\/Logo_Organisator_Website.png","width":800,"height":77,"caption":"Organisator"},"image":{"@id":"https:\/\/www.organisator.ch\/#\/schema\/logo\/image\/"},"sameAs":["https:\/\/www.facebook.com\/OrganisatorFachmagazin","https:\/\/www.linkedin.com\/showcase\/organisator-das-magazin-fr-kmu","https:\/\/www.xing.com\/news\/pages\/organisator-ch-695","https:\/\/www.youtube.com\/channel\/UCGP2Sq0iWaZwT3BdIAQFYpw"]},{"@type":"Person","@id":"https:\/\/www.organisator.ch\/#\/schema\/person\/4e51799071cd2dd1232ac003643ef5f0","name":"galledia","image":{"@type":"ImageObject","inLanguage":"it-IT","@id":"https:\/\/secure.gravatar.com\/avatar\/78a7f90c01fc2bfc875782a0d4922b37cde2cf184ce347b91316d23cd7f69a36?s=96&d=mm&r=g","url":"https:\/\/secure.gravatar.com\/avatar\/78a7f90c01fc2bfc875782a0d4922b37cde2cf184ce347b91316d23cd7f69a36?s=96&d=mm&r=g","contentUrl":"https:\/\/secure.gravatar.com\/avatar\/78a7f90c01fc2bfc875782a0d4922b37cde2cf184ce347b91316d23cd7f69a36?s=96&d=mm&r=g","caption":"galledia"},"sameAs":["https:\/\/x.com\/admin"],"url":"https:\/\/www.organisator.ch\/it\/author\/galledia\/"}]}},"_links":{"self":[{"href":"https:\/\/www.organisator.ch\/it\/wp-json\/wp\/v2\/posts\/40112","targetHints":{"allow":["GET"]}}],"collection":[{"href":"https:\/\/www.organisator.ch\/it\/wp-json\/wp\/v2\/posts"}],"about":[{"href":"https:\/\/www.organisator.ch\/it\/wp-json\/wp\/v2\/types\/post"}],"author":[{"embeddable":true,"href":"https:\/\/www.organisator.ch\/it\/wp-json\/wp\/v2\/users\/8"}],"replies":[{"embeddable":true,"href":"https:\/\/www.organisator.ch\/it\/wp-json\/wp\/v2\/comments?post=40112"}],"version-history":[{"count":5,"href":"https:\/\/www.organisator.ch\/it\/wp-json\/wp\/v2\/posts\/40112\/revisions"}],"predecessor-version":[{"id":40122,"href":"https:\/\/www.organisator.ch\/it\/wp-json\/wp\/v2\/posts\/40112\/revisions\/40122"}],"wp:attachment":[{"href":"https:\/\/www.organisator.ch\/it\/wp-json\/wp\/v2\/media?parent=40112"}],"wp:term":[{"taxonomy":"category","embeddable":true,"href":"https:\/\/www.organisator.ch\/it\/wp-json\/wp\/v2\/categories?post=40112"},{"taxonomy":"post_tag","embeddable":true,"href":"https:\/\/www.organisator.ch\/it\/wp-json\/wp\/v2\/tags?post=40112"}],"curies":[{"name":"wp","href":"https:\/\/api.w.org\/{rel}","templated":true}]}}