{"id":40186,"date":"2025-08-28T14:47:09","date_gmt":"2025-08-28T12:47:09","guid":{"rendered":"https:\/\/www.m-q.ch\/?p=21857"},"modified":"2025-08-28T14:41:14","modified_gmt":"2025-08-28T12:41:14","slug":"ki-gefaehrdet-und-schuetzt-identitaeten-gleichzeitig","status":"publish","type":"post","link":"https:\/\/www.organisator.ch\/it\/operational-excellence\/2025-08-28\/ki-gefaehrdet-und-schuetzt-identitaeten-gleichzeitig\/","title":{"rendered":"L'intelligenza artificiale mette a rischio e protegge le identit\u00e0, allo stesso tempo"},"content":{"rendered":"<figure id=\"attachment_21858\" class=\"wp-caption alignnone\" style=\"width: 680px;\" aria-describedby=\"caption-attachment-21858\"><img class=\"size-full wp-image-21858\" src=\"https:\/\/www.m-q.ch\/wp-content\/uploads\/2025\/08\/KI-gefaehrdet-und-schuetzt-Identitaeten-%E2%80%93-gleichzeitig_MQ.png\" sizes=\"(max-width: 680px) 100vw, 680px\" srcset=\"https:\/\/www.m-q.ch\/wp-content\/uploads\/2025\/08\/KI-gefaehrdet-und-schuetzt-Identitaeten-\u2013-gleichzeitig_MQ.png 680w, https:\/\/www.m-q.ch\/wp-content\/uploads\/2025\/08\/KI-gefaehrdet-und-schuetzt-Identitaeten-\u2013-gleichzeitig_MQ-18x10.png 18w, https:\/\/www.m-q.ch\/wp-content\/uploads\/2025\/08\/KI-gefaehrdet-und-schuetzt-Identitaeten-\u2013-gleichzeitig_MQ-375x218.png 375w, https:\/\/www.m-q.ch\/wp-content\/uploads\/2025\/08\/KI-gefaehrdet-und-schuetzt-Identitaeten-\u2013-gleichzeitig_MQ-601x350.png 601w\" alt=\"\" width=\"680\" height=\"396\" \/>\r\n<figcaption id=\"caption-attachment-21858\" class=\"wp-caption-text\">Solo un terzo dei manager intervistati ritiene che la protezione contro gli attacchi all'identit\u00e0 sia sufficientemente elevata. (Grafico: Cisco)<\/figcaption>\r\n<\/figure>\r\n<p>Il risultato principale dello studio DUO: il phishing basato sull'intelligenza artificiale \u00e8 una delle maggiori minacce alle identit\u00e0 nel 2025, secondo 34 % dei dirigenti intervistati. Allo stesso tempo, l'intelligenza artificiale sta anche modernizzando la protezione delle identit\u00e0. L'87 % delle aziende in Europa sta introducendo soluzioni di sicurezza adeguate nelle proprie reti aziendali per scongiurare gli attacchi basati sull'IA.\u00a0<\/p>\r\n<h3><strong>Rischi significativi per la sicurezza dell'identit\u00e0<\/strong><\/h3>\r\n<p>Sebbene i dirigenti riconoscano l'importanza della sicurezza delle identit\u00e0, ci sono grandi lacune in termini di fiducia e di implementazione. Secondo lo studio, solo un terzo (34 %) dei dirigenti europei ritiene che il loro attuale fornitore di identit\u00e0 (IdP) sia in grado di prevenire gli attacchi alle identit\u00e0. Ci\u00f2 \u00e8 dovuto in parte alla complessit\u00e0 dei sistemi e alla mancanza di trasparenza sulle potenziali vulnerabilit\u00e0.<\/p>\r\n<p>Ben 96 % dei dirigenti affermano che un'infrastruttura di identit\u00e0 complessa influisce sulla sicurezza generale. Inoltre, l'88 % ammette di non avere una visione completa dei rischi legati all'identit\u00e0 nella propria organizzazione. Non c'\u00e8 da stupirsi: in media, i team IT e di sicurezza utilizzano cinque strumenti per risolvere un problema di identit\u00e0.<\/p>\r\n<p>Le conseguenze possono essere costose. Quasi la met\u00e0 (48 %) dei responsabili delle decisioni riporta perdite finanziarie dovute al furto di identit\u00e0. In risposta a questo rischio, 76 % hanno gi\u00e0 aumentato i loro investimenti nella sicurezza dell'identit\u00e0 per il 2025.<\/p>\r\n<h3>Phishing costante e lacune nell'MFA<\/h3>\r\n<p>Ci\u00f2 \u00e8 particolarmente importante alla luce della costante minaccia del phishing, che richiede l'implementazione completa dell'autenticazione a pi\u00f9 fattori (MFA). Tuttavia, mentre l'88 % dei dirigenti ritiene che l'MFA resistente al phishing sia fondamentale per la loro sicurezza, solo il 32 % \u00e8 fiducioso nei propri controlli contro il phishing.<\/p>\r\n<p>Tuttavia, 42 % di aziende europee hanno gi\u00e0 introdotto i token FIDO2 per l'MFA resistente al phishing. I token hardware conformi agli standard della FIDO Alliance (Fast IDentity Online) sono collegati a un computer come una chiavetta USB, ad esempio, e offrono un elevato livello di sicurezza poich\u00e9 la chiave privata rimane sul dispositivo. Tuttavia, questi token sono spesso riservati a utenti privilegiati a causa dei costi di gestione (59 %), dei costi dell'hardware (47 %) e della formazione aggiuntiva (44 %). Almeno 52 % dei manager vogliono introdurre l'accesso senza password, ma si aspettano che l'implementazione sia impegnativa.<\/p>\r\n<h3>70% vuole consolidare i fornitori - anche per migliorare la trasparenza in tempo reale<\/h3>\r\n<p>In generale, la sicurezza delle identit\u00e0 presenta una serie di ostacoli. Ad esempio, ben l'80 % dei responsabili IT ammette che le soluzioni per la sicurezza delle identit\u00e0 vengono aggiunte in un secondo momento alla pianificazione dell'infrastruttura, anzich\u00e9 essere integrate fin dall'inizio. Ci\u00f2 pu\u00f2 comportare costi aggiuntivi, complessit\u00e0 e scarsa trasparenza. Per migliorare questo aspetto, il 70 % dei team sta cercando attivamente di consolidare i fornitori.<\/p>\r\n<p>Inoltre, la visibilit\u00e0 in tempo reale del comportamento delle identit\u00e0 e dei dispositivi \u00e8 necessaria ai team di sicurezza e IT per prendere decisioni informate. Dopotutto, 53 % delle aziende hanno attualmente una telemetria delle identit\u00e0 e dei dispositivi completamente integrata.<\/p>\r\n<p>\"Le aziende hanno bisogno di soluzioni di identit\u00e0 moderne che diano priorit\u00e0 alla sicurezza senza compromettere la facilit\u00e0 d'uso\", riassume Christopher Tighe, General Manager di Cisco Svizzera. \"Solo un IAM (identity and access management) orientato alla sicurezza nella rete aziendale garantisce una forte protezione dell'identit\u00e0 contro gli attacchi dell'IA\".<\/p>\n<p class=\"syndicated-attribution\">Questo articolo \u00e8 apparso originariamente su m-q.ch - <a href=\"https:\/\/www.m-q.ch\/de\/ki-gefaehrdet-und-schuetzt-identitaeten-gleichzeitig\/\" target=\"_blank\">https:\/\/www.m-q.ch\/de\/ki-gefaehrdet-und-schuetzt-identitaeten-gleichzeitig\/<\/a><\/p>","protected":false},"excerpt":{"rendered":"<p>L'intelligenza artificiale \u00e8 un'arma a doppio taglio, come dimostra il nuovo studio Cisco DUO \"2025 State of Identity Security\", per il quale sono stati intervistati 325 responsabili IT e della sicurezza in Europa.<\/p>","protected":false},"author":8,"featured_media":0,"comment_status":"closed","ping_status":"closed","sticky":false,"template":"","format":"standard","meta":{"_acf_changed":false,"_yoast_wpseo_focuskw":"Identit\u00e4ten","_yoast_wpseo_metadesc":"Eine neue Studie zeigt: K\u00fcnstliche Intelligenz ist ein zweischneidiges Schwert \u2013 auch beim Management von Identit\u00e4ten.","articlekey":"","footnotes":""},"categories":[582],"tags":[4796,5501,319,418,459],"class_list":["post-40186","post","type-post","status-publish","format-standard","hentry","category-operational-excellence","tag-identitaet","tag-identity-und-access-management","tag-kuenstliche-intelligenz","tag-risikomanagement","tag-studie"],"acf":[],"yoast_head":"<!-- This site is optimized with the Yoast SEO plugin v27.4 - https:\/\/yoast.com\/product\/yoast-seo-wordpress\/ -->\n<title>KI gef\u00e4hrdet und sch\u00fctzt Identit\u00e4ten \u2013 gleichzeitig - Organisator<\/title>\n<meta name=\"description\" content=\"Eine neue Studie zeigt: K\u00fcnstliche Intelligenz ist ein zweischneidiges Schwert \u2013 auch beim Management von Identit\u00e4ten.\" \/>\n<meta name=\"robots\" content=\"index, follow, max-snippet:-1, max-image-preview:large, max-video-preview:-1\" \/>\n<link rel=\"canonical\" href=\"https:\/\/www.organisator.ch\/it\/eccellenza-operativa\/2025-08-28\/ki-gefaehrdet-und-schuetzt-identitaeten-gleichzeitig\/\" \/>\n<meta property=\"og:locale\" content=\"it_IT\" \/>\n<meta property=\"og:type\" content=\"article\" \/>\n<meta property=\"og:title\" content=\"KI gef\u00e4hrdet und sch\u00fctzt Identit\u00e4ten \u2013 gleichzeitig - Organisator\" \/>\n<meta property=\"og:description\" content=\"Eine neue Studie zeigt: K\u00fcnstliche Intelligenz ist ein zweischneidiges Schwert \u2013 auch beim Management von Identit\u00e4ten.\" \/>\n<meta property=\"og:url\" content=\"https:\/\/www.organisator.ch\/it\/eccellenza-operativa\/2025-08-28\/ki-gefaehrdet-und-schuetzt-identitaeten-gleichzeitig\/\" \/>\n<meta property=\"og:site_name\" content=\"Organisator\" \/>\n<meta property=\"article:publisher\" content=\"https:\/\/www.facebook.com\/OrganisatorFachmagazin\" \/>\n<meta property=\"article:published_time\" content=\"2025-08-28T12:47:09+00:00\" \/>\n<meta name=\"author\" content=\"galledia\" \/>\n<meta name=\"twitter:card\" content=\"summary_large_image\" \/>\n<meta name=\"twitter:creator\" content=\"@admin\" \/>\n<script type=\"application\/ld+json\" class=\"yoast-schema-graph\">{\"@context\":\"https:\\\/\\\/schema.org\",\"@graph\":[{\"@type\":\"Article\",\"@id\":\"https:\\\/\\\/www.organisator.ch\\\/operational-excellence\\\/2025-08-28\\\/ki-gefaehrdet-und-schuetzt-identitaeten-gleichzeitig\\\/#article\",\"isPartOf\":{\"@id\":\"https:\\\/\\\/www.organisator.ch\\\/operational-excellence\\\/2025-08-28\\\/ki-gefaehrdet-und-schuetzt-identitaeten-gleichzeitig\\\/\"},\"author\":{\"name\":\"galledia\",\"@id\":\"https:\\\/\\\/www.organisator.ch\\\/#\\\/schema\\\/person\\\/4e51799071cd2dd1232ac003643ef5f0\"},\"headline\":\"KI gef\u00e4hrdet und sch\u00fctzt Identit\u00e4ten \u2013 gleichzeitig\",\"datePublished\":\"2025-08-28T12:47:09+00:00\",\"mainEntityOfPage\":{\"@id\":\"https:\\\/\\\/www.organisator.ch\\\/operational-excellence\\\/2025-08-28\\\/ki-gefaehrdet-und-schuetzt-identitaeten-gleichzeitig\\\/\"},\"wordCount\":526,\"publisher\":{\"@id\":\"https:\\\/\\\/www.organisator.ch\\\/#organization\"},\"image\":{\"@id\":\"https:\\\/\\\/www.organisator.ch\\\/operational-excellence\\\/2025-08-28\\\/ki-gefaehrdet-und-schuetzt-identitaeten-gleichzeitig\\\/#primaryimage\"},\"thumbnailUrl\":\"https:\\\/\\\/www.m-q.ch\\\/wp-content\\\/uploads\\\/2025\\\/08\\\/KI-gefaehrdet-und-schuetzt-Identitaeten-%E2%80%93-gleichzeitig_MQ.png\",\"keywords\":[\"Identit\u00e4t\",\"Identity und Access Management\",\"K\u00fcnstliche Intelligenz\",\"Risikomanagement\",\"Studie\"],\"articleSection\":[\"OPERATIONAL EXCELLENCE\"],\"inLanguage\":\"it-IT\"},{\"@type\":\"WebPage\",\"@id\":\"https:\\\/\\\/www.organisator.ch\\\/operational-excellence\\\/2025-08-28\\\/ki-gefaehrdet-und-schuetzt-identitaeten-gleichzeitig\\\/\",\"url\":\"https:\\\/\\\/www.organisator.ch\\\/operational-excellence\\\/2025-08-28\\\/ki-gefaehrdet-und-schuetzt-identitaeten-gleichzeitig\\\/\",\"name\":\"KI gef\u00e4hrdet und sch\u00fctzt Identit\u00e4ten \u2013 gleichzeitig - Organisator\",\"isPartOf\":{\"@id\":\"https:\\\/\\\/www.organisator.ch\\\/#website\"},\"primaryImageOfPage\":{\"@id\":\"https:\\\/\\\/www.organisator.ch\\\/operational-excellence\\\/2025-08-28\\\/ki-gefaehrdet-und-schuetzt-identitaeten-gleichzeitig\\\/#primaryimage\"},\"image\":{\"@id\":\"https:\\\/\\\/www.organisator.ch\\\/operational-excellence\\\/2025-08-28\\\/ki-gefaehrdet-und-schuetzt-identitaeten-gleichzeitig\\\/#primaryimage\"},\"thumbnailUrl\":\"https:\\\/\\\/www.m-q.ch\\\/wp-content\\\/uploads\\\/2025\\\/08\\\/KI-gefaehrdet-und-schuetzt-Identitaeten-%E2%80%93-gleichzeitig_MQ.png\",\"datePublished\":\"2025-08-28T12:47:09+00:00\",\"description\":\"Eine neue Studie zeigt: K\u00fcnstliche Intelligenz ist ein zweischneidiges Schwert \u2013 auch beim Management von Identit\u00e4ten.\",\"breadcrumb\":{\"@id\":\"https:\\\/\\\/www.organisator.ch\\\/operational-excellence\\\/2025-08-28\\\/ki-gefaehrdet-und-schuetzt-identitaeten-gleichzeitig\\\/#breadcrumb\"},\"inLanguage\":\"it-IT\",\"potentialAction\":[{\"@type\":\"ReadAction\",\"target\":[\"https:\\\/\\\/www.organisator.ch\\\/operational-excellence\\\/2025-08-28\\\/ki-gefaehrdet-und-schuetzt-identitaeten-gleichzeitig\\\/\"]}]},{\"@type\":\"ImageObject\",\"inLanguage\":\"it-IT\",\"@id\":\"https:\\\/\\\/www.organisator.ch\\\/operational-excellence\\\/2025-08-28\\\/ki-gefaehrdet-und-schuetzt-identitaeten-gleichzeitig\\\/#primaryimage\",\"url\":\"https:\\\/\\\/www.m-q.ch\\\/wp-content\\\/uploads\\\/2025\\\/08\\\/KI-gefaehrdet-und-schuetzt-Identitaeten-%E2%80%93-gleichzeitig_MQ.png\",\"contentUrl\":\"https:\\\/\\\/www.m-q.ch\\\/wp-content\\\/uploads\\\/2025\\\/08\\\/KI-gefaehrdet-und-schuetzt-Identitaeten-%E2%80%93-gleichzeitig_MQ.png\"},{\"@type\":\"BreadcrumbList\",\"@id\":\"https:\\\/\\\/www.organisator.ch\\\/operational-excellence\\\/2025-08-28\\\/ki-gefaehrdet-und-schuetzt-identitaeten-gleichzeitig\\\/#breadcrumb\",\"itemListElement\":[{\"@type\":\"ListItem\",\"position\":1,\"name\":\"Home\",\"item\":\"https:\\\/\\\/www.organisator.ch\\\/\"},{\"@type\":\"ListItem\",\"position\":2,\"name\":\"KI gef\u00e4hrdet und sch\u00fctzt Identit\u00e4ten \u2013 gleichzeitig\"}]},{\"@type\":\"WebSite\",\"@id\":\"https:\\\/\\\/www.organisator.ch\\\/#website\",\"url\":\"https:\\\/\\\/www.organisator.ch\\\/\",\"name\":\"Organisator\",\"description\":\"Kompetent. Praxisnah. Der ORGANISATOR bereitet in 10 Ausgaben pro Jahr die wesentlichen Themen f\u00fcr F\u00fchrungskr\u00e4fte von KMU auf.\",\"publisher\":{\"@id\":\"https:\\\/\\\/www.organisator.ch\\\/#organization\"},\"potentialAction\":[{\"@type\":\"SearchAction\",\"target\":{\"@type\":\"EntryPoint\",\"urlTemplate\":\"https:\\\/\\\/www.organisator.ch\\\/?s={search_term_string}\"},\"query-input\":{\"@type\":\"PropertyValueSpecification\",\"valueRequired\":true,\"valueName\":\"search_term_string\"}}],\"inLanguage\":\"it-IT\"},{\"@type\":\"Organization\",\"@id\":\"https:\\\/\\\/www.organisator.ch\\\/#organization\",\"name\":\"Organisator\",\"url\":\"https:\\\/\\\/www.organisator.ch\\\/\",\"logo\":{\"@type\":\"ImageObject\",\"inLanguage\":\"it-IT\",\"@id\":\"https:\\\/\\\/www.organisator.ch\\\/#\\\/schema\\\/logo\\\/image\\\/\",\"url\":\"https:\\\/\\\/www.organisator.ch\\\/wp-content\\\/uploads\\\/2022\\\/01\\\/Logo_Organisator_Website.png\",\"contentUrl\":\"https:\\\/\\\/www.organisator.ch\\\/wp-content\\\/uploads\\\/2022\\\/01\\\/Logo_Organisator_Website.png\",\"width\":800,\"height\":77,\"caption\":\"Organisator\"},\"image\":{\"@id\":\"https:\\\/\\\/www.organisator.ch\\\/#\\\/schema\\\/logo\\\/image\\\/\"},\"sameAs\":[\"https:\\\/\\\/www.facebook.com\\\/OrganisatorFachmagazin\",\"https:\\\/\\\/www.linkedin.com\\\/showcase\\\/organisator-das-magazin-fr-kmu\",\"https:\\\/\\\/www.xing.com\\\/news\\\/pages\\\/organisator-ch-695\",\"https:\\\/\\\/www.youtube.com\\\/channel\\\/UCGP2Sq0iWaZwT3BdIAQFYpw\"]},{\"@type\":\"Person\",\"@id\":\"https:\\\/\\\/www.organisator.ch\\\/#\\\/schema\\\/person\\\/4e51799071cd2dd1232ac003643ef5f0\",\"name\":\"galledia\",\"image\":{\"@type\":\"ImageObject\",\"inLanguage\":\"it-IT\",\"@id\":\"https:\\\/\\\/secure.gravatar.com\\\/avatar\\\/78a7f90c01fc2bfc875782a0d4922b37cde2cf184ce347b91316d23cd7f69a36?s=96&d=mm&r=g\",\"url\":\"https:\\\/\\\/secure.gravatar.com\\\/avatar\\\/78a7f90c01fc2bfc875782a0d4922b37cde2cf184ce347b91316d23cd7f69a36?s=96&d=mm&r=g\",\"contentUrl\":\"https:\\\/\\\/secure.gravatar.com\\\/avatar\\\/78a7f90c01fc2bfc875782a0d4922b37cde2cf184ce347b91316d23cd7f69a36?s=96&d=mm&r=g\",\"caption\":\"galledia\"},\"sameAs\":[\"https:\\\/\\\/x.com\\\/admin\"],\"url\":\"https:\\\/\\\/www.organisator.ch\\\/it\\\/author\\\/galledia\\\/\"}]}<\/script>\n<!-- \/ Yoast SEO plugin. -->","yoast_head_json":{"title":"L'intelligenza artificiale mette in pericolo e protegge le identit\u00e0 - simultaneamente - Organizzatore","description":"Un nuovo studio dimostra che l'intelligenza artificiale \u00e8 un'arma a doppio taglio, anche quando si tratta di gestire le identit\u00e0.","robots":{"index":"index","follow":"follow","max-snippet":"max-snippet:-1","max-image-preview":"max-image-preview:large","max-video-preview":"max-video-preview:-1"},"canonical":"https:\/\/www.organisator.ch\/it\/eccellenza-operativa\/2025-08-28\/ki-gefaehrdet-und-schuetzt-identitaeten-gleichzeitig\/","og_locale":"it_IT","og_type":"article","og_title":"KI gef\u00e4hrdet und sch\u00fctzt Identit\u00e4ten \u2013 gleichzeitig - Organisator","og_description":"Eine neue Studie zeigt: K\u00fcnstliche Intelligenz ist ein zweischneidiges Schwert \u2013 auch beim Management von Identit\u00e4ten.","og_url":"https:\/\/www.organisator.ch\/it\/eccellenza-operativa\/2025-08-28\/ki-gefaehrdet-und-schuetzt-identitaeten-gleichzeitig\/","og_site_name":"Organisator","article_publisher":"https:\/\/www.facebook.com\/OrganisatorFachmagazin","article_published_time":"2025-08-28T12:47:09+00:00","author":"galledia","twitter_card":"summary_large_image","twitter_creator":"@admin","schema":{"@context":"https:\/\/schema.org","@graph":[{"@type":"Article","@id":"https:\/\/www.organisator.ch\/operational-excellence\/2025-08-28\/ki-gefaehrdet-und-schuetzt-identitaeten-gleichzeitig\/#article","isPartOf":{"@id":"https:\/\/www.organisator.ch\/operational-excellence\/2025-08-28\/ki-gefaehrdet-und-schuetzt-identitaeten-gleichzeitig\/"},"author":{"name":"galledia","@id":"https:\/\/www.organisator.ch\/#\/schema\/person\/4e51799071cd2dd1232ac003643ef5f0"},"headline":"KI gef\u00e4hrdet und sch\u00fctzt Identit\u00e4ten \u2013 gleichzeitig","datePublished":"2025-08-28T12:47:09+00:00","mainEntityOfPage":{"@id":"https:\/\/www.organisator.ch\/operational-excellence\/2025-08-28\/ki-gefaehrdet-und-schuetzt-identitaeten-gleichzeitig\/"},"wordCount":526,"publisher":{"@id":"https:\/\/www.organisator.ch\/#organization"},"image":{"@id":"https:\/\/www.organisator.ch\/operational-excellence\/2025-08-28\/ki-gefaehrdet-und-schuetzt-identitaeten-gleichzeitig\/#primaryimage"},"thumbnailUrl":"https:\/\/www.m-q.ch\/wp-content\/uploads\/2025\/08\/KI-gefaehrdet-und-schuetzt-Identitaeten-%E2%80%93-gleichzeitig_MQ.png","keywords":["Identit\u00e4t","Identity und Access Management","K\u00fcnstliche Intelligenz","Risikomanagement","Studie"],"articleSection":["OPERATIONAL EXCELLENCE"],"inLanguage":"it-IT"},{"@type":"WebPage","@id":"https:\/\/www.organisator.ch\/operational-excellence\/2025-08-28\/ki-gefaehrdet-und-schuetzt-identitaeten-gleichzeitig\/","url":"https:\/\/www.organisator.ch\/operational-excellence\/2025-08-28\/ki-gefaehrdet-und-schuetzt-identitaeten-gleichzeitig\/","name":"L'intelligenza artificiale mette in pericolo e protegge le identit\u00e0 - simultaneamente - Organizzatore","isPartOf":{"@id":"https:\/\/www.organisator.ch\/#website"},"primaryImageOfPage":{"@id":"https:\/\/www.organisator.ch\/operational-excellence\/2025-08-28\/ki-gefaehrdet-und-schuetzt-identitaeten-gleichzeitig\/#primaryimage"},"image":{"@id":"https:\/\/www.organisator.ch\/operational-excellence\/2025-08-28\/ki-gefaehrdet-und-schuetzt-identitaeten-gleichzeitig\/#primaryimage"},"thumbnailUrl":"https:\/\/www.m-q.ch\/wp-content\/uploads\/2025\/08\/KI-gefaehrdet-und-schuetzt-Identitaeten-%E2%80%93-gleichzeitig_MQ.png","datePublished":"2025-08-28T12:47:09+00:00","description":"Un nuovo studio dimostra che l'intelligenza artificiale \u00e8 un'arma a doppio taglio, anche quando si tratta di gestire le identit\u00e0.","breadcrumb":{"@id":"https:\/\/www.organisator.ch\/operational-excellence\/2025-08-28\/ki-gefaehrdet-und-schuetzt-identitaeten-gleichzeitig\/#breadcrumb"},"inLanguage":"it-IT","potentialAction":[{"@type":"ReadAction","target":["https:\/\/www.organisator.ch\/operational-excellence\/2025-08-28\/ki-gefaehrdet-und-schuetzt-identitaeten-gleichzeitig\/"]}]},{"@type":"ImageObject","inLanguage":"it-IT","@id":"https:\/\/www.organisator.ch\/operational-excellence\/2025-08-28\/ki-gefaehrdet-und-schuetzt-identitaeten-gleichzeitig\/#primaryimage","url":"https:\/\/www.m-q.ch\/wp-content\/uploads\/2025\/08\/KI-gefaehrdet-und-schuetzt-Identitaeten-%E2%80%93-gleichzeitig_MQ.png","contentUrl":"https:\/\/www.m-q.ch\/wp-content\/uploads\/2025\/08\/KI-gefaehrdet-und-schuetzt-Identitaeten-%E2%80%93-gleichzeitig_MQ.png"},{"@type":"BreadcrumbList","@id":"https:\/\/www.organisator.ch\/operational-excellence\/2025-08-28\/ki-gefaehrdet-und-schuetzt-identitaeten-gleichzeitig\/#breadcrumb","itemListElement":[{"@type":"ListItem","position":1,"name":"Home","item":"https:\/\/www.organisator.ch\/"},{"@type":"ListItem","position":2,"name":"KI gef\u00e4hrdet und sch\u00fctzt Identit\u00e4ten \u2013 gleichzeitig"}]},{"@type":"WebSite","@id":"https:\/\/www.organisator.ch\/#website","url":"https:\/\/www.organisator.ch\/","name":"Organizzatore","description":"Competente. Pratico. In 10 numeri all'anno, ORGANISATOR presenta i temi essenziali per i manager delle PMI.","publisher":{"@id":"https:\/\/www.organisator.ch\/#organization"},"potentialAction":[{"@type":"SearchAction","target":{"@type":"EntryPoint","urlTemplate":"https:\/\/www.organisator.ch\/?s={search_term_string}"},"query-input":{"@type":"PropertyValueSpecification","valueRequired":true,"valueName":"search_term_string"}}],"inLanguage":"it-IT"},{"@type":"Organization","@id":"https:\/\/www.organisator.ch\/#organization","name":"Organizzatore","url":"https:\/\/www.organisator.ch\/","logo":{"@type":"ImageObject","inLanguage":"it-IT","@id":"https:\/\/www.organisator.ch\/#\/schema\/logo\/image\/","url":"https:\/\/www.organisator.ch\/wp-content\/uploads\/2022\/01\/Logo_Organisator_Website.png","contentUrl":"https:\/\/www.organisator.ch\/wp-content\/uploads\/2022\/01\/Logo_Organisator_Website.png","width":800,"height":77,"caption":"Organisator"},"image":{"@id":"https:\/\/www.organisator.ch\/#\/schema\/logo\/image\/"},"sameAs":["https:\/\/www.facebook.com\/OrganisatorFachmagazin","https:\/\/www.linkedin.com\/showcase\/organisator-das-magazin-fr-kmu","https:\/\/www.xing.com\/news\/pages\/organisator-ch-695","https:\/\/www.youtube.com\/channel\/UCGP2Sq0iWaZwT3BdIAQFYpw"]},{"@type":"Person","@id":"https:\/\/www.organisator.ch\/#\/schema\/person\/4e51799071cd2dd1232ac003643ef5f0","name":"galledia","image":{"@type":"ImageObject","inLanguage":"it-IT","@id":"https:\/\/secure.gravatar.com\/avatar\/78a7f90c01fc2bfc875782a0d4922b37cde2cf184ce347b91316d23cd7f69a36?s=96&d=mm&r=g","url":"https:\/\/secure.gravatar.com\/avatar\/78a7f90c01fc2bfc875782a0d4922b37cde2cf184ce347b91316d23cd7f69a36?s=96&d=mm&r=g","contentUrl":"https:\/\/secure.gravatar.com\/avatar\/78a7f90c01fc2bfc875782a0d4922b37cde2cf184ce347b91316d23cd7f69a36?s=96&d=mm&r=g","caption":"galledia"},"sameAs":["https:\/\/x.com\/admin"],"url":"https:\/\/www.organisator.ch\/it\/author\/galledia\/"}]}},"_links":{"self":[{"href":"https:\/\/www.organisator.ch\/it\/wp-json\/wp\/v2\/posts\/40186","targetHints":{"allow":["GET"]}}],"collection":[{"href":"https:\/\/www.organisator.ch\/it\/wp-json\/wp\/v2\/posts"}],"about":[{"href":"https:\/\/www.organisator.ch\/it\/wp-json\/wp\/v2\/types\/post"}],"author":[{"embeddable":true,"href":"https:\/\/www.organisator.ch\/it\/wp-json\/wp\/v2\/users\/8"}],"replies":[{"embeddable":true,"href":"https:\/\/www.organisator.ch\/it\/wp-json\/wp\/v2\/comments?post=40186"}],"version-history":[{"count":5,"href":"https:\/\/www.organisator.ch\/it\/wp-json\/wp\/v2\/posts\/40186\/revisions"}],"predecessor-version":[{"id":40209,"href":"https:\/\/www.organisator.ch\/it\/wp-json\/wp\/v2\/posts\/40186\/revisions\/40209"}],"wp:attachment":[{"href":"https:\/\/www.organisator.ch\/it\/wp-json\/wp\/v2\/media?parent=40186"}],"wp:term":[{"taxonomy":"category","embeddable":true,"href":"https:\/\/www.organisator.ch\/it\/wp-json\/wp\/v2\/categories?post=40186"},{"taxonomy":"post_tag","embeddable":true,"href":"https:\/\/www.organisator.ch\/it\/wp-json\/wp\/v2\/tags?post=40186"}],"curies":[{"name":"wp","href":"https:\/\/api.w.org\/{rel}","templated":true}]}}