{"id":40248,"date":"2025-09-01T08:21:59","date_gmt":"2025-09-01T06:21:59","guid":{"rendered":"https:\/\/www.organisator.ch\/?p=40248"},"modified":"2025-09-01T08:21:59","modified_gmt":"2025-09-01T06:21:59","slug":"wie-sich-trumps-zoelle-auf-den-werkplatz-schweiz-auswirken","status":"publish","type":"post","link":"https:\/\/www.organisator.ch\/it\/management\/2025-09-01\/wie-sich-trumps-zoelle-auf-den-werkplatz-schweiz-auswirken\/","title":{"rendered":"Come i dazi di Trump influenzeranno la Svizzera come centro industriale"},"content":{"rendered":"<figure id=\"attachment_40249\" aria-describedby=\"caption-attachment-40249\" style=\"width: 680px\" class=\"wp-caption alignnone\"><img loading=\"lazy\" decoding=\"async\" class=\"size-full wp-image-40249\" src=\"https:\/\/www.organisator.ch\/wp-content\/uploads\/2025\/09\/Wie-sich-Trumps-Zoelle-auf-den-Werkplatz-Schweiz-auswirken_Organisator.jpg\" alt=\"\" width=\"680\" height=\"453\" srcset=\"https:\/\/www.organisator.ch\/wp-content\/uploads\/2025\/09\/Wie-sich-Trumps-Zoelle-auf-den-Werkplatz-Schweiz-auswirken_Organisator.jpg 680w, https:\/\/www.organisator.ch\/wp-content\/uploads\/2025\/09\/Wie-sich-Trumps-Zoelle-auf-den-Werkplatz-Schweiz-auswirken_Organisator-18x12.jpg 18w, https:\/\/www.organisator.ch\/wp-content\/uploads\/2025\/09\/Wie-sich-Trumps-Zoelle-auf-den-Werkplatz-Schweiz-auswirken_Organisator-375x250.jpg 375w, https:\/\/www.organisator.ch\/wp-content\/uploads\/2025\/09\/Wie-sich-Trumps-Zoelle-auf-den-Werkplatz-Schweiz-auswirken_Organisator-525x350.jpg 525w\" sizes=\"auto, (max-width: 680px) 100vw, 680px\" \/><figcaption id=\"caption-attachment-40249\" class=\"wp-caption-text\">I dazi di Trump stanno gradualmente iniziando ad avere un impatto sull'industria MEM svizzera. (Immagine: Markus Winkler \/ Unsplash.com)<\/figcaption><\/figure>\n<p>In effetti, molte aziende stanno sentendo gli effetti iniziali dei nuovi dazi doganali, ma non sono ancora intervenute. Il 64% mantiene i propri investimenti in Svizzera, come molti nell'UE. Ci\u00f2 indica un certo grado di stabilit\u00e0, ma non deve essere interpretato come un segnale di via libera: Quasi il 40% delle aziende non \u00e8 ancora in grado di valutare l'impatto a lungo termine dei dazi. \"I dazi sono una realt\u00e0 - ora non si tratta pi\u00f9 solo di reazione, ma di strategia. La piazza economica svizzera ha bisogno di una chiara leadership politica\", afferma il presidente di Swissmechanic Nicola Tettamanti.<\/p>\n<p>Il sondaggio mostra che: Le aziende si aspettano segnali chiari dai politici. Il 55% chiede che la Svizzera adotti una posizione pi\u00f9 chiara in materia di politica commerciale nei confronti degli USA, il 46% auspica una strategia di negoziazione per ridurre i dazi e il 32% \u00e8 favorevole a sgravi finanziari. Ciononostante, il mercato statunitense rimane rilevante per molti: il 14% degli intervistati sta valutando di aumentare i prezzi per mitigare i dazi, mentre il 9% vuole ridurre la propria presenza negli Stati Uniti o rinunciarvi completamente. Allo stesso tempo, il 32% delle aziende sta valutando mercati alternativi, in particolare l'UE (25%) e l'India (7%).<\/p>\n<p>Le industrie MEM fungono quindi da sistema di allarme precoce per l'industria svizzera delle esportazioni: sono uno dei primi settori a risentire degli effetti dei conflitti commerciali globali e dimostrano quanto sia importante una politica economica lungimirante in grado di intervenire.<\/p>\n<p><em>Fonte: Swissmechanic<\/em><\/p>","protected":false},"excerpt":{"rendered":"<p>I dazi di Trump sono una realt\u00e0: un recente sondaggio condotto da Swissmechanic tra i membri delle industrie MEM mostra che l'impatto negativo sulle aziende svizzere \u00e8 in aumento. Gi\u00e0 il 35% delle aziende esportatrici vede la Svizzera come una piazza indebolita, mentre il 44% non prevede al momento alcuna misura specifica.<\/p>","protected":false},"author":4,"featured_media":0,"comment_status":"closed","ping_status":"closed","sticky":false,"template":"","format":"standard","meta":{"_acf_changed":false,"_yoast_wpseo_focuskw":"Trumps Z\u00f6lle","_yoast_wpseo_metadesc":"Eine aktuelle Umfrage von Swissmechanic in der MEM-Branche zeigt, dass die Auswirkungen von Trumps Z\u00f6llen auf Schweizer Unternehmen zunehmen.","articlekey":"","footnotes":""},"categories":[28],"tags":[5506,487,5467,531],"class_list":["post-40248","post","type-post","status-publish","format-standard","hentry","category-management","tag-mem-industrie","tag-umfrage","tag-us-zoelle","tag-wirtschaftspolitik"],"acf":[],"yoast_head":"<!-- This site is optimized with the Yoast SEO plugin v27.4 - https:\/\/yoast.com\/product\/yoast-seo-wordpress\/ -->\n<title>Wie sich Trumps Z\u00f6lle auf den Werkplatz Schweiz auswirken - Organisator<\/title>\n<meta name=\"description\" content=\"Eine aktuelle Umfrage von Swissmechanic in der MEM-Branche zeigt, dass die Auswirkungen von Trumps Z\u00f6llen auf Schweizer Unternehmen zunehmen.\" \/>\n<meta name=\"robots\" content=\"index, follow, max-snippet:-1, max-image-preview:large, max-video-preview:-1\" \/>\n<link rel=\"canonical\" href=\"https:\/\/www.organisator.ch\/it\/gestione-2\/2025-09-01\/wie-sich-trumps-zoelle-auf-den-werkplatz-schweiz-auswirken\/\" \/>\n<meta property=\"og:locale\" content=\"it_IT\" \/>\n<meta property=\"og:type\" content=\"article\" \/>\n<meta property=\"og:title\" content=\"Wie sich Trumps Z\u00f6lle auf den Werkplatz Schweiz auswirken\" \/>\n<meta property=\"og:description\" content=\"Eine aktuelle Umfrage von Swissmechanic in der MEM-Branche zeigt, dass die Auswirkungen von Trumps Z\u00f6llen auf Schweizer Unternehmen zunehmen.\" \/>\n<meta property=\"og:url\" content=\"https:\/\/www.organisator.ch\/it\/gestione-2\/2025-09-01\/wie-sich-trumps-zoelle-auf-den-werkplatz-schweiz-auswirken\/\" \/>\n<meta property=\"og:site_name\" content=\"Organisator\" \/>\n<meta property=\"article:publisher\" content=\"https:\/\/www.facebook.com\/OrganisatorFachmagazin\" \/>\n<meta property=\"article:published_time\" content=\"2025-09-01T06:21:59+00:00\" \/>\n<meta property=\"og:image\" content=\"https:\/\/www.organisator.ch\/wp-content\/uploads\/2025\/09\/Wie-sich-Trumps-Zoelle-auf-den-Werkplatz-Schweiz-auswirken_Organisator.jpg\" \/>\n\t<meta property=\"og:image:width\" content=\"680\" \/>\n\t<meta property=\"og:image:height\" content=\"453\" \/>\n\t<meta property=\"og:image:type\" content=\"image\/jpeg\" \/>\n<meta name=\"author\" content=\"thomas.berner\" \/>\n<meta name=\"twitter:card\" content=\"summary_large_image\" \/>\n<meta name=\"twitter:title\" content=\"Wie sich Trumps #Z\u00f6lle auf den #Werkplatz Schweiz auswirken\" \/>\n<meta name=\"twitter:description\" content=\"Eine aktuelle Umfrage von #Swissmechanic in der #MEM-Branche zeigt, dass die Auswirkungen von Trumps Z\u00f6llen auf Schweizer Unternehmen zunehmen.\" \/>\n<meta name=\"twitter:image\" content=\"https:\/\/www.organisator.ch\/wp-content\/uploads\/2025\/09\/Wie-sich-Trumps-Zoelle-auf-den-Werkplatz-Schweiz-auswirken_Organisator.jpg\" \/>\n<script type=\"application\/ld+json\" class=\"yoast-schema-graph\">{\"@context\":\"https:\\\/\\\/schema.org\",\"@graph\":[{\"@type\":\"Article\",\"@id\":\"https:\\\/\\\/www.organisator.ch\\\/management\\\/2025-09-01\\\/wie-sich-trumps-zoelle-auf-den-werkplatz-schweiz-auswirken\\\/#article\",\"isPartOf\":{\"@id\":\"https:\\\/\\\/www.organisator.ch\\\/management\\\/2025-09-01\\\/wie-sich-trumps-zoelle-auf-den-werkplatz-schweiz-auswirken\\\/\"},\"author\":{\"name\":\"thomas.berner\",\"@id\":\"https:\\\/\\\/www.organisator.ch\\\/#\\\/schema\\\/person\\\/6f650f90b2842cd4c0cc334b4e36f67e\"},\"headline\":\"Wie sich Trumps Z\u00f6lle auf den Werkplatz Schweiz auswirken\",\"datePublished\":\"2025-09-01T06:21:59+00:00\",\"mainEntityOfPage\":{\"@id\":\"https:\\\/\\\/www.organisator.ch\\\/management\\\/2025-09-01\\\/wie-sich-trumps-zoelle-auf-den-werkplatz-schweiz-auswirken\\\/\"},\"wordCount\":257,\"publisher\":{\"@id\":\"https:\\\/\\\/www.organisator.ch\\\/#organization\"},\"image\":{\"@id\":\"https:\\\/\\\/www.organisator.ch\\\/management\\\/2025-09-01\\\/wie-sich-trumps-zoelle-auf-den-werkplatz-schweiz-auswirken\\\/#primaryimage\"},\"thumbnailUrl\":\"https:\\\/\\\/www.organisator.ch\\\/wp-content\\\/uploads\\\/2025\\\/09\\\/Wie-sich-Trumps-Zoelle-auf-den-Werkplatz-Schweiz-auswirken_Organisator.jpg\",\"keywords\":[\"MEM-Industrie\",\"Umfrage\",\"US-Z\u00f6lle\",\"Wirtschaftspolitik\"],\"articleSection\":[\"MANAGEMENT\"],\"inLanguage\":\"it-IT\"},{\"@type\":\"WebPage\",\"@id\":\"https:\\\/\\\/www.organisator.ch\\\/management\\\/2025-09-01\\\/wie-sich-trumps-zoelle-auf-den-werkplatz-schweiz-auswirken\\\/\",\"url\":\"https:\\\/\\\/www.organisator.ch\\\/management\\\/2025-09-01\\\/wie-sich-trumps-zoelle-auf-den-werkplatz-schweiz-auswirken\\\/\",\"name\":\"Wie sich Trumps Z\u00f6lle auf den Werkplatz Schweiz auswirken - Organisator\",\"isPartOf\":{\"@id\":\"https:\\\/\\\/www.organisator.ch\\\/#website\"},\"primaryImageOfPage\":{\"@id\":\"https:\\\/\\\/www.organisator.ch\\\/management\\\/2025-09-01\\\/wie-sich-trumps-zoelle-auf-den-werkplatz-schweiz-auswirken\\\/#primaryimage\"},\"image\":{\"@id\":\"https:\\\/\\\/www.organisator.ch\\\/management\\\/2025-09-01\\\/wie-sich-trumps-zoelle-auf-den-werkplatz-schweiz-auswirken\\\/#primaryimage\"},\"thumbnailUrl\":\"https:\\\/\\\/www.organisator.ch\\\/wp-content\\\/uploads\\\/2025\\\/09\\\/Wie-sich-Trumps-Zoelle-auf-den-Werkplatz-Schweiz-auswirken_Organisator.jpg\",\"datePublished\":\"2025-09-01T06:21:59+00:00\",\"description\":\"Eine aktuelle Umfrage von Swissmechanic in der MEM-Branche zeigt, dass die Auswirkungen von Trumps Z\u00f6llen auf Schweizer Unternehmen zunehmen.\",\"breadcrumb\":{\"@id\":\"https:\\\/\\\/www.organisator.ch\\\/management\\\/2025-09-01\\\/wie-sich-trumps-zoelle-auf-den-werkplatz-schweiz-auswirken\\\/#breadcrumb\"},\"inLanguage\":\"it-IT\",\"potentialAction\":[{\"@type\":\"ReadAction\",\"target\":[\"https:\\\/\\\/www.organisator.ch\\\/management\\\/2025-09-01\\\/wie-sich-trumps-zoelle-auf-den-werkplatz-schweiz-auswirken\\\/\"]}]},{\"@type\":\"ImageObject\",\"inLanguage\":\"it-IT\",\"@id\":\"https:\\\/\\\/www.organisator.ch\\\/management\\\/2025-09-01\\\/wie-sich-trumps-zoelle-auf-den-werkplatz-schweiz-auswirken\\\/#primaryimage\",\"url\":\"https:\\\/\\\/www.organisator.ch\\\/wp-content\\\/uploads\\\/2025\\\/09\\\/Wie-sich-Trumps-Zoelle-auf-den-Werkplatz-Schweiz-auswirken_Organisator.jpg\",\"contentUrl\":\"https:\\\/\\\/www.organisator.ch\\\/wp-content\\\/uploads\\\/2025\\\/09\\\/Wie-sich-Trumps-Zoelle-auf-den-Werkplatz-Schweiz-auswirken_Organisator.jpg\"},{\"@type\":\"BreadcrumbList\",\"@id\":\"https:\\\/\\\/www.organisator.ch\\\/management\\\/2025-09-01\\\/wie-sich-trumps-zoelle-auf-den-werkplatz-schweiz-auswirken\\\/#breadcrumb\",\"itemListElement\":[{\"@type\":\"ListItem\",\"position\":1,\"name\":\"Home\",\"item\":\"https:\\\/\\\/www.organisator.ch\\\/\"},{\"@type\":\"ListItem\",\"position\":2,\"name\":\"Wie sich Trumps Z\u00f6lle auf den Werkplatz Schweiz auswirken\"}]},{\"@type\":\"WebSite\",\"@id\":\"https:\\\/\\\/www.organisator.ch\\\/#website\",\"url\":\"https:\\\/\\\/www.organisator.ch\\\/\",\"name\":\"Organisator\",\"description\":\"Kompetent. Praxisnah. Der ORGANISATOR bereitet in 10 Ausgaben pro Jahr die wesentlichen Themen f\u00fcr F\u00fchrungskr\u00e4fte von KMU auf.\",\"publisher\":{\"@id\":\"https:\\\/\\\/www.organisator.ch\\\/#organization\"},\"potentialAction\":[{\"@type\":\"SearchAction\",\"target\":{\"@type\":\"EntryPoint\",\"urlTemplate\":\"https:\\\/\\\/www.organisator.ch\\\/?s={search_term_string}\"},\"query-input\":{\"@type\":\"PropertyValueSpecification\",\"valueRequired\":true,\"valueName\":\"search_term_string\"}}],\"inLanguage\":\"it-IT\"},{\"@type\":\"Organization\",\"@id\":\"https:\\\/\\\/www.organisator.ch\\\/#organization\",\"name\":\"Organisator\",\"url\":\"https:\\\/\\\/www.organisator.ch\\\/\",\"logo\":{\"@type\":\"ImageObject\",\"inLanguage\":\"it-IT\",\"@id\":\"https:\\\/\\\/www.organisator.ch\\\/#\\\/schema\\\/logo\\\/image\\\/\",\"url\":\"https:\\\/\\\/www.organisator.ch\\\/wp-content\\\/uploads\\\/2022\\\/01\\\/Logo_Organisator_Website.png\",\"contentUrl\":\"https:\\\/\\\/www.organisator.ch\\\/wp-content\\\/uploads\\\/2022\\\/01\\\/Logo_Organisator_Website.png\",\"width\":800,\"height\":77,\"caption\":\"Organisator\"},\"image\":{\"@id\":\"https:\\\/\\\/www.organisator.ch\\\/#\\\/schema\\\/logo\\\/image\\\/\"},\"sameAs\":[\"https:\\\/\\\/www.facebook.com\\\/OrganisatorFachmagazin\",\"https:\\\/\\\/www.linkedin.com\\\/showcase\\\/organisator-das-magazin-fr-kmu\",\"https:\\\/\\\/www.xing.com\\\/news\\\/pages\\\/organisator-ch-695\",\"https:\\\/\\\/www.youtube.com\\\/channel\\\/UCGP2Sq0iWaZwT3BdIAQFYpw\"]},{\"@type\":\"Person\",\"@id\":\"https:\\\/\\\/www.organisator.ch\\\/#\\\/schema\\\/person\\\/6f650f90b2842cd4c0cc334b4e36f67e\",\"name\":\"thomas.berner\",\"image\":{\"@type\":\"ImageObject\",\"inLanguage\":\"it-IT\",\"@id\":\"https:\\\/\\\/secure.gravatar.com\\\/avatar\\\/ac5001d2a36cb6c6cd3e50789007ffca834b477b74a2144564522e944eabff61?s=96&d=mm&r=g\",\"url\":\"https:\\\/\\\/secure.gravatar.com\\\/avatar\\\/ac5001d2a36cb6c6cd3e50789007ffca834b477b74a2144564522e944eabff61?s=96&d=mm&r=g\",\"contentUrl\":\"https:\\\/\\\/secure.gravatar.com\\\/avatar\\\/ac5001d2a36cb6c6cd3e50789007ffca834b477b74a2144564522e944eabff61?s=96&d=mm&r=g\",\"caption\":\"thomas.berner\"},\"url\":\"https:\\\/\\\/www.organisator.ch\\\/it\\\/author\\\/thomas-berner\\\/\"}]}<\/script>\n<!-- \/ Yoast SEO plugin. -->","yoast_head_json":{"title":"Come i dazi di Trump influenzeranno la piazza economica svizzera - Organizzatore","description":"Una recente indagine di Swissmechanic sulle industrie MEM mostra che l'impatto dei dazi di Trump sulle aziende svizzere \u00e8 in aumento.","robots":{"index":"index","follow":"follow","max-snippet":"max-snippet:-1","max-image-preview":"max-image-preview:large","max-video-preview":"max-video-preview:-1"},"canonical":"https:\/\/www.organisator.ch\/it\/gestione-2\/2025-09-01\/wie-sich-trumps-zoelle-auf-den-werkplatz-schweiz-auswirken\/","og_locale":"it_IT","og_type":"article","og_title":"Wie sich Trumps Z\u00f6lle auf den Werkplatz Schweiz auswirken","og_description":"Eine aktuelle Umfrage von Swissmechanic in der MEM-Branche zeigt, dass die Auswirkungen von Trumps Z\u00f6llen auf Schweizer Unternehmen zunehmen.","og_url":"https:\/\/www.organisator.ch\/it\/gestione-2\/2025-09-01\/wie-sich-trumps-zoelle-auf-den-werkplatz-schweiz-auswirken\/","og_site_name":"Organisator","article_publisher":"https:\/\/www.facebook.com\/OrganisatorFachmagazin","article_published_time":"2025-09-01T06:21:59+00:00","og_image":[{"width":680,"height":453,"url":"https:\/\/www.organisator.ch\/wp-content\/uploads\/2025\/09\/Wie-sich-Trumps-Zoelle-auf-den-Werkplatz-Schweiz-auswirken_Organisator.jpg","type":"image\/jpeg"}],"author":"thomas.berner","twitter_card":"summary_large_image","twitter_title":"Wie sich Trumps #Z\u00f6lle auf den #Werkplatz Schweiz auswirken","twitter_description":"Eine aktuelle Umfrage von #Swissmechanic in der #MEM-Branche zeigt, dass die Auswirkungen von Trumps Z\u00f6llen auf Schweizer Unternehmen zunehmen.","twitter_image":"https:\/\/www.organisator.ch\/wp-content\/uploads\/2025\/09\/Wie-sich-Trumps-Zoelle-auf-den-Werkplatz-Schweiz-auswirken_Organisator.jpg","schema":{"@context":"https:\/\/schema.org","@graph":[{"@type":"Article","@id":"https:\/\/www.organisator.ch\/management\/2025-09-01\/wie-sich-trumps-zoelle-auf-den-werkplatz-schweiz-auswirken\/#article","isPartOf":{"@id":"https:\/\/www.organisator.ch\/management\/2025-09-01\/wie-sich-trumps-zoelle-auf-den-werkplatz-schweiz-auswirken\/"},"author":{"name":"thomas.berner","@id":"https:\/\/www.organisator.ch\/#\/schema\/person\/6f650f90b2842cd4c0cc334b4e36f67e"},"headline":"Wie sich Trumps Z\u00f6lle auf den Werkplatz Schweiz auswirken","datePublished":"2025-09-01T06:21:59+00:00","mainEntityOfPage":{"@id":"https:\/\/www.organisator.ch\/management\/2025-09-01\/wie-sich-trumps-zoelle-auf-den-werkplatz-schweiz-auswirken\/"},"wordCount":257,"publisher":{"@id":"https:\/\/www.organisator.ch\/#organization"},"image":{"@id":"https:\/\/www.organisator.ch\/management\/2025-09-01\/wie-sich-trumps-zoelle-auf-den-werkplatz-schweiz-auswirken\/#primaryimage"},"thumbnailUrl":"https:\/\/www.organisator.ch\/wp-content\/uploads\/2025\/09\/Wie-sich-Trumps-Zoelle-auf-den-Werkplatz-Schweiz-auswirken_Organisator.jpg","keywords":["MEM-Industrie","Umfrage","US-Z\u00f6lle","Wirtschaftspolitik"],"articleSection":["MANAGEMENT"],"inLanguage":"it-IT"},{"@type":"WebPage","@id":"https:\/\/www.organisator.ch\/management\/2025-09-01\/wie-sich-trumps-zoelle-auf-den-werkplatz-schweiz-auswirken\/","url":"https:\/\/www.organisator.ch\/management\/2025-09-01\/wie-sich-trumps-zoelle-auf-den-werkplatz-schweiz-auswirken\/","name":"Come i dazi di Trump influenzeranno la piazza economica svizzera - Organizzatore","isPartOf":{"@id":"https:\/\/www.organisator.ch\/#website"},"primaryImageOfPage":{"@id":"https:\/\/www.organisator.ch\/management\/2025-09-01\/wie-sich-trumps-zoelle-auf-den-werkplatz-schweiz-auswirken\/#primaryimage"},"image":{"@id":"https:\/\/www.organisator.ch\/management\/2025-09-01\/wie-sich-trumps-zoelle-auf-den-werkplatz-schweiz-auswirken\/#primaryimage"},"thumbnailUrl":"https:\/\/www.organisator.ch\/wp-content\/uploads\/2025\/09\/Wie-sich-Trumps-Zoelle-auf-den-Werkplatz-Schweiz-auswirken_Organisator.jpg","datePublished":"2025-09-01T06:21:59+00:00","description":"Una recente indagine di Swissmechanic sulle industrie MEM mostra che l'impatto dei dazi di Trump sulle aziende svizzere \u00e8 in aumento.","breadcrumb":{"@id":"https:\/\/www.organisator.ch\/management\/2025-09-01\/wie-sich-trumps-zoelle-auf-den-werkplatz-schweiz-auswirken\/#breadcrumb"},"inLanguage":"it-IT","potentialAction":[{"@type":"ReadAction","target":["https:\/\/www.organisator.ch\/management\/2025-09-01\/wie-sich-trumps-zoelle-auf-den-werkplatz-schweiz-auswirken\/"]}]},{"@type":"ImageObject","inLanguage":"it-IT","@id":"https:\/\/www.organisator.ch\/management\/2025-09-01\/wie-sich-trumps-zoelle-auf-den-werkplatz-schweiz-auswirken\/#primaryimage","url":"https:\/\/www.organisator.ch\/wp-content\/uploads\/2025\/09\/Wie-sich-Trumps-Zoelle-auf-den-Werkplatz-Schweiz-auswirken_Organisator.jpg","contentUrl":"https:\/\/www.organisator.ch\/wp-content\/uploads\/2025\/09\/Wie-sich-Trumps-Zoelle-auf-den-Werkplatz-Schweiz-auswirken_Organisator.jpg"},{"@type":"BreadcrumbList","@id":"https:\/\/www.organisator.ch\/management\/2025-09-01\/wie-sich-trumps-zoelle-auf-den-werkplatz-schweiz-auswirken\/#breadcrumb","itemListElement":[{"@type":"ListItem","position":1,"name":"Home","item":"https:\/\/www.organisator.ch\/"},{"@type":"ListItem","position":2,"name":"Wie sich Trumps Z\u00f6lle auf den Werkplatz Schweiz auswirken"}]},{"@type":"WebSite","@id":"https:\/\/www.organisator.ch\/#website","url":"https:\/\/www.organisator.ch\/","name":"Organizzatore","description":"Competente. Pratico. In 10 numeri all'anno, ORGANISATOR presenta i temi essenziali per i manager delle PMI.","publisher":{"@id":"https:\/\/www.organisator.ch\/#organization"},"potentialAction":[{"@type":"SearchAction","target":{"@type":"EntryPoint","urlTemplate":"https:\/\/www.organisator.ch\/?s={search_term_string}"},"query-input":{"@type":"PropertyValueSpecification","valueRequired":true,"valueName":"search_term_string"}}],"inLanguage":"it-IT"},{"@type":"Organization","@id":"https:\/\/www.organisator.ch\/#organization","name":"Organizzatore","url":"https:\/\/www.organisator.ch\/","logo":{"@type":"ImageObject","inLanguage":"it-IT","@id":"https:\/\/www.organisator.ch\/#\/schema\/logo\/image\/","url":"https:\/\/www.organisator.ch\/wp-content\/uploads\/2022\/01\/Logo_Organisator_Website.png","contentUrl":"https:\/\/www.organisator.ch\/wp-content\/uploads\/2022\/01\/Logo_Organisator_Website.png","width":800,"height":77,"caption":"Organisator"},"image":{"@id":"https:\/\/www.organisator.ch\/#\/schema\/logo\/image\/"},"sameAs":["https:\/\/www.facebook.com\/OrganisatorFachmagazin","https:\/\/www.linkedin.com\/showcase\/organisator-das-magazin-fr-kmu","https:\/\/www.xing.com\/news\/pages\/organisator-ch-695","https:\/\/www.youtube.com\/channel\/UCGP2Sq0iWaZwT3BdIAQFYpw"]},{"@type":"Person","@id":"https:\/\/www.organisator.ch\/#\/schema\/person\/6f650f90b2842cd4c0cc334b4e36f67e","name":"Tommaso.berner","image":{"@type":"ImageObject","inLanguage":"it-IT","@id":"https:\/\/secure.gravatar.com\/avatar\/ac5001d2a36cb6c6cd3e50789007ffca834b477b74a2144564522e944eabff61?s=96&d=mm&r=g","url":"https:\/\/secure.gravatar.com\/avatar\/ac5001d2a36cb6c6cd3e50789007ffca834b477b74a2144564522e944eabff61?s=96&d=mm&r=g","contentUrl":"https:\/\/secure.gravatar.com\/avatar\/ac5001d2a36cb6c6cd3e50789007ffca834b477b74a2144564522e944eabff61?s=96&d=mm&r=g","caption":"thomas.berner"},"url":"https:\/\/www.organisator.ch\/it\/author\/thomas-berner\/"}]}},"_links":{"self":[{"href":"https:\/\/www.organisator.ch\/it\/wp-json\/wp\/v2\/posts\/40248","targetHints":{"allow":["GET"]}}],"collection":[{"href":"https:\/\/www.organisator.ch\/it\/wp-json\/wp\/v2\/posts"}],"about":[{"href":"https:\/\/www.organisator.ch\/it\/wp-json\/wp\/v2\/types\/post"}],"author":[{"embeddable":true,"href":"https:\/\/www.organisator.ch\/it\/wp-json\/wp\/v2\/users\/4"}],"replies":[{"embeddable":true,"href":"https:\/\/www.organisator.ch\/it\/wp-json\/wp\/v2\/comments?post=40248"}],"version-history":[{"count":3,"href":"https:\/\/www.organisator.ch\/it\/wp-json\/wp\/v2\/posts\/40248\/revisions"}],"predecessor-version":[{"id":40289,"href":"https:\/\/www.organisator.ch\/it\/wp-json\/wp\/v2\/posts\/40248\/revisions\/40289"}],"wp:attachment":[{"href":"https:\/\/www.organisator.ch\/it\/wp-json\/wp\/v2\/media?parent=40248"}],"wp:term":[{"taxonomy":"category","embeddable":true,"href":"https:\/\/www.organisator.ch\/it\/wp-json\/wp\/v2\/categories?post=40248"},{"taxonomy":"post_tag","embeddable":true,"href":"https:\/\/www.organisator.ch\/it\/wp-json\/wp\/v2\/tags?post=40248"}],"curies":[{"name":"wp","href":"https:\/\/api.w.org\/{rel}","templated":true}]}}