{"id":40278,"date":"2025-09-02T09:22:19","date_gmt":"2025-09-02T07:22:19","guid":{"rendered":"https:\/\/www.markt-kom.com\/?p=238714"},"modified":"2025-09-02T11:17:42","modified_gmt":"2025-09-02T09:17:42","slug":"boersengang-der-smg-swiss-marketplace-group-steht-kurz-bevor","status":"publish","type":"post","link":"https:\/\/www.organisator.ch\/it\/management\/2025-09-02\/boersengang-der-smg-swiss-marketplace-group-steht-kurz-bevor\/","title":{"rendered":"Imminente l'IPO di SMG Swiss Marketplace Group"},"content":{"rendered":"<p class=\"my-2 [&amp;+p]:mt-4 [&amp;_strong:has(+br)]:inline-block [&amp;_strong:has(+br)]:pb-2\"><img class=\"alignnone size-full wp-image-238724\" src=\"https:\/\/www.markt-kom.com\/wp-content\/uploads\/2025\/09\/smg1200.png\" sizes=\"(max-width: 1200px) 100vw, 1200px\" srcset=\"https:\/\/www.markt-kom.com\/wp-content\/uploads\/2025\/09\/smg1200.png 1200w, https:\/\/www.markt-kom.com\/wp-content\/uploads\/2025\/09\/smg1200-600x343.png 600w, https:\/\/www.markt-kom.com\/wp-content\/uploads\/2025\/09\/smg1200-1024x585.png 1024w, https:\/\/www.markt-kom.com\/wp-content\/uploads\/2025\/09\/smg1200-768x439.png 768w, https:\/\/www.markt-kom.com\/wp-content\/uploads\/2025\/09\/smg1200-18x10.png 18w, https:\/\/www.markt-kom.com\/wp-content\/uploads\/2025\/09\/smg1200-306x175.png 306w, https:\/\/www.markt-kom.com\/wp-content\/uploads\/2025\/09\/smg1200-612x350.png 612w, https:\/\/www.markt-kom.com\/wp-content\/uploads\/2025\/09\/smg1200-1000x572.png 1000w\" alt=\"\" width=\"1200\" height=\"686\" \/>Die SMG Swiss Marketplace Group bereitet ihren B\u00f6rsengang vor. Das sogenannte \u00abIntention to Float\u00bb (ITF) wurde nun ver\u00f6ffentlicht. Die TX Group, die 30,7 Prozent an SMG h\u00e4lt, glaubt an die nachhaltigen Perspektiven der Gruppe. \u00abSowohl beim Cashflow als auch bei der Wertentwicklung bestehen langfristige \u00dcberzeugungen\u00bb, heisst es in der Ad-hoc-Mitteilung. Ein Ausstieg aus dem Aktionariat steht dabei nicht zur Debatte: TX Group wird im Rahmen des geplanten B\u00f6rsengangs keine Aktien ver\u00e4ussern.<\/p>\r\n<p class=\"my-2 [&amp;+p]:mt-4 [&amp;_strong:has(+br)]:inline-block [&amp;_strong:has(+br)]:pb-2\">Der genaue Zeitpunkt des B\u00f6rsengangs h\u00e4ngt von den aktuellen Marktbedingungen ab. Weitere Informationen sollen folgen, sobald mehr Klarheit herrscht.<\/p>\r\n<p class=\"my-2 [&amp;+p]:mt-4 [&amp;_strong:has(+br)]:inline-block [&amp;_strong:has(+br)]:pb-2\">Die TX Group hatte die SMG Swiss Marketplace Group 2021 gemeinsam mit Mobiliar, Ringier und General Atlantic gegr\u00fcndet. In die Gruppe eingebracht wurden damals die Plattformen Homegate und Ricardo sowie Tutti und car4you. Heute b\u00fcndelt die SMG zentrale Marktplatzangebote. Die TX Group versteht sich dabei als langfristige Ankeraktion\u00e4rin.<\/p>\r\n<p class=\"my-2 [&amp;+p]:mt-4 [&amp;_strong:has(+br)]:inline-block [&amp;_strong:has(+br)]:pb-2\">Das Unternehmen TX Group blickt auf eine lange Tradition in der Schweizer Medienlandschaft zur\u00fcck. Der Konzern betreibt ein Netzwerk aus Plattformen und Beteiligungen. Zum Portfolio geh\u00f6ren etwa Zeitungen der Tamedia und Medien von \u00ab20 Minuten\u00bb. Mit Goldbach ist die TX Group auch in der Werbevermarktung aktiv, w\u00e4hrend Beteiligungen an Unternehmen wie JobCloud, Doodle und Zattoo sowie Investitionen im Fintech-Bereich das Engagement abrunden. Die TX Group ist seit 2000 selber b\u00f6rsenkotiert.<\/p>","protected":false},"excerpt":{"rendered":"<p>L'IPO di SMG Swiss Marketplace Group si avvicina. Il gruppo TX \u00e8 impegnato a lungo termine nella piattaforma e non vende azioni.<\/p>","protected":false},"author":8,"featured_media":0,"comment_status":"closed","ping_status":"closed","sticky":false,"template":"","format":"standard","meta":{"_acf_changed":false,"_yoast_wpseo_focuskw":"B\u00f6rsengang","_yoast_wpseo_metadesc":"Der B\u00f6rsengang SMG Swiss Marketplace Group r\u00fcckt n\u00e4her. Die TX Group bekennt sich langfristig zur Plattform \u2013 und verkauft keine Anteile.","articlekey":"","footnotes":""},"categories":[28,29],"tags":[89,4343,1677,5508,2830],"class_list":["post-40278","post","type-post","status-publish","format-standard","hentry","category-management","category-marketing","tag-boersengang","tag-markom","tag-medien","tag-swiss-marketplace-group-smg","tag-tx-group"],"acf":[],"yoast_head":"<!-- This site is optimized with the Yoast SEO plugin v27.5 - https:\/\/yoast.com\/product\/yoast-seo-wordpress\/ -->\n<title>B\u00f6rsengang der SMG Swiss Marketplace Group steht kurz bevor - Organisator<\/title>\n<meta name=\"description\" content=\"Der B\u00f6rsengang SMG Swiss Marketplace Group r\u00fcckt n\u00e4her. Die TX Group bekennt sich langfristig zur Plattform \u2013 und verkauft keine Anteile.\" \/>\n<meta name=\"robots\" content=\"index, follow, max-snippet:-1, max-image-preview:large, max-video-preview:-1\" \/>\n<link rel=\"canonical\" href=\"https:\/\/www.organisator.ch\/it\/gestione-2\/2025-09-02\/boersengang-der-smg-swiss-marketplace-group-steht-kurz-bevor\/\" \/>\n<meta property=\"og:locale\" content=\"it_IT\" \/>\n<meta property=\"og:type\" content=\"article\" \/>\n<meta property=\"og:title\" content=\"B\u00f6rsengang der SMG Swiss Marketplace Group steht kurz bevor - Organisator\" \/>\n<meta property=\"og:description\" content=\"Der B\u00f6rsengang SMG Swiss Marketplace Group r\u00fcckt n\u00e4her. Die TX Group bekennt sich langfristig zur Plattform \u2013 und verkauft keine Anteile.\" \/>\n<meta property=\"og:url\" content=\"https:\/\/www.organisator.ch\/it\/gestione-2\/2025-09-02\/boersengang-der-smg-swiss-marketplace-group-steht-kurz-bevor\/\" \/>\n<meta property=\"og:site_name\" content=\"Organisator\" \/>\n<meta property=\"article:publisher\" content=\"https:\/\/www.facebook.com\/OrganisatorFachmagazin\" \/>\n<meta property=\"article:published_time\" content=\"2025-09-02T07:22:19+00:00\" \/>\n<meta property=\"article:modified_time\" content=\"2025-09-02T09:17:42+00:00\" \/>\n<meta name=\"author\" content=\"galledia\" \/>\n<meta name=\"twitter:card\" content=\"summary_large_image\" \/>\n<meta name=\"twitter:creator\" content=\"@admin\" \/>\n<script type=\"application\/ld+json\" class=\"yoast-schema-graph\">{\"@context\":\"https:\\\/\\\/schema.org\",\"@graph\":[{\"@type\":\"Article\",\"@id\":\"https:\\\/\\\/www.organisator.ch\\\/management\\\/2025-09-02\\\/boersengang-der-smg-swiss-marketplace-group-steht-kurz-bevor\\\/#article\",\"isPartOf\":{\"@id\":\"https:\\\/\\\/www.organisator.ch\\\/management\\\/2025-09-02\\\/boersengang-der-smg-swiss-marketplace-group-steht-kurz-bevor\\\/\"},\"author\":{\"name\":\"galledia\",\"@id\":\"https:\\\/\\\/www.organisator.ch\\\/#\\\/schema\\\/person\\\/4e51799071cd2dd1232ac003643ef5f0\"},\"headline\":\"B\u00f6rsengang der SMG Swiss Marketplace Group steht kurz bevor\",\"datePublished\":\"2025-09-02T07:22:19+00:00\",\"dateModified\":\"2025-09-02T09:17:42+00:00\",\"mainEntityOfPage\":{\"@id\":\"https:\\\/\\\/www.organisator.ch\\\/management\\\/2025-09-02\\\/boersengang-der-smg-swiss-marketplace-group-steht-kurz-bevor\\\/\"},\"wordCount\":229,\"publisher\":{\"@id\":\"https:\\\/\\\/www.organisator.ch\\\/#organization\"},\"image\":{\"@id\":\"https:\\\/\\\/www.organisator.ch\\\/management\\\/2025-09-02\\\/boersengang-der-smg-swiss-marketplace-group-steht-kurz-bevor\\\/#primaryimage\"},\"thumbnailUrl\":\"https:\\\/\\\/www.markt-kom.com\\\/wp-content\\\/uploads\\\/2025\\\/09\\\/smg1200.png\",\"keywords\":[\"B\u00f6rsengang\",\"MarKom\",\"Medien\",\"Swiss Marketplace Group SMG\",\"TX Group\"],\"articleSection\":[\"MANAGEMENT\",\"MARKETING\"],\"inLanguage\":\"it-IT\"},{\"@type\":\"WebPage\",\"@id\":\"https:\\\/\\\/www.organisator.ch\\\/management\\\/2025-09-02\\\/boersengang-der-smg-swiss-marketplace-group-steht-kurz-bevor\\\/\",\"url\":\"https:\\\/\\\/www.organisator.ch\\\/management\\\/2025-09-02\\\/boersengang-der-smg-swiss-marketplace-group-steht-kurz-bevor\\\/\",\"name\":\"B\u00f6rsengang der SMG Swiss Marketplace Group steht kurz bevor - Organisator\",\"isPartOf\":{\"@id\":\"https:\\\/\\\/www.organisator.ch\\\/#website\"},\"primaryImageOfPage\":{\"@id\":\"https:\\\/\\\/www.organisator.ch\\\/management\\\/2025-09-02\\\/boersengang-der-smg-swiss-marketplace-group-steht-kurz-bevor\\\/#primaryimage\"},\"image\":{\"@id\":\"https:\\\/\\\/www.organisator.ch\\\/management\\\/2025-09-02\\\/boersengang-der-smg-swiss-marketplace-group-steht-kurz-bevor\\\/#primaryimage\"},\"thumbnailUrl\":\"https:\\\/\\\/www.markt-kom.com\\\/wp-content\\\/uploads\\\/2025\\\/09\\\/smg1200.png\",\"datePublished\":\"2025-09-02T07:22:19+00:00\",\"dateModified\":\"2025-09-02T09:17:42+00:00\",\"description\":\"Der B\u00f6rsengang SMG Swiss Marketplace Group r\u00fcckt n\u00e4her. Die TX Group bekennt sich langfristig zur Plattform \u2013 und verkauft keine Anteile.\",\"breadcrumb\":{\"@id\":\"https:\\\/\\\/www.organisator.ch\\\/management\\\/2025-09-02\\\/boersengang-der-smg-swiss-marketplace-group-steht-kurz-bevor\\\/#breadcrumb\"},\"inLanguage\":\"it-IT\",\"potentialAction\":[{\"@type\":\"ReadAction\",\"target\":[\"https:\\\/\\\/www.organisator.ch\\\/management\\\/2025-09-02\\\/boersengang-der-smg-swiss-marketplace-group-steht-kurz-bevor\\\/\"]}]},{\"@type\":\"ImageObject\",\"inLanguage\":\"it-IT\",\"@id\":\"https:\\\/\\\/www.organisator.ch\\\/management\\\/2025-09-02\\\/boersengang-der-smg-swiss-marketplace-group-steht-kurz-bevor\\\/#primaryimage\",\"url\":\"https:\\\/\\\/www.markt-kom.com\\\/wp-content\\\/uploads\\\/2025\\\/09\\\/smg1200.png\",\"contentUrl\":\"https:\\\/\\\/www.markt-kom.com\\\/wp-content\\\/uploads\\\/2025\\\/09\\\/smg1200.png\"},{\"@type\":\"BreadcrumbList\",\"@id\":\"https:\\\/\\\/www.organisator.ch\\\/management\\\/2025-09-02\\\/boersengang-der-smg-swiss-marketplace-group-steht-kurz-bevor\\\/#breadcrumb\",\"itemListElement\":[{\"@type\":\"ListItem\",\"position\":1,\"name\":\"Home\",\"item\":\"https:\\\/\\\/www.organisator.ch\\\/\"},{\"@type\":\"ListItem\",\"position\":2,\"name\":\"B\u00f6rsengang der SMG Swiss Marketplace Group steht kurz bevor\"}]},{\"@type\":\"WebSite\",\"@id\":\"https:\\\/\\\/www.organisator.ch\\\/#website\",\"url\":\"https:\\\/\\\/www.organisator.ch\\\/\",\"name\":\"Organisator\",\"description\":\"Kompetent. Praxisnah. Der ORGANISATOR bereitet in 10 Ausgaben pro Jahr die wesentlichen Themen f\u00fcr F\u00fchrungskr\u00e4fte von KMU auf.\",\"publisher\":{\"@id\":\"https:\\\/\\\/www.organisator.ch\\\/#organization\"},\"potentialAction\":[{\"@type\":\"SearchAction\",\"target\":{\"@type\":\"EntryPoint\",\"urlTemplate\":\"https:\\\/\\\/www.organisator.ch\\\/?s={search_term_string}\"},\"query-input\":{\"@type\":\"PropertyValueSpecification\",\"valueRequired\":true,\"valueName\":\"search_term_string\"}}],\"inLanguage\":\"it-IT\"},{\"@type\":\"Organization\",\"@id\":\"https:\\\/\\\/www.organisator.ch\\\/#organization\",\"name\":\"Organisator\",\"url\":\"https:\\\/\\\/www.organisator.ch\\\/\",\"logo\":{\"@type\":\"ImageObject\",\"inLanguage\":\"it-IT\",\"@id\":\"https:\\\/\\\/www.organisator.ch\\\/#\\\/schema\\\/logo\\\/image\\\/\",\"url\":\"https:\\\/\\\/www.organisator.ch\\\/wp-content\\\/uploads\\\/2022\\\/01\\\/Logo_Organisator_Website.png\",\"contentUrl\":\"https:\\\/\\\/www.organisator.ch\\\/wp-content\\\/uploads\\\/2022\\\/01\\\/Logo_Organisator_Website.png\",\"width\":800,\"height\":77,\"caption\":\"Organisator\"},\"image\":{\"@id\":\"https:\\\/\\\/www.organisator.ch\\\/#\\\/schema\\\/logo\\\/image\\\/\"},\"sameAs\":[\"https:\\\/\\\/www.facebook.com\\\/OrganisatorFachmagazin\",\"https:\\\/\\\/www.linkedin.com\\\/showcase\\\/organisator-das-magazin-fr-kmu\",\"https:\\\/\\\/www.xing.com\\\/news\\\/pages\\\/organisator-ch-695\",\"https:\\\/\\\/www.youtube.com\\\/channel\\\/UCGP2Sq0iWaZwT3BdIAQFYpw\"]},{\"@type\":\"Person\",\"@id\":\"https:\\\/\\\/www.organisator.ch\\\/#\\\/schema\\\/person\\\/4e51799071cd2dd1232ac003643ef5f0\",\"name\":\"galledia\",\"image\":{\"@type\":\"ImageObject\",\"inLanguage\":\"it-IT\",\"@id\":\"https:\\\/\\\/secure.gravatar.com\\\/avatar\\\/78a7f90c01fc2bfc875782a0d4922b37cde2cf184ce347b91316d23cd7f69a36?s=96&d=mm&r=g\",\"url\":\"https:\\\/\\\/secure.gravatar.com\\\/avatar\\\/78a7f90c01fc2bfc875782a0d4922b37cde2cf184ce347b91316d23cd7f69a36?s=96&d=mm&r=g\",\"contentUrl\":\"https:\\\/\\\/secure.gravatar.com\\\/avatar\\\/78a7f90c01fc2bfc875782a0d4922b37cde2cf184ce347b91316d23cd7f69a36?s=96&d=mm&r=g\",\"caption\":\"galledia\"},\"sameAs\":[\"https:\\\/\\\/x.com\\\/admin\"],\"url\":\"https:\\\/\\\/www.organisator.ch\\\/it\\\/author\\\/galledia\\\/\"}]}<\/script>\n<!-- \/ Yoast SEO plugin. -->","yoast_head_json":{"title":"IPO di SMG Swiss Marketplace Group imminente - Organizzatore","description":"L'IPO di SMG Swiss Marketplace Group si avvicina. Il gruppo TX \u00e8 impegnato a lungo termine nella piattaforma e non vende azioni.","robots":{"index":"index","follow":"follow","max-snippet":"max-snippet:-1","max-image-preview":"max-image-preview:large","max-video-preview":"max-video-preview:-1"},"canonical":"https:\/\/www.organisator.ch\/it\/gestione-2\/2025-09-02\/boersengang-der-smg-swiss-marketplace-group-steht-kurz-bevor\/","og_locale":"it_IT","og_type":"article","og_title":"B\u00f6rsengang der SMG Swiss Marketplace Group steht kurz bevor - Organisator","og_description":"Der B\u00f6rsengang SMG Swiss Marketplace Group r\u00fcckt n\u00e4her. Die TX Group bekennt sich langfristig zur Plattform \u2013 und verkauft keine Anteile.","og_url":"https:\/\/www.organisator.ch\/it\/gestione-2\/2025-09-02\/boersengang-der-smg-swiss-marketplace-group-steht-kurz-bevor\/","og_site_name":"Organisator","article_publisher":"https:\/\/www.facebook.com\/OrganisatorFachmagazin","article_published_time":"2025-09-02T07:22:19+00:00","article_modified_time":"2025-09-02T09:17:42+00:00","author":"galledia","twitter_card":"summary_large_image","twitter_creator":"@admin","schema":{"@context":"https:\/\/schema.org","@graph":[{"@type":"Article","@id":"https:\/\/www.organisator.ch\/management\/2025-09-02\/boersengang-der-smg-swiss-marketplace-group-steht-kurz-bevor\/#article","isPartOf":{"@id":"https:\/\/www.organisator.ch\/management\/2025-09-02\/boersengang-der-smg-swiss-marketplace-group-steht-kurz-bevor\/"},"author":{"name":"galledia","@id":"https:\/\/www.organisator.ch\/#\/schema\/person\/4e51799071cd2dd1232ac003643ef5f0"},"headline":"B\u00f6rsengang der SMG Swiss Marketplace Group steht kurz bevor","datePublished":"2025-09-02T07:22:19+00:00","dateModified":"2025-09-02T09:17:42+00:00","mainEntityOfPage":{"@id":"https:\/\/www.organisator.ch\/management\/2025-09-02\/boersengang-der-smg-swiss-marketplace-group-steht-kurz-bevor\/"},"wordCount":229,"publisher":{"@id":"https:\/\/www.organisator.ch\/#organization"},"image":{"@id":"https:\/\/www.organisator.ch\/management\/2025-09-02\/boersengang-der-smg-swiss-marketplace-group-steht-kurz-bevor\/#primaryimage"},"thumbnailUrl":"https:\/\/www.markt-kom.com\/wp-content\/uploads\/2025\/09\/smg1200.png","keywords":["B\u00f6rsengang","MarKom","Medien","Swiss Marketplace Group SMG","TX Group"],"articleSection":["MANAGEMENT","MARKETING"],"inLanguage":"it-IT"},{"@type":"WebPage","@id":"https:\/\/www.organisator.ch\/management\/2025-09-02\/boersengang-der-smg-swiss-marketplace-group-steht-kurz-bevor\/","url":"https:\/\/www.organisator.ch\/management\/2025-09-02\/boersengang-der-smg-swiss-marketplace-group-steht-kurz-bevor\/","name":"IPO di SMG Swiss Marketplace Group imminente - Organizzatore","isPartOf":{"@id":"https:\/\/www.organisator.ch\/#website"},"primaryImageOfPage":{"@id":"https:\/\/www.organisator.ch\/management\/2025-09-02\/boersengang-der-smg-swiss-marketplace-group-steht-kurz-bevor\/#primaryimage"},"image":{"@id":"https:\/\/www.organisator.ch\/management\/2025-09-02\/boersengang-der-smg-swiss-marketplace-group-steht-kurz-bevor\/#primaryimage"},"thumbnailUrl":"https:\/\/www.markt-kom.com\/wp-content\/uploads\/2025\/09\/smg1200.png","datePublished":"2025-09-02T07:22:19+00:00","dateModified":"2025-09-02T09:17:42+00:00","description":"L'IPO di SMG Swiss Marketplace Group si avvicina. Il gruppo TX \u00e8 impegnato a lungo termine nella piattaforma e non vende azioni.","breadcrumb":{"@id":"https:\/\/www.organisator.ch\/management\/2025-09-02\/boersengang-der-smg-swiss-marketplace-group-steht-kurz-bevor\/#breadcrumb"},"inLanguage":"it-IT","potentialAction":[{"@type":"ReadAction","target":["https:\/\/www.organisator.ch\/management\/2025-09-02\/boersengang-der-smg-swiss-marketplace-group-steht-kurz-bevor\/"]}]},{"@type":"ImageObject","inLanguage":"it-IT","@id":"https:\/\/www.organisator.ch\/management\/2025-09-02\/boersengang-der-smg-swiss-marketplace-group-steht-kurz-bevor\/#primaryimage","url":"https:\/\/www.markt-kom.com\/wp-content\/uploads\/2025\/09\/smg1200.png","contentUrl":"https:\/\/www.markt-kom.com\/wp-content\/uploads\/2025\/09\/smg1200.png"},{"@type":"BreadcrumbList","@id":"https:\/\/www.organisator.ch\/management\/2025-09-02\/boersengang-der-smg-swiss-marketplace-group-steht-kurz-bevor\/#breadcrumb","itemListElement":[{"@type":"ListItem","position":1,"name":"Home","item":"https:\/\/www.organisator.ch\/"},{"@type":"ListItem","position":2,"name":"B\u00f6rsengang der SMG Swiss Marketplace Group steht kurz bevor"}]},{"@type":"WebSite","@id":"https:\/\/www.organisator.ch\/#website","url":"https:\/\/www.organisator.ch\/","name":"Organizzatore","description":"Competente. Pratico. In 10 numeri all'anno, ORGANISATOR presenta i temi essenziali per i manager delle PMI.","publisher":{"@id":"https:\/\/www.organisator.ch\/#organization"},"potentialAction":[{"@type":"SearchAction","target":{"@type":"EntryPoint","urlTemplate":"https:\/\/www.organisator.ch\/?s={search_term_string}"},"query-input":{"@type":"PropertyValueSpecification","valueRequired":true,"valueName":"search_term_string"}}],"inLanguage":"it-IT"},{"@type":"Organization","@id":"https:\/\/www.organisator.ch\/#organization","name":"Organizzatore","url":"https:\/\/www.organisator.ch\/","logo":{"@type":"ImageObject","inLanguage":"it-IT","@id":"https:\/\/www.organisator.ch\/#\/schema\/logo\/image\/","url":"https:\/\/www.organisator.ch\/wp-content\/uploads\/2022\/01\/Logo_Organisator_Website.png","contentUrl":"https:\/\/www.organisator.ch\/wp-content\/uploads\/2022\/01\/Logo_Organisator_Website.png","width":800,"height":77,"caption":"Organisator"},"image":{"@id":"https:\/\/www.organisator.ch\/#\/schema\/logo\/image\/"},"sameAs":["https:\/\/www.facebook.com\/OrganisatorFachmagazin","https:\/\/www.linkedin.com\/showcase\/organisator-das-magazin-fr-kmu","https:\/\/www.xing.com\/news\/pages\/organisator-ch-695","https:\/\/www.youtube.com\/channel\/UCGP2Sq0iWaZwT3BdIAQFYpw"]},{"@type":"Person","@id":"https:\/\/www.organisator.ch\/#\/schema\/person\/4e51799071cd2dd1232ac003643ef5f0","name":"galledia","image":{"@type":"ImageObject","inLanguage":"it-IT","@id":"https:\/\/secure.gravatar.com\/avatar\/78a7f90c01fc2bfc875782a0d4922b37cde2cf184ce347b91316d23cd7f69a36?s=96&d=mm&r=g","url":"https:\/\/secure.gravatar.com\/avatar\/78a7f90c01fc2bfc875782a0d4922b37cde2cf184ce347b91316d23cd7f69a36?s=96&d=mm&r=g","contentUrl":"https:\/\/secure.gravatar.com\/avatar\/78a7f90c01fc2bfc875782a0d4922b37cde2cf184ce347b91316d23cd7f69a36?s=96&d=mm&r=g","caption":"galledia"},"sameAs":["https:\/\/x.com\/admin"],"url":"https:\/\/www.organisator.ch\/it\/author\/galledia\/"}]}},"_links":{"self":[{"href":"https:\/\/www.organisator.ch\/it\/wp-json\/wp\/v2\/posts\/40278","targetHints":{"allow":["GET"]}}],"collection":[{"href":"https:\/\/www.organisator.ch\/it\/wp-json\/wp\/v2\/posts"}],"about":[{"href":"https:\/\/www.organisator.ch\/it\/wp-json\/wp\/v2\/types\/post"}],"author":[{"embeddable":true,"href":"https:\/\/www.organisator.ch\/it\/wp-json\/wp\/v2\/users\/8"}],"replies":[{"embeddable":true,"href":"https:\/\/www.organisator.ch\/it\/wp-json\/wp\/v2\/comments?post=40278"}],"version-history":[{"count":2,"href":"https:\/\/www.organisator.ch\/it\/wp-json\/wp\/v2\/posts\/40278\/revisions"}],"predecessor-version":[{"id":40282,"href":"https:\/\/www.organisator.ch\/it\/wp-json\/wp\/v2\/posts\/40278\/revisions\/40282"}],"wp:attachment":[{"href":"https:\/\/www.organisator.ch\/it\/wp-json\/wp\/v2\/media?parent=40278"}],"wp:term":[{"taxonomy":"category","embeddable":true,"href":"https:\/\/www.organisator.ch\/it\/wp-json\/wp\/v2\/categories?post=40278"},{"taxonomy":"post_tag","embeddable":true,"href":"https:\/\/www.organisator.ch\/it\/wp-json\/wp\/v2\/tags?post=40278"}],"curies":[{"name":"wp","href":"https:\/\/api.w.org\/{rel}","templated":true}]}}