{"id":40340,"date":"2025-09-03T20:50:45","date_gmt":"2025-09-03T18:50:45","guid":{"rendered":"https:\/\/www.markt-kom.com\/?p=238948"},"modified":"2025-09-04T11:27:06","modified_gmt":"2025-09-04T09:27:06","slug":"lumen-studie-kino-punktet-mit-echter-werbeaufmerksamkeit","status":"publish","type":"post","link":"https:\/\/www.organisator.ch\/it\/marketing\/2025-09-03\/lumen-studie-kino-punktet-mit-echter-werbeaufmerksamkeit\/","title":{"rendered":"Studio LUMEN: il cinema fa centro con la \"vera attenzione pubblicitaria\"."},"content":{"rendered":"<figure id=\"attachment_238964\" class=\"wp-caption alignnone\" style=\"width: 1280px;\" aria-describedby=\"caption-attachment-238964\"><a href=\"https:\/\/www.markt-kom.com\/wp-content\/uploads\/2025\/09\/Weischer-Cinema-Event.png\"><img class=\"size-full wp-image-238964\" src=\"https:\/\/www.markt-kom.com\/wp-content\/uploads\/2025\/09\/Weischer-Cinema-Event.png\" sizes=\"(max-width: 1280px) 100vw, 1280px\" srcset=\"https:\/\/www.markt-kom.com\/wp-content\/uploads\/2025\/09\/Weischer-Cinema-Event.png 1280w, https:\/\/www.markt-kom.com\/wp-content\/uploads\/2025\/09\/Weischer-Cinema-Event-600x338.png 600w, https:\/\/www.markt-kom.com\/wp-content\/uploads\/2025\/09\/Weischer-Cinema-Event-1024x576.png 1024w, https:\/\/www.markt-kom.com\/wp-content\/uploads\/2025\/09\/Weischer-Cinema-Event-768x432.png 768w, https:\/\/www.markt-kom.com\/wp-content\/uploads\/2025\/09\/Weischer-Cinema-Event-18x10.png 18w, https:\/\/www.markt-kom.com\/wp-content\/uploads\/2025\/09\/Weischer-Cinema-Event-311x175.png 311w, https:\/\/www.markt-kom.com\/wp-content\/uploads\/2025\/09\/Weischer-Cinema-Event-622x350.png 622w, https:\/\/www.markt-kom.com\/wp-content\/uploads\/2025\/09\/Weischer-Cinema-Event-1000x563.png 1000w\" alt=\"\" width=\"1280\" height=\"720\" \/><\/a>\r\n<figcaption id=\"caption-attachment-238964\" class=\"wp-caption-text\">Da sinistra: Frank Senger, Christian Tingler, Juliane Fankhauser-Merz, Marcus Sch\u00f6gel, Christof Kaufmann (Foto: Beat H\u00fcrlimann)<\/figcaption>\r\n<\/figure>\r\n<p>Circa 110 rappresentanti dei settori dei media, del marketing e della pubblicit\u00e0 si sono riuniti all'Arena Cinemas Sihlcity il 3 settembre 2025 per ottenere nuovi impulsi, dati esclusivi e prospettive interessanti sul tema dell'attenzione nella comunicazione delle immagini in movimento. Grazie al sostegno dell'Interessengemeinschaft elektronische Medien (IGEM), l'evento ha acquisito ulteriore visibilit\u00e0 nella comunit\u00e0 mediatica svizzera.<\/p>\r\n<h3>Sette tesi di Sch\u00f6gel<\/h3>\r\n<p>Nel suo discorso programmatico, il Prof. Dr. Marcus Sch\u00f6gel dell'Institute for Marketing and Customer Insight dell'Universit\u00e0 di San Gallo si \u00e8 concentrato sull'importanza dell'attenzione come bene scarso. Con il titolo \"Attenzione tra algoritmo e distrazione - sette tesi per una comunicazione efficace\", ha mostrato come i marchi possano liberarsi dall'ottimizzazione delle prestazioni a breve termine e ottenere un impatto duraturo attraverso il giusto mix di marchio e attivazione. Utilizzando principi scientifici, ha spiegato che la comunicazione \u00e8 inefficace senza attenzione. Ha introdotto l'\"economia dell'attenzione\", in cui dominano il sovraccarico di informazioni e la distrazione, e ha sottolineato che il cinema ha un monopolio dell'attenzione unico nel suo genere: al riparo dai secondi schermi, altamente emotivo, socialmente amplificato e con libert\u00e0 creativa per i formati pi\u00f9 lunghi. La sua conclusione: il cinema \u00e8 un punto di contatto privilegiato nel percorso del cliente, in grado di ancorare i messaggi del marchio a lungo termine.<\/p>\r\n<h3>Studio di attenzione LUMEN<\/h3>\r\n<p>La seconda parte della mattinata \u00e8 stata seguita da una presentazione di Christian Tingler, Direttore della Ricerca Weischer.GeoConsult, insieme a Frank Senger, Responsabile Marketing e Comunicazione \/ Amministratore Delegato Weischer.Cinema Germania. Hanno presentato i risultati principali del nuovo studio LUMEN Attention. Lo studio commissionato da Weischer consente per la prima volta un confronto oggettivo delle prestazioni di tutti i canali di immagini in movimento, compreso il cinema. I risultati forniscono indicazioni rivoluzionarie sull'efficacia degli investimenti nei media nel contesto dell'attenzione reale.<\/p>\r\n<p>In collaborazione con il partner di ricerca Lumen Research (Regno Unito), sono stati condotti studi di eye tracking in veri cinema. 215 soggetti hanno guardato 20 motivi pubblicitari nel corso di otto proiezioni - i movimenti oculari sono stati registrati e analizzati con una tecnologia all'avanguardia. I risultati:<\/p>\r\n<ul>\r\n\t<li>Il cinema ottiene punteggi di attenzione fino a 4 volte superiori rispetto agli altri canali di immagini in movimento.<\/li>\r\n\t<li>Il CPM di attenzione \u00e8 fino a 3 volte inferiore.<\/li>\r\n\t<li>In combinazione con la TV, il cinema aumenta il numero di \"contatti attentivi\" fino a 26 % - senza alcun budget aggiuntivo.<\/li>\r\n<\/ul>\r\n<h3>Conclusione dello studio<\/h3>\r\n<p>La ricerca dimostra cos\u00ec in modo impressionante che il cinema \u00e8 il mezzo di comunicazione che attira maggiormente l'attenzione e allo stesso tempo \u00e8 il pi\u00f9 efficiente nel media mix. In una panoramica stimolante, hanno anche delineato la rilevanza dell'attenzione nel mondo dei media moderni secondo il concetto di economia dell'attenzione. Il loro messaggio: l'attenzione non \u00e8 una parola d'ordine, ma la base indispensabile per una comunicazione efficace del marchio.<\/p>\r\n<p>Christof Kaufmann, CEO di Weischer.Cinema Svizzera, ha sottolineato la rilevanza dei risultati: \"L'attenzione \u00e8 la nuova moneta nel mercato pubblicitario. Lo studio LUMEN dimostra in modo impressionante che il cinema \u00e8 il luogo in cui i marchi possono avere un impatto reale, ben oltre il momento. Il cinema \u00e8 il posto migliore per i media\".<\/p>\r\n<h3>Importanza per il mercato pubblicitario<\/h3>\r\n<p>Che si tratti di un palcoscenico per la presentazione di un marchio forte o di un amplificatore di efficienza nel mix di immagini in movimento, il cinema rimane il mezzo con il maggiore impatto. L'attenzione \u00e8 arrivata per restare. E il cinema la fornisce nella sua forma pi\u00f9 pura.<\/p>","protected":false},"excerpt":{"rendered":"<p>Prima dello studio sull'attenzione a Zurigo in occasione del secondo evento \"CINEMA - It MATTERS 2.0\": Weischer.Cinema Svizzera presenta risultati innovativi sull'efficacia della pubblicit\u00e0 delle immagini in movimento e sul perch\u00e9 l'attenzione \u00e8 essenziale.<\/p>","protected":false},"author":8,"featured_media":0,"comment_status":"closed","ping_status":"closed","sticky":false,"template":"","format":"standard","meta":{"_acf_changed":false,"_yoast_wpseo_focuskw":"Werbeaufmerksamkeit","_yoast_wpseo_metadesc":"Weischer.Cinema Schweiz pr\u00e4sentiert Erkenntnisse zur Werbeaufmerksamkeit von Bewegtbild-Werbung und zeigt, warum Attention essenziell ist.","articlekey":"","footnotes":""},"categories":[29],"tags":[1492,4343,4791,3970,3578],"class_list":["post-40340","post","type-post","status-publish","format-standard","hentry","category-marketing","tag-kino","tag-markom","tag-media","tag-weischer-cinema","tag-werbewirkung"],"acf":[],"yoast_head":"<!-- This site is optimized with the Yoast SEO plugin v27.5 - https:\/\/yoast.com\/product\/yoast-seo-wordpress\/ -->\n<title>LUMEN-Studie: Kino punktet mit \u00abechter Werbeaufmerksamkeit\u00bb - Organisator<\/title>\n<meta name=\"description\" content=\"Weischer.Cinema Schweiz pr\u00e4sentiert Erkenntnisse zur Werbeaufmerksamkeit von Bewegtbild-Werbung und zeigt, warum Attention essenziell ist.\" \/>\n<meta name=\"robots\" content=\"index, follow, max-snippet:-1, max-image-preview:large, max-video-preview:-1\" \/>\n<link rel=\"canonical\" href=\"https:\/\/www.organisator.ch\/it\/marketing\/2025-09-03\/lumen-studie-kino-punktet-mit-echter-werbeaufmerksamkeit\/\" \/>\n<meta property=\"og:locale\" content=\"it_IT\" \/>\n<meta property=\"og:type\" content=\"article\" \/>\n<meta property=\"og:title\" content=\"LUMEN-Studie: Kino punktet mit \u00abechter Werbeaufmerksamkeit\u00bb - Organisator\" \/>\n<meta property=\"og:description\" content=\"Weischer.Cinema Schweiz pr\u00e4sentiert Erkenntnisse zur Werbeaufmerksamkeit von Bewegtbild-Werbung und zeigt, warum Attention essenziell ist.\" \/>\n<meta property=\"og:url\" content=\"https:\/\/www.organisator.ch\/it\/marketing\/2025-09-03\/lumen-studie-kino-punktet-mit-echter-werbeaufmerksamkeit\/\" \/>\n<meta property=\"og:site_name\" content=\"Organisator\" \/>\n<meta property=\"article:publisher\" content=\"https:\/\/www.facebook.com\/OrganisatorFachmagazin\" \/>\n<meta property=\"article:published_time\" content=\"2025-09-03T18:50:45+00:00\" \/>\n<meta property=\"article:modified_time\" content=\"2025-09-04T09:27:06+00:00\" \/>\n<meta name=\"author\" content=\"galledia\" \/>\n<meta name=\"twitter:card\" content=\"summary_large_image\" \/>\n<meta name=\"twitter:creator\" content=\"@admin\" \/>\n<script type=\"application\/ld+json\" class=\"yoast-schema-graph\">{\"@context\":\"https:\\\/\\\/schema.org\",\"@graph\":[{\"@type\":\"Article\",\"@id\":\"https:\\\/\\\/www.organisator.ch\\\/marketing\\\/2025-09-03\\\/lumen-studie-kino-punktet-mit-echter-werbeaufmerksamkeit\\\/#article\",\"isPartOf\":{\"@id\":\"https:\\\/\\\/www.organisator.ch\\\/marketing\\\/2025-09-03\\\/lumen-studie-kino-punktet-mit-echter-werbeaufmerksamkeit\\\/\"},\"author\":{\"name\":\"galledia\",\"@id\":\"https:\\\/\\\/www.organisator.ch\\\/#\\\/schema\\\/person\\\/4e51799071cd2dd1232ac003643ef5f0\"},\"headline\":\"LUMEN-Studie: Kino punktet mit \u00abechter Werbeaufmerksamkeit\u00bb\",\"datePublished\":\"2025-09-03T18:50:45+00:00\",\"dateModified\":\"2025-09-04T09:27:06+00:00\",\"mainEntityOfPage\":{\"@id\":\"https:\\\/\\\/www.organisator.ch\\\/marketing\\\/2025-09-03\\\/lumen-studie-kino-punktet-mit-echter-werbeaufmerksamkeit\\\/\"},\"wordCount\":505,\"publisher\":{\"@id\":\"https:\\\/\\\/www.organisator.ch\\\/#organization\"},\"image\":{\"@id\":\"https:\\\/\\\/www.organisator.ch\\\/marketing\\\/2025-09-03\\\/lumen-studie-kino-punktet-mit-echter-werbeaufmerksamkeit\\\/#primaryimage\"},\"thumbnailUrl\":\"https:\\\/\\\/www.markt-kom.com\\\/wp-content\\\/uploads\\\/2025\\\/09\\\/Weischer-Cinema-Event.png\",\"keywords\":[\"Kino\",\"MarKom\",\"Media\",\"Weischer.Cinema\",\"Werbewirkung\"],\"articleSection\":[\"MARKETING\"],\"inLanguage\":\"it-IT\"},{\"@type\":\"WebPage\",\"@id\":\"https:\\\/\\\/www.organisator.ch\\\/marketing\\\/2025-09-03\\\/lumen-studie-kino-punktet-mit-echter-werbeaufmerksamkeit\\\/\",\"url\":\"https:\\\/\\\/www.organisator.ch\\\/marketing\\\/2025-09-03\\\/lumen-studie-kino-punktet-mit-echter-werbeaufmerksamkeit\\\/\",\"name\":\"LUMEN-Studie: Kino punktet mit \u00abechter Werbeaufmerksamkeit\u00bb - Organisator\",\"isPartOf\":{\"@id\":\"https:\\\/\\\/www.organisator.ch\\\/#website\"},\"primaryImageOfPage\":{\"@id\":\"https:\\\/\\\/www.organisator.ch\\\/marketing\\\/2025-09-03\\\/lumen-studie-kino-punktet-mit-echter-werbeaufmerksamkeit\\\/#primaryimage\"},\"image\":{\"@id\":\"https:\\\/\\\/www.organisator.ch\\\/marketing\\\/2025-09-03\\\/lumen-studie-kino-punktet-mit-echter-werbeaufmerksamkeit\\\/#primaryimage\"},\"thumbnailUrl\":\"https:\\\/\\\/www.markt-kom.com\\\/wp-content\\\/uploads\\\/2025\\\/09\\\/Weischer-Cinema-Event.png\",\"datePublished\":\"2025-09-03T18:50:45+00:00\",\"dateModified\":\"2025-09-04T09:27:06+00:00\",\"description\":\"Weischer.Cinema Schweiz pr\u00e4sentiert Erkenntnisse zur Werbeaufmerksamkeit von Bewegtbild-Werbung und zeigt, warum Attention essenziell ist.\",\"breadcrumb\":{\"@id\":\"https:\\\/\\\/www.organisator.ch\\\/marketing\\\/2025-09-03\\\/lumen-studie-kino-punktet-mit-echter-werbeaufmerksamkeit\\\/#breadcrumb\"},\"inLanguage\":\"it-IT\",\"potentialAction\":[{\"@type\":\"ReadAction\",\"target\":[\"https:\\\/\\\/www.organisator.ch\\\/marketing\\\/2025-09-03\\\/lumen-studie-kino-punktet-mit-echter-werbeaufmerksamkeit\\\/\"]}]},{\"@type\":\"ImageObject\",\"inLanguage\":\"it-IT\",\"@id\":\"https:\\\/\\\/www.organisator.ch\\\/marketing\\\/2025-09-03\\\/lumen-studie-kino-punktet-mit-echter-werbeaufmerksamkeit\\\/#primaryimage\",\"url\":\"https:\\\/\\\/www.markt-kom.com\\\/wp-content\\\/uploads\\\/2025\\\/09\\\/Weischer-Cinema-Event.png\",\"contentUrl\":\"https:\\\/\\\/www.markt-kom.com\\\/wp-content\\\/uploads\\\/2025\\\/09\\\/Weischer-Cinema-Event.png\"},{\"@type\":\"BreadcrumbList\",\"@id\":\"https:\\\/\\\/www.organisator.ch\\\/marketing\\\/2025-09-03\\\/lumen-studie-kino-punktet-mit-echter-werbeaufmerksamkeit\\\/#breadcrumb\",\"itemListElement\":[{\"@type\":\"ListItem\",\"position\":1,\"name\":\"Home\",\"item\":\"https:\\\/\\\/www.organisator.ch\\\/\"},{\"@type\":\"ListItem\",\"position\":2,\"name\":\"LUMEN-Studie: Kino punktet mit \u00abechter Werbeaufmerksamkeit\u00bb\"}]},{\"@type\":\"WebSite\",\"@id\":\"https:\\\/\\\/www.organisator.ch\\\/#website\",\"url\":\"https:\\\/\\\/www.organisator.ch\\\/\",\"name\":\"Organisator\",\"description\":\"Kompetent. Praxisnah. Der ORGANISATOR bereitet in 10 Ausgaben pro Jahr die wesentlichen Themen f\u00fcr F\u00fchrungskr\u00e4fte von KMU auf.\",\"publisher\":{\"@id\":\"https:\\\/\\\/www.organisator.ch\\\/#organization\"},\"potentialAction\":[{\"@type\":\"SearchAction\",\"target\":{\"@type\":\"EntryPoint\",\"urlTemplate\":\"https:\\\/\\\/www.organisator.ch\\\/?s={search_term_string}\"},\"query-input\":{\"@type\":\"PropertyValueSpecification\",\"valueRequired\":true,\"valueName\":\"search_term_string\"}}],\"inLanguage\":\"it-IT\"},{\"@type\":\"Organization\",\"@id\":\"https:\\\/\\\/www.organisator.ch\\\/#organization\",\"name\":\"Organisator\",\"url\":\"https:\\\/\\\/www.organisator.ch\\\/\",\"logo\":{\"@type\":\"ImageObject\",\"inLanguage\":\"it-IT\",\"@id\":\"https:\\\/\\\/www.organisator.ch\\\/#\\\/schema\\\/logo\\\/image\\\/\",\"url\":\"https:\\\/\\\/www.organisator.ch\\\/wp-content\\\/uploads\\\/2022\\\/01\\\/Logo_Organisator_Website.png\",\"contentUrl\":\"https:\\\/\\\/www.organisator.ch\\\/wp-content\\\/uploads\\\/2022\\\/01\\\/Logo_Organisator_Website.png\",\"width\":800,\"height\":77,\"caption\":\"Organisator\"},\"image\":{\"@id\":\"https:\\\/\\\/www.organisator.ch\\\/#\\\/schema\\\/logo\\\/image\\\/\"},\"sameAs\":[\"https:\\\/\\\/www.facebook.com\\\/OrganisatorFachmagazin\",\"https:\\\/\\\/www.linkedin.com\\\/showcase\\\/organisator-das-magazin-fr-kmu\",\"https:\\\/\\\/www.xing.com\\\/news\\\/pages\\\/organisator-ch-695\",\"https:\\\/\\\/www.youtube.com\\\/channel\\\/UCGP2Sq0iWaZwT3BdIAQFYpw\"]},{\"@type\":\"Person\",\"@id\":\"https:\\\/\\\/www.organisator.ch\\\/#\\\/schema\\\/person\\\/4e51799071cd2dd1232ac003643ef5f0\",\"name\":\"galledia\",\"image\":{\"@type\":\"ImageObject\",\"inLanguage\":\"it-IT\",\"@id\":\"https:\\\/\\\/secure.gravatar.com\\\/avatar\\\/78a7f90c01fc2bfc875782a0d4922b37cde2cf184ce347b91316d23cd7f69a36?s=96&d=mm&r=g\",\"url\":\"https:\\\/\\\/secure.gravatar.com\\\/avatar\\\/78a7f90c01fc2bfc875782a0d4922b37cde2cf184ce347b91316d23cd7f69a36?s=96&d=mm&r=g\",\"contentUrl\":\"https:\\\/\\\/secure.gravatar.com\\\/avatar\\\/78a7f90c01fc2bfc875782a0d4922b37cde2cf184ce347b91316d23cd7f69a36?s=96&d=mm&r=g\",\"caption\":\"galledia\"},\"sameAs\":[\"https:\\\/\\\/x.com\\\/admin\"],\"url\":\"https:\\\/\\\/www.organisator.ch\\\/it\\\/author\\\/galledia\\\/\"}]}<\/script>\n<!-- \/ Yoast SEO plugin. -->","yoast_head_json":{"title":"Studio LUMEN: il cinema fa centro con la \"vera attenzione pubblicitaria\" - Organizzatore","description":"Weischer.Cinema Svizzera presenta i risultati sull'attenzione pubblicitaria per la pubblicit\u00e0 di immagini in movimento e mostra perch\u00e9 l'attenzione \u00e8 essenziale.","robots":{"index":"index","follow":"follow","max-snippet":"max-snippet:-1","max-image-preview":"max-image-preview:large","max-video-preview":"max-video-preview:-1"},"canonical":"https:\/\/www.organisator.ch\/it\/marketing\/2025-09-03\/lumen-studie-kino-punktet-mit-echter-werbeaufmerksamkeit\/","og_locale":"it_IT","og_type":"article","og_title":"LUMEN-Studie: Kino punktet mit \u00abechter Werbeaufmerksamkeit\u00bb - Organisator","og_description":"Weischer.Cinema Schweiz pr\u00e4sentiert Erkenntnisse zur Werbeaufmerksamkeit von Bewegtbild-Werbung und zeigt, warum Attention essenziell ist.","og_url":"https:\/\/www.organisator.ch\/it\/marketing\/2025-09-03\/lumen-studie-kino-punktet-mit-echter-werbeaufmerksamkeit\/","og_site_name":"Organisator","article_publisher":"https:\/\/www.facebook.com\/OrganisatorFachmagazin","article_published_time":"2025-09-03T18:50:45+00:00","article_modified_time":"2025-09-04T09:27:06+00:00","author":"galledia","twitter_card":"summary_large_image","twitter_creator":"@admin","schema":{"@context":"https:\/\/schema.org","@graph":[{"@type":"Article","@id":"https:\/\/www.organisator.ch\/marketing\/2025-09-03\/lumen-studie-kino-punktet-mit-echter-werbeaufmerksamkeit\/#article","isPartOf":{"@id":"https:\/\/www.organisator.ch\/marketing\/2025-09-03\/lumen-studie-kino-punktet-mit-echter-werbeaufmerksamkeit\/"},"author":{"name":"galledia","@id":"https:\/\/www.organisator.ch\/#\/schema\/person\/4e51799071cd2dd1232ac003643ef5f0"},"headline":"LUMEN-Studie: Kino punktet mit \u00abechter Werbeaufmerksamkeit\u00bb","datePublished":"2025-09-03T18:50:45+00:00","dateModified":"2025-09-04T09:27:06+00:00","mainEntityOfPage":{"@id":"https:\/\/www.organisator.ch\/marketing\/2025-09-03\/lumen-studie-kino-punktet-mit-echter-werbeaufmerksamkeit\/"},"wordCount":505,"publisher":{"@id":"https:\/\/www.organisator.ch\/#organization"},"image":{"@id":"https:\/\/www.organisator.ch\/marketing\/2025-09-03\/lumen-studie-kino-punktet-mit-echter-werbeaufmerksamkeit\/#primaryimage"},"thumbnailUrl":"https:\/\/www.markt-kom.com\/wp-content\/uploads\/2025\/09\/Weischer-Cinema-Event.png","keywords":["Kino","MarKom","Media","Weischer.Cinema","Werbewirkung"],"articleSection":["MARKETING"],"inLanguage":"it-IT"},{"@type":"WebPage","@id":"https:\/\/www.organisator.ch\/marketing\/2025-09-03\/lumen-studie-kino-punktet-mit-echter-werbeaufmerksamkeit\/","url":"https:\/\/www.organisator.ch\/marketing\/2025-09-03\/lumen-studie-kino-punktet-mit-echter-werbeaufmerksamkeit\/","name":"Studio LUMEN: il cinema fa centro con la \"vera attenzione pubblicitaria\" - Organizzatore","isPartOf":{"@id":"https:\/\/www.organisator.ch\/#website"},"primaryImageOfPage":{"@id":"https:\/\/www.organisator.ch\/marketing\/2025-09-03\/lumen-studie-kino-punktet-mit-echter-werbeaufmerksamkeit\/#primaryimage"},"image":{"@id":"https:\/\/www.organisator.ch\/marketing\/2025-09-03\/lumen-studie-kino-punktet-mit-echter-werbeaufmerksamkeit\/#primaryimage"},"thumbnailUrl":"https:\/\/www.markt-kom.com\/wp-content\/uploads\/2025\/09\/Weischer-Cinema-Event.png","datePublished":"2025-09-03T18:50:45+00:00","dateModified":"2025-09-04T09:27:06+00:00","description":"Weischer.Cinema Svizzera presenta i risultati sull'attenzione pubblicitaria per la pubblicit\u00e0 di immagini in movimento e mostra perch\u00e9 l'attenzione \u00e8 essenziale.","breadcrumb":{"@id":"https:\/\/www.organisator.ch\/marketing\/2025-09-03\/lumen-studie-kino-punktet-mit-echter-werbeaufmerksamkeit\/#breadcrumb"},"inLanguage":"it-IT","potentialAction":[{"@type":"ReadAction","target":["https:\/\/www.organisator.ch\/marketing\/2025-09-03\/lumen-studie-kino-punktet-mit-echter-werbeaufmerksamkeit\/"]}]},{"@type":"ImageObject","inLanguage":"it-IT","@id":"https:\/\/www.organisator.ch\/marketing\/2025-09-03\/lumen-studie-kino-punktet-mit-echter-werbeaufmerksamkeit\/#primaryimage","url":"https:\/\/www.markt-kom.com\/wp-content\/uploads\/2025\/09\/Weischer-Cinema-Event.png","contentUrl":"https:\/\/www.markt-kom.com\/wp-content\/uploads\/2025\/09\/Weischer-Cinema-Event.png"},{"@type":"BreadcrumbList","@id":"https:\/\/www.organisator.ch\/marketing\/2025-09-03\/lumen-studie-kino-punktet-mit-echter-werbeaufmerksamkeit\/#breadcrumb","itemListElement":[{"@type":"ListItem","position":1,"name":"Home","item":"https:\/\/www.organisator.ch\/"},{"@type":"ListItem","position":2,"name":"LUMEN-Studie: Kino punktet mit \u00abechter Werbeaufmerksamkeit\u00bb"}]},{"@type":"WebSite","@id":"https:\/\/www.organisator.ch\/#website","url":"https:\/\/www.organisator.ch\/","name":"Organizzatore","description":"Competente. Pratico. In 10 numeri all'anno, ORGANISATOR presenta i temi essenziali per i manager delle PMI.","publisher":{"@id":"https:\/\/www.organisator.ch\/#organization"},"potentialAction":[{"@type":"SearchAction","target":{"@type":"EntryPoint","urlTemplate":"https:\/\/www.organisator.ch\/?s={search_term_string}"},"query-input":{"@type":"PropertyValueSpecification","valueRequired":true,"valueName":"search_term_string"}}],"inLanguage":"it-IT"},{"@type":"Organization","@id":"https:\/\/www.organisator.ch\/#organization","name":"Organizzatore","url":"https:\/\/www.organisator.ch\/","logo":{"@type":"ImageObject","inLanguage":"it-IT","@id":"https:\/\/www.organisator.ch\/#\/schema\/logo\/image\/","url":"https:\/\/www.organisator.ch\/wp-content\/uploads\/2022\/01\/Logo_Organisator_Website.png","contentUrl":"https:\/\/www.organisator.ch\/wp-content\/uploads\/2022\/01\/Logo_Organisator_Website.png","width":800,"height":77,"caption":"Organisator"},"image":{"@id":"https:\/\/www.organisator.ch\/#\/schema\/logo\/image\/"},"sameAs":["https:\/\/www.facebook.com\/OrganisatorFachmagazin","https:\/\/www.linkedin.com\/showcase\/organisator-das-magazin-fr-kmu","https:\/\/www.xing.com\/news\/pages\/organisator-ch-695","https:\/\/www.youtube.com\/channel\/UCGP2Sq0iWaZwT3BdIAQFYpw"]},{"@type":"Person","@id":"https:\/\/www.organisator.ch\/#\/schema\/person\/4e51799071cd2dd1232ac003643ef5f0","name":"galledia","image":{"@type":"ImageObject","inLanguage":"it-IT","@id":"https:\/\/secure.gravatar.com\/avatar\/78a7f90c01fc2bfc875782a0d4922b37cde2cf184ce347b91316d23cd7f69a36?s=96&d=mm&r=g","url":"https:\/\/secure.gravatar.com\/avatar\/78a7f90c01fc2bfc875782a0d4922b37cde2cf184ce347b91316d23cd7f69a36?s=96&d=mm&r=g","contentUrl":"https:\/\/secure.gravatar.com\/avatar\/78a7f90c01fc2bfc875782a0d4922b37cde2cf184ce347b91316d23cd7f69a36?s=96&d=mm&r=g","caption":"galledia"},"sameAs":["https:\/\/x.com\/admin"],"url":"https:\/\/www.organisator.ch\/it\/author\/galledia\/"}]}},"_links":{"self":[{"href":"https:\/\/www.organisator.ch\/it\/wp-json\/wp\/v2\/posts\/40340","targetHints":{"allow":["GET"]}}],"collection":[{"href":"https:\/\/www.organisator.ch\/it\/wp-json\/wp\/v2\/posts"}],"about":[{"href":"https:\/\/www.organisator.ch\/it\/wp-json\/wp\/v2\/types\/post"}],"author":[{"embeddable":true,"href":"https:\/\/www.organisator.ch\/it\/wp-json\/wp\/v2\/users\/8"}],"replies":[{"embeddable":true,"href":"https:\/\/www.organisator.ch\/it\/wp-json\/wp\/v2\/comments?post=40340"}],"version-history":[{"count":6,"href":"https:\/\/www.organisator.ch\/it\/wp-json\/wp\/v2\/posts\/40340\/revisions"}],"predecessor-version":[{"id":40352,"href":"https:\/\/www.organisator.ch\/it\/wp-json\/wp\/v2\/posts\/40340\/revisions\/40352"}],"wp:attachment":[{"href":"https:\/\/www.organisator.ch\/it\/wp-json\/wp\/v2\/media?parent=40340"}],"wp:term":[{"taxonomy":"category","embeddable":true,"href":"https:\/\/www.organisator.ch\/it\/wp-json\/wp\/v2\/categories?post=40340"},{"taxonomy":"post_tag","embeddable":true,"href":"https:\/\/www.organisator.ch\/it\/wp-json\/wp\/v2\/tags?post=40340"}],"curies":[{"name":"wp","href":"https:\/\/api.w.org\/{rel}","templated":true}]}}