{"id":40346,"date":"2025-09-04T07:43:02","date_gmt":"2025-09-04T05:43:02","guid":{"rendered":"https:\/\/www.organisator.ch\/?p=40346"},"modified":"2025-09-04T07:43:02","modified_gmt":"2025-09-04T05:43:02","slug":"sustainable-switzerland-forum-zeichnet-sustainable-shapers-aus","status":"publish","type":"post","link":"https:\/\/www.organisator.ch\/it\/sustainability\/2025-09-04\/sustainable-switzerland-forum-zeichnet-sustainable-shapers-aus\/","title":{"rendered":"Il Forum della Svizzera Sostenibile premia i \"Sustainable Shapers\""},"content":{"rendered":"<figure id=\"attachment_40347\" aria-describedby=\"caption-attachment-40347\" style=\"width: 680px\" class=\"wp-caption alignnone\"><img loading=\"lazy\" decoding=\"async\" class=\"size-full wp-image-40347\" src=\"https:\/\/www.organisator.ch\/wp-content\/uploads\/2025\/09\/Sustainable-Switzerland-Forum-zeichnet-Sustainable-Shapers-aus_Organisator.jpg\" alt=\"\" width=\"680\" height=\"453\" srcset=\"https:\/\/www.organisator.ch\/wp-content\/uploads\/2025\/09\/Sustainable-Switzerland-Forum-zeichnet-Sustainable-Shapers-aus_Organisator.jpg 680w, https:\/\/www.organisator.ch\/wp-content\/uploads\/2025\/09\/Sustainable-Switzerland-Forum-zeichnet-Sustainable-Shapers-aus_Organisator-18x12.jpg 18w, https:\/\/www.organisator.ch\/wp-content\/uploads\/2025\/09\/Sustainable-Switzerland-Forum-zeichnet-Sustainable-Shapers-aus_Organisator-375x250.jpg 375w, https:\/\/www.organisator.ch\/wp-content\/uploads\/2025\/09\/Sustainable-Switzerland-Forum-zeichnet-Sustainable-Shapers-aus_Organisator-525x350.jpg 525w\" sizes=\"auto, (max-width: 680px) 100vw, 680px\" \/><figcaption id=\"caption-attachment-40347\" class=\"wp-caption-text\">15 personalit\u00e0 sono state premiate come \"Sustainable Shapers\". (Immagine: Svizzera sostenibile \/ NZZ Connect)<\/figcaption><\/figure>\n<p>In occasione del Forum Sustainable Switzerland sono stati premiati per la prima volta i \"Sustainable Shapers\", personalit\u00e0 che con le loro attivit\u00e0 imprenditoriali, scientifiche o sociali avviano cambiamenti concreti e promuovono lo sviluppo sostenibile in Svizzera e dalla Svizzera.<\/p>\n<p>La giuria ha selezionato 15 vincitori in tre categorie tra oltre 240 candidature:<\/p>\n<p><strong>Leadership e trasformazione:<\/strong><\/p>\n<ul>\n<li>Albin K\u00e4lin, fondatore e CEO di epeaswitzerland gmbh<\/li>\n<li>Christian Zeyer, co-CEO di swisscleantech<\/li>\n<li>Hans-Dietrich Reckhaus, fondatore e CEO di INSECT-RESPECT<\/li>\n<li>Julia Carpenter, co-fondatrice e CEO di apheros<\/li>\n<li>Oliver Brunschwiler, membro del Consiglio di amministrazione e investitore<\/li>\n<\/ul>\n<p><strong>Conoscenza e opinione:<\/strong><\/p>\n<ul>\n<li>Mathis Wackernagel, cofondatore della Rete dell'Impronta Globale<\/li>\n<li>Nathalie Agosti, Fondatore e Amministratore delegato di Outlive Advisory<\/li>\n<li>Simone N\u00e4geli, co-fondatrice e co-direttrice di Acker Schweiz<\/li>\n<li>Ursula Biemann, artista<\/li>\n<li>Walter Stahel, fondatore dell'Istituto per la vita del prodotto<\/li>\n<\/ul>\n<p><strong>Visione e innovazione:<\/strong><\/p>\n<ul>\n<li>Aur\u00e9lien Demaurex, direttore finanziario e cofondatore di Ecorobotix<\/li>\n<li>Nicolas Rochat, fondatore e amministratore delegato di Mover Plastic Free Sportswear<\/li>\n<li>Philipp Furler, co-fondatore e CEO di Synhelion<\/li>\n<li>Pirmin Jung, fondatore e CEO di PIRMIN JUNG Schweiz AG<\/li>\n<li>Vincent Vida, fondatore e CEO di Upgrain<\/li>\n<\/ul>\n<h3>Relatori di spicco durante una cena esclusiva<\/h3>\n<p>La sera precedente, circa 100 CEO di importanti aziende svizzere si sono riuniti per una cena esclusiva. Tra gli ospiti sono intervenuti Jos\u00e9 Mar\u00eda Figueres (ex Presidente del Costa Rica), Sandrine Dixson-Decl\u00e8ve (CEO di Earth4All e Presidente onorario del Club di Roma) e Daniel Bischofberger (CEO di Accelleron Svizzera). L'evento serale ha offerto una piattaforma di alto livello per lo scambio e l'ispirazione a livello C.<\/p>\n<h3>Economia circolare e altro ancora<\/h3>\n<p>Circa 40 relatori nazionali e internazionali hanno organizzato il programma del giorno della conferenza:<\/p>\n<ul>\n<li><strong>Economia circolare:<\/strong> Antonia Stalder (Amministratore delegato di Prozirkula), Kristjan Jozipovic (CEO e cofondatore di Lumvin), Nina Schaller (Co-CEO e cofondatrice di Luya Foods) e J\u00f6rg Lederbauer (Vicepresidente Circular Economy BMW Group) hanno presentato approcci pratici ai cicli chiusi di materiali. Jozipovic ha spiegato: \"Scambiare invece di sostituire - finch\u00e9 la qualit\u00e0 \u00e8 giusta, tutti sono contenti\".  Schaller ha mostrato come i sottoprodotti dell'industria alimentare possano essere utilizzati grazie alla fermentazione: \"Questo crea un vantaggio per tutti, perch\u00e9 i sottoprodotti non vengono pi\u00f9 buttati via, ma utilizzati economicamente\". Lederbauer ha sottolineato l'importanza della cooperazione: \"Nessuno pu\u00f2 trasformare un'industria o un mondo da solo. Abbiamo bisogno di una rete forte per guidare l'innovazione\".<\/li>\n<li><strong>Catene di approvvigionamento:<\/strong> L'ambasciatore Andrea Rauber Saxer (responsabile delle relazioni economiche bilaterali della SECO) ha detto chiaramente: \"La sostenibilit\u00e0 non \u00e8 un lusso, non \u00e8 una moda\". Stefan Brupbacher (direttore di Swissmem) ha messo in guardia dai rischi geopolitici: \"Se le differenze tariffarie nell'UE rimarranno in vigore fino alla fine dell'anno, il business statunitense sar\u00e0 di fatto morto - dobbiamo svegliarci\". Christoph Birchler (CEO di Maestrani) ha presentato la prospettiva delle PMI: \"Noi PMI siamo invischiati nella catena di fornitura dei grandi operatori. Per essere in forma per il futuro, abbiamo bisogno di una massa critica e di soluzioni che siano anche economicamente efficienti\".<\/li>\n<li><strong>IA e gestione dell'energia:<\/strong> Adam Elman (direttore della sostenibilit\u00e0 di Google), Sebnem Erzan (responsabile della sostenibilit\u00e0 dei viaggi e dei trasporti, partnership globali di Google) e Max Vogler (ingegnere software senior di Google) hanno presentato come l'intelligenza artificiale pu\u00f2 ridurre le emissioni con il progetto Contrails. \"L'intelligenza artificiale offre un'enorme opportunit\u00e0 e aumenta la nostra efficienza: questo \u00e8 un bene per il pianeta, ma anche per gli affari\", ha detto Elman. \u00c8 anche importante \"fare il miglior uso possibile della buona energia che gi\u00e0 abbiamo\". Il controverso dibattito Munk sull'accordo sull'elettricit\u00e0 tra la Svizzera e l'UE \u00e8 stato un'ulteriore fonte di controversie.<\/li>\n<\/ul>\n<p>Sul palco principale, Jos\u00e9 Mar\u00eda Figueres, Sandrine Dixson-Decl\u00e8ve, Jim Hagemann Snabe (Presidente del Consiglio di Sorveglianza di Siemens) e Mathis Wackernagel (inventore di \"Footprint\") hanno rilasciato dichiarazioni forti sulla leadership responsabile, il cambiamento sistemico e la cooperazione internazionale.<\/p>\n<p><em>Fonte e ulteriori informazioni: <a href=\"https:\/\/www.sustainableswitzerland.ch\/\">www.sustainableswitzerland.ch<\/a><\/em><\/p>","protected":false},"excerpt":{"rendered":"<p>Il 2 settembre 2025, oltre 500 decisori del mondo economico, scientifico e politico si sono riuniti nella nuova Festhalle di Bernexpo per la quarta edizione del Forum sulla Svizzera sostenibile. L'attenzione si \u00e8 concentrata sull'economia circolare, le catene di approvvigionamento, l'intelligenza artificiale e la gestione dell'energia. <\/p>","protected":false},"author":4,"featured_media":40347,"comment_status":"closed","ping_status":"closed","sticky":false,"template":"","format":"standard","meta":{"_acf_changed":false,"_yoast_wpseo_focuskw":"Sustainable Switzerland","_yoast_wpseo_metadesc":"Am 2. September 2025 versammelten sich \u00fcber 500 Entscheidungstr\u00e4gerinnen und -tr\u00e4ger zur vierten Ausgabe des Sustainable Switzerland Forum.","articlekey":"","footnotes":""},"categories":[580],"tags":[193,358,4114],"class_list":["post-40346","post","type-post","status-publish","format-standard","has-post-thumbnail","hentry","category-sustainability","tag-fachkongressfachmesse","tag-nachhaltige-wirtschaft","tag-sustainable-switzerland"],"acf":[],"yoast_head":"<!-- This site is optimized with the Yoast SEO plugin v27.5 - https:\/\/yoast.com\/product\/yoast-seo-wordpress\/ -->\n<title>Sustainable Switzerland Forum zeichnet &quot;Sustainable Shapers&quot; aus - Organisator<\/title>\n<meta name=\"description\" content=\"Am 2. September 2025 versammelten sich \u00fcber 500 Entscheidungstr\u00e4gerinnen und -tr\u00e4ger zur vierten Ausgabe des Sustainable Switzerland Forum.\" \/>\n<meta name=\"robots\" content=\"index, follow, max-snippet:-1, max-image-preview:large, max-video-preview:-1\" \/>\n<link rel=\"canonical\" href=\"https:\/\/www.organisator.ch\/it\/sostenibilita\/2025-09-04\/sustainable-switzerland-forum-zeichnet-sustainable-shapers-aus\/\" \/>\n<meta property=\"og:locale\" content=\"it_IT\" \/>\n<meta property=\"og:type\" content=\"article\" \/>\n<meta property=\"og:title\" content=\"Sustainable Switzerland Forum zeichnet &quot;Sustainable Shapers&quot; aus\" \/>\n<meta property=\"og:description\" content=\"Am 2. September 2025 versammelten sich \u00fcber 500 Entscheidungstr\u00e4gerinnen und -tr\u00e4ger zur vierten Ausgabe des Sustainable Switzerland Forum.\" \/>\n<meta property=\"og:url\" content=\"https:\/\/www.organisator.ch\/it\/sostenibilita\/2025-09-04\/sustainable-switzerland-forum-zeichnet-sustainable-shapers-aus\/\" \/>\n<meta property=\"og:site_name\" content=\"Organisator\" \/>\n<meta property=\"article:publisher\" content=\"https:\/\/www.facebook.com\/OrganisatorFachmagazin\" \/>\n<meta property=\"article:published_time\" content=\"2025-09-04T05:43:02+00:00\" \/>\n<meta property=\"og:image\" content=\"https:\/\/www.organisator.ch\/wp-content\/uploads\/2025\/09\/Sustainable-Switzerland-Forum-zeichnet-Sustainable-Shapers-aus_Organisator.jpg\" \/>\n\t<meta property=\"og:image:width\" content=\"680\" \/>\n\t<meta property=\"og:image:height\" content=\"453\" \/>\n\t<meta property=\"og:image:type\" content=\"image\/jpeg\" \/>\n<meta name=\"author\" content=\"thomas.berner\" \/>\n<meta name=\"twitter:card\" content=\"summary_large_image\" \/>\n<meta name=\"twitter:title\" content=\"Sustainable #Switzerland Forum zeichnet &quot;Sustainable Shapers&quot; aus\" \/>\n<meta name=\"twitter:description\" content=\"Am 2. September 2025 versammelten sich \u00fcber 500 Entscheidungstr\u00e4gerinnen und -tr\u00e4ger zur vierten Ausgabe des #Sustainable Switzerland Forum.\" \/>\n<meta name=\"twitter:image\" content=\"https:\/\/www.organisator.ch\/wp-content\/uploads\/2025\/09\/Sustainable-Switzerland-Forum-zeichnet-Sustainable-Shapers-aus_Organisator.jpg\" \/>\n<script type=\"application\/ld+json\" class=\"yoast-schema-graph\">{\"@context\":\"https:\\\/\\\/schema.org\",\"@graph\":[{\"@type\":\"Article\",\"@id\":\"https:\\\/\\\/www.organisator.ch\\\/sustainability\\\/2025-09-04\\\/sustainable-switzerland-forum-zeichnet-sustainable-shapers-aus\\\/#article\",\"isPartOf\":{\"@id\":\"https:\\\/\\\/www.organisator.ch\\\/sustainability\\\/2025-09-04\\\/sustainable-switzerland-forum-zeichnet-sustainable-shapers-aus\\\/\"},\"author\":{\"name\":\"thomas.berner\",\"@id\":\"https:\\\/\\\/www.organisator.ch\\\/#\\\/schema\\\/person\\\/6f650f90b2842cd4c0cc334b4e36f67e\"},\"headline\":\"Sustainable Switzerland Forum zeichnet &#8222;Sustainable Shapers&#8220; aus\",\"datePublished\":\"2025-09-04T05:43:02+00:00\",\"mainEntityOfPage\":{\"@id\":\"https:\\\/\\\/www.organisator.ch\\\/sustainability\\\/2025-09-04\\\/sustainable-switzerland-forum-zeichnet-sustainable-shapers-aus\\\/\"},\"wordCount\":610,\"publisher\":{\"@id\":\"https:\\\/\\\/www.organisator.ch\\\/#organization\"},\"image\":{\"@id\":\"https:\\\/\\\/www.organisator.ch\\\/sustainability\\\/2025-09-04\\\/sustainable-switzerland-forum-zeichnet-sustainable-shapers-aus\\\/#primaryimage\"},\"thumbnailUrl\":\"https:\\\/\\\/www.organisator.ch\\\/wp-content\\\/uploads\\\/2025\\\/09\\\/Sustainable-Switzerland-Forum-zeichnet-Sustainable-Shapers-aus_Organisator.jpg\",\"keywords\":[\"Fachkongress\\\/Fachmesse\",\"Nachhaltige Wirtschaft\",\"Sustainable Switzerland\"],\"articleSection\":[\"SUSTAINABILITY\"],\"inLanguage\":\"it-IT\"},{\"@type\":\"WebPage\",\"@id\":\"https:\\\/\\\/www.organisator.ch\\\/sustainability\\\/2025-09-04\\\/sustainable-switzerland-forum-zeichnet-sustainable-shapers-aus\\\/\",\"url\":\"https:\\\/\\\/www.organisator.ch\\\/sustainability\\\/2025-09-04\\\/sustainable-switzerland-forum-zeichnet-sustainable-shapers-aus\\\/\",\"name\":\"Sustainable Switzerland Forum zeichnet \\\"Sustainable Shapers\\\" aus - Organisator\",\"isPartOf\":{\"@id\":\"https:\\\/\\\/www.organisator.ch\\\/#website\"},\"primaryImageOfPage\":{\"@id\":\"https:\\\/\\\/www.organisator.ch\\\/sustainability\\\/2025-09-04\\\/sustainable-switzerland-forum-zeichnet-sustainable-shapers-aus\\\/#primaryimage\"},\"image\":{\"@id\":\"https:\\\/\\\/www.organisator.ch\\\/sustainability\\\/2025-09-04\\\/sustainable-switzerland-forum-zeichnet-sustainable-shapers-aus\\\/#primaryimage\"},\"thumbnailUrl\":\"https:\\\/\\\/www.organisator.ch\\\/wp-content\\\/uploads\\\/2025\\\/09\\\/Sustainable-Switzerland-Forum-zeichnet-Sustainable-Shapers-aus_Organisator.jpg\",\"datePublished\":\"2025-09-04T05:43:02+00:00\",\"description\":\"Am 2. September 2025 versammelten sich \u00fcber 500 Entscheidungstr\u00e4gerinnen und -tr\u00e4ger zur vierten Ausgabe des Sustainable Switzerland Forum.\",\"breadcrumb\":{\"@id\":\"https:\\\/\\\/www.organisator.ch\\\/sustainability\\\/2025-09-04\\\/sustainable-switzerland-forum-zeichnet-sustainable-shapers-aus\\\/#breadcrumb\"},\"inLanguage\":\"it-IT\",\"potentialAction\":[{\"@type\":\"ReadAction\",\"target\":[\"https:\\\/\\\/www.organisator.ch\\\/sustainability\\\/2025-09-04\\\/sustainable-switzerland-forum-zeichnet-sustainable-shapers-aus\\\/\"]}]},{\"@type\":\"ImageObject\",\"inLanguage\":\"it-IT\",\"@id\":\"https:\\\/\\\/www.organisator.ch\\\/sustainability\\\/2025-09-04\\\/sustainable-switzerland-forum-zeichnet-sustainable-shapers-aus\\\/#primaryimage\",\"url\":\"https:\\\/\\\/www.organisator.ch\\\/wp-content\\\/uploads\\\/2025\\\/09\\\/Sustainable-Switzerland-Forum-zeichnet-Sustainable-Shapers-aus_Organisator.jpg\",\"contentUrl\":\"https:\\\/\\\/www.organisator.ch\\\/wp-content\\\/uploads\\\/2025\\\/09\\\/Sustainable-Switzerland-Forum-zeichnet-Sustainable-Shapers-aus_Organisator.jpg\",\"width\":680,\"height\":453,\"caption\":\"15 Pers\u00f6nlichkeiten wurden als \\\"Sustainable Shapers\\\" ausgezeichnet. (Bild: Sustainable Switzerland \\\/ NZZ Connect)\"},{\"@type\":\"BreadcrumbList\",\"@id\":\"https:\\\/\\\/www.organisator.ch\\\/sustainability\\\/2025-09-04\\\/sustainable-switzerland-forum-zeichnet-sustainable-shapers-aus\\\/#breadcrumb\",\"itemListElement\":[{\"@type\":\"ListItem\",\"position\":1,\"name\":\"Home\",\"item\":\"https:\\\/\\\/www.organisator.ch\\\/\"},{\"@type\":\"ListItem\",\"position\":2,\"name\":\"Sustainable Switzerland Forum zeichnet &#8222;Sustainable Shapers&#8220; aus\"}]},{\"@type\":\"WebSite\",\"@id\":\"https:\\\/\\\/www.organisator.ch\\\/#website\",\"url\":\"https:\\\/\\\/www.organisator.ch\\\/\",\"name\":\"Organisator\",\"description\":\"Kompetent. Praxisnah. Der ORGANISATOR bereitet in 10 Ausgaben pro Jahr die wesentlichen Themen f\u00fcr F\u00fchrungskr\u00e4fte von KMU auf.\",\"publisher\":{\"@id\":\"https:\\\/\\\/www.organisator.ch\\\/#organization\"},\"potentialAction\":[{\"@type\":\"SearchAction\",\"target\":{\"@type\":\"EntryPoint\",\"urlTemplate\":\"https:\\\/\\\/www.organisator.ch\\\/?s={search_term_string}\"},\"query-input\":{\"@type\":\"PropertyValueSpecification\",\"valueRequired\":true,\"valueName\":\"search_term_string\"}}],\"inLanguage\":\"it-IT\"},{\"@type\":\"Organization\",\"@id\":\"https:\\\/\\\/www.organisator.ch\\\/#organization\",\"name\":\"Organisator\",\"url\":\"https:\\\/\\\/www.organisator.ch\\\/\",\"logo\":{\"@type\":\"ImageObject\",\"inLanguage\":\"it-IT\",\"@id\":\"https:\\\/\\\/www.organisator.ch\\\/#\\\/schema\\\/logo\\\/image\\\/\",\"url\":\"https:\\\/\\\/www.organisator.ch\\\/wp-content\\\/uploads\\\/2022\\\/01\\\/Logo_Organisator_Website.png\",\"contentUrl\":\"https:\\\/\\\/www.organisator.ch\\\/wp-content\\\/uploads\\\/2022\\\/01\\\/Logo_Organisator_Website.png\",\"width\":800,\"height\":77,\"caption\":\"Organisator\"},\"image\":{\"@id\":\"https:\\\/\\\/www.organisator.ch\\\/#\\\/schema\\\/logo\\\/image\\\/\"},\"sameAs\":[\"https:\\\/\\\/www.facebook.com\\\/OrganisatorFachmagazin\",\"https:\\\/\\\/www.linkedin.com\\\/showcase\\\/organisator-das-magazin-fr-kmu\",\"https:\\\/\\\/www.xing.com\\\/news\\\/pages\\\/organisator-ch-695\",\"https:\\\/\\\/www.youtube.com\\\/channel\\\/UCGP2Sq0iWaZwT3BdIAQFYpw\"]},{\"@type\":\"Person\",\"@id\":\"https:\\\/\\\/www.organisator.ch\\\/#\\\/schema\\\/person\\\/6f650f90b2842cd4c0cc334b4e36f67e\",\"name\":\"thomas.berner\",\"image\":{\"@type\":\"ImageObject\",\"inLanguage\":\"it-IT\",\"@id\":\"https:\\\/\\\/secure.gravatar.com\\\/avatar\\\/ac5001d2a36cb6c6cd3e50789007ffca834b477b74a2144564522e944eabff61?s=96&d=mm&r=g\",\"url\":\"https:\\\/\\\/secure.gravatar.com\\\/avatar\\\/ac5001d2a36cb6c6cd3e50789007ffca834b477b74a2144564522e944eabff61?s=96&d=mm&r=g\",\"contentUrl\":\"https:\\\/\\\/secure.gravatar.com\\\/avatar\\\/ac5001d2a36cb6c6cd3e50789007ffca834b477b74a2144564522e944eabff61?s=96&d=mm&r=g\",\"caption\":\"thomas.berner\"},\"url\":\"https:\\\/\\\/www.organisator.ch\\\/it\\\/author\\\/thomas-berner\\\/\"}]}<\/script>\n<!-- \/ Yoast SEO plugin. -->","yoast_head_json":{"title":"Il Forum della Svizzera sostenibile premia i \"Sustainable Shapers\" - Organizzatore","description":"Il 2 settembre 2025, oltre 500 decisori si sono riuniti per la quarta edizione del Forum della Svizzera sostenibile.","robots":{"index":"index","follow":"follow","max-snippet":"max-snippet:-1","max-image-preview":"max-image-preview:large","max-video-preview":"max-video-preview:-1"},"canonical":"https:\/\/www.organisator.ch\/it\/sostenibilita\/2025-09-04\/sustainable-switzerland-forum-zeichnet-sustainable-shapers-aus\/","og_locale":"it_IT","og_type":"article","og_title":"Sustainable Switzerland Forum zeichnet \"Sustainable Shapers\" aus","og_description":"Am 2. September 2025 versammelten sich \u00fcber 500 Entscheidungstr\u00e4gerinnen und -tr\u00e4ger zur vierten Ausgabe des Sustainable Switzerland Forum.","og_url":"https:\/\/www.organisator.ch\/it\/sostenibilita\/2025-09-04\/sustainable-switzerland-forum-zeichnet-sustainable-shapers-aus\/","og_site_name":"Organisator","article_publisher":"https:\/\/www.facebook.com\/OrganisatorFachmagazin","article_published_time":"2025-09-04T05:43:02+00:00","og_image":[{"width":680,"height":453,"url":"https:\/\/www.organisator.ch\/wp-content\/uploads\/2025\/09\/Sustainable-Switzerland-Forum-zeichnet-Sustainable-Shapers-aus_Organisator.jpg","type":"image\/jpeg"}],"author":"thomas.berner","twitter_card":"summary_large_image","twitter_title":"Sustainable #Switzerland Forum zeichnet \"Sustainable Shapers\" aus","twitter_description":"Am 2. September 2025 versammelten sich \u00fcber 500 Entscheidungstr\u00e4gerinnen und -tr\u00e4ger zur vierten Ausgabe des #Sustainable Switzerland Forum.","twitter_image":"https:\/\/www.organisator.ch\/wp-content\/uploads\/2025\/09\/Sustainable-Switzerland-Forum-zeichnet-Sustainable-Shapers-aus_Organisator.jpg","schema":{"@context":"https:\/\/schema.org","@graph":[{"@type":"Article","@id":"https:\/\/www.organisator.ch\/sustainability\/2025-09-04\/sustainable-switzerland-forum-zeichnet-sustainable-shapers-aus\/#article","isPartOf":{"@id":"https:\/\/www.organisator.ch\/sustainability\/2025-09-04\/sustainable-switzerland-forum-zeichnet-sustainable-shapers-aus\/"},"author":{"name":"thomas.berner","@id":"https:\/\/www.organisator.ch\/#\/schema\/person\/6f650f90b2842cd4c0cc334b4e36f67e"},"headline":"Sustainable Switzerland Forum zeichnet &#8222;Sustainable Shapers&#8220; aus","datePublished":"2025-09-04T05:43:02+00:00","mainEntityOfPage":{"@id":"https:\/\/www.organisator.ch\/sustainability\/2025-09-04\/sustainable-switzerland-forum-zeichnet-sustainable-shapers-aus\/"},"wordCount":610,"publisher":{"@id":"https:\/\/www.organisator.ch\/#organization"},"image":{"@id":"https:\/\/www.organisator.ch\/sustainability\/2025-09-04\/sustainable-switzerland-forum-zeichnet-sustainable-shapers-aus\/#primaryimage"},"thumbnailUrl":"https:\/\/www.organisator.ch\/wp-content\/uploads\/2025\/09\/Sustainable-Switzerland-Forum-zeichnet-Sustainable-Shapers-aus_Organisator.jpg","keywords":["Fachkongress\/Fachmesse","Nachhaltige Wirtschaft","Sustainable Switzerland"],"articleSection":["SUSTAINABILITY"],"inLanguage":"it-IT"},{"@type":"WebPage","@id":"https:\/\/www.organisator.ch\/sustainability\/2025-09-04\/sustainable-switzerland-forum-zeichnet-sustainable-shapers-aus\/","url":"https:\/\/www.organisator.ch\/sustainability\/2025-09-04\/sustainable-switzerland-forum-zeichnet-sustainable-shapers-aus\/","name":"Il Forum della Svizzera sostenibile premia i \"Sustainable Shapers\" - Organizzatore","isPartOf":{"@id":"https:\/\/www.organisator.ch\/#website"},"primaryImageOfPage":{"@id":"https:\/\/www.organisator.ch\/sustainability\/2025-09-04\/sustainable-switzerland-forum-zeichnet-sustainable-shapers-aus\/#primaryimage"},"image":{"@id":"https:\/\/www.organisator.ch\/sustainability\/2025-09-04\/sustainable-switzerland-forum-zeichnet-sustainable-shapers-aus\/#primaryimage"},"thumbnailUrl":"https:\/\/www.organisator.ch\/wp-content\/uploads\/2025\/09\/Sustainable-Switzerland-Forum-zeichnet-Sustainable-Shapers-aus_Organisator.jpg","datePublished":"2025-09-04T05:43:02+00:00","description":"Il 2 settembre 2025, oltre 500 decisori si sono riuniti per la quarta edizione del Forum della Svizzera sostenibile.","breadcrumb":{"@id":"https:\/\/www.organisator.ch\/sustainability\/2025-09-04\/sustainable-switzerland-forum-zeichnet-sustainable-shapers-aus\/#breadcrumb"},"inLanguage":"it-IT","potentialAction":[{"@type":"ReadAction","target":["https:\/\/www.organisator.ch\/sustainability\/2025-09-04\/sustainable-switzerland-forum-zeichnet-sustainable-shapers-aus\/"]}]},{"@type":"ImageObject","inLanguage":"it-IT","@id":"https:\/\/www.organisator.ch\/sustainability\/2025-09-04\/sustainable-switzerland-forum-zeichnet-sustainable-shapers-aus\/#primaryimage","url":"https:\/\/www.organisator.ch\/wp-content\/uploads\/2025\/09\/Sustainable-Switzerland-Forum-zeichnet-Sustainable-Shapers-aus_Organisator.jpg","contentUrl":"https:\/\/www.organisator.ch\/wp-content\/uploads\/2025\/09\/Sustainable-Switzerland-Forum-zeichnet-Sustainable-Shapers-aus_Organisator.jpg","width":680,"height":453,"caption":"15 Pers\u00f6nlichkeiten wurden als \"Sustainable Shapers\" ausgezeichnet. (Bild: Sustainable Switzerland \/ NZZ Connect)"},{"@type":"BreadcrumbList","@id":"https:\/\/www.organisator.ch\/sustainability\/2025-09-04\/sustainable-switzerland-forum-zeichnet-sustainable-shapers-aus\/#breadcrumb","itemListElement":[{"@type":"ListItem","position":1,"name":"Home","item":"https:\/\/www.organisator.ch\/"},{"@type":"ListItem","position":2,"name":"Sustainable Switzerland Forum zeichnet &#8222;Sustainable Shapers&#8220; aus"}]},{"@type":"WebSite","@id":"https:\/\/www.organisator.ch\/#website","url":"https:\/\/www.organisator.ch\/","name":"Organizzatore","description":"Competente. Pratico. In 10 numeri all'anno, ORGANISATOR presenta i temi essenziali per i manager delle PMI.","publisher":{"@id":"https:\/\/www.organisator.ch\/#organization"},"potentialAction":[{"@type":"SearchAction","target":{"@type":"EntryPoint","urlTemplate":"https:\/\/www.organisator.ch\/?s={search_term_string}"},"query-input":{"@type":"PropertyValueSpecification","valueRequired":true,"valueName":"search_term_string"}}],"inLanguage":"it-IT"},{"@type":"Organization","@id":"https:\/\/www.organisator.ch\/#organization","name":"Organizzatore","url":"https:\/\/www.organisator.ch\/","logo":{"@type":"ImageObject","inLanguage":"it-IT","@id":"https:\/\/www.organisator.ch\/#\/schema\/logo\/image\/","url":"https:\/\/www.organisator.ch\/wp-content\/uploads\/2022\/01\/Logo_Organisator_Website.png","contentUrl":"https:\/\/www.organisator.ch\/wp-content\/uploads\/2022\/01\/Logo_Organisator_Website.png","width":800,"height":77,"caption":"Organisator"},"image":{"@id":"https:\/\/www.organisator.ch\/#\/schema\/logo\/image\/"},"sameAs":["https:\/\/www.facebook.com\/OrganisatorFachmagazin","https:\/\/www.linkedin.com\/showcase\/organisator-das-magazin-fr-kmu","https:\/\/www.xing.com\/news\/pages\/organisator-ch-695","https:\/\/www.youtube.com\/channel\/UCGP2Sq0iWaZwT3BdIAQFYpw"]},{"@type":"Person","@id":"https:\/\/www.organisator.ch\/#\/schema\/person\/6f650f90b2842cd4c0cc334b4e36f67e","name":"Tommaso.berner","image":{"@type":"ImageObject","inLanguage":"it-IT","@id":"https:\/\/secure.gravatar.com\/avatar\/ac5001d2a36cb6c6cd3e50789007ffca834b477b74a2144564522e944eabff61?s=96&d=mm&r=g","url":"https:\/\/secure.gravatar.com\/avatar\/ac5001d2a36cb6c6cd3e50789007ffca834b477b74a2144564522e944eabff61?s=96&d=mm&r=g","contentUrl":"https:\/\/secure.gravatar.com\/avatar\/ac5001d2a36cb6c6cd3e50789007ffca834b477b74a2144564522e944eabff61?s=96&d=mm&r=g","caption":"thomas.berner"},"url":"https:\/\/www.organisator.ch\/it\/author\/thomas-berner\/"}]}},"_links":{"self":[{"href":"https:\/\/www.organisator.ch\/it\/wp-json\/wp\/v2\/posts\/40346","targetHints":{"allow":["GET"]}}],"collection":[{"href":"https:\/\/www.organisator.ch\/it\/wp-json\/wp\/v2\/posts"}],"about":[{"href":"https:\/\/www.organisator.ch\/it\/wp-json\/wp\/v2\/types\/post"}],"author":[{"embeddable":true,"href":"https:\/\/www.organisator.ch\/it\/wp-json\/wp\/v2\/users\/4"}],"replies":[{"embeddable":true,"href":"https:\/\/www.organisator.ch\/it\/wp-json\/wp\/v2\/comments?post=40346"}],"version-history":[{"count":4,"href":"https:\/\/www.organisator.ch\/it\/wp-json\/wp\/v2\/posts\/40346\/revisions"}],"predecessor-version":[{"id":40415,"href":"https:\/\/www.organisator.ch\/it\/wp-json\/wp\/v2\/posts\/40346\/revisions\/40415"}],"wp:featuredmedia":[{"embeddable":true,"href":"https:\/\/www.organisator.ch\/it\/wp-json\/wp\/v2\/media\/40347"}],"wp:attachment":[{"href":"https:\/\/www.organisator.ch\/it\/wp-json\/wp\/v2\/media?parent=40346"}],"wp:term":[{"taxonomy":"category","embeddable":true,"href":"https:\/\/www.organisator.ch\/it\/wp-json\/wp\/v2\/categories?post=40346"},{"taxonomy":"post_tag","embeddable":true,"href":"https:\/\/www.organisator.ch\/it\/wp-json\/wp\/v2\/tags?post=40346"}],"curies":[{"name":"wp","href":"https:\/\/api.w.org\/{rel}","templated":true}]}}