{"id":40381,"date":"2025-09-05T08:12:36","date_gmt":"2025-09-05T06:12:36","guid":{"rendered":"https:\/\/www.m-q.ch\/?p=21876"},"modified":"2025-09-05T11:24:58","modified_gmt":"2025-09-05T09:24:58","slug":"unified-communication-collaboration-bleibt-zukunftsmusik","status":"publish","type":"post","link":"https:\/\/www.organisator.ch\/it\/operational-excellence\/2025-09-05\/unified-communication-collaboration-bleibt-zukunftsmusik\/","title":{"rendered":"La comunicazione e la collaborazione unificate restano un sogno del futuro"},"content":{"rendered":"<figure id=\"attachment_21877\" class=\"wp-caption alignnone\" style=\"width: 680px;\" aria-describedby=\"caption-attachment-21877\"><img class=\"size-full wp-image-21877\" src=\"https:\/\/www.m-q.ch\/wp-content\/uploads\/2025\/09\/Unified-Communication-Collaboration-bleibt-Zukunftsmusik_MQ.png\" sizes=\"(max-width: 680px) 100vw, 680px\" srcset=\"https:\/\/www.m-q.ch\/wp-content\/uploads\/2025\/09\/Unified-Communication-Collaboration-bleibt-Zukunftsmusik_MQ.png 680w, https:\/\/www.m-q.ch\/wp-content\/uploads\/2025\/09\/Unified-Communication-Collaboration-bleibt-Zukunftsmusik_MQ-18x12.png 18w, https:\/\/www.m-q.ch\/wp-content\/uploads\/2025\/09\/Unified-Communication-Collaboration-bleibt-Zukunftsmusik_MQ-375x250.png 375w, https:\/\/www.m-q.ch\/wp-content\/uploads\/2025\/09\/Unified-Communication-Collaboration-bleibt-Zukunftsmusik_MQ-525x350.png 525w\" alt=\"\" width=\"680\" height=\"453\" \/>\r\n<figcaption id=\"caption-attachment-21877\" class=\"wp-caption-text\">Nonostante la crescente digitalizzazione, la comunicazione vocale professionale rimane essenziale, soprattutto negli ambienti di lavoro ibridi. (Immagine: SAB \/ Google AI)<\/figcaption>\r\n<\/figure>\r\n<p data-start=\"93\" data-end=\"591\">Le soluzioni di comunicazione olistica che combinano voce, e-mail, chat, video e collaborazione sono considerate un modello per il futuro nella strategia e nel marketing. In realt\u00e0, per\u00f2, la maggior parte delle aziende lavora con sistemi separati. La telefonia IP, sia nel cloud che a livello locale, viene solitamente gestita separatamente dagli strumenti di posta elettronica e di collaborazione, mentre le piattaforme di chat sono raramente integrate. Per molte aziende, l'aspirazione a una piattaforma standardizzata rimane un obiettivo, non una realt\u00e0.<\/p>\r\n<p data-start=\"593\" data-end=\"1089\">Le analisi di mercato mostrano un alto livello di interesse: Il mercato europeo delle Unified Communication &amp; Collaboration (UCC) \u00e8 stimato in 49 miliardi di dollari, con una crescita annua del 18% fino al 2030. Oltre il 65% delle aziende dell'Europa occidentale utilizza in qualche misura strumenti basati sul cloud, ma solo poco meno della met\u00e0 persegue una strategia mobile-first. Nella maggior parte dei casi, rimangono in funzione sistemi utilizzabili solo su dispositivi mobili, senza una reale integrazione di voce, video, chat ed e-mail.<\/p>\r\n<h3 data-start=\"593\" data-end=\"1089\">Ostacoli sottovalutati<\/h3>\r\n<p data-start=\"1091\" data-end=\"1506\">Uno dei motivi \u00e8 l'elevata complessit\u00e0 dell'implementazione. Una piattaforma centralizzata richiede interventi di ampia portata nelle strutture esistenti, il consolidamento dei sistemi, la formazione, l'adeguamento dei processi e il chiarimento delle questioni relative alla conformit\u00e0 e alla protezione dei dati. In Europa, in particolare, il GDPR rende pi\u00f9 difficile l'integrazione di dati vocali e video sensibili. L'impegno richiesto \u00e8 enorme e i guadagni in termini di efficienza sono spesso evidenti solo a lungo termine.<\/p>\r\n<p data-start=\"1508\" data-end=\"1998\">Anche i costi sono un deterrente. Le licenze, le spese correnti, i programmi di formazione e gli adeguamenti al panorama informatico rendono le piattaforme UC costose. Molte aziende preferiscono quindi affidarsi a sistemi specializzati. Gli studi dimostrano inoltre che le moderne piattaforme di telefonia IP consentono risparmi fino al 30-40% rispetto ai sistemi telefonici tradizionali. Una soluzione voce solida pu\u00f2 quindi essere efficiente in termini di costi e a prova di futuro, senza la complessit\u00e0 di ambienti UCC completi.<\/p>\r\n<p data-start=\"2000\" data-end=\"2440\">Inoltre, da tempo esistono strumenti specializzati come Microsoft Exchange, Google Workspace, Slack, Teams o Zoom. Il passaggio a una piattaforma monolitica spesso creerebbe strutture duplicate e costi aggiuntivi senza migliorare sensibilmente la qualit\u00e0 della comunicazione. Soprattutto nel settore della voce, le aziende apprezzano la stabilit\u00e0 e l'affidabilit\u00e0 di soluzioni IP specializzate rispetto a complessi tentativi di integrazione.<\/p>\r\n<h3 data-start=\"2000\" data-end=\"2440\">Soluzioni vocali IP per una comunicazione moderna<\/h3>\r\n<p data-start=\"2442\" data-end=\"2923\">Il linguaggio rimane comunque il fulcro della comunicazione aziendale. Consente precisione, approccio personalizzato e risposte rapide. I moderni telefoni IP offrono audio HD, integrazione nei sistemi IT esistenti, supporto remoto e compatibilit\u00e0 con le piattaforme pi\u00f9 comuni: in altre parole, proprio le funzioni cruciali per processi efficienti. Per molte aziende, una solida infrastruttura di telefonia IP offre pi\u00f9 vantaggi pratici di una soluzione UCC completamente integrata. In pratica, ci\u00f2 \u00e8 dimostrato dai telefoni con Wi-Fi integrato o dai robusti dispositivi finali DECT. Il produttore tedesco Snom si riferisce ad esempio al suo modello Snom D865. Questi dispositivi non solo offrono una telefonia affidabile, ma possono anche essere integrati in sistemi di allarme, localizzazione o trascrizione AI. Soprattutto in ambienti come la produzione, la logistica o la sanit\u00e0, la loro stabilit\u00e0 e l'elevata qualit\u00e0 vocale garantiscono una comunicazione chiara, anche per le applicazioni supportate dall'intelligenza artificiale.<\/p>\r\n<p data-start=\"3764\" data-end=\"4216\">Sebbene molti responsabili IT vedano l'UCC come una visione a lungo termine, attualmente si concentrano su architetture modulari collaudate. La combinazione di telefonia IP, strumenti di collaborazione e sistemi di posta elettronica \u00e8 la soluzione pi\u00f9 pragmatica per la maggior parte delle aziende. Ci\u00f2 significa che l'UCC rimarr\u00e0 una chimera nel 2025, mentre le moderne soluzioni vocali IP stanno gi\u00e0 dando un contributo decisivo a una comunicazione chiara, affidabile ed efficiente.<\/p>\r\n<p data-start=\"3764\" data-end=\"4216\"><em>Fonte: <a href=\"http:\/\/www.snom.com\/\">Snom Technology GmbH<\/a><\/em><\/p>\n<p class=\"syndicated-attribution\">Questo articolo \u00e8 apparso originariamente su m-q.ch - <a href=\"https:\/\/www.m-q.ch\/de\/unified-communication-collaboration-bleibt-zukunftsmusik\/\" target=\"_blank\">https:\/\/www.m-q.ch\/de\/unified-communication-collaboration-bleibt-zukunftsmusik\/<\/a><\/p>","protected":false},"excerpt":{"rendered":"<p>Sebbene l'idea di Unified Communication &amp; Collaboration (UCC) - ovvero il consolidamento di tutti i canali di comunicazione in un'unica piattaforma - sia da anni il principio guida della comunicazione aziendale, la realizzazione pratica \u00e8 ancora molto lontana dalla visione.<\/p>","protected":false},"author":8,"featured_media":0,"comment_status":"closed","ping_status":"closed","sticky":false,"template":"","format":"standard","meta":{"_acf_changed":false,"_yoast_wpseo_focuskw":"Unified Communication","_yoast_wpseo_metadesc":"Die praktische Umsetzung von Unified Communication & Collaboration (UCC) ist nach wie vor weit entfernt von der Vision.","articlekey":"","footnotes":""},"categories":[582],"tags":[286,393,479,5524,606],"class_list":["post-40381","post","type-post","status-publish","format-standard","hentry","category-operational-excellence","tag-it","tag-produkte","tag-telekommunikation","tag-unified-communication","tag-unkategorisiert"],"acf":[],"yoast_head":"<!-- This site is optimized with the Yoast SEO plugin v27.5 - https:\/\/yoast.com\/product\/yoast-seo-wordpress\/ -->\n<title>Unified Communication &amp; Collaboration bleibt Zukunftsmusik - Organisator<\/title>\n<meta name=\"description\" content=\"Die praktische Umsetzung von Unified Communication &amp; Collaboration (UCC) ist nach wie vor weit entfernt von der Vision.\" \/>\n<meta name=\"robots\" content=\"index, follow, max-snippet:-1, max-image-preview:large, max-video-preview:-1\" \/>\n<link rel=\"canonical\" href=\"https:\/\/www.organisator.ch\/it\/eccellenza-operativa\/2025-09-05\/unified-communication-collaboration-bleibt-zukunftsmusik\/\" \/>\n<meta property=\"og:locale\" content=\"it_IT\" \/>\n<meta property=\"og:type\" content=\"article\" \/>\n<meta property=\"og:title\" content=\"Unified Communication &amp; Collaboration bleibt Zukunftsmusik - Organisator\" \/>\n<meta property=\"og:description\" content=\"Die praktische Umsetzung von Unified Communication &amp; Collaboration (UCC) ist nach wie vor weit entfernt von der Vision.\" \/>\n<meta property=\"og:url\" content=\"https:\/\/www.organisator.ch\/it\/eccellenza-operativa\/2025-09-05\/unified-communication-collaboration-bleibt-zukunftsmusik\/\" \/>\n<meta property=\"og:site_name\" content=\"Organisator\" \/>\n<meta property=\"article:publisher\" content=\"https:\/\/www.facebook.com\/OrganisatorFachmagazin\" \/>\n<meta property=\"article:published_time\" content=\"2025-09-05T06:12:36+00:00\" \/>\n<meta property=\"article:modified_time\" content=\"2025-09-05T09:24:58+00:00\" \/>\n<meta name=\"author\" content=\"galledia\" \/>\n<meta name=\"twitter:card\" content=\"summary_large_image\" \/>\n<meta name=\"twitter:creator\" content=\"@admin\" \/>\n<script type=\"application\/ld+json\" class=\"yoast-schema-graph\">{\"@context\":\"https:\\\/\\\/schema.org\",\"@graph\":[{\"@type\":\"Article\",\"@id\":\"https:\\\/\\\/www.organisator.ch\\\/operational-excellence\\\/2025-09-05\\\/unified-communication-collaboration-bleibt-zukunftsmusik\\\/#article\",\"isPartOf\":{\"@id\":\"https:\\\/\\\/www.organisator.ch\\\/operational-excellence\\\/2025-09-05\\\/unified-communication-collaboration-bleibt-zukunftsmusik\\\/\"},\"author\":{\"name\":\"galledia\",\"@id\":\"https:\\\/\\\/www.organisator.ch\\\/#\\\/schema\\\/person\\\/4e51799071cd2dd1232ac003643ef5f0\"},\"headline\":\"Unified Communication &amp; Collaboration bleibt Zukunftsmusik\",\"datePublished\":\"2025-09-05T06:12:36+00:00\",\"dateModified\":\"2025-09-05T09:24:58+00:00\",\"mainEntityOfPage\":{\"@id\":\"https:\\\/\\\/www.organisator.ch\\\/operational-excellence\\\/2025-09-05\\\/unified-communication-collaboration-bleibt-zukunftsmusik\\\/\"},\"wordCount\":546,\"publisher\":{\"@id\":\"https:\\\/\\\/www.organisator.ch\\\/#organization\"},\"image\":{\"@id\":\"https:\\\/\\\/www.organisator.ch\\\/operational-excellence\\\/2025-09-05\\\/unified-communication-collaboration-bleibt-zukunftsmusik\\\/#primaryimage\"},\"thumbnailUrl\":\"https:\\\/\\\/www.m-q.ch\\\/wp-content\\\/uploads\\\/2025\\\/09\\\/Unified-Communication-Collaboration-bleibt-Zukunftsmusik_MQ.png\",\"keywords\":[\"IT\",\"Produkte\",\"Telekommunikation\",\"Unified Communication\",\"Unkategorisiert\"],\"articleSection\":[\"OPERATIONAL EXCELLENCE\"],\"inLanguage\":\"it-IT\"},{\"@type\":\"WebPage\",\"@id\":\"https:\\\/\\\/www.organisator.ch\\\/operational-excellence\\\/2025-09-05\\\/unified-communication-collaboration-bleibt-zukunftsmusik\\\/\",\"url\":\"https:\\\/\\\/www.organisator.ch\\\/operational-excellence\\\/2025-09-05\\\/unified-communication-collaboration-bleibt-zukunftsmusik\\\/\",\"name\":\"Unified Communication &amp; Collaboration bleibt Zukunftsmusik - Organisator\",\"isPartOf\":{\"@id\":\"https:\\\/\\\/www.organisator.ch\\\/#website\"},\"primaryImageOfPage\":{\"@id\":\"https:\\\/\\\/www.organisator.ch\\\/operational-excellence\\\/2025-09-05\\\/unified-communication-collaboration-bleibt-zukunftsmusik\\\/#primaryimage\"},\"image\":{\"@id\":\"https:\\\/\\\/www.organisator.ch\\\/operational-excellence\\\/2025-09-05\\\/unified-communication-collaboration-bleibt-zukunftsmusik\\\/#primaryimage\"},\"thumbnailUrl\":\"https:\\\/\\\/www.m-q.ch\\\/wp-content\\\/uploads\\\/2025\\\/09\\\/Unified-Communication-Collaboration-bleibt-Zukunftsmusik_MQ.png\",\"datePublished\":\"2025-09-05T06:12:36+00:00\",\"dateModified\":\"2025-09-05T09:24:58+00:00\",\"description\":\"Die praktische Umsetzung von Unified Communication & Collaboration (UCC) ist nach wie vor weit entfernt von der Vision.\",\"breadcrumb\":{\"@id\":\"https:\\\/\\\/www.organisator.ch\\\/operational-excellence\\\/2025-09-05\\\/unified-communication-collaboration-bleibt-zukunftsmusik\\\/#breadcrumb\"},\"inLanguage\":\"it-IT\",\"potentialAction\":[{\"@type\":\"ReadAction\",\"target\":[\"https:\\\/\\\/www.organisator.ch\\\/operational-excellence\\\/2025-09-05\\\/unified-communication-collaboration-bleibt-zukunftsmusik\\\/\"]}]},{\"@type\":\"ImageObject\",\"inLanguage\":\"it-IT\",\"@id\":\"https:\\\/\\\/www.organisator.ch\\\/operational-excellence\\\/2025-09-05\\\/unified-communication-collaboration-bleibt-zukunftsmusik\\\/#primaryimage\",\"url\":\"https:\\\/\\\/www.m-q.ch\\\/wp-content\\\/uploads\\\/2025\\\/09\\\/Unified-Communication-Collaboration-bleibt-Zukunftsmusik_MQ.png\",\"contentUrl\":\"https:\\\/\\\/www.m-q.ch\\\/wp-content\\\/uploads\\\/2025\\\/09\\\/Unified-Communication-Collaboration-bleibt-Zukunftsmusik_MQ.png\"},{\"@type\":\"BreadcrumbList\",\"@id\":\"https:\\\/\\\/www.organisator.ch\\\/operational-excellence\\\/2025-09-05\\\/unified-communication-collaboration-bleibt-zukunftsmusik\\\/#breadcrumb\",\"itemListElement\":[{\"@type\":\"ListItem\",\"position\":1,\"name\":\"Home\",\"item\":\"https:\\\/\\\/www.organisator.ch\\\/\"},{\"@type\":\"ListItem\",\"position\":2,\"name\":\"Unified Communication &amp; Collaboration bleibt Zukunftsmusik\"}]},{\"@type\":\"WebSite\",\"@id\":\"https:\\\/\\\/www.organisator.ch\\\/#website\",\"url\":\"https:\\\/\\\/www.organisator.ch\\\/\",\"name\":\"Organisator\",\"description\":\"Kompetent. Praxisnah. Der ORGANISATOR bereitet in 10 Ausgaben pro Jahr die wesentlichen Themen f\u00fcr F\u00fchrungskr\u00e4fte von KMU auf.\",\"publisher\":{\"@id\":\"https:\\\/\\\/www.organisator.ch\\\/#organization\"},\"potentialAction\":[{\"@type\":\"SearchAction\",\"target\":{\"@type\":\"EntryPoint\",\"urlTemplate\":\"https:\\\/\\\/www.organisator.ch\\\/?s={search_term_string}\"},\"query-input\":{\"@type\":\"PropertyValueSpecification\",\"valueRequired\":true,\"valueName\":\"search_term_string\"}}],\"inLanguage\":\"it-IT\"},{\"@type\":\"Organization\",\"@id\":\"https:\\\/\\\/www.organisator.ch\\\/#organization\",\"name\":\"Organisator\",\"url\":\"https:\\\/\\\/www.organisator.ch\\\/\",\"logo\":{\"@type\":\"ImageObject\",\"inLanguage\":\"it-IT\",\"@id\":\"https:\\\/\\\/www.organisator.ch\\\/#\\\/schema\\\/logo\\\/image\\\/\",\"url\":\"https:\\\/\\\/www.organisator.ch\\\/wp-content\\\/uploads\\\/2022\\\/01\\\/Logo_Organisator_Website.png\",\"contentUrl\":\"https:\\\/\\\/www.organisator.ch\\\/wp-content\\\/uploads\\\/2022\\\/01\\\/Logo_Organisator_Website.png\",\"width\":800,\"height\":77,\"caption\":\"Organisator\"},\"image\":{\"@id\":\"https:\\\/\\\/www.organisator.ch\\\/#\\\/schema\\\/logo\\\/image\\\/\"},\"sameAs\":[\"https:\\\/\\\/www.facebook.com\\\/OrganisatorFachmagazin\",\"https:\\\/\\\/www.linkedin.com\\\/showcase\\\/organisator-das-magazin-fr-kmu\",\"https:\\\/\\\/www.xing.com\\\/news\\\/pages\\\/organisator-ch-695\",\"https:\\\/\\\/www.youtube.com\\\/channel\\\/UCGP2Sq0iWaZwT3BdIAQFYpw\"]},{\"@type\":\"Person\",\"@id\":\"https:\\\/\\\/www.organisator.ch\\\/#\\\/schema\\\/person\\\/4e51799071cd2dd1232ac003643ef5f0\",\"name\":\"galledia\",\"image\":{\"@type\":\"ImageObject\",\"inLanguage\":\"it-IT\",\"@id\":\"https:\\\/\\\/secure.gravatar.com\\\/avatar\\\/78a7f90c01fc2bfc875782a0d4922b37cde2cf184ce347b91316d23cd7f69a36?s=96&d=mm&r=g\",\"url\":\"https:\\\/\\\/secure.gravatar.com\\\/avatar\\\/78a7f90c01fc2bfc875782a0d4922b37cde2cf184ce347b91316d23cd7f69a36?s=96&d=mm&r=g\",\"contentUrl\":\"https:\\\/\\\/secure.gravatar.com\\\/avatar\\\/78a7f90c01fc2bfc875782a0d4922b37cde2cf184ce347b91316d23cd7f69a36?s=96&d=mm&r=g\",\"caption\":\"galledia\"},\"sameAs\":[\"https:\\\/\\\/x.com\\\/admin\"],\"url\":\"https:\\\/\\\/www.organisator.ch\\\/it\\\/author\\\/galledia\\\/\"}]}<\/script>\n<!-- \/ Yoast SEO plugin. -->","yoast_head_json":{"title":"La comunicazione e la collaborazione unificate restano un sogno del futuro - Organizzatore","description":"La realizzazione pratica della Unified Communication &amp; Collaboration (UCC) \u00e8 ancora molto lontana dalla visione.","robots":{"index":"index","follow":"follow","max-snippet":"max-snippet:-1","max-image-preview":"max-image-preview:large","max-video-preview":"max-video-preview:-1"},"canonical":"https:\/\/www.organisator.ch\/it\/eccellenza-operativa\/2025-09-05\/unified-communication-collaboration-bleibt-zukunftsmusik\/","og_locale":"it_IT","og_type":"article","og_title":"Unified Communication &amp; Collaboration bleibt Zukunftsmusik - Organisator","og_description":"Die praktische Umsetzung von Unified Communication & Collaboration (UCC) ist nach wie vor weit entfernt von der Vision.","og_url":"https:\/\/www.organisator.ch\/it\/eccellenza-operativa\/2025-09-05\/unified-communication-collaboration-bleibt-zukunftsmusik\/","og_site_name":"Organisator","article_publisher":"https:\/\/www.facebook.com\/OrganisatorFachmagazin","article_published_time":"2025-09-05T06:12:36+00:00","article_modified_time":"2025-09-05T09:24:58+00:00","author":"galledia","twitter_card":"summary_large_image","twitter_creator":"@admin","schema":{"@context":"https:\/\/schema.org","@graph":[{"@type":"Article","@id":"https:\/\/www.organisator.ch\/operational-excellence\/2025-09-05\/unified-communication-collaboration-bleibt-zukunftsmusik\/#article","isPartOf":{"@id":"https:\/\/www.organisator.ch\/operational-excellence\/2025-09-05\/unified-communication-collaboration-bleibt-zukunftsmusik\/"},"author":{"name":"galledia","@id":"https:\/\/www.organisator.ch\/#\/schema\/person\/4e51799071cd2dd1232ac003643ef5f0"},"headline":"Unified Communication &amp; Collaboration bleibt Zukunftsmusik","datePublished":"2025-09-05T06:12:36+00:00","dateModified":"2025-09-05T09:24:58+00:00","mainEntityOfPage":{"@id":"https:\/\/www.organisator.ch\/operational-excellence\/2025-09-05\/unified-communication-collaboration-bleibt-zukunftsmusik\/"},"wordCount":546,"publisher":{"@id":"https:\/\/www.organisator.ch\/#organization"},"image":{"@id":"https:\/\/www.organisator.ch\/operational-excellence\/2025-09-05\/unified-communication-collaboration-bleibt-zukunftsmusik\/#primaryimage"},"thumbnailUrl":"https:\/\/www.m-q.ch\/wp-content\/uploads\/2025\/09\/Unified-Communication-Collaboration-bleibt-Zukunftsmusik_MQ.png","keywords":["IT","Produkte","Telekommunikation","Unified Communication","Unkategorisiert"],"articleSection":["OPERATIONAL EXCELLENCE"],"inLanguage":"it-IT"},{"@type":"WebPage","@id":"https:\/\/www.organisator.ch\/operational-excellence\/2025-09-05\/unified-communication-collaboration-bleibt-zukunftsmusik\/","url":"https:\/\/www.organisator.ch\/operational-excellence\/2025-09-05\/unified-communication-collaboration-bleibt-zukunftsmusik\/","name":"La comunicazione e la collaborazione unificate restano un sogno del futuro - Organizzatore","isPartOf":{"@id":"https:\/\/www.organisator.ch\/#website"},"primaryImageOfPage":{"@id":"https:\/\/www.organisator.ch\/operational-excellence\/2025-09-05\/unified-communication-collaboration-bleibt-zukunftsmusik\/#primaryimage"},"image":{"@id":"https:\/\/www.organisator.ch\/operational-excellence\/2025-09-05\/unified-communication-collaboration-bleibt-zukunftsmusik\/#primaryimage"},"thumbnailUrl":"https:\/\/www.m-q.ch\/wp-content\/uploads\/2025\/09\/Unified-Communication-Collaboration-bleibt-Zukunftsmusik_MQ.png","datePublished":"2025-09-05T06:12:36+00:00","dateModified":"2025-09-05T09:24:58+00:00","description":"La realizzazione pratica della Unified Communication &amp; Collaboration (UCC) \u00e8 ancora molto lontana dalla visione.","breadcrumb":{"@id":"https:\/\/www.organisator.ch\/operational-excellence\/2025-09-05\/unified-communication-collaboration-bleibt-zukunftsmusik\/#breadcrumb"},"inLanguage":"it-IT","potentialAction":[{"@type":"ReadAction","target":["https:\/\/www.organisator.ch\/operational-excellence\/2025-09-05\/unified-communication-collaboration-bleibt-zukunftsmusik\/"]}]},{"@type":"ImageObject","inLanguage":"it-IT","@id":"https:\/\/www.organisator.ch\/operational-excellence\/2025-09-05\/unified-communication-collaboration-bleibt-zukunftsmusik\/#primaryimage","url":"https:\/\/www.m-q.ch\/wp-content\/uploads\/2025\/09\/Unified-Communication-Collaboration-bleibt-Zukunftsmusik_MQ.png","contentUrl":"https:\/\/www.m-q.ch\/wp-content\/uploads\/2025\/09\/Unified-Communication-Collaboration-bleibt-Zukunftsmusik_MQ.png"},{"@type":"BreadcrumbList","@id":"https:\/\/www.organisator.ch\/operational-excellence\/2025-09-05\/unified-communication-collaboration-bleibt-zukunftsmusik\/#breadcrumb","itemListElement":[{"@type":"ListItem","position":1,"name":"Home","item":"https:\/\/www.organisator.ch\/"},{"@type":"ListItem","position":2,"name":"Unified Communication &amp; Collaboration bleibt Zukunftsmusik"}]},{"@type":"WebSite","@id":"https:\/\/www.organisator.ch\/#website","url":"https:\/\/www.organisator.ch\/","name":"Organizzatore","description":"Competente. Pratico. In 10 numeri all'anno, ORGANISATOR presenta i temi essenziali per i manager delle PMI.","publisher":{"@id":"https:\/\/www.organisator.ch\/#organization"},"potentialAction":[{"@type":"SearchAction","target":{"@type":"EntryPoint","urlTemplate":"https:\/\/www.organisator.ch\/?s={search_term_string}"},"query-input":{"@type":"PropertyValueSpecification","valueRequired":true,"valueName":"search_term_string"}}],"inLanguage":"it-IT"},{"@type":"Organization","@id":"https:\/\/www.organisator.ch\/#organization","name":"Organizzatore","url":"https:\/\/www.organisator.ch\/","logo":{"@type":"ImageObject","inLanguage":"it-IT","@id":"https:\/\/www.organisator.ch\/#\/schema\/logo\/image\/","url":"https:\/\/www.organisator.ch\/wp-content\/uploads\/2022\/01\/Logo_Organisator_Website.png","contentUrl":"https:\/\/www.organisator.ch\/wp-content\/uploads\/2022\/01\/Logo_Organisator_Website.png","width":800,"height":77,"caption":"Organisator"},"image":{"@id":"https:\/\/www.organisator.ch\/#\/schema\/logo\/image\/"},"sameAs":["https:\/\/www.facebook.com\/OrganisatorFachmagazin","https:\/\/www.linkedin.com\/showcase\/organisator-das-magazin-fr-kmu","https:\/\/www.xing.com\/news\/pages\/organisator-ch-695","https:\/\/www.youtube.com\/channel\/UCGP2Sq0iWaZwT3BdIAQFYpw"]},{"@type":"Person","@id":"https:\/\/www.organisator.ch\/#\/schema\/person\/4e51799071cd2dd1232ac003643ef5f0","name":"galledia","image":{"@type":"ImageObject","inLanguage":"it-IT","@id":"https:\/\/secure.gravatar.com\/avatar\/78a7f90c01fc2bfc875782a0d4922b37cde2cf184ce347b91316d23cd7f69a36?s=96&d=mm&r=g","url":"https:\/\/secure.gravatar.com\/avatar\/78a7f90c01fc2bfc875782a0d4922b37cde2cf184ce347b91316d23cd7f69a36?s=96&d=mm&r=g","contentUrl":"https:\/\/secure.gravatar.com\/avatar\/78a7f90c01fc2bfc875782a0d4922b37cde2cf184ce347b91316d23cd7f69a36?s=96&d=mm&r=g","caption":"galledia"},"sameAs":["https:\/\/x.com\/admin"],"url":"https:\/\/www.organisator.ch\/it\/author\/galledia\/"}]}},"_links":{"self":[{"href":"https:\/\/www.organisator.ch\/it\/wp-json\/wp\/v2\/posts\/40381","targetHints":{"allow":["GET"]}}],"collection":[{"href":"https:\/\/www.organisator.ch\/it\/wp-json\/wp\/v2\/posts"}],"about":[{"href":"https:\/\/www.organisator.ch\/it\/wp-json\/wp\/v2\/types\/post"}],"author":[{"embeddable":true,"href":"https:\/\/www.organisator.ch\/it\/wp-json\/wp\/v2\/users\/8"}],"replies":[{"embeddable":true,"href":"https:\/\/www.organisator.ch\/it\/wp-json\/wp\/v2\/comments?post=40381"}],"version-history":[{"count":6,"href":"https:\/\/www.organisator.ch\/it\/wp-json\/wp\/v2\/posts\/40381\/revisions"}],"predecessor-version":[{"id":40398,"href":"https:\/\/www.organisator.ch\/it\/wp-json\/wp\/v2\/posts\/40381\/revisions\/40398"}],"wp:attachment":[{"href":"https:\/\/www.organisator.ch\/it\/wp-json\/wp\/v2\/media?parent=40381"}],"wp:term":[{"taxonomy":"category","embeddable":true,"href":"https:\/\/www.organisator.ch\/it\/wp-json\/wp\/v2\/categories?post=40381"},{"taxonomy":"post_tag","embeddable":true,"href":"https:\/\/www.organisator.ch\/it\/wp-json\/wp\/v2\/tags?post=40381"}],"curies":[{"name":"wp","href":"https:\/\/api.w.org\/{rel}","templated":true}]}}