{"id":4040,"date":"2018-08-16T08:00:48","date_gmt":"2018-08-16T06:00:48","guid":{"rendered":"https:\/\/www.organisator.ch\/?p=4040"},"modified":"2018-08-16T08:00:48","modified_gmt":"2018-08-16T06:00:48","slug":"brauchen-wir-sport","status":"publish","type":"post","link":"https:\/\/www.organisator.ch\/it\/human-resources\/fit_im_job\/2018-08-16\/brauchen-wir-sport\/","title":{"rendered":"Abbiamo bisogno dello sport?"},"content":{"rendered":"<figure id=\"attachment_4041\" aria-describedby=\"caption-attachment-4041\" style=\"width: 680px\" class=\"wp-caption alignnone\"><img loading=\"lazy\" decoding=\"async\" class=\"size-medium wp-image-4041\" src=\"https:\/\/www.organisator.ch\/wp-content\/uploads\/2018\/08\/2018_07_Inti_Staeuble_Bild-neu_1666999.jpg\" alt=\"&lt;li class=&quot;artikel_legende&quot;&gt;Patrick St\u00e4uble, ex ciclista, gestisce &quot;fit im job AG&quot; e supporta i clienti nell&#039;implementazione dell&#039;BGM.&lt;\/li&gt;\" width=\"680\" height=\"453\" srcset=\"https:\/\/www.organisator.ch\/wp-content\/uploads\/2018\/08\/2018_07_Inti_Staeuble_Bild-neu_1666999.jpg 1677w, https:\/\/www.organisator.ch\/wp-content\/uploads\/2018\/08\/2018_07_Inti_Staeuble_Bild-neu_1666999-680x453.jpg 680w, https:\/\/www.organisator.ch\/wp-content\/uploads\/2018\/08\/2018_07_Inti_Staeuble_Bild-neu_1666999-1024x681.jpg 1024w, https:\/\/www.organisator.ch\/wp-content\/uploads\/2018\/08\/2018_07_Inti_Staeuble_Bild-neu_1666999-768x511.jpg 768w, https:\/\/www.organisator.ch\/wp-content\/uploads\/2018\/08\/2018_07_Inti_Staeuble_Bild-neu_1666999-1536x1022.jpg 1536w, https:\/\/www.organisator.ch\/wp-content\/uploads\/2018\/08\/2018_07_Inti_Staeuble_Bild-neu_1666999-16x12.jpg 16w, https:\/\/www.organisator.ch\/wp-content\/uploads\/2018\/08\/2018_07_Inti_Staeuble_Bild-neu_1666999-263x175.jpg 263w, https:\/\/www.organisator.ch\/wp-content\/uploads\/2018\/08\/2018_07_Inti_Staeuble_Bild-neu_1666999-526x350.jpg 526w, https:\/\/www.organisator.ch\/wp-content\/uploads\/2018\/08\/2018_07_Inti_Staeuble_Bild-neu_1666999-1202x800.jpg 1202w, https:\/\/www.organisator.ch\/wp-content\/uploads\/2018\/08\/2018_07_Inti_Staeuble_Bild-neu_1666999-920x612.jpg 920w, https:\/\/www.organisator.ch\/wp-content\/uploads\/2018\/08\/2018_07_Inti_Staeuble_Bild-neu_1666999-1400x932.jpg 1400w, https:\/\/www.organisator.ch\/wp-content\/uploads\/2018\/08\/2018_07_Inti_Staeuble_Bild-neu_1666999-300x200.jpg 300w\" sizes=\"auto, (max-width: 680px) 100vw, 680px\" \/><figcaption id=\"caption-attachment-4041\" class=\"wp-caption-text\">Patrick St\u00e4uble, un ex ciclista, dirige \"fit im job AG\" e sostiene i clienti nell'implementazione della gestione della salute sul lavoro. (Immagine: zVg)<\/figcaption><\/figure>\n<h4>Signor St\u00e4uble, la raggiungo durante le sue vacanze estive. Com'\u00e8 il tuo \"programma anti-stress\"?<\/h4>\n<p><strong>Patrick St\u00e4uble: <\/strong>Attualmente passo il tempo in montagna, facendo escursioni a piedi o in bicicletta. Rimanere in un aeroporto o guidare per diverse ore fino alla destinazione delle vacanze sarebbe troppo stressante per me.<\/p>\n<h4>Lei stesso era un atleta di alto livello. Quanto sport fai attualmente?<\/h4>\n<p>Oggi, faccio una forte distinzione tra l'esercizio fisico e lo sport in s\u00e9. Su una scala di intensit\u00e0 da 1 a 10, \"l'esercizio\" \u00e8 circa da 3 a 5, lo sport da circa 7 in su. Attualmente, mi muovo regolarmente ad un'intensit\u00e0 fino al livello cinque. Ci\u00f2 che \u00e8 al di sopra di quel livello \u00e8 gi\u00e0 nella direzione di un ambizioso sport per hobby. Qui bisogna differenziare.<\/p>\n<h4>A proposito di prestazioni: molti manager lavorano spesso al limite delle loro prestazioni nella loro funzione e, inoltre, come atleti per hobby, vanno spesso al limite delle loro prestazioni. Fino a che punto lo sport ha ancora senso come attivit\u00e0 di svago o \"programma anti-stress\"?<\/h4>\n<p>I manager sono cambiati in questo senso negli ultimi decenni. Mentre 30 anni fa, un direttore di banca, per esempio, era pi\u00f9 propenso a seguire il motto di Churchill \"niente sport\", i dirigenti di oggi vanno \"a tutto gas\" ovunque, anche nello sport. Oltre alle prestazioni professionali di alto livello, voler completare quattro maratone e l'Ironman \u00e8, a mio avviso, una cosa troppo buona. Questo mi ha anche portato al provocatorio argomento della conferenza \"Abbiamo bisogno dello sport? Assolutamente no! Ma il tema di fondo \u00e8 trovare il giusto equilibrio tra tensione e rilassamento.<\/p>\n<h4>Quando lo sport pu\u00f2 aiutare ad affrontare lo stress e quando no?<\/h4>\n<p>Dipende dalla frequenza e dall'intensit\u00e0. Fare esercizio quattro volte alla settimana per un'ora e mezza a un'intensit\u00e0 superiore a 7 non \u00e8 certo un sollievo. Ho una buona esperienza con l'attivit\u00e0 fisica di circa tre volte un'ora a settimana con un'intensit\u00e0 da 3 a 5. Un buon punto di riferimento \u00e8 anche andare al lavoro in bicicletta circa tre volte a settimana. In termini concreti, si tratta di attivare il sistema nervoso autonomo: con qualsiasi forma di alta performance, si controlla il cosiddetto sistema nervoso simpatico, mentre il sistema nervoso parasimpatico serve a recuperare e a costruire le riserve del corpo. E questo riesce solo in una modalit\u00e0 di rilassamento.<\/p>\n<h4>Come si fa a capire che l'equilibrio tra tensione e rilassamento non \u00e8 pi\u00f9 giusto?<\/h4>\n<p>Ci sono diversi indicatori di allarme ben noti. Fisicamente si notano, per esempio, mal di testa, disturbi dell'apparato digerente o disturbi del sonno. Questi sono i classici sintomi di sovraccarico - se una persona fosse un'auto, le prime spie si accenderebbero ora ... La regola del 3 \u00e8 utile: se i sintomi appaiono tre giorni alla settimana per un mese, allora si dovrebbe andare a fondo delle cause.<\/p>\n<h4>Tuttavia, questo richiede un alto livello di consapevolezza di s\u00e9?<\/h4>\n<p>S\u00ec, la difficolt\u00e0 \u00e8 che questi indicatori di allarme precoce sono spesso ignorati. Molte persone che soffrono di burnout riferiscono esattamente questo.<\/p>\n<h4>Per essere sicuri che non si arrivi a tanto: qual \u00e8 il tuo consiglio pi\u00f9 importante per un equilibrio efficace tra lavoro e attivit\u00e0 sportiva?<\/h4>\n<p>Un esercizio moderato da due a tre volte alla settimana \u00e8 l'ideale. Questo pu\u00f2 essere combinato bene con circa 30-40 minuti di allenamento muscolare, per esempio il Pilates. Personalmente ho avuto esperienze molto buone con questo. In breve: non abbiamo bisogno del livello di fitness di un maratoneta per rimanere in salute come manager.<\/p>\n<p><strong><em>Corsa dei dirigenti svizzeri 2018<\/em><\/strong><\/p>\n<p><em>Lo Swiss Management Run \u00e8 una piattaforma esclusiva per esercitare e scambiare idee con altri manager. Il programma comprende il simposio \"Fit for Management\" con presentazioni sul tema \"Salute dei manager\" (da mezzogiorno), una corsa con le distanze di 1,2 km, 5 km e 10 km (prima serata), seguita dall'After Run Party per il networking e lo scambio in un'atmosfera rilassata.<\/em><\/p>\n<p><a href=\"http:\/\/www.management-run.ch\"><em>www.management-run.ch<\/em><\/a><\/p>","protected":false},"excerpt":{"rendered":"<p>Herr St\u00e4uble, ich erreiche Sie gerade in Ihren Sommerferien. Wie sieht da Ihr \u00abAnti-Stress-Programm\u00bb aus? Patrick St\u00e4uble: Ich weile derzeit gem\u00fctlich in den Bergen und verbringe die Zeit mit Wandern oder Biken. Rumh\u00e4ngen an einem Flughafen oder mehrst\u00fcndige Autofahrten an den Ferienort w\u00e4ren f\u00fcr mich zu viel Stress. Sie waren ja selbst Spitzensportler. Wie viel [&hellip;]<\/p>\n","protected":false},"author":7,"featured_media":11426,"comment_status":"open","ping_status":"open","sticky":false,"template":"","format":"standard","meta":{"_acf_changed":false,"_yoast_wpseo_focuskw":"Sport","_yoast_wpseo_metadesc":"Am 14. September findet in Arosa der Swiss Management Run statt. Sportliche Ambitionen von F\u00fchrungskr\u00e4ften sind da durchaus gefragt, aber nicht nur.","articlekey":"","footnotes":""},"categories":[25],"tags":[77,208],"class_list":["post-4040","post","type-post","status-publish","format-standard","has-post-thumbnail","hentry","category-fit_im_job","tag-betriebliches-gesundheitsmanagement","tag-fit-im-job"],"acf":[],"yoast_head":"<!-- This site is optimized with the Yoast SEO plugin v27.5 - https:\/\/yoast.com\/product\/yoast-seo-wordpress\/ -->\n<title>Brauchen wir Sport? - Organisator<\/title>\n<meta name=\"description\" content=\"Am 14. September findet in Arosa der Swiss Management Run statt. Sportliche Ambitionen von F\u00fchrungskr\u00e4ften sind da durchaus gefragt, aber nicht nur.\" \/>\n<meta name=\"robots\" content=\"index, follow, max-snippet:-1, max-image-preview:large, max-video-preview:-1\" \/>\n<link rel=\"canonical\" href=\"https:\/\/www.organisator.ch\/it\/risorse-umane\/fit_im_job\/2018-08-16\/brauchen-wir-sport\/\" \/>\n<meta property=\"og:locale\" content=\"it_IT\" \/>\n<meta property=\"og:type\" content=\"article\" \/>\n<meta property=\"og:title\" content=\"Brauchen wir Sport?\" \/>\n<meta property=\"og:description\" content=\"Am 14. September findet in Arosa der Swiss Management Run statt. Sportliche Ambitionen von F\u00fchrungskr\u00e4ften sind da durchaus gefragt, aber nicht nur.\" \/>\n<meta property=\"og:url\" content=\"https:\/\/www.organisator.ch\/it\/risorse-umane\/fit_im_job\/2018-08-16\/brauchen-wir-sport\/\" \/>\n<meta property=\"og:site_name\" content=\"Organisator\" \/>\n<meta property=\"article:publisher\" content=\"https:\/\/www.facebook.com\/OrganisatorFachmagazin\" \/>\n<meta property=\"article:published_time\" content=\"2018-08-16T06:00:48+00:00\" \/>\n<meta property=\"og:image\" content=\"https:\/\/www.organisator.ch\/wp-content\/uploads\/2018\/08\/2018_07_Inti_Staeuble_Bild-neu_1666999.jpg\" \/>\n\t<meta property=\"og:image:width\" content=\"1677\" \/>\n\t<meta property=\"og:image:height\" content=\"1116\" \/>\n\t<meta property=\"og:image:type\" content=\"image\/jpeg\" \/>\n<meta name=\"author\" content=\"K4-Import\" \/>\n<meta name=\"twitter:card\" content=\"summary_large_image\" \/>\n<meta name=\"twitter:title\" content=\"Brauchen wir Sport?\" \/>\n<meta name=\"twitter:description\" content=\"Am 14. September findet in Arosa der Swiss Management Run statt. Sportliche Ambitionen von F\u00fchrungskr\u00e4ften sind da durchaus gefragt, aber nicht nur.\" \/>\n<meta name=\"twitter:image\" content=\"https:\/\/www.organisator.ch\/wp-content\/uploads\/2018\/08\/2018_07_Inti_Staeuble_Bild-neu_1666999.jpg\" \/>\n<script type=\"application\/ld+json\" class=\"yoast-schema-graph\">{\"@context\":\"https:\\\/\\\/schema.org\",\"@graph\":[{\"@type\":\"Article\",\"@id\":\"https:\\\/\\\/www.organisator.ch\\\/human-resources\\\/fit_im_job\\\/2018-08-16\\\/brauchen-wir-sport\\\/#article\",\"isPartOf\":{\"@id\":\"https:\\\/\\\/www.organisator.ch\\\/human-resources\\\/fit_im_job\\\/2018-08-16\\\/brauchen-wir-sport\\\/\"},\"author\":{\"name\":\"K4-Import\",\"@id\":\"https:\\\/\\\/www.organisator.ch\\\/#\\\/schema\\\/person\\\/dd8ffea01043c9c41d7718296a158fac\"},\"headline\":\"Brauchen wir Sport?\",\"datePublished\":\"2018-08-16T06:00:48+00:00\",\"mainEntityOfPage\":{\"@id\":\"https:\\\/\\\/www.organisator.ch\\\/human-resources\\\/fit_im_job\\\/2018-08-16\\\/brauchen-wir-sport\\\/\"},\"wordCount\":660,\"commentCount\":0,\"publisher\":{\"@id\":\"https:\\\/\\\/www.organisator.ch\\\/#organization\"},\"image\":{\"@id\":\"https:\\\/\\\/www.organisator.ch\\\/human-resources\\\/fit_im_job\\\/2018-08-16\\\/brauchen-wir-sport\\\/#primaryimage\"},\"thumbnailUrl\":\"https:\\\/\\\/www.organisator.ch\\\/wp-content\\\/uploads\\\/2018\\\/08\\\/2018_07_Inti_Staeuble_Bild-neu_1666999-1.jpg\",\"keywords\":[\"Betriebliches Gesundheitsmanagement\",\"Fit im Job\"],\"articleSection\":[\"FIT IM JOB\"],\"inLanguage\":\"it-IT\"},{\"@type\":\"WebPage\",\"@id\":\"https:\\\/\\\/www.organisator.ch\\\/human-resources\\\/fit_im_job\\\/2018-08-16\\\/brauchen-wir-sport\\\/\",\"url\":\"https:\\\/\\\/www.organisator.ch\\\/human-resources\\\/fit_im_job\\\/2018-08-16\\\/brauchen-wir-sport\\\/\",\"name\":\"Brauchen wir Sport? - Organisator\",\"isPartOf\":{\"@id\":\"https:\\\/\\\/www.organisator.ch\\\/#website\"},\"primaryImageOfPage\":{\"@id\":\"https:\\\/\\\/www.organisator.ch\\\/human-resources\\\/fit_im_job\\\/2018-08-16\\\/brauchen-wir-sport\\\/#primaryimage\"},\"image\":{\"@id\":\"https:\\\/\\\/www.organisator.ch\\\/human-resources\\\/fit_im_job\\\/2018-08-16\\\/brauchen-wir-sport\\\/#primaryimage\"},\"thumbnailUrl\":\"https:\\\/\\\/www.organisator.ch\\\/wp-content\\\/uploads\\\/2018\\\/08\\\/2018_07_Inti_Staeuble_Bild-neu_1666999-1.jpg\",\"datePublished\":\"2018-08-16T06:00:48+00:00\",\"description\":\"Am 14. September findet in Arosa der Swiss Management Run statt. Sportliche Ambitionen von F\u00fchrungskr\u00e4ften sind da durchaus gefragt, aber nicht nur.\",\"breadcrumb\":{\"@id\":\"https:\\\/\\\/www.organisator.ch\\\/human-resources\\\/fit_im_job\\\/2018-08-16\\\/brauchen-wir-sport\\\/#breadcrumb\"},\"inLanguage\":\"it-IT\",\"potentialAction\":[{\"@type\":\"ReadAction\",\"target\":[\"https:\\\/\\\/www.organisator.ch\\\/human-resources\\\/fit_im_job\\\/2018-08-16\\\/brauchen-wir-sport\\\/\"]}]},{\"@type\":\"ImageObject\",\"inLanguage\":\"it-IT\",\"@id\":\"https:\\\/\\\/www.organisator.ch\\\/human-resources\\\/fit_im_job\\\/2018-08-16\\\/brauchen-wir-sport\\\/#primaryimage\",\"url\":\"https:\\\/\\\/www.organisator.ch\\\/wp-content\\\/uploads\\\/2018\\\/08\\\/2018_07_Inti_Staeuble_Bild-neu_1666999-1.jpg\",\"contentUrl\":\"https:\\\/\\\/www.organisator.ch\\\/wp-content\\\/uploads\\\/2018\\\/08\\\/2018_07_Inti_Staeuble_Bild-neu_1666999-1.jpg\",\"width\":1677,\"height\":1116,\"caption\":\"Patrick St\u00e4uble, ehemaliger Radrennfahrer, f\u00fchrt die \u00abfit im job AG\u00bb und unterst\u00fctzt Kunden bei der Umsetzung von BGM.\"},{\"@type\":\"BreadcrumbList\",\"@id\":\"https:\\\/\\\/www.organisator.ch\\\/human-resources\\\/fit_im_job\\\/2018-08-16\\\/brauchen-wir-sport\\\/#breadcrumb\",\"itemListElement\":[{\"@type\":\"ListItem\",\"position\":1,\"name\":\"Home\",\"item\":\"https:\\\/\\\/www.organisator.ch\\\/\"},{\"@type\":\"ListItem\",\"position\":2,\"name\":\"Brauchen wir Sport?\"}]},{\"@type\":\"WebSite\",\"@id\":\"https:\\\/\\\/www.organisator.ch\\\/#website\",\"url\":\"https:\\\/\\\/www.organisator.ch\\\/\",\"name\":\"Organisator\",\"description\":\"Kompetent. Praxisnah. Der ORGANISATOR bereitet in 10 Ausgaben pro Jahr die wesentlichen Themen f\u00fcr F\u00fchrungskr\u00e4fte von KMU auf.\",\"publisher\":{\"@id\":\"https:\\\/\\\/www.organisator.ch\\\/#organization\"},\"potentialAction\":[{\"@type\":\"SearchAction\",\"target\":{\"@type\":\"EntryPoint\",\"urlTemplate\":\"https:\\\/\\\/www.organisator.ch\\\/?s={search_term_string}\"},\"query-input\":{\"@type\":\"PropertyValueSpecification\",\"valueRequired\":true,\"valueName\":\"search_term_string\"}}],\"inLanguage\":\"it-IT\"},{\"@type\":\"Organization\",\"@id\":\"https:\\\/\\\/www.organisator.ch\\\/#organization\",\"name\":\"Organisator\",\"url\":\"https:\\\/\\\/www.organisator.ch\\\/\",\"logo\":{\"@type\":\"ImageObject\",\"inLanguage\":\"it-IT\",\"@id\":\"https:\\\/\\\/www.organisator.ch\\\/#\\\/schema\\\/logo\\\/image\\\/\",\"url\":\"https:\\\/\\\/www.organisator.ch\\\/wp-content\\\/uploads\\\/2022\\\/01\\\/Logo_Organisator_Website.png\",\"contentUrl\":\"https:\\\/\\\/www.organisator.ch\\\/wp-content\\\/uploads\\\/2022\\\/01\\\/Logo_Organisator_Website.png\",\"width\":800,\"height\":77,\"caption\":\"Organisator\"},\"image\":{\"@id\":\"https:\\\/\\\/www.organisator.ch\\\/#\\\/schema\\\/logo\\\/image\\\/\"},\"sameAs\":[\"https:\\\/\\\/www.facebook.com\\\/OrganisatorFachmagazin\",\"https:\\\/\\\/www.linkedin.com\\\/showcase\\\/organisator-das-magazin-fr-kmu\",\"https:\\\/\\\/www.xing.com\\\/news\\\/pages\\\/organisator-ch-695\",\"https:\\\/\\\/www.youtube.com\\\/channel\\\/UCGP2Sq0iWaZwT3BdIAQFYpw\"]},{\"@type\":\"Person\",\"@id\":\"https:\\\/\\\/www.organisator.ch\\\/#\\\/schema\\\/person\\\/dd8ffea01043c9c41d7718296a158fac\",\"name\":\"K4-Import\",\"image\":{\"@type\":\"ImageObject\",\"inLanguage\":\"it-IT\",\"@id\":\"https:\\\/\\\/secure.gravatar.com\\\/avatar\\\/73620ab7215a54b074cc226514e02ed65cb79211bbaee1eb49b63b57e58aaad6?s=96&d=mm&r=g\",\"url\":\"https:\\\/\\\/secure.gravatar.com\\\/avatar\\\/73620ab7215a54b074cc226514e02ed65cb79211bbaee1eb49b63b57e58aaad6?s=96&d=mm&r=g\",\"contentUrl\":\"https:\\\/\\\/secure.gravatar.com\\\/avatar\\\/73620ab7215a54b074cc226514e02ed65cb79211bbaee1eb49b63b57e58aaad6?s=96&d=mm&r=g\",\"caption\":\"K4-Import\"},\"url\":\"https:\\\/\\\/www.organisator.ch\\\/it\\\/author\\\/k4-import\\\/\"}]}<\/script>\n<!-- \/ Yoast SEO plugin. -->","yoast_head_json":{"title":"Abbiamo bisogno dello sport? - Organizzatore","description":"Il 14 settembre si terr\u00e0 ad Arosa la Swiss Management Run. Le ambizioni sportive dei manager sono decisamente richieste in quel paese, ma non solo.","robots":{"index":"index","follow":"follow","max-snippet":"max-snippet:-1","max-image-preview":"max-image-preview:large","max-video-preview":"max-video-preview:-1"},"canonical":"https:\/\/www.organisator.ch\/it\/risorse-umane\/fit_im_job\/2018-08-16\/brauchen-wir-sport\/","og_locale":"it_IT","og_type":"article","og_title":"Brauchen wir Sport?","og_description":"Am 14. September findet in Arosa der Swiss Management Run statt. Sportliche Ambitionen von F\u00fchrungskr\u00e4ften sind da durchaus gefragt, aber nicht nur.","og_url":"https:\/\/www.organisator.ch\/it\/risorse-umane\/fit_im_job\/2018-08-16\/brauchen-wir-sport\/","og_site_name":"Organisator","article_publisher":"https:\/\/www.facebook.com\/OrganisatorFachmagazin","article_published_time":"2018-08-16T06:00:48+00:00","og_image":[{"width":1677,"height":1116,"url":"https:\/\/www.organisator.ch\/wp-content\/uploads\/2018\/08\/2018_07_Inti_Staeuble_Bild-neu_1666999.jpg","type":"image\/jpeg"}],"author":"K4-Import","twitter_card":"summary_large_image","twitter_title":"Brauchen wir Sport?","twitter_description":"Am 14. September findet in Arosa der Swiss Management Run statt. Sportliche Ambitionen von F\u00fchrungskr\u00e4ften sind da durchaus gefragt, aber nicht nur.","twitter_image":"https:\/\/www.organisator.ch\/wp-content\/uploads\/2018\/08\/2018_07_Inti_Staeuble_Bild-neu_1666999.jpg","schema":{"@context":"https:\/\/schema.org","@graph":[{"@type":"Article","@id":"https:\/\/www.organisator.ch\/human-resources\/fit_im_job\/2018-08-16\/brauchen-wir-sport\/#article","isPartOf":{"@id":"https:\/\/www.organisator.ch\/human-resources\/fit_im_job\/2018-08-16\/brauchen-wir-sport\/"},"author":{"name":"K4-Import","@id":"https:\/\/www.organisator.ch\/#\/schema\/person\/dd8ffea01043c9c41d7718296a158fac"},"headline":"Brauchen wir Sport?","datePublished":"2018-08-16T06:00:48+00:00","mainEntityOfPage":{"@id":"https:\/\/www.organisator.ch\/human-resources\/fit_im_job\/2018-08-16\/brauchen-wir-sport\/"},"wordCount":660,"commentCount":0,"publisher":{"@id":"https:\/\/www.organisator.ch\/#organization"},"image":{"@id":"https:\/\/www.organisator.ch\/human-resources\/fit_im_job\/2018-08-16\/brauchen-wir-sport\/#primaryimage"},"thumbnailUrl":"https:\/\/www.organisator.ch\/wp-content\/uploads\/2018\/08\/2018_07_Inti_Staeuble_Bild-neu_1666999-1.jpg","keywords":["Betriebliches Gesundheitsmanagement","Fit im Job"],"articleSection":["FIT IM JOB"],"inLanguage":"it-IT"},{"@type":"WebPage","@id":"https:\/\/www.organisator.ch\/human-resources\/fit_im_job\/2018-08-16\/brauchen-wir-sport\/","url":"https:\/\/www.organisator.ch\/human-resources\/fit_im_job\/2018-08-16\/brauchen-wir-sport\/","name":"Abbiamo bisogno dello sport? - Organizzatore","isPartOf":{"@id":"https:\/\/www.organisator.ch\/#website"},"primaryImageOfPage":{"@id":"https:\/\/www.organisator.ch\/human-resources\/fit_im_job\/2018-08-16\/brauchen-wir-sport\/#primaryimage"},"image":{"@id":"https:\/\/www.organisator.ch\/human-resources\/fit_im_job\/2018-08-16\/brauchen-wir-sport\/#primaryimage"},"thumbnailUrl":"https:\/\/www.organisator.ch\/wp-content\/uploads\/2018\/08\/2018_07_Inti_Staeuble_Bild-neu_1666999-1.jpg","datePublished":"2018-08-16T06:00:48+00:00","description":"Il 14 settembre si terr\u00e0 ad Arosa la Swiss Management Run. Le ambizioni sportive dei manager sono decisamente richieste in quel paese, ma non solo.","breadcrumb":{"@id":"https:\/\/www.organisator.ch\/human-resources\/fit_im_job\/2018-08-16\/brauchen-wir-sport\/#breadcrumb"},"inLanguage":"it-IT","potentialAction":[{"@type":"ReadAction","target":["https:\/\/www.organisator.ch\/human-resources\/fit_im_job\/2018-08-16\/brauchen-wir-sport\/"]}]},{"@type":"ImageObject","inLanguage":"it-IT","@id":"https:\/\/www.organisator.ch\/human-resources\/fit_im_job\/2018-08-16\/brauchen-wir-sport\/#primaryimage","url":"https:\/\/www.organisator.ch\/wp-content\/uploads\/2018\/08\/2018_07_Inti_Staeuble_Bild-neu_1666999-1.jpg","contentUrl":"https:\/\/www.organisator.ch\/wp-content\/uploads\/2018\/08\/2018_07_Inti_Staeuble_Bild-neu_1666999-1.jpg","width":1677,"height":1116,"caption":"Patrick St\u00e4uble, ehemaliger Radrennfahrer, f\u00fchrt die \u00abfit im job AG\u00bb und unterst\u00fctzt Kunden bei der Umsetzung von BGM."},{"@type":"BreadcrumbList","@id":"https:\/\/www.organisator.ch\/human-resources\/fit_im_job\/2018-08-16\/brauchen-wir-sport\/#breadcrumb","itemListElement":[{"@type":"ListItem","position":1,"name":"Home","item":"https:\/\/www.organisator.ch\/"},{"@type":"ListItem","position":2,"name":"Brauchen wir Sport?"}]},{"@type":"WebSite","@id":"https:\/\/www.organisator.ch\/#website","url":"https:\/\/www.organisator.ch\/","name":"Organizzatore","description":"Competente. Pratico. In 10 numeri all'anno, ORGANISATOR presenta i temi essenziali per i manager delle PMI.","publisher":{"@id":"https:\/\/www.organisator.ch\/#organization"},"potentialAction":[{"@type":"SearchAction","target":{"@type":"EntryPoint","urlTemplate":"https:\/\/www.organisator.ch\/?s={search_term_string}"},"query-input":{"@type":"PropertyValueSpecification","valueRequired":true,"valueName":"search_term_string"}}],"inLanguage":"it-IT"},{"@type":"Organization","@id":"https:\/\/www.organisator.ch\/#organization","name":"Organizzatore","url":"https:\/\/www.organisator.ch\/","logo":{"@type":"ImageObject","inLanguage":"it-IT","@id":"https:\/\/www.organisator.ch\/#\/schema\/logo\/image\/","url":"https:\/\/www.organisator.ch\/wp-content\/uploads\/2022\/01\/Logo_Organisator_Website.png","contentUrl":"https:\/\/www.organisator.ch\/wp-content\/uploads\/2022\/01\/Logo_Organisator_Website.png","width":800,"height":77,"caption":"Organisator"},"image":{"@id":"https:\/\/www.organisator.ch\/#\/schema\/logo\/image\/"},"sameAs":["https:\/\/www.facebook.com\/OrganisatorFachmagazin","https:\/\/www.linkedin.com\/showcase\/organisator-das-magazin-fr-kmu","https:\/\/www.xing.com\/news\/pages\/organisator-ch-695","https:\/\/www.youtube.com\/channel\/UCGP2Sq0iWaZwT3BdIAQFYpw"]},{"@type":"Person","@id":"https:\/\/www.organisator.ch\/#\/schema\/person\/dd8ffea01043c9c41d7718296a158fac","name":"Importazione K4","image":{"@type":"ImageObject","inLanguage":"it-IT","@id":"https:\/\/secure.gravatar.com\/avatar\/73620ab7215a54b074cc226514e02ed65cb79211bbaee1eb49b63b57e58aaad6?s=96&d=mm&r=g","url":"https:\/\/secure.gravatar.com\/avatar\/73620ab7215a54b074cc226514e02ed65cb79211bbaee1eb49b63b57e58aaad6?s=96&d=mm&r=g","contentUrl":"https:\/\/secure.gravatar.com\/avatar\/73620ab7215a54b074cc226514e02ed65cb79211bbaee1eb49b63b57e58aaad6?s=96&d=mm&r=g","caption":"K4-Import"},"url":"https:\/\/www.organisator.ch\/it\/author\/k4-import\/"}]}},"_links":{"self":[{"href":"https:\/\/www.organisator.ch\/it\/wp-json\/wp\/v2\/posts\/4040","targetHints":{"allow":["GET"]}}],"collection":[{"href":"https:\/\/www.organisator.ch\/it\/wp-json\/wp\/v2\/posts"}],"about":[{"href":"https:\/\/www.organisator.ch\/it\/wp-json\/wp\/v2\/types\/post"}],"author":[{"embeddable":true,"href":"https:\/\/www.organisator.ch\/it\/wp-json\/wp\/v2\/users\/7"}],"replies":[{"embeddable":true,"href":"https:\/\/www.organisator.ch\/it\/wp-json\/wp\/v2\/comments?post=4040"}],"version-history":[{"count":0,"href":"https:\/\/www.organisator.ch\/it\/wp-json\/wp\/v2\/posts\/4040\/revisions"}],"wp:featuredmedia":[{"embeddable":true,"href":"https:\/\/www.organisator.ch\/it\/wp-json\/wp\/v2\/media\/11426"}],"wp:attachment":[{"href":"https:\/\/www.organisator.ch\/it\/wp-json\/wp\/v2\/media?parent=4040"}],"wp:term":[{"taxonomy":"category","embeddable":true,"href":"https:\/\/www.organisator.ch\/it\/wp-json\/wp\/v2\/categories?post=4040"},{"taxonomy":"post_tag","embeddable":true,"href":"https:\/\/www.organisator.ch\/it\/wp-json\/wp\/v2\/tags?post=4040"}],"curies":[{"name":"wp","href":"https:\/\/api.w.org\/{rel}","templated":true}]}}