{"id":40568,"date":"2025-09-16T10:51:45","date_gmt":"2025-09-16T08:51:45","guid":{"rendered":"https:\/\/www.m-q.ch\/?p=21904"},"modified":"2025-09-16T10:45:32","modified_gmt":"2025-09-16T08:45:32","slug":"real-world-ai-viel-groesser-als-genai","status":"publish","type":"post","link":"https:\/\/www.organisator.ch\/it\/operational-excellence\/2025-09-16\/real-world-ai-viel-groesser-als-genai\/","title":{"rendered":"L'IA del mondo reale \u00e8 molto pi\u00f9 grande della GenAI"},"content":{"rendered":"<figure id=\"attachment_21905\" class=\"wp-caption alignnone\" style=\"width: 680px;\" aria-describedby=\"caption-attachment-21905\"><img class=\"size-full wp-image-21905\" src=\"https:\/\/www.m-q.ch\/wp-content\/uploads\/2025\/09\/Real-World-AI-viel-groesser-als-GenAI_MQ.jpg\" sizes=\"(max-width: 680px) 100vw, 680px\" srcset=\"https:\/\/www.m-q.ch\/wp-content\/uploads\/2025\/09\/Real-World-AI-viel-groesser-als-GenAI_MQ.jpg 680w, https:\/\/www.m-q.ch\/wp-content\/uploads\/2025\/09\/Real-World-AI-viel-groesser-als-GenAI_MQ-18x10.jpg 18w, https:\/\/www.m-q.ch\/wp-content\/uploads\/2025\/09\/Real-World-AI-viel-groesser-als-GenAI_MQ-375x207.jpg 375w, https:\/\/www.m-q.ch\/wp-content\/uploads\/2025\/09\/Real-World-AI-viel-groesser-als-GenAI_MQ-635x350.jpg 635w\" alt=\"\" width=\"680\" height=\"375\" \/>\r\n<figcaption id=\"caption-attachment-21905\" class=\"wp-caption-text\">Harald M\u00fcller (a sinistra) e il dottor Daniel Trauth del Consiglio diplomatico vedono un potenziale maggiore nell'IA fisica rispetto all'IA genetica. (Immagine: zVg \/ Consiglio diplomatico)<\/figcaption>\r\n<\/figure>\r\n<p>Esempi di applicazioni dell'\"IA nel mondo reale\", spesso definita \"IA fisica\", includono robot e umanoidi per la produzione, controllo della qualit\u00e0 con telecamere IA, manutenzione predittiva di macchine e impianti, sistemi logistici autonomi, diagnostica medica, auto a guida autonoma e citt\u00e0 intelligenti. Il Real-World AI Forum del Consiglio diplomatico vi invita a una conferenza online il 22 settembre sull'uso dell'IA nelle citt\u00e0 e nelle comunit\u00e0.<\/p>\r\n<h3><strong>Caso d'uso della Smart City<\/strong><\/h3>\r\n<p>\"Il vero valore dell'IA non risiede nel clamore che circonda la generazione di testi, immagini e video, ma nella sua profonda integrazione nei processi fondamentali dell'industria e delle autorit\u00e0 locali\", spiega Harald M\u00fcller, direttore generale della Bonn Business Academy (BWA) e copresidente del Real-World AI Forum del Consiglio diplomatico. Il dottor Daniel Trauth, anch'egli copresidente del forum e amministratore delegato di dataMatters GmbH di Colonia, utilizza l'esempio della citt\u00e0 intelligente per illustrare i vantaggi. Secondo lui, i comuni potrebbero risparmiare circa il 20% dei costi e ridurre le emissioni di CO2 di circa il 30% ottimizzando la gestione dei rifiuti con la sola AI. I semafori controllati dall'intelligenza artificiale e i sistemi di gestione del traffico in rete con informazioni in tempo reale sui parcheggi portano a una riduzione della congestione e a un'ulteriore riduzione delle emissioni di CO2. Un recente studio di McKinsey dimostra che le soluzioni per le smart city possono ridurre il consumo energetico degli edifici pubblici fino al 15% (Smart Building).<\/p>\r\n<p>Un altro esempio \u00e8 l'ottimizzazione del trasporto pubblico. Il dottor Daniel Trauth spiega chiaramente la procedura: \"I sensori LiDAR e ottici negli autobus e nei treni possono essere utilizzati per registrare esattamente quanti posti a sedere e in piedi sono occupati in quali orari su quali linee, o quanti bambini o adulti utilizzano il servizio. Questi dati vengono analizzati dall'intelligenza artificiale, che li utilizza per formulare raccomandazioni in tempo reale sull'uso ottimale di questi autobus e treni. Il risultato \u00e8 una maggiore accettazione del trasporto pubblico da parte dei cittadini, un impiego pi\u00f9 mirato del personale e una riduzione dei costi e dell'impatto ambientale\".<\/p>\r\n<h3><strong>Area di applicazione \"lavorazione intelligente\"<\/strong><\/h3>\r\n<p>Il Dr. Daniel Trauth cita la \"lavorazione intelligente\" come esempio di applicazione industriale dell'IA con effetti di vasta portata, su cui la sua azienda dataMatters sta lavorando insieme all'Istituto Fraunhofer per la tecnologia di produzione IPT di Aquisgrana, tra gli altri. L'obiettivo \u00e8 essenzialmente quello di utilizzare l'IA per soddisfare i requisiti di alta qualit\u00e0 dell'industria di lavorazione in modo migliore e pi\u00f9 economico. La lavorazione, in cui il materiale viene portato alla forma e alle dimensioni desiderate mediante tornitura, foratura, fresatura o rettifica, costituisce una base essenziale della tecnologia di produzione in molti settori industriali, dalla produzione automobilistica alla fabbricazione di strumenti medici.<\/p>\r\n<p>Gli errori nel processo di lavorazione possono avere gravi conseguenze, che vanno dalla rottura del prodotto a problemi di sicurezza. Controlli di qualit\u00e0 rigorosi sono quindi essenziali, ma anche lunghi e costosi. \"Il monitoraggio e l'analisi automatizzati dei processi di produzione con l'ausilio dell'IA possono ridurre significativamente i tempi e i costi di ispezione per l'assicurazione della qualit\u00e0 e migliorare l'accuratezza della valutazione della qualit\u00e0\", spiega il dott. Daniel Trauth, illustrando i vantaggi dell'\"IA del mondo reale\" con questo esempio di applicazione.<\/p>\r\n<p>\"La lavorazione \u00e8 solo una delle innumerevoli aree di applicazione dell'intelligenza artificiale nella produzione\", afferma Harald M\u00fcller. In definitiva, si tratta di fabbriche autonome, cio\u00e8 di capannoni di produzione privi di personale, in cui operano solo robot. Queste \"fabbriche fantasma\" sono rese possibili da una combinazione di tecnologia informatica, networking, intelligenza artificiale, robotica e processi produttivi innovativi. Secondo alcuni studi, ci\u00f2 potrebbe ridurre i costi operativi fino al 25%, aumentare la produttivit\u00e0 fino al 30% e ridurre i tassi di errore fino al 40%.<\/p>\r\n<h3><strong>Fabbrica intelligente per una maggiore competitivit\u00e0<\/strong><\/h3>\r\n<p>Nonostante l'investimento iniziale pi\u00f9 elevato per la costruzione di una fabbrica intelligente, dove circa un terzo dei costi totali \u00e8 rappresentato da sensori, software e infrastrutture, la costruzione di una fabbrica autonoma spesso si ripaga da sola entro il primo anno di attivit\u00e0. Ci\u00f2 \u00e8 dovuto principalmente alla significativa riduzione dei costi salariali. \"Inoltre, la maggiore flessibilit\u00e0 consente di rispondere pi\u00f9 rapidamente ai cambiamenti del mercato e il livello di qualit\u00e0 pi\u00f9 elevato riduce i costi di rilavorazione, aumentando cos\u00ec la soddisfazione dei clienti\", afferma Harald M\u00fcller, illustrando i vantaggi competitivi della nuova generazione di produzione.<\/p>\r\n<p>Il capo della BWA chiarisce: \"Non si tratta di uno sguardo a un futuro lontano, ma sta gi\u00e0 iniziando a diventare realt\u00e0 sotto forma di gemelli di produzione autonomi\". Un APT - un gemello digitale nella produzione - combina dati in tempo reale, intelligenza artificiale e reti avanzate per creare una rappresentazione virtuale del sistema di produzione in grado di prendere decisioni e adattare i processi in modo indipendente. \"Un gemello di produzione autonomo pu\u00f2 controllare attivamente i processi di produzione e reagire agli eventi imprevisti, ad esempio regolando la velocit\u00e0 dei robot, ottimizzando l'approvvigionamento dei materiali, correggendo gli errori o riprogrammando in caso di colli di bottiglia\", afferma Harald M\u00fcller, fornendo esempi specifici dei vantaggi dell'utilizzo dell'IA nella produzione.<\/p>\r\n<p>Riassume: \"Mentre l'IA generativa \u00e8 uno strumento utile, l'IA del mondo reale offre l'efficienza sostenibile e i vantaggi in termini di costi che daranno forma all'economia e alle comunit\u00e0 del futuro. Le aziende che riconoscono per tempo questo cambiamento e incorporano l'IA nelle loro infrastrutture fisiche si assicurano un vantaggio competitivo decisivo\". Alla luce dell'attuale situazione di crisi in Germania, l'industria nazionale non deve assolutamente lasciarsi sfuggire questo sviluppo\".<\/p>\r\n<p><em>Fonte e ulteriori informazioni: <\/em><em><a href=\"http:\/\/www.diplomatic-council.org\/de\/ki-in-der-realen-welt\" rel=\"noopener\">www.diplomatic-council.org\/de\/ki-in-der-realen-welt<\/a><\/em><\/p>\n<p class=\"syndicated-attribution\">Questo articolo \u00e8 apparso originariamente su m-q.ch - <a href=\"https:\/\/www.m-q.ch\/de\/real-world-ai-viel-groesser-als-genai\/\" target=\"_blank\">https:\/\/www.m-q.ch\/de\/real-world-ai-viel-groesser-als-genai\/<\/a><\/p>","protected":false},"excerpt":{"rendered":"<p>L'IA del mondo reale plasmer\u00e0 il futuro molto pi\u00f9 dei modelli di IA generativa oggi in voga, come ChatGPT, Google Gemini o Grok di X.ai, secondo le previsioni del think tank Diplomatic Council, che fa parte della cerchia di consulenti delle Nazioni Unite. L'IA nel mondo reale spazia dalla produzione autonoma alle citt\u00e0 intelligenti.<\/p>","protected":false},"author":8,"featured_media":0,"comment_status":"closed","ping_status":"closed","sticky":false,"template":"","format":"standard","meta":{"_acf_changed":false,"_yoast_wpseo_focuskw":"Real-World AI","_yoast_wpseo_metadesc":"Die sog. \u201eReal-World AI\u201c wird die Zukunft viel st\u00e4rker bestimmen als die heute popul\u00e4ren generativen KI-Modelle wie ChatGPT usw.","articlekey":"","footnotes":""},"categories":[582],"tags":[586,156,4186,319,5539,437],"class_list":["post-40568","post","type-post","status-publish","format-standard","hentry","category-operational-excellence","tag-allgemein","tag-digitalisierung","tag-generative-ki","tag-kuenstliche-intelligenz","tag-smart-cities","tag-smart-factory"],"acf":[],"yoast_head":"<!-- This site is optimized with the Yoast SEO plugin v27.5 - https:\/\/yoast.com\/product\/yoast-seo-wordpress\/ -->\n<title>Real-World AI viel gr\u00f6sser als GenAI - Organisator<\/title>\n<meta name=\"description\" content=\"Die sog. \u201eReal-World AI\u201c wird die Zukunft viel st\u00e4rker bestimmen als die heute popul\u00e4ren generativen KI-Modelle wie ChatGPT usw.\" \/>\n<meta name=\"robots\" content=\"index, follow, max-snippet:-1, max-image-preview:large, max-video-preview:-1\" \/>\n<link rel=\"canonical\" href=\"https:\/\/www.organisator.ch\/it\/eccellenza-operativa\/2025-09-16\/real-world-ai-viel-groesser-als-genai\/\" \/>\n<meta property=\"og:locale\" content=\"it_IT\" \/>\n<meta property=\"og:type\" content=\"article\" \/>\n<meta property=\"og:title\" content=\"Real-World AI viel gr\u00f6sser als GenAI - Organisator\" \/>\n<meta property=\"og:description\" content=\"Die sog. \u201eReal-World AI\u201c wird die Zukunft viel st\u00e4rker bestimmen als die heute popul\u00e4ren generativen KI-Modelle wie ChatGPT usw.\" \/>\n<meta property=\"og:url\" content=\"https:\/\/www.organisator.ch\/it\/eccellenza-operativa\/2025-09-16\/real-world-ai-viel-groesser-als-genai\/\" \/>\n<meta property=\"og:site_name\" content=\"Organisator\" \/>\n<meta property=\"article:publisher\" content=\"https:\/\/www.facebook.com\/OrganisatorFachmagazin\" \/>\n<meta property=\"article:published_time\" content=\"2025-09-16T08:51:45+00:00\" \/>\n<meta name=\"author\" content=\"galledia\" \/>\n<meta name=\"twitter:card\" content=\"summary_large_image\" \/>\n<meta name=\"twitter:creator\" content=\"@admin\" \/>\n<script type=\"application\/ld+json\" class=\"yoast-schema-graph\">{\"@context\":\"https:\\\/\\\/schema.org\",\"@graph\":[{\"@type\":\"Article\",\"@id\":\"https:\\\/\\\/www.organisator.ch\\\/operational-excellence\\\/2025-09-16\\\/real-world-ai-viel-groesser-als-genai\\\/#article\",\"isPartOf\":{\"@id\":\"https:\\\/\\\/www.organisator.ch\\\/operational-excellence\\\/2025-09-16\\\/real-world-ai-viel-groesser-als-genai\\\/\"},\"author\":{\"name\":\"galledia\",\"@id\":\"https:\\\/\\\/www.organisator.ch\\\/#\\\/schema\\\/person\\\/4e51799071cd2dd1232ac003643ef5f0\"},\"headline\":\"Real-World AI viel gr\u00f6sser als GenAI\",\"datePublished\":\"2025-09-16T08:51:45+00:00\",\"mainEntityOfPage\":{\"@id\":\"https:\\\/\\\/www.organisator.ch\\\/operational-excellence\\\/2025-09-16\\\/real-world-ai-viel-groesser-als-genai\\\/\"},\"wordCount\":885,\"publisher\":{\"@id\":\"https:\\\/\\\/www.organisator.ch\\\/#organization\"},\"image\":{\"@id\":\"https:\\\/\\\/www.organisator.ch\\\/operational-excellence\\\/2025-09-16\\\/real-world-ai-viel-groesser-als-genai\\\/#primaryimage\"},\"thumbnailUrl\":\"https:\\\/\\\/www.m-q.ch\\\/wp-content\\\/uploads\\\/2025\\\/09\\\/Real-World-AI-viel-groesser-als-GenAI_MQ.jpg\",\"keywords\":[\"Allgemein\",\"Digitalisierung\",\"Generative KI\",\"K\u00fcnstliche Intelligenz\",\"Smart Cities\",\"Smart Factory\"],\"articleSection\":[\"OPERATIONAL EXCELLENCE\"],\"inLanguage\":\"it-IT\"},{\"@type\":\"WebPage\",\"@id\":\"https:\\\/\\\/www.organisator.ch\\\/operational-excellence\\\/2025-09-16\\\/real-world-ai-viel-groesser-als-genai\\\/\",\"url\":\"https:\\\/\\\/www.organisator.ch\\\/operational-excellence\\\/2025-09-16\\\/real-world-ai-viel-groesser-als-genai\\\/\",\"name\":\"Real-World AI viel gr\u00f6sser als GenAI - Organisator\",\"isPartOf\":{\"@id\":\"https:\\\/\\\/www.organisator.ch\\\/#website\"},\"primaryImageOfPage\":{\"@id\":\"https:\\\/\\\/www.organisator.ch\\\/operational-excellence\\\/2025-09-16\\\/real-world-ai-viel-groesser-als-genai\\\/#primaryimage\"},\"image\":{\"@id\":\"https:\\\/\\\/www.organisator.ch\\\/operational-excellence\\\/2025-09-16\\\/real-world-ai-viel-groesser-als-genai\\\/#primaryimage\"},\"thumbnailUrl\":\"https:\\\/\\\/www.m-q.ch\\\/wp-content\\\/uploads\\\/2025\\\/09\\\/Real-World-AI-viel-groesser-als-GenAI_MQ.jpg\",\"datePublished\":\"2025-09-16T08:51:45+00:00\",\"description\":\"Die sog. \u201eReal-World AI\u201c wird die Zukunft viel st\u00e4rker bestimmen als die heute popul\u00e4ren generativen KI-Modelle wie ChatGPT usw.\",\"breadcrumb\":{\"@id\":\"https:\\\/\\\/www.organisator.ch\\\/operational-excellence\\\/2025-09-16\\\/real-world-ai-viel-groesser-als-genai\\\/#breadcrumb\"},\"inLanguage\":\"it-IT\",\"potentialAction\":[{\"@type\":\"ReadAction\",\"target\":[\"https:\\\/\\\/www.organisator.ch\\\/operational-excellence\\\/2025-09-16\\\/real-world-ai-viel-groesser-als-genai\\\/\"]}]},{\"@type\":\"ImageObject\",\"inLanguage\":\"it-IT\",\"@id\":\"https:\\\/\\\/www.organisator.ch\\\/operational-excellence\\\/2025-09-16\\\/real-world-ai-viel-groesser-als-genai\\\/#primaryimage\",\"url\":\"https:\\\/\\\/www.m-q.ch\\\/wp-content\\\/uploads\\\/2025\\\/09\\\/Real-World-AI-viel-groesser-als-GenAI_MQ.jpg\",\"contentUrl\":\"https:\\\/\\\/www.m-q.ch\\\/wp-content\\\/uploads\\\/2025\\\/09\\\/Real-World-AI-viel-groesser-als-GenAI_MQ.jpg\"},{\"@type\":\"BreadcrumbList\",\"@id\":\"https:\\\/\\\/www.organisator.ch\\\/operational-excellence\\\/2025-09-16\\\/real-world-ai-viel-groesser-als-genai\\\/#breadcrumb\",\"itemListElement\":[{\"@type\":\"ListItem\",\"position\":1,\"name\":\"Home\",\"item\":\"https:\\\/\\\/www.organisator.ch\\\/\"},{\"@type\":\"ListItem\",\"position\":2,\"name\":\"Real-World AI viel gr\u00f6sser als GenAI\"}]},{\"@type\":\"WebSite\",\"@id\":\"https:\\\/\\\/www.organisator.ch\\\/#website\",\"url\":\"https:\\\/\\\/www.organisator.ch\\\/\",\"name\":\"Organisator\",\"description\":\"Kompetent. Praxisnah. Der ORGANISATOR bereitet in 10 Ausgaben pro Jahr die wesentlichen Themen f\u00fcr F\u00fchrungskr\u00e4fte von KMU auf.\",\"publisher\":{\"@id\":\"https:\\\/\\\/www.organisator.ch\\\/#organization\"},\"potentialAction\":[{\"@type\":\"SearchAction\",\"target\":{\"@type\":\"EntryPoint\",\"urlTemplate\":\"https:\\\/\\\/www.organisator.ch\\\/?s={search_term_string}\"},\"query-input\":{\"@type\":\"PropertyValueSpecification\",\"valueRequired\":true,\"valueName\":\"search_term_string\"}}],\"inLanguage\":\"it-IT\"},{\"@type\":\"Organization\",\"@id\":\"https:\\\/\\\/www.organisator.ch\\\/#organization\",\"name\":\"Organisator\",\"url\":\"https:\\\/\\\/www.organisator.ch\\\/\",\"logo\":{\"@type\":\"ImageObject\",\"inLanguage\":\"it-IT\",\"@id\":\"https:\\\/\\\/www.organisator.ch\\\/#\\\/schema\\\/logo\\\/image\\\/\",\"url\":\"https:\\\/\\\/www.organisator.ch\\\/wp-content\\\/uploads\\\/2022\\\/01\\\/Logo_Organisator_Website.png\",\"contentUrl\":\"https:\\\/\\\/www.organisator.ch\\\/wp-content\\\/uploads\\\/2022\\\/01\\\/Logo_Organisator_Website.png\",\"width\":800,\"height\":77,\"caption\":\"Organisator\"},\"image\":{\"@id\":\"https:\\\/\\\/www.organisator.ch\\\/#\\\/schema\\\/logo\\\/image\\\/\"},\"sameAs\":[\"https:\\\/\\\/www.facebook.com\\\/OrganisatorFachmagazin\",\"https:\\\/\\\/www.linkedin.com\\\/showcase\\\/organisator-das-magazin-fr-kmu\",\"https:\\\/\\\/www.xing.com\\\/news\\\/pages\\\/organisator-ch-695\",\"https:\\\/\\\/www.youtube.com\\\/channel\\\/UCGP2Sq0iWaZwT3BdIAQFYpw\"]},{\"@type\":\"Person\",\"@id\":\"https:\\\/\\\/www.organisator.ch\\\/#\\\/schema\\\/person\\\/4e51799071cd2dd1232ac003643ef5f0\",\"name\":\"galledia\",\"image\":{\"@type\":\"ImageObject\",\"inLanguage\":\"it-IT\",\"@id\":\"https:\\\/\\\/secure.gravatar.com\\\/avatar\\\/78a7f90c01fc2bfc875782a0d4922b37cde2cf184ce347b91316d23cd7f69a36?s=96&d=mm&r=g\",\"url\":\"https:\\\/\\\/secure.gravatar.com\\\/avatar\\\/78a7f90c01fc2bfc875782a0d4922b37cde2cf184ce347b91316d23cd7f69a36?s=96&d=mm&r=g\",\"contentUrl\":\"https:\\\/\\\/secure.gravatar.com\\\/avatar\\\/78a7f90c01fc2bfc875782a0d4922b37cde2cf184ce347b91316d23cd7f69a36?s=96&d=mm&r=g\",\"caption\":\"galledia\"},\"sameAs\":[\"https:\\\/\\\/x.com\\\/admin\"],\"url\":\"https:\\\/\\\/www.organisator.ch\\\/it\\\/author\\\/galledia\\\/\"}]}<\/script>\n<!-- \/ Yoast SEO plugin. -->","yoast_head_json":{"title":"L'IA del mondo reale \u00e8 molto pi\u00f9 grande di GenAI - Organizzatore","description":"La cosiddetta \"IA del mondo reale\" determiner\u00e0 il futuro molto pi\u00f9 dei modelli di IA generativa che sono popolari oggi, come ChatGPT ecc.","robots":{"index":"index","follow":"follow","max-snippet":"max-snippet:-1","max-image-preview":"max-image-preview:large","max-video-preview":"max-video-preview:-1"},"canonical":"https:\/\/www.organisator.ch\/it\/eccellenza-operativa\/2025-09-16\/real-world-ai-viel-groesser-als-genai\/","og_locale":"it_IT","og_type":"article","og_title":"Real-World AI viel gr\u00f6sser als GenAI - Organisator","og_description":"Die sog. \u201eReal-World AI\u201c wird die Zukunft viel st\u00e4rker bestimmen als die heute popul\u00e4ren generativen KI-Modelle wie ChatGPT usw.","og_url":"https:\/\/www.organisator.ch\/it\/eccellenza-operativa\/2025-09-16\/real-world-ai-viel-groesser-als-genai\/","og_site_name":"Organisator","article_publisher":"https:\/\/www.facebook.com\/OrganisatorFachmagazin","article_published_time":"2025-09-16T08:51:45+00:00","author":"galledia","twitter_card":"summary_large_image","twitter_creator":"@admin","schema":{"@context":"https:\/\/schema.org","@graph":[{"@type":"Article","@id":"https:\/\/www.organisator.ch\/operational-excellence\/2025-09-16\/real-world-ai-viel-groesser-als-genai\/#article","isPartOf":{"@id":"https:\/\/www.organisator.ch\/operational-excellence\/2025-09-16\/real-world-ai-viel-groesser-als-genai\/"},"author":{"name":"galledia","@id":"https:\/\/www.organisator.ch\/#\/schema\/person\/4e51799071cd2dd1232ac003643ef5f0"},"headline":"Real-World AI viel gr\u00f6sser als GenAI","datePublished":"2025-09-16T08:51:45+00:00","mainEntityOfPage":{"@id":"https:\/\/www.organisator.ch\/operational-excellence\/2025-09-16\/real-world-ai-viel-groesser-als-genai\/"},"wordCount":885,"publisher":{"@id":"https:\/\/www.organisator.ch\/#organization"},"image":{"@id":"https:\/\/www.organisator.ch\/operational-excellence\/2025-09-16\/real-world-ai-viel-groesser-als-genai\/#primaryimage"},"thumbnailUrl":"https:\/\/www.m-q.ch\/wp-content\/uploads\/2025\/09\/Real-World-AI-viel-groesser-als-GenAI_MQ.jpg","keywords":["Allgemein","Digitalisierung","Generative KI","K\u00fcnstliche Intelligenz","Smart Cities","Smart Factory"],"articleSection":["OPERATIONAL EXCELLENCE"],"inLanguage":"it-IT"},{"@type":"WebPage","@id":"https:\/\/www.organisator.ch\/operational-excellence\/2025-09-16\/real-world-ai-viel-groesser-als-genai\/","url":"https:\/\/www.organisator.ch\/operational-excellence\/2025-09-16\/real-world-ai-viel-groesser-als-genai\/","name":"L'IA del mondo reale \u00e8 molto pi\u00f9 grande di GenAI - Organizzatore","isPartOf":{"@id":"https:\/\/www.organisator.ch\/#website"},"primaryImageOfPage":{"@id":"https:\/\/www.organisator.ch\/operational-excellence\/2025-09-16\/real-world-ai-viel-groesser-als-genai\/#primaryimage"},"image":{"@id":"https:\/\/www.organisator.ch\/operational-excellence\/2025-09-16\/real-world-ai-viel-groesser-als-genai\/#primaryimage"},"thumbnailUrl":"https:\/\/www.m-q.ch\/wp-content\/uploads\/2025\/09\/Real-World-AI-viel-groesser-als-GenAI_MQ.jpg","datePublished":"2025-09-16T08:51:45+00:00","description":"La cosiddetta \"IA del mondo reale\" determiner\u00e0 il futuro molto pi\u00f9 dei modelli di IA generativa che sono popolari oggi, come ChatGPT ecc.","breadcrumb":{"@id":"https:\/\/www.organisator.ch\/operational-excellence\/2025-09-16\/real-world-ai-viel-groesser-als-genai\/#breadcrumb"},"inLanguage":"it-IT","potentialAction":[{"@type":"ReadAction","target":["https:\/\/www.organisator.ch\/operational-excellence\/2025-09-16\/real-world-ai-viel-groesser-als-genai\/"]}]},{"@type":"ImageObject","inLanguage":"it-IT","@id":"https:\/\/www.organisator.ch\/operational-excellence\/2025-09-16\/real-world-ai-viel-groesser-als-genai\/#primaryimage","url":"https:\/\/www.m-q.ch\/wp-content\/uploads\/2025\/09\/Real-World-AI-viel-groesser-als-GenAI_MQ.jpg","contentUrl":"https:\/\/www.m-q.ch\/wp-content\/uploads\/2025\/09\/Real-World-AI-viel-groesser-als-GenAI_MQ.jpg"},{"@type":"BreadcrumbList","@id":"https:\/\/www.organisator.ch\/operational-excellence\/2025-09-16\/real-world-ai-viel-groesser-als-genai\/#breadcrumb","itemListElement":[{"@type":"ListItem","position":1,"name":"Home","item":"https:\/\/www.organisator.ch\/"},{"@type":"ListItem","position":2,"name":"Real-World AI viel gr\u00f6sser als GenAI"}]},{"@type":"WebSite","@id":"https:\/\/www.organisator.ch\/#website","url":"https:\/\/www.organisator.ch\/","name":"Organizzatore","description":"Competente. Pratico. In 10 numeri all'anno, ORGANISATOR presenta i temi essenziali per i manager delle PMI.","publisher":{"@id":"https:\/\/www.organisator.ch\/#organization"},"potentialAction":[{"@type":"SearchAction","target":{"@type":"EntryPoint","urlTemplate":"https:\/\/www.organisator.ch\/?s={search_term_string}"},"query-input":{"@type":"PropertyValueSpecification","valueRequired":true,"valueName":"search_term_string"}}],"inLanguage":"it-IT"},{"@type":"Organization","@id":"https:\/\/www.organisator.ch\/#organization","name":"Organizzatore","url":"https:\/\/www.organisator.ch\/","logo":{"@type":"ImageObject","inLanguage":"it-IT","@id":"https:\/\/www.organisator.ch\/#\/schema\/logo\/image\/","url":"https:\/\/www.organisator.ch\/wp-content\/uploads\/2022\/01\/Logo_Organisator_Website.png","contentUrl":"https:\/\/www.organisator.ch\/wp-content\/uploads\/2022\/01\/Logo_Organisator_Website.png","width":800,"height":77,"caption":"Organisator"},"image":{"@id":"https:\/\/www.organisator.ch\/#\/schema\/logo\/image\/"},"sameAs":["https:\/\/www.facebook.com\/OrganisatorFachmagazin","https:\/\/www.linkedin.com\/showcase\/organisator-das-magazin-fr-kmu","https:\/\/www.xing.com\/news\/pages\/organisator-ch-695","https:\/\/www.youtube.com\/channel\/UCGP2Sq0iWaZwT3BdIAQFYpw"]},{"@type":"Person","@id":"https:\/\/www.organisator.ch\/#\/schema\/person\/4e51799071cd2dd1232ac003643ef5f0","name":"galledia","image":{"@type":"ImageObject","inLanguage":"it-IT","@id":"https:\/\/secure.gravatar.com\/avatar\/78a7f90c01fc2bfc875782a0d4922b37cde2cf184ce347b91316d23cd7f69a36?s=96&d=mm&r=g","url":"https:\/\/secure.gravatar.com\/avatar\/78a7f90c01fc2bfc875782a0d4922b37cde2cf184ce347b91316d23cd7f69a36?s=96&d=mm&r=g","contentUrl":"https:\/\/secure.gravatar.com\/avatar\/78a7f90c01fc2bfc875782a0d4922b37cde2cf184ce347b91316d23cd7f69a36?s=96&d=mm&r=g","caption":"galledia"},"sameAs":["https:\/\/x.com\/admin"],"url":"https:\/\/www.organisator.ch\/it\/author\/galledia\/"}]}},"_links":{"self":[{"href":"https:\/\/www.organisator.ch\/it\/wp-json\/wp\/v2\/posts\/40568","targetHints":{"allow":["GET"]}}],"collection":[{"href":"https:\/\/www.organisator.ch\/it\/wp-json\/wp\/v2\/posts"}],"about":[{"href":"https:\/\/www.organisator.ch\/it\/wp-json\/wp\/v2\/types\/post"}],"author":[{"embeddable":true,"href":"https:\/\/www.organisator.ch\/it\/wp-json\/wp\/v2\/users\/8"}],"replies":[{"embeddable":true,"href":"https:\/\/www.organisator.ch\/it\/wp-json\/wp\/v2\/comments?post=40568"}],"version-history":[{"count":5,"href":"https:\/\/www.organisator.ch\/it\/wp-json\/wp\/v2\/posts\/40568\/revisions"}],"predecessor-version":[{"id":40579,"href":"https:\/\/www.organisator.ch\/it\/wp-json\/wp\/v2\/posts\/40568\/revisions\/40579"}],"wp:attachment":[{"href":"https:\/\/www.organisator.ch\/it\/wp-json\/wp\/v2\/media?parent=40568"}],"wp:term":[{"taxonomy":"category","embeddable":true,"href":"https:\/\/www.organisator.ch\/it\/wp-json\/wp\/v2\/categories?post=40568"},{"taxonomy":"post_tag","embeddable":true,"href":"https:\/\/www.organisator.ch\/it\/wp-json\/wp\/v2\/tags?post=40568"}],"curies":[{"name":"wp","href":"https:\/\/api.w.org\/{rel}","templated":true}]}}