{"id":40574,"date":"2025-09-16T11:04:10","date_gmt":"2025-09-16T09:04:10","guid":{"rendered":"https:\/\/www.organisator.ch\/?p=40574"},"modified":"2025-09-16T11:04:10","modified_gmt":"2025-09-16T09:04:10","slug":"peoplefone-feiert-sein-20-jaehriges-bestehen","status":"publish","type":"post","link":"https:\/\/www.organisator.ch\/it\/management\/2025-09-16\/peoplefone-feiert-sein-20-jaehriges-bestehen\/","title":{"rendered":"peoplefone festeggia il suo 20\u00b0 anniversario"},"content":{"rendered":"<figure id=\"attachment_40575\" aria-describedby=\"caption-attachment-40575\" style=\"width: 680px\" class=\"wp-caption alignnone\"><img loading=\"lazy\" decoding=\"async\" class=\"size-full wp-image-40575\" src=\"https:\/\/www.organisator.ch\/wp-content\/uploads\/2025\/09\/peoplefone-feiert-sein-20-jaehriges-Bestehen_Organisator.png\" alt=\"\" width=\"680\" height=\"464\" srcset=\"https:\/\/www.organisator.ch\/wp-content\/uploads\/2025\/09\/peoplefone-feiert-sein-20-jaehriges-Bestehen_Organisator.png 680w, https:\/\/www.organisator.ch\/wp-content\/uploads\/2025\/09\/peoplefone-feiert-sein-20-jaehriges-Bestehen_Organisator-18x12.png 18w, https:\/\/www.organisator.ch\/wp-content\/uploads\/2025\/09\/peoplefone-feiert-sein-20-jaehriges-Bestehen_Organisator-375x256.png 375w, https:\/\/www.organisator.ch\/wp-content\/uploads\/2025\/09\/peoplefone-feiert-sein-20-jaehriges-Bestehen_Organisator-513x350.png 513w\" sizes=\"auto, (max-width: 680px) 100vw, 680px\" \/><figcaption id=\"caption-attachment-40575\" class=\"wp-caption-text\">Festeggiamenti presso peoplefone: l'azienda di telecomunicazioni guarda al suo 20\u00b0 anniversario. (Immagine: peoplefone)<\/figcaption><\/figure>\n<p>L'11 settembre, insieme a circa 70 partner, clienti e dipendenti, peoplefone ha festeggiato il suo 20\u00b0 anniversario al Politecnico di Zurigo. La scelta del luogo non \u00e8 stata casuale, in quanto l'azienda di telecomunicazioni sponsorizza dal 2023 il \"Premio per la migliore tesi di laurea\", che viene assegnato a tre eccellenti studenti di laurea del Dipartimento di Informatica e Ingegneria Elettrica (D-ITET) del Politecnico di Zurigo.<\/p>\n<p>Il momento clou della serata \u00e8 stata la consegna dei premi Peoplefone di quest'anno. Teleinformatik Services AG di Zurigo \u00e8 stata premiata come Key Partner of the Year 2025 e Centrovis GmbH ha ricevuto il Longterm Cooperation Award 2025. All'inizio dell'evento per l'anniversario, il fondatore dell'azienda Christophe Beaud si \u00e8 rivolto ai numerosi ospiti: \"Anche se sono gi\u00e0 passati 20 anni, sembra che abbiamo fondato peoplefone solo due anni fa - lo spirito da start-up \u00e8 ancora palpabile. In futuro continueremo sulla strada intrapresa con nuove tecnologie e innovazioni promettenti e porteremo avanti peoplefone con il nostro team. L'intelligenza artificiale giocher\u00e0 un ruolo fondamentale in questo senso\".<\/p>\n<h3><strong>Il passo per diventare un fornitore internazionale di soluzioni complete<\/strong><\/h3>\n<p>Negli ultimi vent'anni, peoplefone ha sempre avuto l'istinto giusto per gli sviluppi tecnologici di successo. Nel 2009, l'azienda ha lanciato la prima app VoIP svizzera, che l'ha resa famosa in tutta la Svizzera. Nel 2012 \u00e8 stata seguita da peoplefone HOSTED, il primo sistema telefonico cloud dell'azienda. Nel 2017 peoplefone ha riconosciuto che la telefonia e le videochiamate vanno di pari passo ed \u00e8 stato uno dei primi fornitori svizzeri a offrire l'integrazione della telefonia in Microsoft Teams.<\/p>\n<p>Appena un anno dopo la sua fondazione, peoplefone ha aperto una sede in Austria. In breve tempo si sono aggiunte altre filiali: Polonia (2007), Slovacchia (2008), Lituania (2012), Germania (2015) e Francia (2019). Allo stesso tempo, peoplefone si \u00e8 trasformata in un fornitore di servizi completi per i clienti aziendali, inizialmente come provider internet, poi con un'offerta di SIM dati e dal 2024 anche come provider di telefonia mobile.<\/p>\n<h3><strong>Equipaggiati per il futuro<\/strong><\/h3>\n<p>Tra le altre cose, peoplefone investe in start-up che si concentrano sul futuro della comunicazione. L'intelligenza artificiale svolge un ruolo fondamentale e viene gradualmente integrata nelle attuali soluzioni di telefonia. All'inizio del 2025 \u00e8 stato lanciato peoplefone STUDIO, uno strumento basato sull'intelligenza artificiale per le presentazioni video. Con peoplefone HOLO, \u00e8 in cantiere un altro progetto a prova di futuro che render\u00e0 la sala riunioni virtuale una realt\u00e0.<\/p>\n<p>La protezione dell'infrastruttura telefonica dagli attacchi informatici \u00e8 stata una priorit\u00e0 assoluta per peoplefone fin dall'inizio. I dati dei clienti svizzeri sono sempre stati conservati esclusivamente in Svizzera. Grazie alla sua infrastruttura tecnica, ai sistemi di protezione all'avanguardia, agli algoritmi anti-hacking e alla struttura ridondante del centro dati, peoplefone ha le basi giuste per soddisfare le severe linee guida NIS2 dell'UE in materia di sicurezza informatica.<\/p>\n<p><a href=\"https:\/\/www.peoplefone.com\/de-ch\/kunden\"><em>Fonte e ulteriori informazioni<\/em><\/a><\/p>","protected":false},"excerpt":{"rendered":"<p>Gioved\u00ec scorso peoplefone ha festeggiato il suo 20\u00b0 anniversario insieme a clienti e partner presso il Politecnico di Zurigo. Il pioniere del VoIP si \u00e8 trasformato in due decenni da start-up a fornitore di telefonia internazionale. Nuovi e promettenti prodotti, un costante sviluppo dei propri servizi di comunicazione e l'integrazione dell'intelligenza artificiale nella telefonia consentono all'azienda di guardare al futuro con fiducia.<\/p>","protected":false},"author":4,"featured_media":40575,"comment_status":"closed","ping_status":"closed","sticky":false,"template":"","format":"standard","meta":{"_acf_changed":false,"_yoast_wpseo_focuskw":"peoplefone","_yoast_wpseo_metadesc":"Letzten Donnerstag, 11. September 2025, feierte peoplefone zusammen mit Kunden und Partnern sein 20-Jahr-Jubil\u00e4um an der ETH Z\u00fcrich.","articlekey":"","footnotes":""},"categories":[28],"tags":[206,479,492],"class_list":["post-40574","post","type-post","status-publish","format-standard","has-post-thumbnail","hentry","category-management","tag-firmenjubilaeum","tag-telekommunikation","tag-unternehmen"],"acf":[],"yoast_head":"<!-- This site is optimized with the Yoast SEO plugin v27.4 - https:\/\/yoast.com\/product\/yoast-seo-wordpress\/ -->\n<title>peoplefone feiert sein 20-j\u00e4hriges Bestehen - Organisator<\/title>\n<meta name=\"description\" content=\"Letzten Donnerstag, 11. September 2025, feierte peoplefone zusammen mit Kunden und Partnern sein 20-Jahr-Jubil\u00e4um an der ETH Z\u00fcrich.\" \/>\n<meta name=\"robots\" content=\"index, follow, max-snippet:-1, max-image-preview:large, max-video-preview:-1\" \/>\n<link rel=\"canonical\" href=\"https:\/\/www.organisator.ch\/it\/gestione-2\/2025-09-16\/peoplefone-feiert-sein-20-jaehriges-bestehen\/\" \/>\n<meta property=\"og:locale\" content=\"it_IT\" \/>\n<meta property=\"og:type\" content=\"article\" \/>\n<meta property=\"og:title\" content=\"peoplefone feiert sein 20-j\u00e4hriges Bestehen\" \/>\n<meta property=\"og:description\" content=\"Letzten Donnerstag, 11. September 2025, feierte peoplefone zusammen mit Kunden und Partnern sein 20-Jahr-Jubil\u00e4um an der ETH Z\u00fcrich.\" \/>\n<meta property=\"og:url\" content=\"https:\/\/www.organisator.ch\/it\/gestione-2\/2025-09-16\/peoplefone-feiert-sein-20-jaehriges-bestehen\/\" \/>\n<meta property=\"og:site_name\" content=\"Organisator\" \/>\n<meta property=\"article:publisher\" content=\"https:\/\/www.facebook.com\/OrganisatorFachmagazin\" \/>\n<meta property=\"article:published_time\" content=\"2025-09-16T09:04:10+00:00\" \/>\n<meta property=\"og:image\" content=\"https:\/\/www.organisator.ch\/wp-content\/uploads\/2025\/09\/peoplefone-feiert-sein-20-jaehriges-Bestehen_Organisator.png\" \/>\n\t<meta property=\"og:image:width\" content=\"680\" \/>\n\t<meta property=\"og:image:height\" content=\"464\" \/>\n\t<meta property=\"og:image:type\" content=\"image\/png\" \/>\n<meta name=\"author\" content=\"thomas.berner\" \/>\n<meta name=\"twitter:card\" content=\"summary_large_image\" \/>\n<meta name=\"twitter:title\" content=\"#peoplefone feiert sein 20-j\u00e4hriges Bestehen\" \/>\n<meta name=\"twitter:description\" content=\"Letzten Donnerstag, 11. September 2025, feierte #peoplefone zusammen mit Kunden und Partnern sein 20-Jahr-Jubil\u00e4um an der #ETH Z\u00fcrich.\" \/>\n<meta name=\"twitter:image\" content=\"https:\/\/www.organisator.ch\/wp-content\/uploads\/2025\/09\/peoplefone-feiert-sein-20-jaehriges-Bestehen_Organisator.png\" \/>\n<script type=\"application\/ld+json\" class=\"yoast-schema-graph\">{\"@context\":\"https:\\\/\\\/schema.org\",\"@graph\":[{\"@type\":\"Article\",\"@id\":\"https:\\\/\\\/www.organisator.ch\\\/management\\\/2025-09-16\\\/peoplefone-feiert-sein-20-jaehriges-bestehen\\\/#article\",\"isPartOf\":{\"@id\":\"https:\\\/\\\/www.organisator.ch\\\/management\\\/2025-09-16\\\/peoplefone-feiert-sein-20-jaehriges-bestehen\\\/\"},\"author\":{\"name\":\"thomas.berner\",\"@id\":\"https:\\\/\\\/www.organisator.ch\\\/#\\\/schema\\\/person\\\/6f650f90b2842cd4c0cc334b4e36f67e\"},\"headline\":\"peoplefone feiert sein 20-j\u00e4hriges Bestehen\",\"datePublished\":\"2025-09-16T09:04:10+00:00\",\"mainEntityOfPage\":{\"@id\":\"https:\\\/\\\/www.organisator.ch\\\/management\\\/2025-09-16\\\/peoplefone-feiert-sein-20-jaehriges-bestehen\\\/\"},\"wordCount\":435,\"publisher\":{\"@id\":\"https:\\\/\\\/www.organisator.ch\\\/#organization\"},\"image\":{\"@id\":\"https:\\\/\\\/www.organisator.ch\\\/management\\\/2025-09-16\\\/peoplefone-feiert-sein-20-jaehriges-bestehen\\\/#primaryimage\"},\"thumbnailUrl\":\"https:\\\/\\\/www.organisator.ch\\\/wp-content\\\/uploads\\\/2025\\\/09\\\/peoplefone-feiert-sein-20-jaehriges-Bestehen_Organisator.png\",\"keywords\":[\"Firmenjubil\u00e4um\",\"Telekommunikation\",\"Unternehmen\"],\"articleSection\":[\"MANAGEMENT\"],\"inLanguage\":\"it-IT\"},{\"@type\":\"WebPage\",\"@id\":\"https:\\\/\\\/www.organisator.ch\\\/management\\\/2025-09-16\\\/peoplefone-feiert-sein-20-jaehriges-bestehen\\\/\",\"url\":\"https:\\\/\\\/www.organisator.ch\\\/management\\\/2025-09-16\\\/peoplefone-feiert-sein-20-jaehriges-bestehen\\\/\",\"name\":\"peoplefone feiert sein 20-j\u00e4hriges Bestehen - Organisator\",\"isPartOf\":{\"@id\":\"https:\\\/\\\/www.organisator.ch\\\/#website\"},\"primaryImageOfPage\":{\"@id\":\"https:\\\/\\\/www.organisator.ch\\\/management\\\/2025-09-16\\\/peoplefone-feiert-sein-20-jaehriges-bestehen\\\/#primaryimage\"},\"image\":{\"@id\":\"https:\\\/\\\/www.organisator.ch\\\/management\\\/2025-09-16\\\/peoplefone-feiert-sein-20-jaehriges-bestehen\\\/#primaryimage\"},\"thumbnailUrl\":\"https:\\\/\\\/www.organisator.ch\\\/wp-content\\\/uploads\\\/2025\\\/09\\\/peoplefone-feiert-sein-20-jaehriges-Bestehen_Organisator.png\",\"datePublished\":\"2025-09-16T09:04:10+00:00\",\"description\":\"Letzten Donnerstag, 11. September 2025, feierte peoplefone zusammen mit Kunden und Partnern sein 20-Jahr-Jubil\u00e4um an der ETH Z\u00fcrich.\",\"breadcrumb\":{\"@id\":\"https:\\\/\\\/www.organisator.ch\\\/management\\\/2025-09-16\\\/peoplefone-feiert-sein-20-jaehriges-bestehen\\\/#breadcrumb\"},\"inLanguage\":\"it-IT\",\"potentialAction\":[{\"@type\":\"ReadAction\",\"target\":[\"https:\\\/\\\/www.organisator.ch\\\/management\\\/2025-09-16\\\/peoplefone-feiert-sein-20-jaehriges-bestehen\\\/\"]}]},{\"@type\":\"ImageObject\",\"inLanguage\":\"it-IT\",\"@id\":\"https:\\\/\\\/www.organisator.ch\\\/management\\\/2025-09-16\\\/peoplefone-feiert-sein-20-jaehriges-bestehen\\\/#primaryimage\",\"url\":\"https:\\\/\\\/www.organisator.ch\\\/wp-content\\\/uploads\\\/2025\\\/09\\\/peoplefone-feiert-sein-20-jaehriges-Bestehen_Organisator.png\",\"contentUrl\":\"https:\\\/\\\/www.organisator.ch\\\/wp-content\\\/uploads\\\/2025\\\/09\\\/peoplefone-feiert-sein-20-jaehriges-Bestehen_Organisator.png\",\"width\":680,\"height\":464,\"caption\":\"Feierlaune bei peoplefone: Das Telekommunikationsunternehmen blickt auf sein 20-j\u00e4hriges Bestehen zur\u00fcck. (Bild: peoplefone)\"},{\"@type\":\"BreadcrumbList\",\"@id\":\"https:\\\/\\\/www.organisator.ch\\\/management\\\/2025-09-16\\\/peoplefone-feiert-sein-20-jaehriges-bestehen\\\/#breadcrumb\",\"itemListElement\":[{\"@type\":\"ListItem\",\"position\":1,\"name\":\"Home\",\"item\":\"https:\\\/\\\/www.organisator.ch\\\/\"},{\"@type\":\"ListItem\",\"position\":2,\"name\":\"peoplefone feiert sein 20-j\u00e4hriges Bestehen\"}]},{\"@type\":\"WebSite\",\"@id\":\"https:\\\/\\\/www.organisator.ch\\\/#website\",\"url\":\"https:\\\/\\\/www.organisator.ch\\\/\",\"name\":\"Organisator\",\"description\":\"Kompetent. Praxisnah. Der ORGANISATOR bereitet in 10 Ausgaben pro Jahr die wesentlichen Themen f\u00fcr F\u00fchrungskr\u00e4fte von KMU auf.\",\"publisher\":{\"@id\":\"https:\\\/\\\/www.organisator.ch\\\/#organization\"},\"potentialAction\":[{\"@type\":\"SearchAction\",\"target\":{\"@type\":\"EntryPoint\",\"urlTemplate\":\"https:\\\/\\\/www.organisator.ch\\\/?s={search_term_string}\"},\"query-input\":{\"@type\":\"PropertyValueSpecification\",\"valueRequired\":true,\"valueName\":\"search_term_string\"}}],\"inLanguage\":\"it-IT\"},{\"@type\":\"Organization\",\"@id\":\"https:\\\/\\\/www.organisator.ch\\\/#organization\",\"name\":\"Organisator\",\"url\":\"https:\\\/\\\/www.organisator.ch\\\/\",\"logo\":{\"@type\":\"ImageObject\",\"inLanguage\":\"it-IT\",\"@id\":\"https:\\\/\\\/www.organisator.ch\\\/#\\\/schema\\\/logo\\\/image\\\/\",\"url\":\"https:\\\/\\\/www.organisator.ch\\\/wp-content\\\/uploads\\\/2022\\\/01\\\/Logo_Organisator_Website.png\",\"contentUrl\":\"https:\\\/\\\/www.organisator.ch\\\/wp-content\\\/uploads\\\/2022\\\/01\\\/Logo_Organisator_Website.png\",\"width\":800,\"height\":77,\"caption\":\"Organisator\"},\"image\":{\"@id\":\"https:\\\/\\\/www.organisator.ch\\\/#\\\/schema\\\/logo\\\/image\\\/\"},\"sameAs\":[\"https:\\\/\\\/www.facebook.com\\\/OrganisatorFachmagazin\",\"https:\\\/\\\/www.linkedin.com\\\/showcase\\\/organisator-das-magazin-fr-kmu\",\"https:\\\/\\\/www.xing.com\\\/news\\\/pages\\\/organisator-ch-695\",\"https:\\\/\\\/www.youtube.com\\\/channel\\\/UCGP2Sq0iWaZwT3BdIAQFYpw\"]},{\"@type\":\"Person\",\"@id\":\"https:\\\/\\\/www.organisator.ch\\\/#\\\/schema\\\/person\\\/6f650f90b2842cd4c0cc334b4e36f67e\",\"name\":\"thomas.berner\",\"image\":{\"@type\":\"ImageObject\",\"inLanguage\":\"it-IT\",\"@id\":\"https:\\\/\\\/secure.gravatar.com\\\/avatar\\\/ac5001d2a36cb6c6cd3e50789007ffca834b477b74a2144564522e944eabff61?s=96&d=mm&r=g\",\"url\":\"https:\\\/\\\/secure.gravatar.com\\\/avatar\\\/ac5001d2a36cb6c6cd3e50789007ffca834b477b74a2144564522e944eabff61?s=96&d=mm&r=g\",\"contentUrl\":\"https:\\\/\\\/secure.gravatar.com\\\/avatar\\\/ac5001d2a36cb6c6cd3e50789007ffca834b477b74a2144564522e944eabff61?s=96&d=mm&r=g\",\"caption\":\"thomas.berner\"},\"url\":\"https:\\\/\\\/www.organisator.ch\\\/it\\\/author\\\/thomas-berner\\\/\"}]}<\/script>\n<!-- \/ Yoast SEO plugin. -->","yoast_head_json":{"title":"peoplefone festeggia il suo 20\u00b0 anniversario - Organizzatore","description":"Gioved\u00ec scorso, 11 settembre 2025, peoplefone ha festeggiato il suo 20\u00b0 anniversario insieme a clienti e partner presso il Politecnico di Zurigo.","robots":{"index":"index","follow":"follow","max-snippet":"max-snippet:-1","max-image-preview":"max-image-preview:large","max-video-preview":"max-video-preview:-1"},"canonical":"https:\/\/www.organisator.ch\/it\/gestione-2\/2025-09-16\/peoplefone-feiert-sein-20-jaehriges-bestehen\/","og_locale":"it_IT","og_type":"article","og_title":"peoplefone feiert sein 20-j\u00e4hriges Bestehen","og_description":"Letzten Donnerstag, 11. September 2025, feierte peoplefone zusammen mit Kunden und Partnern sein 20-Jahr-Jubil\u00e4um an der ETH Z\u00fcrich.","og_url":"https:\/\/www.organisator.ch\/it\/gestione-2\/2025-09-16\/peoplefone-feiert-sein-20-jaehriges-bestehen\/","og_site_name":"Organisator","article_publisher":"https:\/\/www.facebook.com\/OrganisatorFachmagazin","article_published_time":"2025-09-16T09:04:10+00:00","og_image":[{"width":680,"height":464,"url":"https:\/\/www.organisator.ch\/wp-content\/uploads\/2025\/09\/peoplefone-feiert-sein-20-jaehriges-Bestehen_Organisator.png","type":"image\/png"}],"author":"thomas.berner","twitter_card":"summary_large_image","twitter_title":"#peoplefone feiert sein 20-j\u00e4hriges Bestehen","twitter_description":"Letzten Donnerstag, 11. September 2025, feierte #peoplefone zusammen mit Kunden und Partnern sein 20-Jahr-Jubil\u00e4um an der #ETH Z\u00fcrich.","twitter_image":"https:\/\/www.organisator.ch\/wp-content\/uploads\/2025\/09\/peoplefone-feiert-sein-20-jaehriges-Bestehen_Organisator.png","schema":{"@context":"https:\/\/schema.org","@graph":[{"@type":"Article","@id":"https:\/\/www.organisator.ch\/management\/2025-09-16\/peoplefone-feiert-sein-20-jaehriges-bestehen\/#article","isPartOf":{"@id":"https:\/\/www.organisator.ch\/management\/2025-09-16\/peoplefone-feiert-sein-20-jaehriges-bestehen\/"},"author":{"name":"thomas.berner","@id":"https:\/\/www.organisator.ch\/#\/schema\/person\/6f650f90b2842cd4c0cc334b4e36f67e"},"headline":"peoplefone feiert sein 20-j\u00e4hriges Bestehen","datePublished":"2025-09-16T09:04:10+00:00","mainEntityOfPage":{"@id":"https:\/\/www.organisator.ch\/management\/2025-09-16\/peoplefone-feiert-sein-20-jaehriges-bestehen\/"},"wordCount":435,"publisher":{"@id":"https:\/\/www.organisator.ch\/#organization"},"image":{"@id":"https:\/\/www.organisator.ch\/management\/2025-09-16\/peoplefone-feiert-sein-20-jaehriges-bestehen\/#primaryimage"},"thumbnailUrl":"https:\/\/www.organisator.ch\/wp-content\/uploads\/2025\/09\/peoplefone-feiert-sein-20-jaehriges-Bestehen_Organisator.png","keywords":["Firmenjubil\u00e4um","Telekommunikation","Unternehmen"],"articleSection":["MANAGEMENT"],"inLanguage":"it-IT"},{"@type":"WebPage","@id":"https:\/\/www.organisator.ch\/management\/2025-09-16\/peoplefone-feiert-sein-20-jaehriges-bestehen\/","url":"https:\/\/www.organisator.ch\/management\/2025-09-16\/peoplefone-feiert-sein-20-jaehriges-bestehen\/","name":"peoplefone festeggia il suo 20\u00b0 anniversario - Organizzatore","isPartOf":{"@id":"https:\/\/www.organisator.ch\/#website"},"primaryImageOfPage":{"@id":"https:\/\/www.organisator.ch\/management\/2025-09-16\/peoplefone-feiert-sein-20-jaehriges-bestehen\/#primaryimage"},"image":{"@id":"https:\/\/www.organisator.ch\/management\/2025-09-16\/peoplefone-feiert-sein-20-jaehriges-bestehen\/#primaryimage"},"thumbnailUrl":"https:\/\/www.organisator.ch\/wp-content\/uploads\/2025\/09\/peoplefone-feiert-sein-20-jaehriges-Bestehen_Organisator.png","datePublished":"2025-09-16T09:04:10+00:00","description":"Gioved\u00ec scorso, 11 settembre 2025, peoplefone ha festeggiato il suo 20\u00b0 anniversario insieme a clienti e partner presso il Politecnico di Zurigo.","breadcrumb":{"@id":"https:\/\/www.organisator.ch\/management\/2025-09-16\/peoplefone-feiert-sein-20-jaehriges-bestehen\/#breadcrumb"},"inLanguage":"it-IT","potentialAction":[{"@type":"ReadAction","target":["https:\/\/www.organisator.ch\/management\/2025-09-16\/peoplefone-feiert-sein-20-jaehriges-bestehen\/"]}]},{"@type":"ImageObject","inLanguage":"it-IT","@id":"https:\/\/www.organisator.ch\/management\/2025-09-16\/peoplefone-feiert-sein-20-jaehriges-bestehen\/#primaryimage","url":"https:\/\/www.organisator.ch\/wp-content\/uploads\/2025\/09\/peoplefone-feiert-sein-20-jaehriges-Bestehen_Organisator.png","contentUrl":"https:\/\/www.organisator.ch\/wp-content\/uploads\/2025\/09\/peoplefone-feiert-sein-20-jaehriges-Bestehen_Organisator.png","width":680,"height":464,"caption":"Feierlaune bei peoplefone: Das Telekommunikationsunternehmen blickt auf sein 20-j\u00e4hriges Bestehen zur\u00fcck. (Bild: peoplefone)"},{"@type":"BreadcrumbList","@id":"https:\/\/www.organisator.ch\/management\/2025-09-16\/peoplefone-feiert-sein-20-jaehriges-bestehen\/#breadcrumb","itemListElement":[{"@type":"ListItem","position":1,"name":"Home","item":"https:\/\/www.organisator.ch\/"},{"@type":"ListItem","position":2,"name":"peoplefone feiert sein 20-j\u00e4hriges Bestehen"}]},{"@type":"WebSite","@id":"https:\/\/www.organisator.ch\/#website","url":"https:\/\/www.organisator.ch\/","name":"Organizzatore","description":"Competente. Pratico. In 10 numeri all'anno, ORGANISATOR presenta i temi essenziali per i manager delle PMI.","publisher":{"@id":"https:\/\/www.organisator.ch\/#organization"},"potentialAction":[{"@type":"SearchAction","target":{"@type":"EntryPoint","urlTemplate":"https:\/\/www.organisator.ch\/?s={search_term_string}"},"query-input":{"@type":"PropertyValueSpecification","valueRequired":true,"valueName":"search_term_string"}}],"inLanguage":"it-IT"},{"@type":"Organization","@id":"https:\/\/www.organisator.ch\/#organization","name":"Organizzatore","url":"https:\/\/www.organisator.ch\/","logo":{"@type":"ImageObject","inLanguage":"it-IT","@id":"https:\/\/www.organisator.ch\/#\/schema\/logo\/image\/","url":"https:\/\/www.organisator.ch\/wp-content\/uploads\/2022\/01\/Logo_Organisator_Website.png","contentUrl":"https:\/\/www.organisator.ch\/wp-content\/uploads\/2022\/01\/Logo_Organisator_Website.png","width":800,"height":77,"caption":"Organisator"},"image":{"@id":"https:\/\/www.organisator.ch\/#\/schema\/logo\/image\/"},"sameAs":["https:\/\/www.facebook.com\/OrganisatorFachmagazin","https:\/\/www.linkedin.com\/showcase\/organisator-das-magazin-fr-kmu","https:\/\/www.xing.com\/news\/pages\/organisator-ch-695","https:\/\/www.youtube.com\/channel\/UCGP2Sq0iWaZwT3BdIAQFYpw"]},{"@type":"Person","@id":"https:\/\/www.organisator.ch\/#\/schema\/person\/6f650f90b2842cd4c0cc334b4e36f67e","name":"Tommaso.berner","image":{"@type":"ImageObject","inLanguage":"it-IT","@id":"https:\/\/secure.gravatar.com\/avatar\/ac5001d2a36cb6c6cd3e50789007ffca834b477b74a2144564522e944eabff61?s=96&d=mm&r=g","url":"https:\/\/secure.gravatar.com\/avatar\/ac5001d2a36cb6c6cd3e50789007ffca834b477b74a2144564522e944eabff61?s=96&d=mm&r=g","contentUrl":"https:\/\/secure.gravatar.com\/avatar\/ac5001d2a36cb6c6cd3e50789007ffca834b477b74a2144564522e944eabff61?s=96&d=mm&r=g","caption":"thomas.berner"},"url":"https:\/\/www.organisator.ch\/it\/author\/thomas-berner\/"}]}},"_links":{"self":[{"href":"https:\/\/www.organisator.ch\/it\/wp-json\/wp\/v2\/posts\/40574","targetHints":{"allow":["GET"]}}],"collection":[{"href":"https:\/\/www.organisator.ch\/it\/wp-json\/wp\/v2\/posts"}],"about":[{"href":"https:\/\/www.organisator.ch\/it\/wp-json\/wp\/v2\/types\/post"}],"author":[{"embeddable":true,"href":"https:\/\/www.organisator.ch\/it\/wp-json\/wp\/v2\/users\/4"}],"replies":[{"embeddable":true,"href":"https:\/\/www.organisator.ch\/it\/wp-json\/wp\/v2\/comments?post=40574"}],"version-history":[{"count":3,"href":"https:\/\/www.organisator.ch\/it\/wp-json\/wp\/v2\/posts\/40574\/revisions"}],"predecessor-version":[{"id":40606,"href":"https:\/\/www.organisator.ch\/it\/wp-json\/wp\/v2\/posts\/40574\/revisions\/40606"}],"wp:featuredmedia":[{"embeddable":true,"href":"https:\/\/www.organisator.ch\/it\/wp-json\/wp\/v2\/media\/40575"}],"wp:attachment":[{"href":"https:\/\/www.organisator.ch\/it\/wp-json\/wp\/v2\/media?parent=40574"}],"wp:term":[{"taxonomy":"category","embeddable":true,"href":"https:\/\/www.organisator.ch\/it\/wp-json\/wp\/v2\/categories?post=40574"},{"taxonomy":"post_tag","embeddable":true,"href":"https:\/\/www.organisator.ch\/it\/wp-json\/wp\/v2\/tags?post=40574"}],"curies":[{"name":"wp","href":"https:\/\/api.w.org\/{rel}","templated":true}]}}