{"id":40616,"date":"2025-09-18T08:13:35","date_gmt":"2025-09-18T06:13:35","guid":{"rendered":"https:\/\/www.organisator.ch\/?p=40616"},"modified":"2025-09-18T08:13:35","modified_gmt":"2025-09-18T06:13:35","slug":"kampf-gegen-elektroschrott-und-wegwerfmentalitaet","status":"publish","type":"post","link":"https:\/\/www.organisator.ch\/it\/sustainability\/2025-09-18\/kampf-gegen-elektroschrott-und-wegwerfmentalitaet\/","title":{"rendered":"Lotta ai rifiuti elettronici e alla mentalit\u00e0 dell'usa e getta"},"content":{"rendered":"<figure id=\"attachment_40617\" aria-describedby=\"caption-attachment-40617\" style=\"width: 680px\" class=\"wp-caption alignnone\"><img loading=\"lazy\" decoding=\"async\" class=\"size-full wp-image-40617\" src=\"https:\/\/www.organisator.ch\/wp-content\/uploads\/2025\/09\/Kampf-gegen-Elektroschrott-und-Wegwerfmentalitaet_Organisator.jpg\" alt=\"\" width=\"680\" height=\"495\" srcset=\"https:\/\/www.organisator.ch\/wp-content\/uploads\/2025\/09\/Kampf-gegen-Elektroschrott-und-Wegwerfmentalitaet_Organisator.jpg 680w, https:\/\/www.organisator.ch\/wp-content\/uploads\/2025\/09\/Kampf-gegen-Elektroschrott-und-Wegwerfmentalitaet_Organisator-16x12.jpg 16w, https:\/\/www.organisator.ch\/wp-content\/uploads\/2025\/09\/Kampf-gegen-Elektroschrott-und-Wegwerfmentalitaet_Organisator-375x273.jpg 375w, https:\/\/www.organisator.ch\/wp-content\/uploads\/2025\/09\/Kampf-gegen-Elektroschrott-und-Wegwerfmentalitaet_Organisator-481x350.jpg 481w\" sizes=\"auto, (max-width: 680px) 100vw, 680px\" \/><figcaption id=\"caption-attachment-40617\" class=\"wp-caption-text\">Reto Sachs, CEO di Sachs Printing AG, si \u00e8 dedicato alla lotta contro i rifiuti elettronici. La sua azienda \u00e8 stata quindi accettata nella Ethics Society. (Immagine: zVg \/ Sachs Printing) AG<\/figcaption><\/figure>\n<p>Anche se molti ne parlano: L'ufficio senza carta \u00e8 appena arrivato nella stragrande maggioranza delle aziende. Le piccole e medie imprese hanno decine, a volte centinaia di stampanti in giro e sono ancora molto utilizzate. Dal punto di vista ambientale, le stampanti rappresentano un grosso problema: la loro produzione consuma molte materie prime preziose e in genere vengono smaltite troppo rapidamente e in modo sporco. Sachs Printing AG combatte questo problema da oltre quindici anni. Di conseguenza, l'azienda \u00e8 stata ammessa alla Ethik Society, un riconoscimento per il suo impegno concreto nei confronti dell'ambiente e per i suoi ampi sforzi di sostenibilit\u00e0.<\/p>\n<h3><strong>La Svizzera \u00e8 uno dei maggiori produttori di rifiuti elettronici.<\/strong><\/h3>\n<p>\"Un quartiere di Accra, la capitale del Ghana, ospita la pi\u00f9 grande discarica di rifiuti elettronici di tutta l'Africa. Gran parte di questi rifiuti proviene dall'Europa. I vecchi apparecchi vengono inceneriti l\u00ec. Ci\u00f2 rende Agbogbloshie uno dei luoghi pi\u00f9 tossici al mondo. Circa l'85% dei dispositivi elettronici smaltiti sono perfettamente funzionanti o possono essere riparati. Le stampanti e le fotocopiatrici fanno parte di questo problema dell'abbandono perch\u00e9 vengono sostituite dopo quattro o cinque anni, anche se non \u00e8 necessario. Vale la pena notare che la Svizzera \u00e8 uno dei maggiori produttori di rifiuti elettronici pro capite all'anno. La quantit\u00e0 aumenta ogni anno: una grave conseguenza del nostro mondo sempre pi\u00f9 digitalizzato\", spiega Reto Sachs, fondatore e CEO di Sachs Printing AG. Essendo figlio di un agricoltore, la natura gli sta a cuore, ed \u00e8 per questo che ha deciso di adottare un approccio nuovo e pragmatico come pioniere nel suo settore.<\/p>\n<h3><strong>Piccoli problemi, grande impatto<\/strong><\/h3>\n<p>Con la sua Sachs Printing AG, Sachs offre una soluzione che raddoppia la vita media delle stampanti, ne ottimizza l'uso strategico, riduce il consumo di inchiostro e toner e ne ottimizza l'approvvigionamento. \"Aumentiamo l'efficienza e solleviamo i reparti IT dai fastidiosi problemi delle stampanti, aumentando cos\u00ec i ricavi dei nostri clienti. Ma stiamo anche riducendo il peso sull'ambiente e risolvendo un problema importante\", afferma Sachs. L'imprenditore chiarisce cos\u00ec che la crescita e l'efficienza non sono in contrasto con la sostenibilit\u00e0 e la tutela dell'ambiente.<\/p>\n<h3><strong>Economia ed ecologia non sono in contraddizione<\/strong><\/h3>\n<p>\"Per questo abbiamo accolto la Sachs Printing AG e l'imprenditore Reto Sachs nella Ethik Society e lo abbiamo premiato\", spiega J\u00fcrgen Linsenmaier. J\u00fcrgen Linsenmaier \u00e8 il fondatore della Ethik Society e premia personalit\u00e0 particolarmente impegnate nella sostenibilit\u00e0, nell'economia per il bene comune, nell'etica aziendale e nella compatibilit\u00e0 tra economia ed ecologia. \"Sachs Printing AG \u00e8 un esempio straordinario di come anche cose apparentemente piccole come la stampa possano contribuire a tenere sotto controllo i problemi ambientali e a operare in modo pi\u00f9 sostenibile.\" Ci sono molti modi per rendere un'azienda pi\u00f9 sostenibile, rispettosa dell'ambiente e della societ\u00e0, anche lontano dai grandi fari. \"Di solito sono le cose di tutti i giorni a favorire un'azione pi\u00f9 consapevole dal punto di vista ambientale. Reto Sachs \u00e8 un buon modello per gli altri creando soluzioni\", afferma Linsenmaier.<\/p>\n<h3><strong>Modello di comportamento per gli altri<\/strong><\/h3>\n<p>Sachs Printing AG \u00e8 una delle numerose aziende svizzere membro della Ethik Society. In totale, circa 100 aziende dell'intera regione DACH hanno gi\u00e0 ottenuto l'ambito riconoscimento. Ognuna di esse d\u00e0 il proprio contributo al settore e alla societ\u00e0 di appartenenza e funge da modello per le pratiche commerciali sostenibili e le massime dell'uomo d'affari onesto.<\/p>\n<p><em>Fonti e ulteriori informazioni: <a href=\"http:\/\/www.sachsprinting.ch\/\">www.sachsprinting.ch<\/a> \/\u00a0<a href=\"http:\/\/www.ethik-society.de\/\">www.ethik-society.de<\/a><\/em><\/p>","protected":false},"excerpt":{"rendered":"<p>La Sachs Printing AG di Rotkreuz \u00e8 stata ammessa alla Ethik Society. L'azienda \u00e8 impegnata da anni nella lotta contro i rifiuti elettronici e offre soluzioni per prolungare la vita utile delle stampanti da ufficio.<\/p>","protected":false},"author":4,"featured_media":40617,"comment_status":"closed","ping_status":"closed","sticky":false,"template":"","format":"standard","meta":{"_acf_changed":false,"_yoast_wpseo_focuskw":"Elektroschrott","_yoast_wpseo_metadesc":"Sachs Printing AG engagiert sich seit Jahren im Kampf gegen Elektroschrott und wurde nun in die Ethik Society aufgenommen.","articlekey":"","footnotes":""},"categories":[580],"tags":[66,3512,1041,358,1787],"class_list":["post-40616","post","type-post","status-publish","format-standard","has-post-thumbnail","hentry","category-sustainability","tag-awards","tag-buerogeraete","tag-elektroschrott","tag-nachhaltige-wirtschaft","tag-nachhaltigkeit"],"acf":[],"yoast_head":"<!-- This site is optimized with the Yoast SEO plugin v27.5 - https:\/\/yoast.com\/product\/yoast-seo-wordpress\/ -->\n<title>Kampf gegen Elektroschrott und Wegwerfmentalit\u00e4t - Organisator<\/title>\n<meta name=\"description\" content=\"Sachs Printing AG engagiert sich seit Jahren im Kampf gegen Elektroschrott und wurde nun in die Ethik Society aufgenommen.\" \/>\n<meta name=\"robots\" content=\"index, follow, max-snippet:-1, max-image-preview:large, max-video-preview:-1\" \/>\n<link rel=\"canonical\" href=\"https:\/\/www.organisator.ch\/it\/sostenibilita\/2025-09-18\/kampf-gegen-elektroschrott-und-wegwerfmentalitaet\/\" \/>\n<meta property=\"og:locale\" content=\"it_IT\" \/>\n<meta property=\"og:type\" content=\"article\" \/>\n<meta property=\"og:title\" content=\"Kampf gegen Elektroschrott und Wegwerfmentalit\u00e4t\" \/>\n<meta property=\"og:description\" content=\"Sachs Printing AG engagiert sich seit Jahren im Kampf gegen Elektroschrott und wurde nun in die Ethik Society aufgenommen.\" \/>\n<meta property=\"og:url\" content=\"https:\/\/www.organisator.ch\/it\/sostenibilita\/2025-09-18\/kampf-gegen-elektroschrott-und-wegwerfmentalitaet\/\" \/>\n<meta property=\"og:site_name\" content=\"Organisator\" \/>\n<meta property=\"article:publisher\" content=\"https:\/\/www.facebook.com\/OrganisatorFachmagazin\" \/>\n<meta property=\"article:published_time\" content=\"2025-09-18T06:13:35+00:00\" \/>\n<meta property=\"og:image\" content=\"https:\/\/www.organisator.ch\/wp-content\/uploads\/2025\/09\/Kampf-gegen-Elektroschrott-und-Wegwerfmentalitaet_Organisator.jpg\" \/>\n\t<meta property=\"og:image:width\" content=\"680\" \/>\n\t<meta property=\"og:image:height\" content=\"495\" \/>\n\t<meta property=\"og:image:type\" content=\"image\/jpeg\" \/>\n<meta name=\"author\" content=\"thomas.berner\" \/>\n<meta name=\"twitter:card\" content=\"summary_large_image\" \/>\n<meta name=\"twitter:title\" content=\"Kampf gegen #Elektroschrott und #Wegwerfmentalit\u00e4t\" \/>\n<meta name=\"twitter:description\" content=\"Sachs Printing AG engagiert sich seit Jahren im Kampf gegen #Elektroschrott und wurde nun in die Ethik Society aufgenommen.\" \/>\n<meta name=\"twitter:image\" content=\"https:\/\/www.organisator.ch\/wp-content\/uploads\/2025\/09\/Kampf-gegen-Elektroschrott-und-Wegwerfmentalitaet_Organisator.jpg\" \/>\n<script type=\"application\/ld+json\" class=\"yoast-schema-graph\">{\"@context\":\"https:\\\/\\\/schema.org\",\"@graph\":[{\"@type\":\"Article\",\"@id\":\"https:\\\/\\\/www.organisator.ch\\\/sustainability\\\/2025-09-18\\\/kampf-gegen-elektroschrott-und-wegwerfmentalitaet\\\/#article\",\"isPartOf\":{\"@id\":\"https:\\\/\\\/www.organisator.ch\\\/sustainability\\\/2025-09-18\\\/kampf-gegen-elektroschrott-und-wegwerfmentalitaet\\\/\"},\"author\":{\"name\":\"thomas.berner\",\"@id\":\"https:\\\/\\\/www.organisator.ch\\\/#\\\/schema\\\/person\\\/6f650f90b2842cd4c0cc334b4e36f67e\"},\"headline\":\"Kampf gegen Elektroschrott und Wegwerfmentalit\u00e4t\",\"datePublished\":\"2025-09-18T06:13:35+00:00\",\"mainEntityOfPage\":{\"@id\":\"https:\\\/\\\/www.organisator.ch\\\/sustainability\\\/2025-09-18\\\/kampf-gegen-elektroschrott-und-wegwerfmentalitaet\\\/\"},\"wordCount\":609,\"publisher\":{\"@id\":\"https:\\\/\\\/www.organisator.ch\\\/#organization\"},\"image\":{\"@id\":\"https:\\\/\\\/www.organisator.ch\\\/sustainability\\\/2025-09-18\\\/kampf-gegen-elektroschrott-und-wegwerfmentalitaet\\\/#primaryimage\"},\"thumbnailUrl\":\"https:\\\/\\\/www.organisator.ch\\\/wp-content\\\/uploads\\\/2025\\\/09\\\/Kampf-gegen-Elektroschrott-und-Wegwerfmentalitaet_Organisator.jpg\",\"keywords\":[\"Awards\",\"B\u00fcroger\u00e4te\",\"Elektroschrott\",\"Nachhaltige Wirtschaft\",\"Nachhaltigkeit\"],\"articleSection\":[\"SUSTAINABILITY\"],\"inLanguage\":\"it-IT\"},{\"@type\":\"WebPage\",\"@id\":\"https:\\\/\\\/www.organisator.ch\\\/sustainability\\\/2025-09-18\\\/kampf-gegen-elektroschrott-und-wegwerfmentalitaet\\\/\",\"url\":\"https:\\\/\\\/www.organisator.ch\\\/sustainability\\\/2025-09-18\\\/kampf-gegen-elektroschrott-und-wegwerfmentalitaet\\\/\",\"name\":\"Kampf gegen Elektroschrott und Wegwerfmentalit\u00e4t - Organisator\",\"isPartOf\":{\"@id\":\"https:\\\/\\\/www.organisator.ch\\\/#website\"},\"primaryImageOfPage\":{\"@id\":\"https:\\\/\\\/www.organisator.ch\\\/sustainability\\\/2025-09-18\\\/kampf-gegen-elektroschrott-und-wegwerfmentalitaet\\\/#primaryimage\"},\"image\":{\"@id\":\"https:\\\/\\\/www.organisator.ch\\\/sustainability\\\/2025-09-18\\\/kampf-gegen-elektroschrott-und-wegwerfmentalitaet\\\/#primaryimage\"},\"thumbnailUrl\":\"https:\\\/\\\/www.organisator.ch\\\/wp-content\\\/uploads\\\/2025\\\/09\\\/Kampf-gegen-Elektroschrott-und-Wegwerfmentalitaet_Organisator.jpg\",\"datePublished\":\"2025-09-18T06:13:35+00:00\",\"description\":\"Sachs Printing AG engagiert sich seit Jahren im Kampf gegen Elektroschrott und wurde nun in die Ethik Society aufgenommen.\",\"breadcrumb\":{\"@id\":\"https:\\\/\\\/www.organisator.ch\\\/sustainability\\\/2025-09-18\\\/kampf-gegen-elektroschrott-und-wegwerfmentalitaet\\\/#breadcrumb\"},\"inLanguage\":\"it-IT\",\"potentialAction\":[{\"@type\":\"ReadAction\",\"target\":[\"https:\\\/\\\/www.organisator.ch\\\/sustainability\\\/2025-09-18\\\/kampf-gegen-elektroschrott-und-wegwerfmentalitaet\\\/\"]}]},{\"@type\":\"ImageObject\",\"inLanguage\":\"it-IT\",\"@id\":\"https:\\\/\\\/www.organisator.ch\\\/sustainability\\\/2025-09-18\\\/kampf-gegen-elektroschrott-und-wegwerfmentalitaet\\\/#primaryimage\",\"url\":\"https:\\\/\\\/www.organisator.ch\\\/wp-content\\\/uploads\\\/2025\\\/09\\\/Kampf-gegen-Elektroschrott-und-Wegwerfmentalitaet_Organisator.jpg\",\"contentUrl\":\"https:\\\/\\\/www.organisator.ch\\\/wp-content\\\/uploads\\\/2025\\\/09\\\/Kampf-gegen-Elektroschrott-und-Wegwerfmentalitaet_Organisator.jpg\",\"width\":680,\"height\":495,\"caption\":\"Reto Sachs, CEO der Sachs Printing AG, hat sich dem Kampf gegen Elektroschrott verschrieben und wurde in die Ethik Society aufgenommen. (Bild: zVg \\\/ Sachs Printing) AG\"},{\"@type\":\"BreadcrumbList\",\"@id\":\"https:\\\/\\\/www.organisator.ch\\\/sustainability\\\/2025-09-18\\\/kampf-gegen-elektroschrott-und-wegwerfmentalitaet\\\/#breadcrumb\",\"itemListElement\":[{\"@type\":\"ListItem\",\"position\":1,\"name\":\"Home\",\"item\":\"https:\\\/\\\/www.organisator.ch\\\/\"},{\"@type\":\"ListItem\",\"position\":2,\"name\":\"Kampf gegen Elektroschrott und Wegwerfmentalit\u00e4t\"}]},{\"@type\":\"WebSite\",\"@id\":\"https:\\\/\\\/www.organisator.ch\\\/#website\",\"url\":\"https:\\\/\\\/www.organisator.ch\\\/\",\"name\":\"Organisator\",\"description\":\"Kompetent. Praxisnah. Der ORGANISATOR bereitet in 10 Ausgaben pro Jahr die wesentlichen Themen f\u00fcr F\u00fchrungskr\u00e4fte von KMU auf.\",\"publisher\":{\"@id\":\"https:\\\/\\\/www.organisator.ch\\\/#organization\"},\"potentialAction\":[{\"@type\":\"SearchAction\",\"target\":{\"@type\":\"EntryPoint\",\"urlTemplate\":\"https:\\\/\\\/www.organisator.ch\\\/?s={search_term_string}\"},\"query-input\":{\"@type\":\"PropertyValueSpecification\",\"valueRequired\":true,\"valueName\":\"search_term_string\"}}],\"inLanguage\":\"it-IT\"},{\"@type\":\"Organization\",\"@id\":\"https:\\\/\\\/www.organisator.ch\\\/#organization\",\"name\":\"Organisator\",\"url\":\"https:\\\/\\\/www.organisator.ch\\\/\",\"logo\":{\"@type\":\"ImageObject\",\"inLanguage\":\"it-IT\",\"@id\":\"https:\\\/\\\/www.organisator.ch\\\/#\\\/schema\\\/logo\\\/image\\\/\",\"url\":\"https:\\\/\\\/www.organisator.ch\\\/wp-content\\\/uploads\\\/2022\\\/01\\\/Logo_Organisator_Website.png\",\"contentUrl\":\"https:\\\/\\\/www.organisator.ch\\\/wp-content\\\/uploads\\\/2022\\\/01\\\/Logo_Organisator_Website.png\",\"width\":800,\"height\":77,\"caption\":\"Organisator\"},\"image\":{\"@id\":\"https:\\\/\\\/www.organisator.ch\\\/#\\\/schema\\\/logo\\\/image\\\/\"},\"sameAs\":[\"https:\\\/\\\/www.facebook.com\\\/OrganisatorFachmagazin\",\"https:\\\/\\\/www.linkedin.com\\\/showcase\\\/organisator-das-magazin-fr-kmu\",\"https:\\\/\\\/www.xing.com\\\/news\\\/pages\\\/organisator-ch-695\",\"https:\\\/\\\/www.youtube.com\\\/channel\\\/UCGP2Sq0iWaZwT3BdIAQFYpw\"]},{\"@type\":\"Person\",\"@id\":\"https:\\\/\\\/www.organisator.ch\\\/#\\\/schema\\\/person\\\/6f650f90b2842cd4c0cc334b4e36f67e\",\"name\":\"thomas.berner\",\"image\":{\"@type\":\"ImageObject\",\"inLanguage\":\"it-IT\",\"@id\":\"https:\\\/\\\/secure.gravatar.com\\\/avatar\\\/ac5001d2a36cb6c6cd3e50789007ffca834b477b74a2144564522e944eabff61?s=96&d=mm&r=g\",\"url\":\"https:\\\/\\\/secure.gravatar.com\\\/avatar\\\/ac5001d2a36cb6c6cd3e50789007ffca834b477b74a2144564522e944eabff61?s=96&d=mm&r=g\",\"contentUrl\":\"https:\\\/\\\/secure.gravatar.com\\\/avatar\\\/ac5001d2a36cb6c6cd3e50789007ffca834b477b74a2144564522e944eabff61?s=96&d=mm&r=g\",\"caption\":\"thomas.berner\"},\"url\":\"https:\\\/\\\/www.organisator.ch\\\/it\\\/author\\\/thomas-berner\\\/\"}]}<\/script>\n<!-- \/ Yoast SEO plugin. -->","yoast_head_json":{"title":"Lotta ai rifiuti elettronici e alla mentalit\u00e0 dell'usa e getta - Organizzatore","description":"La Sachs Printing AG \u00e8 impegnata da anni nella lotta contro i rifiuti elettronici e ora \u00e8 stata accettata nella Ethics Society.","robots":{"index":"index","follow":"follow","max-snippet":"max-snippet:-1","max-image-preview":"max-image-preview:large","max-video-preview":"max-video-preview:-1"},"canonical":"https:\/\/www.organisator.ch\/it\/sostenibilita\/2025-09-18\/kampf-gegen-elektroschrott-und-wegwerfmentalitaet\/","og_locale":"it_IT","og_type":"article","og_title":"Kampf gegen Elektroschrott und Wegwerfmentalit\u00e4t","og_description":"Sachs Printing AG engagiert sich seit Jahren im Kampf gegen Elektroschrott und wurde nun in die Ethik Society aufgenommen.","og_url":"https:\/\/www.organisator.ch\/it\/sostenibilita\/2025-09-18\/kampf-gegen-elektroschrott-und-wegwerfmentalitaet\/","og_site_name":"Organisator","article_publisher":"https:\/\/www.facebook.com\/OrganisatorFachmagazin","article_published_time":"2025-09-18T06:13:35+00:00","og_image":[{"width":680,"height":495,"url":"https:\/\/www.organisator.ch\/wp-content\/uploads\/2025\/09\/Kampf-gegen-Elektroschrott-und-Wegwerfmentalitaet_Organisator.jpg","type":"image\/jpeg"}],"author":"thomas.berner","twitter_card":"summary_large_image","twitter_title":"Kampf gegen #Elektroschrott und #Wegwerfmentalit\u00e4t","twitter_description":"Sachs Printing AG engagiert sich seit Jahren im Kampf gegen #Elektroschrott und wurde nun in die Ethik Society aufgenommen.","twitter_image":"https:\/\/www.organisator.ch\/wp-content\/uploads\/2025\/09\/Kampf-gegen-Elektroschrott-und-Wegwerfmentalitaet_Organisator.jpg","schema":{"@context":"https:\/\/schema.org","@graph":[{"@type":"Article","@id":"https:\/\/www.organisator.ch\/sustainability\/2025-09-18\/kampf-gegen-elektroschrott-und-wegwerfmentalitaet\/#article","isPartOf":{"@id":"https:\/\/www.organisator.ch\/sustainability\/2025-09-18\/kampf-gegen-elektroschrott-und-wegwerfmentalitaet\/"},"author":{"name":"thomas.berner","@id":"https:\/\/www.organisator.ch\/#\/schema\/person\/6f650f90b2842cd4c0cc334b4e36f67e"},"headline":"Kampf gegen Elektroschrott und Wegwerfmentalit\u00e4t","datePublished":"2025-09-18T06:13:35+00:00","mainEntityOfPage":{"@id":"https:\/\/www.organisator.ch\/sustainability\/2025-09-18\/kampf-gegen-elektroschrott-und-wegwerfmentalitaet\/"},"wordCount":609,"publisher":{"@id":"https:\/\/www.organisator.ch\/#organization"},"image":{"@id":"https:\/\/www.organisator.ch\/sustainability\/2025-09-18\/kampf-gegen-elektroschrott-und-wegwerfmentalitaet\/#primaryimage"},"thumbnailUrl":"https:\/\/www.organisator.ch\/wp-content\/uploads\/2025\/09\/Kampf-gegen-Elektroschrott-und-Wegwerfmentalitaet_Organisator.jpg","keywords":["Awards","B\u00fcroger\u00e4te","Elektroschrott","Nachhaltige Wirtschaft","Nachhaltigkeit"],"articleSection":["SUSTAINABILITY"],"inLanguage":"it-IT"},{"@type":"WebPage","@id":"https:\/\/www.organisator.ch\/sustainability\/2025-09-18\/kampf-gegen-elektroschrott-und-wegwerfmentalitaet\/","url":"https:\/\/www.organisator.ch\/sustainability\/2025-09-18\/kampf-gegen-elektroschrott-und-wegwerfmentalitaet\/","name":"Lotta ai rifiuti elettronici e alla mentalit\u00e0 dell'usa e getta - Organizzatore","isPartOf":{"@id":"https:\/\/www.organisator.ch\/#website"},"primaryImageOfPage":{"@id":"https:\/\/www.organisator.ch\/sustainability\/2025-09-18\/kampf-gegen-elektroschrott-und-wegwerfmentalitaet\/#primaryimage"},"image":{"@id":"https:\/\/www.organisator.ch\/sustainability\/2025-09-18\/kampf-gegen-elektroschrott-und-wegwerfmentalitaet\/#primaryimage"},"thumbnailUrl":"https:\/\/www.organisator.ch\/wp-content\/uploads\/2025\/09\/Kampf-gegen-Elektroschrott-und-Wegwerfmentalitaet_Organisator.jpg","datePublished":"2025-09-18T06:13:35+00:00","description":"La Sachs Printing AG \u00e8 impegnata da anni nella lotta contro i rifiuti elettronici e ora \u00e8 stata accettata nella Ethics Society.","breadcrumb":{"@id":"https:\/\/www.organisator.ch\/sustainability\/2025-09-18\/kampf-gegen-elektroschrott-und-wegwerfmentalitaet\/#breadcrumb"},"inLanguage":"it-IT","potentialAction":[{"@type":"ReadAction","target":["https:\/\/www.organisator.ch\/sustainability\/2025-09-18\/kampf-gegen-elektroschrott-und-wegwerfmentalitaet\/"]}]},{"@type":"ImageObject","inLanguage":"it-IT","@id":"https:\/\/www.organisator.ch\/sustainability\/2025-09-18\/kampf-gegen-elektroschrott-und-wegwerfmentalitaet\/#primaryimage","url":"https:\/\/www.organisator.ch\/wp-content\/uploads\/2025\/09\/Kampf-gegen-Elektroschrott-und-Wegwerfmentalitaet_Organisator.jpg","contentUrl":"https:\/\/www.organisator.ch\/wp-content\/uploads\/2025\/09\/Kampf-gegen-Elektroschrott-und-Wegwerfmentalitaet_Organisator.jpg","width":680,"height":495,"caption":"Reto Sachs, CEO der Sachs Printing AG, hat sich dem Kampf gegen Elektroschrott verschrieben und wurde in die Ethik Society aufgenommen. (Bild: zVg \/ Sachs Printing) AG"},{"@type":"BreadcrumbList","@id":"https:\/\/www.organisator.ch\/sustainability\/2025-09-18\/kampf-gegen-elektroschrott-und-wegwerfmentalitaet\/#breadcrumb","itemListElement":[{"@type":"ListItem","position":1,"name":"Home","item":"https:\/\/www.organisator.ch\/"},{"@type":"ListItem","position":2,"name":"Kampf gegen Elektroschrott und Wegwerfmentalit\u00e4t"}]},{"@type":"WebSite","@id":"https:\/\/www.organisator.ch\/#website","url":"https:\/\/www.organisator.ch\/","name":"Organizzatore","description":"Competente. Pratico. In 10 numeri all'anno, ORGANISATOR presenta i temi essenziali per i manager delle PMI.","publisher":{"@id":"https:\/\/www.organisator.ch\/#organization"},"potentialAction":[{"@type":"SearchAction","target":{"@type":"EntryPoint","urlTemplate":"https:\/\/www.organisator.ch\/?s={search_term_string}"},"query-input":{"@type":"PropertyValueSpecification","valueRequired":true,"valueName":"search_term_string"}}],"inLanguage":"it-IT"},{"@type":"Organization","@id":"https:\/\/www.organisator.ch\/#organization","name":"Organizzatore","url":"https:\/\/www.organisator.ch\/","logo":{"@type":"ImageObject","inLanguage":"it-IT","@id":"https:\/\/www.organisator.ch\/#\/schema\/logo\/image\/","url":"https:\/\/www.organisator.ch\/wp-content\/uploads\/2022\/01\/Logo_Organisator_Website.png","contentUrl":"https:\/\/www.organisator.ch\/wp-content\/uploads\/2022\/01\/Logo_Organisator_Website.png","width":800,"height":77,"caption":"Organisator"},"image":{"@id":"https:\/\/www.organisator.ch\/#\/schema\/logo\/image\/"},"sameAs":["https:\/\/www.facebook.com\/OrganisatorFachmagazin","https:\/\/www.linkedin.com\/showcase\/organisator-das-magazin-fr-kmu","https:\/\/www.xing.com\/news\/pages\/organisator-ch-695","https:\/\/www.youtube.com\/channel\/UCGP2Sq0iWaZwT3BdIAQFYpw"]},{"@type":"Person","@id":"https:\/\/www.organisator.ch\/#\/schema\/person\/6f650f90b2842cd4c0cc334b4e36f67e","name":"Tommaso.berner","image":{"@type":"ImageObject","inLanguage":"it-IT","@id":"https:\/\/secure.gravatar.com\/avatar\/ac5001d2a36cb6c6cd3e50789007ffca834b477b74a2144564522e944eabff61?s=96&d=mm&r=g","url":"https:\/\/secure.gravatar.com\/avatar\/ac5001d2a36cb6c6cd3e50789007ffca834b477b74a2144564522e944eabff61?s=96&d=mm&r=g","contentUrl":"https:\/\/secure.gravatar.com\/avatar\/ac5001d2a36cb6c6cd3e50789007ffca834b477b74a2144564522e944eabff61?s=96&d=mm&r=g","caption":"thomas.berner"},"url":"https:\/\/www.organisator.ch\/it\/author\/thomas-berner\/"}]}},"_links":{"self":[{"href":"https:\/\/www.organisator.ch\/it\/wp-json\/wp\/v2\/posts\/40616","targetHints":{"allow":["GET"]}}],"collection":[{"href":"https:\/\/www.organisator.ch\/it\/wp-json\/wp\/v2\/posts"}],"about":[{"href":"https:\/\/www.organisator.ch\/it\/wp-json\/wp\/v2\/types\/post"}],"author":[{"embeddable":true,"href":"https:\/\/www.organisator.ch\/it\/wp-json\/wp\/v2\/users\/4"}],"replies":[{"embeddable":true,"href":"https:\/\/www.organisator.ch\/it\/wp-json\/wp\/v2\/comments?post=40616"}],"version-history":[{"count":4,"href":"https:\/\/www.organisator.ch\/it\/wp-json\/wp\/v2\/posts\/40616\/revisions"}],"predecessor-version":[{"id":40652,"href":"https:\/\/www.organisator.ch\/it\/wp-json\/wp\/v2\/posts\/40616\/revisions\/40652"}],"wp:featuredmedia":[{"embeddable":true,"href":"https:\/\/www.organisator.ch\/it\/wp-json\/wp\/v2\/media\/40617"}],"wp:attachment":[{"href":"https:\/\/www.organisator.ch\/it\/wp-json\/wp\/v2\/media?parent=40616"}],"wp:term":[{"taxonomy":"category","embeddable":true,"href":"https:\/\/www.organisator.ch\/it\/wp-json\/wp\/v2\/categories?post=40616"},{"taxonomy":"post_tag","embeddable":true,"href":"https:\/\/www.organisator.ch\/it\/wp-json\/wp\/v2\/tags?post=40616"}],"curies":[{"name":"wp","href":"https:\/\/api.w.org\/{rel}","templated":true}]}}