{"id":40712,"date":"2025-09-25T08:00:44","date_gmt":"2025-09-25T06:00:44","guid":{"rendered":"https:\/\/www.organisator.ch\/?p=40712"},"modified":"2025-09-25T08:00:44","modified_gmt":"2025-09-25T06:00:44","slug":"us-zoelle-mem-kmu-wehren-sich-mit-innovationskraft","status":"publish","type":"post","link":"https:\/\/www.organisator.ch\/it\/management\/2025-09-25\/us-zoelle-mem-kmu-wehren-sich-mit-innovationskraft\/","title":{"rendered":"Dazi USA: le PMI MEM si difendono con la forza dell'innovazione"},"content":{"rendered":"<figure id=\"attachment_40713\" aria-describedby=\"caption-attachment-40713\" style=\"width: 680px\" class=\"wp-caption alignnone\"><img loading=\"lazy\" decoding=\"async\" class=\"size-full wp-image-40713\" src=\"https:\/\/www.organisator.ch\/wp-content\/uploads\/2025\/09\/US-Zoelle-MEM-KMU-wehren-sich-mit-Innovationskraft_Organisator.jpg\" alt=\"\" width=\"680\" height=\"383\" srcset=\"https:\/\/www.organisator.ch\/wp-content\/uploads\/2025\/09\/US-Zoelle-MEM-KMU-wehren-sich-mit-Innovationskraft_Organisator.jpg 680w, https:\/\/www.organisator.ch\/wp-content\/uploads\/2025\/09\/US-Zoelle-MEM-KMU-wehren-sich-mit-Innovationskraft_Organisator-18x10.jpg 18w, https:\/\/www.organisator.ch\/wp-content\/uploads\/2025\/09\/US-Zoelle-MEM-KMU-wehren-sich-mit-Innovationskraft_Organisator-375x211.jpg 375w, https:\/\/www.organisator.ch\/wp-content\/uploads\/2025\/09\/US-Zoelle-MEM-KMU-wehren-sich-mit-Innovationskraft_Organisator-621x350.jpg 621w\" sizes=\"auto, (max-width: 680px) 100vw, 680px\" \/><figcaption id=\"caption-attachment-40713\" class=\"wp-caption-text\">Il mercato statunitense delle esportazioni si sta sgretolando, ma le PMI resistono ai dazi americani con mezzi collaudati. (Immagine: iStrfry , Marcus \/ Unsplash.com)<\/figcaption><\/figure>\n<p>Quasi tre PMI MEM su quattro dipendono direttamente o indirettamente dal mercato statunitense. Il 45% delle aziende intervistate segnala gi\u00e0 un deterioramento della situazione degli ordini.<\/p>\n<h3>Strumenti collaudati<\/h3>\n<p>Nonostante le sfide, le PMI MEM svizzere dimostrano ancora una volta la loro capacit\u00e0 di recupero. Stanno rispondendo in modo rapido e mirato, con una serie di strumenti collaudati: diversificazione, innovazione e aumento dell'efficienza. Le aziende si concentrano in particolare sull'apertura di nuovi mercati (27 %), sulla riduzione dei costi (23 %) e sul lavoro a tempo ridotto (23 %).<\/p>\n<p>\"La situazione \u00e8 grave, ma non disperata\", afferma Erich Sannemann, direttore di Swissmechanic. \"Le nostre aziende hanno gi\u00e0 dimostrato in precedenti crisi di poter rimanere competitive anche sotto pressione grazie al loro pragmatismo e al loro spirito innovativo.\"<\/p>\n<h3>L'innovazione \u00e8 la carta vincente<\/h3>\n<p>La scorsa settimana, l'Organizzazione Mondiale della Propriet\u00e0 Intellettuale ha nuovamente nominato la Svizzera come il Paese con l'economia pi\u00f9 innovativa al mondo nel Global Innovation Index 2025. Le aziende industriali svizzere godono di un'ottima reputazione a livello mondiale come leader tecnologici e, in tempi economicamente difficili, allineano costantemente la loro strategia a questa forza. Questo vale anche per le PMI MEM: le innovazioni di prodotto e lo sviluppo di nuovi mercati sono considerati particolarmente efficaci per rafforzare in modo sostenibile la loro capacit\u00e0 di ripresa, oltre che per migliorare l'efficienza.<\/p>\n<h3>La politica \u00e8 una sfida<\/h3>\n<p>Lo studio dimostra che le PMI MEM sono altamente adattabili e reagiscono rapidamente ai cambiamenti. Swissmechanic vede ora anche un ruolo per la politica: Oltre all'indennit\u00e0 per lavoro ridotto come strumento di crisi collaudato, un migliore accesso al mercato, l'eliminazione degli ostacoli normativi e gli investimenti nell'istruzione e nell'innovazione sono leve fondamentali per rafforzare la competitivit\u00e0.<\/p>\n<p><em>Fonte: <a href=\"http:\/\/www.swissmechanic.ch\">Swissmechanic<\/a><\/em><\/p>","protected":false},"excerpt":{"rendered":"<p>Dopo l'introduzione dei dazi statunitensi del 39% sui prodotti svizzeri nell'agosto 2025, la situazione per le PMI orientate all'esportazione nelle industrie MEM \u00e8 ulteriormente peggiorata. Lo dimostra un nuovo sondaggio condotto da BAK Economics per conto di Swissmechanic: I dazi stanno gi\u00e0 avendo un impatto, ma l'industria non sta a guardare.<\/p>","protected":false},"author":4,"featured_media":40713,"comment_status":"closed","ping_status":"closed","sticky":false,"template":"","format":"standard","meta":{"_acf_changed":false,"_yoast_wpseo_focuskw":"US-Z\u00f6lle","_yoast_wpseo_metadesc":"Seit der Einf\u00fchrung der US-Z\u00f6lle von 39 Prozent auf Schweizer Produkte hat sich die Lage f\u00fcr die exportorientierten MEM-KMU versch\u00e4rft.","articlekey":"","footnotes":""},"categories":[28],"tags":[2994,5467,503,531],"class_list":["post-40712","post","type-post","status-publish","format-standard","has-post-thumbnail","hentry","category-management","tag-exportwirtschaft","tag-us-zoelle","tag-verbaende","tag-wirtschaftspolitik"],"acf":[],"yoast_head":"<!-- This site is optimized with the Yoast SEO plugin v27.5 - https:\/\/yoast.com\/product\/yoast-seo-wordpress\/ -->\n<title>US-Z\u00f6lle: MEM-KMU wehren sich mit Innovationskraft - Organisator<\/title>\n<meta name=\"description\" content=\"Seit der Einf\u00fchrung der US-Z\u00f6lle von 39 Prozent auf Schweizer Produkte hat sich die Lage f\u00fcr die exportorientierten MEM-KMU versch\u00e4rft.\" \/>\n<meta name=\"robots\" content=\"index, follow, max-snippet:-1, max-image-preview:large, max-video-preview:-1\" \/>\n<link rel=\"canonical\" href=\"https:\/\/www.organisator.ch\/it\/gestione-2\/2025-09-25\/us-zoelle-mem-kmu-wehren-sich-mit-innovationskraft\/\" \/>\n<meta property=\"og:locale\" content=\"it_IT\" \/>\n<meta property=\"og:type\" content=\"article\" \/>\n<meta property=\"og:title\" content=\"US-Z\u00f6lle: MEM-KMU wehren sich mit Innovationskraft\" \/>\n<meta property=\"og:description\" content=\"Seit der Einf\u00fchrung der US-Z\u00f6lle von 39 Prozent auf Schweizer Produkte hat sich die Lage f\u00fcr die exportorientierten MEM-KMU versch\u00e4rft.\" \/>\n<meta property=\"og:url\" content=\"https:\/\/www.organisator.ch\/it\/gestione-2\/2025-09-25\/us-zoelle-mem-kmu-wehren-sich-mit-innovationskraft\/\" \/>\n<meta property=\"og:site_name\" content=\"Organisator\" \/>\n<meta property=\"article:publisher\" content=\"https:\/\/www.facebook.com\/OrganisatorFachmagazin\" \/>\n<meta property=\"article:published_time\" content=\"2025-09-25T06:00:44+00:00\" \/>\n<meta property=\"og:image\" content=\"https:\/\/www.organisator.ch\/wp-content\/uploads\/2025\/09\/US-Zoelle-MEM-KMU-wehren-sich-mit-Innovationskraft_Organisator.jpg\" \/>\n\t<meta property=\"og:image:width\" content=\"680\" \/>\n\t<meta property=\"og:image:height\" content=\"383\" \/>\n\t<meta property=\"og:image:type\" content=\"image\/jpeg\" \/>\n<meta name=\"author\" content=\"thomas.berner\" \/>\n<meta name=\"twitter:card\" content=\"summary_large_image\" \/>\n<meta name=\"twitter:title\" content=\"US-Z\u00f6lle: #MEM-KMU wehren sich mit Innovationskraft\" \/>\n<meta name=\"twitter:description\" content=\"Seit der Einf\u00fchrung der #US-Z\u00f6lle von 39 Prozent auf Schweizer Produkte hat sich die Lage f\u00fcr die exportorientierten #MEM-KMU versch\u00e4rft.\" \/>\n<meta name=\"twitter:image\" content=\"https:\/\/www.organisator.ch\/wp-content\/uploads\/2025\/09\/US-Zoelle-MEM-KMU-wehren-sich-mit-Innovationskraft_Organisator.jpg\" \/>\n<script type=\"application\/ld+json\" class=\"yoast-schema-graph\">{\"@context\":\"https:\\\/\\\/schema.org\",\"@graph\":[{\"@type\":\"Article\",\"@id\":\"https:\\\/\\\/www.organisator.ch\\\/management\\\/2025-09-25\\\/us-zoelle-mem-kmu-wehren-sich-mit-innovationskraft\\\/#article\",\"isPartOf\":{\"@id\":\"https:\\\/\\\/www.organisator.ch\\\/management\\\/2025-09-25\\\/us-zoelle-mem-kmu-wehren-sich-mit-innovationskraft\\\/\"},\"author\":{\"name\":\"thomas.berner\",\"@id\":\"https:\\\/\\\/www.organisator.ch\\\/#\\\/schema\\\/person\\\/6f650f90b2842cd4c0cc334b4e36f67e\"},\"headline\":\"US-Z\u00f6lle: MEM-KMU wehren sich mit Innovationskraft\",\"datePublished\":\"2025-09-25T06:00:44+00:00\",\"mainEntityOfPage\":{\"@id\":\"https:\\\/\\\/www.organisator.ch\\\/management\\\/2025-09-25\\\/us-zoelle-mem-kmu-wehren-sich-mit-innovationskraft\\\/\"},\"wordCount\":285,\"publisher\":{\"@id\":\"https:\\\/\\\/www.organisator.ch\\\/#organization\"},\"image\":{\"@id\":\"https:\\\/\\\/www.organisator.ch\\\/management\\\/2025-09-25\\\/us-zoelle-mem-kmu-wehren-sich-mit-innovationskraft\\\/#primaryimage\"},\"thumbnailUrl\":\"https:\\\/\\\/www.organisator.ch\\\/wp-content\\\/uploads\\\/2025\\\/09\\\/US-Zoelle-MEM-KMU-wehren-sich-mit-Innovationskraft_Organisator.jpg\",\"keywords\":[\"Exportwirtschaft\",\"US-Z\u00f6lle\",\"Verb\u00e4nde\",\"Wirtschaftspolitik\"],\"articleSection\":[\"MANAGEMENT\"],\"inLanguage\":\"it-IT\"},{\"@type\":\"WebPage\",\"@id\":\"https:\\\/\\\/www.organisator.ch\\\/management\\\/2025-09-25\\\/us-zoelle-mem-kmu-wehren-sich-mit-innovationskraft\\\/\",\"url\":\"https:\\\/\\\/www.organisator.ch\\\/management\\\/2025-09-25\\\/us-zoelle-mem-kmu-wehren-sich-mit-innovationskraft\\\/\",\"name\":\"US-Z\u00f6lle: MEM-KMU wehren sich mit Innovationskraft - Organisator\",\"isPartOf\":{\"@id\":\"https:\\\/\\\/www.organisator.ch\\\/#website\"},\"primaryImageOfPage\":{\"@id\":\"https:\\\/\\\/www.organisator.ch\\\/management\\\/2025-09-25\\\/us-zoelle-mem-kmu-wehren-sich-mit-innovationskraft\\\/#primaryimage\"},\"image\":{\"@id\":\"https:\\\/\\\/www.organisator.ch\\\/management\\\/2025-09-25\\\/us-zoelle-mem-kmu-wehren-sich-mit-innovationskraft\\\/#primaryimage\"},\"thumbnailUrl\":\"https:\\\/\\\/www.organisator.ch\\\/wp-content\\\/uploads\\\/2025\\\/09\\\/US-Zoelle-MEM-KMU-wehren-sich-mit-Innovationskraft_Organisator.jpg\",\"datePublished\":\"2025-09-25T06:00:44+00:00\",\"description\":\"Seit der Einf\u00fchrung der US-Z\u00f6lle von 39 Prozent auf Schweizer Produkte hat sich die Lage f\u00fcr die exportorientierten MEM-KMU versch\u00e4rft.\",\"breadcrumb\":{\"@id\":\"https:\\\/\\\/www.organisator.ch\\\/management\\\/2025-09-25\\\/us-zoelle-mem-kmu-wehren-sich-mit-innovationskraft\\\/#breadcrumb\"},\"inLanguage\":\"it-IT\",\"potentialAction\":[{\"@type\":\"ReadAction\",\"target\":[\"https:\\\/\\\/www.organisator.ch\\\/management\\\/2025-09-25\\\/us-zoelle-mem-kmu-wehren-sich-mit-innovationskraft\\\/\"]}]},{\"@type\":\"ImageObject\",\"inLanguage\":\"it-IT\",\"@id\":\"https:\\\/\\\/www.organisator.ch\\\/management\\\/2025-09-25\\\/us-zoelle-mem-kmu-wehren-sich-mit-innovationskraft\\\/#primaryimage\",\"url\":\"https:\\\/\\\/www.organisator.ch\\\/wp-content\\\/uploads\\\/2025\\\/09\\\/US-Zoelle-MEM-KMU-wehren-sich-mit-Innovationskraft_Organisator.jpg\",\"contentUrl\":\"https:\\\/\\\/www.organisator.ch\\\/wp-content\\\/uploads\\\/2025\\\/09\\\/US-Zoelle-MEM-KMU-wehren-sich-mit-Innovationskraft_Organisator.jpg\",\"width\":680,\"height\":383,\"caption\":\"Der Exportmarkt USA br\u00f6ckelt, doch KMU stemmen sich mit bew\u00e4hrten Mitteln gegen die US-Z\u00f6lle. (Bild: iStrfry , Marcus \\\/ Unsplash.com)\"},{\"@type\":\"BreadcrumbList\",\"@id\":\"https:\\\/\\\/www.organisator.ch\\\/management\\\/2025-09-25\\\/us-zoelle-mem-kmu-wehren-sich-mit-innovationskraft\\\/#breadcrumb\",\"itemListElement\":[{\"@type\":\"ListItem\",\"position\":1,\"name\":\"Home\",\"item\":\"https:\\\/\\\/www.organisator.ch\\\/\"},{\"@type\":\"ListItem\",\"position\":2,\"name\":\"US-Z\u00f6lle: MEM-KMU wehren sich mit Innovationskraft\"}]},{\"@type\":\"WebSite\",\"@id\":\"https:\\\/\\\/www.organisator.ch\\\/#website\",\"url\":\"https:\\\/\\\/www.organisator.ch\\\/\",\"name\":\"Organisator\",\"description\":\"Kompetent. Praxisnah. Der ORGANISATOR bereitet in 10 Ausgaben pro Jahr die wesentlichen Themen f\u00fcr F\u00fchrungskr\u00e4fte von KMU auf.\",\"publisher\":{\"@id\":\"https:\\\/\\\/www.organisator.ch\\\/#organization\"},\"potentialAction\":[{\"@type\":\"SearchAction\",\"target\":{\"@type\":\"EntryPoint\",\"urlTemplate\":\"https:\\\/\\\/www.organisator.ch\\\/?s={search_term_string}\"},\"query-input\":{\"@type\":\"PropertyValueSpecification\",\"valueRequired\":true,\"valueName\":\"search_term_string\"}}],\"inLanguage\":\"it-IT\"},{\"@type\":\"Organization\",\"@id\":\"https:\\\/\\\/www.organisator.ch\\\/#organization\",\"name\":\"Organisator\",\"url\":\"https:\\\/\\\/www.organisator.ch\\\/\",\"logo\":{\"@type\":\"ImageObject\",\"inLanguage\":\"it-IT\",\"@id\":\"https:\\\/\\\/www.organisator.ch\\\/#\\\/schema\\\/logo\\\/image\\\/\",\"url\":\"https:\\\/\\\/www.organisator.ch\\\/wp-content\\\/uploads\\\/2022\\\/01\\\/Logo_Organisator_Website.png\",\"contentUrl\":\"https:\\\/\\\/www.organisator.ch\\\/wp-content\\\/uploads\\\/2022\\\/01\\\/Logo_Organisator_Website.png\",\"width\":800,\"height\":77,\"caption\":\"Organisator\"},\"image\":{\"@id\":\"https:\\\/\\\/www.organisator.ch\\\/#\\\/schema\\\/logo\\\/image\\\/\"},\"sameAs\":[\"https:\\\/\\\/www.facebook.com\\\/OrganisatorFachmagazin\",\"https:\\\/\\\/www.linkedin.com\\\/showcase\\\/organisator-das-magazin-fr-kmu\",\"https:\\\/\\\/www.xing.com\\\/news\\\/pages\\\/organisator-ch-695\",\"https:\\\/\\\/www.youtube.com\\\/channel\\\/UCGP2Sq0iWaZwT3BdIAQFYpw\"]},{\"@type\":\"Person\",\"@id\":\"https:\\\/\\\/www.organisator.ch\\\/#\\\/schema\\\/person\\\/6f650f90b2842cd4c0cc334b4e36f67e\",\"name\":\"thomas.berner\",\"image\":{\"@type\":\"ImageObject\",\"inLanguage\":\"it-IT\",\"@id\":\"https:\\\/\\\/secure.gravatar.com\\\/avatar\\\/ac5001d2a36cb6c6cd3e50789007ffca834b477b74a2144564522e944eabff61?s=96&d=mm&r=g\",\"url\":\"https:\\\/\\\/secure.gravatar.com\\\/avatar\\\/ac5001d2a36cb6c6cd3e50789007ffca834b477b74a2144564522e944eabff61?s=96&d=mm&r=g\",\"contentUrl\":\"https:\\\/\\\/secure.gravatar.com\\\/avatar\\\/ac5001d2a36cb6c6cd3e50789007ffca834b477b74a2144564522e944eabff61?s=96&d=mm&r=g\",\"caption\":\"thomas.berner\"},\"url\":\"https:\\\/\\\/www.organisator.ch\\\/it\\\/author\\\/thomas-berner\\\/\"}]}<\/script>\n<!-- \/ Yoast SEO plugin. -->","yoast_head_json":{"title":"Dazi USA: le PMI MEM si difendono con la forza innovativa - Organizzatore","description":"Dall'introduzione dei dazi statunitensi del 39% sui prodotti svizzeri, la situazione per le PMI MEM orientate all'esportazione \u00e8 peggiorata.","robots":{"index":"index","follow":"follow","max-snippet":"max-snippet:-1","max-image-preview":"max-image-preview:large","max-video-preview":"max-video-preview:-1"},"canonical":"https:\/\/www.organisator.ch\/it\/gestione-2\/2025-09-25\/us-zoelle-mem-kmu-wehren-sich-mit-innovationskraft\/","og_locale":"it_IT","og_type":"article","og_title":"US-Z\u00f6lle: MEM-KMU wehren sich mit Innovationskraft","og_description":"Seit der Einf\u00fchrung der US-Z\u00f6lle von 39 Prozent auf Schweizer Produkte hat sich die Lage f\u00fcr die exportorientierten MEM-KMU versch\u00e4rft.","og_url":"https:\/\/www.organisator.ch\/it\/gestione-2\/2025-09-25\/us-zoelle-mem-kmu-wehren-sich-mit-innovationskraft\/","og_site_name":"Organisator","article_publisher":"https:\/\/www.facebook.com\/OrganisatorFachmagazin","article_published_time":"2025-09-25T06:00:44+00:00","og_image":[{"width":680,"height":383,"url":"https:\/\/www.organisator.ch\/wp-content\/uploads\/2025\/09\/US-Zoelle-MEM-KMU-wehren-sich-mit-Innovationskraft_Organisator.jpg","type":"image\/jpeg"}],"author":"thomas.berner","twitter_card":"summary_large_image","twitter_title":"US-Z\u00f6lle: #MEM-KMU wehren sich mit Innovationskraft","twitter_description":"Seit der Einf\u00fchrung der #US-Z\u00f6lle von 39 Prozent auf Schweizer Produkte hat sich die Lage f\u00fcr die exportorientierten #MEM-KMU versch\u00e4rft.","twitter_image":"https:\/\/www.organisator.ch\/wp-content\/uploads\/2025\/09\/US-Zoelle-MEM-KMU-wehren-sich-mit-Innovationskraft_Organisator.jpg","schema":{"@context":"https:\/\/schema.org","@graph":[{"@type":"Article","@id":"https:\/\/www.organisator.ch\/management\/2025-09-25\/us-zoelle-mem-kmu-wehren-sich-mit-innovationskraft\/#article","isPartOf":{"@id":"https:\/\/www.organisator.ch\/management\/2025-09-25\/us-zoelle-mem-kmu-wehren-sich-mit-innovationskraft\/"},"author":{"name":"thomas.berner","@id":"https:\/\/www.organisator.ch\/#\/schema\/person\/6f650f90b2842cd4c0cc334b4e36f67e"},"headline":"US-Z\u00f6lle: MEM-KMU wehren sich mit Innovationskraft","datePublished":"2025-09-25T06:00:44+00:00","mainEntityOfPage":{"@id":"https:\/\/www.organisator.ch\/management\/2025-09-25\/us-zoelle-mem-kmu-wehren-sich-mit-innovationskraft\/"},"wordCount":285,"publisher":{"@id":"https:\/\/www.organisator.ch\/#organization"},"image":{"@id":"https:\/\/www.organisator.ch\/management\/2025-09-25\/us-zoelle-mem-kmu-wehren-sich-mit-innovationskraft\/#primaryimage"},"thumbnailUrl":"https:\/\/www.organisator.ch\/wp-content\/uploads\/2025\/09\/US-Zoelle-MEM-KMU-wehren-sich-mit-Innovationskraft_Organisator.jpg","keywords":["Exportwirtschaft","US-Z\u00f6lle","Verb\u00e4nde","Wirtschaftspolitik"],"articleSection":["MANAGEMENT"],"inLanguage":"it-IT"},{"@type":"WebPage","@id":"https:\/\/www.organisator.ch\/management\/2025-09-25\/us-zoelle-mem-kmu-wehren-sich-mit-innovationskraft\/","url":"https:\/\/www.organisator.ch\/management\/2025-09-25\/us-zoelle-mem-kmu-wehren-sich-mit-innovationskraft\/","name":"Dazi USA: le PMI MEM si difendono con la forza innovativa - Organizzatore","isPartOf":{"@id":"https:\/\/www.organisator.ch\/#website"},"primaryImageOfPage":{"@id":"https:\/\/www.organisator.ch\/management\/2025-09-25\/us-zoelle-mem-kmu-wehren-sich-mit-innovationskraft\/#primaryimage"},"image":{"@id":"https:\/\/www.organisator.ch\/management\/2025-09-25\/us-zoelle-mem-kmu-wehren-sich-mit-innovationskraft\/#primaryimage"},"thumbnailUrl":"https:\/\/www.organisator.ch\/wp-content\/uploads\/2025\/09\/US-Zoelle-MEM-KMU-wehren-sich-mit-Innovationskraft_Organisator.jpg","datePublished":"2025-09-25T06:00:44+00:00","description":"Dall'introduzione dei dazi statunitensi del 39% sui prodotti svizzeri, la situazione per le PMI MEM orientate all'esportazione \u00e8 peggiorata.","breadcrumb":{"@id":"https:\/\/www.organisator.ch\/management\/2025-09-25\/us-zoelle-mem-kmu-wehren-sich-mit-innovationskraft\/#breadcrumb"},"inLanguage":"it-IT","potentialAction":[{"@type":"ReadAction","target":["https:\/\/www.organisator.ch\/management\/2025-09-25\/us-zoelle-mem-kmu-wehren-sich-mit-innovationskraft\/"]}]},{"@type":"ImageObject","inLanguage":"it-IT","@id":"https:\/\/www.organisator.ch\/management\/2025-09-25\/us-zoelle-mem-kmu-wehren-sich-mit-innovationskraft\/#primaryimage","url":"https:\/\/www.organisator.ch\/wp-content\/uploads\/2025\/09\/US-Zoelle-MEM-KMU-wehren-sich-mit-Innovationskraft_Organisator.jpg","contentUrl":"https:\/\/www.organisator.ch\/wp-content\/uploads\/2025\/09\/US-Zoelle-MEM-KMU-wehren-sich-mit-Innovationskraft_Organisator.jpg","width":680,"height":383,"caption":"Der Exportmarkt USA br\u00f6ckelt, doch KMU stemmen sich mit bew\u00e4hrten Mitteln gegen die US-Z\u00f6lle. (Bild: iStrfry , Marcus \/ Unsplash.com)"},{"@type":"BreadcrumbList","@id":"https:\/\/www.organisator.ch\/management\/2025-09-25\/us-zoelle-mem-kmu-wehren-sich-mit-innovationskraft\/#breadcrumb","itemListElement":[{"@type":"ListItem","position":1,"name":"Home","item":"https:\/\/www.organisator.ch\/"},{"@type":"ListItem","position":2,"name":"US-Z\u00f6lle: MEM-KMU wehren sich mit Innovationskraft"}]},{"@type":"WebSite","@id":"https:\/\/www.organisator.ch\/#website","url":"https:\/\/www.organisator.ch\/","name":"Organizzatore","description":"Competente. Pratico. In 10 numeri all'anno, ORGANISATOR presenta i temi essenziali per i manager delle PMI.","publisher":{"@id":"https:\/\/www.organisator.ch\/#organization"},"potentialAction":[{"@type":"SearchAction","target":{"@type":"EntryPoint","urlTemplate":"https:\/\/www.organisator.ch\/?s={search_term_string}"},"query-input":{"@type":"PropertyValueSpecification","valueRequired":true,"valueName":"search_term_string"}}],"inLanguage":"it-IT"},{"@type":"Organization","@id":"https:\/\/www.organisator.ch\/#organization","name":"Organizzatore","url":"https:\/\/www.organisator.ch\/","logo":{"@type":"ImageObject","inLanguage":"it-IT","@id":"https:\/\/www.organisator.ch\/#\/schema\/logo\/image\/","url":"https:\/\/www.organisator.ch\/wp-content\/uploads\/2022\/01\/Logo_Organisator_Website.png","contentUrl":"https:\/\/www.organisator.ch\/wp-content\/uploads\/2022\/01\/Logo_Organisator_Website.png","width":800,"height":77,"caption":"Organisator"},"image":{"@id":"https:\/\/www.organisator.ch\/#\/schema\/logo\/image\/"},"sameAs":["https:\/\/www.facebook.com\/OrganisatorFachmagazin","https:\/\/www.linkedin.com\/showcase\/organisator-das-magazin-fr-kmu","https:\/\/www.xing.com\/news\/pages\/organisator-ch-695","https:\/\/www.youtube.com\/channel\/UCGP2Sq0iWaZwT3BdIAQFYpw"]},{"@type":"Person","@id":"https:\/\/www.organisator.ch\/#\/schema\/person\/6f650f90b2842cd4c0cc334b4e36f67e","name":"Tommaso.berner","image":{"@type":"ImageObject","inLanguage":"it-IT","@id":"https:\/\/secure.gravatar.com\/avatar\/ac5001d2a36cb6c6cd3e50789007ffca834b477b74a2144564522e944eabff61?s=96&d=mm&r=g","url":"https:\/\/secure.gravatar.com\/avatar\/ac5001d2a36cb6c6cd3e50789007ffca834b477b74a2144564522e944eabff61?s=96&d=mm&r=g","contentUrl":"https:\/\/secure.gravatar.com\/avatar\/ac5001d2a36cb6c6cd3e50789007ffca834b477b74a2144564522e944eabff61?s=96&d=mm&r=g","caption":"thomas.berner"},"url":"https:\/\/www.organisator.ch\/it\/author\/thomas-berner\/"}]}},"_links":{"self":[{"href":"https:\/\/www.organisator.ch\/it\/wp-json\/wp\/v2\/posts\/40712","targetHints":{"allow":["GET"]}}],"collection":[{"href":"https:\/\/www.organisator.ch\/it\/wp-json\/wp\/v2\/posts"}],"about":[{"href":"https:\/\/www.organisator.ch\/it\/wp-json\/wp\/v2\/types\/post"}],"author":[{"embeddable":true,"href":"https:\/\/www.organisator.ch\/it\/wp-json\/wp\/v2\/users\/4"}],"replies":[{"embeddable":true,"href":"https:\/\/www.organisator.ch\/it\/wp-json\/wp\/v2\/comments?post=40712"}],"version-history":[{"count":3,"href":"https:\/\/www.organisator.ch\/it\/wp-json\/wp\/v2\/posts\/40712\/revisions"}],"predecessor-version":[{"id":40768,"href":"https:\/\/www.organisator.ch\/it\/wp-json\/wp\/v2\/posts\/40712\/revisions\/40768"}],"wp:featuredmedia":[{"embeddable":true,"href":"https:\/\/www.organisator.ch\/it\/wp-json\/wp\/v2\/media\/40713"}],"wp:attachment":[{"href":"https:\/\/www.organisator.ch\/it\/wp-json\/wp\/v2\/media?parent=40712"}],"wp:term":[{"taxonomy":"category","embeddable":true,"href":"https:\/\/www.organisator.ch\/it\/wp-json\/wp\/v2\/categories?post=40712"},{"taxonomy":"post_tag","embeddable":true,"href":"https:\/\/www.organisator.ch\/it\/wp-json\/wp\/v2\/tags?post=40712"}],"curies":[{"name":"wp","href":"https:\/\/api.w.org\/{rel}","templated":true}]}}