{"id":40715,"date":"2025-09-25T13:26:49","date_gmt":"2025-09-25T11:26:49","guid":{"rendered":"https:\/\/www.m-q.ch\/?p=22004"},"modified":"2025-09-25T13:24:17","modified_gmt":"2025-09-25T11:24:17","slug":"buerodrucker-die-unterschaetzte-cyberbedrohung","status":"publish","type":"post","link":"https:\/\/www.organisator.ch\/it\/operational-excellence\/2025-09-25\/buerodrucker-die-unterschaetzte-cyberbedrohung\/","title":{"rendered":"Stampanti da ufficio: la minaccia informatica sottovalutata"},"content":{"rendered":"<figure id=\"attachment_22005\" class=\"wp-caption alignnone\" style=\"width: 680px;\" aria-describedby=\"caption-attachment-22005\"><img class=\"size-full wp-image-22005\" src=\"https:\/\/www.m-q.ch\/wp-content\/uploads\/2025\/09\/Buerodrucker-Die-Unterschaetzte-Cyberbedrohung_MQ.jpg\" sizes=\"(max-width: 680px) 100vw, 680px\" srcset=\"https:\/\/www.m-q.ch\/wp-content\/uploads\/2025\/09\/Buerodrucker-Die-Unterschaetzte-Cyberbedrohung_MQ.jpg 680w, https:\/\/www.m-q.ch\/wp-content\/uploads\/2025\/09\/Buerodrucker-Die-Unterschaetzte-Cyberbedrohung_MQ-18x12.jpg 18w, https:\/\/www.m-q.ch\/wp-content\/uploads\/2025\/09\/Buerodrucker-Die-Unterschaetzte-Cyberbedrohung_MQ-375x233.jpg 375w, https:\/\/www.m-q.ch\/wp-content\/uploads\/2025\/09\/Buerodrucker-Die-Unterschaetzte-Cyberbedrohung_MQ-563x350.jpg 563w\" alt=\"\" width=\"680\" height=\"423\" \/>\r\n<figcaption id=\"caption-attachment-22005\" class=\"wp-caption-text\">Sicurezza delle stampanti: i dipendenti devono essere sensibilizzati ancora di pi\u00f9. (Immagine: Sharp)<\/figcaption>\r\n<\/figure>\r\n<p>Le stampanti non protette continuano a rappresentare una minaccia informatica spesso sottovalutata per le PMI svizzere, secondo i risultati di un'indagine condotta da Sharp. Secondo l'indagine, il 44% dei 1001 dipendenti intervistati delle piccole e medie imprese svizzere (PMI) ha dichiarato che nella propria azienda non vengono implementate misure di sicurezza informatica specifiche per le stampanti. In un mondo in cui gli attacchi informatici sono diventati quasi comuni, questa negligenza in relazione alle stampanti rappresenta un grave rischio per la sicurezza.<\/p>\r\n<h3>La mancanza di comprensione porta a una protezione inadeguata<\/h3>\r\n<p>Il problema non \u00e8 tanto il dispositivo in s\u00e9, che pu\u00f2 essere protetto dagli attacchi esterni con poche impostazioni tecniche di base. Piuttosto, spesso manca la comprensione di base: la maggior parte degli impiegati non \u00e8 ancora sufficientemente consapevole del fatto che una stampante \u00e8 dotata di un proprio disco rigido e di numerose interfacce di rete e pu\u00f2 essere effettivamente violata. Secondo il sondaggio, solo il 15% degli intervistati associa le stampanti dell'ufficio al tema della sicurezza informatica.<\/p>\r\n<p>L'argomento rimane inoltre largamente assente dai corsi di formazione sulla sicurezza informatica: Solo il 19% dei dipendenti ha dichiarato di essere stato messo al corrente dei potenziali rischi informatici derivanti da stampanti non protette durante la formazione.<\/p>\r\n<p>Non sorprende quindi che molti dipendenti non pensino quasi mai alla stampante dell'ufficio nel loro lavoro quotidiano, n\u00e9 tanto meno all'uso che ne fanno: il 33% degli intervistati, ad esempio, stampa i file inviati via e-mail da casa sulle stampanti aziendali in ufficio, dove vengono lasciati incustoditi nel vassoio di uscita per lunghi periodi di tempo. Il 27% utilizza chiavette USB private a questo scopo senza essere consapevole dei rischi di sicurezza associati e solo il 21% riconosce che le stampe incustodite nel vassoio di uscita di una stampante potrebbero rappresentare un rischio per la protezione dei dati.<\/p>\r\n<h3>Sensibilizzazione e precauzioni tecniche<\/h3>\r\n<p>\"Le stampanti non sono quasi mai percepite come un rischio per la sicurezza nella vita lavorativa di tutti i giorni e sono quindi spesso protette in modo inadeguato, cosa che i criminali informatici sfruttano. Tuttavia, la sicurezza delle stampanti non \u00e8 una scienza missilistica: le aziende dovrebbero effettuare le necessarie configurazioni di sicurezza, mantenere aggiornati i software degli scanner e delle stampanti ed eseguire regolarmente i back-up - questo fornisce gi\u00e0 una solida protezione di base\", afferma Fran\u00e7ois M\u00fcller, COO di Sharp Electronics Svizzera.<\/p>\r\n<p>\"Le aziende dovrebbero inoltre introdurre standard di sicurezza uniformi per i team ibridi e sensibilizzare i dipendenti sulle questioni di sicurezza legate ai multifunzione\", continua Fran\u00e7ois M\u00fcller. Ad esempio, \u00e8 necessario assicurarsi che le stampe e le copie riservate non vengano lasciate incustodite nel vassoio di uscita dell'MFP o smaltite in modo non sicuro\". Oltre alla mancanza di precauzioni tecniche, spesso sono le presunte banalit\u00e0 ad aumentare significativamente il rischio di perdita di dati o di uso improprio da parte di persone non autorizzate. La consulenza di un esperto pu\u00f2 fornire un ulteriore supporto nella progettazione di una strategia di sicurezza olistica e nella riduzione del rischio di perdita dei dati.\"<\/p>\r\n<p><em>Fonte: <a href=\"http:\/\/www.sharp.ch\/\">Sharp<\/a><\/em><\/p>\n<p class=\"syndicated-attribution\">Questo articolo \u00e8 apparso originariamente su m-q.ch - <a href=\"https:\/\/www.m-q.ch\/de\/buerodrucker-die-unterschaetzte-cyberbedrohung\/\" target=\"_blank\">https:\/\/www.m-q.ch\/de\/buerodrucker-die-unterschaetzte-cyberbedrohung\/<\/a><\/p>","protected":false},"excerpt":{"rendered":"<p>La mancanza di consapevolezza dei rischi delle stampanti non protette e la mancanza o l'inadeguatezza della formazione dei dipendenti rendono le aziende vulnerabili agli attacchi informatici.<\/p>","protected":false},"author":8,"featured_media":0,"comment_status":"closed","ping_status":"closed","sticky":false,"template":"","format":"standard","meta":{"_acf_changed":false,"_yoast_wpseo_focuskw":"B\u00fcrodrucker","_yoast_wpseo_metadesc":"Die Gefahr lauert im B\u00fcrodrucker: Die Risiken von ungesicherten Druckern machen Unternehmen anf\u00e4llig f\u00fcr Cyberattacken.","articlekey":"","footnotes":""},"categories":[582],"tags":[608,3581,418,459],"class_list":["post-40715","post","type-post","status-publish","format-standard","hentry","category-operational-excellence","tag-cybersicherheit","tag-drucker","tag-risikomanagement","tag-studie"],"acf":[],"yoast_head":"<!-- This site is optimized with the Yoast SEO plugin v27.5 - https:\/\/yoast.com\/product\/yoast-seo-wordpress\/ -->\n<title>B\u00fcrodrucker: Die untersch\u00e4tzte Cyberbedrohung - Organisator<\/title>\n<meta name=\"description\" content=\"Die Gefahr lauert im B\u00fcrodrucker: Die Risiken von ungesicherten Druckern machen Unternehmen anf\u00e4llig f\u00fcr Cyberattacken.\" \/>\n<meta name=\"robots\" content=\"index, follow, max-snippet:-1, max-image-preview:large, max-video-preview:-1\" \/>\n<link rel=\"canonical\" href=\"https:\/\/www.organisator.ch\/it\/eccellenza-operativa\/2025-09-25\/buerodrucker-die-unterschaetzte-cyberbedrohung\/\" \/>\n<meta property=\"og:locale\" content=\"it_IT\" \/>\n<meta property=\"og:type\" content=\"article\" \/>\n<meta property=\"og:title\" content=\"B\u00fcrodrucker: Die untersch\u00e4tzte Cyberbedrohung - Organisator\" \/>\n<meta property=\"og:description\" content=\"Die Gefahr lauert im B\u00fcrodrucker: Die Risiken von ungesicherten Druckern machen Unternehmen anf\u00e4llig f\u00fcr Cyberattacken.\" \/>\n<meta property=\"og:url\" content=\"https:\/\/www.organisator.ch\/it\/eccellenza-operativa\/2025-09-25\/buerodrucker-die-unterschaetzte-cyberbedrohung\/\" \/>\n<meta property=\"og:site_name\" content=\"Organisator\" \/>\n<meta property=\"article:publisher\" content=\"https:\/\/www.facebook.com\/OrganisatorFachmagazin\" \/>\n<meta property=\"article:published_time\" content=\"2025-09-25T11:26:49+00:00\" \/>\n<meta name=\"author\" content=\"galledia\" \/>\n<meta name=\"twitter:card\" content=\"summary_large_image\" \/>\n<meta name=\"twitter:creator\" content=\"@admin\" \/>\n<script type=\"application\/ld+json\" class=\"yoast-schema-graph\">{\"@context\":\"https:\\\/\\\/schema.org\",\"@graph\":[{\"@type\":\"Article\",\"@id\":\"https:\\\/\\\/www.organisator.ch\\\/operational-excellence\\\/2025-09-25\\\/buerodrucker-die-unterschaetzte-cyberbedrohung\\\/#article\",\"isPartOf\":{\"@id\":\"https:\\\/\\\/www.organisator.ch\\\/operational-excellence\\\/2025-09-25\\\/buerodrucker-die-unterschaetzte-cyberbedrohung\\\/\"},\"author\":{\"name\":\"galledia\",\"@id\":\"https:\\\/\\\/www.organisator.ch\\\/#\\\/schema\\\/person\\\/4e51799071cd2dd1232ac003643ef5f0\"},\"headline\":\"B\u00fcrodrucker: Die untersch\u00e4tzte Cyberbedrohung\",\"datePublished\":\"2025-09-25T11:26:49+00:00\",\"mainEntityOfPage\":{\"@id\":\"https:\\\/\\\/www.organisator.ch\\\/operational-excellence\\\/2025-09-25\\\/buerodrucker-die-unterschaetzte-cyberbedrohung\\\/\"},\"wordCount\":470,\"publisher\":{\"@id\":\"https:\\\/\\\/www.organisator.ch\\\/#organization\"},\"image\":{\"@id\":\"https:\\\/\\\/www.organisator.ch\\\/operational-excellence\\\/2025-09-25\\\/buerodrucker-die-unterschaetzte-cyberbedrohung\\\/#primaryimage\"},\"thumbnailUrl\":\"https:\\\/\\\/www.m-q.ch\\\/wp-content\\\/uploads\\\/2025\\\/09\\\/Buerodrucker-Die-Unterschaetzte-Cyberbedrohung_MQ.jpg\",\"keywords\":[\"Cybersicherheit\",\"Drucker\",\"Risikomanagement\",\"Studie\"],\"articleSection\":[\"OPERATIONAL EXCELLENCE\"],\"inLanguage\":\"it-IT\"},{\"@type\":\"WebPage\",\"@id\":\"https:\\\/\\\/www.organisator.ch\\\/operational-excellence\\\/2025-09-25\\\/buerodrucker-die-unterschaetzte-cyberbedrohung\\\/\",\"url\":\"https:\\\/\\\/www.organisator.ch\\\/operational-excellence\\\/2025-09-25\\\/buerodrucker-die-unterschaetzte-cyberbedrohung\\\/\",\"name\":\"B\u00fcrodrucker: Die untersch\u00e4tzte Cyberbedrohung - Organisator\",\"isPartOf\":{\"@id\":\"https:\\\/\\\/www.organisator.ch\\\/#website\"},\"primaryImageOfPage\":{\"@id\":\"https:\\\/\\\/www.organisator.ch\\\/operational-excellence\\\/2025-09-25\\\/buerodrucker-die-unterschaetzte-cyberbedrohung\\\/#primaryimage\"},\"image\":{\"@id\":\"https:\\\/\\\/www.organisator.ch\\\/operational-excellence\\\/2025-09-25\\\/buerodrucker-die-unterschaetzte-cyberbedrohung\\\/#primaryimage\"},\"thumbnailUrl\":\"https:\\\/\\\/www.m-q.ch\\\/wp-content\\\/uploads\\\/2025\\\/09\\\/Buerodrucker-Die-Unterschaetzte-Cyberbedrohung_MQ.jpg\",\"datePublished\":\"2025-09-25T11:26:49+00:00\",\"description\":\"Die Gefahr lauert im B\u00fcrodrucker: Die Risiken von ungesicherten Druckern machen Unternehmen anf\u00e4llig f\u00fcr Cyberattacken.\",\"breadcrumb\":{\"@id\":\"https:\\\/\\\/www.organisator.ch\\\/operational-excellence\\\/2025-09-25\\\/buerodrucker-die-unterschaetzte-cyberbedrohung\\\/#breadcrumb\"},\"inLanguage\":\"it-IT\",\"potentialAction\":[{\"@type\":\"ReadAction\",\"target\":[\"https:\\\/\\\/www.organisator.ch\\\/operational-excellence\\\/2025-09-25\\\/buerodrucker-die-unterschaetzte-cyberbedrohung\\\/\"]}]},{\"@type\":\"ImageObject\",\"inLanguage\":\"it-IT\",\"@id\":\"https:\\\/\\\/www.organisator.ch\\\/operational-excellence\\\/2025-09-25\\\/buerodrucker-die-unterschaetzte-cyberbedrohung\\\/#primaryimage\",\"url\":\"https:\\\/\\\/www.m-q.ch\\\/wp-content\\\/uploads\\\/2025\\\/09\\\/Buerodrucker-Die-Unterschaetzte-Cyberbedrohung_MQ.jpg\",\"contentUrl\":\"https:\\\/\\\/www.m-q.ch\\\/wp-content\\\/uploads\\\/2025\\\/09\\\/Buerodrucker-Die-Unterschaetzte-Cyberbedrohung_MQ.jpg\"},{\"@type\":\"BreadcrumbList\",\"@id\":\"https:\\\/\\\/www.organisator.ch\\\/operational-excellence\\\/2025-09-25\\\/buerodrucker-die-unterschaetzte-cyberbedrohung\\\/#breadcrumb\",\"itemListElement\":[{\"@type\":\"ListItem\",\"position\":1,\"name\":\"Home\",\"item\":\"https:\\\/\\\/www.organisator.ch\\\/\"},{\"@type\":\"ListItem\",\"position\":2,\"name\":\"B\u00fcrodrucker: Die untersch\u00e4tzte Cyberbedrohung\"}]},{\"@type\":\"WebSite\",\"@id\":\"https:\\\/\\\/www.organisator.ch\\\/#website\",\"url\":\"https:\\\/\\\/www.organisator.ch\\\/\",\"name\":\"Organisator\",\"description\":\"Kompetent. Praxisnah. Der ORGANISATOR bereitet in 10 Ausgaben pro Jahr die wesentlichen Themen f\u00fcr F\u00fchrungskr\u00e4fte von KMU auf.\",\"publisher\":{\"@id\":\"https:\\\/\\\/www.organisator.ch\\\/#organization\"},\"potentialAction\":[{\"@type\":\"SearchAction\",\"target\":{\"@type\":\"EntryPoint\",\"urlTemplate\":\"https:\\\/\\\/www.organisator.ch\\\/?s={search_term_string}\"},\"query-input\":{\"@type\":\"PropertyValueSpecification\",\"valueRequired\":true,\"valueName\":\"search_term_string\"}}],\"inLanguage\":\"it-IT\"},{\"@type\":\"Organization\",\"@id\":\"https:\\\/\\\/www.organisator.ch\\\/#organization\",\"name\":\"Organisator\",\"url\":\"https:\\\/\\\/www.organisator.ch\\\/\",\"logo\":{\"@type\":\"ImageObject\",\"inLanguage\":\"it-IT\",\"@id\":\"https:\\\/\\\/www.organisator.ch\\\/#\\\/schema\\\/logo\\\/image\\\/\",\"url\":\"https:\\\/\\\/www.organisator.ch\\\/wp-content\\\/uploads\\\/2022\\\/01\\\/Logo_Organisator_Website.png\",\"contentUrl\":\"https:\\\/\\\/www.organisator.ch\\\/wp-content\\\/uploads\\\/2022\\\/01\\\/Logo_Organisator_Website.png\",\"width\":800,\"height\":77,\"caption\":\"Organisator\"},\"image\":{\"@id\":\"https:\\\/\\\/www.organisator.ch\\\/#\\\/schema\\\/logo\\\/image\\\/\"},\"sameAs\":[\"https:\\\/\\\/www.facebook.com\\\/OrganisatorFachmagazin\",\"https:\\\/\\\/www.linkedin.com\\\/showcase\\\/organisator-das-magazin-fr-kmu\",\"https:\\\/\\\/www.xing.com\\\/news\\\/pages\\\/organisator-ch-695\",\"https:\\\/\\\/www.youtube.com\\\/channel\\\/UCGP2Sq0iWaZwT3BdIAQFYpw\"]},{\"@type\":\"Person\",\"@id\":\"https:\\\/\\\/www.organisator.ch\\\/#\\\/schema\\\/person\\\/4e51799071cd2dd1232ac003643ef5f0\",\"name\":\"galledia\",\"image\":{\"@type\":\"ImageObject\",\"inLanguage\":\"it-IT\",\"@id\":\"https:\\\/\\\/secure.gravatar.com\\\/avatar\\\/78a7f90c01fc2bfc875782a0d4922b37cde2cf184ce347b91316d23cd7f69a36?s=96&d=mm&r=g\",\"url\":\"https:\\\/\\\/secure.gravatar.com\\\/avatar\\\/78a7f90c01fc2bfc875782a0d4922b37cde2cf184ce347b91316d23cd7f69a36?s=96&d=mm&r=g\",\"contentUrl\":\"https:\\\/\\\/secure.gravatar.com\\\/avatar\\\/78a7f90c01fc2bfc875782a0d4922b37cde2cf184ce347b91316d23cd7f69a36?s=96&d=mm&r=g\",\"caption\":\"galledia\"},\"sameAs\":[\"https:\\\/\\\/x.com\\\/admin\"],\"url\":\"https:\\\/\\\/www.organisator.ch\\\/it\\\/author\\\/galledia\\\/\"}]}<\/script>\n<!-- \/ Yoast SEO plugin. -->","yoast_head_json":{"title":"Stampanti da ufficio: una minaccia informatica sottovalutata - Organizzatore","description":"Il pericolo si nasconde nella stampante dell'ufficio: i rischi delle stampanti non protette rendono le aziende vulnerabili agli attacchi informatici.","robots":{"index":"index","follow":"follow","max-snippet":"max-snippet:-1","max-image-preview":"max-image-preview:large","max-video-preview":"max-video-preview:-1"},"canonical":"https:\/\/www.organisator.ch\/it\/eccellenza-operativa\/2025-09-25\/buerodrucker-die-unterschaetzte-cyberbedrohung\/","og_locale":"it_IT","og_type":"article","og_title":"B\u00fcrodrucker: Die untersch\u00e4tzte Cyberbedrohung - Organisator","og_description":"Die Gefahr lauert im B\u00fcrodrucker: Die Risiken von ungesicherten Druckern machen Unternehmen anf\u00e4llig f\u00fcr Cyberattacken.","og_url":"https:\/\/www.organisator.ch\/it\/eccellenza-operativa\/2025-09-25\/buerodrucker-die-unterschaetzte-cyberbedrohung\/","og_site_name":"Organisator","article_publisher":"https:\/\/www.facebook.com\/OrganisatorFachmagazin","article_published_time":"2025-09-25T11:26:49+00:00","author":"galledia","twitter_card":"summary_large_image","twitter_creator":"@admin","schema":{"@context":"https:\/\/schema.org","@graph":[{"@type":"Article","@id":"https:\/\/www.organisator.ch\/operational-excellence\/2025-09-25\/buerodrucker-die-unterschaetzte-cyberbedrohung\/#article","isPartOf":{"@id":"https:\/\/www.organisator.ch\/operational-excellence\/2025-09-25\/buerodrucker-die-unterschaetzte-cyberbedrohung\/"},"author":{"name":"galledia","@id":"https:\/\/www.organisator.ch\/#\/schema\/person\/4e51799071cd2dd1232ac003643ef5f0"},"headline":"B\u00fcrodrucker: Die untersch\u00e4tzte Cyberbedrohung","datePublished":"2025-09-25T11:26:49+00:00","mainEntityOfPage":{"@id":"https:\/\/www.organisator.ch\/operational-excellence\/2025-09-25\/buerodrucker-die-unterschaetzte-cyberbedrohung\/"},"wordCount":470,"publisher":{"@id":"https:\/\/www.organisator.ch\/#organization"},"image":{"@id":"https:\/\/www.organisator.ch\/operational-excellence\/2025-09-25\/buerodrucker-die-unterschaetzte-cyberbedrohung\/#primaryimage"},"thumbnailUrl":"https:\/\/www.m-q.ch\/wp-content\/uploads\/2025\/09\/Buerodrucker-Die-Unterschaetzte-Cyberbedrohung_MQ.jpg","keywords":["Cybersicherheit","Drucker","Risikomanagement","Studie"],"articleSection":["OPERATIONAL EXCELLENCE"],"inLanguage":"it-IT"},{"@type":"WebPage","@id":"https:\/\/www.organisator.ch\/operational-excellence\/2025-09-25\/buerodrucker-die-unterschaetzte-cyberbedrohung\/","url":"https:\/\/www.organisator.ch\/operational-excellence\/2025-09-25\/buerodrucker-die-unterschaetzte-cyberbedrohung\/","name":"Stampanti da ufficio: una minaccia informatica sottovalutata - Organizzatore","isPartOf":{"@id":"https:\/\/www.organisator.ch\/#website"},"primaryImageOfPage":{"@id":"https:\/\/www.organisator.ch\/operational-excellence\/2025-09-25\/buerodrucker-die-unterschaetzte-cyberbedrohung\/#primaryimage"},"image":{"@id":"https:\/\/www.organisator.ch\/operational-excellence\/2025-09-25\/buerodrucker-die-unterschaetzte-cyberbedrohung\/#primaryimage"},"thumbnailUrl":"https:\/\/www.m-q.ch\/wp-content\/uploads\/2025\/09\/Buerodrucker-Die-Unterschaetzte-Cyberbedrohung_MQ.jpg","datePublished":"2025-09-25T11:26:49+00:00","description":"Il pericolo si nasconde nella stampante dell'ufficio: i rischi delle stampanti non protette rendono le aziende vulnerabili agli attacchi informatici.","breadcrumb":{"@id":"https:\/\/www.organisator.ch\/operational-excellence\/2025-09-25\/buerodrucker-die-unterschaetzte-cyberbedrohung\/#breadcrumb"},"inLanguage":"it-IT","potentialAction":[{"@type":"ReadAction","target":["https:\/\/www.organisator.ch\/operational-excellence\/2025-09-25\/buerodrucker-die-unterschaetzte-cyberbedrohung\/"]}]},{"@type":"ImageObject","inLanguage":"it-IT","@id":"https:\/\/www.organisator.ch\/operational-excellence\/2025-09-25\/buerodrucker-die-unterschaetzte-cyberbedrohung\/#primaryimage","url":"https:\/\/www.m-q.ch\/wp-content\/uploads\/2025\/09\/Buerodrucker-Die-Unterschaetzte-Cyberbedrohung_MQ.jpg","contentUrl":"https:\/\/www.m-q.ch\/wp-content\/uploads\/2025\/09\/Buerodrucker-Die-Unterschaetzte-Cyberbedrohung_MQ.jpg"},{"@type":"BreadcrumbList","@id":"https:\/\/www.organisator.ch\/operational-excellence\/2025-09-25\/buerodrucker-die-unterschaetzte-cyberbedrohung\/#breadcrumb","itemListElement":[{"@type":"ListItem","position":1,"name":"Home","item":"https:\/\/www.organisator.ch\/"},{"@type":"ListItem","position":2,"name":"B\u00fcrodrucker: Die untersch\u00e4tzte Cyberbedrohung"}]},{"@type":"WebSite","@id":"https:\/\/www.organisator.ch\/#website","url":"https:\/\/www.organisator.ch\/","name":"Organizzatore","description":"Competente. Pratico. In 10 numeri all'anno, ORGANISATOR presenta i temi essenziali per i manager delle PMI.","publisher":{"@id":"https:\/\/www.organisator.ch\/#organization"},"potentialAction":[{"@type":"SearchAction","target":{"@type":"EntryPoint","urlTemplate":"https:\/\/www.organisator.ch\/?s={search_term_string}"},"query-input":{"@type":"PropertyValueSpecification","valueRequired":true,"valueName":"search_term_string"}}],"inLanguage":"it-IT"},{"@type":"Organization","@id":"https:\/\/www.organisator.ch\/#organization","name":"Organizzatore","url":"https:\/\/www.organisator.ch\/","logo":{"@type":"ImageObject","inLanguage":"it-IT","@id":"https:\/\/www.organisator.ch\/#\/schema\/logo\/image\/","url":"https:\/\/www.organisator.ch\/wp-content\/uploads\/2022\/01\/Logo_Organisator_Website.png","contentUrl":"https:\/\/www.organisator.ch\/wp-content\/uploads\/2022\/01\/Logo_Organisator_Website.png","width":800,"height":77,"caption":"Organisator"},"image":{"@id":"https:\/\/www.organisator.ch\/#\/schema\/logo\/image\/"},"sameAs":["https:\/\/www.facebook.com\/OrganisatorFachmagazin","https:\/\/www.linkedin.com\/showcase\/organisator-das-magazin-fr-kmu","https:\/\/www.xing.com\/news\/pages\/organisator-ch-695","https:\/\/www.youtube.com\/channel\/UCGP2Sq0iWaZwT3BdIAQFYpw"]},{"@type":"Person","@id":"https:\/\/www.organisator.ch\/#\/schema\/person\/4e51799071cd2dd1232ac003643ef5f0","name":"galledia","image":{"@type":"ImageObject","inLanguage":"it-IT","@id":"https:\/\/secure.gravatar.com\/avatar\/78a7f90c01fc2bfc875782a0d4922b37cde2cf184ce347b91316d23cd7f69a36?s=96&d=mm&r=g","url":"https:\/\/secure.gravatar.com\/avatar\/78a7f90c01fc2bfc875782a0d4922b37cde2cf184ce347b91316d23cd7f69a36?s=96&d=mm&r=g","contentUrl":"https:\/\/secure.gravatar.com\/avatar\/78a7f90c01fc2bfc875782a0d4922b37cde2cf184ce347b91316d23cd7f69a36?s=96&d=mm&r=g","caption":"galledia"},"sameAs":["https:\/\/x.com\/admin"],"url":"https:\/\/www.organisator.ch\/it\/author\/galledia\/"}]}},"_links":{"self":[{"href":"https:\/\/www.organisator.ch\/it\/wp-json\/wp\/v2\/posts\/40715","targetHints":{"allow":["GET"]}}],"collection":[{"href":"https:\/\/www.organisator.ch\/it\/wp-json\/wp\/v2\/posts"}],"about":[{"href":"https:\/\/www.organisator.ch\/it\/wp-json\/wp\/v2\/types\/post"}],"author":[{"embeddable":true,"href":"https:\/\/www.organisator.ch\/it\/wp-json\/wp\/v2\/users\/8"}],"replies":[{"embeddable":true,"href":"https:\/\/www.organisator.ch\/it\/wp-json\/wp\/v2\/comments?post=40715"}],"version-history":[{"count":5,"href":"https:\/\/www.organisator.ch\/it\/wp-json\/wp\/v2\/posts\/40715\/revisions"}],"predecessor-version":[{"id":40751,"href":"https:\/\/www.organisator.ch\/it\/wp-json\/wp\/v2\/posts\/40715\/revisions\/40751"}],"wp:attachment":[{"href":"https:\/\/www.organisator.ch\/it\/wp-json\/wp\/v2\/media?parent=40715"}],"wp:term":[{"taxonomy":"category","embeddable":true,"href":"https:\/\/www.organisator.ch\/it\/wp-json\/wp\/v2\/categories?post=40715"},{"taxonomy":"post_tag","embeddable":true,"href":"https:\/\/www.organisator.ch\/it\/wp-json\/wp\/v2\/tags?post=40715"}],"curies":[{"name":"wp","href":"https:\/\/api.w.org\/{rel}","templated":true}]}}