{"id":40755,"date":"2025-09-25T20:39:18","date_gmt":"2025-09-25T18:39:18","guid":{"rendered":"https:\/\/www.markt-kom.com\/?p=241558"},"modified":"2025-09-26T07:35:15","modified_gmt":"2025-09-26T05:35:15","slug":"sika-verteidigt-spitzenplatz-am-schweizer-geschaeftsberichte-rating","status":"publish","type":"post","link":"https:\/\/www.organisator.ch\/it\/marketing\/2025-09-25\/sika-verteidigt-spitzenplatz-am-schweizer-geschaeftsberichte-rating\/","title":{"rendered":"Sika difende la sua posizione di vertice nella valutazione del bilancio annuale svizzero"},"content":{"rendered":"<figure id=\"attachment_241559\" class=\"wp-caption alignnone\" style=\"width: 1200px;\" aria-describedby=\"caption-attachment-241559\"><img class=\"wp-image-241559 size-full\" src=\"https:\/\/www.markt-kom.com\/wp-content\/uploads\/2025\/09\/berichte1200.png\" sizes=\"(max-width: 1200px) 100vw, 1200px\" srcset=\"https:\/\/www.markt-kom.com\/wp-content\/uploads\/2025\/09\/berichte1200.png 1200w, https:\/\/www.markt-kom.com\/wp-content\/uploads\/2025\/09\/berichte1200-600x450.png 600w, https:\/\/www.markt-kom.com\/wp-content\/uploads\/2025\/09\/berichte1200-1024x768.png 1024w, https:\/\/www.markt-kom.com\/wp-content\/uploads\/2025\/09\/berichte1200-768x576.png 768w, https:\/\/www.markt-kom.com\/wp-content\/uploads\/2025\/09\/berichte1200-16x12.png 16w, https:\/\/www.markt-kom.com\/wp-content\/uploads\/2025\/09\/berichte1200-233x175.png 233w, https:\/\/www.markt-kom.com\/wp-content\/uploads\/2025\/09\/berichte1200-467x350.png 467w, https:\/\/www.markt-kom.com\/wp-content\/uploads\/2025\/09\/berichte1200-1000x750.png 1000w\" alt=\"\" width=\"1200\" height=\"900\" \/>\r\n<figcaption id=\"caption-attachment-241559\" class=\"wp-caption-text\">Die Gesamtsieger des Jahres 2025, aufgenommen von Barbara M\u00fcller: Hans-Peter Nehmer (Jurypr\u00e4sident HarbourClub), Quynh Arguello (Corporate Communications Manager, Sika), Myriam K\u00e4ser (Chief Communications Responsibility Officer, Swisscom) und Roman Sidler (Head of Corporate Communication Investor Relation, Geberit).<\/figcaption>\r\n<\/figure>\r\n<p class=\"my-2 [&amp;+p]:mt-4 [&amp;_strong:has(+br)]:inline-block [&amp;_strong:has(+br)]:pb-2\">Rund 170 G\u00e4ste erlebten die Preisverleihung am 25. September im Z\u00fcrcher SIX Convention Point \u2013 ein Event, der j\u00e4hrlich die besten Berichte der wichtigsten Schweizer Unternehmen ehrt.<\/p>\r\n<p class=\"my-2 [&amp;+p]:mt-4 [&amp;_strong:has(+br)]:inline-block [&amp;_strong:has(+br)]:pb-2\">Im Fokus des Ratings steht die Qualit\u00e4t der Gesch\u00e4ftsberichte aller im SPI gelisteten Unternehmen, erg\u00e4nzt um die umsatzst\u00e4rksten 50 Firmen, 15 Versicherungen mit h\u00f6chstem Pr\u00e4mienvolumen und 25 Banken mit h\u00f6chster Bilanzsumme. Insgesamt bewertete die Jury in diesem Jahr 214 Berichte. Migros setzte sich in der Kategorie Design durch, vor Avolta und der ZKB. UBS siegte beim Value Reporting, Clariant und SGS komplettieren das Podium. Mit dem Sonderpreis f\u00fcr herausragende Textqualit\u00e4t \u00fcberzeugte die Schweizerische Post. Swica erhielt eine Special Mention f\u00fcr Design, Bucher f\u00fcr Value Reporting.<\/p>\r\n<p class=\"my-2 [&amp;+p]:mt-4 [&amp;_strong:has(+br)]:inline-block [&amp;_strong:has(+br)]:pb-2\">Das Gesch\u00e4ftsberichte-Rating w\u00fcrdigt auffallend innovative und kreative Berichte. Erm\u00f6glicht wird die neutrale Bewertung durch Organisationspartner Linkgroup und die Unterst\u00fctzung von Antalis, Apostroph Group, EQS, PwC sowie der SIX. Alle Detailresultate sowie PDFs der Berichte sind online auf\u00a0<a class=\"hover:text-super hover:decoration-super break-words underline decoration-from-font underline-offset-1 transition-all duration-300\" href=\"http:\/\/www.gbrating.ch\/\" rel=\"nofollow noopener\">www.gbrating.ch<\/a>\u00a0einsehbar. Jurypr\u00e4sident Hans-Peter Nehmer zeigte sich beeindruckt von der Vielfalt und Qualit\u00e4t der eingereichten Arbeiten und \u00fcberreichte die Auszeichnungen pers\u00f6nlich.<\/p>\r\n<p class=\"my-2 [&amp;+p]:mt-4 [&amp;_strong:has(+br)]:inline-block [&amp;_strong:has(+br)]:pb-2\">\u00a0<\/p>","protected":false},"excerpt":{"rendered":"<p>Sika si \u00e8 nuovamente assicurata la vittoria assoluta nel rinomato rating dei rapporti annuali di HarbourClub Chief Communications Officers. Come l'anno precedente, la giuria ha premiato il gruppo di prodotti chimici per l'edilizia. Geberit segue al secondo posto e Swisscom al terzo.<\/p>","protected":false},"author":8,"featured_media":0,"comment_status":"closed","ping_status":"closed","sticky":false,"template":"","format":"standard","meta":{"_acf_changed":false,"_yoast_wpseo_focuskw":"Gesch\u00e4ftsberichte-Rating","_yoast_wpseo_metadesc":"Sika sichert sich erneut den Gesamtsieg im renommierten Gesch\u00e4ftsberichte-Rating von HarbourClub Chief Communications Officers.","articlekey":"","footnotes":""},"categories":[29],"tags":[66,5546,4555,4343,4556,2962],"class_list":["post-40755","post","type-post","status-publish","format-standard","hentry","category-marketing","tag-awards","tag-geberit","tag-harbourclub","tag-markom","tag-sika","tag-swisscom"],"acf":[],"yoast_head":"<!-- This site is optimized with the Yoast SEO plugin v27.4 - https:\/\/yoast.com\/product\/yoast-seo-wordpress\/ -->\n<title>Sika verteidigt Spitzenplatz am Schweizer Gesch\u00e4ftsberichte-Rating - Organisator<\/title>\n<meta name=\"description\" content=\"Sika sichert sich erneut den Gesamtsieg im renommierten Gesch\u00e4ftsberichte-Rating von HarbourClub Chief Communications Officers.\" \/>\n<meta name=\"robots\" content=\"index, follow, max-snippet:-1, max-image-preview:large, max-video-preview:-1\" \/>\n<link rel=\"canonical\" href=\"https:\/\/www.organisator.ch\/it\/marketing\/2025-09-25\/sika-verteidigt-spitzenplatz-am-schweizer-geschaeftsberichte-rating\/\" \/>\n<meta property=\"og:locale\" content=\"it_IT\" \/>\n<meta property=\"og:type\" content=\"article\" \/>\n<meta property=\"og:title\" content=\"Sika verteidigt Spitzenplatz am Schweizer Gesch\u00e4ftsberichte-Rating - Organisator\" \/>\n<meta property=\"og:description\" content=\"Sika sichert sich erneut den Gesamtsieg im renommierten Gesch\u00e4ftsberichte-Rating von HarbourClub Chief Communications Officers.\" \/>\n<meta property=\"og:url\" content=\"https:\/\/www.organisator.ch\/it\/marketing\/2025-09-25\/sika-verteidigt-spitzenplatz-am-schweizer-geschaeftsberichte-rating\/\" \/>\n<meta property=\"og:site_name\" content=\"Organisator\" \/>\n<meta property=\"article:publisher\" content=\"https:\/\/www.facebook.com\/OrganisatorFachmagazin\" \/>\n<meta property=\"article:published_time\" content=\"2025-09-25T18:39:18+00:00\" \/>\n<meta property=\"article:modified_time\" content=\"2025-09-26T05:35:15+00:00\" \/>\n<meta name=\"author\" content=\"galledia\" \/>\n<meta name=\"twitter:card\" content=\"summary_large_image\" \/>\n<meta name=\"twitter:creator\" content=\"@admin\" \/>\n<script type=\"application\/ld+json\" class=\"yoast-schema-graph\">{\"@context\":\"https:\\\/\\\/schema.org\",\"@graph\":[{\"@type\":\"Article\",\"@id\":\"https:\\\/\\\/www.organisator.ch\\\/marketing\\\/2025-09-25\\\/sika-verteidigt-spitzenplatz-am-schweizer-geschaeftsberichte-rating\\\/#article\",\"isPartOf\":{\"@id\":\"https:\\\/\\\/www.organisator.ch\\\/marketing\\\/2025-09-25\\\/sika-verteidigt-spitzenplatz-am-schweizer-geschaeftsberichte-rating\\\/\"},\"author\":{\"name\":\"galledia\",\"@id\":\"https:\\\/\\\/www.organisator.ch\\\/#\\\/schema\\\/person\\\/4e51799071cd2dd1232ac003643ef5f0\"},\"headline\":\"Sika verteidigt Spitzenplatz am Schweizer Gesch\u00e4ftsberichte-Rating\",\"datePublished\":\"2025-09-25T18:39:18+00:00\",\"dateModified\":\"2025-09-26T05:35:15+00:00\",\"mainEntityOfPage\":{\"@id\":\"https:\\\/\\\/www.organisator.ch\\\/marketing\\\/2025-09-25\\\/sika-verteidigt-spitzenplatz-am-schweizer-geschaeftsberichte-rating\\\/\"},\"wordCount\":231,\"publisher\":{\"@id\":\"https:\\\/\\\/www.organisator.ch\\\/#organization\"},\"image\":{\"@id\":\"https:\\\/\\\/www.organisator.ch\\\/marketing\\\/2025-09-25\\\/sika-verteidigt-spitzenplatz-am-schweizer-geschaeftsberichte-rating\\\/#primaryimage\"},\"thumbnailUrl\":\"https:\\\/\\\/www.markt-kom.com\\\/wp-content\\\/uploads\\\/2025\\\/09\\\/berichte1200.png\",\"keywords\":[\"Awards\",\"Geberit\",\"Harbourclub\",\"MarKom\",\"Sika\",\"Swisscom\"],\"articleSection\":[\"MARKETING\"],\"inLanguage\":\"it-IT\"},{\"@type\":\"WebPage\",\"@id\":\"https:\\\/\\\/www.organisator.ch\\\/marketing\\\/2025-09-25\\\/sika-verteidigt-spitzenplatz-am-schweizer-geschaeftsberichte-rating\\\/\",\"url\":\"https:\\\/\\\/www.organisator.ch\\\/marketing\\\/2025-09-25\\\/sika-verteidigt-spitzenplatz-am-schweizer-geschaeftsberichte-rating\\\/\",\"name\":\"Sika verteidigt Spitzenplatz am Schweizer Gesch\u00e4ftsberichte-Rating - Organisator\",\"isPartOf\":{\"@id\":\"https:\\\/\\\/www.organisator.ch\\\/#website\"},\"primaryImageOfPage\":{\"@id\":\"https:\\\/\\\/www.organisator.ch\\\/marketing\\\/2025-09-25\\\/sika-verteidigt-spitzenplatz-am-schweizer-geschaeftsberichte-rating\\\/#primaryimage\"},\"image\":{\"@id\":\"https:\\\/\\\/www.organisator.ch\\\/marketing\\\/2025-09-25\\\/sika-verteidigt-spitzenplatz-am-schweizer-geschaeftsberichte-rating\\\/#primaryimage\"},\"thumbnailUrl\":\"https:\\\/\\\/www.markt-kom.com\\\/wp-content\\\/uploads\\\/2025\\\/09\\\/berichte1200.png\",\"datePublished\":\"2025-09-25T18:39:18+00:00\",\"dateModified\":\"2025-09-26T05:35:15+00:00\",\"description\":\"Sika sichert sich erneut den Gesamtsieg im renommierten Gesch\u00e4ftsberichte-Rating von HarbourClub Chief Communications Officers.\",\"breadcrumb\":{\"@id\":\"https:\\\/\\\/www.organisator.ch\\\/marketing\\\/2025-09-25\\\/sika-verteidigt-spitzenplatz-am-schweizer-geschaeftsberichte-rating\\\/#breadcrumb\"},\"inLanguage\":\"it-IT\",\"potentialAction\":[{\"@type\":\"ReadAction\",\"target\":[\"https:\\\/\\\/www.organisator.ch\\\/marketing\\\/2025-09-25\\\/sika-verteidigt-spitzenplatz-am-schweizer-geschaeftsberichte-rating\\\/\"]}]},{\"@type\":\"ImageObject\",\"inLanguage\":\"it-IT\",\"@id\":\"https:\\\/\\\/www.organisator.ch\\\/marketing\\\/2025-09-25\\\/sika-verteidigt-spitzenplatz-am-schweizer-geschaeftsberichte-rating\\\/#primaryimage\",\"url\":\"https:\\\/\\\/www.markt-kom.com\\\/wp-content\\\/uploads\\\/2025\\\/09\\\/berichte1200.png\",\"contentUrl\":\"https:\\\/\\\/www.markt-kom.com\\\/wp-content\\\/uploads\\\/2025\\\/09\\\/berichte1200.png\"},{\"@type\":\"BreadcrumbList\",\"@id\":\"https:\\\/\\\/www.organisator.ch\\\/marketing\\\/2025-09-25\\\/sika-verteidigt-spitzenplatz-am-schweizer-geschaeftsberichte-rating\\\/#breadcrumb\",\"itemListElement\":[{\"@type\":\"ListItem\",\"position\":1,\"name\":\"Home\",\"item\":\"https:\\\/\\\/www.organisator.ch\\\/\"},{\"@type\":\"ListItem\",\"position\":2,\"name\":\"Sika verteidigt Spitzenplatz am Schweizer Gesch\u00e4ftsberichte-Rating\"}]},{\"@type\":\"WebSite\",\"@id\":\"https:\\\/\\\/www.organisator.ch\\\/#website\",\"url\":\"https:\\\/\\\/www.organisator.ch\\\/\",\"name\":\"Organisator\",\"description\":\"Kompetent. Praxisnah. Der ORGANISATOR bereitet in 10 Ausgaben pro Jahr die wesentlichen Themen f\u00fcr F\u00fchrungskr\u00e4fte von KMU auf.\",\"publisher\":{\"@id\":\"https:\\\/\\\/www.organisator.ch\\\/#organization\"},\"potentialAction\":[{\"@type\":\"SearchAction\",\"target\":{\"@type\":\"EntryPoint\",\"urlTemplate\":\"https:\\\/\\\/www.organisator.ch\\\/?s={search_term_string}\"},\"query-input\":{\"@type\":\"PropertyValueSpecification\",\"valueRequired\":true,\"valueName\":\"search_term_string\"}}],\"inLanguage\":\"it-IT\"},{\"@type\":\"Organization\",\"@id\":\"https:\\\/\\\/www.organisator.ch\\\/#organization\",\"name\":\"Organisator\",\"url\":\"https:\\\/\\\/www.organisator.ch\\\/\",\"logo\":{\"@type\":\"ImageObject\",\"inLanguage\":\"it-IT\",\"@id\":\"https:\\\/\\\/www.organisator.ch\\\/#\\\/schema\\\/logo\\\/image\\\/\",\"url\":\"https:\\\/\\\/www.organisator.ch\\\/wp-content\\\/uploads\\\/2022\\\/01\\\/Logo_Organisator_Website.png\",\"contentUrl\":\"https:\\\/\\\/www.organisator.ch\\\/wp-content\\\/uploads\\\/2022\\\/01\\\/Logo_Organisator_Website.png\",\"width\":800,\"height\":77,\"caption\":\"Organisator\"},\"image\":{\"@id\":\"https:\\\/\\\/www.organisator.ch\\\/#\\\/schema\\\/logo\\\/image\\\/\"},\"sameAs\":[\"https:\\\/\\\/www.facebook.com\\\/OrganisatorFachmagazin\",\"https:\\\/\\\/www.linkedin.com\\\/showcase\\\/organisator-das-magazin-fr-kmu\",\"https:\\\/\\\/www.xing.com\\\/news\\\/pages\\\/organisator-ch-695\",\"https:\\\/\\\/www.youtube.com\\\/channel\\\/UCGP2Sq0iWaZwT3BdIAQFYpw\"]},{\"@type\":\"Person\",\"@id\":\"https:\\\/\\\/www.organisator.ch\\\/#\\\/schema\\\/person\\\/4e51799071cd2dd1232ac003643ef5f0\",\"name\":\"galledia\",\"image\":{\"@type\":\"ImageObject\",\"inLanguage\":\"it-IT\",\"@id\":\"https:\\\/\\\/secure.gravatar.com\\\/avatar\\\/78a7f90c01fc2bfc875782a0d4922b37cde2cf184ce347b91316d23cd7f69a36?s=96&d=mm&r=g\",\"url\":\"https:\\\/\\\/secure.gravatar.com\\\/avatar\\\/78a7f90c01fc2bfc875782a0d4922b37cde2cf184ce347b91316d23cd7f69a36?s=96&d=mm&r=g\",\"contentUrl\":\"https:\\\/\\\/secure.gravatar.com\\\/avatar\\\/78a7f90c01fc2bfc875782a0d4922b37cde2cf184ce347b91316d23cd7f69a36?s=96&d=mm&r=g\",\"caption\":\"galledia\"},\"sameAs\":[\"https:\\\/\\\/x.com\\\/admin\"],\"url\":\"https:\\\/\\\/www.organisator.ch\\\/it\\\/author\\\/galledia\\\/\"}]}<\/script>\n<!-- \/ Yoast SEO plugin. -->","yoast_head_json":{"title":"Sika difende la prima posizione nel rating del rapporto annuale svizzero - Organizzatore","description":"Sika si aggiudica ancora una volta la vittoria assoluta nel rinomato rating dei rapporti annuali degli HarbourClub Chief Communications Officers.","robots":{"index":"index","follow":"follow","max-snippet":"max-snippet:-1","max-image-preview":"max-image-preview:large","max-video-preview":"max-video-preview:-1"},"canonical":"https:\/\/www.organisator.ch\/it\/marketing\/2025-09-25\/sika-verteidigt-spitzenplatz-am-schweizer-geschaeftsberichte-rating\/","og_locale":"it_IT","og_type":"article","og_title":"Sika verteidigt Spitzenplatz am Schweizer Gesch\u00e4ftsberichte-Rating - Organisator","og_description":"Sika sichert sich erneut den Gesamtsieg im renommierten Gesch\u00e4ftsberichte-Rating von HarbourClub Chief Communications Officers.","og_url":"https:\/\/www.organisator.ch\/it\/marketing\/2025-09-25\/sika-verteidigt-spitzenplatz-am-schweizer-geschaeftsberichte-rating\/","og_site_name":"Organisator","article_publisher":"https:\/\/www.facebook.com\/OrganisatorFachmagazin","article_published_time":"2025-09-25T18:39:18+00:00","article_modified_time":"2025-09-26T05:35:15+00:00","author":"galledia","twitter_card":"summary_large_image","twitter_creator":"@admin","schema":{"@context":"https:\/\/schema.org","@graph":[{"@type":"Article","@id":"https:\/\/www.organisator.ch\/marketing\/2025-09-25\/sika-verteidigt-spitzenplatz-am-schweizer-geschaeftsberichte-rating\/#article","isPartOf":{"@id":"https:\/\/www.organisator.ch\/marketing\/2025-09-25\/sika-verteidigt-spitzenplatz-am-schweizer-geschaeftsberichte-rating\/"},"author":{"name":"galledia","@id":"https:\/\/www.organisator.ch\/#\/schema\/person\/4e51799071cd2dd1232ac003643ef5f0"},"headline":"Sika verteidigt Spitzenplatz am Schweizer Gesch\u00e4ftsberichte-Rating","datePublished":"2025-09-25T18:39:18+00:00","dateModified":"2025-09-26T05:35:15+00:00","mainEntityOfPage":{"@id":"https:\/\/www.organisator.ch\/marketing\/2025-09-25\/sika-verteidigt-spitzenplatz-am-schweizer-geschaeftsberichte-rating\/"},"wordCount":231,"publisher":{"@id":"https:\/\/www.organisator.ch\/#organization"},"image":{"@id":"https:\/\/www.organisator.ch\/marketing\/2025-09-25\/sika-verteidigt-spitzenplatz-am-schweizer-geschaeftsberichte-rating\/#primaryimage"},"thumbnailUrl":"https:\/\/www.markt-kom.com\/wp-content\/uploads\/2025\/09\/berichte1200.png","keywords":["Awards","Geberit","Harbourclub","MarKom","Sika","Swisscom"],"articleSection":["MARKETING"],"inLanguage":"it-IT"},{"@type":"WebPage","@id":"https:\/\/www.organisator.ch\/marketing\/2025-09-25\/sika-verteidigt-spitzenplatz-am-schweizer-geschaeftsberichte-rating\/","url":"https:\/\/www.organisator.ch\/marketing\/2025-09-25\/sika-verteidigt-spitzenplatz-am-schweizer-geschaeftsberichte-rating\/","name":"Sika difende la prima posizione nel rating del rapporto annuale svizzero - Organizzatore","isPartOf":{"@id":"https:\/\/www.organisator.ch\/#website"},"primaryImageOfPage":{"@id":"https:\/\/www.organisator.ch\/marketing\/2025-09-25\/sika-verteidigt-spitzenplatz-am-schweizer-geschaeftsberichte-rating\/#primaryimage"},"image":{"@id":"https:\/\/www.organisator.ch\/marketing\/2025-09-25\/sika-verteidigt-spitzenplatz-am-schweizer-geschaeftsberichte-rating\/#primaryimage"},"thumbnailUrl":"https:\/\/www.markt-kom.com\/wp-content\/uploads\/2025\/09\/berichte1200.png","datePublished":"2025-09-25T18:39:18+00:00","dateModified":"2025-09-26T05:35:15+00:00","description":"Sika si aggiudica ancora una volta la vittoria assoluta nel rinomato rating dei rapporti annuali degli HarbourClub Chief Communications Officers.","breadcrumb":{"@id":"https:\/\/www.organisator.ch\/marketing\/2025-09-25\/sika-verteidigt-spitzenplatz-am-schweizer-geschaeftsberichte-rating\/#breadcrumb"},"inLanguage":"it-IT","potentialAction":[{"@type":"ReadAction","target":["https:\/\/www.organisator.ch\/marketing\/2025-09-25\/sika-verteidigt-spitzenplatz-am-schweizer-geschaeftsberichte-rating\/"]}]},{"@type":"ImageObject","inLanguage":"it-IT","@id":"https:\/\/www.organisator.ch\/marketing\/2025-09-25\/sika-verteidigt-spitzenplatz-am-schweizer-geschaeftsberichte-rating\/#primaryimage","url":"https:\/\/www.markt-kom.com\/wp-content\/uploads\/2025\/09\/berichte1200.png","contentUrl":"https:\/\/www.markt-kom.com\/wp-content\/uploads\/2025\/09\/berichte1200.png"},{"@type":"BreadcrumbList","@id":"https:\/\/www.organisator.ch\/marketing\/2025-09-25\/sika-verteidigt-spitzenplatz-am-schweizer-geschaeftsberichte-rating\/#breadcrumb","itemListElement":[{"@type":"ListItem","position":1,"name":"Home","item":"https:\/\/www.organisator.ch\/"},{"@type":"ListItem","position":2,"name":"Sika verteidigt Spitzenplatz am Schweizer Gesch\u00e4ftsberichte-Rating"}]},{"@type":"WebSite","@id":"https:\/\/www.organisator.ch\/#website","url":"https:\/\/www.organisator.ch\/","name":"Organizzatore","description":"Competente. Pratico. In 10 numeri all'anno, ORGANISATOR presenta i temi essenziali per i manager delle PMI.","publisher":{"@id":"https:\/\/www.organisator.ch\/#organization"},"potentialAction":[{"@type":"SearchAction","target":{"@type":"EntryPoint","urlTemplate":"https:\/\/www.organisator.ch\/?s={search_term_string}"},"query-input":{"@type":"PropertyValueSpecification","valueRequired":true,"valueName":"search_term_string"}}],"inLanguage":"it-IT"},{"@type":"Organization","@id":"https:\/\/www.organisator.ch\/#organization","name":"Organizzatore","url":"https:\/\/www.organisator.ch\/","logo":{"@type":"ImageObject","inLanguage":"it-IT","@id":"https:\/\/www.organisator.ch\/#\/schema\/logo\/image\/","url":"https:\/\/www.organisator.ch\/wp-content\/uploads\/2022\/01\/Logo_Organisator_Website.png","contentUrl":"https:\/\/www.organisator.ch\/wp-content\/uploads\/2022\/01\/Logo_Organisator_Website.png","width":800,"height":77,"caption":"Organisator"},"image":{"@id":"https:\/\/www.organisator.ch\/#\/schema\/logo\/image\/"},"sameAs":["https:\/\/www.facebook.com\/OrganisatorFachmagazin","https:\/\/www.linkedin.com\/showcase\/organisator-das-magazin-fr-kmu","https:\/\/www.xing.com\/news\/pages\/organisator-ch-695","https:\/\/www.youtube.com\/channel\/UCGP2Sq0iWaZwT3BdIAQFYpw"]},{"@type":"Person","@id":"https:\/\/www.organisator.ch\/#\/schema\/person\/4e51799071cd2dd1232ac003643ef5f0","name":"galledia","image":{"@type":"ImageObject","inLanguage":"it-IT","@id":"https:\/\/secure.gravatar.com\/avatar\/78a7f90c01fc2bfc875782a0d4922b37cde2cf184ce347b91316d23cd7f69a36?s=96&d=mm&r=g","url":"https:\/\/secure.gravatar.com\/avatar\/78a7f90c01fc2bfc875782a0d4922b37cde2cf184ce347b91316d23cd7f69a36?s=96&d=mm&r=g","contentUrl":"https:\/\/secure.gravatar.com\/avatar\/78a7f90c01fc2bfc875782a0d4922b37cde2cf184ce347b91316d23cd7f69a36?s=96&d=mm&r=g","caption":"galledia"},"sameAs":["https:\/\/x.com\/admin"],"url":"https:\/\/www.organisator.ch\/it\/author\/galledia\/"}]}},"_links":{"self":[{"href":"https:\/\/www.organisator.ch\/it\/wp-json\/wp\/v2\/posts\/40755","targetHints":{"allow":["GET"]}}],"collection":[{"href":"https:\/\/www.organisator.ch\/it\/wp-json\/wp\/v2\/posts"}],"about":[{"href":"https:\/\/www.organisator.ch\/it\/wp-json\/wp\/v2\/types\/post"}],"author":[{"embeddable":true,"href":"https:\/\/www.organisator.ch\/it\/wp-json\/wp\/v2\/users\/8"}],"replies":[{"embeddable":true,"href":"https:\/\/www.organisator.ch\/it\/wp-json\/wp\/v2\/comments?post=40755"}],"version-history":[{"count":4,"href":"https:\/\/www.organisator.ch\/it\/wp-json\/wp\/v2\/posts\/40755\/revisions"}],"predecessor-version":[{"id":40761,"href":"https:\/\/www.organisator.ch\/it\/wp-json\/wp\/v2\/posts\/40755\/revisions\/40761"}],"wp:attachment":[{"href":"https:\/\/www.organisator.ch\/it\/wp-json\/wp\/v2\/media?parent=40755"}],"wp:term":[{"taxonomy":"category","embeddable":true,"href":"https:\/\/www.organisator.ch\/it\/wp-json\/wp\/v2\/categories?post=40755"},{"taxonomy":"post_tag","embeddable":true,"href":"https:\/\/www.organisator.ch\/it\/wp-json\/wp\/v2\/tags?post=40755"}],"curies":[{"name":"wp","href":"https:\/\/api.w.org\/{rel}","templated":true}]}}