{"id":40828,"date":"2025-09-30T17:13:03","date_gmt":"2025-09-30T15:13:03","guid":{"rendered":"https:\/\/www.markt-kom.com\/?p=241942"},"modified":"2025-10-20T16:18:43","modified_gmt":"2025-10-20T14:18:43","slug":"uebrigens-manche-marken-sterben-nicht-an-bedeutungsverlust-sondern-an-beziehungslosigkeit","status":"publish","type":"post","link":"https:\/\/www.organisator.ch\/it\/marketing\/2025-09-30\/uebrigens-manche-marken-sterben-nicht-an-bedeutungsverlust-sondern-an-beziehungslosigkeit\/","title":{"rendered":"A proposito... Alcuni marchi non muoiono per la perdita di significato, ma per la mancanza di relazioni."},"content":{"rendered":"<p><img class=\"alignnone size-medium wp-image-40831\" src=\"https:\/\/www.organisator.ch\/wp-content\/uploads\/2025\/09\/natalia-blauth-kucpwLmInxU-unsplash-scaled-1-680x453.jpg\" alt=\"\" width=\"680\" height=\"453\" \/><\/p>\r\n<p>C'\u00e8 un momento che nessuno pianifica. Non arriva con un botto, ma con un silenzio. Le campagne sono in corso, i touchpoint sono stati utilizzati, il budget \u00e8 stato sbloccato - eppure non c'\u00e8 risposta. Non solo nel tasso di clic. Ma pi\u00f9 in profondit\u00e0. Dove qualcosa dovrebbe effettivamente accadere.<\/p>\r\n<p>Molti marchi sperimentano questa situazione senza dichiararla come tale. Al contrario, ottimizzano, ribrandizzano e riposizionano. Come se la perdita di risonanza fosse un difetto tecnico e non una crisi relazionale.<\/p>\r\n<p>Ma \u00e8 proprio cos\u00ec: una crisi relazionale silenziosa. I marchi che un tempo creavano un senso di appartenenza ora sembrano spesso trasmettitori senza una controparte. Li si sente, ma non li si percepisce pi\u00f9. Il consumatore non \u00e8 necessariamente <u>un<\/u>soddisfatto - \u00e8 interiormente assente.<\/p>\r\n<p>E questa \"assenza interiore\" non \u00e8 una reazione a breve termine, ma un processo lento. Nasce quando la comunicazione diventa uno strumento. Dove le campagne non nascono pi\u00f9 da un desiderio, ma da un bisogno. Dove il linguaggio perde la sua funzione perch\u00e9 non lascia pi\u00f9 traccia.<\/p>\r\n<h3><strong>Come si arriva a questo punto<\/strong><\/h3>\r\n<p>In un mondo che comunica incessantemente, \u00e8 difficile accorgersi del silenzio. Non \u00e8 un difetto di volume, ma di tatto. Quando il linguaggio si rivolge solo a gruppi di destinatari, non a persone. Quando la personalizzazione diventa un trucco matematico invece che un gesto di genuino interesse.<\/p>\r\n<p>I marchi non perdono le persone per errori. Le perdono per indifferenza, spesso involontariamente, ma sistematicamente. Non si tratta di una mancanza di conoscenza, ma di una mancanza di vicinanza.<\/p>\r\n<p>Gli strumenti sono sofisticati, i team si impegnano, ma il livello di relazione non viene toccato. Forse perch\u00e9 non viene nemmeno menzionato nei briefing. Oppure perch\u00e9 non esiste un KPI per la \"coerenza\".<\/p>\r\n<h3><strong>Cosa succede allora<\/strong><\/h3>\r\n<p>La perdita di risonanza raramente rimane senza conseguenze. I marchi vengono ancora acquistati, ma non hanno pi\u00f9 significato. Si trasformano in una funzione, un'opzione nel menu a tendina. Intercambiabili. E a un certo punto irrilevanti.<\/p>\r\n<p>A questo punto scattano le solite reazioni: pi\u00f9 analisi, pi\u00f9 test, pi\u00f9 dati. Ci si chiede: cosa manca? Ma raramente ci si chiede: Chi abbiamo perso?<\/p>\r\n<p>E questo crea una pericolosa stasi dietro il trambusto.<\/p>\r\n<h3><strong>Cosa \u00e8 necessario fare ora<\/strong><\/h3>\r\n<p>I marchi non hanno bisogno di un nuovo claim. Hanno bisogno di un orecchio diverso. Non di un migliore targeting, ma di un diverso atteggiamento. Non si tratta di attenzione, ma di reattivit\u00e0. Non si tratta del prossimo momento virale, ma di riconnettersi con calma a ci\u00f2 che \u00e8 stato: una relazione.<\/p>\r\n<p>\u00c8 possibile farlo con <em>Ascolto dei consumatori<\/em> chiamarlo. O semplicemente chiamatelo ascolto. Il fattore decisivo non \u00e8 il metodo, ma lo spazio: uno spazio in cui i consumatori non vengono interrogati, ma ascoltati.<\/p>\r\n<p>E questo spazio non inizia con gli strumenti. Inizia con una domanda onesta: chi siamo - dal punto di vista dei nostri clienti e consumatori?<\/p>\r\n<p>A proposito...<br \/>\r\nAlcuni marchi non muoiono per la perdita di significato, ma per la mancanza di relazioni.<\/p>","protected":false},"excerpt":{"rendered":"<p>Nella nostra rubrica \"A proposito...\", Laura Colledani e Klaus Ammon di Management Tools si alternano per riflettere sulle questioni del nostro tempo. Questa volta: Comprato ma non ascoltato - Perch\u00e9 il cliente \u00e8 gi\u00e0 passato da tempo.<\/p>","protected":false},"author":8,"featured_media":40831,"comment_status":"closed","ping_status":"closed","sticky":false,"template":"","format":"standard","meta":{"_acf_changed":false,"_yoast_wpseo_focuskw":"Bedeutungsverlust","_yoast_wpseo_metadesc":"In der Kolumne \u00ab\u00dcbrigens...\u00bb sinnieren abwechselnd Laura Colledani und Klaus Ammon von Management Tools \u00fcber Themen unserer Zeit.","articlekey":"","footnotes":""},"categories":[29],"tags":[306,2617,4343],"class_list":["post-40828","post","type-post","status-publish","format-standard","has-post-thumbnail","hentry","category-marketing","tag-kolumne","tag-marken","tag-markom"],"acf":[],"yoast_head":"<!-- This site is optimized with the Yoast SEO plugin v27.5 - https:\/\/yoast.com\/product\/yoast-seo-wordpress\/ -->\n<title>\u00dcbrigens \u2026 Manche Marken sterben nicht an Bedeutungsverlust, sondern an Beziehungslosigkeit - Organisator<\/title>\n<meta name=\"description\" content=\"In der Kolumne \u00ab\u00dcbrigens...\u00bb sinnieren abwechselnd Laura Colledani und Klaus Ammon von Management Tools \u00fcber Themen unserer Zeit.\" \/>\n<meta name=\"robots\" content=\"index, follow, max-snippet:-1, max-image-preview:large, max-video-preview:-1\" \/>\n<link rel=\"canonical\" href=\"https:\/\/www.organisator.ch\/it\/marketing\/2025-09-30\/uebrigens-manche-marken-sterben-nicht-an-bedeutungsverlust-sondern-an-beziehungslosigkeit\/\" \/>\n<meta property=\"og:locale\" content=\"it_IT\" \/>\n<meta property=\"og:type\" content=\"article\" \/>\n<meta property=\"og:title\" content=\"\u00dcbrigens \u2026 Manche Marken sterben nicht an Bedeutungsverlust, sondern an Beziehungslosigkeit - Organisator\" \/>\n<meta property=\"og:description\" content=\"In der Kolumne \u00ab\u00dcbrigens...\u00bb sinnieren abwechselnd Laura Colledani und Klaus Ammon von Management Tools \u00fcber Themen unserer Zeit.\" \/>\n<meta property=\"og:url\" content=\"https:\/\/www.organisator.ch\/it\/marketing\/2025-09-30\/uebrigens-manche-marken-sterben-nicht-an-bedeutungsverlust-sondern-an-beziehungslosigkeit\/\" \/>\n<meta property=\"og:site_name\" content=\"Organisator\" \/>\n<meta property=\"article:publisher\" content=\"https:\/\/www.facebook.com\/OrganisatorFachmagazin\" \/>\n<meta property=\"article:published_time\" content=\"2025-09-30T15:13:03+00:00\" \/>\n<meta property=\"article:modified_time\" content=\"2025-10-20T14:18:43+00:00\" \/>\n<meta property=\"og:image\" content=\"https:\/\/www.organisator.ch\/wp-content\/uploads\/2025\/09\/natalia-blauth-kucpwLmInxU-unsplash-scaled-1.jpg\" \/>\n\t<meta property=\"og:image:width\" content=\"1400\" \/>\n\t<meta property=\"og:image:height\" content=\"933\" \/>\n\t<meta property=\"og:image:type\" content=\"image\/jpeg\" \/>\n<meta name=\"author\" content=\"galledia\" \/>\n<meta name=\"twitter:card\" content=\"summary_large_image\" \/>\n<meta name=\"twitter:creator\" content=\"@admin\" \/>\n<script type=\"application\/ld+json\" class=\"yoast-schema-graph\">{\"@context\":\"https:\\\/\\\/schema.org\",\"@graph\":[{\"@type\":\"Article\",\"@id\":\"https:\\\/\\\/www.organisator.ch\\\/marketing\\\/2025-09-30\\\/uebrigens-manche-marken-sterben-nicht-an-bedeutungsverlust-sondern-an-beziehungslosigkeit\\\/#article\",\"isPartOf\":{\"@id\":\"https:\\\/\\\/www.organisator.ch\\\/marketing\\\/2025-09-30\\\/uebrigens-manche-marken-sterben-nicht-an-bedeutungsverlust-sondern-an-beziehungslosigkeit\\\/\"},\"author\":{\"name\":\"galledia\",\"@id\":\"https:\\\/\\\/www.organisator.ch\\\/#\\\/schema\\\/person\\\/4e51799071cd2dd1232ac003643ef5f0\"},\"headline\":\"\u00dcbrigens \u2026 Manche Marken sterben nicht an Bedeutungsverlust, sondern an Beziehungslosigkeit\",\"datePublished\":\"2025-09-30T15:13:03+00:00\",\"dateModified\":\"2025-10-20T14:18:43+00:00\",\"mainEntityOfPage\":{\"@id\":\"https:\\\/\\\/www.organisator.ch\\\/marketing\\\/2025-09-30\\\/uebrigens-manche-marken-sterben-nicht-an-bedeutungsverlust-sondern-an-beziehungslosigkeit\\\/\"},\"wordCount\":460,\"publisher\":{\"@id\":\"https:\\\/\\\/www.organisator.ch\\\/#organization\"},\"image\":{\"@id\":\"https:\\\/\\\/www.organisator.ch\\\/marketing\\\/2025-09-30\\\/uebrigens-manche-marken-sterben-nicht-an-bedeutungsverlust-sondern-an-beziehungslosigkeit\\\/#primaryimage\"},\"thumbnailUrl\":\"https:\\\/\\\/www.organisator.ch\\\/wp-content\\\/uploads\\\/2025\\\/09\\\/natalia-blauth-kucpwLmInxU-unsplash-scaled-1.jpg\",\"keywords\":[\"Kolumne\",\"Marken\",\"MarKom\"],\"articleSection\":[\"MARKETING\"],\"inLanguage\":\"it-IT\"},{\"@type\":\"WebPage\",\"@id\":\"https:\\\/\\\/www.organisator.ch\\\/marketing\\\/2025-09-30\\\/uebrigens-manche-marken-sterben-nicht-an-bedeutungsverlust-sondern-an-beziehungslosigkeit\\\/\",\"url\":\"https:\\\/\\\/www.organisator.ch\\\/marketing\\\/2025-09-30\\\/uebrigens-manche-marken-sterben-nicht-an-bedeutungsverlust-sondern-an-beziehungslosigkeit\\\/\",\"name\":\"\u00dcbrigens \u2026 Manche Marken sterben nicht an Bedeutungsverlust, sondern an Beziehungslosigkeit - Organisator\",\"isPartOf\":{\"@id\":\"https:\\\/\\\/www.organisator.ch\\\/#website\"},\"primaryImageOfPage\":{\"@id\":\"https:\\\/\\\/www.organisator.ch\\\/marketing\\\/2025-09-30\\\/uebrigens-manche-marken-sterben-nicht-an-bedeutungsverlust-sondern-an-beziehungslosigkeit\\\/#primaryimage\"},\"image\":{\"@id\":\"https:\\\/\\\/www.organisator.ch\\\/marketing\\\/2025-09-30\\\/uebrigens-manche-marken-sterben-nicht-an-bedeutungsverlust-sondern-an-beziehungslosigkeit\\\/#primaryimage\"},\"thumbnailUrl\":\"https:\\\/\\\/www.organisator.ch\\\/wp-content\\\/uploads\\\/2025\\\/09\\\/natalia-blauth-kucpwLmInxU-unsplash-scaled-1.jpg\",\"datePublished\":\"2025-09-30T15:13:03+00:00\",\"dateModified\":\"2025-10-20T14:18:43+00:00\",\"description\":\"In der Kolumne \u00ab\u00dcbrigens...\u00bb sinnieren abwechselnd Laura Colledani und Klaus Ammon von Management Tools \u00fcber Themen unserer Zeit.\",\"breadcrumb\":{\"@id\":\"https:\\\/\\\/www.organisator.ch\\\/marketing\\\/2025-09-30\\\/uebrigens-manche-marken-sterben-nicht-an-bedeutungsverlust-sondern-an-beziehungslosigkeit\\\/#breadcrumb\"},\"inLanguage\":\"it-IT\",\"potentialAction\":[{\"@type\":\"ReadAction\",\"target\":[\"https:\\\/\\\/www.organisator.ch\\\/marketing\\\/2025-09-30\\\/uebrigens-manche-marken-sterben-nicht-an-bedeutungsverlust-sondern-an-beziehungslosigkeit\\\/\"]}]},{\"@type\":\"ImageObject\",\"inLanguage\":\"it-IT\",\"@id\":\"https:\\\/\\\/www.organisator.ch\\\/marketing\\\/2025-09-30\\\/uebrigens-manche-marken-sterben-nicht-an-bedeutungsverlust-sondern-an-beziehungslosigkeit\\\/#primaryimage\",\"url\":\"https:\\\/\\\/www.organisator.ch\\\/wp-content\\\/uploads\\\/2025\\\/09\\\/natalia-blauth-kucpwLmInxU-unsplash-scaled-1.jpg\",\"contentUrl\":\"https:\\\/\\\/www.organisator.ch\\\/wp-content\\\/uploads\\\/2025\\\/09\\\/natalia-blauth-kucpwLmInxU-unsplash-scaled-1.jpg\",\"width\":1400,\"height\":933},{\"@type\":\"BreadcrumbList\",\"@id\":\"https:\\\/\\\/www.organisator.ch\\\/marketing\\\/2025-09-30\\\/uebrigens-manche-marken-sterben-nicht-an-bedeutungsverlust-sondern-an-beziehungslosigkeit\\\/#breadcrumb\",\"itemListElement\":[{\"@type\":\"ListItem\",\"position\":1,\"name\":\"Home\",\"item\":\"https:\\\/\\\/www.organisator.ch\\\/\"},{\"@type\":\"ListItem\",\"position\":2,\"name\":\"\u00dcbrigens \u2026 Manche Marken sterben nicht an Bedeutungsverlust, sondern an Beziehungslosigkeit\"}]},{\"@type\":\"WebSite\",\"@id\":\"https:\\\/\\\/www.organisator.ch\\\/#website\",\"url\":\"https:\\\/\\\/www.organisator.ch\\\/\",\"name\":\"Organisator\",\"description\":\"Kompetent. Praxisnah. Der ORGANISATOR bereitet in 10 Ausgaben pro Jahr die wesentlichen Themen f\u00fcr F\u00fchrungskr\u00e4fte von KMU auf.\",\"publisher\":{\"@id\":\"https:\\\/\\\/www.organisator.ch\\\/#organization\"},\"potentialAction\":[{\"@type\":\"SearchAction\",\"target\":{\"@type\":\"EntryPoint\",\"urlTemplate\":\"https:\\\/\\\/www.organisator.ch\\\/?s={search_term_string}\"},\"query-input\":{\"@type\":\"PropertyValueSpecification\",\"valueRequired\":true,\"valueName\":\"search_term_string\"}}],\"inLanguage\":\"it-IT\"},{\"@type\":\"Organization\",\"@id\":\"https:\\\/\\\/www.organisator.ch\\\/#organization\",\"name\":\"Organisator\",\"url\":\"https:\\\/\\\/www.organisator.ch\\\/\",\"logo\":{\"@type\":\"ImageObject\",\"inLanguage\":\"it-IT\",\"@id\":\"https:\\\/\\\/www.organisator.ch\\\/#\\\/schema\\\/logo\\\/image\\\/\",\"url\":\"https:\\\/\\\/www.organisator.ch\\\/wp-content\\\/uploads\\\/2022\\\/01\\\/Logo_Organisator_Website.png\",\"contentUrl\":\"https:\\\/\\\/www.organisator.ch\\\/wp-content\\\/uploads\\\/2022\\\/01\\\/Logo_Organisator_Website.png\",\"width\":800,\"height\":77,\"caption\":\"Organisator\"},\"image\":{\"@id\":\"https:\\\/\\\/www.organisator.ch\\\/#\\\/schema\\\/logo\\\/image\\\/\"},\"sameAs\":[\"https:\\\/\\\/www.facebook.com\\\/OrganisatorFachmagazin\",\"https:\\\/\\\/www.linkedin.com\\\/showcase\\\/organisator-das-magazin-fr-kmu\",\"https:\\\/\\\/www.xing.com\\\/news\\\/pages\\\/organisator-ch-695\",\"https:\\\/\\\/www.youtube.com\\\/channel\\\/UCGP2Sq0iWaZwT3BdIAQFYpw\"]},{\"@type\":\"Person\",\"@id\":\"https:\\\/\\\/www.organisator.ch\\\/#\\\/schema\\\/person\\\/4e51799071cd2dd1232ac003643ef5f0\",\"name\":\"galledia\",\"image\":{\"@type\":\"ImageObject\",\"inLanguage\":\"it-IT\",\"@id\":\"https:\\\/\\\/secure.gravatar.com\\\/avatar\\\/78a7f90c01fc2bfc875782a0d4922b37cde2cf184ce347b91316d23cd7f69a36?s=96&d=mm&r=g\",\"url\":\"https:\\\/\\\/secure.gravatar.com\\\/avatar\\\/78a7f90c01fc2bfc875782a0d4922b37cde2cf184ce347b91316d23cd7f69a36?s=96&d=mm&r=g\",\"contentUrl\":\"https:\\\/\\\/secure.gravatar.com\\\/avatar\\\/78a7f90c01fc2bfc875782a0d4922b37cde2cf184ce347b91316d23cd7f69a36?s=96&d=mm&r=g\",\"caption\":\"galledia\"},\"sameAs\":[\"https:\\\/\\\/x.com\\\/admin\"],\"url\":\"https:\\\/\\\/www.organisator.ch\\\/it\\\/author\\\/galledia\\\/\"}]}<\/script>\n<!-- \/ Yoast SEO plugin. -->","yoast_head_json":{"title":"A proposito... Alcuni marchi non muoiono per una perdita di significato, ma per una mancanza di relazioni - Organizzatore","description":"Nella rubrica \"A proposito...\", Laura Colledani e Klaus Ammon di Management Tools si alternano per riflettere sulle questioni del nostro tempo.","robots":{"index":"index","follow":"follow","max-snippet":"max-snippet:-1","max-image-preview":"max-image-preview:large","max-video-preview":"max-video-preview:-1"},"canonical":"https:\/\/www.organisator.ch\/it\/marketing\/2025-09-30\/uebrigens-manche-marken-sterben-nicht-an-bedeutungsverlust-sondern-an-beziehungslosigkeit\/","og_locale":"it_IT","og_type":"article","og_title":"\u00dcbrigens \u2026 Manche Marken sterben nicht an Bedeutungsverlust, sondern an Beziehungslosigkeit - Organisator","og_description":"In der Kolumne \u00ab\u00dcbrigens...\u00bb sinnieren abwechselnd Laura Colledani und Klaus Ammon von Management Tools \u00fcber Themen unserer Zeit.","og_url":"https:\/\/www.organisator.ch\/it\/marketing\/2025-09-30\/uebrigens-manche-marken-sterben-nicht-an-bedeutungsverlust-sondern-an-beziehungslosigkeit\/","og_site_name":"Organisator","article_publisher":"https:\/\/www.facebook.com\/OrganisatorFachmagazin","article_published_time":"2025-09-30T15:13:03+00:00","article_modified_time":"2025-10-20T14:18:43+00:00","og_image":[{"width":1400,"height":933,"url":"https:\/\/www.organisator.ch\/wp-content\/uploads\/2025\/09\/natalia-blauth-kucpwLmInxU-unsplash-scaled-1.jpg","type":"image\/jpeg"}],"author":"galledia","twitter_card":"summary_large_image","twitter_creator":"@admin","schema":{"@context":"https:\/\/schema.org","@graph":[{"@type":"Article","@id":"https:\/\/www.organisator.ch\/marketing\/2025-09-30\/uebrigens-manche-marken-sterben-nicht-an-bedeutungsverlust-sondern-an-beziehungslosigkeit\/#article","isPartOf":{"@id":"https:\/\/www.organisator.ch\/marketing\/2025-09-30\/uebrigens-manche-marken-sterben-nicht-an-bedeutungsverlust-sondern-an-beziehungslosigkeit\/"},"author":{"name":"galledia","@id":"https:\/\/www.organisator.ch\/#\/schema\/person\/4e51799071cd2dd1232ac003643ef5f0"},"headline":"\u00dcbrigens \u2026 Manche Marken sterben nicht an Bedeutungsverlust, sondern an Beziehungslosigkeit","datePublished":"2025-09-30T15:13:03+00:00","dateModified":"2025-10-20T14:18:43+00:00","mainEntityOfPage":{"@id":"https:\/\/www.organisator.ch\/marketing\/2025-09-30\/uebrigens-manche-marken-sterben-nicht-an-bedeutungsverlust-sondern-an-beziehungslosigkeit\/"},"wordCount":460,"publisher":{"@id":"https:\/\/www.organisator.ch\/#organization"},"image":{"@id":"https:\/\/www.organisator.ch\/marketing\/2025-09-30\/uebrigens-manche-marken-sterben-nicht-an-bedeutungsverlust-sondern-an-beziehungslosigkeit\/#primaryimage"},"thumbnailUrl":"https:\/\/www.organisator.ch\/wp-content\/uploads\/2025\/09\/natalia-blauth-kucpwLmInxU-unsplash-scaled-1.jpg","keywords":["Kolumne","Marken","MarKom"],"articleSection":["MARKETING"],"inLanguage":"it-IT"},{"@type":"WebPage","@id":"https:\/\/www.organisator.ch\/marketing\/2025-09-30\/uebrigens-manche-marken-sterben-nicht-an-bedeutungsverlust-sondern-an-beziehungslosigkeit\/","url":"https:\/\/www.organisator.ch\/marketing\/2025-09-30\/uebrigens-manche-marken-sterben-nicht-an-bedeutungsverlust-sondern-an-beziehungslosigkeit\/","name":"A proposito... Alcuni marchi non muoiono per una perdita di significato, ma per una mancanza di relazioni - Organizzatore","isPartOf":{"@id":"https:\/\/www.organisator.ch\/#website"},"primaryImageOfPage":{"@id":"https:\/\/www.organisator.ch\/marketing\/2025-09-30\/uebrigens-manche-marken-sterben-nicht-an-bedeutungsverlust-sondern-an-beziehungslosigkeit\/#primaryimage"},"image":{"@id":"https:\/\/www.organisator.ch\/marketing\/2025-09-30\/uebrigens-manche-marken-sterben-nicht-an-bedeutungsverlust-sondern-an-beziehungslosigkeit\/#primaryimage"},"thumbnailUrl":"https:\/\/www.organisator.ch\/wp-content\/uploads\/2025\/09\/natalia-blauth-kucpwLmInxU-unsplash-scaled-1.jpg","datePublished":"2025-09-30T15:13:03+00:00","dateModified":"2025-10-20T14:18:43+00:00","description":"Nella rubrica \"A proposito...\", Laura Colledani e Klaus Ammon di Management Tools si alternano per riflettere sulle questioni del nostro tempo.","breadcrumb":{"@id":"https:\/\/www.organisator.ch\/marketing\/2025-09-30\/uebrigens-manche-marken-sterben-nicht-an-bedeutungsverlust-sondern-an-beziehungslosigkeit\/#breadcrumb"},"inLanguage":"it-IT","potentialAction":[{"@type":"ReadAction","target":["https:\/\/www.organisator.ch\/marketing\/2025-09-30\/uebrigens-manche-marken-sterben-nicht-an-bedeutungsverlust-sondern-an-beziehungslosigkeit\/"]}]},{"@type":"ImageObject","inLanguage":"it-IT","@id":"https:\/\/www.organisator.ch\/marketing\/2025-09-30\/uebrigens-manche-marken-sterben-nicht-an-bedeutungsverlust-sondern-an-beziehungslosigkeit\/#primaryimage","url":"https:\/\/www.organisator.ch\/wp-content\/uploads\/2025\/09\/natalia-blauth-kucpwLmInxU-unsplash-scaled-1.jpg","contentUrl":"https:\/\/www.organisator.ch\/wp-content\/uploads\/2025\/09\/natalia-blauth-kucpwLmInxU-unsplash-scaled-1.jpg","width":1400,"height":933},{"@type":"BreadcrumbList","@id":"https:\/\/www.organisator.ch\/marketing\/2025-09-30\/uebrigens-manche-marken-sterben-nicht-an-bedeutungsverlust-sondern-an-beziehungslosigkeit\/#breadcrumb","itemListElement":[{"@type":"ListItem","position":1,"name":"Home","item":"https:\/\/www.organisator.ch\/"},{"@type":"ListItem","position":2,"name":"\u00dcbrigens \u2026 Manche Marken sterben nicht an Bedeutungsverlust, sondern an Beziehungslosigkeit"}]},{"@type":"WebSite","@id":"https:\/\/www.organisator.ch\/#website","url":"https:\/\/www.organisator.ch\/","name":"Organizzatore","description":"Competente. Pratico. In 10 numeri all'anno, ORGANISATOR presenta i temi essenziali per i manager delle PMI.","publisher":{"@id":"https:\/\/www.organisator.ch\/#organization"},"potentialAction":[{"@type":"SearchAction","target":{"@type":"EntryPoint","urlTemplate":"https:\/\/www.organisator.ch\/?s={search_term_string}"},"query-input":{"@type":"PropertyValueSpecification","valueRequired":true,"valueName":"search_term_string"}}],"inLanguage":"it-IT"},{"@type":"Organization","@id":"https:\/\/www.organisator.ch\/#organization","name":"Organizzatore","url":"https:\/\/www.organisator.ch\/","logo":{"@type":"ImageObject","inLanguage":"it-IT","@id":"https:\/\/www.organisator.ch\/#\/schema\/logo\/image\/","url":"https:\/\/www.organisator.ch\/wp-content\/uploads\/2022\/01\/Logo_Organisator_Website.png","contentUrl":"https:\/\/www.organisator.ch\/wp-content\/uploads\/2022\/01\/Logo_Organisator_Website.png","width":800,"height":77,"caption":"Organisator"},"image":{"@id":"https:\/\/www.organisator.ch\/#\/schema\/logo\/image\/"},"sameAs":["https:\/\/www.facebook.com\/OrganisatorFachmagazin","https:\/\/www.linkedin.com\/showcase\/organisator-das-magazin-fr-kmu","https:\/\/www.xing.com\/news\/pages\/organisator-ch-695","https:\/\/www.youtube.com\/channel\/UCGP2Sq0iWaZwT3BdIAQFYpw"]},{"@type":"Person","@id":"https:\/\/www.organisator.ch\/#\/schema\/person\/4e51799071cd2dd1232ac003643ef5f0","name":"galledia","image":{"@type":"ImageObject","inLanguage":"it-IT","@id":"https:\/\/secure.gravatar.com\/avatar\/78a7f90c01fc2bfc875782a0d4922b37cde2cf184ce347b91316d23cd7f69a36?s=96&d=mm&r=g","url":"https:\/\/secure.gravatar.com\/avatar\/78a7f90c01fc2bfc875782a0d4922b37cde2cf184ce347b91316d23cd7f69a36?s=96&d=mm&r=g","contentUrl":"https:\/\/secure.gravatar.com\/avatar\/78a7f90c01fc2bfc875782a0d4922b37cde2cf184ce347b91316d23cd7f69a36?s=96&d=mm&r=g","caption":"galledia"},"sameAs":["https:\/\/x.com\/admin"],"url":"https:\/\/www.organisator.ch\/it\/author\/galledia\/"}]}},"_links":{"self":[{"href":"https:\/\/www.organisator.ch\/it\/wp-json\/wp\/v2\/posts\/40828","targetHints":{"allow":["GET"]}}],"collection":[{"href":"https:\/\/www.organisator.ch\/it\/wp-json\/wp\/v2\/posts"}],"about":[{"href":"https:\/\/www.organisator.ch\/it\/wp-json\/wp\/v2\/types\/post"}],"author":[{"embeddable":true,"href":"https:\/\/www.organisator.ch\/it\/wp-json\/wp\/v2\/users\/8"}],"replies":[{"embeddable":true,"href":"https:\/\/www.organisator.ch\/it\/wp-json\/wp\/v2\/comments?post=40828"}],"version-history":[{"count":7,"href":"https:\/\/www.organisator.ch\/it\/wp-json\/wp\/v2\/posts\/40828\/revisions"}],"predecessor-version":[{"id":40833,"href":"https:\/\/www.organisator.ch\/it\/wp-json\/wp\/v2\/posts\/40828\/revisions\/40833"}],"wp:featuredmedia":[{"embeddable":true,"href":"https:\/\/www.organisator.ch\/it\/wp-json\/wp\/v2\/media\/40831"}],"wp:attachment":[{"href":"https:\/\/www.organisator.ch\/it\/wp-json\/wp\/v2\/media?parent=40828"}],"wp:term":[{"taxonomy":"category","embeddable":true,"href":"https:\/\/www.organisator.ch\/it\/wp-json\/wp\/v2\/categories?post=40828"},{"taxonomy":"post_tag","embeddable":true,"href":"https:\/\/www.organisator.ch\/it\/wp-json\/wp\/v2\/tags?post=40828"}],"curies":[{"name":"wp","href":"https:\/\/api.w.org\/{rel}","templated":true}]}}