{"id":40843,"date":"2025-10-01T15:34:48","date_gmt":"2025-10-01T13:34:48","guid":{"rendered":"https:\/\/www.markt-kom.com\/?p=242134"},"modified":"2025-10-01T16:29:00","modified_gmt":"2025-10-01T14:29:00","slug":"stiftung-schweiz-wird-zu-spheriq","status":"publish","type":"post","link":"https:\/\/www.organisator.ch\/it\/marketing\/2025-10-01\/stiftung-schweiz-wird-zu-spheriq\/","title":{"rendered":"La Fondazione svizzera diventa Spheriq"},"content":{"rendered":"<figure id=\"attachment_242143\" class=\"wp-caption alignnone\" style=\"width: 1400px;\" aria-describedby=\"caption-attachment-242143\"><img class=\"size-full wp-image-242143\" src=\"https:\/\/www.markt-kom.com\/wp-content\/uploads\/2025\/10\/speriq-scaled.jpg\" sizes=\"(max-width: 1400px) 100vw, 1400px\" srcset=\"https:\/\/www.markt-kom.com\/wp-content\/uploads\/2025\/10\/speriq-scaled.jpg 1300w, https:\/\/www.markt-kom.com\/wp-content\/uploads\/2025\/10\/speriq-600x350.jpg 600w, https:\/\/www.markt-kom.com\/wp-content\/uploads\/2025\/10\/speriq-1024x597.jpg 1024w, https:\/\/www.markt-kom.com\/wp-content\/uploads\/2025\/10\/speriq-768x448.jpg 768w, https:\/\/www.markt-kom.com\/wp-content\/uploads\/2025\/10\/speriq-1536x896.jpg 1536w, https:\/\/www.markt-kom.com\/wp-content\/uploads\/2025\/10\/speriq-18x12.jpg 18w, https:\/\/www.markt-kom.com\/wp-content\/uploads\/2025\/10\/speriq-300x175.jpg 300w, https:\/\/www.markt-kom.com\/wp-content\/uploads\/2025\/10\/speriq-1000x583.jpg 1000w\" alt=\"\" width=\"1400\" height=\"817\" \/>\r\n<figcaption id=\"caption-attachment-242143\" class=\"wp-caption-text\">Florence Schnydrig Moser, responsabile del Private Banking della Z\u00fcrcher Kantonalbank e presidente del Consiglio di amministrazione di Spheriq, e Stefan Sch\u00f6bi, CEO di Spheriq, sono entusiasti del nuovo look della piattaforma. (Immagine: Jasmin Frei)<\/figcaption>\r\n<\/figure>\r\n<p>\"Spheriq \u00e8 l'acronimo di uno spazio digitale sicuro e collegato in rete in cui le buone idee trovano i partner giusti e hanno un impatto\", riassume Florence Schnydrig Moser, Presidente del Consiglio di Amministrazione. Il nuovo nome combina due principi guida: Sphere per la diversit\u00e0 delle aree di impatto sociale in cui la filantropia \u00e8 attiva e IQ per la competenza in materia di dati e tecnologia. Philanthropy Services AG, l'operatore di StiftungSchweiz, operer\u00e0 in futuro anche come Spheriq AG.<\/p>\r\n<p>Oltre all'iniziativa di digitalizzazione con SwissFoundations, i membri di proFonds beneficiano ora dei vantaggi della piattaforma nell'ambito di una partnership associativa. In questo modo Spheriq si inserisce ancora pi\u00f9 saldamente nell'ecosistema della beneficenza.<\/p>\r\n<h3>La Svizzera come hotspot globale per la filantropia<\/h3>\r\n<p>La Svizzera \u00e8 uno dei Paesi leader al mondo in termini di densit\u00e0 di fondazioni e coinvolgimento della societ\u00e0 civile, dalle associazioni alle ONG internazionali. Con 15 fondazioni ogni 10.000 abitanti, sei volte di pi\u00f9 rispetto agli Stati Uniti, oltre 140 miliardi di franchi svizzeri di patrimonio delle fondazioni e pi\u00f9 di 20.000 organizzazioni di beneficenza, la Svizzera sta plasmando la filantropia internazionale.<\/p>\r\n<p>In questo contesto, negli ultimi anni StiftungSchweiz si \u00e8 affermata come la pi\u00f9 grande piattaforma filantropica. Con il rilancio sotto il nome di Spheriq, il suo ruolo di infrastruttura digitale per il settore della beneficenza viene rafforzato in modo mirato. Spheriq crea cos\u00ec le basi per una nuova qualit\u00e0 della collaborazione digitale nel settore.<\/p>\r\n<h3>Promuovere e raccogliere fondi in modo pi\u00f9 efficace<\/h3>\r\n<p>\"Semplicemente pi\u00f9 efficace\": questo motto riassume la missione di Spheriq: strumenti digitali intelligenti che riducono la complessit\u00e0 e aumentano l'impatto, che si tratti di finanziamenti, raccolte fondi, networking o donazioni. Con il rilancio, \u00e8 stato aggiunto un ulteriore livello di supporto: l'elenco degli attori ora mostra quanto le organizzazioni siano in sintonia con le valutazioni \"Fit\" e \"Hope\" e quanto sia realistica una partnership di successo.<\/p>\r\n<p>Spheriq si rivolge quindi a organizzazioni di finanziamento, associazioni, esperti e donatori e collega tutti i gruppi target - al di l\u00e0 della filantropia tradizionale delle fondazioni - all'era digitale. Con strumenti per la comunicazione, la ricerca, l'elaborazione delle sovvenzioni, la gestione delle domande e dei consigli di amministrazione, nonch\u00e9 approfondimenti basati sui dati, Spheriq offre gli strumenti e le basi essenziali per una filantropia digitale efficace.<\/p>\r\n<h3>Ampia rete e partner forti<\/h3>\r\n<p>Questi strumenti vengono ulteriormente sviluppati in collaborazione con associazioni professionali e partner scientifici e nell'ambito dell'iniziativa di digitalizzazione congiunta con SwissFoundations: proFonds, l'organizzazione mantello delle fondazioni di pubblica utilit\u00e0 in Svizzera, rende ora disponibili i servizi dei suoi membri anche in formato digitale tramite Spheriq. Spheriq sta inoltre rafforzando la sua presenza nella Svizzera francese e in Ticino e sta ampliando ulteriormente la sua collaborazione con le organizzazioni mantello regionali, nazionali e internazionali.<\/p>","protected":false},"excerpt":{"rendered":"<p>La piattaforma StiftungSchweiz, lanciata sei anni fa, opera ora con il nome di Spheriq e si concentra sul suo ruolo di infrastruttura digitale per il settore della beneficenza. Fit\" e \"Hope\" mostrano a colpo d'occhio quali sono le organizzazioni non profit e le fondazioni che concedono sovvenzioni.<\/p>","protected":false},"author":8,"featured_media":0,"comment_status":"closed","ping_status":"closed","sticky":false,"template":"","format":"standard","meta":{"_acf_changed":false,"_yoast_wpseo_focuskw":"Stiftung Schweiz","_yoast_wpseo_metadesc":"Die Plattform StiftungSchweiz tritt neu unter dem Namen Spheriq auf und fokussiert auf die Rolle als digitale Infrastruktur f\u00fcr den gemeinn\u00fctzigen Sektor.","articlekey":"","footnotes":""},"categories":[29],"tags":[4345,4343,5551,2901],"class_list":["post-40843","post","type-post","status-publish","format-standard","hentry","category-marketing","tag-business","tag-markom","tag-spheriq","tag-stiftungschweiz"],"acf":[],"yoast_head":"<!-- This site is optimized with the Yoast SEO plugin v27.4 - https:\/\/yoast.com\/product\/yoast-seo-wordpress\/ -->\n<title>Stiftung Schweiz wird zu Spheriq - Organisator<\/title>\n<meta name=\"description\" content=\"Die Plattform StiftungSchweiz tritt neu unter dem Namen Spheriq auf und fokussiert auf die Rolle als digitale Infrastruktur f\u00fcr den gemeinn\u00fctzigen Sektor.\" \/>\n<meta name=\"robots\" content=\"index, follow, max-snippet:-1, max-image-preview:large, max-video-preview:-1\" \/>\n<link rel=\"canonical\" href=\"https:\/\/www.organisator.ch\/it\/marketing\/2025-10-01\/stiftung-schweiz-wird-zu-spheriq\/\" \/>\n<meta property=\"og:locale\" content=\"it_IT\" \/>\n<meta property=\"og:type\" content=\"article\" \/>\n<meta property=\"og:title\" content=\"Stiftung Schweiz wird zu Spheriq - Organisator\" \/>\n<meta property=\"og:description\" content=\"Die Plattform StiftungSchweiz tritt neu unter dem Namen Spheriq auf und fokussiert auf die Rolle als digitale Infrastruktur f\u00fcr den gemeinn\u00fctzigen Sektor.\" \/>\n<meta property=\"og:url\" content=\"https:\/\/www.organisator.ch\/it\/marketing\/2025-10-01\/stiftung-schweiz-wird-zu-spheriq\/\" \/>\n<meta property=\"og:site_name\" content=\"Organisator\" \/>\n<meta property=\"article:publisher\" content=\"https:\/\/www.facebook.com\/OrganisatorFachmagazin\" \/>\n<meta property=\"article:published_time\" content=\"2025-10-01T13:34:48+00:00\" \/>\n<meta property=\"article:modified_time\" content=\"2025-10-01T14:29:00+00:00\" \/>\n<meta name=\"author\" content=\"galledia\" \/>\n<meta name=\"twitter:card\" content=\"summary_large_image\" \/>\n<meta name=\"twitter:creator\" content=\"@admin\" \/>\n<script type=\"application\/ld+json\" class=\"yoast-schema-graph\">{\"@context\":\"https:\\\/\\\/schema.org\",\"@graph\":[{\"@type\":\"Article\",\"@id\":\"https:\\\/\\\/www.organisator.ch\\\/marketing\\\/2025-10-01\\\/stiftung-schweiz-wird-zu-spheriq\\\/#article\",\"isPartOf\":{\"@id\":\"https:\\\/\\\/www.organisator.ch\\\/marketing\\\/2025-10-01\\\/stiftung-schweiz-wird-zu-spheriq\\\/\"},\"author\":{\"name\":\"galledia\",\"@id\":\"https:\\\/\\\/www.organisator.ch\\\/#\\\/schema\\\/person\\\/4e51799071cd2dd1232ac003643ef5f0\"},\"headline\":\"Stiftung Schweiz wird zu Spheriq\",\"datePublished\":\"2025-10-01T13:34:48+00:00\",\"dateModified\":\"2025-10-01T14:29:00+00:00\",\"mainEntityOfPage\":{\"@id\":\"https:\\\/\\\/www.organisator.ch\\\/marketing\\\/2025-10-01\\\/stiftung-schweiz-wird-zu-spheriq\\\/\"},\"wordCount\":448,\"publisher\":{\"@id\":\"https:\\\/\\\/www.organisator.ch\\\/#organization\"},\"image\":{\"@id\":\"https:\\\/\\\/www.organisator.ch\\\/marketing\\\/2025-10-01\\\/stiftung-schweiz-wird-zu-spheriq\\\/#primaryimage\"},\"thumbnailUrl\":\"https:\\\/\\\/www.markt-kom.com\\\/wp-content\\\/uploads\\\/2025\\\/10\\\/speriq-scaled.jpg\",\"keywords\":[\"Business\",\"MarKom\",\"Spheriq\",\"StiftungSchweiz\"],\"articleSection\":[\"MARKETING\"],\"inLanguage\":\"it-IT\"},{\"@type\":\"WebPage\",\"@id\":\"https:\\\/\\\/www.organisator.ch\\\/marketing\\\/2025-10-01\\\/stiftung-schweiz-wird-zu-spheriq\\\/\",\"url\":\"https:\\\/\\\/www.organisator.ch\\\/marketing\\\/2025-10-01\\\/stiftung-schweiz-wird-zu-spheriq\\\/\",\"name\":\"Stiftung Schweiz wird zu Spheriq - Organisator\",\"isPartOf\":{\"@id\":\"https:\\\/\\\/www.organisator.ch\\\/#website\"},\"primaryImageOfPage\":{\"@id\":\"https:\\\/\\\/www.organisator.ch\\\/marketing\\\/2025-10-01\\\/stiftung-schweiz-wird-zu-spheriq\\\/#primaryimage\"},\"image\":{\"@id\":\"https:\\\/\\\/www.organisator.ch\\\/marketing\\\/2025-10-01\\\/stiftung-schweiz-wird-zu-spheriq\\\/#primaryimage\"},\"thumbnailUrl\":\"https:\\\/\\\/www.markt-kom.com\\\/wp-content\\\/uploads\\\/2025\\\/10\\\/speriq-scaled.jpg\",\"datePublished\":\"2025-10-01T13:34:48+00:00\",\"dateModified\":\"2025-10-01T14:29:00+00:00\",\"description\":\"Die Plattform StiftungSchweiz tritt neu unter dem Namen Spheriq auf und fokussiert auf die Rolle als digitale Infrastruktur f\u00fcr den gemeinn\u00fctzigen Sektor.\",\"breadcrumb\":{\"@id\":\"https:\\\/\\\/www.organisator.ch\\\/marketing\\\/2025-10-01\\\/stiftung-schweiz-wird-zu-spheriq\\\/#breadcrumb\"},\"inLanguage\":\"it-IT\",\"potentialAction\":[{\"@type\":\"ReadAction\",\"target\":[\"https:\\\/\\\/www.organisator.ch\\\/marketing\\\/2025-10-01\\\/stiftung-schweiz-wird-zu-spheriq\\\/\"]}]},{\"@type\":\"ImageObject\",\"inLanguage\":\"it-IT\",\"@id\":\"https:\\\/\\\/www.organisator.ch\\\/marketing\\\/2025-10-01\\\/stiftung-schweiz-wird-zu-spheriq\\\/#primaryimage\",\"url\":\"https:\\\/\\\/www.markt-kom.com\\\/wp-content\\\/uploads\\\/2025\\\/10\\\/speriq-scaled.jpg\",\"contentUrl\":\"https:\\\/\\\/www.markt-kom.com\\\/wp-content\\\/uploads\\\/2025\\\/10\\\/speriq-scaled.jpg\"},{\"@type\":\"BreadcrumbList\",\"@id\":\"https:\\\/\\\/www.organisator.ch\\\/marketing\\\/2025-10-01\\\/stiftung-schweiz-wird-zu-spheriq\\\/#breadcrumb\",\"itemListElement\":[{\"@type\":\"ListItem\",\"position\":1,\"name\":\"Home\",\"item\":\"https:\\\/\\\/www.organisator.ch\\\/\"},{\"@type\":\"ListItem\",\"position\":2,\"name\":\"Stiftung Schweiz wird zu Spheriq\"}]},{\"@type\":\"WebSite\",\"@id\":\"https:\\\/\\\/www.organisator.ch\\\/#website\",\"url\":\"https:\\\/\\\/www.organisator.ch\\\/\",\"name\":\"Organisator\",\"description\":\"Kompetent. Praxisnah. Der ORGANISATOR bereitet in 10 Ausgaben pro Jahr die wesentlichen Themen f\u00fcr F\u00fchrungskr\u00e4fte von KMU auf.\",\"publisher\":{\"@id\":\"https:\\\/\\\/www.organisator.ch\\\/#organization\"},\"potentialAction\":[{\"@type\":\"SearchAction\",\"target\":{\"@type\":\"EntryPoint\",\"urlTemplate\":\"https:\\\/\\\/www.organisator.ch\\\/?s={search_term_string}\"},\"query-input\":{\"@type\":\"PropertyValueSpecification\",\"valueRequired\":true,\"valueName\":\"search_term_string\"}}],\"inLanguage\":\"it-IT\"},{\"@type\":\"Organization\",\"@id\":\"https:\\\/\\\/www.organisator.ch\\\/#organization\",\"name\":\"Organisator\",\"url\":\"https:\\\/\\\/www.organisator.ch\\\/\",\"logo\":{\"@type\":\"ImageObject\",\"inLanguage\":\"it-IT\",\"@id\":\"https:\\\/\\\/www.organisator.ch\\\/#\\\/schema\\\/logo\\\/image\\\/\",\"url\":\"https:\\\/\\\/www.organisator.ch\\\/wp-content\\\/uploads\\\/2022\\\/01\\\/Logo_Organisator_Website.png\",\"contentUrl\":\"https:\\\/\\\/www.organisator.ch\\\/wp-content\\\/uploads\\\/2022\\\/01\\\/Logo_Organisator_Website.png\",\"width\":800,\"height\":77,\"caption\":\"Organisator\"},\"image\":{\"@id\":\"https:\\\/\\\/www.organisator.ch\\\/#\\\/schema\\\/logo\\\/image\\\/\"},\"sameAs\":[\"https:\\\/\\\/www.facebook.com\\\/OrganisatorFachmagazin\",\"https:\\\/\\\/www.linkedin.com\\\/showcase\\\/organisator-das-magazin-fr-kmu\",\"https:\\\/\\\/www.xing.com\\\/news\\\/pages\\\/organisator-ch-695\",\"https:\\\/\\\/www.youtube.com\\\/channel\\\/UCGP2Sq0iWaZwT3BdIAQFYpw\"]},{\"@type\":\"Person\",\"@id\":\"https:\\\/\\\/www.organisator.ch\\\/#\\\/schema\\\/person\\\/4e51799071cd2dd1232ac003643ef5f0\",\"name\":\"galledia\",\"image\":{\"@type\":\"ImageObject\",\"inLanguage\":\"it-IT\",\"@id\":\"https:\\\/\\\/secure.gravatar.com\\\/avatar\\\/78a7f90c01fc2bfc875782a0d4922b37cde2cf184ce347b91316d23cd7f69a36?s=96&d=mm&r=g\",\"url\":\"https:\\\/\\\/secure.gravatar.com\\\/avatar\\\/78a7f90c01fc2bfc875782a0d4922b37cde2cf184ce347b91316d23cd7f69a36?s=96&d=mm&r=g\",\"contentUrl\":\"https:\\\/\\\/secure.gravatar.com\\\/avatar\\\/78a7f90c01fc2bfc875782a0d4922b37cde2cf184ce347b91316d23cd7f69a36?s=96&d=mm&r=g\",\"caption\":\"galledia\"},\"sameAs\":[\"https:\\\/\\\/x.com\\\/admin\"],\"url\":\"https:\\\/\\\/www.organisator.ch\\\/it\\\/author\\\/galledia\\\/\"}]}<\/script>\n<!-- \/ Yoast SEO plugin. -->","yoast_head_json":{"title":"La Fondazione svizzera diventa Spheriq - Organizzatore","description":"La piattaforma StiftungSchweiz opera ora con il nome di Spheriq e si concentra sul suo ruolo di infrastruttura digitale per il settore non profit.","robots":{"index":"index","follow":"follow","max-snippet":"max-snippet:-1","max-image-preview":"max-image-preview:large","max-video-preview":"max-video-preview:-1"},"canonical":"https:\/\/www.organisator.ch\/it\/marketing\/2025-10-01\/stiftung-schweiz-wird-zu-spheriq\/","og_locale":"it_IT","og_type":"article","og_title":"Stiftung Schweiz wird zu Spheriq - Organisator","og_description":"Die Plattform StiftungSchweiz tritt neu unter dem Namen Spheriq auf und fokussiert auf die Rolle als digitale Infrastruktur f\u00fcr den gemeinn\u00fctzigen Sektor.","og_url":"https:\/\/www.organisator.ch\/it\/marketing\/2025-10-01\/stiftung-schweiz-wird-zu-spheriq\/","og_site_name":"Organisator","article_publisher":"https:\/\/www.facebook.com\/OrganisatorFachmagazin","article_published_time":"2025-10-01T13:34:48+00:00","article_modified_time":"2025-10-01T14:29:00+00:00","author":"galledia","twitter_card":"summary_large_image","twitter_creator":"@admin","schema":{"@context":"https:\/\/schema.org","@graph":[{"@type":"Article","@id":"https:\/\/www.organisator.ch\/marketing\/2025-10-01\/stiftung-schweiz-wird-zu-spheriq\/#article","isPartOf":{"@id":"https:\/\/www.organisator.ch\/marketing\/2025-10-01\/stiftung-schweiz-wird-zu-spheriq\/"},"author":{"name":"galledia","@id":"https:\/\/www.organisator.ch\/#\/schema\/person\/4e51799071cd2dd1232ac003643ef5f0"},"headline":"Stiftung Schweiz wird zu Spheriq","datePublished":"2025-10-01T13:34:48+00:00","dateModified":"2025-10-01T14:29:00+00:00","mainEntityOfPage":{"@id":"https:\/\/www.organisator.ch\/marketing\/2025-10-01\/stiftung-schweiz-wird-zu-spheriq\/"},"wordCount":448,"publisher":{"@id":"https:\/\/www.organisator.ch\/#organization"},"image":{"@id":"https:\/\/www.organisator.ch\/marketing\/2025-10-01\/stiftung-schweiz-wird-zu-spheriq\/#primaryimage"},"thumbnailUrl":"https:\/\/www.markt-kom.com\/wp-content\/uploads\/2025\/10\/speriq-scaled.jpg","keywords":["Business","MarKom","Spheriq","StiftungSchweiz"],"articleSection":["MARKETING"],"inLanguage":"it-IT"},{"@type":"WebPage","@id":"https:\/\/www.organisator.ch\/marketing\/2025-10-01\/stiftung-schweiz-wird-zu-spheriq\/","url":"https:\/\/www.organisator.ch\/marketing\/2025-10-01\/stiftung-schweiz-wird-zu-spheriq\/","name":"La Fondazione svizzera diventa Spheriq - Organizzatore","isPartOf":{"@id":"https:\/\/www.organisator.ch\/#website"},"primaryImageOfPage":{"@id":"https:\/\/www.organisator.ch\/marketing\/2025-10-01\/stiftung-schweiz-wird-zu-spheriq\/#primaryimage"},"image":{"@id":"https:\/\/www.organisator.ch\/marketing\/2025-10-01\/stiftung-schweiz-wird-zu-spheriq\/#primaryimage"},"thumbnailUrl":"https:\/\/www.markt-kom.com\/wp-content\/uploads\/2025\/10\/speriq-scaled.jpg","datePublished":"2025-10-01T13:34:48+00:00","dateModified":"2025-10-01T14:29:00+00:00","description":"La piattaforma StiftungSchweiz opera ora con il nome di Spheriq e si concentra sul suo ruolo di infrastruttura digitale per il settore non profit.","breadcrumb":{"@id":"https:\/\/www.organisator.ch\/marketing\/2025-10-01\/stiftung-schweiz-wird-zu-spheriq\/#breadcrumb"},"inLanguage":"it-IT","potentialAction":[{"@type":"ReadAction","target":["https:\/\/www.organisator.ch\/marketing\/2025-10-01\/stiftung-schweiz-wird-zu-spheriq\/"]}]},{"@type":"ImageObject","inLanguage":"it-IT","@id":"https:\/\/www.organisator.ch\/marketing\/2025-10-01\/stiftung-schweiz-wird-zu-spheriq\/#primaryimage","url":"https:\/\/www.markt-kom.com\/wp-content\/uploads\/2025\/10\/speriq-scaled.jpg","contentUrl":"https:\/\/www.markt-kom.com\/wp-content\/uploads\/2025\/10\/speriq-scaled.jpg"},{"@type":"BreadcrumbList","@id":"https:\/\/www.organisator.ch\/marketing\/2025-10-01\/stiftung-schweiz-wird-zu-spheriq\/#breadcrumb","itemListElement":[{"@type":"ListItem","position":1,"name":"Home","item":"https:\/\/www.organisator.ch\/"},{"@type":"ListItem","position":2,"name":"Stiftung Schweiz wird zu Spheriq"}]},{"@type":"WebSite","@id":"https:\/\/www.organisator.ch\/#website","url":"https:\/\/www.organisator.ch\/","name":"Organizzatore","description":"Competente. Pratico. In 10 numeri all'anno, ORGANISATOR presenta i temi essenziali per i manager delle PMI.","publisher":{"@id":"https:\/\/www.organisator.ch\/#organization"},"potentialAction":[{"@type":"SearchAction","target":{"@type":"EntryPoint","urlTemplate":"https:\/\/www.organisator.ch\/?s={search_term_string}"},"query-input":{"@type":"PropertyValueSpecification","valueRequired":true,"valueName":"search_term_string"}}],"inLanguage":"it-IT"},{"@type":"Organization","@id":"https:\/\/www.organisator.ch\/#organization","name":"Organizzatore","url":"https:\/\/www.organisator.ch\/","logo":{"@type":"ImageObject","inLanguage":"it-IT","@id":"https:\/\/www.organisator.ch\/#\/schema\/logo\/image\/","url":"https:\/\/www.organisator.ch\/wp-content\/uploads\/2022\/01\/Logo_Organisator_Website.png","contentUrl":"https:\/\/www.organisator.ch\/wp-content\/uploads\/2022\/01\/Logo_Organisator_Website.png","width":800,"height":77,"caption":"Organisator"},"image":{"@id":"https:\/\/www.organisator.ch\/#\/schema\/logo\/image\/"},"sameAs":["https:\/\/www.facebook.com\/OrganisatorFachmagazin","https:\/\/www.linkedin.com\/showcase\/organisator-das-magazin-fr-kmu","https:\/\/www.xing.com\/news\/pages\/organisator-ch-695","https:\/\/www.youtube.com\/channel\/UCGP2Sq0iWaZwT3BdIAQFYpw"]},{"@type":"Person","@id":"https:\/\/www.organisator.ch\/#\/schema\/person\/4e51799071cd2dd1232ac003643ef5f0","name":"galledia","image":{"@type":"ImageObject","inLanguage":"it-IT","@id":"https:\/\/secure.gravatar.com\/avatar\/78a7f90c01fc2bfc875782a0d4922b37cde2cf184ce347b91316d23cd7f69a36?s=96&d=mm&r=g","url":"https:\/\/secure.gravatar.com\/avatar\/78a7f90c01fc2bfc875782a0d4922b37cde2cf184ce347b91316d23cd7f69a36?s=96&d=mm&r=g","contentUrl":"https:\/\/secure.gravatar.com\/avatar\/78a7f90c01fc2bfc875782a0d4922b37cde2cf184ce347b91316d23cd7f69a36?s=96&d=mm&r=g","caption":"galledia"},"sameAs":["https:\/\/x.com\/admin"],"url":"https:\/\/www.organisator.ch\/it\/author\/galledia\/"}]}},"_links":{"self":[{"href":"https:\/\/www.organisator.ch\/it\/wp-json\/wp\/v2\/posts\/40843","targetHints":{"allow":["GET"]}}],"collection":[{"href":"https:\/\/www.organisator.ch\/it\/wp-json\/wp\/v2\/posts"}],"about":[{"href":"https:\/\/www.organisator.ch\/it\/wp-json\/wp\/v2\/types\/post"}],"author":[{"embeddable":true,"href":"https:\/\/www.organisator.ch\/it\/wp-json\/wp\/v2\/users\/8"}],"replies":[{"embeddable":true,"href":"https:\/\/www.organisator.ch\/it\/wp-json\/wp\/v2\/comments?post=40843"}],"version-history":[{"count":2,"href":"https:\/\/www.organisator.ch\/it\/wp-json\/wp\/v2\/posts\/40843\/revisions"}],"predecessor-version":[{"id":40850,"href":"https:\/\/www.organisator.ch\/it\/wp-json\/wp\/v2\/posts\/40843\/revisions\/40850"}],"wp:attachment":[{"href":"https:\/\/www.organisator.ch\/it\/wp-json\/wp\/v2\/media?parent=40843"}],"wp:term":[{"taxonomy":"category","embeddable":true,"href":"https:\/\/www.organisator.ch\/it\/wp-json\/wp\/v2\/categories?post=40843"},{"taxonomy":"post_tag","embeddable":true,"href":"https:\/\/www.organisator.ch\/it\/wp-json\/wp\/v2\/tags?post=40843"}],"curies":[{"name":"wp","href":"https:\/\/api.w.org\/{rel}","templated":true}]}}