{"id":4089,"date":"2018-08-20T13:52:05","date_gmt":"2018-08-20T11:52:05","guid":{"rendered":"https:\/\/www.organisator.ch\/?p=4089"},"modified":"2018-08-20T13:52:05","modified_gmt":"2018-08-20T11:52:05","slug":"jugendliche-zeigen-wie-sicherheit-am-arbeitsplatz-geht","status":"publish","type":"post","link":"https:\/\/www.organisator.ch\/it\/allgemein\/2018-08-20\/jugendliche-zeigen-wie-sicherheit-am-arbeitsplatz-geht\/","title":{"rendered":"I giovani mostrano come funziona la sicurezza sul posto di lavoro"},"content":{"rendered":"<figure id=\"attachment_4090\" aria-describedby=\"caption-attachment-4090\" style=\"width: 515px\" class=\"wp-caption alignnone\"><img loading=\"lazy\" decoding=\"async\" class=\"size-full wp-image-4090\" src=\"https:\/\/www.organisator.ch\/wp-content\/uploads\/2018\/08\/Jugendliche-zeigen-wie-Sicherheit-am-Arbeitsplatz-geht_Organisator.jpg\" alt=\"\" width=\"515\" height=\"480\" srcset=\"https:\/\/www.organisator.ch\/wp-content\/uploads\/2018\/08\/Jugendliche-zeigen-wie-Sicherheit-am-Arbeitsplatz-geht_Organisator.jpg 515w, https:\/\/www.organisator.ch\/wp-content\/uploads\/2018\/08\/Jugendliche-zeigen-wie-Sicherheit-am-Arbeitsplatz-geht_Organisator-13x12.jpg 13w, https:\/\/www.organisator.ch\/wp-content\/uploads\/2018\/08\/Jugendliche-zeigen-wie-Sicherheit-am-Arbeitsplatz-geht_Organisator-188x175.jpg 188w, https:\/\/www.organisator.ch\/wp-content\/uploads\/2018\/08\/Jugendliche-zeigen-wie-Sicherheit-am-Arbeitsplatz-geht_Organisator-376x350.jpg 376w, https:\/\/www.organisator.ch\/wp-content\/uploads\/2018\/08\/Jugendliche-zeigen-wie-Sicherheit-am-Arbeitsplatz-geht_Organisator-300x280.jpg 300w\" sizes=\"auto, (max-width: 515px) 100vw, 515px\" \/><figcaption id=\"caption-attachment-4090\" class=\"wp-caption-text\">Sicurezza sul lavoro via Instagram: I giovani mostrano ai loro coetanei come si fa. (Immagine: Screenshot instagram.com\/bsws_ch)<\/figcaption><\/figure>\n<p>I pericoli sono in agguato ovunque nella vita lavorativa di tutti i giorni: in officina, fuori in cantiere e persino dentro l'ufficio. Recentemente, diversi giovani hanno attirato l'attenzione dei colleghi della stessa et\u00e0 sui pericoli di diverse industrie e hanno mostrato loro come proteggersi da essi. Anche il tempo libero non \u00e8 trascurato. Gli Influencer BSWS sanno perch\u00e9 prestano attenzione alla loro sicurezza sul lavoro. Cos\u00ec possono godersi pienamente il loro tempo libero. Durante il processo vengono scattate delle belle foto: Per esempio, di Lena, che sa tutto sui pericoli in ufficio.<\/p>\n<h2>Pi\u00f9 sicurezza sul lavoro via Instagram<\/h2>\n<p>Con il nuovo account Instagram, BE SMART WORK SAFE utilizza anche un nuovo canale online dopo cinque anni di campagna di successo: I giovani professionisti comunicano direttamente con i loro coetanei e mostrano come affrontano il tema della sicurezza sul lavoro nella vita quotidiana. Il nuovo <a href=\"https:\/\/safeatwork.us7.list-manage.com\/track\/click?u=2fdabc2cb379f20353554b7c4&amp;id=b98c414353&amp;e=19061991ef\">account Instagram<\/a> completa il <a href=\"https:\/\/safeatwork.us7.list-manage.com\/track\/click?u=2fdabc2cb379f20353554b7c4&amp;id=69fb825a8b&amp;e=19061991ef\">Presenza su Facebook<\/a> di BE SMART WORK SAFE, attraverso il quale pi\u00f9 di 12.000 giovani si scambiano informazioni sul tema della sicurezza sul lavoro. Con la nuova strategia, la campagna raccoglie i giovani in modo ancora pi\u00f9 specifico nei loro mondi digitali e comunica i messaggi in modo autentico. La campagna si svolge sotto il marchio SAFE AT WORK di EKAS, Seco e dei cantoni per pi\u00f9 sicurezza sul lavoro.<\/p>\n<h2><strong>Piattaforma interattiva - Informazioni importanti confezionate in modo divertente<\/strong><\/h2>\n<p>La presenza sui social media \u00e8 completata da un sito web completamente nuovo. Il sito bs-ws.ch ha un nuovo look da met\u00e0 luglio. I giovani sono incoraggiati a impegnarsi con il tema della sicurezza sul lavoro in modo interattivo e divertente. La ricchezza di informazioni importanti e di consigli per una maggiore sicurezza sul lavoro \u00e8 presentata in modo adeguato all'et\u00e0. Sono costituiti da video clip e immagini interessanti e da un quiz emozionante. I giovani hanno anche l'opportunit\u00e0 di aiutare a progettare il sito web. I contributi selezionati con l'hashtag #besmartworksafe sono integrati nel contenuto della pagina. Anche il design \u00e8 stato completamente ridisegnato - dando all'attraente sito web un aspetto fresco e alla moda.<\/p>\n<p><em>Ulteriori informazioni:<br \/>\n<a href=\"https:\/\/safeatwork.us7.list-manage.com\/track\/click?u=2fdabc2cb379f20353554b7c4&amp;id=4a60dc40e5&amp;e=19061991ef\">instagram.com\/bsws_ch<\/a><br \/>\n<a href=\"https:\/\/safeatwork.us7.list-manage.com\/track\/click?u=2fdabc2cb379f20353554b7c4&amp;id=cea66c8d2c&amp;e=19061991ef\">facebook.com\/besmart.worksafe<\/a><br \/>\n<a href=\"https:\/\/safeatwork.us7.list-manage.com\/track\/click?u=2fdabc2cb379f20353554b7c4&amp;id=59a2f11344&amp;e=19061991ef\">bs-ws.ch<\/a><br \/>\n<\/em><a href=\"http:\/\/www.safeatwork.ch\"><em>www.safeatwork.ch<\/em><\/a><\/p>","protected":false},"excerpt":{"rendered":"<p>Gefahren lauern im Arbeitsalltag u\u0308berall: In der Werkstatt, draussen auf der Baustelle und sogar drinnen im Bu\u0308ro. Seit Kurzem machen verschiedene Jugendliche gleichaltrige Kollegen\u00a0auf die Gefahren in unterschiedlichen Branchen aufmerksam und zeigen, wie sie sich davor schu\u0308tzen. Auch die Freizeit kommt nicht zu kurz. Die BSWS-Influencer wissen, wieso sie bei der Arbeit auf ihre Sicherheit [&hellip;]<\/p>\n","protected":false},"author":4,"featured_media":4090,"comment_status":"open","ping_status":"open","sticky":false,"template":"","format":"standard","meta":{"_acf_changed":false,"_yoast_wpseo_focuskw":"Sicherheit am Arbeitsplatz","_yoast_wpseo_metadesc":"Die Sensibilisierungskampagne fu\u0308r Arbeitssicherheit bei Jugendlichen geht in die 6. Runde - mit neuen digitalen Kan\u00e4len.","articlekey":"","footnotes":""},"categories":[1],"tags":[53,208,293,508],"class_list":["post-4089","post","type-post","status-publish","format-standard","has-post-thumbnail","hentry","category-allgemein","tag-arbeitssicherheit","tag-fit-im-job","tag-kampagne","tag-vermischtes"],"acf":[],"yoast_head":"<!-- This site is optimized with the Yoast SEO plugin v27.5 - https:\/\/yoast.com\/product\/yoast-seo-wordpress\/ -->\n<title>Jugendliche zeigen wie Sicherheit am Arbeitsplatz geht - Organisator<\/title>\n<meta name=\"description\" content=\"Die Sensibilisierungskampagne fu\u0308r Arbeitssicherheit bei Jugendlichen geht in die 6. Runde - mit neuen digitalen Kan\u00e4len.\" \/>\n<meta name=\"robots\" content=\"index, follow, max-snippet:-1, max-image-preview:large, max-video-preview:-1\" \/>\n<link rel=\"canonical\" href=\"https:\/\/www.organisator.ch\/it\/generale\/2018-08-20\/jugendliche-zeigen-wie-sicherheit-am-arbeitsplatz-geht\/\" \/>\n<meta property=\"og:locale\" content=\"it_IT\" \/>\n<meta property=\"og:type\" content=\"article\" \/>\n<meta property=\"og:title\" content=\"Jugendliche zeigen wie Sicherheit am Arbeitsplatz geht\" \/>\n<meta property=\"og:description\" content=\"Die Sensibilisierungskampagne fu\u0308r Arbeitssicherheit bei Jugendlichen geht in die 6. Runde - mit neuen digitalen Kan\u00e4len.\" \/>\n<meta property=\"og:url\" content=\"https:\/\/www.organisator.ch\/it\/generale\/2018-08-20\/jugendliche-zeigen-wie-sicherheit-am-arbeitsplatz-geht\/\" \/>\n<meta property=\"og:site_name\" content=\"Organisator\" \/>\n<meta property=\"article:publisher\" content=\"https:\/\/www.facebook.com\/OrganisatorFachmagazin\" \/>\n<meta property=\"article:published_time\" content=\"2018-08-20T11:52:05+00:00\" \/>\n<meta property=\"og:image\" content=\"https:\/\/www.organisator.ch\/wp-content\/uploads\/2018\/08\/Jugendliche-zeigen-wie-Sicherheit-am-Arbeitsplatz-geht_Organisator.jpg\" \/>\n\t<meta property=\"og:image:width\" content=\"515\" \/>\n\t<meta property=\"og:image:height\" content=\"480\" \/>\n\t<meta property=\"og:image:type\" content=\"image\/jpeg\" \/>\n<meta name=\"author\" content=\"thomas.berner\" \/>\n<meta name=\"twitter:card\" content=\"summary_large_image\" \/>\n<meta name=\"twitter:title\" content=\"Jugendliche zeigen wie Sicherheit am Arbeitsplatz geht\" \/>\n<meta name=\"twitter:description\" content=\"Die #Sensibilisierungskampagne fu\u0308r #Arbeitssicherheit bei Jugendlichen geht in die 6. Runde - mit neuen digitalen Kan\u00e4len.\" \/>\n<meta name=\"twitter:image\" content=\"https:\/\/www.organisator.ch\/wp-content\/uploads\/2018\/08\/Jugendliche-zeigen-wie-Sicherheit-am-Arbeitsplatz-geht_Organisator.jpg\" \/>\n<script type=\"application\/ld+json\" class=\"yoast-schema-graph\">{\"@context\":\"https:\\\/\\\/schema.org\",\"@graph\":[{\"@type\":\"Article\",\"@id\":\"https:\\\/\\\/www.organisator.ch\\\/en\\\/general\\\/2018-08-20\\\/jugendliche-zeigen-wie-sicherheit-am-arbeitsplatz-geht\\\/#article\",\"isPartOf\":{\"@id\":\"https:\\\/\\\/www.organisator.ch\\\/en\\\/general\\\/2018-08-20\\\/jugendliche-zeigen-wie-sicherheit-am-arbeitsplatz-geht\\\/\"},\"author\":{\"name\":\"thomas.berner\",\"@id\":\"https:\\\/\\\/www.organisator.ch\\\/#\\\/schema\\\/person\\\/6f650f90b2842cd4c0cc334b4e36f67e\"},\"headline\":\"Jugendliche zeigen wie Sicherheit am Arbeitsplatz geht\",\"datePublished\":\"2018-08-20T11:52:05+00:00\",\"mainEntityOfPage\":{\"@id\":\"https:\\\/\\\/www.organisator.ch\\\/en\\\/general\\\/2018-08-20\\\/jugendliche-zeigen-wie-sicherheit-am-arbeitsplatz-geht\\\/\"},\"wordCount\":367,\"commentCount\":0,\"publisher\":{\"@id\":\"https:\\\/\\\/www.organisator.ch\\\/#organization\"},\"image\":{\"@id\":\"https:\\\/\\\/www.organisator.ch\\\/en\\\/general\\\/2018-08-20\\\/jugendliche-zeigen-wie-sicherheit-am-arbeitsplatz-geht\\\/#primaryimage\"},\"thumbnailUrl\":\"https:\\\/\\\/www.organisator.ch\\\/wp-content\\\/uploads\\\/2018\\\/08\\\/Jugendliche-zeigen-wie-Sicherheit-am-Arbeitsplatz-geht_Organisator.jpg\",\"keywords\":[\"Arbeitssicherheit\",\"Fit im Job\",\"Kampagne\",\"Vermischtes\"],\"articleSection\":[\"Allgemein\"],\"inLanguage\":\"it-IT\"},{\"@type\":\"WebPage\",\"@id\":\"https:\\\/\\\/www.organisator.ch\\\/en\\\/general\\\/2018-08-20\\\/jugendliche-zeigen-wie-sicherheit-am-arbeitsplatz-geht\\\/\",\"url\":\"https:\\\/\\\/www.organisator.ch\\\/en\\\/general\\\/2018-08-20\\\/jugendliche-zeigen-wie-sicherheit-am-arbeitsplatz-geht\\\/\",\"name\":\"Jugendliche zeigen wie Sicherheit am Arbeitsplatz geht - Organisator\",\"isPartOf\":{\"@id\":\"https:\\\/\\\/www.organisator.ch\\\/#website\"},\"primaryImageOfPage\":{\"@id\":\"https:\\\/\\\/www.organisator.ch\\\/en\\\/general\\\/2018-08-20\\\/jugendliche-zeigen-wie-sicherheit-am-arbeitsplatz-geht\\\/#primaryimage\"},\"image\":{\"@id\":\"https:\\\/\\\/www.organisator.ch\\\/en\\\/general\\\/2018-08-20\\\/jugendliche-zeigen-wie-sicherheit-am-arbeitsplatz-geht\\\/#primaryimage\"},\"thumbnailUrl\":\"https:\\\/\\\/www.organisator.ch\\\/wp-content\\\/uploads\\\/2018\\\/08\\\/Jugendliche-zeigen-wie-Sicherheit-am-Arbeitsplatz-geht_Organisator.jpg\",\"datePublished\":\"2018-08-20T11:52:05+00:00\",\"description\":\"Die Sensibilisierungskampagne fu\u0308r Arbeitssicherheit bei Jugendlichen geht in die 6. Runde - mit neuen digitalen Kan\u00e4len.\",\"breadcrumb\":{\"@id\":\"https:\\\/\\\/www.organisator.ch\\\/en\\\/general\\\/2018-08-20\\\/jugendliche-zeigen-wie-sicherheit-am-arbeitsplatz-geht\\\/#breadcrumb\"},\"inLanguage\":\"it-IT\",\"potentialAction\":[{\"@type\":\"ReadAction\",\"target\":[\"https:\\\/\\\/www.organisator.ch\\\/en\\\/general\\\/2018-08-20\\\/jugendliche-zeigen-wie-sicherheit-am-arbeitsplatz-geht\\\/\"]}]},{\"@type\":\"ImageObject\",\"inLanguage\":\"it-IT\",\"@id\":\"https:\\\/\\\/www.organisator.ch\\\/en\\\/general\\\/2018-08-20\\\/jugendliche-zeigen-wie-sicherheit-am-arbeitsplatz-geht\\\/#primaryimage\",\"url\":\"https:\\\/\\\/www.organisator.ch\\\/wp-content\\\/uploads\\\/2018\\\/08\\\/Jugendliche-zeigen-wie-Sicherheit-am-Arbeitsplatz-geht_Organisator.jpg\",\"contentUrl\":\"https:\\\/\\\/www.organisator.ch\\\/wp-content\\\/uploads\\\/2018\\\/08\\\/Jugendliche-zeigen-wie-Sicherheit-am-Arbeitsplatz-geht_Organisator.jpg\",\"width\":515,\"height\":480,\"caption\":\"Sicherheit am Arbeitsplatz via Instagram: Jugendliche zeigen Gleichaltrigen wie es geht. (Bild: Screenshot instagram.com\\\/bsws_ch)\"},{\"@type\":\"BreadcrumbList\",\"@id\":\"https:\\\/\\\/www.organisator.ch\\\/en\\\/general\\\/2018-08-20\\\/jugendliche-zeigen-wie-sicherheit-am-arbeitsplatz-geht\\\/#breadcrumb\",\"itemListElement\":[{\"@type\":\"ListItem\",\"position\":1,\"name\":\"Home\",\"item\":\"https:\\\/\\\/www.organisator.ch\\\/\"},{\"@type\":\"ListItem\",\"position\":2,\"name\":\"Jugendliche zeigen wie Sicherheit am Arbeitsplatz geht\"}]},{\"@type\":\"WebSite\",\"@id\":\"https:\\\/\\\/www.organisator.ch\\\/#website\",\"url\":\"https:\\\/\\\/www.organisator.ch\\\/\",\"name\":\"Organisator\",\"description\":\"Kompetent. Praxisnah. Der ORGANISATOR bereitet in 10 Ausgaben pro Jahr die wesentlichen Themen f\u00fcr F\u00fchrungskr\u00e4fte von KMU auf.\",\"publisher\":{\"@id\":\"https:\\\/\\\/www.organisator.ch\\\/#organization\"},\"potentialAction\":[{\"@type\":\"SearchAction\",\"target\":{\"@type\":\"EntryPoint\",\"urlTemplate\":\"https:\\\/\\\/www.organisator.ch\\\/?s={search_term_string}\"},\"query-input\":{\"@type\":\"PropertyValueSpecification\",\"valueRequired\":true,\"valueName\":\"search_term_string\"}}],\"inLanguage\":\"it-IT\"},{\"@type\":\"Organization\",\"@id\":\"https:\\\/\\\/www.organisator.ch\\\/#organization\",\"name\":\"Organisator\",\"url\":\"https:\\\/\\\/www.organisator.ch\\\/\",\"logo\":{\"@type\":\"ImageObject\",\"inLanguage\":\"it-IT\",\"@id\":\"https:\\\/\\\/www.organisator.ch\\\/#\\\/schema\\\/logo\\\/image\\\/\",\"url\":\"https:\\\/\\\/www.organisator.ch\\\/wp-content\\\/uploads\\\/2022\\\/01\\\/Logo_Organisator_Website.png\",\"contentUrl\":\"https:\\\/\\\/www.organisator.ch\\\/wp-content\\\/uploads\\\/2022\\\/01\\\/Logo_Organisator_Website.png\",\"width\":800,\"height\":77,\"caption\":\"Organisator\"},\"image\":{\"@id\":\"https:\\\/\\\/www.organisator.ch\\\/#\\\/schema\\\/logo\\\/image\\\/\"},\"sameAs\":[\"https:\\\/\\\/www.facebook.com\\\/OrganisatorFachmagazin\",\"https:\\\/\\\/www.linkedin.com\\\/showcase\\\/organisator-das-magazin-fr-kmu\",\"https:\\\/\\\/www.xing.com\\\/news\\\/pages\\\/organisator-ch-695\",\"https:\\\/\\\/www.youtube.com\\\/channel\\\/UCGP2Sq0iWaZwT3BdIAQFYpw\"]},{\"@type\":\"Person\",\"@id\":\"https:\\\/\\\/www.organisator.ch\\\/#\\\/schema\\\/person\\\/6f650f90b2842cd4c0cc334b4e36f67e\",\"name\":\"thomas.berner\",\"image\":{\"@type\":\"ImageObject\",\"inLanguage\":\"it-IT\",\"@id\":\"https:\\\/\\\/secure.gravatar.com\\\/avatar\\\/ac5001d2a36cb6c6cd3e50789007ffca834b477b74a2144564522e944eabff61?s=96&d=mm&r=g\",\"url\":\"https:\\\/\\\/secure.gravatar.com\\\/avatar\\\/ac5001d2a36cb6c6cd3e50789007ffca834b477b74a2144564522e944eabff61?s=96&d=mm&r=g\",\"contentUrl\":\"https:\\\/\\\/secure.gravatar.com\\\/avatar\\\/ac5001d2a36cb6c6cd3e50789007ffca834b477b74a2144564522e944eabff61?s=96&d=mm&r=g\",\"caption\":\"thomas.berner\"},\"url\":\"https:\\\/\\\/www.organisator.ch\\\/it\\\/author\\\/thomas-berner\\\/\"}]}<\/script>\n<!-- \/ Yoast SEO plugin. -->","yoast_head_json":{"title":"I giovani mostrano come funziona la sicurezza sul lavoro - Organizzatore","description":"La campagna di sensibilizzazione sulla sicurezza sul lavoro per i giovani entra nel suo sesto ciclo - con nuovi canali digitali.","robots":{"index":"index","follow":"follow","max-snippet":"max-snippet:-1","max-image-preview":"max-image-preview:large","max-video-preview":"max-video-preview:-1"},"canonical":"https:\/\/www.organisator.ch\/it\/generale\/2018-08-20\/jugendliche-zeigen-wie-sicherheit-am-arbeitsplatz-geht\/","og_locale":"it_IT","og_type":"article","og_title":"Jugendliche zeigen wie Sicherheit am Arbeitsplatz geht","og_description":"Die Sensibilisierungskampagne fu\u0308r Arbeitssicherheit bei Jugendlichen geht in die 6. Runde - mit neuen digitalen Kan\u00e4len.","og_url":"https:\/\/www.organisator.ch\/it\/generale\/2018-08-20\/jugendliche-zeigen-wie-sicherheit-am-arbeitsplatz-geht\/","og_site_name":"Organisator","article_publisher":"https:\/\/www.facebook.com\/OrganisatorFachmagazin","article_published_time":"2018-08-20T11:52:05+00:00","og_image":[{"width":515,"height":480,"url":"https:\/\/www.organisator.ch\/wp-content\/uploads\/2018\/08\/Jugendliche-zeigen-wie-Sicherheit-am-Arbeitsplatz-geht_Organisator.jpg","type":"image\/jpeg"}],"author":"thomas.berner","twitter_card":"summary_large_image","twitter_title":"Jugendliche zeigen wie Sicherheit am Arbeitsplatz geht","twitter_description":"Die #Sensibilisierungskampagne fu\u0308r #Arbeitssicherheit bei Jugendlichen geht in die 6. Runde - mit neuen digitalen Kan\u00e4len.","twitter_image":"https:\/\/www.organisator.ch\/wp-content\/uploads\/2018\/08\/Jugendliche-zeigen-wie-Sicherheit-am-Arbeitsplatz-geht_Organisator.jpg","schema":{"@context":"https:\/\/schema.org","@graph":[{"@type":"Article","@id":"https:\/\/www.organisator.ch\/en\/general\/2018-08-20\/jugendliche-zeigen-wie-sicherheit-am-arbeitsplatz-geht\/#article","isPartOf":{"@id":"https:\/\/www.organisator.ch\/en\/general\/2018-08-20\/jugendliche-zeigen-wie-sicherheit-am-arbeitsplatz-geht\/"},"author":{"name":"thomas.berner","@id":"https:\/\/www.organisator.ch\/#\/schema\/person\/6f650f90b2842cd4c0cc334b4e36f67e"},"headline":"Jugendliche zeigen wie Sicherheit am Arbeitsplatz geht","datePublished":"2018-08-20T11:52:05+00:00","mainEntityOfPage":{"@id":"https:\/\/www.organisator.ch\/en\/general\/2018-08-20\/jugendliche-zeigen-wie-sicherheit-am-arbeitsplatz-geht\/"},"wordCount":367,"commentCount":0,"publisher":{"@id":"https:\/\/www.organisator.ch\/#organization"},"image":{"@id":"https:\/\/www.organisator.ch\/en\/general\/2018-08-20\/jugendliche-zeigen-wie-sicherheit-am-arbeitsplatz-geht\/#primaryimage"},"thumbnailUrl":"https:\/\/www.organisator.ch\/wp-content\/uploads\/2018\/08\/Jugendliche-zeigen-wie-Sicherheit-am-Arbeitsplatz-geht_Organisator.jpg","keywords":["Arbeitssicherheit","Fit im Job","Kampagne","Vermischtes"],"articleSection":["Allgemein"],"inLanguage":"it-IT"},{"@type":"WebPage","@id":"https:\/\/www.organisator.ch\/en\/general\/2018-08-20\/jugendliche-zeigen-wie-sicherheit-am-arbeitsplatz-geht\/","url":"https:\/\/www.organisator.ch\/en\/general\/2018-08-20\/jugendliche-zeigen-wie-sicherheit-am-arbeitsplatz-geht\/","name":"I giovani mostrano come funziona la sicurezza sul lavoro - Organizzatore","isPartOf":{"@id":"https:\/\/www.organisator.ch\/#website"},"primaryImageOfPage":{"@id":"https:\/\/www.organisator.ch\/en\/general\/2018-08-20\/jugendliche-zeigen-wie-sicherheit-am-arbeitsplatz-geht\/#primaryimage"},"image":{"@id":"https:\/\/www.organisator.ch\/en\/general\/2018-08-20\/jugendliche-zeigen-wie-sicherheit-am-arbeitsplatz-geht\/#primaryimage"},"thumbnailUrl":"https:\/\/www.organisator.ch\/wp-content\/uploads\/2018\/08\/Jugendliche-zeigen-wie-Sicherheit-am-Arbeitsplatz-geht_Organisator.jpg","datePublished":"2018-08-20T11:52:05+00:00","description":"La campagna di sensibilizzazione sulla sicurezza sul lavoro per i giovani entra nel suo sesto ciclo - con nuovi canali digitali.","breadcrumb":{"@id":"https:\/\/www.organisator.ch\/en\/general\/2018-08-20\/jugendliche-zeigen-wie-sicherheit-am-arbeitsplatz-geht\/#breadcrumb"},"inLanguage":"it-IT","potentialAction":[{"@type":"ReadAction","target":["https:\/\/www.organisator.ch\/en\/general\/2018-08-20\/jugendliche-zeigen-wie-sicherheit-am-arbeitsplatz-geht\/"]}]},{"@type":"ImageObject","inLanguage":"it-IT","@id":"https:\/\/www.organisator.ch\/en\/general\/2018-08-20\/jugendliche-zeigen-wie-sicherheit-am-arbeitsplatz-geht\/#primaryimage","url":"https:\/\/www.organisator.ch\/wp-content\/uploads\/2018\/08\/Jugendliche-zeigen-wie-Sicherheit-am-Arbeitsplatz-geht_Organisator.jpg","contentUrl":"https:\/\/www.organisator.ch\/wp-content\/uploads\/2018\/08\/Jugendliche-zeigen-wie-Sicherheit-am-Arbeitsplatz-geht_Organisator.jpg","width":515,"height":480,"caption":"Sicherheit am Arbeitsplatz via Instagram: Jugendliche zeigen Gleichaltrigen wie es geht. (Bild: Screenshot instagram.com\/bsws_ch)"},{"@type":"BreadcrumbList","@id":"https:\/\/www.organisator.ch\/en\/general\/2018-08-20\/jugendliche-zeigen-wie-sicherheit-am-arbeitsplatz-geht\/#breadcrumb","itemListElement":[{"@type":"ListItem","position":1,"name":"Home","item":"https:\/\/www.organisator.ch\/"},{"@type":"ListItem","position":2,"name":"Jugendliche zeigen wie Sicherheit am Arbeitsplatz geht"}]},{"@type":"WebSite","@id":"https:\/\/www.organisator.ch\/#website","url":"https:\/\/www.organisator.ch\/","name":"Organizzatore","description":"Competente. Pratico. In 10 numeri all'anno, ORGANISATOR presenta i temi essenziali per i manager delle PMI.","publisher":{"@id":"https:\/\/www.organisator.ch\/#organization"},"potentialAction":[{"@type":"SearchAction","target":{"@type":"EntryPoint","urlTemplate":"https:\/\/www.organisator.ch\/?s={search_term_string}"},"query-input":{"@type":"PropertyValueSpecification","valueRequired":true,"valueName":"search_term_string"}}],"inLanguage":"it-IT"},{"@type":"Organization","@id":"https:\/\/www.organisator.ch\/#organization","name":"Organizzatore","url":"https:\/\/www.organisator.ch\/","logo":{"@type":"ImageObject","inLanguage":"it-IT","@id":"https:\/\/www.organisator.ch\/#\/schema\/logo\/image\/","url":"https:\/\/www.organisator.ch\/wp-content\/uploads\/2022\/01\/Logo_Organisator_Website.png","contentUrl":"https:\/\/www.organisator.ch\/wp-content\/uploads\/2022\/01\/Logo_Organisator_Website.png","width":800,"height":77,"caption":"Organisator"},"image":{"@id":"https:\/\/www.organisator.ch\/#\/schema\/logo\/image\/"},"sameAs":["https:\/\/www.facebook.com\/OrganisatorFachmagazin","https:\/\/www.linkedin.com\/showcase\/organisator-das-magazin-fr-kmu","https:\/\/www.xing.com\/news\/pages\/organisator-ch-695","https:\/\/www.youtube.com\/channel\/UCGP2Sq0iWaZwT3BdIAQFYpw"]},{"@type":"Person","@id":"https:\/\/www.organisator.ch\/#\/schema\/person\/6f650f90b2842cd4c0cc334b4e36f67e","name":"Tommaso.berner","image":{"@type":"ImageObject","inLanguage":"it-IT","@id":"https:\/\/secure.gravatar.com\/avatar\/ac5001d2a36cb6c6cd3e50789007ffca834b477b74a2144564522e944eabff61?s=96&d=mm&r=g","url":"https:\/\/secure.gravatar.com\/avatar\/ac5001d2a36cb6c6cd3e50789007ffca834b477b74a2144564522e944eabff61?s=96&d=mm&r=g","contentUrl":"https:\/\/secure.gravatar.com\/avatar\/ac5001d2a36cb6c6cd3e50789007ffca834b477b74a2144564522e944eabff61?s=96&d=mm&r=g","caption":"thomas.berner"},"url":"https:\/\/www.organisator.ch\/it\/author\/thomas-berner\/"}]}},"_links":{"self":[{"href":"https:\/\/www.organisator.ch\/it\/wp-json\/wp\/v2\/posts\/4089","targetHints":{"allow":["GET"]}}],"collection":[{"href":"https:\/\/www.organisator.ch\/it\/wp-json\/wp\/v2\/posts"}],"about":[{"href":"https:\/\/www.organisator.ch\/it\/wp-json\/wp\/v2\/types\/post"}],"author":[{"embeddable":true,"href":"https:\/\/www.organisator.ch\/it\/wp-json\/wp\/v2\/users\/4"}],"replies":[{"embeddable":true,"href":"https:\/\/www.organisator.ch\/it\/wp-json\/wp\/v2\/comments?post=4089"}],"version-history":[{"count":0,"href":"https:\/\/www.organisator.ch\/it\/wp-json\/wp\/v2\/posts\/4089\/revisions"}],"wp:featuredmedia":[{"embeddable":true,"href":"https:\/\/www.organisator.ch\/it\/wp-json\/wp\/v2\/media\/4090"}],"wp:attachment":[{"href":"https:\/\/www.organisator.ch\/it\/wp-json\/wp\/v2\/media?parent=4089"}],"wp:term":[{"taxonomy":"category","embeddable":true,"href":"https:\/\/www.organisator.ch\/it\/wp-json\/wp\/v2\/categories?post=4089"},{"taxonomy":"post_tag","embeddable":true,"href":"https:\/\/www.organisator.ch\/it\/wp-json\/wp\/v2\/tags?post=4089"}],"curies":[{"name":"wp","href":"https:\/\/api.w.org\/{rel}","templated":true}]}}