{"id":40892,"date":"2025-10-02T16:37:55","date_gmt":"2025-10-02T14:37:55","guid":{"rendered":"https:\/\/www.organisator.ch\/?p=40892"},"modified":"2025-10-02T16:37:55","modified_gmt":"2025-10-02T14:37:55","slug":"wie-carsharing-fahrzeuge-einen-beitrag-zur-energiewende-leisten-koennen","status":"publish","type":"post","link":"https:\/\/www.organisator.ch\/it\/sustainability\/2025-10-02\/wie-carsharing-fahrzeuge-einen-beitrag-zur-energiewende-leisten-koennen\/","title":{"rendered":"Come i veicoli di car sharing possono contribuire alla transizione energetica"},"content":{"rendered":"<figure id=\"attachment_40893\" aria-describedby=\"caption-attachment-40893\" style=\"width: 680px\" class=\"wp-caption alignnone\"><img loading=\"lazy\" decoding=\"async\" class=\"size-full wp-image-40893\" src=\"https:\/\/www.organisator.ch\/wp-content\/uploads\/2025\/10\/Wie-Carsharing-Fahrzeuge-einen-Beitrag-zur-Energiewende-leisten-koennen_Organisator.jpg\" alt=\"\" width=\"680\" height=\"409\" srcset=\"https:\/\/www.organisator.ch\/wp-content\/uploads\/2025\/10\/Wie-Carsharing-Fahrzeuge-einen-Beitrag-zur-Energiewende-leisten-koennen_Organisator.jpg 680w, https:\/\/www.organisator.ch\/wp-content\/uploads\/2025\/10\/Wie-Carsharing-Fahrzeuge-einen-Beitrag-zur-Energiewende-leisten-koennen_Organisator-18x12.jpg 18w, https:\/\/www.organisator.ch\/wp-content\/uploads\/2025\/10\/Wie-Carsharing-Fahrzeuge-einen-Beitrag-zur-Energiewende-leisten-koennen_Organisator-375x226.jpg 375w, https:\/\/www.organisator.ch\/wp-content\/uploads\/2025\/10\/Wie-Carsharing-Fahrzeuge-einen-Beitrag-zur-Energiewende-leisten-koennen_Organisator-582x350.jpg 582w\" sizes=\"auto, (max-width: 680px) 100vw, 680px\" \/><figcaption id=\"caption-attachment-40893\" class=\"wp-caption-text\">Le auto elettriche possono supportare la rete elettrica come sistemi flessibili di stoccaggio dell'energia. Il prerequisito \u00e8 la ricarica bidirezionale. (Immagine: Unsplash.com)<\/figcaption><\/figure>\n<p>Un progetto di innovazione dell'Universit\u00e0 di Scienze Applicate della Svizzera nordoccidentale FHNW e della OST - Ostschweizer Fachhochschule mostra per la prima volta come le flotte di car-sharing possano contribuire alla stabilizzazione della rete come sistemi flessibili di accumulo di energia. Insieme ai fornitori di energia AEM, ewz e Primeo Energie e alla Cooperativa di Mobilit\u00e0, hanno studiato come la ricarica bidirezionale possa essere integrata nelle reti elettriche esistenti in modo tecnicamente ed economicamente sostenibile. La conclusione: le auto elettriche a ricarica bidirezionale sono un elemento pratico e utile per la transizione energetica, sia per gli operatori di rete che per i gestori delle flotte di veicoli.<\/p>\n<h3><strong>Da auto a partecipante attivo alla rete<\/strong><\/h3>\n<p>La domanda centrale del progetto era: i veicoli elettrici possono non solo prelevare elettricit\u00e0 dalla rete, ma anche reimmetterla nella rete in modo mirato, riducendo cos\u00ec il carico sulla rete elettrica? La risposta \u00e8 s\u00ec, e non solo in teoria. In diversi test reali sul campo, i veicoli della mobilit\u00e0 sono stati controllati in modo tale da posticipare i processi di ricarica in determinati momenti, al fine di reimmettere l'elettricit\u00e0 nella rete di distribuzione locale in modo mirato. Il risultato: in un massimo di 60 % di casi, i carichi di rete sono stati ridotti con successo. Il controllo flessibile si sta rivelando una leva preziosa, in particolare nei momenti di forte domanda o di elevata eccedenza fotovoltaica.<\/p>\n<h3><strong>Previsioni intelligenti con l'apprendimento automatico<\/strong><\/h3>\n<p>Modelli di previsione intelligenti prevedono quando e per quanto tempo un veicolo sar\u00e0 disponibile, sulla base di milioni di dati di prenotazione reali provenienti dal sistema di car sharing. Inoltre, \u00e8 stato analizzato lo stato di carica delle batterie dei veicoli per scoprire quanta energia pu\u00f2 essere immagazzinata o reimmessa nel sistema. In media, per ogni veicolo sono risultati disponibili da 9 a 12 kWh di flessibilit\u00e0 utilizzabile, sufficienti per tamponare i carichi di rete rilevanti con diversi veicoli in totale o per immagazzinare temporaneamente l'elettricit\u00e0 fotovoltaica in modo significativo.<\/p>\n<h3><strong>Possibilit\u00e0 di facile integrazione nella rete elettrica<\/strong><\/h3>\n<p>Il modello di prodotto sviluppato per la commercializzazione della flessibilit\u00e0 di ricarica \u00e8 un successo particolarmente pratico del progetto: pu\u00f2 essere facilmente integrato nei sistemi esistenti dei gestori delle reti di distribuzione, pu\u00f2 essere standardizzato in tutta la Svizzera e si concentra su due applicazioni:<\/p>\n<ul>\n<li>\"Ricarica con energia in eccesso\" (ad es. con un'elevata produzione fotovoltaica)<\/li>\n<li>\"Alimentazione rigenerativa per i picchi di carico della rete\".<\/li>\n<\/ul>\n<p>I gestori della rete di distribuzione possono utilizzare diversi tipi di sistemi di controllo per attivare la potenza flessibile, dai sistemi di controllo dell'ondulazione esistenti ai moderni sistemi di controllo del carico. Il modello prevede una remunerazione sia per la fornitura che per l'effettivo utilizzo della flessibilit\u00e0 e funziona su base trimestrale, adattandosi alle esigenze della rete. Questo rappresenta un passo decisivo verso l'integrazione della mobilit\u00e0 elettrica e della fornitura di energia elettrica guidata dal mercato.<\/p>\n<h3><strong>Valore aggiunto per tutti: ambiente, gestori di rete e utenti<\/strong><\/h3>\n<p>Il progetto dimostra chiaramente che i veicoli elettrici decentralizzati sono pi\u00f9 di un semplice mezzo di trasporto. Sono sistemi di accumulo dell'energia mobili e controllabili, e quindi una chiave per il successo dell'accoppiamento tra mobilit\u00e0 ed energia. Per gli operatori di rete, ci\u00f2 significa costi inferiori grazie alla riduzione dei picchi di carico e alla stabilizzazione della rete. Per la societ\u00e0, significa progredire verso un panorama energetico decentralizzato e rispettoso del clima. E per i fornitori di servizi di car sharing come Mobility, apre nuovi modelli di business nell'ambito dei servizi di supporto alla rete.<\/p>\n<p><em>Fonte: <a href=\"http:\/\/www.fhnw.ch\/htu\">Scuola di Ingegneria e Ambiente della FHNW<\/a><\/em><\/p>","protected":false},"excerpt":{"rendered":"<p>Le auto elettriche non solo possono guidare, ma possono anche immagazzinare e immettere elettricit\u00e0 nella rete. Un progetto di ricerca dell'Universit\u00e0 di Scienze Applicate e Arti della FHNW e dell'OST - Universit\u00e0 di Scienze Applicate della Svizzera Orientale mostra come questo possa sostenere la transizione energetica.<\/p>","protected":false},"author":4,"featured_media":40893,"comment_status":"closed","ping_status":"closed","sticky":false,"template":"","format":"standard","meta":{"_acf_changed":false,"_yoast_wpseo_focuskw":"Carsharing-Fahrzeuge","_yoast_wpseo_metadesc":"Elektroautos, z. B. Carsharing-Fahrzeuge, k\u00f6nnen nicht nur fahren \u2013 sie k\u00f6nnen auch Strom speichern und zur\u00fcckspeisen.","articlekey":"","footnotes":""},"categories":[580],"tags":[1095,192,218,358],"class_list":["post-40892","post","type-post","status-publish","format-standard","has-post-thumbnail","hentry","category-sustainability","tag-energiewende","tag-fachhochschulen","tag-forschung","tag-nachhaltige-wirtschaft"],"acf":[],"yoast_head":"<!-- This site is optimized with the Yoast SEO plugin v27.4 - https:\/\/yoast.com\/product\/yoast-seo-wordpress\/ -->\n<title>Wie Carsharing-Fahrzeuge einen Beitrag zur Energiewende leisten k\u00f6nnen - Organisator<\/title>\n<meta name=\"description\" content=\"Elektroautos, z. B. Carsharing-Fahrzeuge, k\u00f6nnen nicht nur fahren \u2013 sie k\u00f6nnen auch Strom speichern und zur\u00fcckspeisen.\" \/>\n<meta name=\"robots\" content=\"index, follow, max-snippet:-1, max-image-preview:large, max-video-preview:-1\" \/>\n<link rel=\"canonical\" href=\"https:\/\/www.organisator.ch\/it\/sostenibilita\/2025-10-02\/wie-carsharing-fahrzeuge-einen-beitrag-zur-energiewende-leisten-koennen\/\" \/>\n<meta property=\"og:locale\" content=\"it_IT\" \/>\n<meta property=\"og:type\" content=\"article\" \/>\n<meta property=\"og:title\" content=\"Wie Carsharing-Fahrzeuge einen Beitrag zur Energiewende leisten k\u00f6nnen\" \/>\n<meta property=\"og:description\" content=\"Elektroautos, z. B. Carsharing-Fahrzeuge, k\u00f6nnen nicht nur fahren \u2013 sie k\u00f6nnen auch Strom speichern und zur\u00fcckspeisen.\" \/>\n<meta property=\"og:url\" content=\"https:\/\/www.organisator.ch\/it\/sostenibilita\/2025-10-02\/wie-carsharing-fahrzeuge-einen-beitrag-zur-energiewende-leisten-koennen\/\" \/>\n<meta property=\"og:site_name\" content=\"Organisator\" \/>\n<meta property=\"article:publisher\" content=\"https:\/\/www.facebook.com\/OrganisatorFachmagazin\" \/>\n<meta property=\"article:published_time\" content=\"2025-10-02T14:37:55+00:00\" \/>\n<meta property=\"og:image\" content=\"https:\/\/www.organisator.ch\/wp-content\/uploads\/2025\/10\/Wie-Carsharing-Fahrzeuge-einen-Beitrag-zur-Energiewende-leisten-koennen_Organisator.jpg\" \/>\n\t<meta property=\"og:image:width\" content=\"680\" \/>\n\t<meta property=\"og:image:height\" content=\"409\" \/>\n\t<meta property=\"og:image:type\" content=\"image\/jpeg\" \/>\n<meta name=\"author\" content=\"thomas.berner\" \/>\n<meta name=\"twitter:card\" content=\"summary_large_image\" \/>\n<meta name=\"twitter:title\" content=\"Wie #Carsharing-Fahrzeuge einen Beitrag zur #Energiewende leisten k\u00f6nnen\" \/>\n<meta name=\"twitter:description\" content=\"#Elektroautos, z. B. #Carsharing-Fahrzeuge, k\u00f6nnen nicht nur fahren \u2013 sie k\u00f6nnen auch Strom speichern und zur\u00fcckspeisen.\" \/>\n<meta name=\"twitter:image\" content=\"https:\/\/www.organisator.ch\/wp-content\/uploads\/2025\/10\/Wie-Carsharing-Fahrzeuge-einen-Beitrag-zur-Energiewende-leisten-koennen_Organisator.jpg\" \/>\n<script type=\"application\/ld+json\" class=\"yoast-schema-graph\">{\"@context\":\"https:\\\/\\\/schema.org\",\"@graph\":[{\"@type\":\"Article\",\"@id\":\"https:\\\/\\\/www.organisator.ch\\\/sustainability\\\/2025-10-02\\\/wie-carsharing-fahrzeuge-einen-beitrag-zur-energiewende-leisten-koennen\\\/#article\",\"isPartOf\":{\"@id\":\"https:\\\/\\\/www.organisator.ch\\\/sustainability\\\/2025-10-02\\\/wie-carsharing-fahrzeuge-einen-beitrag-zur-energiewende-leisten-koennen\\\/\"},\"author\":{\"name\":\"thomas.berner\",\"@id\":\"https:\\\/\\\/www.organisator.ch\\\/#\\\/schema\\\/person\\\/6f650f90b2842cd4c0cc334b4e36f67e\"},\"headline\":\"Wie Carsharing-Fahrzeuge einen Beitrag zur Energiewende leisten k\u00f6nnen\",\"datePublished\":\"2025-10-02T14:37:55+00:00\",\"mainEntityOfPage\":{\"@id\":\"https:\\\/\\\/www.organisator.ch\\\/sustainability\\\/2025-10-02\\\/wie-carsharing-fahrzeuge-einen-beitrag-zur-energiewende-leisten-koennen\\\/\"},\"wordCount\":492,\"publisher\":{\"@id\":\"https:\\\/\\\/www.organisator.ch\\\/#organization\"},\"image\":{\"@id\":\"https:\\\/\\\/www.organisator.ch\\\/sustainability\\\/2025-10-02\\\/wie-carsharing-fahrzeuge-einen-beitrag-zur-energiewende-leisten-koennen\\\/#primaryimage\"},\"thumbnailUrl\":\"https:\\\/\\\/www.organisator.ch\\\/wp-content\\\/uploads\\\/2025\\\/10\\\/Wie-Carsharing-Fahrzeuge-einen-Beitrag-zur-Energiewende-leisten-koennen_Organisator.jpg\",\"keywords\":[\"Energiewende\",\"Fachhochschulen\",\"Forschung\",\"Nachhaltige Wirtschaft\"],\"articleSection\":[\"SUSTAINABILITY\"],\"inLanguage\":\"it-IT\"},{\"@type\":\"WebPage\",\"@id\":\"https:\\\/\\\/www.organisator.ch\\\/sustainability\\\/2025-10-02\\\/wie-carsharing-fahrzeuge-einen-beitrag-zur-energiewende-leisten-koennen\\\/\",\"url\":\"https:\\\/\\\/www.organisator.ch\\\/sustainability\\\/2025-10-02\\\/wie-carsharing-fahrzeuge-einen-beitrag-zur-energiewende-leisten-koennen\\\/\",\"name\":\"Wie Carsharing-Fahrzeuge einen Beitrag zur Energiewende leisten k\u00f6nnen - Organisator\",\"isPartOf\":{\"@id\":\"https:\\\/\\\/www.organisator.ch\\\/#website\"},\"primaryImageOfPage\":{\"@id\":\"https:\\\/\\\/www.organisator.ch\\\/sustainability\\\/2025-10-02\\\/wie-carsharing-fahrzeuge-einen-beitrag-zur-energiewende-leisten-koennen\\\/#primaryimage\"},\"image\":{\"@id\":\"https:\\\/\\\/www.organisator.ch\\\/sustainability\\\/2025-10-02\\\/wie-carsharing-fahrzeuge-einen-beitrag-zur-energiewende-leisten-koennen\\\/#primaryimage\"},\"thumbnailUrl\":\"https:\\\/\\\/www.organisator.ch\\\/wp-content\\\/uploads\\\/2025\\\/10\\\/Wie-Carsharing-Fahrzeuge-einen-Beitrag-zur-Energiewende-leisten-koennen_Organisator.jpg\",\"datePublished\":\"2025-10-02T14:37:55+00:00\",\"description\":\"Elektroautos, z. B. Carsharing-Fahrzeuge, k\u00f6nnen nicht nur fahren \u2013 sie k\u00f6nnen auch Strom speichern und zur\u00fcckspeisen.\",\"breadcrumb\":{\"@id\":\"https:\\\/\\\/www.organisator.ch\\\/sustainability\\\/2025-10-02\\\/wie-carsharing-fahrzeuge-einen-beitrag-zur-energiewende-leisten-koennen\\\/#breadcrumb\"},\"inLanguage\":\"it-IT\",\"potentialAction\":[{\"@type\":\"ReadAction\",\"target\":[\"https:\\\/\\\/www.organisator.ch\\\/sustainability\\\/2025-10-02\\\/wie-carsharing-fahrzeuge-einen-beitrag-zur-energiewende-leisten-koennen\\\/\"]}]},{\"@type\":\"ImageObject\",\"inLanguage\":\"it-IT\",\"@id\":\"https:\\\/\\\/www.organisator.ch\\\/sustainability\\\/2025-10-02\\\/wie-carsharing-fahrzeuge-einen-beitrag-zur-energiewende-leisten-koennen\\\/#primaryimage\",\"url\":\"https:\\\/\\\/www.organisator.ch\\\/wp-content\\\/uploads\\\/2025\\\/10\\\/Wie-Carsharing-Fahrzeuge-einen-Beitrag-zur-Energiewende-leisten-koennen_Organisator.jpg\",\"contentUrl\":\"https:\\\/\\\/www.organisator.ch\\\/wp-content\\\/uploads\\\/2025\\\/10\\\/Wie-Carsharing-Fahrzeuge-einen-Beitrag-zur-Energiewende-leisten-koennen_Organisator.jpg\",\"width\":680,\"height\":409,\"caption\":\"Elektroautos k\u00f6nnen das Stromnetz als flexible Energiespeicher unterst\u00fctzen. Voraussetzung ist bidirektionales Laden. (Bild: Unsplash.com)\"},{\"@type\":\"BreadcrumbList\",\"@id\":\"https:\\\/\\\/www.organisator.ch\\\/sustainability\\\/2025-10-02\\\/wie-carsharing-fahrzeuge-einen-beitrag-zur-energiewende-leisten-koennen\\\/#breadcrumb\",\"itemListElement\":[{\"@type\":\"ListItem\",\"position\":1,\"name\":\"Home\",\"item\":\"https:\\\/\\\/www.organisator.ch\\\/\"},{\"@type\":\"ListItem\",\"position\":2,\"name\":\"Wie Carsharing-Fahrzeuge einen Beitrag zur Energiewende leisten k\u00f6nnen\"}]},{\"@type\":\"WebSite\",\"@id\":\"https:\\\/\\\/www.organisator.ch\\\/#website\",\"url\":\"https:\\\/\\\/www.organisator.ch\\\/\",\"name\":\"Organisator\",\"description\":\"Kompetent. Praxisnah. Der ORGANISATOR bereitet in 10 Ausgaben pro Jahr die wesentlichen Themen f\u00fcr F\u00fchrungskr\u00e4fte von KMU auf.\",\"publisher\":{\"@id\":\"https:\\\/\\\/www.organisator.ch\\\/#organization\"},\"potentialAction\":[{\"@type\":\"SearchAction\",\"target\":{\"@type\":\"EntryPoint\",\"urlTemplate\":\"https:\\\/\\\/www.organisator.ch\\\/?s={search_term_string}\"},\"query-input\":{\"@type\":\"PropertyValueSpecification\",\"valueRequired\":true,\"valueName\":\"search_term_string\"}}],\"inLanguage\":\"it-IT\"},{\"@type\":\"Organization\",\"@id\":\"https:\\\/\\\/www.organisator.ch\\\/#organization\",\"name\":\"Organisator\",\"url\":\"https:\\\/\\\/www.organisator.ch\\\/\",\"logo\":{\"@type\":\"ImageObject\",\"inLanguage\":\"it-IT\",\"@id\":\"https:\\\/\\\/www.organisator.ch\\\/#\\\/schema\\\/logo\\\/image\\\/\",\"url\":\"https:\\\/\\\/www.organisator.ch\\\/wp-content\\\/uploads\\\/2022\\\/01\\\/Logo_Organisator_Website.png\",\"contentUrl\":\"https:\\\/\\\/www.organisator.ch\\\/wp-content\\\/uploads\\\/2022\\\/01\\\/Logo_Organisator_Website.png\",\"width\":800,\"height\":77,\"caption\":\"Organisator\"},\"image\":{\"@id\":\"https:\\\/\\\/www.organisator.ch\\\/#\\\/schema\\\/logo\\\/image\\\/\"},\"sameAs\":[\"https:\\\/\\\/www.facebook.com\\\/OrganisatorFachmagazin\",\"https:\\\/\\\/www.linkedin.com\\\/showcase\\\/organisator-das-magazin-fr-kmu\",\"https:\\\/\\\/www.xing.com\\\/news\\\/pages\\\/organisator-ch-695\",\"https:\\\/\\\/www.youtube.com\\\/channel\\\/UCGP2Sq0iWaZwT3BdIAQFYpw\"]},{\"@type\":\"Person\",\"@id\":\"https:\\\/\\\/www.organisator.ch\\\/#\\\/schema\\\/person\\\/6f650f90b2842cd4c0cc334b4e36f67e\",\"name\":\"thomas.berner\",\"image\":{\"@type\":\"ImageObject\",\"inLanguage\":\"it-IT\",\"@id\":\"https:\\\/\\\/secure.gravatar.com\\\/avatar\\\/ac5001d2a36cb6c6cd3e50789007ffca834b477b74a2144564522e944eabff61?s=96&d=mm&r=g\",\"url\":\"https:\\\/\\\/secure.gravatar.com\\\/avatar\\\/ac5001d2a36cb6c6cd3e50789007ffca834b477b74a2144564522e944eabff61?s=96&d=mm&r=g\",\"contentUrl\":\"https:\\\/\\\/secure.gravatar.com\\\/avatar\\\/ac5001d2a36cb6c6cd3e50789007ffca834b477b74a2144564522e944eabff61?s=96&d=mm&r=g\",\"caption\":\"thomas.berner\"},\"url\":\"https:\\\/\\\/www.organisator.ch\\\/it\\\/author\\\/thomas-berner\\\/\"}]}<\/script>\n<!-- \/ Yoast SEO plugin. -->","yoast_head_json":{"title":"Come i veicoli di car sharing possono contribuire alla transizione energetica - Organizzatore","description":"Le auto elettriche, ad esempio quelle del car sharing, non solo possono guidare, ma possono anche immagazzinare e immettere elettricit\u00e0 nella rete.","robots":{"index":"index","follow":"follow","max-snippet":"max-snippet:-1","max-image-preview":"max-image-preview:large","max-video-preview":"max-video-preview:-1"},"canonical":"https:\/\/www.organisator.ch\/it\/sostenibilita\/2025-10-02\/wie-carsharing-fahrzeuge-einen-beitrag-zur-energiewende-leisten-koennen\/","og_locale":"it_IT","og_type":"article","og_title":"Wie Carsharing-Fahrzeuge einen Beitrag zur Energiewende leisten k\u00f6nnen","og_description":"Elektroautos, z. B. Carsharing-Fahrzeuge, k\u00f6nnen nicht nur fahren \u2013 sie k\u00f6nnen auch Strom speichern und zur\u00fcckspeisen.","og_url":"https:\/\/www.organisator.ch\/it\/sostenibilita\/2025-10-02\/wie-carsharing-fahrzeuge-einen-beitrag-zur-energiewende-leisten-koennen\/","og_site_name":"Organisator","article_publisher":"https:\/\/www.facebook.com\/OrganisatorFachmagazin","article_published_time":"2025-10-02T14:37:55+00:00","og_image":[{"width":680,"height":409,"url":"https:\/\/www.organisator.ch\/wp-content\/uploads\/2025\/10\/Wie-Carsharing-Fahrzeuge-einen-Beitrag-zur-Energiewende-leisten-koennen_Organisator.jpg","type":"image\/jpeg"}],"author":"thomas.berner","twitter_card":"summary_large_image","twitter_title":"Wie #Carsharing-Fahrzeuge einen Beitrag zur #Energiewende leisten k\u00f6nnen","twitter_description":"#Elektroautos, z. B. #Carsharing-Fahrzeuge, k\u00f6nnen nicht nur fahren \u2013 sie k\u00f6nnen auch Strom speichern und zur\u00fcckspeisen.","twitter_image":"https:\/\/www.organisator.ch\/wp-content\/uploads\/2025\/10\/Wie-Carsharing-Fahrzeuge-einen-Beitrag-zur-Energiewende-leisten-koennen_Organisator.jpg","schema":{"@context":"https:\/\/schema.org","@graph":[{"@type":"Article","@id":"https:\/\/www.organisator.ch\/sustainability\/2025-10-02\/wie-carsharing-fahrzeuge-einen-beitrag-zur-energiewende-leisten-koennen\/#article","isPartOf":{"@id":"https:\/\/www.organisator.ch\/sustainability\/2025-10-02\/wie-carsharing-fahrzeuge-einen-beitrag-zur-energiewende-leisten-koennen\/"},"author":{"name":"thomas.berner","@id":"https:\/\/www.organisator.ch\/#\/schema\/person\/6f650f90b2842cd4c0cc334b4e36f67e"},"headline":"Wie Carsharing-Fahrzeuge einen Beitrag zur Energiewende leisten k\u00f6nnen","datePublished":"2025-10-02T14:37:55+00:00","mainEntityOfPage":{"@id":"https:\/\/www.organisator.ch\/sustainability\/2025-10-02\/wie-carsharing-fahrzeuge-einen-beitrag-zur-energiewende-leisten-koennen\/"},"wordCount":492,"publisher":{"@id":"https:\/\/www.organisator.ch\/#organization"},"image":{"@id":"https:\/\/www.organisator.ch\/sustainability\/2025-10-02\/wie-carsharing-fahrzeuge-einen-beitrag-zur-energiewende-leisten-koennen\/#primaryimage"},"thumbnailUrl":"https:\/\/www.organisator.ch\/wp-content\/uploads\/2025\/10\/Wie-Carsharing-Fahrzeuge-einen-Beitrag-zur-Energiewende-leisten-koennen_Organisator.jpg","keywords":["Energiewende","Fachhochschulen","Forschung","Nachhaltige Wirtschaft"],"articleSection":["SUSTAINABILITY"],"inLanguage":"it-IT"},{"@type":"WebPage","@id":"https:\/\/www.organisator.ch\/sustainability\/2025-10-02\/wie-carsharing-fahrzeuge-einen-beitrag-zur-energiewende-leisten-koennen\/","url":"https:\/\/www.organisator.ch\/sustainability\/2025-10-02\/wie-carsharing-fahrzeuge-einen-beitrag-zur-energiewende-leisten-koennen\/","name":"Come i veicoli di car sharing possono contribuire alla transizione energetica - Organizzatore","isPartOf":{"@id":"https:\/\/www.organisator.ch\/#website"},"primaryImageOfPage":{"@id":"https:\/\/www.organisator.ch\/sustainability\/2025-10-02\/wie-carsharing-fahrzeuge-einen-beitrag-zur-energiewende-leisten-koennen\/#primaryimage"},"image":{"@id":"https:\/\/www.organisator.ch\/sustainability\/2025-10-02\/wie-carsharing-fahrzeuge-einen-beitrag-zur-energiewende-leisten-koennen\/#primaryimage"},"thumbnailUrl":"https:\/\/www.organisator.ch\/wp-content\/uploads\/2025\/10\/Wie-Carsharing-Fahrzeuge-einen-Beitrag-zur-Energiewende-leisten-koennen_Organisator.jpg","datePublished":"2025-10-02T14:37:55+00:00","description":"Le auto elettriche, ad esempio quelle del car sharing, non solo possono guidare, ma possono anche immagazzinare e immettere elettricit\u00e0 nella rete.","breadcrumb":{"@id":"https:\/\/www.organisator.ch\/sustainability\/2025-10-02\/wie-carsharing-fahrzeuge-einen-beitrag-zur-energiewende-leisten-koennen\/#breadcrumb"},"inLanguage":"it-IT","potentialAction":[{"@type":"ReadAction","target":["https:\/\/www.organisator.ch\/sustainability\/2025-10-02\/wie-carsharing-fahrzeuge-einen-beitrag-zur-energiewende-leisten-koennen\/"]}]},{"@type":"ImageObject","inLanguage":"it-IT","@id":"https:\/\/www.organisator.ch\/sustainability\/2025-10-02\/wie-carsharing-fahrzeuge-einen-beitrag-zur-energiewende-leisten-koennen\/#primaryimage","url":"https:\/\/www.organisator.ch\/wp-content\/uploads\/2025\/10\/Wie-Carsharing-Fahrzeuge-einen-Beitrag-zur-Energiewende-leisten-koennen_Organisator.jpg","contentUrl":"https:\/\/www.organisator.ch\/wp-content\/uploads\/2025\/10\/Wie-Carsharing-Fahrzeuge-einen-Beitrag-zur-Energiewende-leisten-koennen_Organisator.jpg","width":680,"height":409,"caption":"Elektroautos k\u00f6nnen das Stromnetz als flexible Energiespeicher unterst\u00fctzen. Voraussetzung ist bidirektionales Laden. (Bild: Unsplash.com)"},{"@type":"BreadcrumbList","@id":"https:\/\/www.organisator.ch\/sustainability\/2025-10-02\/wie-carsharing-fahrzeuge-einen-beitrag-zur-energiewende-leisten-koennen\/#breadcrumb","itemListElement":[{"@type":"ListItem","position":1,"name":"Home","item":"https:\/\/www.organisator.ch\/"},{"@type":"ListItem","position":2,"name":"Wie Carsharing-Fahrzeuge einen Beitrag zur Energiewende leisten k\u00f6nnen"}]},{"@type":"WebSite","@id":"https:\/\/www.organisator.ch\/#website","url":"https:\/\/www.organisator.ch\/","name":"Organizzatore","description":"Competente. Pratico. In 10 numeri all'anno, ORGANISATOR presenta i temi essenziali per i manager delle PMI.","publisher":{"@id":"https:\/\/www.organisator.ch\/#organization"},"potentialAction":[{"@type":"SearchAction","target":{"@type":"EntryPoint","urlTemplate":"https:\/\/www.organisator.ch\/?s={search_term_string}"},"query-input":{"@type":"PropertyValueSpecification","valueRequired":true,"valueName":"search_term_string"}}],"inLanguage":"it-IT"},{"@type":"Organization","@id":"https:\/\/www.organisator.ch\/#organization","name":"Organizzatore","url":"https:\/\/www.organisator.ch\/","logo":{"@type":"ImageObject","inLanguage":"it-IT","@id":"https:\/\/www.organisator.ch\/#\/schema\/logo\/image\/","url":"https:\/\/www.organisator.ch\/wp-content\/uploads\/2022\/01\/Logo_Organisator_Website.png","contentUrl":"https:\/\/www.organisator.ch\/wp-content\/uploads\/2022\/01\/Logo_Organisator_Website.png","width":800,"height":77,"caption":"Organisator"},"image":{"@id":"https:\/\/www.organisator.ch\/#\/schema\/logo\/image\/"},"sameAs":["https:\/\/www.facebook.com\/OrganisatorFachmagazin","https:\/\/www.linkedin.com\/showcase\/organisator-das-magazin-fr-kmu","https:\/\/www.xing.com\/news\/pages\/organisator-ch-695","https:\/\/www.youtube.com\/channel\/UCGP2Sq0iWaZwT3BdIAQFYpw"]},{"@type":"Person","@id":"https:\/\/www.organisator.ch\/#\/schema\/person\/6f650f90b2842cd4c0cc334b4e36f67e","name":"Tommaso.berner","image":{"@type":"ImageObject","inLanguage":"it-IT","@id":"https:\/\/secure.gravatar.com\/avatar\/ac5001d2a36cb6c6cd3e50789007ffca834b477b74a2144564522e944eabff61?s=96&d=mm&r=g","url":"https:\/\/secure.gravatar.com\/avatar\/ac5001d2a36cb6c6cd3e50789007ffca834b477b74a2144564522e944eabff61?s=96&d=mm&r=g","contentUrl":"https:\/\/secure.gravatar.com\/avatar\/ac5001d2a36cb6c6cd3e50789007ffca834b477b74a2144564522e944eabff61?s=96&d=mm&r=g","caption":"thomas.berner"},"url":"https:\/\/www.organisator.ch\/it\/author\/thomas-berner\/"}]}},"_links":{"self":[{"href":"https:\/\/www.organisator.ch\/it\/wp-json\/wp\/v2\/posts\/40892","targetHints":{"allow":["GET"]}}],"collection":[{"href":"https:\/\/www.organisator.ch\/it\/wp-json\/wp\/v2\/posts"}],"about":[{"href":"https:\/\/www.organisator.ch\/it\/wp-json\/wp\/v2\/types\/post"}],"author":[{"embeddable":true,"href":"https:\/\/www.organisator.ch\/it\/wp-json\/wp\/v2\/users\/4"}],"replies":[{"embeddable":true,"href":"https:\/\/www.organisator.ch\/it\/wp-json\/wp\/v2\/comments?post=40892"}],"version-history":[{"count":4,"href":"https:\/\/www.organisator.ch\/it\/wp-json\/wp\/v2\/posts\/40892\/revisions"}],"predecessor-version":[{"id":40923,"href":"https:\/\/www.organisator.ch\/it\/wp-json\/wp\/v2\/posts\/40892\/revisions\/40923"}],"wp:featuredmedia":[{"embeddable":true,"href":"https:\/\/www.organisator.ch\/it\/wp-json\/wp\/v2\/media\/40893"}],"wp:attachment":[{"href":"https:\/\/www.organisator.ch\/it\/wp-json\/wp\/v2\/media?parent=40892"}],"wp:term":[{"taxonomy":"category","embeddable":true,"href":"https:\/\/www.organisator.ch\/it\/wp-json\/wp\/v2\/categories?post=40892"},{"taxonomy":"post_tag","embeddable":true,"href":"https:\/\/www.organisator.ch\/it\/wp-json\/wp\/v2\/tags?post=40892"}],"curies":[{"name":"wp","href":"https:\/\/api.w.org\/{rel}","templated":true}]}}