{"id":40952,"date":"2025-10-14T11:37:59","date_gmt":"2025-10-14T09:37:59","guid":{"rendered":"https:\/\/www.markt-kom.com\/?p=242552"},"modified":"2025-10-06T14:36:38","modified_gmt":"2025-10-06T12:36:38","slug":"eva-on-stage-macht-female-leaders-sichtbar-interview-mit-annette-felicitas-haecki","status":"publish","type":"post","link":"https:\/\/www.organisator.ch\/it\/marketing\/2025-10-14\/eva-on-stage-macht-female-leaders-sichtbar-interview-mit-annette-felicitas-haecki\/","title":{"rendered":"\"Eva on Stage\" rende visibili le donne leader - Intervista con Annette Felicitas H\u00e4cki"},"content":{"rendered":"<p><span style=\"font-size: 16px;\"><img class=\"alignnone size-full wp-image-242558\" src=\"https:\/\/www.markt-kom.com\/wp-content\/uploads\/2025\/10\/eva.png\" sizes=\"(max-width: 1200px) 100vw, 1200px\" srcset=\"https:\/\/www.markt-kom.com\/wp-content\/uploads\/2025\/10\/eva.png 1200w, https:\/\/www.markt-kom.com\/wp-content\/uploads\/2025\/10\/eva-600x450.png 600w, https:\/\/www.markt-kom.com\/wp-content\/uploads\/2025\/10\/eva-1024x768.png 1024w, https:\/\/www.markt-kom.com\/wp-content\/uploads\/2025\/10\/eva-768x576.png 768w, https:\/\/www.markt-kom.com\/wp-content\/uploads\/2025\/10\/eva-16x12.png 16w, https:\/\/www.markt-kom.com\/wp-content\/uploads\/2025\/10\/eva-233x175.png 233w, https:\/\/www.markt-kom.com\/wp-content\/uploads\/2025\/10\/eva-467x350.png 467w, https:\/\/www.markt-kom.com\/wp-content\/uploads\/2025\/10\/eva-1000x750.png 1000w\" alt=\"\" width=\"1200\" height=\"900\" \/>Le donne sono ancora significativamente sottorappresentate nelle conferenze e nei congressi. Quasi il 70% dei relatori in tutto il mondo \u00e8 di sesso maschile. In alcuni eventi, non ci sono affatto donne sul palco e, se ci sono, lo fanno come moderatrici o in un gruppo di discussione.<\/span><\/p>\r\n<h3>Competente e sicuro di s\u00e9<\/h3>\r\n<p>Il fatto \u00e8 che sono troppo pochi gli esperti di sesso femminile invitati. Dopo tutto, ci sono leader di pensiero femminili in ogni campo. D'altra parte, secondo gli stessi organizzatori degli eventi, spesso \u00e8 difficile trovare un relatore donna. Alcune disdicono quando viene loro chiesto di tenere un discorso programmatico.<\/p>\r\n<p>Eva on Stage \u00e8 un programma di eccellenza che inizia proprio qui. Si rivolge alle donne leader che vogliono professionalizzare le loro capacit\u00e0 di performance. Dopo tutto, il tempo \u00e8 poco nel mondo frenetico della gestione quotidiana e le aspettative personali sono elevate. Quindi \u00e8 meglio disdire un invito che non soddisfare le proprie aspettative.<\/p>\r\n<h3>La visibilit\u00e0 come fattore di successo<\/h3>\r\n<p>Si tratta di un'opportunit\u00e0 non sfruttata. La visibilit\u00e0 non \u00e8 pi\u00f9 un \"nice-to-have\", ma un vantaggio strategico. Chi fa colpo sul palcoscenico stabilisce il tono del settore, guadagna visibilit\u00e0 e influenza la percezione dell'azienda che lo impiega. Per le aziende, questo si traduce in vantaggi misurabili per l'employer branding, la reputazione e la rete. Tuttavia, se le donne sono sottorappresentate, la competenza che viene loro attribuita diminuisce.<\/p>\r\n<h3><strong>Esperti di fama e eventi dal vivo<\/strong><\/h3>\r\n<p>In Eva On Stage, coach esperti accompagnano le leader femminili in sessioni di coaching di gruppo e individuali. Vengono formate dagli esperti con molti esercizi pratici e analisi video e vocali in tutti gli aspetti importanti per una performance professionale sul palcoscenico.<\/p>\r\n<p>La nota presentatrice e formatrice di comunicazione Kiki M\u00e4der combina la pratica sul palcoscenico con l'esperienza nei media e mostra come le performance possano essere autentiche ed efficaci. In\u00eas Moura, esperta internazionale di voce e respirazione, fornisce consigli pratici su come utilizzare voce e respirazione in modo mirato sul palco. Ang\u00e9lique Beldner, giornalista televisiva e radiofonica di grande esperienza, vi prepara per il grande palcoscenico. L'esperta di storytelling Annette Felicitas H\u00e4cki far\u00e0 in modo che gli argomenti vengano approfonditi, i messaggi trasmessi in modo chiaro e i contenuti ricordati a lungo. Il programma comprende anche consigli di styling e training per le interviste.<\/p>\r\n<p>Il momento culminante e conclusivo dell'Excellence Training \u00e8 una performance dal vivo in occasione di un esclusivo evento di networking. La prima classe inizier\u00e0 a settembre 2026 e le persone interessate possono iscriversi alla lista di priorit\u00e0 tramite il sito evaonstage.com. I posti sono limitati a dieci leader donne per classe.<\/p>\r\n<p><img class=\"wp-image-242553 size-full\" src=\"https:\/\/www.markt-kom.com\/wp-content\/uploads\/2025\/10\/Annette_Haecki-1200.png\" sizes=\"(max-width: 1200px) 100vw, 1200px\" srcset=\"https:\/\/www.markt-kom.com\/wp-content\/uploads\/2025\/10\/Annette_Haecki-1200.png 1200w, https:\/\/www.markt-kom.com\/wp-content\/uploads\/2025\/10\/Annette_Haecki-1200-600x450.png 600w, https:\/\/www.markt-kom.com\/wp-content\/uploads\/2025\/10\/Annette_Haecki-1200-1024x768.png 1024w, https:\/\/www.markt-kom.com\/wp-content\/uploads\/2025\/10\/Annette_Haecki-1200-768x576.png 768w, https:\/\/www.markt-kom.com\/wp-content\/uploads\/2025\/10\/Annette_Haecki-1200-16x12.png 16w, https:\/\/www.markt-kom.com\/wp-content\/uploads\/2025\/10\/Annette_Haecki-1200-233x175.png 233w, https:\/\/www.markt-kom.com\/wp-content\/uploads\/2025\/10\/Annette_Haecki-1200-467x350.png 467w, https:\/\/www.markt-kom.com\/wp-content\/uploads\/2025\/10\/Annette_Haecki-1200-1000x750.png 1000w\" alt=\"\" width=\"1200\" height=\"900\" \/><\/p>\r\n<h2>Intervista con Annette Felicitas H\u00e4cki, promotrice di \"Eva on stage\"<\/h2>\r\n<p><strong>m&amp;k: Le donne sono ancora chiaramente in minoranza alle conferenze. Perch\u00e9 \u00e8 un problema?<\/strong>\u00c8 un problema perch\u00e9 significa che si perdono prospettive importanti. Le donne in posizioni manageriali apportano competenze, responsabilit\u00e0 e argomenti che arricchiscono il discorso. Se non ci sono, i dibattiti rimangono unilaterali. E mancano anche modelli di ruolo che ispirino altre donne a fare il passo successivo. La visibilit\u00e0 delle donne leader non \u00e8 quindi solo una questione individuale, ma anche sociale.<\/p>\r\n<p><strong>Annette Felicitas H\u00e4cki: Non tutte le donne di successo colgono l'opportunit\u00e0 quando sono invitate. Alcune rifiutano. Perch\u00e9?<\/strong><\/p>\r\n<p>Spesso questo non \u00e8 dovuto a una mancanza di fiducia in se stessi, ma alle condizioni generali. La leadership implica un'agenda fitta di impegni, poco tempo per prepararsi e la necessit\u00e0 di dare priorit\u00e0 ad altri compiti. Allo stesso tempo, molte donne si pongono standard particolarmente elevati quando salgono sul palco: Vogliono dimostrare l'eccellenza, non solo \"cavarsela in qualche modo\". E a volte si sottovaluta la differenza strategica che la visibilit\u00e0 fa, sia per il proprio ruolo che per l'azienda.<\/p>\r\n<p><strong>Che cosa c'\u00e8 di diverso in Eva On Stage rispetto alla formazione tradizionale?<\/strong><\/p>\r\n<p>Eva On Stage non \u00e8 un corso di formazione standard, ma un programma di eccellenza. Combina tutti gli aspetti rilevanti di una performance forte: dalla voce, il linguaggio del corpo e lo storytelling alla presenza mediatica, la tecnica, l'abbigliamento e la routine di scena. Ogni modulo \u00e8 condotto da rinomate esperte del settore. Il programma crea inoltre una comunit\u00e0 esclusiva di donne leader che si sostengono a vicenda.<\/p>\r\n<p><strong>Che ruolo ha la comunit\u00e0?<\/strong><\/p>\r\n<p>Eva on Stage non \u00e8 solo un programma, ma anche una rete. \u00c8 pensato per le donne leader e limitato a dieci partecipanti per classe. Oltre alle capacit\u00e0 individuali di esibizione, cresce un circolo di voci forti che si aiutano a vicenda a progredire e arricchiscono il discorso a lungo termine. Anche nella speranza che si raccomandino l'un l'altra come relatrici se non hanno tempo quando sono invitate o se l'argomento non \u00e8 di loro gradimento.<\/p>\r\n<p><strong>Perch\u00e9 la visibilit\u00e0 \u00e8 oggi un fattore strategico di successo, soprattutto per i manager? <\/strong><\/p>\r\n<p>Perch\u00e9 il palcoscenico ha un impatto che va ben oltre l'aspetto individuale. Coloro che vi fanno colpo plasmano la percezione di un intero settore e rafforzano l'azienda che rappresentano. La visibilit\u00e0 \u00e8 quindi uno strumento di gestione. E soprattutto nell'era dell'intelligenza artificiale, il fattore umano conta: atteggiamento, credibilit\u00e0 e presenza non possono essere automatizzati.<\/p>\r\n<p><strong>Che ruolo ha l'agenzia DAY Partners in questo progetto?<\/strong><\/p>\r\n<p>La visibilit\u00e0 \u00e8 un valore fondamentale anche nel nostro lavoro di agenzia. Con i Day Partner, supportiamo le aziende nel rafforzamento dei marchi e nel potenziamento delle strutture. Questa esperienza confluisce in Eva on Stage, ad esempio nel modulo Storytelling. Per noi, Eva on Stage \u00e8 la logica continuazione del nostro approccio.<\/p>\r\n<p><strong>Cosa si augura per il futuro di Eva on Stage?<\/strong><\/p>\r\n<p>Mi auguro che in ogni conferenza specialistica diventi scontato ascoltare un mix equilibrato di voci. E che le donne non vedano il palcoscenico come un peso aggiuntivo, ma come un'opportunit\u00e0 strategica per rendere visibili le loro competenze, contribuire a dare forma ai dibattiti e fungere da modello. Se contribuiremo a questo, avremo raggiunto il nostro obiettivo.<\/p>","protected":false},"excerpt":{"rendered":"<p>Quasi il 70% di tutti i relatori delle conferenze in tutto il mondo \u00e8 di sesso maschile, e a volte le donne sono addirittura del tutto assenti. L'Executive Voices Academy \"Eva on Stage\" porta sul palco le voci femminili.<\/p>","protected":false},"author":8,"featured_media":0,"comment_status":"closed","ping_status":"closed","sticky":false,"template":"","format":"standard","meta":{"_acf_changed":false,"_yoast_wpseo_focuskw":"Eva on Stage","_yoast_wpseo_metadesc":"Die Executive Voices Academy \u00abEva on Stage\u00bb bringt weibliche Stimmen auf die B\u00fchne. Annette Felicitas H\u00e4cki spricht dar\u00fcber im Interview.","articlekey":"","footnotes":""},"categories":[29],"tags":[5491,5563,335,4343],"class_list":["post-40952","post","type-post","status-publish","format-standard","hentry","category-marketing","tag-day-partners","tag-female-entrepreneurs","tag-management-und-unternehmensfuehrung","tag-markom"],"acf":[],"yoast_head":"<!-- This site is optimized with the Yoast SEO plugin v27.5 - https:\/\/yoast.com\/product\/yoast-seo-wordpress\/ -->\n<title>\u00abEva on Stage\u00bb\u00a0macht Female Leaders sichtbar \u2013\u00a0Interview mit Annette Felicitas H\u00e4cki - Organisator<\/title>\n<meta name=\"description\" content=\"Die Executive Voices Academy \u00abEva on Stage\u00bb bringt weibliche Stimmen auf die B\u00fchne. Annette Felicitas H\u00e4cki spricht dar\u00fcber im Interview.\" \/>\n<meta name=\"robots\" content=\"index, follow, max-snippet:-1, max-image-preview:large, max-video-preview:-1\" \/>\n<link rel=\"canonical\" href=\"https:\/\/www.organisator.ch\/it\/marketing\/2025-10-14\/eva-on-stage-macht-female-leaders-sichtbar-interview-mit-annette-felicitas-haecki\/\" \/>\n<meta property=\"og:locale\" content=\"it_IT\" \/>\n<meta property=\"og:type\" content=\"article\" \/>\n<meta property=\"og:title\" content=\"\u00abEva on Stage\u00bb\u00a0macht Female Leaders sichtbar \u2013\u00a0Interview mit Annette Felicitas H\u00e4cki - Organisator\" \/>\n<meta property=\"og:description\" content=\"Die Executive Voices Academy \u00abEva on Stage\u00bb bringt weibliche Stimmen auf die B\u00fchne. Annette Felicitas H\u00e4cki spricht dar\u00fcber im Interview.\" \/>\n<meta property=\"og:url\" content=\"https:\/\/www.organisator.ch\/it\/marketing\/2025-10-14\/eva-on-stage-macht-female-leaders-sichtbar-interview-mit-annette-felicitas-haecki\/\" \/>\n<meta property=\"og:site_name\" content=\"Organisator\" \/>\n<meta property=\"article:publisher\" content=\"https:\/\/www.facebook.com\/OrganisatorFachmagazin\" \/>\n<meta property=\"article:published_time\" content=\"2025-10-14T09:37:59+00:00\" \/>\n<meta name=\"author\" content=\"galledia\" \/>\n<meta name=\"twitter:card\" content=\"summary_large_image\" \/>\n<meta name=\"twitter:creator\" content=\"@admin\" \/>\n<script type=\"application\/ld+json\" class=\"yoast-schema-graph\">{\"@context\":\"https:\\\/\\\/schema.org\",\"@graph\":[{\"@type\":\"Article\",\"@id\":\"https:\\\/\\\/www.organisator.ch\\\/marketing\\\/2025-10-14\\\/eva-on-stage-macht-female-leaders-sichtbar-interview-mit-annette-felicitas-haecki\\\/#article\",\"isPartOf\":{\"@id\":\"https:\\\/\\\/www.organisator.ch\\\/marketing\\\/2025-10-14\\\/eva-on-stage-macht-female-leaders-sichtbar-interview-mit-annette-felicitas-haecki\\\/\"},\"author\":{\"name\":\"galledia\",\"@id\":\"https:\\\/\\\/www.organisator.ch\\\/#\\\/schema\\\/person\\\/4e51799071cd2dd1232ac003643ef5f0\"},\"headline\":\"\u00abEva on Stage\u00bb\u00a0macht Female Leaders sichtbar \u2013\u00a0Interview mit Annette Felicitas H\u00e4cki\",\"datePublished\":\"2025-10-14T09:37:59+00:00\",\"mainEntityOfPage\":{\"@id\":\"https:\\\/\\\/www.organisator.ch\\\/marketing\\\/2025-10-14\\\/eva-on-stage-macht-female-leaders-sichtbar-interview-mit-annette-felicitas-haecki\\\/\"},\"wordCount\":924,\"publisher\":{\"@id\":\"https:\\\/\\\/www.organisator.ch\\\/#organization\"},\"image\":{\"@id\":\"https:\\\/\\\/www.organisator.ch\\\/marketing\\\/2025-10-14\\\/eva-on-stage-macht-female-leaders-sichtbar-interview-mit-annette-felicitas-haecki\\\/#primaryimage\"},\"thumbnailUrl\":\"https:\\\/\\\/www.markt-kom.com\\\/wp-content\\\/uploads\\\/2025\\\/10\\\/eva.png\",\"keywords\":[\"DAY Partners\",\"Female Entrepreneurs\",\"Management und Unternehmensf\u00fchrung\",\"MarKom\"],\"articleSection\":[\"MARKETING\"],\"inLanguage\":\"it-IT\"},{\"@type\":\"WebPage\",\"@id\":\"https:\\\/\\\/www.organisator.ch\\\/marketing\\\/2025-10-14\\\/eva-on-stage-macht-female-leaders-sichtbar-interview-mit-annette-felicitas-haecki\\\/\",\"url\":\"https:\\\/\\\/www.organisator.ch\\\/marketing\\\/2025-10-14\\\/eva-on-stage-macht-female-leaders-sichtbar-interview-mit-annette-felicitas-haecki\\\/\",\"name\":\"\u00abEva on Stage\u00bb\u00a0macht Female Leaders sichtbar \u2013\u00a0Interview mit Annette Felicitas H\u00e4cki - Organisator\",\"isPartOf\":{\"@id\":\"https:\\\/\\\/www.organisator.ch\\\/#website\"},\"primaryImageOfPage\":{\"@id\":\"https:\\\/\\\/www.organisator.ch\\\/marketing\\\/2025-10-14\\\/eva-on-stage-macht-female-leaders-sichtbar-interview-mit-annette-felicitas-haecki\\\/#primaryimage\"},\"image\":{\"@id\":\"https:\\\/\\\/www.organisator.ch\\\/marketing\\\/2025-10-14\\\/eva-on-stage-macht-female-leaders-sichtbar-interview-mit-annette-felicitas-haecki\\\/#primaryimage\"},\"thumbnailUrl\":\"https:\\\/\\\/www.markt-kom.com\\\/wp-content\\\/uploads\\\/2025\\\/10\\\/eva.png\",\"datePublished\":\"2025-10-14T09:37:59+00:00\",\"description\":\"Die Executive Voices Academy \u00abEva on Stage\u00bb bringt weibliche Stimmen auf die B\u00fchne. Annette Felicitas H\u00e4cki spricht dar\u00fcber im Interview.\",\"breadcrumb\":{\"@id\":\"https:\\\/\\\/www.organisator.ch\\\/marketing\\\/2025-10-14\\\/eva-on-stage-macht-female-leaders-sichtbar-interview-mit-annette-felicitas-haecki\\\/#breadcrumb\"},\"inLanguage\":\"it-IT\",\"potentialAction\":[{\"@type\":\"ReadAction\",\"target\":[\"https:\\\/\\\/www.organisator.ch\\\/marketing\\\/2025-10-14\\\/eva-on-stage-macht-female-leaders-sichtbar-interview-mit-annette-felicitas-haecki\\\/\"]}]},{\"@type\":\"ImageObject\",\"inLanguage\":\"it-IT\",\"@id\":\"https:\\\/\\\/www.organisator.ch\\\/marketing\\\/2025-10-14\\\/eva-on-stage-macht-female-leaders-sichtbar-interview-mit-annette-felicitas-haecki\\\/#primaryimage\",\"url\":\"https:\\\/\\\/www.markt-kom.com\\\/wp-content\\\/uploads\\\/2025\\\/10\\\/eva.png\",\"contentUrl\":\"https:\\\/\\\/www.markt-kom.com\\\/wp-content\\\/uploads\\\/2025\\\/10\\\/eva.png\"},{\"@type\":\"BreadcrumbList\",\"@id\":\"https:\\\/\\\/www.organisator.ch\\\/marketing\\\/2025-10-14\\\/eva-on-stage-macht-female-leaders-sichtbar-interview-mit-annette-felicitas-haecki\\\/#breadcrumb\",\"itemListElement\":[{\"@type\":\"ListItem\",\"position\":1,\"name\":\"Home\",\"item\":\"https:\\\/\\\/www.organisator.ch\\\/\"},{\"@type\":\"ListItem\",\"position\":2,\"name\":\"\u00abEva on Stage\u00bb\u00a0macht Female Leaders sichtbar \u2013\u00a0Interview mit Annette Felicitas H\u00e4cki\"}]},{\"@type\":\"WebSite\",\"@id\":\"https:\\\/\\\/www.organisator.ch\\\/#website\",\"url\":\"https:\\\/\\\/www.organisator.ch\\\/\",\"name\":\"Organisator\",\"description\":\"Kompetent. Praxisnah. Der ORGANISATOR bereitet in 10 Ausgaben pro Jahr die wesentlichen Themen f\u00fcr F\u00fchrungskr\u00e4fte von KMU auf.\",\"publisher\":{\"@id\":\"https:\\\/\\\/www.organisator.ch\\\/#organization\"},\"potentialAction\":[{\"@type\":\"SearchAction\",\"target\":{\"@type\":\"EntryPoint\",\"urlTemplate\":\"https:\\\/\\\/www.organisator.ch\\\/?s={search_term_string}\"},\"query-input\":{\"@type\":\"PropertyValueSpecification\",\"valueRequired\":true,\"valueName\":\"search_term_string\"}}],\"inLanguage\":\"it-IT\"},{\"@type\":\"Organization\",\"@id\":\"https:\\\/\\\/www.organisator.ch\\\/#organization\",\"name\":\"Organisator\",\"url\":\"https:\\\/\\\/www.organisator.ch\\\/\",\"logo\":{\"@type\":\"ImageObject\",\"inLanguage\":\"it-IT\",\"@id\":\"https:\\\/\\\/www.organisator.ch\\\/#\\\/schema\\\/logo\\\/image\\\/\",\"url\":\"https:\\\/\\\/www.organisator.ch\\\/wp-content\\\/uploads\\\/2022\\\/01\\\/Logo_Organisator_Website.png\",\"contentUrl\":\"https:\\\/\\\/www.organisator.ch\\\/wp-content\\\/uploads\\\/2022\\\/01\\\/Logo_Organisator_Website.png\",\"width\":800,\"height\":77,\"caption\":\"Organisator\"},\"image\":{\"@id\":\"https:\\\/\\\/www.organisator.ch\\\/#\\\/schema\\\/logo\\\/image\\\/\"},\"sameAs\":[\"https:\\\/\\\/www.facebook.com\\\/OrganisatorFachmagazin\",\"https:\\\/\\\/www.linkedin.com\\\/showcase\\\/organisator-das-magazin-fr-kmu\",\"https:\\\/\\\/www.xing.com\\\/news\\\/pages\\\/organisator-ch-695\",\"https:\\\/\\\/www.youtube.com\\\/channel\\\/UCGP2Sq0iWaZwT3BdIAQFYpw\"]},{\"@type\":\"Person\",\"@id\":\"https:\\\/\\\/www.organisator.ch\\\/#\\\/schema\\\/person\\\/4e51799071cd2dd1232ac003643ef5f0\",\"name\":\"galledia\",\"image\":{\"@type\":\"ImageObject\",\"inLanguage\":\"it-IT\",\"@id\":\"https:\\\/\\\/secure.gravatar.com\\\/avatar\\\/78a7f90c01fc2bfc875782a0d4922b37cde2cf184ce347b91316d23cd7f69a36?s=96&d=mm&r=g\",\"url\":\"https:\\\/\\\/secure.gravatar.com\\\/avatar\\\/78a7f90c01fc2bfc875782a0d4922b37cde2cf184ce347b91316d23cd7f69a36?s=96&d=mm&r=g\",\"contentUrl\":\"https:\\\/\\\/secure.gravatar.com\\\/avatar\\\/78a7f90c01fc2bfc875782a0d4922b37cde2cf184ce347b91316d23cd7f69a36?s=96&d=mm&r=g\",\"caption\":\"galledia\"},\"sameAs\":[\"https:\\\/\\\/x.com\\\/admin\"],\"url\":\"https:\\\/\\\/www.organisator.ch\\\/it\\\/author\\\/galledia\\\/\"}]}<\/script>\n<!-- \/ Yoast SEO plugin. -->","yoast_head_json":{"title":"\"Eva on Stage\" rende visibili le donne leader - Intervista con Annette Felicitas H\u00e4cki - Organizzatrice","description":"L'Executive Voices Academy \"Eva on Stage\" porta sul palco le voci femminili. Annette Felicitas H\u00e4cki ne parla in un'intervista.","robots":{"index":"index","follow":"follow","max-snippet":"max-snippet:-1","max-image-preview":"max-image-preview:large","max-video-preview":"max-video-preview:-1"},"canonical":"https:\/\/www.organisator.ch\/it\/marketing\/2025-10-14\/eva-on-stage-macht-female-leaders-sichtbar-interview-mit-annette-felicitas-haecki\/","og_locale":"it_IT","og_type":"article","og_title":"\u00abEva on Stage\u00bb\u00a0macht Female Leaders sichtbar \u2013\u00a0Interview mit Annette Felicitas H\u00e4cki - Organisator","og_description":"Die Executive Voices Academy \u00abEva on Stage\u00bb bringt weibliche Stimmen auf die B\u00fchne. Annette Felicitas H\u00e4cki spricht dar\u00fcber im Interview.","og_url":"https:\/\/www.organisator.ch\/it\/marketing\/2025-10-14\/eva-on-stage-macht-female-leaders-sichtbar-interview-mit-annette-felicitas-haecki\/","og_site_name":"Organisator","article_publisher":"https:\/\/www.facebook.com\/OrganisatorFachmagazin","article_published_time":"2025-10-14T09:37:59+00:00","author":"galledia","twitter_card":"summary_large_image","twitter_creator":"@admin","schema":{"@context":"https:\/\/schema.org","@graph":[{"@type":"Article","@id":"https:\/\/www.organisator.ch\/marketing\/2025-10-14\/eva-on-stage-macht-female-leaders-sichtbar-interview-mit-annette-felicitas-haecki\/#article","isPartOf":{"@id":"https:\/\/www.organisator.ch\/marketing\/2025-10-14\/eva-on-stage-macht-female-leaders-sichtbar-interview-mit-annette-felicitas-haecki\/"},"author":{"name":"galledia","@id":"https:\/\/www.organisator.ch\/#\/schema\/person\/4e51799071cd2dd1232ac003643ef5f0"},"headline":"\u00abEva on Stage\u00bb\u00a0macht Female Leaders sichtbar \u2013\u00a0Interview mit Annette Felicitas H\u00e4cki","datePublished":"2025-10-14T09:37:59+00:00","mainEntityOfPage":{"@id":"https:\/\/www.organisator.ch\/marketing\/2025-10-14\/eva-on-stage-macht-female-leaders-sichtbar-interview-mit-annette-felicitas-haecki\/"},"wordCount":924,"publisher":{"@id":"https:\/\/www.organisator.ch\/#organization"},"image":{"@id":"https:\/\/www.organisator.ch\/marketing\/2025-10-14\/eva-on-stage-macht-female-leaders-sichtbar-interview-mit-annette-felicitas-haecki\/#primaryimage"},"thumbnailUrl":"https:\/\/www.markt-kom.com\/wp-content\/uploads\/2025\/10\/eva.png","keywords":["DAY Partners","Female Entrepreneurs","Management und Unternehmensf\u00fchrung","MarKom"],"articleSection":["MARKETING"],"inLanguage":"it-IT"},{"@type":"WebPage","@id":"https:\/\/www.organisator.ch\/marketing\/2025-10-14\/eva-on-stage-macht-female-leaders-sichtbar-interview-mit-annette-felicitas-haecki\/","url":"https:\/\/www.organisator.ch\/marketing\/2025-10-14\/eva-on-stage-macht-female-leaders-sichtbar-interview-mit-annette-felicitas-haecki\/","name":"\"Eva on Stage\" rende visibili le donne leader - Intervista con Annette Felicitas H\u00e4cki - Organizzatrice","isPartOf":{"@id":"https:\/\/www.organisator.ch\/#website"},"primaryImageOfPage":{"@id":"https:\/\/www.organisator.ch\/marketing\/2025-10-14\/eva-on-stage-macht-female-leaders-sichtbar-interview-mit-annette-felicitas-haecki\/#primaryimage"},"image":{"@id":"https:\/\/www.organisator.ch\/marketing\/2025-10-14\/eva-on-stage-macht-female-leaders-sichtbar-interview-mit-annette-felicitas-haecki\/#primaryimage"},"thumbnailUrl":"https:\/\/www.markt-kom.com\/wp-content\/uploads\/2025\/10\/eva.png","datePublished":"2025-10-14T09:37:59+00:00","description":"L'Executive Voices Academy \"Eva on Stage\" porta sul palco le voci femminili. Annette Felicitas H\u00e4cki ne parla in un'intervista.","breadcrumb":{"@id":"https:\/\/www.organisator.ch\/marketing\/2025-10-14\/eva-on-stage-macht-female-leaders-sichtbar-interview-mit-annette-felicitas-haecki\/#breadcrumb"},"inLanguage":"it-IT","potentialAction":[{"@type":"ReadAction","target":["https:\/\/www.organisator.ch\/marketing\/2025-10-14\/eva-on-stage-macht-female-leaders-sichtbar-interview-mit-annette-felicitas-haecki\/"]}]},{"@type":"ImageObject","inLanguage":"it-IT","@id":"https:\/\/www.organisator.ch\/marketing\/2025-10-14\/eva-on-stage-macht-female-leaders-sichtbar-interview-mit-annette-felicitas-haecki\/#primaryimage","url":"https:\/\/www.markt-kom.com\/wp-content\/uploads\/2025\/10\/eva.png","contentUrl":"https:\/\/www.markt-kom.com\/wp-content\/uploads\/2025\/10\/eva.png"},{"@type":"BreadcrumbList","@id":"https:\/\/www.organisator.ch\/marketing\/2025-10-14\/eva-on-stage-macht-female-leaders-sichtbar-interview-mit-annette-felicitas-haecki\/#breadcrumb","itemListElement":[{"@type":"ListItem","position":1,"name":"Home","item":"https:\/\/www.organisator.ch\/"},{"@type":"ListItem","position":2,"name":"\u00abEva on Stage\u00bb\u00a0macht Female Leaders sichtbar \u2013\u00a0Interview mit Annette Felicitas H\u00e4cki"}]},{"@type":"WebSite","@id":"https:\/\/www.organisator.ch\/#website","url":"https:\/\/www.organisator.ch\/","name":"Organizzatore","description":"Competente. Pratico. In 10 numeri all'anno, ORGANISATOR presenta i temi essenziali per i manager delle PMI.","publisher":{"@id":"https:\/\/www.organisator.ch\/#organization"},"potentialAction":[{"@type":"SearchAction","target":{"@type":"EntryPoint","urlTemplate":"https:\/\/www.organisator.ch\/?s={search_term_string}"},"query-input":{"@type":"PropertyValueSpecification","valueRequired":true,"valueName":"search_term_string"}}],"inLanguage":"it-IT"},{"@type":"Organization","@id":"https:\/\/www.organisator.ch\/#organization","name":"Organizzatore","url":"https:\/\/www.organisator.ch\/","logo":{"@type":"ImageObject","inLanguage":"it-IT","@id":"https:\/\/www.organisator.ch\/#\/schema\/logo\/image\/","url":"https:\/\/www.organisator.ch\/wp-content\/uploads\/2022\/01\/Logo_Organisator_Website.png","contentUrl":"https:\/\/www.organisator.ch\/wp-content\/uploads\/2022\/01\/Logo_Organisator_Website.png","width":800,"height":77,"caption":"Organisator"},"image":{"@id":"https:\/\/www.organisator.ch\/#\/schema\/logo\/image\/"},"sameAs":["https:\/\/www.facebook.com\/OrganisatorFachmagazin","https:\/\/www.linkedin.com\/showcase\/organisator-das-magazin-fr-kmu","https:\/\/www.xing.com\/news\/pages\/organisator-ch-695","https:\/\/www.youtube.com\/channel\/UCGP2Sq0iWaZwT3BdIAQFYpw"]},{"@type":"Person","@id":"https:\/\/www.organisator.ch\/#\/schema\/person\/4e51799071cd2dd1232ac003643ef5f0","name":"galledia","image":{"@type":"ImageObject","inLanguage":"it-IT","@id":"https:\/\/secure.gravatar.com\/avatar\/78a7f90c01fc2bfc875782a0d4922b37cde2cf184ce347b91316d23cd7f69a36?s=96&d=mm&r=g","url":"https:\/\/secure.gravatar.com\/avatar\/78a7f90c01fc2bfc875782a0d4922b37cde2cf184ce347b91316d23cd7f69a36?s=96&d=mm&r=g","contentUrl":"https:\/\/secure.gravatar.com\/avatar\/78a7f90c01fc2bfc875782a0d4922b37cde2cf184ce347b91316d23cd7f69a36?s=96&d=mm&r=g","caption":"galledia"},"sameAs":["https:\/\/x.com\/admin"],"url":"https:\/\/www.organisator.ch\/it\/author\/galledia\/"}]}},"_links":{"self":[{"href":"https:\/\/www.organisator.ch\/it\/wp-json\/wp\/v2\/posts\/40952","targetHints":{"allow":["GET"]}}],"collection":[{"href":"https:\/\/www.organisator.ch\/it\/wp-json\/wp\/v2\/posts"}],"about":[{"href":"https:\/\/www.organisator.ch\/it\/wp-json\/wp\/v2\/types\/post"}],"author":[{"embeddable":true,"href":"https:\/\/www.organisator.ch\/it\/wp-json\/wp\/v2\/users\/8"}],"replies":[{"embeddable":true,"href":"https:\/\/www.organisator.ch\/it\/wp-json\/wp\/v2\/comments?post=40952"}],"version-history":[{"count":4,"href":"https:\/\/www.organisator.ch\/it\/wp-json\/wp\/v2\/posts\/40952\/revisions"}],"predecessor-version":[{"id":41101,"href":"https:\/\/www.organisator.ch\/it\/wp-json\/wp\/v2\/posts\/40952\/revisions\/41101"}],"wp:attachment":[{"href":"https:\/\/www.organisator.ch\/it\/wp-json\/wp\/v2\/media?parent=40952"}],"wp:term":[{"taxonomy":"category","embeddable":true,"href":"https:\/\/www.organisator.ch\/it\/wp-json\/wp\/v2\/categories?post=40952"},{"taxonomy":"post_tag","embeddable":true,"href":"https:\/\/www.organisator.ch\/it\/wp-json\/wp\/v2\/tags?post=40952"}],"curies":[{"name":"wp","href":"https:\/\/api.w.org\/{rel}","templated":true}]}}