{"id":40990,"date":"2025-10-21T09:10:08","date_gmt":"2025-10-21T07:10:08","guid":{"rendered":"https:\/\/www.markt-kom.com\/?p=242661"},"modified":"2025-10-21T09:10:06","modified_gmt":"2025-10-21T07:10:06","slug":"dentsu-report-2025-konsumenten-wollen-weniger-aber-bewusster","status":"publish","type":"post","link":"https:\/\/www.organisator.ch\/it\/marketing\/2025-10-21\/dentsu-report-2025-konsumenten-wollen-weniger-aber-bewusster\/","title":{"rendered":"Dentsu Report 2025: i consumatori vogliono meno, ma in modo pi\u00f9 consapevole"},"content":{"rendered":"<figure id=\"attachment_242665\" class=\"wp-caption alignnone\" style=\"width: 800px;\" aria-describedby=\"caption-attachment-242665\"><img class=\"wp-image-242665 size-full\" src=\"https:\/\/www.markt-kom.com\/wp-content\/uploads\/2025\/10\/thumbnail_Lara_Jelinski_c_-Karin_Bischof.jpg\" sizes=\"(max-width: 800px) 100vw, 800px\" srcset=\"https:\/\/www.markt-kom.com\/wp-content\/uploads\/2025\/10\/thumbnail_Lara_Jelinski_c_-Karin_Bischof.jpg 800w, https:\/\/www.markt-kom.com\/wp-content\/uploads\/2025\/10\/thumbnail_Lara_Jelinski_c_-Karin_Bischof-600x400.jpg 600w, https:\/\/www.markt-kom.com\/wp-content\/uploads\/2025\/10\/thumbnail_Lara_Jelinski_c_-Karin_Bischof-768x512.jpg 768w, https:\/\/www.markt-kom.com\/wp-content\/uploads\/2025\/10\/thumbnail_Lara_Jelinski_c_-Karin_Bischof-18x12.jpg 18w, https:\/\/www.markt-kom.com\/wp-content\/uploads\/2025\/10\/thumbnail_Lara_Jelinski_c_-Karin_Bischof-263x175.jpg 263w, https:\/\/www.markt-kom.com\/wp-content\/uploads\/2025\/10\/thumbnail_Lara_Jelinski_c_-Karin_Bischof-525x350.jpg 525w\" alt=\"\" width=\"800\" height=\"533\" \/>\r\n<figcaption id=\"caption-attachment-242665\" class=\"wp-caption-text\">\"Stiamo assistendo all'emergere di un nuovo tipo di consumatore: finanziariamente prudente ma emotivamente coinvolto\", afferma Lara Jelinski, Chief Growth Officer Central Europe &amp; CEO Media Switzerland di Dentsu. \"Il concetto di valore viene ridefinito. Non si tratta pi\u00f9 del prezzo pi\u00f9 conveniente, ma di chiarezza, semplicit\u00e0 e valori condivisi\".<\/figcaption>\r\n<\/figure>\r\n<p data-start=\"174\" data-end=\"670\">Il gruppo di marketing e trasformazione Dentsu ha pubblicato l'EMEA Consumer Navigator Report 2025. I risultati mostrano come il comportamento dei consumatori e le strutture di mercato stiano cambiando in Europa, Medio Oriente e Africa. Due temi sono al centro dell'attenzione: Mindset e Retail &amp; Commerce. La conclusione: i consumatori sono pi\u00f9 cauti dal punto di vista finanziario, ma pi\u00f9 esigenti dal punto di vista emotivo e si aspettano dai marchi qualcosa di pi\u00f9 di semplici sconti.<\/p>\r\n<p data-start=\"174\" data-end=\"670\">La conclusione: i consumatori sono pi\u00f9 cauti dal punto di vista finanziario, ma pi\u00f9 esigenti dal punto di vista emotivo e si aspettano dai marchi qualcosa di pi\u00f9 di semplici sconti.<\/p>\r\n<h3 data-start=\"672\" data-end=\"713\">Consumo consapevole nonostante l'incertezza<\/h3>\r\n<p data-start=\"714\" data-end=\"1253\">Il 64% degli intervistati ha dichiarato di essere un consumatore pi\u00f9 consapevole: Rimandano gli acquisti pi\u00f9 importanti, prestano maggiore attenzione agli sconti e danno priorit\u00e0 ai bisogni primari. L'incertezza economica in paesi come la Francia e il Regno Unito, in particolare, ha portato a un comportamento sensibilmente pi\u00f9 cauto.<br data-start=\"1027\" data-end=\"1030\" \/>\r\nTuttavia, molti rimangono ottimisti: la generazione Z e i millennial in particolare sono aperti a nuovi marchi. Fattori emotivi come la fiducia, la trasparenza e il controllo stanno diventando la valuta centrale nello sviluppo del marchio.<\/p>\r\n<h3 data-start=\"1255\" data-end=\"1286\">Generazioni a confronto<\/h3>\r\n<p data-start=\"1287\" data-end=\"1600\">Mentre le generazioni pi\u00f9 anziane (boomers) controllano sempre di pi\u00f9 le loro spese, i pi\u00f9 giovani investono pi\u00f9 specificamente in esperienze. I viaggi per le vacanze sono in cima alla lista delle spese programmate, soprattutto in Spagna. I marchi che dimostrano empatia e danno indicazioni ai consumatori possono guadagnare punti in questo ambiente.<\/p>\r\n<h3 data-start=\"1602\" data-end=\"1646\">Shein, Temu &amp; Co. stanno cambiando la vendita al dettaglio<\/h3>\r\n<p data-start=\"1647\" data-end=\"2195\">Il Retail &amp; Commerce Report mostra come piattaforme come Shein e Temu stiano dando una scossa al mercato: Il 45% dei consumatori in Spagna e il 33% in Francia vi fanno gi\u00e0 acquisti almeno una volta al mese. Per il 55%, i social media sono la fonte pi\u00f9 importante per scoprire nuovi prodotti, ma il 52% si sente sopraffatto dalla marea di pubblicit\u00e0.<br data-start=\"2016\" data-end=\"2019\" \/>\r\nPer Dentsu questo \u00e8 un chiaro segnale: i marchi devono dare priorit\u00e0 alla rilevanza e alla semplicit\u00e0, invece di inondare i consumatori di messaggi intercambiabili.<\/p>\r\n<h3 data-start=\"2197\" data-end=\"2236\">Pi\u00f9 valori, meno campagne di prezzo<\/h3>\r\n<p data-start=\"2237\" data-end=\"2593\">Sebbene gli sconti abbiano un effetto a breve termine, il prezzo da solo non \u00e8 pi\u00f9 sufficiente per costruire una fedelt\u00e0 a lungo termine. I gruppi target pi\u00f9 giovani, in particolare, sono orientati verso valori condivisi, azioni sostenibili e comunicazione trasparente. I rivenditori e i marchi sono chiamati a creare esperienze reali e vantaggi significativi, sia online che offline.<\/p>","protected":false},"excerpt":{"rendered":"<p>Un nuovo studio di Dentsu, l'EMEA Consumer Navigator Report 2025, dimostra che il prezzo non \u00e8 pi\u00f9 tutto: Il prezzo non \u00e8 pi\u00f9 tutto per i consumatori: valore, fiducia e semplicit\u00e0 contano pi\u00f9 che mai.<\/p>","protected":false},"author":8,"featured_media":0,"comment_status":"closed","ping_status":"closed","sticky":false,"template":"","format":"standard","meta":{"_acf_changed":false,"_yoast_wpseo_focuskw":"Dentsu-Report","_yoast_wpseo_metadesc":"Gem\u00e4ss dem Dentsu-Report ist der Preis f\u00fcr Konsumentinnen und Konsumenten nicht mehr alles. Werte, Vertrauen und Einfachheit z\u00e4hlen mehr.","articlekey":"","footnotes":""},"categories":[29],"tags":[312,4343,459],"class_list":["post-40990","post","type-post","status-publish","format-standard","hentry","category-marketing","tag-konsum","tag-markom","tag-studie"],"acf":[],"yoast_head":"<!-- This site is optimized with the Yoast SEO plugin v27.5 - https:\/\/yoast.com\/product\/yoast-seo-wordpress\/ -->\n<title>Dentsu-Report 2025: Konsumenten wollen weniger, aber bewusster - Organisator<\/title>\n<meta name=\"description\" content=\"Gem\u00e4ss dem Dentsu-Report ist der Preis f\u00fcr Konsumentinnen und Konsumenten nicht mehr alles. Werte, Vertrauen und Einfachheit z\u00e4hlen mehr.\" \/>\n<meta name=\"robots\" content=\"index, follow, max-snippet:-1, max-image-preview:large, max-video-preview:-1\" \/>\n<link rel=\"canonical\" href=\"https:\/\/www.organisator.ch\/it\/marketing\/2025-10-21\/dentsu-report-2025-konsumenten-wollen-weniger-aber-bewusster\/\" \/>\n<meta property=\"og:locale\" content=\"it_IT\" \/>\n<meta property=\"og:type\" content=\"article\" \/>\n<meta property=\"og:title\" content=\"Dentsu-Report 2025: Konsumenten wollen weniger, aber bewusster - Organisator\" \/>\n<meta property=\"og:description\" content=\"Gem\u00e4ss dem Dentsu-Report ist der Preis f\u00fcr Konsumentinnen und Konsumenten nicht mehr alles. Werte, Vertrauen und Einfachheit z\u00e4hlen mehr.\" \/>\n<meta property=\"og:url\" content=\"https:\/\/www.organisator.ch\/it\/marketing\/2025-10-21\/dentsu-report-2025-konsumenten-wollen-weniger-aber-bewusster\/\" \/>\n<meta property=\"og:site_name\" content=\"Organisator\" \/>\n<meta property=\"article:publisher\" content=\"https:\/\/www.facebook.com\/OrganisatorFachmagazin\" \/>\n<meta property=\"article:published_time\" content=\"2025-10-21T07:10:08+00:00\" \/>\n<meta name=\"author\" content=\"galledia\" \/>\n<meta name=\"twitter:card\" content=\"summary_large_image\" \/>\n<meta name=\"twitter:creator\" content=\"@admin\" \/>\n<script type=\"application\/ld+json\" class=\"yoast-schema-graph\">{\"@context\":\"https:\\\/\\\/schema.org\",\"@graph\":[{\"@type\":\"Article\",\"@id\":\"https:\\\/\\\/www.organisator.ch\\\/marketing\\\/2025-10-21\\\/dentsu-report-2025-konsumenten-wollen-weniger-aber-bewusster\\\/#article\",\"isPartOf\":{\"@id\":\"https:\\\/\\\/www.organisator.ch\\\/marketing\\\/2025-10-21\\\/dentsu-report-2025-konsumenten-wollen-weniger-aber-bewusster\\\/\"},\"author\":{\"name\":\"galledia\",\"@id\":\"https:\\\/\\\/www.organisator.ch\\\/#\\\/schema\\\/person\\\/4e51799071cd2dd1232ac003643ef5f0\"},\"headline\":\"Dentsu-Report 2025: Konsumenten wollen weniger, aber bewusster\",\"datePublished\":\"2025-10-21T07:10:08+00:00\",\"mainEntityOfPage\":{\"@id\":\"https:\\\/\\\/www.organisator.ch\\\/marketing\\\/2025-10-21\\\/dentsu-report-2025-konsumenten-wollen-weniger-aber-bewusster\\\/\"},\"wordCount\":389,\"publisher\":{\"@id\":\"https:\\\/\\\/www.organisator.ch\\\/#organization\"},\"image\":{\"@id\":\"https:\\\/\\\/www.organisator.ch\\\/marketing\\\/2025-10-21\\\/dentsu-report-2025-konsumenten-wollen-weniger-aber-bewusster\\\/#primaryimage\"},\"thumbnailUrl\":\"https:\\\/\\\/www.markt-kom.com\\\/wp-content\\\/uploads\\\/2025\\\/10\\\/thumbnail_Lara_Jelinski_c_-Karin_Bischof.jpg\",\"keywords\":[\"Konsum\",\"MarKom\",\"Studie\"],\"articleSection\":[\"MARKETING\"],\"inLanguage\":\"it-IT\"},{\"@type\":\"WebPage\",\"@id\":\"https:\\\/\\\/www.organisator.ch\\\/marketing\\\/2025-10-21\\\/dentsu-report-2025-konsumenten-wollen-weniger-aber-bewusster\\\/\",\"url\":\"https:\\\/\\\/www.organisator.ch\\\/marketing\\\/2025-10-21\\\/dentsu-report-2025-konsumenten-wollen-weniger-aber-bewusster\\\/\",\"name\":\"Dentsu-Report 2025: Konsumenten wollen weniger, aber bewusster - Organisator\",\"isPartOf\":{\"@id\":\"https:\\\/\\\/www.organisator.ch\\\/#website\"},\"primaryImageOfPage\":{\"@id\":\"https:\\\/\\\/www.organisator.ch\\\/marketing\\\/2025-10-21\\\/dentsu-report-2025-konsumenten-wollen-weniger-aber-bewusster\\\/#primaryimage\"},\"image\":{\"@id\":\"https:\\\/\\\/www.organisator.ch\\\/marketing\\\/2025-10-21\\\/dentsu-report-2025-konsumenten-wollen-weniger-aber-bewusster\\\/#primaryimage\"},\"thumbnailUrl\":\"https:\\\/\\\/www.markt-kom.com\\\/wp-content\\\/uploads\\\/2025\\\/10\\\/thumbnail_Lara_Jelinski_c_-Karin_Bischof.jpg\",\"datePublished\":\"2025-10-21T07:10:08+00:00\",\"description\":\"Gem\u00e4ss dem Dentsu-Report ist der Preis f\u00fcr Konsumentinnen und Konsumenten nicht mehr alles. Werte, Vertrauen und Einfachheit z\u00e4hlen mehr.\",\"breadcrumb\":{\"@id\":\"https:\\\/\\\/www.organisator.ch\\\/marketing\\\/2025-10-21\\\/dentsu-report-2025-konsumenten-wollen-weniger-aber-bewusster\\\/#breadcrumb\"},\"inLanguage\":\"it-IT\",\"potentialAction\":[{\"@type\":\"ReadAction\",\"target\":[\"https:\\\/\\\/www.organisator.ch\\\/marketing\\\/2025-10-21\\\/dentsu-report-2025-konsumenten-wollen-weniger-aber-bewusster\\\/\"]}]},{\"@type\":\"ImageObject\",\"inLanguage\":\"it-IT\",\"@id\":\"https:\\\/\\\/www.organisator.ch\\\/marketing\\\/2025-10-21\\\/dentsu-report-2025-konsumenten-wollen-weniger-aber-bewusster\\\/#primaryimage\",\"url\":\"https:\\\/\\\/www.markt-kom.com\\\/wp-content\\\/uploads\\\/2025\\\/10\\\/thumbnail_Lara_Jelinski_c_-Karin_Bischof.jpg\",\"contentUrl\":\"https:\\\/\\\/www.markt-kom.com\\\/wp-content\\\/uploads\\\/2025\\\/10\\\/thumbnail_Lara_Jelinski_c_-Karin_Bischof.jpg\"},{\"@type\":\"BreadcrumbList\",\"@id\":\"https:\\\/\\\/www.organisator.ch\\\/marketing\\\/2025-10-21\\\/dentsu-report-2025-konsumenten-wollen-weniger-aber-bewusster\\\/#breadcrumb\",\"itemListElement\":[{\"@type\":\"ListItem\",\"position\":1,\"name\":\"Home\",\"item\":\"https:\\\/\\\/www.organisator.ch\\\/\"},{\"@type\":\"ListItem\",\"position\":2,\"name\":\"Dentsu-Report 2025: Konsumenten wollen weniger, aber bewusster\"}]},{\"@type\":\"WebSite\",\"@id\":\"https:\\\/\\\/www.organisator.ch\\\/#website\",\"url\":\"https:\\\/\\\/www.organisator.ch\\\/\",\"name\":\"Organisator\",\"description\":\"Kompetent. Praxisnah. Der ORGANISATOR bereitet in 10 Ausgaben pro Jahr die wesentlichen Themen f\u00fcr F\u00fchrungskr\u00e4fte von KMU auf.\",\"publisher\":{\"@id\":\"https:\\\/\\\/www.organisator.ch\\\/#organization\"},\"potentialAction\":[{\"@type\":\"SearchAction\",\"target\":{\"@type\":\"EntryPoint\",\"urlTemplate\":\"https:\\\/\\\/www.organisator.ch\\\/?s={search_term_string}\"},\"query-input\":{\"@type\":\"PropertyValueSpecification\",\"valueRequired\":true,\"valueName\":\"search_term_string\"}}],\"inLanguage\":\"it-IT\"},{\"@type\":\"Organization\",\"@id\":\"https:\\\/\\\/www.organisator.ch\\\/#organization\",\"name\":\"Organisator\",\"url\":\"https:\\\/\\\/www.organisator.ch\\\/\",\"logo\":{\"@type\":\"ImageObject\",\"inLanguage\":\"it-IT\",\"@id\":\"https:\\\/\\\/www.organisator.ch\\\/#\\\/schema\\\/logo\\\/image\\\/\",\"url\":\"https:\\\/\\\/www.organisator.ch\\\/wp-content\\\/uploads\\\/2022\\\/01\\\/Logo_Organisator_Website.png\",\"contentUrl\":\"https:\\\/\\\/www.organisator.ch\\\/wp-content\\\/uploads\\\/2022\\\/01\\\/Logo_Organisator_Website.png\",\"width\":800,\"height\":77,\"caption\":\"Organisator\"},\"image\":{\"@id\":\"https:\\\/\\\/www.organisator.ch\\\/#\\\/schema\\\/logo\\\/image\\\/\"},\"sameAs\":[\"https:\\\/\\\/www.facebook.com\\\/OrganisatorFachmagazin\",\"https:\\\/\\\/www.linkedin.com\\\/showcase\\\/organisator-das-magazin-fr-kmu\",\"https:\\\/\\\/www.xing.com\\\/news\\\/pages\\\/organisator-ch-695\",\"https:\\\/\\\/www.youtube.com\\\/channel\\\/UCGP2Sq0iWaZwT3BdIAQFYpw\"]},{\"@type\":\"Person\",\"@id\":\"https:\\\/\\\/www.organisator.ch\\\/#\\\/schema\\\/person\\\/4e51799071cd2dd1232ac003643ef5f0\",\"name\":\"galledia\",\"image\":{\"@type\":\"ImageObject\",\"inLanguage\":\"it-IT\",\"@id\":\"https:\\\/\\\/secure.gravatar.com\\\/avatar\\\/78a7f90c01fc2bfc875782a0d4922b37cde2cf184ce347b91316d23cd7f69a36?s=96&d=mm&r=g\",\"url\":\"https:\\\/\\\/secure.gravatar.com\\\/avatar\\\/78a7f90c01fc2bfc875782a0d4922b37cde2cf184ce347b91316d23cd7f69a36?s=96&d=mm&r=g\",\"contentUrl\":\"https:\\\/\\\/secure.gravatar.com\\\/avatar\\\/78a7f90c01fc2bfc875782a0d4922b37cde2cf184ce347b91316d23cd7f69a36?s=96&d=mm&r=g\",\"caption\":\"galledia\"},\"sameAs\":[\"https:\\\/\\\/x.com\\\/admin\"],\"url\":\"https:\\\/\\\/www.organisator.ch\\\/it\\\/author\\\/galledia\\\/\"}]}<\/script>\n<!-- \/ Yoast SEO plugin. -->","yoast_head_json":{"title":"Dentsu Report 2025: i consumatori vogliono meno, ma pi\u00f9 consapevolmente - Organizzatore","description":"Secondo il Dentsu Report, il prezzo non \u00e8 pi\u00f9 tutto per i consumatori. Contano di pi\u00f9 il valore, la fiducia e la semplicit\u00e0.","robots":{"index":"index","follow":"follow","max-snippet":"max-snippet:-1","max-image-preview":"max-image-preview:large","max-video-preview":"max-video-preview:-1"},"canonical":"https:\/\/www.organisator.ch\/it\/marketing\/2025-10-21\/dentsu-report-2025-konsumenten-wollen-weniger-aber-bewusster\/","og_locale":"it_IT","og_type":"article","og_title":"Dentsu-Report 2025: Konsumenten wollen weniger, aber bewusster - Organisator","og_description":"Gem\u00e4ss dem Dentsu-Report ist der Preis f\u00fcr Konsumentinnen und Konsumenten nicht mehr alles. Werte, Vertrauen und Einfachheit z\u00e4hlen mehr.","og_url":"https:\/\/www.organisator.ch\/it\/marketing\/2025-10-21\/dentsu-report-2025-konsumenten-wollen-weniger-aber-bewusster\/","og_site_name":"Organisator","article_publisher":"https:\/\/www.facebook.com\/OrganisatorFachmagazin","article_published_time":"2025-10-21T07:10:08+00:00","author":"galledia","twitter_card":"summary_large_image","twitter_creator":"@admin","schema":{"@context":"https:\/\/schema.org","@graph":[{"@type":"Article","@id":"https:\/\/www.organisator.ch\/marketing\/2025-10-21\/dentsu-report-2025-konsumenten-wollen-weniger-aber-bewusster\/#article","isPartOf":{"@id":"https:\/\/www.organisator.ch\/marketing\/2025-10-21\/dentsu-report-2025-konsumenten-wollen-weniger-aber-bewusster\/"},"author":{"name":"galledia","@id":"https:\/\/www.organisator.ch\/#\/schema\/person\/4e51799071cd2dd1232ac003643ef5f0"},"headline":"Dentsu-Report 2025: Konsumenten wollen weniger, aber bewusster","datePublished":"2025-10-21T07:10:08+00:00","mainEntityOfPage":{"@id":"https:\/\/www.organisator.ch\/marketing\/2025-10-21\/dentsu-report-2025-konsumenten-wollen-weniger-aber-bewusster\/"},"wordCount":389,"publisher":{"@id":"https:\/\/www.organisator.ch\/#organization"},"image":{"@id":"https:\/\/www.organisator.ch\/marketing\/2025-10-21\/dentsu-report-2025-konsumenten-wollen-weniger-aber-bewusster\/#primaryimage"},"thumbnailUrl":"https:\/\/www.markt-kom.com\/wp-content\/uploads\/2025\/10\/thumbnail_Lara_Jelinski_c_-Karin_Bischof.jpg","keywords":["Konsum","MarKom","Studie"],"articleSection":["MARKETING"],"inLanguage":"it-IT"},{"@type":"WebPage","@id":"https:\/\/www.organisator.ch\/marketing\/2025-10-21\/dentsu-report-2025-konsumenten-wollen-weniger-aber-bewusster\/","url":"https:\/\/www.organisator.ch\/marketing\/2025-10-21\/dentsu-report-2025-konsumenten-wollen-weniger-aber-bewusster\/","name":"Dentsu Report 2025: i consumatori vogliono meno, ma pi\u00f9 consapevolmente - Organizzatore","isPartOf":{"@id":"https:\/\/www.organisator.ch\/#website"},"primaryImageOfPage":{"@id":"https:\/\/www.organisator.ch\/marketing\/2025-10-21\/dentsu-report-2025-konsumenten-wollen-weniger-aber-bewusster\/#primaryimage"},"image":{"@id":"https:\/\/www.organisator.ch\/marketing\/2025-10-21\/dentsu-report-2025-konsumenten-wollen-weniger-aber-bewusster\/#primaryimage"},"thumbnailUrl":"https:\/\/www.markt-kom.com\/wp-content\/uploads\/2025\/10\/thumbnail_Lara_Jelinski_c_-Karin_Bischof.jpg","datePublished":"2025-10-21T07:10:08+00:00","description":"Secondo il Dentsu Report, il prezzo non \u00e8 pi\u00f9 tutto per i consumatori. Contano di pi\u00f9 il valore, la fiducia e la semplicit\u00e0.","breadcrumb":{"@id":"https:\/\/www.organisator.ch\/marketing\/2025-10-21\/dentsu-report-2025-konsumenten-wollen-weniger-aber-bewusster\/#breadcrumb"},"inLanguage":"it-IT","potentialAction":[{"@type":"ReadAction","target":["https:\/\/www.organisator.ch\/marketing\/2025-10-21\/dentsu-report-2025-konsumenten-wollen-weniger-aber-bewusster\/"]}]},{"@type":"ImageObject","inLanguage":"it-IT","@id":"https:\/\/www.organisator.ch\/marketing\/2025-10-21\/dentsu-report-2025-konsumenten-wollen-weniger-aber-bewusster\/#primaryimage","url":"https:\/\/www.markt-kom.com\/wp-content\/uploads\/2025\/10\/thumbnail_Lara_Jelinski_c_-Karin_Bischof.jpg","contentUrl":"https:\/\/www.markt-kom.com\/wp-content\/uploads\/2025\/10\/thumbnail_Lara_Jelinski_c_-Karin_Bischof.jpg"},{"@type":"BreadcrumbList","@id":"https:\/\/www.organisator.ch\/marketing\/2025-10-21\/dentsu-report-2025-konsumenten-wollen-weniger-aber-bewusster\/#breadcrumb","itemListElement":[{"@type":"ListItem","position":1,"name":"Home","item":"https:\/\/www.organisator.ch\/"},{"@type":"ListItem","position":2,"name":"Dentsu-Report 2025: Konsumenten wollen weniger, aber bewusster"}]},{"@type":"WebSite","@id":"https:\/\/www.organisator.ch\/#website","url":"https:\/\/www.organisator.ch\/","name":"Organizzatore","description":"Competente. Pratico. In 10 numeri all'anno, ORGANISATOR presenta i temi essenziali per i manager delle PMI.","publisher":{"@id":"https:\/\/www.organisator.ch\/#organization"},"potentialAction":[{"@type":"SearchAction","target":{"@type":"EntryPoint","urlTemplate":"https:\/\/www.organisator.ch\/?s={search_term_string}"},"query-input":{"@type":"PropertyValueSpecification","valueRequired":true,"valueName":"search_term_string"}}],"inLanguage":"it-IT"},{"@type":"Organization","@id":"https:\/\/www.organisator.ch\/#organization","name":"Organizzatore","url":"https:\/\/www.organisator.ch\/","logo":{"@type":"ImageObject","inLanguage":"it-IT","@id":"https:\/\/www.organisator.ch\/#\/schema\/logo\/image\/","url":"https:\/\/www.organisator.ch\/wp-content\/uploads\/2022\/01\/Logo_Organisator_Website.png","contentUrl":"https:\/\/www.organisator.ch\/wp-content\/uploads\/2022\/01\/Logo_Organisator_Website.png","width":800,"height":77,"caption":"Organisator"},"image":{"@id":"https:\/\/www.organisator.ch\/#\/schema\/logo\/image\/"},"sameAs":["https:\/\/www.facebook.com\/OrganisatorFachmagazin","https:\/\/www.linkedin.com\/showcase\/organisator-das-magazin-fr-kmu","https:\/\/www.xing.com\/news\/pages\/organisator-ch-695","https:\/\/www.youtube.com\/channel\/UCGP2Sq0iWaZwT3BdIAQFYpw"]},{"@type":"Person","@id":"https:\/\/www.organisator.ch\/#\/schema\/person\/4e51799071cd2dd1232ac003643ef5f0","name":"galledia","image":{"@type":"ImageObject","inLanguage":"it-IT","@id":"https:\/\/secure.gravatar.com\/avatar\/78a7f90c01fc2bfc875782a0d4922b37cde2cf184ce347b91316d23cd7f69a36?s=96&d=mm&r=g","url":"https:\/\/secure.gravatar.com\/avatar\/78a7f90c01fc2bfc875782a0d4922b37cde2cf184ce347b91316d23cd7f69a36?s=96&d=mm&r=g","contentUrl":"https:\/\/secure.gravatar.com\/avatar\/78a7f90c01fc2bfc875782a0d4922b37cde2cf184ce347b91316d23cd7f69a36?s=96&d=mm&r=g","caption":"galledia"},"sameAs":["https:\/\/x.com\/admin"],"url":"https:\/\/www.organisator.ch\/it\/author\/galledia\/"}]}},"_links":{"self":[{"href":"https:\/\/www.organisator.ch\/it\/wp-json\/wp\/v2\/posts\/40990","targetHints":{"allow":["GET"]}}],"collection":[{"href":"https:\/\/www.organisator.ch\/it\/wp-json\/wp\/v2\/posts"}],"about":[{"href":"https:\/\/www.organisator.ch\/it\/wp-json\/wp\/v2\/types\/post"}],"author":[{"embeddable":true,"href":"https:\/\/www.organisator.ch\/it\/wp-json\/wp\/v2\/users\/8"}],"replies":[{"embeddable":true,"href":"https:\/\/www.organisator.ch\/it\/wp-json\/wp\/v2\/comments?post=40990"}],"version-history":[{"count":5,"href":"https:\/\/www.organisator.ch\/it\/wp-json\/wp\/v2\/posts\/40990\/revisions"}],"predecessor-version":[{"id":41406,"href":"https:\/\/www.organisator.ch\/it\/wp-json\/wp\/v2\/posts\/40990\/revisions\/41406"}],"wp:attachment":[{"href":"https:\/\/www.organisator.ch\/it\/wp-json\/wp\/v2\/media?parent=40990"}],"wp:term":[{"taxonomy":"category","embeddable":true,"href":"https:\/\/www.organisator.ch\/it\/wp-json\/wp\/v2\/categories?post=40990"},{"taxonomy":"post_tag","embeddable":true,"href":"https:\/\/www.organisator.ch\/it\/wp-json\/wp\/v2\/tags?post=40990"}],"curies":[{"name":"wp","href":"https:\/\/api.w.org\/{rel}","templated":true}]}}