{"id":4106,"date":"2018-08-22T10:00:57","date_gmt":"2018-08-22T08:00:57","guid":{"rendered":"https:\/\/www.organisator.ch\/?p=4106"},"modified":"2018-08-22T10:00:57","modified_gmt":"2018-08-22T08:00:57","slug":"wie-halten-sie-es-mit-der-arbeitswelt-4-0-machen-sie-mit-beim-kmu-monitor-2018","status":"publish","type":"post","link":"https:\/\/www.organisator.ch\/it\/allgemein\/2018-08-22\/wie-halten-sie-es-mit-der-arbeitswelt-4-0-machen-sie-mit-beim-kmu-monitor-2018\/","title":{"rendered":"Cosa pensa del mondo del lavoro 4.0? Partecipa al SME Monitor 2018!"},"content":{"rendered":"<figure id=\"attachment_1739\" aria-describedby=\"caption-attachment-1739\" style=\"width: 680px\" class=\"wp-caption alignnone\"><img loading=\"lazy\" decoding=\"async\" class=\"size-medium wp-image-1739\" src=\"https:\/\/www.organisator.ch\/wp-content\/uploads\/2017\/04\/Mehrheit-erlebt-Veraenderungen-der-Arbeitswelt-durch-die-Digitalisierung-positiv-2_Organisator.jpg\" alt=\"\" width=\"680\" height=\"398\" srcset=\"https:\/\/www.organisator.ch\/wp-content\/uploads\/2017\/04\/Mehrheit-erlebt-Veraenderungen-der-Arbeitswelt-durch-die-Digitalisierung-positiv-2_Organisator.jpg 905w, https:\/\/www.organisator.ch\/wp-content\/uploads\/2017\/04\/Mehrheit-erlebt-Veraenderungen-der-Arbeitswelt-durch-die-Digitalisierung-positiv-2_Organisator-680x398.jpg 680w, https:\/\/www.organisator.ch\/wp-content\/uploads\/2017\/04\/Mehrheit-erlebt-Veraenderungen-der-Arbeitswelt-durch-die-Digitalisierung-positiv-2_Organisator-768x450.jpg 768w, https:\/\/www.organisator.ch\/wp-content\/uploads\/2017\/04\/Mehrheit-erlebt-Veraenderungen-der-Arbeitswelt-durch-die-Digitalisierung-positiv-2_Organisator-16x9.jpg 16w, https:\/\/www.organisator.ch\/wp-content\/uploads\/2017\/04\/Mehrheit-erlebt-Veraenderungen-der-Arbeitswelt-durch-die-Digitalisierung-positiv-2_Organisator-299x175.jpg 299w, https:\/\/www.organisator.ch\/wp-content\/uploads\/2017\/04\/Mehrheit-erlebt-Veraenderungen-der-Arbeitswelt-durch-die-Digitalisierung-positiv-2_Organisator-598x350.jpg 598w, https:\/\/www.organisator.ch\/wp-content\/uploads\/2017\/04\/Mehrheit-erlebt-Veraenderungen-der-Arbeitswelt-durch-die-Digitalisierung-positiv-2_Organisator-300x176.jpg 300w\" sizes=\"auto, (max-width: 680px) 100vw, 680px\" \/><figcaption id=\"caption-attachment-1739\" class=\"wp-caption-text\">I cambiamenti nel mondo del lavoro dovuti alla digitalizzazione sono visti positivamente dalla maggioranza. \u00c8 questo il caso? Vogliamo scoprirlo nel Monitor PMI 2018. (Immagine: bounlow-pic - Fotolia.com)<\/figcaption><\/figure>\n<p>L'economia svizzera funziona bene - e le nostre PMI ne sono in parte responsabili. Quello che fanno ogni giorno per la nostra economia e societ\u00e0 merita rispetto.<\/p>\n<p>Una volta all'anno prendiamo il polso delle PMI sotto forma di un sondaggio online. Oltre alle domande sulle attuali prospettive economiche e imprenditoriali, il sondaggio di quest'anno si concentra anche sul tema del mondo del lavoro 4.0. Il <a href=\"https:\/\/www.organisator.ch\/mehrheit-erlebt-veraenderungen-der-arbeitswelt-durch-die-digitalisierung-positiv\/\">La digitalizzazione progredisce davvero<\/a> per l'organizzazione del lavoro? Sono <a href=\"https:\/\/www.organisator.ch\/flexible-arbeitsplatzgestaltung-vorgesetzte-sind-noch-zu-wenig-vorbild\/\">accordi di lavoro flessibile<\/a> un vantaggio o uno svantaggio? E come vedi la tua azienda dal punto di vista digitale? Ditecelo in un piccolo sondaggio per il SME Monitor 2018, una pubblicazione speciale dell'ORGANISATORE. Le risposte di questo sondaggio online sono ancora una volta destinate a fornire una \"luce flash\" sulle sfide attuali e future che le PMI devono affrontare.<\/p>\n<p>Quindi sentitevi liberi di prendere qualche minuto e rispondere alle nostre domande. Spargete anche la voce del sondaggio nella vostra rete. I risultati saranno raccolti nella pubblicazione speciale \"SME Monitor\" di cui sopra. La pubblicazione speciale apparir\u00e0 come supplemento al numero di ottobre di ORGANISATOR e sar\u00e0 anche distribuita ai partecipanti alla giornata svizzera delle PMI del 26 ottobre 2018.<\/p>\n<p><a href=\"https:\/\/de.surveymonkey.com\/r\/3LHGCHD\"><em><strong>&gt;&gt;&gt; Clicca qui per il sondaggio.<\/strong><\/em><\/a><\/p>\n<p>Grazie mille per aver partecipato.<\/p>","protected":false},"excerpt":{"rendered":"<p>Die Schweizer Wirtschaft l\u00e4uft solide &#8211; und mit verantwortlich daf\u00fcr sind unsere KMU. Was diese t\u00e4glich f\u00fcr unsere Volkswirtschaft und die Gesellschaft leisten verdient Respekt. Einmal j\u00e4hrlich f\u00fchlen wir den Puls bei den KMU in Form einer Online-Umfrage. Neben Fragen zu aktuellen wirtschaftlichen und unternehmerischen Aussichten geht es dieses Jahr auch um das Thema Arbeitswelt [&hellip;]<\/p>\n","protected":false},"author":4,"featured_media":1739,"comment_status":"open","ping_status":"open","sticky":false,"template":"","format":"standard","meta":{"_acf_changed":false,"_yoast_wpseo_focuskw":"KMU-Monitor 2018","_yoast_wpseo_metadesc":"Die Erhebung f\u00fcr die j\u00e4hrliche Umfrage f\u00fcr den KMU-Monitor 2018 startet: Machen Sie mit und tragen Sie zu einer Analyse der Stimmung unter Schweizer KMU bei","articlekey":"","footnotes":""},"categories":[1],"tags":[303,305,459,487,492,508],"class_list":["post-4106","post","type-post","status-publish","format-standard","has-post-thumbnail","hentry","category-allgemein","tag-kmu-monitor","tag-kmu-tag","tag-studie","tag-umfrage","tag-unternehmen","tag-vermischtes"],"acf":[],"yoast_head":"<!-- This site is optimized with the Yoast SEO plugin v27.5 - https:\/\/yoast.com\/product\/yoast-seo-wordpress\/ -->\n<title>Wie halten Sie es mit der Arbeitswelt 4.0? Machen Sie mit beim KMU-Monitor 2018! - Organisator<\/title>\n<meta name=\"description\" content=\"Die Erhebung f\u00fcr die j\u00e4hrliche Umfrage f\u00fcr den KMU-Monitor 2018 startet: Machen Sie mit und tragen Sie zu einer Analyse der Stimmung unter Schweizer KMU bei\" \/>\n<meta name=\"robots\" content=\"index, follow, max-snippet:-1, max-image-preview:large, max-video-preview:-1\" \/>\n<link rel=\"canonical\" href=\"https:\/\/www.organisator.ch\/it\/generale\/2018-08-22\/wie-halten-sie-es-mit-der-arbeitswelt-4-0-machen-sie-mit-beim-kmu-monitor-2018\/\" \/>\n<meta property=\"og:locale\" content=\"it_IT\" \/>\n<meta property=\"og:type\" content=\"article\" \/>\n<meta property=\"og:title\" content=\"Wie halten Sie es mit der Arbeitswelt 4.0? Machen Sie mit beim KMU-Monitor 2018!\" \/>\n<meta property=\"og:description\" content=\"Die Erhebung f\u00fcr die j\u00e4hrliche Umfrage f\u00fcr den KMU-Monitor 2018 startet: Machen Sie mit und tragen Sie zu einer Analyse der Stimmung unter Schweizer KMU bei.\" \/>\n<meta property=\"og:url\" content=\"https:\/\/www.organisator.ch\/it\/generale\/2018-08-22\/wie-halten-sie-es-mit-der-arbeitswelt-4-0-machen-sie-mit-beim-kmu-monitor-2018\/\" \/>\n<meta property=\"og:site_name\" content=\"Organisator\" \/>\n<meta property=\"article:publisher\" content=\"https:\/\/www.facebook.com\/OrganisatorFachmagazin\" \/>\n<meta property=\"article:published_time\" content=\"2018-08-22T08:00:57+00:00\" \/>\n<meta property=\"og:image\" content=\"https:\/\/www.organisator.ch\/wp-content\/uploads\/2017\/04\/Mehrheit-erlebt-Veraenderungen-der-Arbeitswelt-durch-die-Digitalisierung-positiv-2_Organisator.jpg\" \/>\n\t<meta property=\"og:image:width\" content=\"905\" \/>\n\t<meta property=\"og:image:height\" content=\"530\" \/>\n\t<meta property=\"og:image:type\" content=\"image\/jpeg\" \/>\n<meta name=\"author\" content=\"thomas.berner\" \/>\n<meta name=\"twitter:card\" content=\"summary_large_image\" \/>\n<meta name=\"twitter:title\" content=\"Wie halten Sie es mit der Arbeitswelt 4.0? Machen Sie mit beim #KMU-Monitor 2018!\" \/>\n<meta name=\"twitter:description\" content=\"Die Erhebung f\u00fcr die j\u00e4hrliche Umfrage f\u00fcr den #KMU-Monitor 2018 startet: Machen Sie mit und tragen Sie zu einer Analyse der Stimmung unter Schweizer KMU bei.\" \/>\n<meta name=\"twitter:image\" content=\"https:\/\/www.organisator.ch\/wp-content\/uploads\/2017\/04\/Mehrheit-erlebt-Ver\u00e4nderungen-der-Arbeitswelt-durch-die-Digitalisierung-positiv-2_Organisator.jpg\" \/>\n<script type=\"application\/ld+json\" class=\"yoast-schema-graph\">{\"@context\":\"https:\\\/\\\/schema.org\",\"@graph\":[{\"@type\":\"Article\",\"@id\":\"https:\\\/\\\/www.organisator.ch\\\/it\\\/generale\\\/2018-08-22\\\/wie-halten-sie-es-mit-der-arbeitswelt-4-0-machen-sie-mit-beim-kmu-monitor-2018\\\/#article\",\"isPartOf\":{\"@id\":\"https:\\\/\\\/www.organisator.ch\\\/it\\\/generale\\\/2018-08-22\\\/wie-halten-sie-es-mit-der-arbeitswelt-4-0-machen-sie-mit-beim-kmu-monitor-2018\\\/\"},\"author\":{\"name\":\"thomas.berner\",\"@id\":\"https:\\\/\\\/www.organisator.ch\\\/#\\\/schema\\\/person\\\/6f650f90b2842cd4c0cc334b4e36f67e\"},\"headline\":\"Wie halten Sie es mit der Arbeitswelt 4.0? Machen Sie mit beim KMU-Monitor 2018!\",\"datePublished\":\"2018-08-22T08:00:57+00:00\",\"mainEntityOfPage\":{\"@id\":\"https:\\\/\\\/www.organisator.ch\\\/it\\\/generale\\\/2018-08-22\\\/wie-halten-sie-es-mit-der-arbeitswelt-4-0-machen-sie-mit-beim-kmu-monitor-2018\\\/\"},\"wordCount\":234,\"commentCount\":0,\"publisher\":{\"@id\":\"https:\\\/\\\/www.organisator.ch\\\/#organization\"},\"image\":{\"@id\":\"https:\\\/\\\/www.organisator.ch\\\/it\\\/generale\\\/2018-08-22\\\/wie-halten-sie-es-mit-der-arbeitswelt-4-0-machen-sie-mit-beim-kmu-monitor-2018\\\/#primaryimage\"},\"thumbnailUrl\":\"https:\\\/\\\/www.organisator.ch\\\/wp-content\\\/uploads\\\/2017\\\/04\\\/Mehrheit-erlebt-Veraenderungen-der-Arbeitswelt-durch-die-Digitalisierung-positiv-2_Organisator.jpg\",\"keywords\":[\"KMU-Monitor\",\"KMU-Tag\",\"Studie\",\"Umfrage\",\"Unternehmen\",\"Vermischtes\"],\"articleSection\":[\"Allgemein\"],\"inLanguage\":\"it-IT\"},{\"@type\":\"WebPage\",\"@id\":\"https:\\\/\\\/www.organisator.ch\\\/it\\\/generale\\\/2018-08-22\\\/wie-halten-sie-es-mit-der-arbeitswelt-4-0-machen-sie-mit-beim-kmu-monitor-2018\\\/\",\"url\":\"https:\\\/\\\/www.organisator.ch\\\/it\\\/generale\\\/2018-08-22\\\/wie-halten-sie-es-mit-der-arbeitswelt-4-0-machen-sie-mit-beim-kmu-monitor-2018\\\/\",\"name\":\"Wie halten Sie es mit der Arbeitswelt 4.0? Machen Sie mit beim KMU-Monitor 2018! - Organisator\",\"isPartOf\":{\"@id\":\"https:\\\/\\\/www.organisator.ch\\\/#website\"},\"primaryImageOfPage\":{\"@id\":\"https:\\\/\\\/www.organisator.ch\\\/it\\\/generale\\\/2018-08-22\\\/wie-halten-sie-es-mit-der-arbeitswelt-4-0-machen-sie-mit-beim-kmu-monitor-2018\\\/#primaryimage\"},\"image\":{\"@id\":\"https:\\\/\\\/www.organisator.ch\\\/it\\\/generale\\\/2018-08-22\\\/wie-halten-sie-es-mit-der-arbeitswelt-4-0-machen-sie-mit-beim-kmu-monitor-2018\\\/#primaryimage\"},\"thumbnailUrl\":\"https:\\\/\\\/www.organisator.ch\\\/wp-content\\\/uploads\\\/2017\\\/04\\\/Mehrheit-erlebt-Veraenderungen-der-Arbeitswelt-durch-die-Digitalisierung-positiv-2_Organisator.jpg\",\"datePublished\":\"2018-08-22T08:00:57+00:00\",\"description\":\"Die Erhebung f\u00fcr die j\u00e4hrliche Umfrage f\u00fcr den KMU-Monitor 2018 startet: Machen Sie mit und tragen Sie zu einer Analyse der Stimmung unter Schweizer KMU bei\",\"breadcrumb\":{\"@id\":\"https:\\\/\\\/www.organisator.ch\\\/it\\\/generale\\\/2018-08-22\\\/wie-halten-sie-es-mit-der-arbeitswelt-4-0-machen-sie-mit-beim-kmu-monitor-2018\\\/#breadcrumb\"},\"inLanguage\":\"it-IT\",\"potentialAction\":[{\"@type\":\"ReadAction\",\"target\":[\"https:\\\/\\\/www.organisator.ch\\\/it\\\/generale\\\/2018-08-22\\\/wie-halten-sie-es-mit-der-arbeitswelt-4-0-machen-sie-mit-beim-kmu-monitor-2018\\\/\"]}]},{\"@type\":\"ImageObject\",\"inLanguage\":\"it-IT\",\"@id\":\"https:\\\/\\\/www.organisator.ch\\\/it\\\/generale\\\/2018-08-22\\\/wie-halten-sie-es-mit-der-arbeitswelt-4-0-machen-sie-mit-beim-kmu-monitor-2018\\\/#primaryimage\",\"url\":\"https:\\\/\\\/www.organisator.ch\\\/wp-content\\\/uploads\\\/2017\\\/04\\\/Mehrheit-erlebt-Veraenderungen-der-Arbeitswelt-durch-die-Digitalisierung-positiv-2_Organisator.jpg\",\"contentUrl\":\"https:\\\/\\\/www.organisator.ch\\\/wp-content\\\/uploads\\\/2017\\\/04\\\/Mehrheit-erlebt-Veraenderungen-der-Arbeitswelt-durch-die-Digitalisierung-positiv-2_Organisator.jpg\",\"width\":905,\"height\":530,\"caption\":\"Ver\u00e4nderungen der Arbeitswelt durch die Digitalisierung werden mehrheitlich positiv gesehen (Bild: bounlow-pic - Fotolia.com)\"},{\"@type\":\"BreadcrumbList\",\"@id\":\"https:\\\/\\\/www.organisator.ch\\\/it\\\/generale\\\/2018-08-22\\\/wie-halten-sie-es-mit-der-arbeitswelt-4-0-machen-sie-mit-beim-kmu-monitor-2018\\\/#breadcrumb\",\"itemListElement\":[{\"@type\":\"ListItem\",\"position\":1,\"name\":\"Home\",\"item\":\"https:\\\/\\\/www.organisator.ch\\\/\"},{\"@type\":\"ListItem\",\"position\":2,\"name\":\"Wie halten Sie es mit der Arbeitswelt 4.0? Machen Sie mit beim KMU-Monitor 2018!\"}]},{\"@type\":\"WebSite\",\"@id\":\"https:\\\/\\\/www.organisator.ch\\\/#website\",\"url\":\"https:\\\/\\\/www.organisator.ch\\\/\",\"name\":\"Organisator\",\"description\":\"Kompetent. Praxisnah. Der ORGANISATOR bereitet in 10 Ausgaben pro Jahr die wesentlichen Themen f\u00fcr F\u00fchrungskr\u00e4fte von KMU auf.\",\"publisher\":{\"@id\":\"https:\\\/\\\/www.organisator.ch\\\/#organization\"},\"potentialAction\":[{\"@type\":\"SearchAction\",\"target\":{\"@type\":\"EntryPoint\",\"urlTemplate\":\"https:\\\/\\\/www.organisator.ch\\\/?s={search_term_string}\"},\"query-input\":{\"@type\":\"PropertyValueSpecification\",\"valueRequired\":true,\"valueName\":\"search_term_string\"}}],\"inLanguage\":\"it-IT\"},{\"@type\":\"Organization\",\"@id\":\"https:\\\/\\\/www.organisator.ch\\\/#organization\",\"name\":\"Organisator\",\"url\":\"https:\\\/\\\/www.organisator.ch\\\/\",\"logo\":{\"@type\":\"ImageObject\",\"inLanguage\":\"it-IT\",\"@id\":\"https:\\\/\\\/www.organisator.ch\\\/#\\\/schema\\\/logo\\\/image\\\/\",\"url\":\"https:\\\/\\\/www.organisator.ch\\\/wp-content\\\/uploads\\\/2022\\\/01\\\/Logo_Organisator_Website.png\",\"contentUrl\":\"https:\\\/\\\/www.organisator.ch\\\/wp-content\\\/uploads\\\/2022\\\/01\\\/Logo_Organisator_Website.png\",\"width\":800,\"height\":77,\"caption\":\"Organisator\"},\"image\":{\"@id\":\"https:\\\/\\\/www.organisator.ch\\\/#\\\/schema\\\/logo\\\/image\\\/\"},\"sameAs\":[\"https:\\\/\\\/www.facebook.com\\\/OrganisatorFachmagazin\",\"https:\\\/\\\/www.linkedin.com\\\/showcase\\\/organisator-das-magazin-fr-kmu\",\"https:\\\/\\\/www.xing.com\\\/news\\\/pages\\\/organisator-ch-695\",\"https:\\\/\\\/www.youtube.com\\\/channel\\\/UCGP2Sq0iWaZwT3BdIAQFYpw\"]},{\"@type\":\"Person\",\"@id\":\"https:\\\/\\\/www.organisator.ch\\\/#\\\/schema\\\/person\\\/6f650f90b2842cd4c0cc334b4e36f67e\",\"name\":\"thomas.berner\",\"image\":{\"@type\":\"ImageObject\",\"inLanguage\":\"it-IT\",\"@id\":\"https:\\\/\\\/secure.gravatar.com\\\/avatar\\\/ac5001d2a36cb6c6cd3e50789007ffca834b477b74a2144564522e944eabff61?s=96&d=mm&r=g\",\"url\":\"https:\\\/\\\/secure.gravatar.com\\\/avatar\\\/ac5001d2a36cb6c6cd3e50789007ffca834b477b74a2144564522e944eabff61?s=96&d=mm&r=g\",\"contentUrl\":\"https:\\\/\\\/secure.gravatar.com\\\/avatar\\\/ac5001d2a36cb6c6cd3e50789007ffca834b477b74a2144564522e944eabff61?s=96&d=mm&r=g\",\"caption\":\"thomas.berner\"},\"url\":\"https:\\\/\\\/www.organisator.ch\\\/it\\\/author\\\/thomas-berner\\\/\"}]}<\/script>\n<!-- \/ Yoast SEO plugin. -->","yoast_head_json":{"title":"Cosa ne pensate del mondo del lavoro 4.0? Partecipate al Monitor delle PMI 2018! - Organizzatore","description":"Inizia il sondaggio per l'annuale SME Monitor 2018: Partecipare e contribuire a un'analisi dello stato d'animo delle PMI svizzere","robots":{"index":"index","follow":"follow","max-snippet":"max-snippet:-1","max-image-preview":"max-image-preview:large","max-video-preview":"max-video-preview:-1"},"canonical":"https:\/\/www.organisator.ch\/it\/generale\/2018-08-22\/wie-halten-sie-es-mit-der-arbeitswelt-4-0-machen-sie-mit-beim-kmu-monitor-2018\/","og_locale":"it_IT","og_type":"article","og_title":"Wie halten Sie es mit der Arbeitswelt 4.0? Machen Sie mit beim KMU-Monitor 2018!","og_description":"Die Erhebung f\u00fcr die j\u00e4hrliche Umfrage f\u00fcr den KMU-Monitor 2018 startet: Machen Sie mit und tragen Sie zu einer Analyse der Stimmung unter Schweizer KMU bei.","og_url":"https:\/\/www.organisator.ch\/it\/generale\/2018-08-22\/wie-halten-sie-es-mit-der-arbeitswelt-4-0-machen-sie-mit-beim-kmu-monitor-2018\/","og_site_name":"Organisator","article_publisher":"https:\/\/www.facebook.com\/OrganisatorFachmagazin","article_published_time":"2018-08-22T08:00:57+00:00","og_image":[{"width":905,"height":530,"url":"https:\/\/www.organisator.ch\/wp-content\/uploads\/2017\/04\/Mehrheit-erlebt-Veraenderungen-der-Arbeitswelt-durch-die-Digitalisierung-positiv-2_Organisator.jpg","type":"image\/jpeg"}],"author":"thomas.berner","twitter_card":"summary_large_image","twitter_title":"Wie halten Sie es mit der Arbeitswelt 4.0? Machen Sie mit beim #KMU-Monitor 2018!","twitter_description":"Die Erhebung f\u00fcr die j\u00e4hrliche Umfrage f\u00fcr den #KMU-Monitor 2018 startet: Machen Sie mit und tragen Sie zu einer Analyse der Stimmung unter Schweizer KMU bei.","twitter_image":"https:\/\/www.organisator.ch\/wp-content\/uploads\/2017\/04\/Mehrheit-erlebt-Ver\u00e4nderungen-der-Arbeitswelt-durch-die-Digitalisierung-positiv-2_Organisator.jpg","schema":{"@context":"https:\/\/schema.org","@graph":[{"@type":"Article","@id":"https:\/\/www.organisator.ch\/it\/generale\/2018-08-22\/wie-halten-sie-es-mit-der-arbeitswelt-4-0-machen-sie-mit-beim-kmu-monitor-2018\/#article","isPartOf":{"@id":"https:\/\/www.organisator.ch\/it\/generale\/2018-08-22\/wie-halten-sie-es-mit-der-arbeitswelt-4-0-machen-sie-mit-beim-kmu-monitor-2018\/"},"author":{"name":"thomas.berner","@id":"https:\/\/www.organisator.ch\/#\/schema\/person\/6f650f90b2842cd4c0cc334b4e36f67e"},"headline":"Wie halten Sie es mit der Arbeitswelt 4.0? Machen Sie mit beim KMU-Monitor 2018!","datePublished":"2018-08-22T08:00:57+00:00","mainEntityOfPage":{"@id":"https:\/\/www.organisator.ch\/it\/generale\/2018-08-22\/wie-halten-sie-es-mit-der-arbeitswelt-4-0-machen-sie-mit-beim-kmu-monitor-2018\/"},"wordCount":234,"commentCount":0,"publisher":{"@id":"https:\/\/www.organisator.ch\/#organization"},"image":{"@id":"https:\/\/www.organisator.ch\/it\/generale\/2018-08-22\/wie-halten-sie-es-mit-der-arbeitswelt-4-0-machen-sie-mit-beim-kmu-monitor-2018\/#primaryimage"},"thumbnailUrl":"https:\/\/www.organisator.ch\/wp-content\/uploads\/2017\/04\/Mehrheit-erlebt-Veraenderungen-der-Arbeitswelt-durch-die-Digitalisierung-positiv-2_Organisator.jpg","keywords":["KMU-Monitor","KMU-Tag","Studie","Umfrage","Unternehmen","Vermischtes"],"articleSection":["Allgemein"],"inLanguage":"it-IT"},{"@type":"WebPage","@id":"https:\/\/www.organisator.ch\/it\/generale\/2018-08-22\/wie-halten-sie-es-mit-der-arbeitswelt-4-0-machen-sie-mit-beim-kmu-monitor-2018\/","url":"https:\/\/www.organisator.ch\/it\/generale\/2018-08-22\/wie-halten-sie-es-mit-der-arbeitswelt-4-0-machen-sie-mit-beim-kmu-monitor-2018\/","name":"Cosa ne pensate del mondo del lavoro 4.0? Partecipate al Monitor delle PMI 2018! - Organizzatore","isPartOf":{"@id":"https:\/\/www.organisator.ch\/#website"},"primaryImageOfPage":{"@id":"https:\/\/www.organisator.ch\/it\/generale\/2018-08-22\/wie-halten-sie-es-mit-der-arbeitswelt-4-0-machen-sie-mit-beim-kmu-monitor-2018\/#primaryimage"},"image":{"@id":"https:\/\/www.organisator.ch\/it\/generale\/2018-08-22\/wie-halten-sie-es-mit-der-arbeitswelt-4-0-machen-sie-mit-beim-kmu-monitor-2018\/#primaryimage"},"thumbnailUrl":"https:\/\/www.organisator.ch\/wp-content\/uploads\/2017\/04\/Mehrheit-erlebt-Veraenderungen-der-Arbeitswelt-durch-die-Digitalisierung-positiv-2_Organisator.jpg","datePublished":"2018-08-22T08:00:57+00:00","description":"Inizia il sondaggio per l'annuale SME Monitor 2018: Partecipare e contribuire a un'analisi dello stato d'animo delle PMI svizzere","breadcrumb":{"@id":"https:\/\/www.organisator.ch\/it\/generale\/2018-08-22\/wie-halten-sie-es-mit-der-arbeitswelt-4-0-machen-sie-mit-beim-kmu-monitor-2018\/#breadcrumb"},"inLanguage":"it-IT","potentialAction":[{"@type":"ReadAction","target":["https:\/\/www.organisator.ch\/it\/generale\/2018-08-22\/wie-halten-sie-es-mit-der-arbeitswelt-4-0-machen-sie-mit-beim-kmu-monitor-2018\/"]}]},{"@type":"ImageObject","inLanguage":"it-IT","@id":"https:\/\/www.organisator.ch\/it\/generale\/2018-08-22\/wie-halten-sie-es-mit-der-arbeitswelt-4-0-machen-sie-mit-beim-kmu-monitor-2018\/#primaryimage","url":"https:\/\/www.organisator.ch\/wp-content\/uploads\/2017\/04\/Mehrheit-erlebt-Veraenderungen-der-Arbeitswelt-durch-die-Digitalisierung-positiv-2_Organisator.jpg","contentUrl":"https:\/\/www.organisator.ch\/wp-content\/uploads\/2017\/04\/Mehrheit-erlebt-Veraenderungen-der-Arbeitswelt-durch-die-Digitalisierung-positiv-2_Organisator.jpg","width":905,"height":530,"caption":"Ver\u00e4nderungen der Arbeitswelt durch die Digitalisierung werden mehrheitlich positiv gesehen (Bild: bounlow-pic - Fotolia.com)"},{"@type":"BreadcrumbList","@id":"https:\/\/www.organisator.ch\/it\/generale\/2018-08-22\/wie-halten-sie-es-mit-der-arbeitswelt-4-0-machen-sie-mit-beim-kmu-monitor-2018\/#breadcrumb","itemListElement":[{"@type":"ListItem","position":1,"name":"Home","item":"https:\/\/www.organisator.ch\/"},{"@type":"ListItem","position":2,"name":"Wie halten Sie es mit der Arbeitswelt 4.0? Machen Sie mit beim KMU-Monitor 2018!"}]},{"@type":"WebSite","@id":"https:\/\/www.organisator.ch\/#website","url":"https:\/\/www.organisator.ch\/","name":"Organizzatore","description":"Competente. Pratico. In 10 numeri all'anno, ORGANISATOR presenta i temi essenziali per i manager delle PMI.","publisher":{"@id":"https:\/\/www.organisator.ch\/#organization"},"potentialAction":[{"@type":"SearchAction","target":{"@type":"EntryPoint","urlTemplate":"https:\/\/www.organisator.ch\/?s={search_term_string}"},"query-input":{"@type":"PropertyValueSpecification","valueRequired":true,"valueName":"search_term_string"}}],"inLanguage":"it-IT"},{"@type":"Organization","@id":"https:\/\/www.organisator.ch\/#organization","name":"Organizzatore","url":"https:\/\/www.organisator.ch\/","logo":{"@type":"ImageObject","inLanguage":"it-IT","@id":"https:\/\/www.organisator.ch\/#\/schema\/logo\/image\/","url":"https:\/\/www.organisator.ch\/wp-content\/uploads\/2022\/01\/Logo_Organisator_Website.png","contentUrl":"https:\/\/www.organisator.ch\/wp-content\/uploads\/2022\/01\/Logo_Organisator_Website.png","width":800,"height":77,"caption":"Organisator"},"image":{"@id":"https:\/\/www.organisator.ch\/#\/schema\/logo\/image\/"},"sameAs":["https:\/\/www.facebook.com\/OrganisatorFachmagazin","https:\/\/www.linkedin.com\/showcase\/organisator-das-magazin-fr-kmu","https:\/\/www.xing.com\/news\/pages\/organisator-ch-695","https:\/\/www.youtube.com\/channel\/UCGP2Sq0iWaZwT3BdIAQFYpw"]},{"@type":"Person","@id":"https:\/\/www.organisator.ch\/#\/schema\/person\/6f650f90b2842cd4c0cc334b4e36f67e","name":"Tommaso.berner","image":{"@type":"ImageObject","inLanguage":"it-IT","@id":"https:\/\/secure.gravatar.com\/avatar\/ac5001d2a36cb6c6cd3e50789007ffca834b477b74a2144564522e944eabff61?s=96&d=mm&r=g","url":"https:\/\/secure.gravatar.com\/avatar\/ac5001d2a36cb6c6cd3e50789007ffca834b477b74a2144564522e944eabff61?s=96&d=mm&r=g","contentUrl":"https:\/\/secure.gravatar.com\/avatar\/ac5001d2a36cb6c6cd3e50789007ffca834b477b74a2144564522e944eabff61?s=96&d=mm&r=g","caption":"thomas.berner"},"url":"https:\/\/www.organisator.ch\/it\/author\/thomas-berner\/"}]}},"_links":{"self":[{"href":"https:\/\/www.organisator.ch\/it\/wp-json\/wp\/v2\/posts\/4106","targetHints":{"allow":["GET"]}}],"collection":[{"href":"https:\/\/www.organisator.ch\/it\/wp-json\/wp\/v2\/posts"}],"about":[{"href":"https:\/\/www.organisator.ch\/it\/wp-json\/wp\/v2\/types\/post"}],"author":[{"embeddable":true,"href":"https:\/\/www.organisator.ch\/it\/wp-json\/wp\/v2\/users\/4"}],"replies":[{"embeddable":true,"href":"https:\/\/www.organisator.ch\/it\/wp-json\/wp\/v2\/comments?post=4106"}],"version-history":[{"count":0,"href":"https:\/\/www.organisator.ch\/it\/wp-json\/wp\/v2\/posts\/4106\/revisions"}],"wp:featuredmedia":[{"embeddable":true,"href":"https:\/\/www.organisator.ch\/it\/wp-json\/wp\/v2\/media\/1739"}],"wp:attachment":[{"href":"https:\/\/www.organisator.ch\/it\/wp-json\/wp\/v2\/media?parent=4106"}],"wp:term":[{"taxonomy":"category","embeddable":true,"href":"https:\/\/www.organisator.ch\/it\/wp-json\/wp\/v2\/categories?post=4106"},{"taxonomy":"post_tag","embeddable":true,"href":"https:\/\/www.organisator.ch\/it\/wp-json\/wp\/v2\/tags?post=4106"}],"curies":[{"name":"wp","href":"https:\/\/api.w.org\/{rel}","templated":true}]}}