{"id":4107,"date":"2021-04-16T07:39:21","date_gmt":"2021-04-16T05:39:21","guid":{"rendered":"https:\/\/www.umweltperspektiven.ch\/?p=4107"},"modified":"2021-04-16T07:39:21","modified_gmt":"2021-04-16T05:39:21","slug":"schweiz-braucht-87-mio-tonnen-material-pro-jahr","status":"publish","type":"post","link":"https:\/\/www.organisator.ch\/it\/allgemein\/2021-04-16\/schweiz-braucht-87-mio-tonnen-material-pro-jahr\/","title":{"rendered":"La Svizzera ha bisogno di 87 milioni di tonnellate di materiale all'anno"},"content":{"rendered":"<figure id=\"attachment_4109\" aria-describedby=\"caption-attachment-4109\" style=\"width: 680px\" class=\"wp-caption aligncenter\"><img loading=\"lazy\" decoding=\"async\" class=\"wp-image-4109 size-medium\" src=\"\/\/www.umweltperspektiven.ch\/wp-content\/uploads\/2021\/04\/MMgrafik_Materialstrom2018_DE_bearbeitet-1.jpg\" alt=\"Flussi di materiale\" width=\"680\" height=\"438\" srcset=\"https:\/\/www.organisator.ch\/wp-content\/uploads\/2021\/04\/MMgrafik_Materialstrom2018_DE_bearbeitet-1.jpg 2406w, https:\/\/www.organisator.ch\/wp-content\/uploads\/2021\/04\/MMgrafik_Materialstrom2018_DE_bearbeitet-1-680x438.jpg 680w, https:\/\/www.organisator.ch\/wp-content\/uploads\/2021\/04\/MMgrafik_Materialstrom2018_DE_bearbeitet-1-1024x659.jpg 1024w, https:\/\/www.organisator.ch\/wp-content\/uploads\/2021\/04\/MMgrafik_Materialstrom2018_DE_bearbeitet-1-768x494.jpg 768w, https:\/\/www.organisator.ch\/wp-content\/uploads\/2021\/04\/MMgrafik_Materialstrom2018_DE_bearbeitet-1-1536x989.jpg 1536w, https:\/\/www.organisator.ch\/wp-content\/uploads\/2021\/04\/MMgrafik_Materialstrom2018_DE_bearbeitet-1-2048x1319.jpg 2048w, https:\/\/www.organisator.ch\/wp-content\/uploads\/2021\/04\/MMgrafik_Materialstrom2018_DE_bearbeitet-1-18x12.jpg 18w, https:\/\/www.organisator.ch\/wp-content\/uploads\/2021\/04\/MMgrafik_Materialstrom2018_DE_bearbeitet-1-272x175.jpg 272w, https:\/\/www.organisator.ch\/wp-content\/uploads\/2021\/04\/MMgrafik_Materialstrom2018_DE_bearbeitet-1-544x350.jpg 544w, https:\/\/www.organisator.ch\/wp-content\/uploads\/2021\/04\/MMgrafik_Materialstrom2018_DE_bearbeitet-1-1243x800.jpg 1243w, https:\/\/www.organisator.ch\/wp-content\/uploads\/2021\/04\/MMgrafik_Materialstrom2018_DE_bearbeitet-1-920x592.jpg 920w, https:\/\/www.organisator.ch\/wp-content\/uploads\/2021\/04\/MMgrafik_Materialstrom2018_DE_bearbeitet-1-1400x901.jpg 1400w, https:\/\/www.organisator.ch\/wp-content\/uploads\/2021\/04\/MMgrafik_Materialstrom2018_DE_bearbeitet-1-300x193.jpg 300w\" sizes=\"auto, (max-width: 680px) 100vw, 680px\" \/><figcaption id=\"caption-attachment-4109\" class=\"wp-caption-text\">Flussi di materiali in Svizzera 2018: le masse dall'importazione al consumo e dal riciclaggio alla discarica. Illustrazione: Empa<\/figcaption><\/figure>\n<p>Edifici, impianti industriali, strade, automobili, benzina, elettricit\u00e0 e tutto il nostro consumo: quanto consuma la Svizzera all'anno? Quanto viene esportato o smaltito? Quanto rifluisce nell'economia? E quali sono le conseguenze per l'ambiente? Per un team di ricerca del Dipartimento Tecnologia e Societ\u00e0 dell'Empa, trovare risposte precise a queste domande \u00e8 stato un compito complesso. Il progetto MatCH (\"Risorse materiali ed energetiche e relativi impatti ambientali in Svizzera\"), commissionato dall'Ufficio federale dell'ambiente (UFAM), \u00e8 iniziato nel 2013 e si \u00e8 svolto in diverse fasi. La prima parte riguardava tutti i flussi di materiali ed energia nel settore delle costruzioni; la seconda la mobilit\u00e0. E la parte 3 era dedicata alla produzione e al consumo degli altri beni che sono importati, prodotti all'interno e esportati.<\/p>\n<p><strong>Masse operative per un intero paese<\/strong><\/p>\n<p>Questo mosaico di dati \u00e8 ora riassunto nella quarta parte: un rapporto di sintesi come un'istantanea dei flussi di massa e di energia per il 2018. Alcune cifre chiave da questo:<\/p>\n<p>Il consumo interno di materiale ammonta a 87 milioni di tonnellate nette all'anno: la massa necessaria per far funzionare l'economia svizzera.<\/p>\n<p>Esempi di masse in uscita: 12 milioni di tonnellate sono finite nello smaltimento finale; le esportazioni ammontavano a 18 milioni di tonnellate.<\/p>\n<p>Una gran parte del materiale in entrata rimane nel sistema - e fa crescere lo \"stockpile\", come gli autori dello studio chiamano l'intero inventario della Svizzera. La linea di fondo \u00e8 che aumenta dell'1,6% all'anno - a partire dal 2018 - o di 52 milioni di tonnellate. Il peso totale dello \"stock materiale\" della Svizzera: circa 3,2 miliardi di tonnellate.<\/p>\n<p><strong>Dati da molte fonti<\/strong><strong>\u00a0<\/strong><\/p>\n<p>Per poter determinare tali dati, il team dell'Empa ha valutato numerose fonti. Nella categoria \"mobilit\u00e0\", l'Ufficio federale di statistica, tra gli altri, ha fornito informazioni utili; per \"consumo e produzione\", i dati dell'Amministrazione federale delle dogane sono stati utili. E per l'inventario costruito, compresi gli edifici e le vie di trasporto, gli esperti hanno attinto a studi precedenti. Nel complesso, secondo i ricercatori dell'Empa, questi dati hanno garantito una buona approssimazione alla realt\u00e0, anche se non sostituiscono i dati statistici ufficiali delle autorit\u00e0 federali.<\/p>\n<p>Nel settore delle costruzioni, anche le cifre attuali del consumo sono interessanti: quasi la met\u00e0 del nuovo materiale usato \u00e8 il calcestruzzo - poco meno di 40 milioni di tonnellate all'anno. L'intero settore delle costruzioni arriva a 62 milioni di tonnellate, mentre il settore \"produzione e consumo\" consuma solo poco meno di 18 milioni di tonnellate: un quinto della massa totale consumata.<\/p>\n<p>In termini di impatto ambientale, lo studio si concentra in particolare sulle emissioni di gas serra. La causa pi\u00f9 importante \u00e8 il consumo di carburante con quasi 25 milioni di tonnellate, una quota di circa un quarto delle emissioni annuali. Seguono i combustibili (quasi il 20%), il cibo per gli esseri umani (pi\u00f9 del 18%), l'elettricit\u00e0 (quasi il 6%) e l'acciaio (quasi il 5%). Tuttavia, anche il tessile e il cuoio e i prodotti chimici di base contribuiscono con una quota notevole del 4,5% ciascuno.<\/p>\n<p><strong>L'influenza dello stile di vita personale<\/strong><\/p>\n<p>Una caratteristica speciale dello studio \u00e8 la considerazione differenziata dell'influenza della popolazione svizzera. Oltre ai dati sul consumo pro capite, i ricercatori hanno anche analizzato l'impatto del margine di azione personale nella protezione del clima: Se tutti gli abitanti si comportassero come il quinto della popolazione svizzera con lo stile di vita pi\u00f9 esemplare, le emissioni totali di gas serra della Svizzera potrebbero essere ridotte del 16%. Se invece tutti si comportassero come il quinto con lo stile di vita meno ecologico, le emissioni aumenterebbero del 17%.<\/p>\n<p><strong>\u00a0<\/strong><\/p>\n<blockquote><p><strong>Sintesi di tre studi \"MatCH<\/strong><\/p>\n<p><img loading=\"lazy\" decoding=\"async\" class=\"wp-image-4110 alignleft\" src=\"\/\/www.umweltperspektiven.ch\/wp-content\/uploads\/2021\/04\/MatCH-Bericht-Cover.jpg\" alt=\"\" width=\"222\" height=\"280\" srcset=\"https:\/\/www.organisator.ch\/wp-content\/uploads\/2021\/04\/MatCH-Bericht-Cover.jpg 268w, https:\/\/www.organisator.ch\/wp-content\/uploads\/2021\/04\/MatCH-Bericht-Cover-10x12.jpg 10w, https:\/\/www.organisator.ch\/wp-content\/uploads\/2021\/04\/MatCH-Bericht-Cover-139x175.jpg 139w\" sizes=\"auto, (max-width: 222px) 100vw, 222px\" \/>Il rapporto \"Flussi di materiali ed energia nell'economia svizzera\" copre l'intera economia svizzera e combina i rapporti della trilogia MatCH \"Costruzione\" (2016), \"Mobilit\u00e0\" (2017) e \"Produzione e consumo\" (2018).<\/p>\n<p>In dettaglio, sono state distinte 28 aree di consumo e sono state definite 18 categorie di materiali, che includono materiali solidi come materie prime minerali, metalli, plastica, ma anche alimenti, nonch\u00e9 combustibili ed elettricit\u00e0. L'acqua della materia prima non \u00e8 inclusa.<\/p>\n<p>I flussi di massa transfrontalieri e interni alla Svizzera sono stati espressi come \"consumo interno di materiale\". Gli impatti ambientali sono stati calcolati dagli esperti usando un approccio semplificato di valutazione del ciclo di vita, che \u00e8 spiegato nel rapporto di sintesi.<\/p>\n<p><em>I tre rapporti individuali della trilogia MatCH possono essere trovati su\u00a0<a href=\"\/\/www.empa.ch\/web\/s506\/care-project-match\">qui<\/a>.<\/em><\/p>\n<p><em>Potete trovare il rapporto di sintesi finale\u00a0<a href=\"\/\/www.dora.lib4ri.ch\/empa\/islandora\/object\/empa%3A20917\/datastream\/PDF\/Matasci-2019-Material-_und_Energiefl%C3%BCsse_der_schweizerischen-%28published_version%29.pdf\">qui<\/a>.<\/em><\/p><\/blockquote>","protected":false},"excerpt":{"rendered":"<p>Bauwerke, Industrieanlagen, Strassen, Autos, Benzin, Strom und unser aller Konsum: Was verbraucht die Schweiz pro Jahr? Wieviel davon wird exportiert oder entsorgt? Wieviel fliesst zur\u00fcck in die Volkswirtschaft? Und welche Folgen hat das f\u00fcr die Umwelt? F\u00fcr ein Forschungsteam der Empa-Abteilung \u00abTechnologie und Gesellschaft\u00bb war es eine komplexe Aufgabe, pr\u00e4zise Antworten auf diese Fragen zu [&hellip;]<\/p>\n","protected":false},"author":6,"featured_media":4109,"comment_status":"closed","ping_status":"closed","sticky":false,"template":"","format":"standard","meta":{"_acf_changed":false,"_yoast_wpseo_focuskw":"Material- und Energiefl\u00fcsse","_yoast_wpseo_metadesc":"Die Empa hat die gesamten Material- und Energiefl\u00fcsse der CH-Volkswirtschaft erfasst. Der Abschlussbericht liefert interessante Daten und Vergleiche.","articlekey":"","footnotes":""},"categories":[1],"tags":[639,1052,1669,1670],"class_list":["post-4107","post","type-post","status-publish","format-standard","has-post-thumbnail","hentry","category-allgemein","tag-material-and-energy-resources-and-associated-environmental-impacts-in-switzerland","tag-empa","tag-match-projekt","tag-material-und-energiefluesse"],"acf":[],"yoast_head":"<!-- This site is optimized with the Yoast SEO plugin v27.5 - https:\/\/yoast.com\/product\/yoast-seo-wordpress\/ -->\n<title>Schweiz braucht 87 Mio. Tonnen Material pro Jahr - Organisator<\/title>\n<meta name=\"description\" content=\"Die Empa hat die gesamten Material- und Energiefl\u00fcsse der CH-Volkswirtschaft erfasst. Der Abschlussbericht liefert interessante Daten und Vergleiche.\" \/>\n<meta name=\"robots\" content=\"index, follow, max-snippet:-1, max-image-preview:large, max-video-preview:-1\" \/>\n<link rel=\"canonical\" href=\"https:\/\/www.organisator.ch\/it\/generale\/2021-04-16\/schweiz-braucht-87-mio-tonnen-material-pro-jahr\/\" \/>\n<meta property=\"og:locale\" content=\"it_IT\" \/>\n<meta property=\"og:type\" content=\"article\" \/>\n<meta property=\"og:title\" content=\"Schweiz braucht 87 Mio. Tonnen Material pro Jahr - Organisator\" \/>\n<meta property=\"og:description\" content=\"Die Empa hat die gesamten Material- und Energiefl\u00fcsse der CH-Volkswirtschaft erfasst. Der Abschlussbericht liefert interessante Daten und Vergleiche.\" \/>\n<meta property=\"og:url\" content=\"https:\/\/www.organisator.ch\/it\/generale\/2021-04-16\/schweiz-braucht-87-mio-tonnen-material-pro-jahr\/\" \/>\n<meta property=\"og:site_name\" content=\"Organisator\" \/>\n<meta property=\"article:publisher\" content=\"https:\/\/www.facebook.com\/OrganisatorFachmagazin\" \/>\n<meta property=\"article:published_time\" content=\"2021-04-16T05:39:21+00:00\" \/>\n<meta property=\"og:image\" content=\"https:\/\/www.organisator.ch\/wp-content\/uploads\/2021\/04\/MMgrafik_Materialstrom2018_DE_bearbeitet-1.jpg\" \/>\n\t<meta property=\"og:image:width\" content=\"2406\" \/>\n\t<meta property=\"og:image:height\" content=\"1549\" \/>\n\t<meta property=\"og:image:type\" content=\"image\/jpeg\" \/>\n<meta name=\"author\" content=\"roger.straessle\" \/>\n<meta name=\"twitter:card\" content=\"summary_large_image\" \/>\n<script type=\"application\/ld+json\" class=\"yoast-schema-graph\">{\"@context\":\"https:\\\/\\\/schema.org\",\"@graph\":[{\"@type\":\"Article\",\"@id\":\"https:\\\/\\\/www.organisator.ch\\\/en\\\/general\\\/2021-04-16\\\/schweiz-braucht-87-mio-tonnen-material-pro-jahr\\\/#article\",\"isPartOf\":{\"@id\":\"https:\\\/\\\/www.organisator.ch\\\/en\\\/general\\\/2021-04-16\\\/schweiz-braucht-87-mio-tonnen-material-pro-jahr\\\/\"},\"author\":{\"name\":\"roger.straessle\",\"@id\":\"https:\\\/\\\/www.organisator.ch\\\/#\\\/schema\\\/person\\\/a800b8c54e208b160517a7dcc323161d\"},\"headline\":\"Schweiz braucht 87 Mio. Tonnen Material pro Jahr\",\"datePublished\":\"2021-04-16T05:39:21+00:00\",\"mainEntityOfPage\":{\"@id\":\"https:\\\/\\\/www.organisator.ch\\\/en\\\/general\\\/2021-04-16\\\/schweiz-braucht-87-mio-tonnen-material-pro-jahr\\\/\"},\"wordCount\":702,\"publisher\":{\"@id\":\"https:\\\/\\\/www.organisator.ch\\\/#organization\"},\"image\":{\"@id\":\"https:\\\/\\\/www.organisator.ch\\\/en\\\/general\\\/2021-04-16\\\/schweiz-braucht-87-mio-tonnen-material-pro-jahr\\\/#primaryimage\"},\"thumbnailUrl\":\"https:\\\/\\\/www.organisator.ch\\\/wp-content\\\/uploads\\\/2021\\\/04\\\/MMgrafik_Materialstrom2018_DE_bearbeitet-1.jpg\",\"keywords\":[\"(\u00abMaterial- and energy resources and associated environmental impacts in Switzerland\u00bb\",\"Empa\",\"MatCH-Projekt\",\"Material- und Energiefl\u00fcsse\"],\"articleSection\":[\"Allgemein\"],\"inLanguage\":\"it-IT\"},{\"@type\":\"WebPage\",\"@id\":\"https:\\\/\\\/www.organisator.ch\\\/en\\\/general\\\/2021-04-16\\\/schweiz-braucht-87-mio-tonnen-material-pro-jahr\\\/\",\"url\":\"https:\\\/\\\/www.organisator.ch\\\/en\\\/general\\\/2021-04-16\\\/schweiz-braucht-87-mio-tonnen-material-pro-jahr\\\/\",\"name\":\"Schweiz braucht 87 Mio. Tonnen Material pro Jahr - Organisator\",\"isPartOf\":{\"@id\":\"https:\\\/\\\/www.organisator.ch\\\/#website\"},\"primaryImageOfPage\":{\"@id\":\"https:\\\/\\\/www.organisator.ch\\\/en\\\/general\\\/2021-04-16\\\/schweiz-braucht-87-mio-tonnen-material-pro-jahr\\\/#primaryimage\"},\"image\":{\"@id\":\"https:\\\/\\\/www.organisator.ch\\\/en\\\/general\\\/2021-04-16\\\/schweiz-braucht-87-mio-tonnen-material-pro-jahr\\\/#primaryimage\"},\"thumbnailUrl\":\"https:\\\/\\\/www.organisator.ch\\\/wp-content\\\/uploads\\\/2021\\\/04\\\/MMgrafik_Materialstrom2018_DE_bearbeitet-1.jpg\",\"datePublished\":\"2021-04-16T05:39:21+00:00\",\"description\":\"Die Empa hat die gesamten Material- und Energiefl\u00fcsse der CH-Volkswirtschaft erfasst. Der Abschlussbericht liefert interessante Daten und Vergleiche.\",\"breadcrumb\":{\"@id\":\"https:\\\/\\\/www.organisator.ch\\\/en\\\/general\\\/2021-04-16\\\/schweiz-braucht-87-mio-tonnen-material-pro-jahr\\\/#breadcrumb\"},\"inLanguage\":\"it-IT\",\"potentialAction\":[{\"@type\":\"ReadAction\",\"target\":[\"https:\\\/\\\/www.organisator.ch\\\/en\\\/general\\\/2021-04-16\\\/schweiz-braucht-87-mio-tonnen-material-pro-jahr\\\/\"]}]},{\"@type\":\"ImageObject\",\"inLanguage\":\"it-IT\",\"@id\":\"https:\\\/\\\/www.organisator.ch\\\/en\\\/general\\\/2021-04-16\\\/schweiz-braucht-87-mio-tonnen-material-pro-jahr\\\/#primaryimage\",\"url\":\"https:\\\/\\\/www.organisator.ch\\\/wp-content\\\/uploads\\\/2021\\\/04\\\/MMgrafik_Materialstrom2018_DE_bearbeitet-1.jpg\",\"contentUrl\":\"https:\\\/\\\/www.organisator.ch\\\/wp-content\\\/uploads\\\/2021\\\/04\\\/MMgrafik_Materialstrom2018_DE_bearbeitet-1.jpg\",\"width\":2406,\"height\":1549,\"caption\":\"Materialfl\u00fcsse in der Schweiz 2018: Die Massen vom Import \u00fcber Verbrauch und Recycling bis zur Deponie. Illustration: Empa\"},{\"@type\":\"BreadcrumbList\",\"@id\":\"https:\\\/\\\/www.organisator.ch\\\/en\\\/general\\\/2021-04-16\\\/schweiz-braucht-87-mio-tonnen-material-pro-jahr\\\/#breadcrumb\",\"itemListElement\":[{\"@type\":\"ListItem\",\"position\":1,\"name\":\"Home\",\"item\":\"https:\\\/\\\/www.organisator.ch\\\/\"},{\"@type\":\"ListItem\",\"position\":2,\"name\":\"Schweiz braucht 87 Mio. Tonnen Material pro Jahr\"}]},{\"@type\":\"WebSite\",\"@id\":\"https:\\\/\\\/www.organisator.ch\\\/#website\",\"url\":\"https:\\\/\\\/www.organisator.ch\\\/\",\"name\":\"Organisator\",\"description\":\"Kompetent. Praxisnah. Der ORGANISATOR bereitet in 10 Ausgaben pro Jahr die wesentlichen Themen f\u00fcr F\u00fchrungskr\u00e4fte von KMU auf.\",\"publisher\":{\"@id\":\"https:\\\/\\\/www.organisator.ch\\\/#organization\"},\"potentialAction\":[{\"@type\":\"SearchAction\",\"target\":{\"@type\":\"EntryPoint\",\"urlTemplate\":\"https:\\\/\\\/www.organisator.ch\\\/?s={search_term_string}\"},\"query-input\":{\"@type\":\"PropertyValueSpecification\",\"valueRequired\":true,\"valueName\":\"search_term_string\"}}],\"inLanguage\":\"it-IT\"},{\"@type\":\"Organization\",\"@id\":\"https:\\\/\\\/www.organisator.ch\\\/#organization\",\"name\":\"Organisator\",\"url\":\"https:\\\/\\\/www.organisator.ch\\\/\",\"logo\":{\"@type\":\"ImageObject\",\"inLanguage\":\"it-IT\",\"@id\":\"https:\\\/\\\/www.organisator.ch\\\/#\\\/schema\\\/logo\\\/image\\\/\",\"url\":\"https:\\\/\\\/www.organisator.ch\\\/wp-content\\\/uploads\\\/2022\\\/01\\\/Logo_Organisator_Website.png\",\"contentUrl\":\"https:\\\/\\\/www.organisator.ch\\\/wp-content\\\/uploads\\\/2022\\\/01\\\/Logo_Organisator_Website.png\",\"width\":800,\"height\":77,\"caption\":\"Organisator\"},\"image\":{\"@id\":\"https:\\\/\\\/www.organisator.ch\\\/#\\\/schema\\\/logo\\\/image\\\/\"},\"sameAs\":[\"https:\\\/\\\/www.facebook.com\\\/OrganisatorFachmagazin\",\"https:\\\/\\\/www.linkedin.com\\\/showcase\\\/organisator-das-magazin-fr-kmu\",\"https:\\\/\\\/www.xing.com\\\/news\\\/pages\\\/organisator-ch-695\",\"https:\\\/\\\/www.youtube.com\\\/channel\\\/UCGP2Sq0iWaZwT3BdIAQFYpw\"]},{\"@type\":\"Person\",\"@id\":\"https:\\\/\\\/www.organisator.ch\\\/#\\\/schema\\\/person\\\/a800b8c54e208b160517a7dcc323161d\",\"name\":\"roger.straessle\",\"image\":{\"@type\":\"ImageObject\",\"inLanguage\":\"it-IT\",\"@id\":\"https:\\\/\\\/secure.gravatar.com\\\/avatar\\\/?s=96&d=mm&r=g\",\"url\":\"https:\\\/\\\/secure.gravatar.com\\\/avatar\\\/?s=96&d=mm&r=g\",\"contentUrl\":\"https:\\\/\\\/secure.gravatar.com\\\/avatar\\\/?s=96&d=mm&r=g\",\"caption\":\"roger.straessle\"},\"url\":\"https:\\\/\\\/www.organisator.ch\\\/it\\\/author\\\/roger-straessle\\\/\"}]}<\/script>\n<!-- \/ Yoast SEO plugin. -->","yoast_head_json":{"title":"La Svizzera ha bisogno di 87 milioni di tonnellate di materiale all'anno - Organizzatore","description":"L'Empa ha registrato l'intero flusso di materiali ed energia dell'economia svizzera. Il rapporto finale fornisce dati e confronti interessanti.","robots":{"index":"index","follow":"follow","max-snippet":"max-snippet:-1","max-image-preview":"max-image-preview:large","max-video-preview":"max-video-preview:-1"},"canonical":"https:\/\/www.organisator.ch\/it\/generale\/2021-04-16\/schweiz-braucht-87-mio-tonnen-material-pro-jahr\/","og_locale":"it_IT","og_type":"article","og_title":"Schweiz braucht 87 Mio. Tonnen Material pro Jahr - Organisator","og_description":"Die Empa hat die gesamten Material- und Energiefl\u00fcsse der CH-Volkswirtschaft erfasst. Der Abschlussbericht liefert interessante Daten und Vergleiche.","og_url":"https:\/\/www.organisator.ch\/it\/generale\/2021-04-16\/schweiz-braucht-87-mio-tonnen-material-pro-jahr\/","og_site_name":"Organisator","article_publisher":"https:\/\/www.facebook.com\/OrganisatorFachmagazin","article_published_time":"2021-04-16T05:39:21+00:00","og_image":[{"width":2406,"height":1549,"url":"https:\/\/www.organisator.ch\/wp-content\/uploads\/2021\/04\/MMgrafik_Materialstrom2018_DE_bearbeitet-1.jpg","type":"image\/jpeg"}],"author":"roger.straessle","twitter_card":"summary_large_image","schema":{"@context":"https:\/\/schema.org","@graph":[{"@type":"Article","@id":"https:\/\/www.organisator.ch\/en\/general\/2021-04-16\/schweiz-braucht-87-mio-tonnen-material-pro-jahr\/#article","isPartOf":{"@id":"https:\/\/www.organisator.ch\/en\/general\/2021-04-16\/schweiz-braucht-87-mio-tonnen-material-pro-jahr\/"},"author":{"name":"roger.straessle","@id":"https:\/\/www.organisator.ch\/#\/schema\/person\/a800b8c54e208b160517a7dcc323161d"},"headline":"Schweiz braucht 87 Mio. Tonnen Material pro Jahr","datePublished":"2021-04-16T05:39:21+00:00","mainEntityOfPage":{"@id":"https:\/\/www.organisator.ch\/en\/general\/2021-04-16\/schweiz-braucht-87-mio-tonnen-material-pro-jahr\/"},"wordCount":702,"publisher":{"@id":"https:\/\/www.organisator.ch\/#organization"},"image":{"@id":"https:\/\/www.organisator.ch\/en\/general\/2021-04-16\/schweiz-braucht-87-mio-tonnen-material-pro-jahr\/#primaryimage"},"thumbnailUrl":"https:\/\/www.organisator.ch\/wp-content\/uploads\/2021\/04\/MMgrafik_Materialstrom2018_DE_bearbeitet-1.jpg","keywords":["(\u00abMaterial- and energy resources and associated environmental impacts in Switzerland\u00bb","Empa","MatCH-Projekt","Material- und Energiefl\u00fcsse"],"articleSection":["Allgemein"],"inLanguage":"it-IT"},{"@type":"WebPage","@id":"https:\/\/www.organisator.ch\/en\/general\/2021-04-16\/schweiz-braucht-87-mio-tonnen-material-pro-jahr\/","url":"https:\/\/www.organisator.ch\/en\/general\/2021-04-16\/schweiz-braucht-87-mio-tonnen-material-pro-jahr\/","name":"La Svizzera ha bisogno di 87 milioni di tonnellate di materiale all'anno - Organizzatore","isPartOf":{"@id":"https:\/\/www.organisator.ch\/#website"},"primaryImageOfPage":{"@id":"https:\/\/www.organisator.ch\/en\/general\/2021-04-16\/schweiz-braucht-87-mio-tonnen-material-pro-jahr\/#primaryimage"},"image":{"@id":"https:\/\/www.organisator.ch\/en\/general\/2021-04-16\/schweiz-braucht-87-mio-tonnen-material-pro-jahr\/#primaryimage"},"thumbnailUrl":"https:\/\/www.organisator.ch\/wp-content\/uploads\/2021\/04\/MMgrafik_Materialstrom2018_DE_bearbeitet-1.jpg","datePublished":"2021-04-16T05:39:21+00:00","description":"L'Empa ha registrato l'intero flusso di materiali ed energia dell'economia svizzera. Il rapporto finale fornisce dati e confronti interessanti.","breadcrumb":{"@id":"https:\/\/www.organisator.ch\/en\/general\/2021-04-16\/schweiz-braucht-87-mio-tonnen-material-pro-jahr\/#breadcrumb"},"inLanguage":"it-IT","potentialAction":[{"@type":"ReadAction","target":["https:\/\/www.organisator.ch\/en\/general\/2021-04-16\/schweiz-braucht-87-mio-tonnen-material-pro-jahr\/"]}]},{"@type":"ImageObject","inLanguage":"it-IT","@id":"https:\/\/www.organisator.ch\/en\/general\/2021-04-16\/schweiz-braucht-87-mio-tonnen-material-pro-jahr\/#primaryimage","url":"https:\/\/www.organisator.ch\/wp-content\/uploads\/2021\/04\/MMgrafik_Materialstrom2018_DE_bearbeitet-1.jpg","contentUrl":"https:\/\/www.organisator.ch\/wp-content\/uploads\/2021\/04\/MMgrafik_Materialstrom2018_DE_bearbeitet-1.jpg","width":2406,"height":1549,"caption":"Materialfl\u00fcsse in der Schweiz 2018: Die Massen vom Import \u00fcber Verbrauch und Recycling bis zur Deponie. Illustration: Empa"},{"@type":"BreadcrumbList","@id":"https:\/\/www.organisator.ch\/en\/general\/2021-04-16\/schweiz-braucht-87-mio-tonnen-material-pro-jahr\/#breadcrumb","itemListElement":[{"@type":"ListItem","position":1,"name":"Home","item":"https:\/\/www.organisator.ch\/"},{"@type":"ListItem","position":2,"name":"Schweiz braucht 87 Mio. Tonnen Material pro Jahr"}]},{"@type":"WebSite","@id":"https:\/\/www.organisator.ch\/#website","url":"https:\/\/www.organisator.ch\/","name":"Organizzatore","description":"Competente. Pratico. In 10 numeri all'anno, ORGANISATOR presenta i temi essenziali per i manager delle PMI.","publisher":{"@id":"https:\/\/www.organisator.ch\/#organization"},"potentialAction":[{"@type":"SearchAction","target":{"@type":"EntryPoint","urlTemplate":"https:\/\/www.organisator.ch\/?s={search_term_string}"},"query-input":{"@type":"PropertyValueSpecification","valueRequired":true,"valueName":"search_term_string"}}],"inLanguage":"it-IT"},{"@type":"Organization","@id":"https:\/\/www.organisator.ch\/#organization","name":"Organizzatore","url":"https:\/\/www.organisator.ch\/","logo":{"@type":"ImageObject","inLanguage":"it-IT","@id":"https:\/\/www.organisator.ch\/#\/schema\/logo\/image\/","url":"https:\/\/www.organisator.ch\/wp-content\/uploads\/2022\/01\/Logo_Organisator_Website.png","contentUrl":"https:\/\/www.organisator.ch\/wp-content\/uploads\/2022\/01\/Logo_Organisator_Website.png","width":800,"height":77,"caption":"Organisator"},"image":{"@id":"https:\/\/www.organisator.ch\/#\/schema\/logo\/image\/"},"sameAs":["https:\/\/www.facebook.com\/OrganisatorFachmagazin","https:\/\/www.linkedin.com\/showcase\/organisator-das-magazin-fr-kmu","https:\/\/www.xing.com\/news\/pages\/organisator-ch-695","https:\/\/www.youtube.com\/channel\/UCGP2Sq0iWaZwT3BdIAQFYpw"]},{"@type":"Person","@id":"https:\/\/www.organisator.ch\/#\/schema\/person\/a800b8c54e208b160517a7dcc323161d","name":"roger.straessle","image":{"@type":"ImageObject","inLanguage":"it-IT","@id":"https:\/\/secure.gravatar.com\/avatar\/?s=96&d=mm&r=g","url":"https:\/\/secure.gravatar.com\/avatar\/?s=96&d=mm&r=g","contentUrl":"https:\/\/secure.gravatar.com\/avatar\/?s=96&d=mm&r=g","caption":"roger.straessle"},"url":"https:\/\/www.organisator.ch\/it\/author\/roger-straessle\/"}]}},"_links":{"self":[{"href":"https:\/\/www.organisator.ch\/it\/wp-json\/wp\/v2\/posts\/4107","targetHints":{"allow":["GET"]}}],"collection":[{"href":"https:\/\/www.organisator.ch\/it\/wp-json\/wp\/v2\/posts"}],"about":[{"href":"https:\/\/www.organisator.ch\/it\/wp-json\/wp\/v2\/types\/post"}],"author":[{"embeddable":true,"href":"https:\/\/www.organisator.ch\/it\/wp-json\/wp\/v2\/users\/6"}],"replies":[{"embeddable":true,"href":"https:\/\/www.organisator.ch\/it\/wp-json\/wp\/v2\/comments?post=4107"}],"version-history":[{"count":0,"href":"https:\/\/www.organisator.ch\/it\/wp-json\/wp\/v2\/posts\/4107\/revisions"}],"wp:featuredmedia":[{"embeddable":true,"href":"https:\/\/www.organisator.ch\/it\/wp-json\/wp\/v2\/media\/4109"}],"wp:attachment":[{"href":"https:\/\/www.organisator.ch\/it\/wp-json\/wp\/v2\/media?parent=4107"}],"wp:term":[{"taxonomy":"category","embeddable":true,"href":"https:\/\/www.organisator.ch\/it\/wp-json\/wp\/v2\/categories?post=4107"},{"taxonomy":"post_tag","embeddable":true,"href":"https:\/\/www.organisator.ch\/it\/wp-json\/wp\/v2\/tags?post=4107"}],"curies":[{"name":"wp","href":"https:\/\/api.w.org\/{rel}","templated":true}]}}