{"id":41187,"date":"2025-10-20T22:11:58","date_gmt":"2025-10-20T20:11:58","guid":{"rendered":"https:\/\/www.organisator.ch\/de\/?p=41187"},"modified":"2025-10-20T15:14:45","modified_gmt":"2025-10-20T13:14:45","slug":"wie-man-sich-vor-der-firmenkonkurswelle-schuetzt","status":"publish","type":"post","link":"https:\/\/www.organisator.ch\/it\/operational-excellence\/2025-10-20\/wie-man-sich-vor-der-firmenkonkurswelle-schuetzt\/","title":{"rendered":"Come proteggersi dall'ondata di fallimenti aziendali"},"content":{"rendered":"<div class=\"swpm-post-not-logged-in-msg\">Devi eseguire l&#039;accesso per visualizzare questo contenuto. Avrete bisogno di <a class=\"swpm-login-link\" href=\"https:\/\/www.organisator.ch\/login\/\">Accedi<\/a>. Non sei un membro? <a href=\"https:\/\/www.organisator.ch\/shop\/\">Registrati<\/a><\/div>","protected":false},"excerpt":{"rendered":"<p>Il numero di fallimenti aziendali \u00e8 in aumento da diversi anni. Le ragioni sono molteplici. Le aziende dovrebbero armarsi di una gestione coerente della liquidit\u00e0 per evitare di diventare esse stesse insolventi. Ci\u00f2 include il controllo dei propri debitori. In questo modo si evitano i mancati pagamenti. <\/p>","protected":false},"author":1,"featured_media":41184,"comment_status":"closed","ping_status":"closed","sticky":false,"template":"","format":"standard","meta":{"_acf_changed":false,"_yoast_wpseo_focuskw":"Firmenkonkurswelle","_yoast_wpseo_metadesc":"Unternehmen sollten sich mit einem konsequenten Liquidit\u00e4tsmanagement wappnen, um nicht selbst in die Firmenkonkurswelle zu geraten.","articlekey":"179039","footnotes":""},"categories":[578,582],"tags":[202,5614,327,335],"class_list":["post-41187","post","type-post","status-publish","format-standard","has-post-thumbnail","hentry","category-abo","category-operational-excellence","tag-finanzenrecht","tag-firmenkonkurse","tag-liquiditaetsmanagement","tag-management-und-unternehmensfuehrung"],"acf":[],"yoast_head":"<!-- This site is optimized with the Yoast SEO plugin v27.4 - https:\/\/yoast.com\/product\/yoast-seo-wordpress\/ -->\n<title>Wie man sich vor der Firmenkonkurswelle sch\u00fctzt - Organisator<\/title>\n<meta name=\"description\" content=\"Unternehmen sollten sich mit einem konsequenten Liquidit\u00e4tsmanagement wappnen, um nicht selbst in die Firmenkonkurswelle zu geraten.\" \/>\n<meta name=\"robots\" content=\"index, follow, max-snippet:-1, max-image-preview:large, max-video-preview:-1\" \/>\n<link rel=\"canonical\" href=\"https:\/\/www.organisator.ch\/it\/eccellenza-operativa\/2025-10-20\/wie-man-sich-vor-der-firmenkonkurswelle-schuetzt\/\" \/>\n<meta property=\"og:locale\" content=\"it_IT\" \/>\n<meta property=\"og:type\" content=\"article\" \/>\n<meta property=\"og:title\" content=\"Wie man sich vor der Firmenkonkurswelle sch\u00fctzt - Organisator\" \/>\n<meta property=\"og:description\" content=\"Unternehmen sollten sich mit einem konsequenten Liquidit\u00e4tsmanagement wappnen, um nicht selbst in die Firmenkonkurswelle zu geraten.\" \/>\n<meta property=\"og:url\" content=\"https:\/\/www.organisator.ch\/it\/eccellenza-operativa\/2025-10-20\/wie-man-sich-vor-der-firmenkonkurswelle-schuetzt\/\" \/>\n<meta property=\"og:site_name\" content=\"Organisator\" \/>\n<meta property=\"article:publisher\" content=\"https:\/\/www.facebook.com\/OrganisatorFachmagazin\" \/>\n<meta property=\"article:published_time\" content=\"2025-10-20T20:11:58+00:00\" \/>\n<meta property=\"og:image\" content=\"https:\/\/www.organisator.ch\/wp-content\/uploads\/2025\/10\/OpEx_Egeli_Autorenbild_organisator_179051.jpg\" \/>\n\t<meta property=\"og:image:width\" content=\"235\" \/>\n\t<meta property=\"og:image:height\" content=\"271\" \/>\n\t<meta property=\"og:image:type\" content=\"image\/jpeg\" \/>\n<meta name=\"author\" content=\"admin\" \/>\n<meta name=\"twitter:card\" content=\"summary_large_image\" \/>\n<script type=\"application\/ld+json\" class=\"yoast-schema-graph\">{\"@context\":\"https:\\\/\\\/schema.org\",\"@graph\":[{\"@type\":\"Article\",\"@id\":\"https:\\\/\\\/www.organisator.ch\\\/operational-excellence\\\/2025-10-20\\\/wie-man-sich-vor-der-firmenkonkurswelle-schuetzt\\\/#article\",\"isPartOf\":{\"@id\":\"https:\\\/\\\/www.organisator.ch\\\/operational-excellence\\\/2025-10-20\\\/wie-man-sich-vor-der-firmenkonkurswelle-schuetzt\\\/\"},\"author\":{\"name\":\"admin\",\"@id\":\"https:\\\/\\\/www.organisator.ch\\\/#\\\/schema\\\/person\\\/aa2bace6c5c5aad60102004a50c4eb1c\"},\"headline\":\"Wie man sich vor der Firmenkonkurswelle sch\u00fctzt\",\"datePublished\":\"2025-10-20T20:11:58+00:00\",\"mainEntityOfPage\":{\"@id\":\"https:\\\/\\\/www.organisator.ch\\\/operational-excellence\\\/2025-10-20\\\/wie-man-sich-vor-der-firmenkonkurswelle-schuetzt\\\/\"},\"wordCount\":987,\"publisher\":{\"@id\":\"https:\\\/\\\/www.organisator.ch\\\/#organization\"},\"image\":{\"@id\":\"https:\\\/\\\/www.organisator.ch\\\/operational-excellence\\\/2025-10-20\\\/wie-man-sich-vor-der-firmenkonkurswelle-schuetzt\\\/#primaryimage\"},\"thumbnailUrl\":\"https:\\\/\\\/www.organisator.ch\\\/wp-content\\\/uploads\\\/2025\\\/10\\\/OpEx_Egeli_Autorenbild_organisator_179051.jpg\",\"keywords\":[\"Finanzen\\\/Recht\",\"Firmenkonkurse\",\"Liquidit\u00e4tsmanagement\",\"Management und Unternehmensf\u00fchrung\"],\"articleSection\":[\"ABO+\",\"OPERATIONAL EXCELLENCE\"],\"inLanguage\":\"it-IT\"},{\"@type\":\"WebPage\",\"@id\":\"https:\\\/\\\/www.organisator.ch\\\/operational-excellence\\\/2025-10-20\\\/wie-man-sich-vor-der-firmenkonkurswelle-schuetzt\\\/\",\"url\":\"https:\\\/\\\/www.organisator.ch\\\/operational-excellence\\\/2025-10-20\\\/wie-man-sich-vor-der-firmenkonkurswelle-schuetzt\\\/\",\"name\":\"Wie man sich vor der Firmenkonkurswelle sch\u00fctzt - Organisator\",\"isPartOf\":{\"@id\":\"https:\\\/\\\/www.organisator.ch\\\/#website\"},\"primaryImageOfPage\":{\"@id\":\"https:\\\/\\\/www.organisator.ch\\\/operational-excellence\\\/2025-10-20\\\/wie-man-sich-vor-der-firmenkonkurswelle-schuetzt\\\/#primaryimage\"},\"image\":{\"@id\":\"https:\\\/\\\/www.organisator.ch\\\/operational-excellence\\\/2025-10-20\\\/wie-man-sich-vor-der-firmenkonkurswelle-schuetzt\\\/#primaryimage\"},\"thumbnailUrl\":\"https:\\\/\\\/www.organisator.ch\\\/wp-content\\\/uploads\\\/2025\\\/10\\\/OpEx_Egeli_Autorenbild_organisator_179051.jpg\",\"datePublished\":\"2025-10-20T20:11:58+00:00\",\"description\":\"Unternehmen sollten sich mit einem konsequenten Liquidit\u00e4tsmanagement wappnen, um nicht selbst in die Firmenkonkurswelle zu geraten.\",\"breadcrumb\":{\"@id\":\"https:\\\/\\\/www.organisator.ch\\\/operational-excellence\\\/2025-10-20\\\/wie-man-sich-vor-der-firmenkonkurswelle-schuetzt\\\/#breadcrumb\"},\"inLanguage\":\"it-IT\",\"potentialAction\":[{\"@type\":\"ReadAction\",\"target\":[\"https:\\\/\\\/www.organisator.ch\\\/operational-excellence\\\/2025-10-20\\\/wie-man-sich-vor-der-firmenkonkurswelle-schuetzt\\\/\"]}]},{\"@type\":\"ImageObject\",\"inLanguage\":\"it-IT\",\"@id\":\"https:\\\/\\\/www.organisator.ch\\\/operational-excellence\\\/2025-10-20\\\/wie-man-sich-vor-der-firmenkonkurswelle-schuetzt\\\/#primaryimage\",\"url\":\"https:\\\/\\\/www.organisator.ch\\\/wp-content\\\/uploads\\\/2025\\\/10\\\/OpEx_Egeli_Autorenbild_organisator_179051.jpg\",\"contentUrl\":\"https:\\\/\\\/www.organisator.ch\\\/wp-content\\\/uploads\\\/2025\\\/10\\\/OpEx_Egeli_Autorenbild_organisator_179051.jpg\",\"width\":235,\"height\":271},{\"@type\":\"BreadcrumbList\",\"@id\":\"https:\\\/\\\/www.organisator.ch\\\/operational-excellence\\\/2025-10-20\\\/wie-man-sich-vor-der-firmenkonkurswelle-schuetzt\\\/#breadcrumb\",\"itemListElement\":[{\"@type\":\"ListItem\",\"position\":1,\"name\":\"Home\",\"item\":\"https:\\\/\\\/www.organisator.ch\\\/\"},{\"@type\":\"ListItem\",\"position\":2,\"name\":\"Wie man sich vor der Firmenkonkurswelle sch\u00fctzt\"}]},{\"@type\":\"WebSite\",\"@id\":\"https:\\\/\\\/www.organisator.ch\\\/#website\",\"url\":\"https:\\\/\\\/www.organisator.ch\\\/\",\"name\":\"Organisator\",\"description\":\"Kompetent. Praxisnah. Der ORGANISATOR bereitet in 10 Ausgaben pro Jahr die wesentlichen Themen f\u00fcr F\u00fchrungskr\u00e4fte von KMU auf.\",\"publisher\":{\"@id\":\"https:\\\/\\\/www.organisator.ch\\\/#organization\"},\"potentialAction\":[{\"@type\":\"SearchAction\",\"target\":{\"@type\":\"EntryPoint\",\"urlTemplate\":\"https:\\\/\\\/www.organisator.ch\\\/?s={search_term_string}\"},\"query-input\":{\"@type\":\"PropertyValueSpecification\",\"valueRequired\":true,\"valueName\":\"search_term_string\"}}],\"inLanguage\":\"it-IT\"},{\"@type\":\"Organization\",\"@id\":\"https:\\\/\\\/www.organisator.ch\\\/#organization\",\"name\":\"Organisator\",\"url\":\"https:\\\/\\\/www.organisator.ch\\\/\",\"logo\":{\"@type\":\"ImageObject\",\"inLanguage\":\"it-IT\",\"@id\":\"https:\\\/\\\/www.organisator.ch\\\/#\\\/schema\\\/logo\\\/image\\\/\",\"url\":\"https:\\\/\\\/www.organisator.ch\\\/wp-content\\\/uploads\\\/2022\\\/01\\\/Logo_Organisator_Website.png\",\"contentUrl\":\"https:\\\/\\\/www.organisator.ch\\\/wp-content\\\/uploads\\\/2022\\\/01\\\/Logo_Organisator_Website.png\",\"width\":800,\"height\":77,\"caption\":\"Organisator\"},\"image\":{\"@id\":\"https:\\\/\\\/www.organisator.ch\\\/#\\\/schema\\\/logo\\\/image\\\/\"},\"sameAs\":[\"https:\\\/\\\/www.facebook.com\\\/OrganisatorFachmagazin\",\"https:\\\/\\\/www.linkedin.com\\\/showcase\\\/organisator-das-magazin-fr-kmu\",\"https:\\\/\\\/www.xing.com\\\/news\\\/pages\\\/organisator-ch-695\",\"https:\\\/\\\/www.youtube.com\\\/channel\\\/UCGP2Sq0iWaZwT3BdIAQFYpw\"]},{\"@type\":\"Person\",\"@id\":\"https:\\\/\\\/www.organisator.ch\\\/#\\\/schema\\\/person\\\/aa2bace6c5c5aad60102004a50c4eb1c\",\"name\":\"admin\",\"image\":{\"@type\":\"ImageObject\",\"inLanguage\":\"it-IT\",\"@id\":\"https:\\\/\\\/secure.gravatar.com\\\/avatar\\\/ae2f4d718e6c49043e314ce431e7e645d646302a24a5ef5a8bc8e3f5a032e319?s=96&d=mm&r=g\",\"url\":\"https:\\\/\\\/secure.gravatar.com\\\/avatar\\\/ae2f4d718e6c49043e314ce431e7e645d646302a24a5ef5a8bc8e3f5a032e319?s=96&d=mm&r=g\",\"contentUrl\":\"https:\\\/\\\/secure.gravatar.com\\\/avatar\\\/ae2f4d718e6c49043e314ce431e7e645d646302a24a5ef5a8bc8e3f5a032e319?s=96&d=mm&r=g\",\"caption\":\"admin\"},\"sameAs\":[\"https:\\\/\\\/www.organisator.ch\"],\"url\":\"https:\\\/\\\/www.organisator.ch\\\/it\\\/author\\\/admin\\\/\"}]}<\/script>\n<!-- \/ Yoast SEO plugin. -->","yoast_head_json":{"title":"Come proteggersi dall'ondata di fallimenti aziendali - Organizzatore","description":"Le aziende dovrebbero armarsi di una gestione coerente della liquidit\u00e0 per evitare di essere coinvolte in prima persona nell'ondata di fallimenti aziendali.","robots":{"index":"index","follow":"follow","max-snippet":"max-snippet:-1","max-image-preview":"max-image-preview:large","max-video-preview":"max-video-preview:-1"},"canonical":"https:\/\/www.organisator.ch\/it\/eccellenza-operativa\/2025-10-20\/wie-man-sich-vor-der-firmenkonkurswelle-schuetzt\/","og_locale":"it_IT","og_type":"article","og_title":"Wie man sich vor der Firmenkonkurswelle sch\u00fctzt - Organisator","og_description":"Unternehmen sollten sich mit einem konsequenten Liquidit\u00e4tsmanagement wappnen, um nicht selbst in die Firmenkonkurswelle zu geraten.","og_url":"https:\/\/www.organisator.ch\/it\/eccellenza-operativa\/2025-10-20\/wie-man-sich-vor-der-firmenkonkurswelle-schuetzt\/","og_site_name":"Organisator","article_publisher":"https:\/\/www.facebook.com\/OrganisatorFachmagazin","article_published_time":"2025-10-20T20:11:58+00:00","og_image":[{"width":235,"height":271,"url":"https:\/\/www.organisator.ch\/wp-content\/uploads\/2025\/10\/OpEx_Egeli_Autorenbild_organisator_179051.jpg","type":"image\/jpeg"}],"author":"admin","twitter_card":"summary_large_image","schema":{"@context":"https:\/\/schema.org","@graph":[{"@type":"Article","@id":"https:\/\/www.organisator.ch\/operational-excellence\/2025-10-20\/wie-man-sich-vor-der-firmenkonkurswelle-schuetzt\/#article","isPartOf":{"@id":"https:\/\/www.organisator.ch\/operational-excellence\/2025-10-20\/wie-man-sich-vor-der-firmenkonkurswelle-schuetzt\/"},"author":{"name":"admin","@id":"https:\/\/www.organisator.ch\/#\/schema\/person\/aa2bace6c5c5aad60102004a50c4eb1c"},"headline":"Wie man sich vor der Firmenkonkurswelle sch\u00fctzt","datePublished":"2025-10-20T20:11:58+00:00","mainEntityOfPage":{"@id":"https:\/\/www.organisator.ch\/operational-excellence\/2025-10-20\/wie-man-sich-vor-der-firmenkonkurswelle-schuetzt\/"},"wordCount":987,"publisher":{"@id":"https:\/\/www.organisator.ch\/#organization"},"image":{"@id":"https:\/\/www.organisator.ch\/operational-excellence\/2025-10-20\/wie-man-sich-vor-der-firmenkonkurswelle-schuetzt\/#primaryimage"},"thumbnailUrl":"https:\/\/www.organisator.ch\/wp-content\/uploads\/2025\/10\/OpEx_Egeli_Autorenbild_organisator_179051.jpg","keywords":["Finanzen\/Recht","Firmenkonkurse","Liquidit\u00e4tsmanagement","Management und Unternehmensf\u00fchrung"],"articleSection":["ABO+","OPERATIONAL EXCELLENCE"],"inLanguage":"it-IT"},{"@type":"WebPage","@id":"https:\/\/www.organisator.ch\/operational-excellence\/2025-10-20\/wie-man-sich-vor-der-firmenkonkurswelle-schuetzt\/","url":"https:\/\/www.organisator.ch\/operational-excellence\/2025-10-20\/wie-man-sich-vor-der-firmenkonkurswelle-schuetzt\/","name":"Come proteggersi dall'ondata di fallimenti aziendali - Organizzatore","isPartOf":{"@id":"https:\/\/www.organisator.ch\/#website"},"primaryImageOfPage":{"@id":"https:\/\/www.organisator.ch\/operational-excellence\/2025-10-20\/wie-man-sich-vor-der-firmenkonkurswelle-schuetzt\/#primaryimage"},"image":{"@id":"https:\/\/www.organisator.ch\/operational-excellence\/2025-10-20\/wie-man-sich-vor-der-firmenkonkurswelle-schuetzt\/#primaryimage"},"thumbnailUrl":"https:\/\/www.organisator.ch\/wp-content\/uploads\/2025\/10\/OpEx_Egeli_Autorenbild_organisator_179051.jpg","datePublished":"2025-10-20T20:11:58+00:00","description":"Le aziende dovrebbero armarsi di una gestione coerente della liquidit\u00e0 per evitare di essere coinvolte in prima persona nell'ondata di fallimenti aziendali.","breadcrumb":{"@id":"https:\/\/www.organisator.ch\/operational-excellence\/2025-10-20\/wie-man-sich-vor-der-firmenkonkurswelle-schuetzt\/#breadcrumb"},"inLanguage":"it-IT","potentialAction":[{"@type":"ReadAction","target":["https:\/\/www.organisator.ch\/operational-excellence\/2025-10-20\/wie-man-sich-vor-der-firmenkonkurswelle-schuetzt\/"]}]},{"@type":"ImageObject","inLanguage":"it-IT","@id":"https:\/\/www.organisator.ch\/operational-excellence\/2025-10-20\/wie-man-sich-vor-der-firmenkonkurswelle-schuetzt\/#primaryimage","url":"https:\/\/www.organisator.ch\/wp-content\/uploads\/2025\/10\/OpEx_Egeli_Autorenbild_organisator_179051.jpg","contentUrl":"https:\/\/www.organisator.ch\/wp-content\/uploads\/2025\/10\/OpEx_Egeli_Autorenbild_organisator_179051.jpg","width":235,"height":271},{"@type":"BreadcrumbList","@id":"https:\/\/www.organisator.ch\/operational-excellence\/2025-10-20\/wie-man-sich-vor-der-firmenkonkurswelle-schuetzt\/#breadcrumb","itemListElement":[{"@type":"ListItem","position":1,"name":"Home","item":"https:\/\/www.organisator.ch\/"},{"@type":"ListItem","position":2,"name":"Wie man sich vor der Firmenkonkurswelle sch\u00fctzt"}]},{"@type":"WebSite","@id":"https:\/\/www.organisator.ch\/#website","url":"https:\/\/www.organisator.ch\/","name":"Organizzatore","description":"Competente. Pratico. In 10 numeri all'anno, ORGANISATOR presenta i temi essenziali per i manager delle PMI.","publisher":{"@id":"https:\/\/www.organisator.ch\/#organization"},"potentialAction":[{"@type":"SearchAction","target":{"@type":"EntryPoint","urlTemplate":"https:\/\/www.organisator.ch\/?s={search_term_string}"},"query-input":{"@type":"PropertyValueSpecification","valueRequired":true,"valueName":"search_term_string"}}],"inLanguage":"it-IT"},{"@type":"Organization","@id":"https:\/\/www.organisator.ch\/#organization","name":"Organizzatore","url":"https:\/\/www.organisator.ch\/","logo":{"@type":"ImageObject","inLanguage":"it-IT","@id":"https:\/\/www.organisator.ch\/#\/schema\/logo\/image\/","url":"https:\/\/www.organisator.ch\/wp-content\/uploads\/2022\/01\/Logo_Organisator_Website.png","contentUrl":"https:\/\/www.organisator.ch\/wp-content\/uploads\/2022\/01\/Logo_Organisator_Website.png","width":800,"height":77,"caption":"Organisator"},"image":{"@id":"https:\/\/www.organisator.ch\/#\/schema\/logo\/image\/"},"sameAs":["https:\/\/www.facebook.com\/OrganisatorFachmagazin","https:\/\/www.linkedin.com\/showcase\/organisator-das-magazin-fr-kmu","https:\/\/www.xing.com\/news\/pages\/organisator-ch-695","https:\/\/www.youtube.com\/channel\/UCGP2Sq0iWaZwT3BdIAQFYpw"]},{"@type":"Person","@id":"https:\/\/www.organisator.ch\/#\/schema\/person\/aa2bace6c5c5aad60102004a50c4eb1c","name":"amministratore","image":{"@type":"ImageObject","inLanguage":"it-IT","@id":"https:\/\/secure.gravatar.com\/avatar\/ae2f4d718e6c49043e314ce431e7e645d646302a24a5ef5a8bc8e3f5a032e319?s=96&d=mm&r=g","url":"https:\/\/secure.gravatar.com\/avatar\/ae2f4d718e6c49043e314ce431e7e645d646302a24a5ef5a8bc8e3f5a032e319?s=96&d=mm&r=g","contentUrl":"https:\/\/secure.gravatar.com\/avatar\/ae2f4d718e6c49043e314ce431e7e645d646302a24a5ef5a8bc8e3f5a032e319?s=96&d=mm&r=g","caption":"admin"},"sameAs":["https:\/\/www.organisator.ch"],"url":"https:\/\/www.organisator.ch\/it\/author\/admin\/"}]}},"_links":{"self":[{"href":"https:\/\/www.organisator.ch\/it\/wp-json\/wp\/v2\/posts\/41187","targetHints":{"allow":["GET"]}}],"collection":[{"href":"https:\/\/www.organisator.ch\/it\/wp-json\/wp\/v2\/posts"}],"about":[{"href":"https:\/\/www.organisator.ch\/it\/wp-json\/wp\/v2\/types\/post"}],"author":[{"embeddable":true,"href":"https:\/\/www.organisator.ch\/it\/wp-json\/wp\/v2\/users\/1"}],"replies":[{"embeddable":true,"href":"https:\/\/www.organisator.ch\/it\/wp-json\/wp\/v2\/comments?post=41187"}],"version-history":[{"count":2,"href":"https:\/\/www.organisator.ch\/it\/wp-json\/wp\/v2\/posts\/41187\/revisions"}],"predecessor-version":[{"id":41329,"href":"https:\/\/www.organisator.ch\/it\/wp-json\/wp\/v2\/posts\/41187\/revisions\/41329"}],"wp:featuredmedia":[{"embeddable":true,"href":"https:\/\/www.organisator.ch\/it\/wp-json\/wp\/v2\/media\/41184"}],"wp:attachment":[{"href":"https:\/\/www.organisator.ch\/it\/wp-json\/wp\/v2\/media?parent=41187"}],"wp:term":[{"taxonomy":"category","embeddable":true,"href":"https:\/\/www.organisator.ch\/it\/wp-json\/wp\/v2\/categories?post=41187"},{"taxonomy":"post_tag","embeddable":true,"href":"https:\/\/www.organisator.ch\/it\/wp-json\/wp\/v2\/tags?post=41187"}],"curies":[{"name":"wp","href":"https:\/\/api.w.org\/{rel}","templated":true}]}}