{"id":41193,"date":"2025-10-20T10:04:20","date_gmt":"2025-10-20T08:04:20","guid":{"rendered":"https:\/\/www.m-q.ch\/?p=22050"},"modified":"2025-10-20T10:32:20","modified_gmt":"2025-10-20T08:32:20","slug":"pollutec-2025-innovationstreiber-fuer-oekologische-transformation","status":"publish","type":"post","link":"https:\/\/www.organisator.ch\/it\/sustainability\/2025-10-20\/pollutec-2025-innovationstreiber-fuer-oekologische-transformation\/","title":{"rendered":"Pollutec 2025: motore dell'innovazione per la trasformazione ecologica"},"content":{"rendered":"<figure id=\"attachment_22051\" class=\"wp-caption alignnone\" style=\"width: 680px;\" aria-describedby=\"caption-attachment-22051\"><img class=\"size-full wp-image-22051\" src=\"https:\/\/www.m-q.ch\/wp-content\/uploads\/2025\/10\/Pollutec-2025-Innovationstreiber-fuer-oekologische-Transformation_MQ.jpg\" sizes=\"(max-width: 680px) 100vw, 680px\" srcset=\"https:\/\/www.m-q.ch\/wp-content\/uploads\/2025\/10\/Pollutec-2025-Innovationstreiber-fuer-oekologische-Transformation_MQ.jpg 680w, https:\/\/www.m-q.ch\/wp-content\/uploads\/2025\/10\/Pollutec-2025-Innovationstreiber-fuer-oekologische-Transformation_MQ-18x12.jpg 18w, https:\/\/www.m-q.ch\/wp-content\/uploads\/2025\/10\/Pollutec-2025-Innovationstreiber-fuer-oekologische-Transformation_MQ-375x250.jpg 375w, https:\/\/www.m-q.ch\/wp-content\/uploads\/2025\/10\/Pollutec-2025-Innovationstreiber-fuer-oekologische-Transformation_MQ-525x350.jpg 525w\" alt=\"\" width=\"680\" height=\"453\" \/>\r\n<figcaption id=\"caption-attachment-22051\" class=\"wp-caption-text\">Pollutec 2025 guarda indietro a una realizzazione di successo. (Immagine: Pollutec \/ RX)<\/figcaption>\r\n<\/figure>\r\n<p>Con 51.000 visitatori specializzati e 2.000 espositori - tra cui 500 nuovi espositori e oltre 130 start-up - la fiera ambientale Pollutec 2025 ha confermato il suo ruolo di forum internazionale leader per le soluzioni ambientali, industriali e urbane. Per quattro giorni, dal 7 al 10 ottobre a Lione, tutto ruotava intorno all'innovazione e alla cooperazione per un futuro sostenibile.<\/p>\r\n<h3><strong>Focus su scienza, salute ed economia circolare<\/strong><\/h3>\r\n<p>Il tema era incentrato su scienza, salute, decarbonizzazione e bioeconomia. La direttrice dell'esposizione Anne-Manu\u00e8le H\u00e9bert ha sottolineato: \"L'ecologia \u00e8 una scienza, non un'opinione\". Pollutec si \u00e8 presentato come una piattaforma per soluzioni basate sui fatti di fronte ai crescenti costi dell'inattivit\u00e0, che secondo le stime potrebbero raggiungere 15 % del PIL globale entro il 2050.<\/p>\r\n<h3><strong>Forum industriali su agricoltura, tessile e mobilit\u00e0<\/strong><\/h3>\r\n<p>Una novit\u00e0 \u00e8 stata il Forum di mercato, dedicato specificamente a tre settori chiave. Il settore \"Tessile\" si \u00e8 concentrato sulla produzione sostenibile e sulla riduzione dei rifiuti. Nel settore dell'agricoltura, l'attenzione si \u00e8 concentrata sull'adattamento ai cambiamenti climatici e nel settore della \"mobilit\u00e0\", le strategie per l'aria pulita e la decarbonizzazione sono stati i temi principali.<\/p>\r\n<h3><strong>Innovazioni premiate<\/strong><\/h3>\r\n<p>Quasi nessuna fiera oggi pu\u00f2 fare a meno dei premi, e Pollutec non fa eccezione. Tre soluzioni sono state premiate ai Pollutec Innovation Awards:<\/p>\r\n<ul>\r\n\t<li>Pulse - Entent: conversione del calore di scarto industriale in elettricit\u00e0,<\/li>\r\n\t<li>Vortex 150 - Inddigo\/Plastic Vortex: cattura fino a 80 % di rifiuti plastici nei fiumi,<\/li>\r\n\t<li>Tamic - Tallano Technologies: aspirazione delle polveri sottili in frenata.<br \/>\r\nIl pubblico ha anche votato la BioCapsule di Arkeale - un sistema di micrometanizzazione locale e autosufficiente - come innovazione pi\u00f9 popolare.<\/li>\r\n<\/ul>\r\n<p>Il prossimo evento, STEP - The Ecological Transformation Show by Pollutec, si terr\u00e0 l'1 e il 2 dicembre 2026 a Parigi.<\/p>\r\n<p><a href=\"https:\/\/www.pollutec.com\/en-gb.html\"><em>Fonte e ulteriori informazioni<\/em><\/a><\/p>\n<p class=\"syndicated-attribution\">Questo articolo \u00e8 apparso originariamente su m-q.ch - <a href=\"https:\/\/www.m-q.ch\/de\/pollutec-2025-innovationstreiber-fuer-oekologische-transformation\/\" target=\"_blank\">https:\/\/www.m-q.ch\/de\/pollutec-2025-innovationstreiber-fuer-oekologische-transformation\/<\/a><\/p>","protected":false},"excerpt":{"rendered":"<p>Secondo gli organizzatori, Pollutec 2025 si \u00e8 confermata ancora una volta la piattaforma leader per le soluzioni ambientali. La fiera internazionale dell'ambiente si \u00e8 svolta a Lione dal 7 al 10 ottobre.<\/p>","protected":false},"author":8,"featured_media":0,"comment_status":"closed","ping_status":"closed","sticky":false,"template":"","format":"standard","meta":{"_acf_changed":false,"_yoast_wpseo_focuskw":"Pollutec 2025","_yoast_wpseo_metadesc":"Die Umwelt-Fachmesse Pollutec 2025 hat sich laut den Veranstaltern erneut als f\u00fchrende Plattform f\u00fcr Umweltl\u00f6sungen best\u00e4tigt.","articlekey":"","footnotes":""},"categories":[580],"tags":[103,193,358,5497,488],"class_list":["post-41193","post","type-post","status-publish","format-standard","hentry","category-sustainability","tag-business-excellence","tag-fachkongressfachmesse","tag-nachhaltige-wirtschaft","tag-pollutec","tag-umweltmanagement"],"acf":[],"yoast_head":"<!-- This site is optimized with the Yoast SEO plugin v27.4 - https:\/\/yoast.com\/product\/yoast-seo-wordpress\/ -->\n<title>Pollutec 2025: Innovationstreiber f\u00fcr \u00f6kologische Transformation - Organisator<\/title>\n<meta name=\"description\" content=\"Die Umwelt-Fachmesse Pollutec 2025 hat sich laut den Veranstaltern erneut als f\u00fchrende Plattform f\u00fcr Umweltl\u00f6sungen best\u00e4tigt.\" \/>\n<meta name=\"robots\" content=\"index, follow, max-snippet:-1, max-image-preview:large, max-video-preview:-1\" \/>\n<link rel=\"canonical\" href=\"https:\/\/www.organisator.ch\/it\/sostenibilita\/2025-10-20\/pollutec-2025-innovationstreiber-fuer-oekologische-transformation\/\" \/>\n<meta property=\"og:locale\" content=\"it_IT\" \/>\n<meta property=\"og:type\" content=\"article\" \/>\n<meta property=\"og:title\" content=\"Pollutec 2025: Innovationstreiber f\u00fcr \u00f6kologische Transformation - Organisator\" \/>\n<meta property=\"og:description\" content=\"Die Umwelt-Fachmesse Pollutec 2025 hat sich laut den Veranstaltern erneut als f\u00fchrende Plattform f\u00fcr Umweltl\u00f6sungen best\u00e4tigt.\" \/>\n<meta property=\"og:url\" content=\"https:\/\/www.organisator.ch\/it\/sostenibilita\/2025-10-20\/pollutec-2025-innovationstreiber-fuer-oekologische-transformation\/\" \/>\n<meta property=\"og:site_name\" content=\"Organisator\" \/>\n<meta property=\"article:publisher\" content=\"https:\/\/www.facebook.com\/OrganisatorFachmagazin\" \/>\n<meta property=\"article:published_time\" content=\"2025-10-20T08:04:20+00:00\" \/>\n<meta property=\"article:modified_time\" content=\"2025-10-20T08:32:20+00:00\" \/>\n<meta name=\"author\" content=\"galledia\" \/>\n<meta name=\"twitter:card\" content=\"summary_large_image\" \/>\n<meta name=\"twitter:creator\" content=\"@admin\" \/>\n<script type=\"application\/ld+json\" class=\"yoast-schema-graph\">{\"@context\":\"https:\\\/\\\/schema.org\",\"@graph\":[{\"@type\":\"Article\",\"@id\":\"https:\\\/\\\/www.organisator.ch\\\/sustainability\\\/2025-10-20\\\/pollutec-2025-innovationstreiber-fuer-oekologische-transformation\\\/#article\",\"isPartOf\":{\"@id\":\"https:\\\/\\\/www.organisator.ch\\\/sustainability\\\/2025-10-20\\\/pollutec-2025-innovationstreiber-fuer-oekologische-transformation\\\/\"},\"author\":{\"name\":\"galledia\",\"@id\":\"https:\\\/\\\/www.organisator.ch\\\/#\\\/schema\\\/person\\\/4e51799071cd2dd1232ac003643ef5f0\"},\"headline\":\"Pollutec 2025: Innovationstreiber f\u00fcr \u00f6kologische Transformation\",\"datePublished\":\"2025-10-20T08:04:20+00:00\",\"dateModified\":\"2025-10-20T08:32:20+00:00\",\"mainEntityOfPage\":{\"@id\":\"https:\\\/\\\/www.organisator.ch\\\/sustainability\\\/2025-10-20\\\/pollutec-2025-innovationstreiber-fuer-oekologische-transformation\\\/\"},\"wordCount\":276,\"publisher\":{\"@id\":\"https:\\\/\\\/www.organisator.ch\\\/#organization\"},\"image\":{\"@id\":\"https:\\\/\\\/www.organisator.ch\\\/sustainability\\\/2025-10-20\\\/pollutec-2025-innovationstreiber-fuer-oekologische-transformation\\\/#primaryimage\"},\"thumbnailUrl\":\"https:\\\/\\\/www.m-q.ch\\\/wp-content\\\/uploads\\\/2025\\\/10\\\/Pollutec-2025-Innovationstreiber-fuer-oekologische-Transformation_MQ.jpg\",\"keywords\":[\"Business Excellence\",\"Fachkongress\\\/Fachmesse\",\"Nachhaltige Wirtschaft\",\"Pollutec\",\"Umweltmanagement\"],\"articleSection\":[\"SUSTAINABILITY\"],\"inLanguage\":\"it-IT\"},{\"@type\":\"WebPage\",\"@id\":\"https:\\\/\\\/www.organisator.ch\\\/sustainability\\\/2025-10-20\\\/pollutec-2025-innovationstreiber-fuer-oekologische-transformation\\\/\",\"url\":\"https:\\\/\\\/www.organisator.ch\\\/sustainability\\\/2025-10-20\\\/pollutec-2025-innovationstreiber-fuer-oekologische-transformation\\\/\",\"name\":\"Pollutec 2025: Innovationstreiber f\u00fcr \u00f6kologische Transformation - Organisator\",\"isPartOf\":{\"@id\":\"https:\\\/\\\/www.organisator.ch\\\/#website\"},\"primaryImageOfPage\":{\"@id\":\"https:\\\/\\\/www.organisator.ch\\\/sustainability\\\/2025-10-20\\\/pollutec-2025-innovationstreiber-fuer-oekologische-transformation\\\/#primaryimage\"},\"image\":{\"@id\":\"https:\\\/\\\/www.organisator.ch\\\/sustainability\\\/2025-10-20\\\/pollutec-2025-innovationstreiber-fuer-oekologische-transformation\\\/#primaryimage\"},\"thumbnailUrl\":\"https:\\\/\\\/www.m-q.ch\\\/wp-content\\\/uploads\\\/2025\\\/10\\\/Pollutec-2025-Innovationstreiber-fuer-oekologische-Transformation_MQ.jpg\",\"datePublished\":\"2025-10-20T08:04:20+00:00\",\"dateModified\":\"2025-10-20T08:32:20+00:00\",\"description\":\"Die Umwelt-Fachmesse Pollutec 2025 hat sich laut den Veranstaltern erneut als f\u00fchrende Plattform f\u00fcr Umweltl\u00f6sungen best\u00e4tigt.\",\"breadcrumb\":{\"@id\":\"https:\\\/\\\/www.organisator.ch\\\/sustainability\\\/2025-10-20\\\/pollutec-2025-innovationstreiber-fuer-oekologische-transformation\\\/#breadcrumb\"},\"inLanguage\":\"it-IT\",\"potentialAction\":[{\"@type\":\"ReadAction\",\"target\":[\"https:\\\/\\\/www.organisator.ch\\\/sustainability\\\/2025-10-20\\\/pollutec-2025-innovationstreiber-fuer-oekologische-transformation\\\/\"]}]},{\"@type\":\"ImageObject\",\"inLanguage\":\"it-IT\",\"@id\":\"https:\\\/\\\/www.organisator.ch\\\/sustainability\\\/2025-10-20\\\/pollutec-2025-innovationstreiber-fuer-oekologische-transformation\\\/#primaryimage\",\"url\":\"https:\\\/\\\/www.m-q.ch\\\/wp-content\\\/uploads\\\/2025\\\/10\\\/Pollutec-2025-Innovationstreiber-fuer-oekologische-Transformation_MQ.jpg\",\"contentUrl\":\"https:\\\/\\\/www.m-q.ch\\\/wp-content\\\/uploads\\\/2025\\\/10\\\/Pollutec-2025-Innovationstreiber-fuer-oekologische-Transformation_MQ.jpg\"},{\"@type\":\"BreadcrumbList\",\"@id\":\"https:\\\/\\\/www.organisator.ch\\\/sustainability\\\/2025-10-20\\\/pollutec-2025-innovationstreiber-fuer-oekologische-transformation\\\/#breadcrumb\",\"itemListElement\":[{\"@type\":\"ListItem\",\"position\":1,\"name\":\"Home\",\"item\":\"https:\\\/\\\/www.organisator.ch\\\/\"},{\"@type\":\"ListItem\",\"position\":2,\"name\":\"Pollutec 2025: Innovationstreiber f\u00fcr \u00f6kologische Transformation\"}]},{\"@type\":\"WebSite\",\"@id\":\"https:\\\/\\\/www.organisator.ch\\\/#website\",\"url\":\"https:\\\/\\\/www.organisator.ch\\\/\",\"name\":\"Organisator\",\"description\":\"Kompetent. Praxisnah. Der ORGANISATOR bereitet in 10 Ausgaben pro Jahr die wesentlichen Themen f\u00fcr F\u00fchrungskr\u00e4fte von KMU auf.\",\"publisher\":{\"@id\":\"https:\\\/\\\/www.organisator.ch\\\/#organization\"},\"potentialAction\":[{\"@type\":\"SearchAction\",\"target\":{\"@type\":\"EntryPoint\",\"urlTemplate\":\"https:\\\/\\\/www.organisator.ch\\\/?s={search_term_string}\"},\"query-input\":{\"@type\":\"PropertyValueSpecification\",\"valueRequired\":true,\"valueName\":\"search_term_string\"}}],\"inLanguage\":\"it-IT\"},{\"@type\":\"Organization\",\"@id\":\"https:\\\/\\\/www.organisator.ch\\\/#organization\",\"name\":\"Organisator\",\"url\":\"https:\\\/\\\/www.organisator.ch\\\/\",\"logo\":{\"@type\":\"ImageObject\",\"inLanguage\":\"it-IT\",\"@id\":\"https:\\\/\\\/www.organisator.ch\\\/#\\\/schema\\\/logo\\\/image\\\/\",\"url\":\"https:\\\/\\\/www.organisator.ch\\\/wp-content\\\/uploads\\\/2022\\\/01\\\/Logo_Organisator_Website.png\",\"contentUrl\":\"https:\\\/\\\/www.organisator.ch\\\/wp-content\\\/uploads\\\/2022\\\/01\\\/Logo_Organisator_Website.png\",\"width\":800,\"height\":77,\"caption\":\"Organisator\"},\"image\":{\"@id\":\"https:\\\/\\\/www.organisator.ch\\\/#\\\/schema\\\/logo\\\/image\\\/\"},\"sameAs\":[\"https:\\\/\\\/www.facebook.com\\\/OrganisatorFachmagazin\",\"https:\\\/\\\/www.linkedin.com\\\/showcase\\\/organisator-das-magazin-fr-kmu\",\"https:\\\/\\\/www.xing.com\\\/news\\\/pages\\\/organisator-ch-695\",\"https:\\\/\\\/www.youtube.com\\\/channel\\\/UCGP2Sq0iWaZwT3BdIAQFYpw\"]},{\"@type\":\"Person\",\"@id\":\"https:\\\/\\\/www.organisator.ch\\\/#\\\/schema\\\/person\\\/4e51799071cd2dd1232ac003643ef5f0\",\"name\":\"galledia\",\"image\":{\"@type\":\"ImageObject\",\"inLanguage\":\"it-IT\",\"@id\":\"https:\\\/\\\/secure.gravatar.com\\\/avatar\\\/78a7f90c01fc2bfc875782a0d4922b37cde2cf184ce347b91316d23cd7f69a36?s=96&d=mm&r=g\",\"url\":\"https:\\\/\\\/secure.gravatar.com\\\/avatar\\\/78a7f90c01fc2bfc875782a0d4922b37cde2cf184ce347b91316d23cd7f69a36?s=96&d=mm&r=g\",\"contentUrl\":\"https:\\\/\\\/secure.gravatar.com\\\/avatar\\\/78a7f90c01fc2bfc875782a0d4922b37cde2cf184ce347b91316d23cd7f69a36?s=96&d=mm&r=g\",\"caption\":\"galledia\"},\"sameAs\":[\"https:\\\/\\\/x.com\\\/admin\"],\"url\":\"https:\\\/\\\/www.organisator.ch\\\/it\\\/author\\\/galledia\\\/\"}]}<\/script>\n<!-- \/ Yoast SEO plugin. -->","yoast_head_json":{"title":"Pollutec 2025: Motore dell'innovazione per la trasformazione ecologica - Organizzatore","description":"Secondo gli organizzatori, la fiera ambientale Pollutec 2025 si \u00e8 confermata ancora una volta la piattaforma leader per le soluzioni ambientali.","robots":{"index":"index","follow":"follow","max-snippet":"max-snippet:-1","max-image-preview":"max-image-preview:large","max-video-preview":"max-video-preview:-1"},"canonical":"https:\/\/www.organisator.ch\/it\/sostenibilita\/2025-10-20\/pollutec-2025-innovationstreiber-fuer-oekologische-transformation\/","og_locale":"it_IT","og_type":"article","og_title":"Pollutec 2025: Innovationstreiber f\u00fcr \u00f6kologische Transformation - Organisator","og_description":"Die Umwelt-Fachmesse Pollutec 2025 hat sich laut den Veranstaltern erneut als f\u00fchrende Plattform f\u00fcr Umweltl\u00f6sungen best\u00e4tigt.","og_url":"https:\/\/www.organisator.ch\/it\/sostenibilita\/2025-10-20\/pollutec-2025-innovationstreiber-fuer-oekologische-transformation\/","og_site_name":"Organisator","article_publisher":"https:\/\/www.facebook.com\/OrganisatorFachmagazin","article_published_time":"2025-10-20T08:04:20+00:00","article_modified_time":"2025-10-20T08:32:20+00:00","author":"galledia","twitter_card":"summary_large_image","twitter_creator":"@admin","schema":{"@context":"https:\/\/schema.org","@graph":[{"@type":"Article","@id":"https:\/\/www.organisator.ch\/sustainability\/2025-10-20\/pollutec-2025-innovationstreiber-fuer-oekologische-transformation\/#article","isPartOf":{"@id":"https:\/\/www.organisator.ch\/sustainability\/2025-10-20\/pollutec-2025-innovationstreiber-fuer-oekologische-transformation\/"},"author":{"name":"galledia","@id":"https:\/\/www.organisator.ch\/#\/schema\/person\/4e51799071cd2dd1232ac003643ef5f0"},"headline":"Pollutec 2025: Innovationstreiber f\u00fcr \u00f6kologische Transformation","datePublished":"2025-10-20T08:04:20+00:00","dateModified":"2025-10-20T08:32:20+00:00","mainEntityOfPage":{"@id":"https:\/\/www.organisator.ch\/sustainability\/2025-10-20\/pollutec-2025-innovationstreiber-fuer-oekologische-transformation\/"},"wordCount":276,"publisher":{"@id":"https:\/\/www.organisator.ch\/#organization"},"image":{"@id":"https:\/\/www.organisator.ch\/sustainability\/2025-10-20\/pollutec-2025-innovationstreiber-fuer-oekologische-transformation\/#primaryimage"},"thumbnailUrl":"https:\/\/www.m-q.ch\/wp-content\/uploads\/2025\/10\/Pollutec-2025-Innovationstreiber-fuer-oekologische-Transformation_MQ.jpg","keywords":["Business Excellence","Fachkongress\/Fachmesse","Nachhaltige Wirtschaft","Pollutec","Umweltmanagement"],"articleSection":["SUSTAINABILITY"],"inLanguage":"it-IT"},{"@type":"WebPage","@id":"https:\/\/www.organisator.ch\/sustainability\/2025-10-20\/pollutec-2025-innovationstreiber-fuer-oekologische-transformation\/","url":"https:\/\/www.organisator.ch\/sustainability\/2025-10-20\/pollutec-2025-innovationstreiber-fuer-oekologische-transformation\/","name":"Pollutec 2025: Motore dell'innovazione per la trasformazione ecologica - Organizzatore","isPartOf":{"@id":"https:\/\/www.organisator.ch\/#website"},"primaryImageOfPage":{"@id":"https:\/\/www.organisator.ch\/sustainability\/2025-10-20\/pollutec-2025-innovationstreiber-fuer-oekologische-transformation\/#primaryimage"},"image":{"@id":"https:\/\/www.organisator.ch\/sustainability\/2025-10-20\/pollutec-2025-innovationstreiber-fuer-oekologische-transformation\/#primaryimage"},"thumbnailUrl":"https:\/\/www.m-q.ch\/wp-content\/uploads\/2025\/10\/Pollutec-2025-Innovationstreiber-fuer-oekologische-Transformation_MQ.jpg","datePublished":"2025-10-20T08:04:20+00:00","dateModified":"2025-10-20T08:32:20+00:00","description":"Secondo gli organizzatori, la fiera ambientale Pollutec 2025 si \u00e8 confermata ancora una volta la piattaforma leader per le soluzioni ambientali.","breadcrumb":{"@id":"https:\/\/www.organisator.ch\/sustainability\/2025-10-20\/pollutec-2025-innovationstreiber-fuer-oekologische-transformation\/#breadcrumb"},"inLanguage":"it-IT","potentialAction":[{"@type":"ReadAction","target":["https:\/\/www.organisator.ch\/sustainability\/2025-10-20\/pollutec-2025-innovationstreiber-fuer-oekologische-transformation\/"]}]},{"@type":"ImageObject","inLanguage":"it-IT","@id":"https:\/\/www.organisator.ch\/sustainability\/2025-10-20\/pollutec-2025-innovationstreiber-fuer-oekologische-transformation\/#primaryimage","url":"https:\/\/www.m-q.ch\/wp-content\/uploads\/2025\/10\/Pollutec-2025-Innovationstreiber-fuer-oekologische-Transformation_MQ.jpg","contentUrl":"https:\/\/www.m-q.ch\/wp-content\/uploads\/2025\/10\/Pollutec-2025-Innovationstreiber-fuer-oekologische-Transformation_MQ.jpg"},{"@type":"BreadcrumbList","@id":"https:\/\/www.organisator.ch\/sustainability\/2025-10-20\/pollutec-2025-innovationstreiber-fuer-oekologische-transformation\/#breadcrumb","itemListElement":[{"@type":"ListItem","position":1,"name":"Home","item":"https:\/\/www.organisator.ch\/"},{"@type":"ListItem","position":2,"name":"Pollutec 2025: Innovationstreiber f\u00fcr \u00f6kologische Transformation"}]},{"@type":"WebSite","@id":"https:\/\/www.organisator.ch\/#website","url":"https:\/\/www.organisator.ch\/","name":"Organizzatore","description":"Competente. Pratico. In 10 numeri all'anno, ORGANISATOR presenta i temi essenziali per i manager delle PMI.","publisher":{"@id":"https:\/\/www.organisator.ch\/#organization"},"potentialAction":[{"@type":"SearchAction","target":{"@type":"EntryPoint","urlTemplate":"https:\/\/www.organisator.ch\/?s={search_term_string}"},"query-input":{"@type":"PropertyValueSpecification","valueRequired":true,"valueName":"search_term_string"}}],"inLanguage":"it-IT"},{"@type":"Organization","@id":"https:\/\/www.organisator.ch\/#organization","name":"Organizzatore","url":"https:\/\/www.organisator.ch\/","logo":{"@type":"ImageObject","inLanguage":"it-IT","@id":"https:\/\/www.organisator.ch\/#\/schema\/logo\/image\/","url":"https:\/\/www.organisator.ch\/wp-content\/uploads\/2022\/01\/Logo_Organisator_Website.png","contentUrl":"https:\/\/www.organisator.ch\/wp-content\/uploads\/2022\/01\/Logo_Organisator_Website.png","width":800,"height":77,"caption":"Organisator"},"image":{"@id":"https:\/\/www.organisator.ch\/#\/schema\/logo\/image\/"},"sameAs":["https:\/\/www.facebook.com\/OrganisatorFachmagazin","https:\/\/www.linkedin.com\/showcase\/organisator-das-magazin-fr-kmu","https:\/\/www.xing.com\/news\/pages\/organisator-ch-695","https:\/\/www.youtube.com\/channel\/UCGP2Sq0iWaZwT3BdIAQFYpw"]},{"@type":"Person","@id":"https:\/\/www.organisator.ch\/#\/schema\/person\/4e51799071cd2dd1232ac003643ef5f0","name":"galledia","image":{"@type":"ImageObject","inLanguage":"it-IT","@id":"https:\/\/secure.gravatar.com\/avatar\/78a7f90c01fc2bfc875782a0d4922b37cde2cf184ce347b91316d23cd7f69a36?s=96&d=mm&r=g","url":"https:\/\/secure.gravatar.com\/avatar\/78a7f90c01fc2bfc875782a0d4922b37cde2cf184ce347b91316d23cd7f69a36?s=96&d=mm&r=g","contentUrl":"https:\/\/secure.gravatar.com\/avatar\/78a7f90c01fc2bfc875782a0d4922b37cde2cf184ce347b91316d23cd7f69a36?s=96&d=mm&r=g","caption":"galledia"},"sameAs":["https:\/\/x.com\/admin"],"url":"https:\/\/www.organisator.ch\/it\/author\/galledia\/"}]}},"_links":{"self":[{"href":"https:\/\/www.organisator.ch\/it\/wp-json\/wp\/v2\/posts\/41193","targetHints":{"allow":["GET"]}}],"collection":[{"href":"https:\/\/www.organisator.ch\/it\/wp-json\/wp\/v2\/posts"}],"about":[{"href":"https:\/\/www.organisator.ch\/it\/wp-json\/wp\/v2\/types\/post"}],"author":[{"embeddable":true,"href":"https:\/\/www.organisator.ch\/it\/wp-json\/wp\/v2\/users\/8"}],"replies":[{"embeddable":true,"href":"https:\/\/www.organisator.ch\/it\/wp-json\/wp\/v2\/comments?post=41193"}],"version-history":[{"count":5,"href":"https:\/\/www.organisator.ch\/it\/wp-json\/wp\/v2\/posts\/41193\/revisions"}],"predecessor-version":[{"id":41249,"href":"https:\/\/www.organisator.ch\/it\/wp-json\/wp\/v2\/posts\/41193\/revisions\/41249"}],"wp:attachment":[{"href":"https:\/\/www.organisator.ch\/it\/wp-json\/wp\/v2\/media?parent=41193"}],"wp:term":[{"taxonomy":"category","embeddable":true,"href":"https:\/\/www.organisator.ch\/it\/wp-json\/wp\/v2\/categories?post=41193"},{"taxonomy":"post_tag","embeddable":true,"href":"https:\/\/www.organisator.ch\/it\/wp-json\/wp\/v2\/tags?post=41193"}],"curies":[{"name":"wp","href":"https:\/\/api.w.org\/{rel}","templated":true}]}}