{"id":41202,"date":"2025-10-21T04:40:07","date_gmt":"2025-10-21T02:40:07","guid":{"rendered":"https:\/\/www.organisator.ch\/de\/?p=41202"},"modified":"2025-10-20T14:49:33","modified_gmt":"2025-10-20T12:49:33","slug":"circular-economy-symposium-bei-kyburz","status":"publish","type":"post","link":"https:\/\/www.organisator.ch\/it\/sustainability\/2025-10-21\/circular-economy-symposium-bei-kyburz\/","title":{"rendered":"Simposio sull'economia circolare a Kyburz"},"content":{"rendered":"<figure id=\"attachment_41201\" aria-describedby=\"caption-attachment-41201\" style=\"width: 680px\" class=\"wp-caption alignnone\"><img loading=\"lazy\" decoding=\"async\" class=\"size-medium wp-image-41201\" src=\"https:\/\/www.organisator.ch\/wp-content\/uploads\/2025\/10\/Sustainability_Kyburz_Bild_organisator_180063-680x437.jpg\" alt=\"Louis Palmer durante la sua presentazione al 4\u00b0 Simposio sull&#039;economia circolare. Jeton Shali\" width=\"680\" height=\"437\" srcset=\"https:\/\/www.organisator.ch\/wp-content\/uploads\/2025\/10\/Sustainability_Kyburz_Bild_organisator_180063-680x437.jpg 680w, https:\/\/www.organisator.ch\/wp-content\/uploads\/2025\/10\/Sustainability_Kyburz_Bild_organisator_180063-768x493.jpg 768w, https:\/\/www.organisator.ch\/wp-content\/uploads\/2025\/10\/Sustainability_Kyburz_Bild_organisator_180063-18x12.jpg 18w, https:\/\/www.organisator.ch\/wp-content\/uploads\/2025\/10\/Sustainability_Kyburz_Bild_organisator_180063-375x241.jpg 375w, https:\/\/www.organisator.ch\/wp-content\/uploads\/2025\/10\/Sustainability_Kyburz_Bild_organisator_180063-545x350.jpg 545w, https:\/\/www.organisator.ch\/wp-content\/uploads\/2025\/10\/Sustainability_Kyburz_Bild_organisator_180063-1000x642.jpg 1000w, https:\/\/www.organisator.ch\/wp-content\/uploads\/2025\/10\/Sustainability_Kyburz_Bild_organisator_180063.jpg 1025w\" sizes=\"auto, (max-width: 680px) 100vw, 680px\" \/><figcaption id=\"caption-attachment-41201\" class=\"wp-caption-text\">Louis Palmer durante la sua presentazione al 4\u00b0 Simposio sull'economia circolare. Jeton Shali<\/figcaption><\/figure>\n<p>Una frase ha caratterizzato il 4\u00b0 Simposio sull'Economia Circolare di Kyburz Switzerland AG: \"Il mondo \u00e8 pieno di soluzioni!\" ha detto Louis Palmer nel suo discorso. Questa frase ha caratterizzato l'evento, che \u00e8 stato animato da Martin Kyburz, fondatore e CEO di KYBURZ Switzerland AG. Oltre alla produzione di veicoli elettrici, \u00e8 interessato alla questione di come la scienza, la tecnologia e l'economia possano contribuire a promuovere una felice convivenza in un ambiente sano. Il simposio sull'economia circolare si \u00e8 svolto per la prima volta nella nuova sede di KYBURZ. Sarah Andrina Sch\u00fctz ha moderato l'evento in modo spontaneo e vivace.<\/p>\n<h3>Batterie con maggiore autonomia<\/h3>\n<p>Il primo relatore dell'evento di quest'anno \u00e8 stato il Prof. Dr. Maximilian Fichtner, il principale esperto di batterie in Europa, che ha presentato un confronto generalmente comprensibile e scientificamente valido dei sistemi di trazione dei veicoli. \u00c8 apparso chiaro ai presenti che, dal punto di vista del consumo energetico, solo i veicoli elettrici a batteria hanno un futuro. \"Guidare per 1800 km ogni giorno: presto ci sar\u00e0 una soluzione\", ha detto, riassumendo il rapido sviluppo della tecnologia delle batterie.<\/p>\n<p>Roger Nordmann (Consigliere nazionale 2004 - 2025) ha rappresentato la prospettiva politica. Ha sottolineato i progressi compiuti dall'industria. \"La battaglia non \u00e8 stata vinta, ma i risultati sono visibili\", ha detto, sottolineando che grazie ai miglioramenti dell'efficienza, la domanda di elettricit\u00e0 in Svizzera non \u00e8 aumentata negli ultimi 20 anni. Allo stesso tempo, ha auspicato investimenti come quelli che i nostri antenati hanno osato fare decenni fa, costruendo centrali di accumulo, anche per far fronte alle differenze di consumo tra estate e inverno.<\/p>\n<h3>Il giro del mondo in taxi solare<\/h3>\n<p>A questo ha fatto seguito l'apparizione del gi\u00e0 citato Louis Palmer. \u00c8 stato il primo a guidare il suo taxi solare intorno al mondo a emissioni zero. La sua presentazione ha affascinato il pubblico e lo ha motivato a non lasciarsi scoraggiare dai suoi progetti. Con il suo progetto attuale, il SolarButterfly, visita innumerevoli scuole e parla degli effetti del cambiamento climatico e dei passi che i bambini possono compiere per fermarlo.<\/p>\n<p>Marcel Gauch del Technology &amp; Society Lab dell'Empa \u00e8 un relatore abituale del Simposio sull'economia circolare. Con il suo solito piglio deciso, ha messo in discussione le pratiche, indicato le soluzioni future e chiesto di avvicinare alla societ\u00e0 le tecnologie che gi\u00e0 funzionano oggi. La comunicazione tra scienza, industria e, soprattutto, societ\u00e0 si \u00e8 rivelata un punto centrale della tavola rotonda, perch\u00e9 \"abbiamo la tecnologia!\".<\/p>\n<h3>Ex veicoli per le consegne con un nuovo compito<\/h3>\n<p>Nell'ambito del Circular Economy Symposium si \u00e8 svolta anche la cerimonia di premiazione della Circular Economy Challenge. In questa competizione, quindici squadre hanno accettato la sfida di lanciare un progetto da un veicolo postale in disuso. I risultati sono stati impressionanti in termini di immaginazione, tecnologia e innovazione. La sfida \u00e8 stata vinta dal team \"Kurzschluss Camper\" per la sua trasformazione in un veicolo da campeggio completo. Altri vincitori sono stati un veicolo trasformato in un forno mobile per pizza e un veicolo per attrezzi con officina, comprensivo di allacciamento alla corrente, piano di lavoro, morsa e illuminazione.<\/p>\n<h3>KYBURZ Svizzera<\/h3>\n<p>KYBURZ Switzerland AG di Embrach, vicino a Zurigo, \u00e8 una PMI con oltre 150 dipendenti che sviluppa e produce veicoli elettrici di alta qualit\u00e0 per aziende di consegna e industriali e per privati.\u00a0<a href=\"http:\/\/www.kyburz-switzerland.ch\">www.kyburz-switzerland.ch<\/a><\/p>","protected":false},"excerpt":{"rendered":"<p>Sul tema \"Energia. Clima. Responsabilit\u00e0\", venerd\u00ec 5 settembre presso la sede di Kyburz a Embrach sono intervenuti esperti di scienza, politica, architettura e societ\u00e0. <\/p>","protected":false},"author":1,"featured_media":41201,"comment_status":"closed","ping_status":"closed","sticky":false,"template":"","format":"standard","meta":{"_acf_changed":false,"_yoast_wpseo_focuskw":"Circular Economy Symposium","_yoast_wpseo_metadesc":"Zu Energie, Klima und Verantwortung sprachen am Firmensitz von Kyburz Experten aus Wissenschaft, Politik, Architektur und Gesellschaft.","articlekey":"180008","footnotes":""},"categories":[578,580],"tags":[193,594,358,492],"class_list":["post-41202","post","type-post","status-publish","format-standard","has-post-thumbnail","hentry","category-abo","category-sustainability","tag-fachkongressfachmesse","tag-kreislaufwirtschaft","tag-nachhaltige-wirtschaft","tag-unternehmen"],"acf":[],"yoast_head":"<!-- This site is optimized with the Yoast SEO plugin v27.5 - https:\/\/yoast.com\/product\/yoast-seo-wordpress\/ -->\n<title>Circular Economy Symposium bei Kyburz - Organisator<\/title>\n<meta name=\"description\" content=\"Zu Energie, Klima und Verantwortung sprachen am Firmensitz von Kyburz Experten aus Wissenschaft, Politik, Architektur und Gesellschaft.\" \/>\n<meta name=\"robots\" content=\"index, follow, max-snippet:-1, max-image-preview:large, max-video-preview:-1\" \/>\n<link rel=\"canonical\" href=\"https:\/\/www.organisator.ch\/it\/sostenibilita\/2025-10-21\/circular-economy-symposium-bei-kyburz\/\" \/>\n<meta property=\"og:locale\" content=\"it_IT\" \/>\n<meta property=\"og:type\" content=\"article\" \/>\n<meta property=\"og:title\" content=\"Circular Economy Symposium bei Kyburz - Organisator\" \/>\n<meta property=\"og:description\" content=\"Zu Energie, Klima und Verantwortung sprachen am Firmensitz von Kyburz Experten aus Wissenschaft, Politik, Architektur und Gesellschaft.\" \/>\n<meta property=\"og:url\" content=\"https:\/\/www.organisator.ch\/it\/sostenibilita\/2025-10-21\/circular-economy-symposium-bei-kyburz\/\" \/>\n<meta property=\"og:site_name\" content=\"Organisator\" \/>\n<meta property=\"article:publisher\" content=\"https:\/\/www.facebook.com\/OrganisatorFachmagazin\" \/>\n<meta property=\"article:published_time\" content=\"2025-10-21T02:40:07+00:00\" \/>\n<meta property=\"og:image\" content=\"https:\/\/www.organisator.ch\/wp-content\/uploads\/2025\/10\/Sustainability_Kyburz_Bild_organisator_180063.jpg\" \/>\n\t<meta property=\"og:image:width\" content=\"1025\" \/>\n\t<meta property=\"og:image:height\" content=\"658\" \/>\n\t<meta property=\"og:image:type\" content=\"image\/jpeg\" \/>\n<meta name=\"author\" content=\"admin\" \/>\n<meta name=\"twitter:card\" content=\"summary_large_image\" \/>\n<script type=\"application\/ld+json\" class=\"yoast-schema-graph\">{\"@context\":\"https:\\\/\\\/schema.org\",\"@graph\":[{\"@type\":\"Article\",\"@id\":\"https:\\\/\\\/www.organisator.ch\\\/sustainability\\\/2025-10-21\\\/circular-economy-symposium-bei-kyburz\\\/#article\",\"isPartOf\":{\"@id\":\"https:\\\/\\\/www.organisator.ch\\\/sustainability\\\/2025-10-21\\\/circular-economy-symposium-bei-kyburz\\\/\"},\"author\":{\"name\":\"admin\",\"@id\":\"https:\\\/\\\/www.organisator.ch\\\/#\\\/schema\\\/person\\\/aa2bace6c5c5aad60102004a50c4eb1c\"},\"headline\":\"Circular Economy Symposium bei Kyburz\",\"datePublished\":\"2025-10-21T02:40:07+00:00\",\"mainEntityOfPage\":{\"@id\":\"https:\\\/\\\/www.organisator.ch\\\/sustainability\\\/2025-10-21\\\/circular-economy-symposium-bei-kyburz\\\/\"},\"wordCount\":530,\"publisher\":{\"@id\":\"https:\\\/\\\/www.organisator.ch\\\/#organization\"},\"image\":{\"@id\":\"https:\\\/\\\/www.organisator.ch\\\/sustainability\\\/2025-10-21\\\/circular-economy-symposium-bei-kyburz\\\/#primaryimage\"},\"thumbnailUrl\":\"https:\\\/\\\/www.organisator.ch\\\/wp-content\\\/uploads\\\/2025\\\/10\\\/Sustainability_Kyburz_Bild_organisator_180063.jpg\",\"keywords\":[\"Fachkongress\\\/Fachmesse\",\"Kreislaufwirtschaft\",\"Nachhaltige Wirtschaft\",\"Unternehmen\"],\"articleSection\":[\"ABO+\",\"SUSTAINABILITY\"],\"inLanguage\":\"it-IT\"},{\"@type\":\"WebPage\",\"@id\":\"https:\\\/\\\/www.organisator.ch\\\/sustainability\\\/2025-10-21\\\/circular-economy-symposium-bei-kyburz\\\/\",\"url\":\"https:\\\/\\\/www.organisator.ch\\\/sustainability\\\/2025-10-21\\\/circular-economy-symposium-bei-kyburz\\\/\",\"name\":\"Circular Economy Symposium bei Kyburz - Organisator\",\"isPartOf\":{\"@id\":\"https:\\\/\\\/www.organisator.ch\\\/#website\"},\"primaryImageOfPage\":{\"@id\":\"https:\\\/\\\/www.organisator.ch\\\/sustainability\\\/2025-10-21\\\/circular-economy-symposium-bei-kyburz\\\/#primaryimage\"},\"image\":{\"@id\":\"https:\\\/\\\/www.organisator.ch\\\/sustainability\\\/2025-10-21\\\/circular-economy-symposium-bei-kyburz\\\/#primaryimage\"},\"thumbnailUrl\":\"https:\\\/\\\/www.organisator.ch\\\/wp-content\\\/uploads\\\/2025\\\/10\\\/Sustainability_Kyburz_Bild_organisator_180063.jpg\",\"datePublished\":\"2025-10-21T02:40:07+00:00\",\"description\":\"Zu Energie, Klima und Verantwortung sprachen am Firmensitz von Kyburz Experten aus Wissenschaft, Politik, Architektur und Gesellschaft.\",\"breadcrumb\":{\"@id\":\"https:\\\/\\\/www.organisator.ch\\\/sustainability\\\/2025-10-21\\\/circular-economy-symposium-bei-kyburz\\\/#breadcrumb\"},\"inLanguage\":\"it-IT\",\"potentialAction\":[{\"@type\":\"ReadAction\",\"target\":[\"https:\\\/\\\/www.organisator.ch\\\/sustainability\\\/2025-10-21\\\/circular-economy-symposium-bei-kyburz\\\/\"]}]},{\"@type\":\"ImageObject\",\"inLanguage\":\"it-IT\",\"@id\":\"https:\\\/\\\/www.organisator.ch\\\/sustainability\\\/2025-10-21\\\/circular-economy-symposium-bei-kyburz\\\/#primaryimage\",\"url\":\"https:\\\/\\\/www.organisator.ch\\\/wp-content\\\/uploads\\\/2025\\\/10\\\/Sustainability_Kyburz_Bild_organisator_180063.jpg\",\"contentUrl\":\"https:\\\/\\\/www.organisator.ch\\\/wp-content\\\/uploads\\\/2025\\\/10\\\/Sustainability_Kyburz_Bild_organisator_180063.jpg\",\"width\":1025,\"height\":658,\"caption\":\"Louis Palmer bei seinem Referat am 4. Circular Economy Symposium. \u00a9 Jeton Shali\"},{\"@type\":\"BreadcrumbList\",\"@id\":\"https:\\\/\\\/www.organisator.ch\\\/sustainability\\\/2025-10-21\\\/circular-economy-symposium-bei-kyburz\\\/#breadcrumb\",\"itemListElement\":[{\"@type\":\"ListItem\",\"position\":1,\"name\":\"Home\",\"item\":\"https:\\\/\\\/www.organisator.ch\\\/\"},{\"@type\":\"ListItem\",\"position\":2,\"name\":\"Circular Economy Symposium bei Kyburz\"}]},{\"@type\":\"WebSite\",\"@id\":\"https:\\\/\\\/www.organisator.ch\\\/#website\",\"url\":\"https:\\\/\\\/www.organisator.ch\\\/\",\"name\":\"Organisator\",\"description\":\"Kompetent. Praxisnah. Der ORGANISATOR bereitet in 10 Ausgaben pro Jahr die wesentlichen Themen f\u00fcr F\u00fchrungskr\u00e4fte von KMU auf.\",\"publisher\":{\"@id\":\"https:\\\/\\\/www.organisator.ch\\\/#organization\"},\"potentialAction\":[{\"@type\":\"SearchAction\",\"target\":{\"@type\":\"EntryPoint\",\"urlTemplate\":\"https:\\\/\\\/www.organisator.ch\\\/?s={search_term_string}\"},\"query-input\":{\"@type\":\"PropertyValueSpecification\",\"valueRequired\":true,\"valueName\":\"search_term_string\"}}],\"inLanguage\":\"it-IT\"},{\"@type\":\"Organization\",\"@id\":\"https:\\\/\\\/www.organisator.ch\\\/#organization\",\"name\":\"Organisator\",\"url\":\"https:\\\/\\\/www.organisator.ch\\\/\",\"logo\":{\"@type\":\"ImageObject\",\"inLanguage\":\"it-IT\",\"@id\":\"https:\\\/\\\/www.organisator.ch\\\/#\\\/schema\\\/logo\\\/image\\\/\",\"url\":\"https:\\\/\\\/www.organisator.ch\\\/wp-content\\\/uploads\\\/2022\\\/01\\\/Logo_Organisator_Website.png\",\"contentUrl\":\"https:\\\/\\\/www.organisator.ch\\\/wp-content\\\/uploads\\\/2022\\\/01\\\/Logo_Organisator_Website.png\",\"width\":800,\"height\":77,\"caption\":\"Organisator\"},\"image\":{\"@id\":\"https:\\\/\\\/www.organisator.ch\\\/#\\\/schema\\\/logo\\\/image\\\/\"},\"sameAs\":[\"https:\\\/\\\/www.facebook.com\\\/OrganisatorFachmagazin\",\"https:\\\/\\\/www.linkedin.com\\\/showcase\\\/organisator-das-magazin-fr-kmu\",\"https:\\\/\\\/www.xing.com\\\/news\\\/pages\\\/organisator-ch-695\",\"https:\\\/\\\/www.youtube.com\\\/channel\\\/UCGP2Sq0iWaZwT3BdIAQFYpw\"]},{\"@type\":\"Person\",\"@id\":\"https:\\\/\\\/www.organisator.ch\\\/#\\\/schema\\\/person\\\/aa2bace6c5c5aad60102004a50c4eb1c\",\"name\":\"admin\",\"image\":{\"@type\":\"ImageObject\",\"inLanguage\":\"it-IT\",\"@id\":\"https:\\\/\\\/secure.gravatar.com\\\/avatar\\\/ae2f4d718e6c49043e314ce431e7e645d646302a24a5ef5a8bc8e3f5a032e319?s=96&d=mm&r=g\",\"url\":\"https:\\\/\\\/secure.gravatar.com\\\/avatar\\\/ae2f4d718e6c49043e314ce431e7e645d646302a24a5ef5a8bc8e3f5a032e319?s=96&d=mm&r=g\",\"contentUrl\":\"https:\\\/\\\/secure.gravatar.com\\\/avatar\\\/ae2f4d718e6c49043e314ce431e7e645d646302a24a5ef5a8bc8e3f5a032e319?s=96&d=mm&r=g\",\"caption\":\"admin\"},\"sameAs\":[\"https:\\\/\\\/www.organisator.ch\"],\"url\":\"https:\\\/\\\/www.organisator.ch\\\/it\\\/author\\\/admin\\\/\"}]}<\/script>\n<!-- \/ Yoast SEO plugin. -->","yoast_head_json":{"title":"Simposio sull'economia circolare a Kyburz - Organizzatore","description":"Esperti di scienza, politica, architettura e societ\u00e0 hanno parlato di energia, clima e responsabilit\u00e0 presso la sede di Kyburz.","robots":{"index":"index","follow":"follow","max-snippet":"max-snippet:-1","max-image-preview":"max-image-preview:large","max-video-preview":"max-video-preview:-1"},"canonical":"https:\/\/www.organisator.ch\/it\/sostenibilita\/2025-10-21\/circular-economy-symposium-bei-kyburz\/","og_locale":"it_IT","og_type":"article","og_title":"Circular Economy Symposium bei Kyburz - Organisator","og_description":"Zu Energie, Klima und Verantwortung sprachen am Firmensitz von Kyburz Experten aus Wissenschaft, Politik, Architektur und Gesellschaft.","og_url":"https:\/\/www.organisator.ch\/it\/sostenibilita\/2025-10-21\/circular-economy-symposium-bei-kyburz\/","og_site_name":"Organisator","article_publisher":"https:\/\/www.facebook.com\/OrganisatorFachmagazin","article_published_time":"2025-10-21T02:40:07+00:00","og_image":[{"width":1025,"height":658,"url":"https:\/\/www.organisator.ch\/wp-content\/uploads\/2025\/10\/Sustainability_Kyburz_Bild_organisator_180063.jpg","type":"image\/jpeg"}],"author":"admin","twitter_card":"summary_large_image","schema":{"@context":"https:\/\/schema.org","@graph":[{"@type":"Article","@id":"https:\/\/www.organisator.ch\/sustainability\/2025-10-21\/circular-economy-symposium-bei-kyburz\/#article","isPartOf":{"@id":"https:\/\/www.organisator.ch\/sustainability\/2025-10-21\/circular-economy-symposium-bei-kyburz\/"},"author":{"name":"admin","@id":"https:\/\/www.organisator.ch\/#\/schema\/person\/aa2bace6c5c5aad60102004a50c4eb1c"},"headline":"Circular Economy Symposium bei Kyburz","datePublished":"2025-10-21T02:40:07+00:00","mainEntityOfPage":{"@id":"https:\/\/www.organisator.ch\/sustainability\/2025-10-21\/circular-economy-symposium-bei-kyburz\/"},"wordCount":530,"publisher":{"@id":"https:\/\/www.organisator.ch\/#organization"},"image":{"@id":"https:\/\/www.organisator.ch\/sustainability\/2025-10-21\/circular-economy-symposium-bei-kyburz\/#primaryimage"},"thumbnailUrl":"https:\/\/www.organisator.ch\/wp-content\/uploads\/2025\/10\/Sustainability_Kyburz_Bild_organisator_180063.jpg","keywords":["Fachkongress\/Fachmesse","Kreislaufwirtschaft","Nachhaltige Wirtschaft","Unternehmen"],"articleSection":["ABO+","SUSTAINABILITY"],"inLanguage":"it-IT"},{"@type":"WebPage","@id":"https:\/\/www.organisator.ch\/sustainability\/2025-10-21\/circular-economy-symposium-bei-kyburz\/","url":"https:\/\/www.organisator.ch\/sustainability\/2025-10-21\/circular-economy-symposium-bei-kyburz\/","name":"Simposio sull'economia circolare a Kyburz - Organizzatore","isPartOf":{"@id":"https:\/\/www.organisator.ch\/#website"},"primaryImageOfPage":{"@id":"https:\/\/www.organisator.ch\/sustainability\/2025-10-21\/circular-economy-symposium-bei-kyburz\/#primaryimage"},"image":{"@id":"https:\/\/www.organisator.ch\/sustainability\/2025-10-21\/circular-economy-symposium-bei-kyburz\/#primaryimage"},"thumbnailUrl":"https:\/\/www.organisator.ch\/wp-content\/uploads\/2025\/10\/Sustainability_Kyburz_Bild_organisator_180063.jpg","datePublished":"2025-10-21T02:40:07+00:00","description":"Esperti di scienza, politica, architettura e societ\u00e0 hanno parlato di energia, clima e responsabilit\u00e0 presso la sede di Kyburz.","breadcrumb":{"@id":"https:\/\/www.organisator.ch\/sustainability\/2025-10-21\/circular-economy-symposium-bei-kyburz\/#breadcrumb"},"inLanguage":"it-IT","potentialAction":[{"@type":"ReadAction","target":["https:\/\/www.organisator.ch\/sustainability\/2025-10-21\/circular-economy-symposium-bei-kyburz\/"]}]},{"@type":"ImageObject","inLanguage":"it-IT","@id":"https:\/\/www.organisator.ch\/sustainability\/2025-10-21\/circular-economy-symposium-bei-kyburz\/#primaryimage","url":"https:\/\/www.organisator.ch\/wp-content\/uploads\/2025\/10\/Sustainability_Kyburz_Bild_organisator_180063.jpg","contentUrl":"https:\/\/www.organisator.ch\/wp-content\/uploads\/2025\/10\/Sustainability_Kyburz_Bild_organisator_180063.jpg","width":1025,"height":658,"caption":"Louis Palmer bei seinem Referat am 4. Circular Economy Symposium. \u00a9 Jeton Shali"},{"@type":"BreadcrumbList","@id":"https:\/\/www.organisator.ch\/sustainability\/2025-10-21\/circular-economy-symposium-bei-kyburz\/#breadcrumb","itemListElement":[{"@type":"ListItem","position":1,"name":"Home","item":"https:\/\/www.organisator.ch\/"},{"@type":"ListItem","position":2,"name":"Circular Economy Symposium bei Kyburz"}]},{"@type":"WebSite","@id":"https:\/\/www.organisator.ch\/#website","url":"https:\/\/www.organisator.ch\/","name":"Organizzatore","description":"Competente. Pratico. In 10 numeri all'anno, ORGANISATOR presenta i temi essenziali per i manager delle PMI.","publisher":{"@id":"https:\/\/www.organisator.ch\/#organization"},"potentialAction":[{"@type":"SearchAction","target":{"@type":"EntryPoint","urlTemplate":"https:\/\/www.organisator.ch\/?s={search_term_string}"},"query-input":{"@type":"PropertyValueSpecification","valueRequired":true,"valueName":"search_term_string"}}],"inLanguage":"it-IT"},{"@type":"Organization","@id":"https:\/\/www.organisator.ch\/#organization","name":"Organizzatore","url":"https:\/\/www.organisator.ch\/","logo":{"@type":"ImageObject","inLanguage":"it-IT","@id":"https:\/\/www.organisator.ch\/#\/schema\/logo\/image\/","url":"https:\/\/www.organisator.ch\/wp-content\/uploads\/2022\/01\/Logo_Organisator_Website.png","contentUrl":"https:\/\/www.organisator.ch\/wp-content\/uploads\/2022\/01\/Logo_Organisator_Website.png","width":800,"height":77,"caption":"Organisator"},"image":{"@id":"https:\/\/www.organisator.ch\/#\/schema\/logo\/image\/"},"sameAs":["https:\/\/www.facebook.com\/OrganisatorFachmagazin","https:\/\/www.linkedin.com\/showcase\/organisator-das-magazin-fr-kmu","https:\/\/www.xing.com\/news\/pages\/organisator-ch-695","https:\/\/www.youtube.com\/channel\/UCGP2Sq0iWaZwT3BdIAQFYpw"]},{"@type":"Person","@id":"https:\/\/www.organisator.ch\/#\/schema\/person\/aa2bace6c5c5aad60102004a50c4eb1c","name":"amministratore","image":{"@type":"ImageObject","inLanguage":"it-IT","@id":"https:\/\/secure.gravatar.com\/avatar\/ae2f4d718e6c49043e314ce431e7e645d646302a24a5ef5a8bc8e3f5a032e319?s=96&d=mm&r=g","url":"https:\/\/secure.gravatar.com\/avatar\/ae2f4d718e6c49043e314ce431e7e645d646302a24a5ef5a8bc8e3f5a032e319?s=96&d=mm&r=g","contentUrl":"https:\/\/secure.gravatar.com\/avatar\/ae2f4d718e6c49043e314ce431e7e645d646302a24a5ef5a8bc8e3f5a032e319?s=96&d=mm&r=g","caption":"admin"},"sameAs":["https:\/\/www.organisator.ch"],"url":"https:\/\/www.organisator.ch\/it\/author\/admin\/"}]}},"_links":{"self":[{"href":"https:\/\/www.organisator.ch\/it\/wp-json\/wp\/v2\/posts\/41202","targetHints":{"allow":["GET"]}}],"collection":[{"href":"https:\/\/www.organisator.ch\/it\/wp-json\/wp\/v2\/posts"}],"about":[{"href":"https:\/\/www.organisator.ch\/it\/wp-json\/wp\/v2\/types\/post"}],"author":[{"embeddable":true,"href":"https:\/\/www.organisator.ch\/it\/wp-json\/wp\/v2\/users\/1"}],"replies":[{"embeddable":true,"href":"https:\/\/www.organisator.ch\/it\/wp-json\/wp\/v2\/comments?post=41202"}],"version-history":[{"count":2,"href":"https:\/\/www.organisator.ch\/it\/wp-json\/wp\/v2\/posts\/41202\/revisions"}],"predecessor-version":[{"id":41321,"href":"https:\/\/www.organisator.ch\/it\/wp-json\/wp\/v2\/posts\/41202\/revisions\/41321"}],"wp:featuredmedia":[{"embeddable":true,"href":"https:\/\/www.organisator.ch\/it\/wp-json\/wp\/v2\/media\/41201"}],"wp:attachment":[{"href":"https:\/\/www.organisator.ch\/it\/wp-json\/wp\/v2\/media?parent=41202"}],"wp:term":[{"taxonomy":"category","embeddable":true,"href":"https:\/\/www.organisator.ch\/it\/wp-json\/wp\/v2\/categories?post=41202"},{"taxonomy":"post_tag","embeddable":true,"href":"https:\/\/www.organisator.ch\/it\/wp-json\/wp\/v2\/tags?post=41202"}],"curies":[{"name":"wp","href":"https:\/\/api.w.org\/{rel}","templated":true}]}}