{"id":41236,"date":"2025-10-21T02:49:47","date_gmt":"2025-10-21T00:49:47","guid":{"rendered":"https:\/\/www.organisator.ch\/de\/?p=41236"},"modified":"2025-10-20T11:52:51","modified_gmt":"2025-10-20T09:52:51","slug":"souveraenitaet-als-erfolgsfaktor-in-der-cloud-strategie","status":"publish","type":"post","link":"https:\/\/www.organisator.ch\/it\/operational-excellence\/2025-10-21\/souveraenitaet-als-erfolgsfaktor-in-der-cloud-strategie\/","title":{"rendered":"La sovranit\u00e0 come fattore di successo nella strategia cloud"},"content":{"rendered":"<div class=\"swpm-post-not-logged-in-msg\">Devi eseguire l&#039;accesso per visualizzare questo contenuto. Avrete bisogno di <a class=\"swpm-login-link\" href=\"https:\/\/www.organisator.ch\/login\/\">Accedi<\/a>. Non sei un membro? <a href=\"https:\/\/www.organisator.ch\/shop\/\">Registrati<\/a><\/div>","protected":false},"excerpt":{"rendered":"<p>In tempi di crescente incertezza geopolitica e di normative pi\u00f9 severe in materia di protezione dei dati, la sovranit\u00e0 digitale sta diventando un fattore strategico fondamentale per le PMI svizzere.  La scelta del modello cloud oggi determina il controllo legale, la chiarezza dei costi e la resilienza aziendale. <\/p>","protected":false},"author":1,"featured_media":41234,"comment_status":"closed","ping_status":"closed","sticky":false,"template":"","format":"standard","meta":{"_acf_changed":false,"_yoast_wpseo_focuskw":"Souver\u00e4nit\u00e4t","_yoast_wpseo_metadesc":"In Zeiten zunehmender geopolitischer Unsicherheiten und strengeren Datenschutzregeln wird digitale Souver\u00e4nit\u00e4t f\u00fcr KMU zum Schl\u00fcsselfaktor.","articlekey":"179031","footnotes":""},"categories":[578,582],"tags":[4847,156,286,335],"class_list":["post-41236","post","type-post","status-publish","format-standard","has-post-thumbnail","hentry","category-abo","category-operational-excellence","tag-digitale-souveraenitaet","tag-digitalisierung","tag-it","tag-management-und-unternehmensfuehrung"],"acf":[],"yoast_head":"<!-- This site is optimized with the Yoast SEO plugin v27.5 - https:\/\/yoast.com\/product\/yoast-seo-wordpress\/ -->\n<title>Souver\u00e4nit\u00e4t als Erfolgsfaktor in der Cloud-Strategie - Organisator<\/title>\n<meta name=\"description\" content=\"In Zeiten zunehmender geopolitischer Unsicherheiten und strengeren Datenschutzregeln wird digitale Souver\u00e4nit\u00e4t f\u00fcr KMU zum Schl\u00fcsselfaktor.\" \/>\n<meta name=\"robots\" content=\"index, follow, max-snippet:-1, max-image-preview:large, max-video-preview:-1\" \/>\n<link rel=\"canonical\" href=\"https:\/\/www.organisator.ch\/it\/eccellenza-operativa\/2025-10-21\/souveraenitaet-als-erfolgsfaktor-in-der-cloud-strategie\/\" \/>\n<meta property=\"og:locale\" content=\"it_IT\" \/>\n<meta property=\"og:type\" content=\"article\" \/>\n<meta property=\"og:title\" content=\"Souver\u00e4nit\u00e4t als Erfolgsfaktor in der Cloud-Strategie - Organisator\" \/>\n<meta property=\"og:description\" content=\"In Zeiten zunehmender geopolitischer Unsicherheiten und strengeren Datenschutzregeln wird digitale Souver\u00e4nit\u00e4t f\u00fcr KMU zum Schl\u00fcsselfaktor.\" \/>\n<meta property=\"og:url\" content=\"https:\/\/www.organisator.ch\/it\/eccellenza-operativa\/2025-10-21\/souveraenitaet-als-erfolgsfaktor-in-der-cloud-strategie\/\" \/>\n<meta property=\"og:site_name\" content=\"Organisator\" \/>\n<meta property=\"article:publisher\" content=\"https:\/\/www.facebook.com\/OrganisatorFachmagazin\" \/>\n<meta property=\"article:published_time\" content=\"2025-10-21T00:49:47+00:00\" \/>\n<meta property=\"og:image\" content=\"https:\/\/www.organisator.ch\/wp-content\/uploads\/2025\/10\/OpEx_UMB_Autorenbild_organisator_179035.jpg\" \/>\n\t<meta property=\"og:image:width\" content=\"235\" \/>\n\t<meta property=\"og:image:height\" content=\"271\" \/>\n\t<meta property=\"og:image:type\" content=\"image\/jpeg\" \/>\n<meta name=\"author\" content=\"admin\" \/>\n<meta name=\"twitter:card\" content=\"summary_large_image\" \/>\n<script type=\"application\/ld+json\" class=\"yoast-schema-graph\">{\"@context\":\"https:\\\/\\\/schema.org\",\"@graph\":[{\"@type\":\"Article\",\"@id\":\"https:\\\/\\\/www.organisator.ch\\\/operational-excellence\\\/2025-10-21\\\/souveraenitaet-als-erfolgsfaktor-in-der-cloud-strategie\\\/#article\",\"isPartOf\":{\"@id\":\"https:\\\/\\\/www.organisator.ch\\\/operational-excellence\\\/2025-10-21\\\/souveraenitaet-als-erfolgsfaktor-in-der-cloud-strategie\\\/\"},\"author\":{\"name\":\"admin\",\"@id\":\"https:\\\/\\\/www.organisator.ch\\\/#\\\/schema\\\/person\\\/aa2bace6c5c5aad60102004a50c4eb1c\"},\"headline\":\"Souver\u00e4nit\u00e4t als Erfolgsfaktor in der Cloud-Strategie\",\"datePublished\":\"2025-10-21T00:49:47+00:00\",\"mainEntityOfPage\":{\"@id\":\"https:\\\/\\\/www.organisator.ch\\\/operational-excellence\\\/2025-10-21\\\/souveraenitaet-als-erfolgsfaktor-in-der-cloud-strategie\\\/\"},\"wordCount\":892,\"publisher\":{\"@id\":\"https:\\\/\\\/www.organisator.ch\\\/#organization\"},\"image\":{\"@id\":\"https:\\\/\\\/www.organisator.ch\\\/operational-excellence\\\/2025-10-21\\\/souveraenitaet-als-erfolgsfaktor-in-der-cloud-strategie\\\/#primaryimage\"},\"thumbnailUrl\":\"https:\\\/\\\/www.organisator.ch\\\/wp-content\\\/uploads\\\/2025\\\/10\\\/OpEx_UMB_Autorenbild_organisator_179035.jpg\",\"keywords\":[\"Digitale Souver\u00e4nit\u00e4t\",\"Digitalisierung\",\"IT\",\"Management und Unternehmensf\u00fchrung\"],\"articleSection\":[\"ABO+\",\"OPERATIONAL EXCELLENCE\"],\"inLanguage\":\"it-IT\"},{\"@type\":\"WebPage\",\"@id\":\"https:\\\/\\\/www.organisator.ch\\\/operational-excellence\\\/2025-10-21\\\/souveraenitaet-als-erfolgsfaktor-in-der-cloud-strategie\\\/\",\"url\":\"https:\\\/\\\/www.organisator.ch\\\/operational-excellence\\\/2025-10-21\\\/souveraenitaet-als-erfolgsfaktor-in-der-cloud-strategie\\\/\",\"name\":\"Souver\u00e4nit\u00e4t als Erfolgsfaktor in der Cloud-Strategie - Organisator\",\"isPartOf\":{\"@id\":\"https:\\\/\\\/www.organisator.ch\\\/#website\"},\"primaryImageOfPage\":{\"@id\":\"https:\\\/\\\/www.organisator.ch\\\/operational-excellence\\\/2025-10-21\\\/souveraenitaet-als-erfolgsfaktor-in-der-cloud-strategie\\\/#primaryimage\"},\"image\":{\"@id\":\"https:\\\/\\\/www.organisator.ch\\\/operational-excellence\\\/2025-10-21\\\/souveraenitaet-als-erfolgsfaktor-in-der-cloud-strategie\\\/#primaryimage\"},\"thumbnailUrl\":\"https:\\\/\\\/www.organisator.ch\\\/wp-content\\\/uploads\\\/2025\\\/10\\\/OpEx_UMB_Autorenbild_organisator_179035.jpg\",\"datePublished\":\"2025-10-21T00:49:47+00:00\",\"description\":\"In Zeiten zunehmender geopolitischer Unsicherheiten und strengeren Datenschutzregeln wird digitale Souver\u00e4nit\u00e4t f\u00fcr KMU zum Schl\u00fcsselfaktor.\",\"breadcrumb\":{\"@id\":\"https:\\\/\\\/www.organisator.ch\\\/operational-excellence\\\/2025-10-21\\\/souveraenitaet-als-erfolgsfaktor-in-der-cloud-strategie\\\/#breadcrumb\"},\"inLanguage\":\"it-IT\",\"potentialAction\":[{\"@type\":\"ReadAction\",\"target\":[\"https:\\\/\\\/www.organisator.ch\\\/operational-excellence\\\/2025-10-21\\\/souveraenitaet-als-erfolgsfaktor-in-der-cloud-strategie\\\/\"]}]},{\"@type\":\"ImageObject\",\"inLanguage\":\"it-IT\",\"@id\":\"https:\\\/\\\/www.organisator.ch\\\/operational-excellence\\\/2025-10-21\\\/souveraenitaet-als-erfolgsfaktor-in-der-cloud-strategie\\\/#primaryimage\",\"url\":\"https:\\\/\\\/www.organisator.ch\\\/wp-content\\\/uploads\\\/2025\\\/10\\\/OpEx_UMB_Autorenbild_organisator_179035.jpg\",\"contentUrl\":\"https:\\\/\\\/www.organisator.ch\\\/wp-content\\\/uploads\\\/2025\\\/10\\\/OpEx_UMB_Autorenbild_organisator_179035.jpg\",\"width\":235,\"height\":271},{\"@type\":\"BreadcrumbList\",\"@id\":\"https:\\\/\\\/www.organisator.ch\\\/operational-excellence\\\/2025-10-21\\\/souveraenitaet-als-erfolgsfaktor-in-der-cloud-strategie\\\/#breadcrumb\",\"itemListElement\":[{\"@type\":\"ListItem\",\"position\":1,\"name\":\"Home\",\"item\":\"https:\\\/\\\/www.organisator.ch\\\/\"},{\"@type\":\"ListItem\",\"position\":2,\"name\":\"Souver\u00e4nit\u00e4t als Erfolgsfaktor in der Cloud-Strategie\"}]},{\"@type\":\"WebSite\",\"@id\":\"https:\\\/\\\/www.organisator.ch\\\/#website\",\"url\":\"https:\\\/\\\/www.organisator.ch\\\/\",\"name\":\"Organisator\",\"description\":\"Kompetent. Praxisnah. Der ORGANISATOR bereitet in 10 Ausgaben pro Jahr die wesentlichen Themen f\u00fcr F\u00fchrungskr\u00e4fte von KMU auf.\",\"publisher\":{\"@id\":\"https:\\\/\\\/www.organisator.ch\\\/#organization\"},\"potentialAction\":[{\"@type\":\"SearchAction\",\"target\":{\"@type\":\"EntryPoint\",\"urlTemplate\":\"https:\\\/\\\/www.organisator.ch\\\/?s={search_term_string}\"},\"query-input\":{\"@type\":\"PropertyValueSpecification\",\"valueRequired\":true,\"valueName\":\"search_term_string\"}}],\"inLanguage\":\"it-IT\"},{\"@type\":\"Organization\",\"@id\":\"https:\\\/\\\/www.organisator.ch\\\/#organization\",\"name\":\"Organisator\",\"url\":\"https:\\\/\\\/www.organisator.ch\\\/\",\"logo\":{\"@type\":\"ImageObject\",\"inLanguage\":\"it-IT\",\"@id\":\"https:\\\/\\\/www.organisator.ch\\\/#\\\/schema\\\/logo\\\/image\\\/\",\"url\":\"https:\\\/\\\/www.organisator.ch\\\/wp-content\\\/uploads\\\/2022\\\/01\\\/Logo_Organisator_Website.png\",\"contentUrl\":\"https:\\\/\\\/www.organisator.ch\\\/wp-content\\\/uploads\\\/2022\\\/01\\\/Logo_Organisator_Website.png\",\"width\":800,\"height\":77,\"caption\":\"Organisator\"},\"image\":{\"@id\":\"https:\\\/\\\/www.organisator.ch\\\/#\\\/schema\\\/logo\\\/image\\\/\"},\"sameAs\":[\"https:\\\/\\\/www.facebook.com\\\/OrganisatorFachmagazin\",\"https:\\\/\\\/www.linkedin.com\\\/showcase\\\/organisator-das-magazin-fr-kmu\",\"https:\\\/\\\/www.xing.com\\\/news\\\/pages\\\/organisator-ch-695\",\"https:\\\/\\\/www.youtube.com\\\/channel\\\/UCGP2Sq0iWaZwT3BdIAQFYpw\"]},{\"@type\":\"Person\",\"@id\":\"https:\\\/\\\/www.organisator.ch\\\/#\\\/schema\\\/person\\\/aa2bace6c5c5aad60102004a50c4eb1c\",\"name\":\"admin\",\"image\":{\"@type\":\"ImageObject\",\"inLanguage\":\"it-IT\",\"@id\":\"https:\\\/\\\/secure.gravatar.com\\\/avatar\\\/ae2f4d718e6c49043e314ce431e7e645d646302a24a5ef5a8bc8e3f5a032e319?s=96&d=mm&r=g\",\"url\":\"https:\\\/\\\/secure.gravatar.com\\\/avatar\\\/ae2f4d718e6c49043e314ce431e7e645d646302a24a5ef5a8bc8e3f5a032e319?s=96&d=mm&r=g\",\"contentUrl\":\"https:\\\/\\\/secure.gravatar.com\\\/avatar\\\/ae2f4d718e6c49043e314ce431e7e645d646302a24a5ef5a8bc8e3f5a032e319?s=96&d=mm&r=g\",\"caption\":\"admin\"},\"sameAs\":[\"https:\\\/\\\/www.organisator.ch\"],\"url\":\"https:\\\/\\\/www.organisator.ch\\\/it\\\/author\\\/admin\\\/\"}]}<\/script>\n<!-- \/ Yoast SEO plugin. -->","yoast_head_json":{"title":"La sovranit\u00e0 come fattore di successo nella strategia cloud - Organizzatore","description":"In tempi di crescente incertezza geopolitica e di normative pi\u00f9 severe sulla protezione dei dati, la sovranit\u00e0 digitale sta diventando un fattore chiave per le PMI.","robots":{"index":"index","follow":"follow","max-snippet":"max-snippet:-1","max-image-preview":"max-image-preview:large","max-video-preview":"max-video-preview:-1"},"canonical":"https:\/\/www.organisator.ch\/it\/eccellenza-operativa\/2025-10-21\/souveraenitaet-als-erfolgsfaktor-in-der-cloud-strategie\/","og_locale":"it_IT","og_type":"article","og_title":"Souver\u00e4nit\u00e4t als Erfolgsfaktor in der Cloud-Strategie - Organisator","og_description":"In Zeiten zunehmender geopolitischer Unsicherheiten und strengeren Datenschutzregeln wird digitale Souver\u00e4nit\u00e4t f\u00fcr KMU zum Schl\u00fcsselfaktor.","og_url":"https:\/\/www.organisator.ch\/it\/eccellenza-operativa\/2025-10-21\/souveraenitaet-als-erfolgsfaktor-in-der-cloud-strategie\/","og_site_name":"Organisator","article_publisher":"https:\/\/www.facebook.com\/OrganisatorFachmagazin","article_published_time":"2025-10-21T00:49:47+00:00","og_image":[{"width":235,"height":271,"url":"https:\/\/www.organisator.ch\/wp-content\/uploads\/2025\/10\/OpEx_UMB_Autorenbild_organisator_179035.jpg","type":"image\/jpeg"}],"author":"admin","twitter_card":"summary_large_image","schema":{"@context":"https:\/\/schema.org","@graph":[{"@type":"Article","@id":"https:\/\/www.organisator.ch\/operational-excellence\/2025-10-21\/souveraenitaet-als-erfolgsfaktor-in-der-cloud-strategie\/#article","isPartOf":{"@id":"https:\/\/www.organisator.ch\/operational-excellence\/2025-10-21\/souveraenitaet-als-erfolgsfaktor-in-der-cloud-strategie\/"},"author":{"name":"admin","@id":"https:\/\/www.organisator.ch\/#\/schema\/person\/aa2bace6c5c5aad60102004a50c4eb1c"},"headline":"Souver\u00e4nit\u00e4t als Erfolgsfaktor in der Cloud-Strategie","datePublished":"2025-10-21T00:49:47+00:00","mainEntityOfPage":{"@id":"https:\/\/www.organisator.ch\/operational-excellence\/2025-10-21\/souveraenitaet-als-erfolgsfaktor-in-der-cloud-strategie\/"},"wordCount":892,"publisher":{"@id":"https:\/\/www.organisator.ch\/#organization"},"image":{"@id":"https:\/\/www.organisator.ch\/operational-excellence\/2025-10-21\/souveraenitaet-als-erfolgsfaktor-in-der-cloud-strategie\/#primaryimage"},"thumbnailUrl":"https:\/\/www.organisator.ch\/wp-content\/uploads\/2025\/10\/OpEx_UMB_Autorenbild_organisator_179035.jpg","keywords":["Digitale Souver\u00e4nit\u00e4t","Digitalisierung","IT","Management und Unternehmensf\u00fchrung"],"articleSection":["ABO+","OPERATIONAL EXCELLENCE"],"inLanguage":"it-IT"},{"@type":"WebPage","@id":"https:\/\/www.organisator.ch\/operational-excellence\/2025-10-21\/souveraenitaet-als-erfolgsfaktor-in-der-cloud-strategie\/","url":"https:\/\/www.organisator.ch\/operational-excellence\/2025-10-21\/souveraenitaet-als-erfolgsfaktor-in-der-cloud-strategie\/","name":"La sovranit\u00e0 come fattore di successo nella strategia cloud - Organizzatore","isPartOf":{"@id":"https:\/\/www.organisator.ch\/#website"},"primaryImageOfPage":{"@id":"https:\/\/www.organisator.ch\/operational-excellence\/2025-10-21\/souveraenitaet-als-erfolgsfaktor-in-der-cloud-strategie\/#primaryimage"},"image":{"@id":"https:\/\/www.organisator.ch\/operational-excellence\/2025-10-21\/souveraenitaet-als-erfolgsfaktor-in-der-cloud-strategie\/#primaryimage"},"thumbnailUrl":"https:\/\/www.organisator.ch\/wp-content\/uploads\/2025\/10\/OpEx_UMB_Autorenbild_organisator_179035.jpg","datePublished":"2025-10-21T00:49:47+00:00","description":"In tempi di crescente incertezza geopolitica e di normative pi\u00f9 severe sulla protezione dei dati, la sovranit\u00e0 digitale sta diventando un fattore chiave per le PMI.","breadcrumb":{"@id":"https:\/\/www.organisator.ch\/operational-excellence\/2025-10-21\/souveraenitaet-als-erfolgsfaktor-in-der-cloud-strategie\/#breadcrumb"},"inLanguage":"it-IT","potentialAction":[{"@type":"ReadAction","target":["https:\/\/www.organisator.ch\/operational-excellence\/2025-10-21\/souveraenitaet-als-erfolgsfaktor-in-der-cloud-strategie\/"]}]},{"@type":"ImageObject","inLanguage":"it-IT","@id":"https:\/\/www.organisator.ch\/operational-excellence\/2025-10-21\/souveraenitaet-als-erfolgsfaktor-in-der-cloud-strategie\/#primaryimage","url":"https:\/\/www.organisator.ch\/wp-content\/uploads\/2025\/10\/OpEx_UMB_Autorenbild_organisator_179035.jpg","contentUrl":"https:\/\/www.organisator.ch\/wp-content\/uploads\/2025\/10\/OpEx_UMB_Autorenbild_organisator_179035.jpg","width":235,"height":271},{"@type":"BreadcrumbList","@id":"https:\/\/www.organisator.ch\/operational-excellence\/2025-10-21\/souveraenitaet-als-erfolgsfaktor-in-der-cloud-strategie\/#breadcrumb","itemListElement":[{"@type":"ListItem","position":1,"name":"Home","item":"https:\/\/www.organisator.ch\/"},{"@type":"ListItem","position":2,"name":"Souver\u00e4nit\u00e4t als Erfolgsfaktor in der Cloud-Strategie"}]},{"@type":"WebSite","@id":"https:\/\/www.organisator.ch\/#website","url":"https:\/\/www.organisator.ch\/","name":"Organizzatore","description":"Competente. Pratico. In 10 numeri all'anno, ORGANISATOR presenta i temi essenziali per i manager delle PMI.","publisher":{"@id":"https:\/\/www.organisator.ch\/#organization"},"potentialAction":[{"@type":"SearchAction","target":{"@type":"EntryPoint","urlTemplate":"https:\/\/www.organisator.ch\/?s={search_term_string}"},"query-input":{"@type":"PropertyValueSpecification","valueRequired":true,"valueName":"search_term_string"}}],"inLanguage":"it-IT"},{"@type":"Organization","@id":"https:\/\/www.organisator.ch\/#organization","name":"Organizzatore","url":"https:\/\/www.organisator.ch\/","logo":{"@type":"ImageObject","inLanguage":"it-IT","@id":"https:\/\/www.organisator.ch\/#\/schema\/logo\/image\/","url":"https:\/\/www.organisator.ch\/wp-content\/uploads\/2022\/01\/Logo_Organisator_Website.png","contentUrl":"https:\/\/www.organisator.ch\/wp-content\/uploads\/2022\/01\/Logo_Organisator_Website.png","width":800,"height":77,"caption":"Organisator"},"image":{"@id":"https:\/\/www.organisator.ch\/#\/schema\/logo\/image\/"},"sameAs":["https:\/\/www.facebook.com\/OrganisatorFachmagazin","https:\/\/www.linkedin.com\/showcase\/organisator-das-magazin-fr-kmu","https:\/\/www.xing.com\/news\/pages\/organisator-ch-695","https:\/\/www.youtube.com\/channel\/UCGP2Sq0iWaZwT3BdIAQFYpw"]},{"@type":"Person","@id":"https:\/\/www.organisator.ch\/#\/schema\/person\/aa2bace6c5c5aad60102004a50c4eb1c","name":"amministratore","image":{"@type":"ImageObject","inLanguage":"it-IT","@id":"https:\/\/secure.gravatar.com\/avatar\/ae2f4d718e6c49043e314ce431e7e645d646302a24a5ef5a8bc8e3f5a032e319?s=96&d=mm&r=g","url":"https:\/\/secure.gravatar.com\/avatar\/ae2f4d718e6c49043e314ce431e7e645d646302a24a5ef5a8bc8e3f5a032e319?s=96&d=mm&r=g","contentUrl":"https:\/\/secure.gravatar.com\/avatar\/ae2f4d718e6c49043e314ce431e7e645d646302a24a5ef5a8bc8e3f5a032e319?s=96&d=mm&r=g","caption":"admin"},"sameAs":["https:\/\/www.organisator.ch"],"url":"https:\/\/www.organisator.ch\/it\/author\/admin\/"}]}},"_links":{"self":[{"href":"https:\/\/www.organisator.ch\/it\/wp-json\/wp\/v2\/posts\/41236","targetHints":{"allow":["GET"]}}],"collection":[{"href":"https:\/\/www.organisator.ch\/it\/wp-json\/wp\/v2\/posts"}],"about":[{"href":"https:\/\/www.organisator.ch\/it\/wp-json\/wp\/v2\/types\/post"}],"author":[{"embeddable":true,"href":"https:\/\/www.organisator.ch\/it\/wp-json\/wp\/v2\/users\/1"}],"replies":[{"embeddable":true,"href":"https:\/\/www.organisator.ch\/it\/wp-json\/wp\/v2\/comments?post=41236"}],"version-history":[{"count":2,"href":"https:\/\/www.organisator.ch\/it\/wp-json\/wp\/v2\/posts\/41236\/revisions"}],"predecessor-version":[{"id":41293,"href":"https:\/\/www.organisator.ch\/it\/wp-json\/wp\/v2\/posts\/41236\/revisions\/41293"}],"wp:featuredmedia":[{"embeddable":true,"href":"https:\/\/www.organisator.ch\/it\/wp-json\/wp\/v2\/media\/41234"}],"wp:attachment":[{"href":"https:\/\/www.organisator.ch\/it\/wp-json\/wp\/v2\/media?parent=41236"}],"wp:term":[{"taxonomy":"category","embeddable":true,"href":"https:\/\/www.organisator.ch\/it\/wp-json\/wp\/v2\/categories?post=41236"},{"taxonomy":"post_tag","embeddable":true,"href":"https:\/\/www.organisator.ch\/it\/wp-json\/wp\/v2\/tags?post=41236"}],"curies":[{"name":"wp","href":"https:\/\/api.w.org\/{rel}","templated":true}]}}