{"id":4132,"date":"2018-08-27T09:31:23","date_gmt":"2018-08-27T07:31:23","guid":{"rendered":"https:\/\/www.organisator.ch\/?p=4132"},"modified":"2018-08-27T09:31:23","modified_gmt":"2018-08-27T07:31:23","slug":"das-business-potenzial-der-zukunft-liegt-im-servicegeschaeft","status":"publish","type":"post","link":"https:\/\/www.organisator.ch\/it\/management\/2018-08-27\/das-business-potenzial-der-zukunft-liegt-im-servicegeschaeft\/","title":{"rendered":"Il potenziale commerciale del futuro \u00e8 nel business dei servizi"},"content":{"rendered":"<figure id=\"attachment_4133\" aria-describedby=\"caption-attachment-4133\" style=\"width: 640px\" class=\"wp-caption alignnone\"><img loading=\"lazy\" decoding=\"async\" class=\"size-full wp-image-4133\" src=\"https:\/\/www.organisator.ch\/wp-content\/uploads\/2018\/08\/Das-Business-Potenzial-der-Zukunft-liegt-im-Servicegeschaeft_Organisator.jpg\" alt=\"\" width=\"640\" height=\"390\" srcset=\"https:\/\/www.organisator.ch\/wp-content\/uploads\/2018\/08\/Das-Business-Potenzial-der-Zukunft-liegt-im-Servicegeschaeft_Organisator.jpg 640w, https:\/\/www.organisator.ch\/wp-content\/uploads\/2018\/08\/Das-Business-Potenzial-der-Zukunft-liegt-im-Servicegeschaeft_Organisator-16x10.jpg 16w, https:\/\/www.organisator.ch\/wp-content\/uploads\/2018\/08\/Das-Business-Potenzial-der-Zukunft-liegt-im-Servicegeschaeft_Organisator-287x175.jpg 287w, https:\/\/www.organisator.ch\/wp-content\/uploads\/2018\/08\/Das-Business-Potenzial-der-Zukunft-liegt-im-Servicegeschaeft_Organisator-574x350.jpg 574w, https:\/\/www.organisator.ch\/wp-content\/uploads\/2018\/08\/Das-Business-Potenzial-der-Zukunft-liegt-im-Servicegeschaeft_Organisator-300x183.jpg 300w\" sizes=\"auto, (max-width: 640px) 100vw, 640px\" \/><figcaption id=\"caption-attachment-4133\" class=\"wp-caption-text\">Al Service Management Forum di quest'anno, i vari relatori parleranno del tema del service business. (Immagini: www.forum-dlm.ch)<\/figcaption><\/figure>\n<p>Al Forum Service Management di quest'anno, presentazioni pratiche e tavole rotonde offriranno alle aziende possibili soluzioni e impulsi innovativi per sfruttare il potenziale del business dei servizi. Sandra Lienhart (CEO, Bank Cler), Dr Suzanne Thoma (CEO, BKW), Reinhard Ahlborn (Head of New Services and E-Mobility, BMW), Christoph Lang (Global Product Manager Software Solutions, Hilti) e il professor Manfred Bruhn (Universit\u00e0 di Basilea) forniranno le migliori pratiche e materiale di discussione. \"Nel corso della digitalizzazione, lo sviluppo sistematico del business \u00e8 spesso insufficiente. Il risultato sono processi digitalizzati che non funzionano o servizi digitali che non beneficiano il cliente. \u00c8 qui che lo sviluppo professionale del business dei servizi \u00e8 necessario per controllare i modelli di business esistenti e sviluppare nuove offerte con nuovi modelli di business\", \u00e8 cos\u00ec che l'iniziatore del Forum DLM, il professor Manfred Bruhn, riassume la situazione attuale del business dei servizi.<\/p>\n<p>Sar\u00e0 ancora pi\u00f9 illuminante imparare di pi\u00f9 sui fattori di successo e gli ostacoli dall'esperienza diretta del 7 settembre. \"Sono molto impaziente di ascoltare la presentazione di Sandra Lienhart e le sue esperienze fino ad oggi con la Banca Cler come banca smartphone\", commenta la dottoressa Mareike Ahlers, moderatrice dell'evento e amministratore delegato della Professor Bruhn &amp; Partner AG. Il successo della BKW SA nel giocare in serie A nel settore dei servizi e le altre presentazioni forniranno ai partecipanti molti spunti pratici per il proprio successo aziendale.<\/p>\n<p>Il Forum DLM \u00e8 stato avviato dalla societ\u00e0 di consulenza di marketing e strategia Prof. Bruhn &amp; Partner AG, il MAS Marketing Management dell'Universit\u00e0 di Basilea e i due professori Manfred Bruhn (Universit\u00e0 di Basilea) e Karsten Hadwich (Universit\u00e0 di Hohenheim) per promuovere specificamente lo scambio tra scienza e pratica.<\/p>\n<p><em>Ulteriori informazioni: <a href=\"http:\/\/forum-dlm.ch\/\">forum-dlm.ch<\/a><\/em><\/p>","protected":false},"excerpt":{"rendered":"<p>Praxisvortr\u00e4ge und Podiumsdiskussionen bieten am diesj\u00e4hrigen Forum Dienstleistungsmanagement den Unternehmen m\u00f6gliche L\u00f6sungsans\u00e4tze und innovative Impulse, um die Potenziale des Servicegesch\u00e4fts f\u00fcr sich zu erschliessen. Die Best Practices und den Diskussionsstoff daf\u00fcr liefern Sandra Lienhart (CEO, Bank Cler),\u00a0Dr. Suzanne Thoma (CEO, BKW), Reinhard Ahlborn (Leiter New Services und E-Mobility, BMW), Christoph Lang (Global Product Manager Software [&hellip;]<\/p>\n","protected":false},"author":4,"featured_media":4133,"comment_status":"open","ping_status":"open","sticky":false,"template":"","format":"standard","meta":{"_acf_changed":false,"_yoast_wpseo_focuskw":"Servicegesch\u00e4ft","_yoast_wpseo_metadesc":"Am 7. September 2018 findet das Forum Dienstleistungsmanagement (DLM) an der Universit\u00e4t Basel statt. Thema: Professionelles Service Business Development.","articlekey":"","footnotes":""},"categories":[28],"tags":[318,335,502],"class_list":["post-4132","post","type-post","status-publish","format-standard","has-post-thumbnail","hentry","category-management","tag-kundenservice","tag-management-und-unternehmensfuehrung","tag-veranstaltungen"],"acf":[],"yoast_head":"<!-- This site is optimized with the Yoast SEO plugin v27.5 - https:\/\/yoast.com\/product\/yoast-seo-wordpress\/ -->\n<title>Das Business Potenzial der Zukunft liegt im Servicegesch\u00e4ft - Organisator<\/title>\n<meta name=\"description\" content=\"Am 7. September 2018 findet das Forum Dienstleistungsmanagement (DLM) an der Universit\u00e4t Basel statt. Thema: Professionelles Service Business Development.\" \/>\n<meta name=\"robots\" content=\"index, follow, max-snippet:-1, max-image-preview:large, max-video-preview:-1\" \/>\n<link rel=\"canonical\" href=\"https:\/\/www.organisator.ch\/it\/gestione-2\/2018-08-27\/das-business-potenzial-der-zukunft-liegt-im-servicegeschaeft\/\" \/>\n<meta property=\"og:locale\" content=\"it_IT\" \/>\n<meta property=\"og:type\" content=\"article\" \/>\n<meta property=\"og:title\" content=\"Das Business Potenzial der Zukunft liegt im Servicegesch\u00e4ft\" \/>\n<meta property=\"og:description\" content=\"Am 7. September 2018 findet das Forum Dienstleistungsmanagement (DLM) an der Universit\u00e4t Basel statt. Thema: Professionelles Service Business Development.\" \/>\n<meta property=\"og:url\" content=\"https:\/\/www.organisator.ch\/it\/gestione-2\/2018-08-27\/das-business-potenzial-der-zukunft-liegt-im-servicegeschaeft\/\" \/>\n<meta property=\"og:site_name\" content=\"Organisator\" \/>\n<meta property=\"article:publisher\" content=\"https:\/\/www.facebook.com\/OrganisatorFachmagazin\" \/>\n<meta property=\"article:published_time\" content=\"2018-08-27T07:31:23+00:00\" \/>\n<meta property=\"og:image\" content=\"https:\/\/www.organisator.ch\/wp-content\/uploads\/2018\/08\/Das-Business-Potenzial-der-Zukunft-liegt-im-Servicegeschaeft_Organisator.jpg\" \/>\n\t<meta property=\"og:image:width\" content=\"640\" \/>\n\t<meta property=\"og:image:height\" content=\"390\" \/>\n\t<meta property=\"og:image:type\" content=\"image\/jpeg\" \/>\n<meta name=\"author\" content=\"thomas.berner\" \/>\n<meta name=\"twitter:card\" content=\"summary_large_image\" \/>\n<meta name=\"twitter:title\" content=\"Das Business Potenzial der Zukunft liegt im #Servicegesch\u00e4ft\" \/>\n<meta name=\"twitter:description\" content=\"Am 7. September 2018 findet das Forum #Dienstleistungsmanagement (#DLM) an der Universit\u00e4t Basel statt. Thema: Professionelles Service Business Development.\" \/>\n<meta name=\"twitter:image\" content=\"https:\/\/www.organisator.ch\/wp-content\/uploads\/2018\/08\/Das-Business-Potenzial-der-Zukunft-liegt-im-Servicegesch\u00e4ft_Organisator.jpg\" \/>\n<script type=\"application\/ld+json\" class=\"yoast-schema-graph\">{\"@context\":\"https:\\\/\\\/schema.org\",\"@graph\":[{\"@type\":\"Article\",\"@id\":\"https:\\\/\\\/www.organisator.ch\\\/management\\\/2018-08-27\\\/das-business-potenzial-der-zukunft-liegt-im-servicegeschaeft\\\/#article\",\"isPartOf\":{\"@id\":\"https:\\\/\\\/www.organisator.ch\\\/management\\\/2018-08-27\\\/das-business-potenzial-der-zukunft-liegt-im-servicegeschaeft\\\/\"},\"author\":{\"name\":\"thomas.berner\",\"@id\":\"https:\\\/\\\/www.organisator.ch\\\/#\\\/schema\\\/person\\\/6f650f90b2842cd4c0cc334b4e36f67e\"},\"headline\":\"Das Business Potenzial der Zukunft liegt im Servicegesch\u00e4ft\",\"datePublished\":\"2018-08-27T07:31:23+00:00\",\"mainEntityOfPage\":{\"@id\":\"https:\\\/\\\/www.organisator.ch\\\/management\\\/2018-08-27\\\/das-business-potenzial-der-zukunft-liegt-im-servicegeschaeft\\\/\"},\"wordCount\":320,\"commentCount\":0,\"publisher\":{\"@id\":\"https:\\\/\\\/www.organisator.ch\\\/#organization\"},\"image\":{\"@id\":\"https:\\\/\\\/www.organisator.ch\\\/management\\\/2018-08-27\\\/das-business-potenzial-der-zukunft-liegt-im-servicegeschaeft\\\/#primaryimage\"},\"thumbnailUrl\":\"https:\\\/\\\/www.organisator.ch\\\/wp-content\\\/uploads\\\/2018\\\/08\\\/Das-Business-Potenzial-der-Zukunft-liegt-im-Servicegeschaeft_Organisator.jpg\",\"keywords\":[\"Kundenservice\",\"Management und Unternehmensf\u00fchrung\",\"Veranstaltungen\"],\"articleSection\":[\"MANAGEMENT\"],\"inLanguage\":\"it-IT\"},{\"@type\":\"WebPage\",\"@id\":\"https:\\\/\\\/www.organisator.ch\\\/management\\\/2018-08-27\\\/das-business-potenzial-der-zukunft-liegt-im-servicegeschaeft\\\/\",\"url\":\"https:\\\/\\\/www.organisator.ch\\\/management\\\/2018-08-27\\\/das-business-potenzial-der-zukunft-liegt-im-servicegeschaeft\\\/\",\"name\":\"Das Business Potenzial der Zukunft liegt im Servicegesch\u00e4ft - Organisator\",\"isPartOf\":{\"@id\":\"https:\\\/\\\/www.organisator.ch\\\/#website\"},\"primaryImageOfPage\":{\"@id\":\"https:\\\/\\\/www.organisator.ch\\\/management\\\/2018-08-27\\\/das-business-potenzial-der-zukunft-liegt-im-servicegeschaeft\\\/#primaryimage\"},\"image\":{\"@id\":\"https:\\\/\\\/www.organisator.ch\\\/management\\\/2018-08-27\\\/das-business-potenzial-der-zukunft-liegt-im-servicegeschaeft\\\/#primaryimage\"},\"thumbnailUrl\":\"https:\\\/\\\/www.organisator.ch\\\/wp-content\\\/uploads\\\/2018\\\/08\\\/Das-Business-Potenzial-der-Zukunft-liegt-im-Servicegeschaeft_Organisator.jpg\",\"datePublished\":\"2018-08-27T07:31:23+00:00\",\"description\":\"Am 7. September 2018 findet das Forum Dienstleistungsmanagement (DLM) an der Universit\u00e4t Basel statt. Thema: Professionelles Service Business Development.\",\"breadcrumb\":{\"@id\":\"https:\\\/\\\/www.organisator.ch\\\/management\\\/2018-08-27\\\/das-business-potenzial-der-zukunft-liegt-im-servicegeschaeft\\\/#breadcrumb\"},\"inLanguage\":\"it-IT\",\"potentialAction\":[{\"@type\":\"ReadAction\",\"target\":[\"https:\\\/\\\/www.organisator.ch\\\/management\\\/2018-08-27\\\/das-business-potenzial-der-zukunft-liegt-im-servicegeschaeft\\\/\"]}]},{\"@type\":\"ImageObject\",\"inLanguage\":\"it-IT\",\"@id\":\"https:\\\/\\\/www.organisator.ch\\\/management\\\/2018-08-27\\\/das-business-potenzial-der-zukunft-liegt-im-servicegeschaeft\\\/#primaryimage\",\"url\":\"https:\\\/\\\/www.organisator.ch\\\/wp-content\\\/uploads\\\/2018\\\/08\\\/Das-Business-Potenzial-der-Zukunft-liegt-im-Servicegeschaeft_Organisator.jpg\",\"contentUrl\":\"https:\\\/\\\/www.organisator.ch\\\/wp-content\\\/uploads\\\/2018\\\/08\\\/Das-Business-Potenzial-der-Zukunft-liegt-im-Servicegeschaeft_Organisator.jpg\",\"width\":640,\"height\":390,\"caption\":\"Am diesj\u00e4hrigen Forum Dienstleistungsmanagement sprechen diverse Referenten zum Thema Servicegesch\u00e4ft. (Bilder: www.forum-dlm.ch)\"},{\"@type\":\"BreadcrumbList\",\"@id\":\"https:\\\/\\\/www.organisator.ch\\\/management\\\/2018-08-27\\\/das-business-potenzial-der-zukunft-liegt-im-servicegeschaeft\\\/#breadcrumb\",\"itemListElement\":[{\"@type\":\"ListItem\",\"position\":1,\"name\":\"Home\",\"item\":\"https:\\\/\\\/www.organisator.ch\\\/\"},{\"@type\":\"ListItem\",\"position\":2,\"name\":\"Das Business Potenzial der Zukunft liegt im Servicegesch\u00e4ft\"}]},{\"@type\":\"WebSite\",\"@id\":\"https:\\\/\\\/www.organisator.ch\\\/#website\",\"url\":\"https:\\\/\\\/www.organisator.ch\\\/\",\"name\":\"Organisator\",\"description\":\"Kompetent. Praxisnah. Der ORGANISATOR bereitet in 10 Ausgaben pro Jahr die wesentlichen Themen f\u00fcr F\u00fchrungskr\u00e4fte von KMU auf.\",\"publisher\":{\"@id\":\"https:\\\/\\\/www.organisator.ch\\\/#organization\"},\"potentialAction\":[{\"@type\":\"SearchAction\",\"target\":{\"@type\":\"EntryPoint\",\"urlTemplate\":\"https:\\\/\\\/www.organisator.ch\\\/?s={search_term_string}\"},\"query-input\":{\"@type\":\"PropertyValueSpecification\",\"valueRequired\":true,\"valueName\":\"search_term_string\"}}],\"inLanguage\":\"it-IT\"},{\"@type\":\"Organization\",\"@id\":\"https:\\\/\\\/www.organisator.ch\\\/#organization\",\"name\":\"Organisator\",\"url\":\"https:\\\/\\\/www.organisator.ch\\\/\",\"logo\":{\"@type\":\"ImageObject\",\"inLanguage\":\"it-IT\",\"@id\":\"https:\\\/\\\/www.organisator.ch\\\/#\\\/schema\\\/logo\\\/image\\\/\",\"url\":\"https:\\\/\\\/www.organisator.ch\\\/wp-content\\\/uploads\\\/2022\\\/01\\\/Logo_Organisator_Website.png\",\"contentUrl\":\"https:\\\/\\\/www.organisator.ch\\\/wp-content\\\/uploads\\\/2022\\\/01\\\/Logo_Organisator_Website.png\",\"width\":800,\"height\":77,\"caption\":\"Organisator\"},\"image\":{\"@id\":\"https:\\\/\\\/www.organisator.ch\\\/#\\\/schema\\\/logo\\\/image\\\/\"},\"sameAs\":[\"https:\\\/\\\/www.facebook.com\\\/OrganisatorFachmagazin\",\"https:\\\/\\\/www.linkedin.com\\\/showcase\\\/organisator-das-magazin-fr-kmu\",\"https:\\\/\\\/www.xing.com\\\/news\\\/pages\\\/organisator-ch-695\",\"https:\\\/\\\/www.youtube.com\\\/channel\\\/UCGP2Sq0iWaZwT3BdIAQFYpw\"]},{\"@type\":\"Person\",\"@id\":\"https:\\\/\\\/www.organisator.ch\\\/#\\\/schema\\\/person\\\/6f650f90b2842cd4c0cc334b4e36f67e\",\"name\":\"thomas.berner\",\"image\":{\"@type\":\"ImageObject\",\"inLanguage\":\"it-IT\",\"@id\":\"https:\\\/\\\/secure.gravatar.com\\\/avatar\\\/ac5001d2a36cb6c6cd3e50789007ffca834b477b74a2144564522e944eabff61?s=96&d=mm&r=g\",\"url\":\"https:\\\/\\\/secure.gravatar.com\\\/avatar\\\/ac5001d2a36cb6c6cd3e50789007ffca834b477b74a2144564522e944eabff61?s=96&d=mm&r=g\",\"contentUrl\":\"https:\\\/\\\/secure.gravatar.com\\\/avatar\\\/ac5001d2a36cb6c6cd3e50789007ffca834b477b74a2144564522e944eabff61?s=96&d=mm&r=g\",\"caption\":\"thomas.berner\"},\"url\":\"https:\\\/\\\/www.organisator.ch\\\/it\\\/author\\\/thomas-berner\\\/\"}]}<\/script>\n<!-- \/ Yoast SEO plugin. -->","yoast_head_json":{"title":"Il potenziale commerciale del futuro risiede nel settore dei servizi - Organizzatore","description":"Il 7 settembre 2018 si terr\u00e0 il Forum Service Management (DLM) presso l'Universit\u00e0 di Basilea. Argomento: Sviluppo commerciale dei servizi professionali.","robots":{"index":"index","follow":"follow","max-snippet":"max-snippet:-1","max-image-preview":"max-image-preview:large","max-video-preview":"max-video-preview:-1"},"canonical":"https:\/\/www.organisator.ch\/it\/gestione-2\/2018-08-27\/das-business-potenzial-der-zukunft-liegt-im-servicegeschaeft\/","og_locale":"it_IT","og_type":"article","og_title":"Das Business Potenzial der Zukunft liegt im Servicegesch\u00e4ft","og_description":"Am 7. September 2018 findet das Forum Dienstleistungsmanagement (DLM) an der Universit\u00e4t Basel statt. Thema: Professionelles Service Business Development.","og_url":"https:\/\/www.organisator.ch\/it\/gestione-2\/2018-08-27\/das-business-potenzial-der-zukunft-liegt-im-servicegeschaeft\/","og_site_name":"Organisator","article_publisher":"https:\/\/www.facebook.com\/OrganisatorFachmagazin","article_published_time":"2018-08-27T07:31:23+00:00","og_image":[{"width":640,"height":390,"url":"https:\/\/www.organisator.ch\/wp-content\/uploads\/2018\/08\/Das-Business-Potenzial-der-Zukunft-liegt-im-Servicegeschaeft_Organisator.jpg","type":"image\/jpeg"}],"author":"thomas.berner","twitter_card":"summary_large_image","twitter_title":"Das Business Potenzial der Zukunft liegt im #Servicegesch\u00e4ft","twitter_description":"Am 7. September 2018 findet das Forum #Dienstleistungsmanagement (#DLM) an der Universit\u00e4t Basel statt. Thema: Professionelles Service Business Development.","twitter_image":"https:\/\/www.organisator.ch\/wp-content\/uploads\/2018\/08\/Das-Business-Potenzial-der-Zukunft-liegt-im-Servicegesch\u00e4ft_Organisator.jpg","schema":{"@context":"https:\/\/schema.org","@graph":[{"@type":"Article","@id":"https:\/\/www.organisator.ch\/management\/2018-08-27\/das-business-potenzial-der-zukunft-liegt-im-servicegeschaeft\/#article","isPartOf":{"@id":"https:\/\/www.organisator.ch\/management\/2018-08-27\/das-business-potenzial-der-zukunft-liegt-im-servicegeschaeft\/"},"author":{"name":"thomas.berner","@id":"https:\/\/www.organisator.ch\/#\/schema\/person\/6f650f90b2842cd4c0cc334b4e36f67e"},"headline":"Das Business Potenzial der Zukunft liegt im Servicegesch\u00e4ft","datePublished":"2018-08-27T07:31:23+00:00","mainEntityOfPage":{"@id":"https:\/\/www.organisator.ch\/management\/2018-08-27\/das-business-potenzial-der-zukunft-liegt-im-servicegeschaeft\/"},"wordCount":320,"commentCount":0,"publisher":{"@id":"https:\/\/www.organisator.ch\/#organization"},"image":{"@id":"https:\/\/www.organisator.ch\/management\/2018-08-27\/das-business-potenzial-der-zukunft-liegt-im-servicegeschaeft\/#primaryimage"},"thumbnailUrl":"https:\/\/www.organisator.ch\/wp-content\/uploads\/2018\/08\/Das-Business-Potenzial-der-Zukunft-liegt-im-Servicegeschaeft_Organisator.jpg","keywords":["Kundenservice","Management und Unternehmensf\u00fchrung","Veranstaltungen"],"articleSection":["MANAGEMENT"],"inLanguage":"it-IT"},{"@type":"WebPage","@id":"https:\/\/www.organisator.ch\/management\/2018-08-27\/das-business-potenzial-der-zukunft-liegt-im-servicegeschaeft\/","url":"https:\/\/www.organisator.ch\/management\/2018-08-27\/das-business-potenzial-der-zukunft-liegt-im-servicegeschaeft\/","name":"Il potenziale commerciale del futuro risiede nel settore dei servizi - Organizzatore","isPartOf":{"@id":"https:\/\/www.organisator.ch\/#website"},"primaryImageOfPage":{"@id":"https:\/\/www.organisator.ch\/management\/2018-08-27\/das-business-potenzial-der-zukunft-liegt-im-servicegeschaeft\/#primaryimage"},"image":{"@id":"https:\/\/www.organisator.ch\/management\/2018-08-27\/das-business-potenzial-der-zukunft-liegt-im-servicegeschaeft\/#primaryimage"},"thumbnailUrl":"https:\/\/www.organisator.ch\/wp-content\/uploads\/2018\/08\/Das-Business-Potenzial-der-Zukunft-liegt-im-Servicegeschaeft_Organisator.jpg","datePublished":"2018-08-27T07:31:23+00:00","description":"Il 7 settembre 2018 si terr\u00e0 il Forum Service Management (DLM) presso l'Universit\u00e0 di Basilea. Argomento: Sviluppo commerciale dei servizi professionali.","breadcrumb":{"@id":"https:\/\/www.organisator.ch\/management\/2018-08-27\/das-business-potenzial-der-zukunft-liegt-im-servicegeschaeft\/#breadcrumb"},"inLanguage":"it-IT","potentialAction":[{"@type":"ReadAction","target":["https:\/\/www.organisator.ch\/management\/2018-08-27\/das-business-potenzial-der-zukunft-liegt-im-servicegeschaeft\/"]}]},{"@type":"ImageObject","inLanguage":"it-IT","@id":"https:\/\/www.organisator.ch\/management\/2018-08-27\/das-business-potenzial-der-zukunft-liegt-im-servicegeschaeft\/#primaryimage","url":"https:\/\/www.organisator.ch\/wp-content\/uploads\/2018\/08\/Das-Business-Potenzial-der-Zukunft-liegt-im-Servicegeschaeft_Organisator.jpg","contentUrl":"https:\/\/www.organisator.ch\/wp-content\/uploads\/2018\/08\/Das-Business-Potenzial-der-Zukunft-liegt-im-Servicegeschaeft_Organisator.jpg","width":640,"height":390,"caption":"Am diesj\u00e4hrigen Forum Dienstleistungsmanagement sprechen diverse Referenten zum Thema Servicegesch\u00e4ft. (Bilder: www.forum-dlm.ch)"},{"@type":"BreadcrumbList","@id":"https:\/\/www.organisator.ch\/management\/2018-08-27\/das-business-potenzial-der-zukunft-liegt-im-servicegeschaeft\/#breadcrumb","itemListElement":[{"@type":"ListItem","position":1,"name":"Home","item":"https:\/\/www.organisator.ch\/"},{"@type":"ListItem","position":2,"name":"Das Business Potenzial der Zukunft liegt im Servicegesch\u00e4ft"}]},{"@type":"WebSite","@id":"https:\/\/www.organisator.ch\/#website","url":"https:\/\/www.organisator.ch\/","name":"Organizzatore","description":"Competente. Pratico. In 10 numeri all'anno, ORGANISATOR presenta i temi essenziali per i manager delle PMI.","publisher":{"@id":"https:\/\/www.organisator.ch\/#organization"},"potentialAction":[{"@type":"SearchAction","target":{"@type":"EntryPoint","urlTemplate":"https:\/\/www.organisator.ch\/?s={search_term_string}"},"query-input":{"@type":"PropertyValueSpecification","valueRequired":true,"valueName":"search_term_string"}}],"inLanguage":"it-IT"},{"@type":"Organization","@id":"https:\/\/www.organisator.ch\/#organization","name":"Organizzatore","url":"https:\/\/www.organisator.ch\/","logo":{"@type":"ImageObject","inLanguage":"it-IT","@id":"https:\/\/www.organisator.ch\/#\/schema\/logo\/image\/","url":"https:\/\/www.organisator.ch\/wp-content\/uploads\/2022\/01\/Logo_Organisator_Website.png","contentUrl":"https:\/\/www.organisator.ch\/wp-content\/uploads\/2022\/01\/Logo_Organisator_Website.png","width":800,"height":77,"caption":"Organisator"},"image":{"@id":"https:\/\/www.organisator.ch\/#\/schema\/logo\/image\/"},"sameAs":["https:\/\/www.facebook.com\/OrganisatorFachmagazin","https:\/\/www.linkedin.com\/showcase\/organisator-das-magazin-fr-kmu","https:\/\/www.xing.com\/news\/pages\/organisator-ch-695","https:\/\/www.youtube.com\/channel\/UCGP2Sq0iWaZwT3BdIAQFYpw"]},{"@type":"Person","@id":"https:\/\/www.organisator.ch\/#\/schema\/person\/6f650f90b2842cd4c0cc334b4e36f67e","name":"Tommaso.berner","image":{"@type":"ImageObject","inLanguage":"it-IT","@id":"https:\/\/secure.gravatar.com\/avatar\/ac5001d2a36cb6c6cd3e50789007ffca834b477b74a2144564522e944eabff61?s=96&d=mm&r=g","url":"https:\/\/secure.gravatar.com\/avatar\/ac5001d2a36cb6c6cd3e50789007ffca834b477b74a2144564522e944eabff61?s=96&d=mm&r=g","contentUrl":"https:\/\/secure.gravatar.com\/avatar\/ac5001d2a36cb6c6cd3e50789007ffca834b477b74a2144564522e944eabff61?s=96&d=mm&r=g","caption":"thomas.berner"},"url":"https:\/\/www.organisator.ch\/it\/author\/thomas-berner\/"}]}},"_links":{"self":[{"href":"https:\/\/www.organisator.ch\/it\/wp-json\/wp\/v2\/posts\/4132","targetHints":{"allow":["GET"]}}],"collection":[{"href":"https:\/\/www.organisator.ch\/it\/wp-json\/wp\/v2\/posts"}],"about":[{"href":"https:\/\/www.organisator.ch\/it\/wp-json\/wp\/v2\/types\/post"}],"author":[{"embeddable":true,"href":"https:\/\/www.organisator.ch\/it\/wp-json\/wp\/v2\/users\/4"}],"replies":[{"embeddable":true,"href":"https:\/\/www.organisator.ch\/it\/wp-json\/wp\/v2\/comments?post=4132"}],"version-history":[{"count":0,"href":"https:\/\/www.organisator.ch\/it\/wp-json\/wp\/v2\/posts\/4132\/revisions"}],"wp:featuredmedia":[{"embeddable":true,"href":"https:\/\/www.organisator.ch\/it\/wp-json\/wp\/v2\/media\/4133"}],"wp:attachment":[{"href":"https:\/\/www.organisator.ch\/it\/wp-json\/wp\/v2\/media?parent=4132"}],"wp:term":[{"taxonomy":"category","embeddable":true,"href":"https:\/\/www.organisator.ch\/it\/wp-json\/wp\/v2\/categories?post=4132"},{"taxonomy":"post_tag","embeddable":true,"href":"https:\/\/www.organisator.ch\/it\/wp-json\/wp\/v2\/tags?post=4132"}],"curies":[{"name":"wp","href":"https:\/\/api.w.org\/{rel}","templated":true}]}}