{"id":41370,"date":"2025-10-23T06:04:22","date_gmt":"2025-10-23T04:04:22","guid":{"rendered":"https:\/\/www.organisator.ch\/?p=41370"},"modified":"2025-11-11T16:22:38","modified_gmt":"2025-11-11T15:22:38","slug":"warum-der-gedanke-ganz-okay-brandgefaehrlich-ist","status":"publish","type":"post","link":"https:\/\/www.organisator.ch\/it\/management\/2025-10-23\/warum-der-gedanke-ganz-okay-brandgefaehrlich-ist\/","title":{"rendered":"Perch\u00e9 il pensiero \u201eVa tutto bene\u201c \u00e8 altamente pericoloso"},"content":{"rendered":"<figure id=\"attachment_41371\" aria-describedby=\"caption-attachment-41371\" style=\"width: 680px\" class=\"wp-caption alignnone\"><img loading=\"lazy\" decoding=\"async\" class=\"size-full wp-image-41371\" src=\"https:\/\/www.organisator.ch\/wp-content\/uploads\/2025\/10\/Warum-der-Gedanke-Ganz-okay-brandgefaehrlich-ist_Organisator.jpg\" alt=\"\" width=\"680\" height=\"453\" srcset=\"https:\/\/www.organisator.ch\/wp-content\/uploads\/2025\/10\/Warum-der-Gedanke-Ganz-okay-brandgefaehrlich-ist_Organisator.jpg 680w, https:\/\/www.organisator.ch\/wp-content\/uploads\/2025\/10\/Warum-der-Gedanke-Ganz-okay-brandgefaehrlich-ist_Organisator-18x12.jpg 18w, https:\/\/www.organisator.ch\/wp-content\/uploads\/2025\/10\/Warum-der-Gedanke-Ganz-okay-brandgefaehrlich-ist_Organisator-375x250.jpg 375w, https:\/\/www.organisator.ch\/wp-content\/uploads\/2025\/10\/Warum-der-Gedanke-Ganz-okay-brandgefaehrlich-ist_Organisator-525x350.jpg 525w\" sizes=\"auto, (max-width: 680px) 100vw, 680px\" \/><figcaption id=\"caption-attachment-41371\" class=\"wp-caption-text\">\u201eFare bene\u201c corrisponde a coltivare la mediocrit\u00e0, cosa che spesso non \u00e8 sufficiente nella leadership. (Immagine: Maria Cortes \/ Unsplash.com)<\/figcaption><\/figure>\n<p>Ci sono fasi della vita (manageriale) di tutti i giorni in cui tutto va in qualche modo, ma non proprio bene. I calendari sono pieni, le e-mail si accumulano, le riunioni arrivano in modo affidabile. I processi funzionano, l'attivit\u00e0 \u00e8 in corso. Pensate a voi stessi: \u00abIn realt\u00e0 sta andando bene\u00bb.\u00bb<\/p>\n<p>Ed \u00e8 proprio questo il momento in cui diventa pericoloso.<\/p>\n<p>Perch\u00e9 \u00ababbastanza bene\u00bb non \u00e8 uno stato neutro. Spesso \u00e8 il primo passo verso la mediocrit\u00e0 coltivata, e di solito lo si capisce troppo tardi. Perch\u00e9? Perch\u00e9 nulla va veramente male. Ma non c'\u00e8 nemmeno nulla che vada veramente avanti. E nella leadership, se si sta fermi, si perde impatto, prima o poi.<\/p>\n<h3>Il pericolo si nasconde nella mediocrit\u00e0<\/h3>\n<p><strong>La mediocrit\u00e0 arriva silenziosa. Sembra innocua. <\/strong>Sembra simpatico. Non vuole fare del male a nessuno. Sussurra: \u201eDai, continuiamo cos\u00ec. Finora \u00e8 stato piuttosto solido\u201c. Ma ci\u00f2 che fa davvero \u00e8 rallentare la vita. Drena energia. E impedisce la crescita, per voi, per il vostro team e per l'intera azienda.<\/p>\n<p>Diventa particolarmente pericoloso quando questa diventa un'abitudine. Quando il \u00abmi sta bene\u00bb diventa la norma nascosta. In tal caso, non solo lo standard si abbassa, ma anche la capacit\u00e0 di riconoscere o richiedere l'autentica eccellenza.<\/p>\n<p>Se vi riconoscete in questa descrizione: Benvenuti nel club. Ma \u00e8 proprio per questo che \u00e8 il momento giusto per rompere il cerchio. Non perch\u00e9 tutto vada male. Ma proprio perch\u00e9 tutto \u00e8 solo \u00abok\u00bb.<\/p>\n<h3>Domande da porsi<\/h3>\n<p>Ecco tre domande specifiche che possono aiutarvi a tornare a un livello superiore:<\/p>\n<ul>\n<li><strong>Domanda 1: <\/strong>Qual \u00e8 il vostro personale \u00abva bene\u00bb che non \u00e8 pi\u00f9 sufficiente? Forse una situazione di gestione che avete lasciato andare per troppo tempo. O una decisione attesa da tempo. O una routine che paralizza pi\u00f9 di quanto aiuti.<\/li>\n<li><strong>Domanda 2: <\/strong>Cosa fareste di diverso oggi se poteste ricominciare da zero, con il vostro calendario, il vostro team, la vostra attenzione? Suggerimento: di solito \u00e8 qui che si trova la leva successiva.<\/li>\n<li><strong>Domanda 3:<\/strong> Cosa vorreste guardare con orgoglio tra tre mesi e cosa non avete ancora iniziato? Non tutto in una volta. Ma un passo concreto pu\u00f2 essere sufficiente per liberare nuove energie.<\/li>\n<\/ul>\n<p><strong>Conclusione: <\/strong>Lo stato pi\u00f9 pericoloso della leadership non \u00e8 il sovraccarico acuto. \u00c8 abituarsi allo status quo.<\/p>\n<p>Se avete la sensazione di poter fare di pi\u00f9, allora stabilite un nuovo standard adesso. Non domani. Non quando \u00abandr\u00e0 meglio\u00bb. Ma oggi.<\/p>\n<p><em>All'autore:<br \/>\n<\/em><em>Volkmar V\u00f6lzke \u00e8 un massimizzatore di successi. Autore del libro. Consulente. Allenatore. Altoparlante.\u00a0<a href=\"http:\/\/www.volkmarvoelzke.ch\/\">www.volkmarvoelzke.ch<\/a><\/em><\/p>","protected":false},"excerpt":{"rendered":"<p>\u00abSolo ok\u00bb \u00e8 tutt'altro che buono, anzi \u00e8 pericoloso. Questa \u00e8 l'opinione del nostro editorialista Volkmar V\u00f6lzke e fornisce un nuovo impulso al successo per raggiungere un livello pi\u00f9 alto del semplice \u00abbene\u00bb.<\/p>","protected":false},"author":4,"featured_media":41371,"comment_status":"closed","ping_status":"closed","sticky":false,"template":"","format":"standard","meta":{"_acf_changed":false,"_yoast_wpseo_focuskw":"Ganz okay","_yoast_wpseo_metadesc":"\u00abGanz okay\u00bb ist alles andere als gut, ja sogar gef\u00e4hrlich. Dies meint unser Kolumnist Volkmar V\u00f6lzke in seinem neuen Erfolgs-Impuls.","articlekey":"","footnotes":""},"categories":[28],"tags":[177,306,320,429],"class_list":["post-41370","post","type-post","status-publish","format-standard","has-post-thumbnail","hentry","category-management","tag-erfolgs-impuls","tag-kolumne","tag-leadership","tag-selbstmanagement"],"acf":[],"yoast_head":"<!-- This site is optimized with the Yoast SEO plugin v27.5 - https:\/\/yoast.com\/product\/yoast-seo-wordpress\/ -->\n<title>Warum der Gedanke \u201eGanz okay\u201c brandgef\u00e4hrlich ist - Organisator<\/title>\n<meta name=\"description\" content=\"\u00abGanz okay\u00bb ist alles andere als gut, ja sogar gef\u00e4hrlich. Dies meint unser Kolumnist Volkmar V\u00f6lzke in seinem neuen Erfolgs-Impuls.\" \/>\n<meta name=\"robots\" content=\"index, follow, max-snippet:-1, max-image-preview:large, max-video-preview:-1\" \/>\n<link rel=\"canonical\" href=\"https:\/\/www.organisator.ch\/it\/gestione-2\/2025-10-23\/warum-der-gedanke-ganz-okay-brandgefaehrlich-ist\/\" \/>\n<meta property=\"og:locale\" content=\"it_IT\" \/>\n<meta property=\"og:type\" content=\"article\" \/>\n<meta property=\"og:title\" content=\"Warum der Gedanke \u201eGanz okay\u201c brandgef\u00e4hrlich ist\" \/>\n<meta property=\"og:description\" content=\"\u00abGanz okay\u00bb ist alles andere als gut, ja sogar gef\u00e4hrlich. Dies meint unser Kolumnist Volkmar V\u00f6lzke in seinem neuen Erfolgs-Impuls.\" \/>\n<meta property=\"og:url\" content=\"https:\/\/www.organisator.ch\/it\/gestione-2\/2025-10-23\/warum-der-gedanke-ganz-okay-brandgefaehrlich-ist\/\" \/>\n<meta property=\"og:site_name\" content=\"Organisator\" \/>\n<meta property=\"article:publisher\" content=\"https:\/\/www.facebook.com\/OrganisatorFachmagazin\" \/>\n<meta property=\"article:published_time\" content=\"2025-10-23T04:04:22+00:00\" \/>\n<meta property=\"article:modified_time\" content=\"2025-11-11T15:22:38+00:00\" \/>\n<meta property=\"og:image\" content=\"https:\/\/www.organisator.ch\/wp-content\/uploads\/2025\/10\/Warum-der-Gedanke-Ganz-okay-brandgefaehrlich-ist_Organisator.jpg\" \/>\n\t<meta property=\"og:image:width\" content=\"680\" \/>\n\t<meta property=\"og:image:height\" content=\"453\" \/>\n\t<meta property=\"og:image:type\" content=\"image\/jpeg\" \/>\n<meta name=\"author\" content=\"thomas.berner\" \/>\n<meta name=\"twitter:card\" content=\"summary_large_image\" \/>\n<meta name=\"twitter:title\" content=\"Warum der Gedanke \u201eGanz #okay\u201c #brandgef\u00e4hrlich ist\" \/>\n<meta name=\"twitter:description\" content=\"\u00abGanz okay\u00bb ist alles andere als gut, ja sogar gef\u00e4hrlich. Dies meint unser #Kolumnist Volkmar V\u00f6lzke in seinem neuen #Erfolgs-Impuls.\" \/>\n<meta name=\"twitter:image\" content=\"https:\/\/www.organisator.ch\/wp-content\/uploads\/2025\/10\/Warum-der-Gedanke-Ganz-okay-brandgefaehrlich-ist_Organisator.jpg\" \/>\n<script type=\"application\/ld+json\" class=\"yoast-schema-graph\">{\"@context\":\"https:\\\/\\\/schema.org\",\"@graph\":[{\"@type\":\"Article\",\"@id\":\"https:\\\/\\\/www.organisator.ch\\\/management\\\/2025-10-23\\\/warum-der-gedanke-ganz-okay-brandgefaehrlich-ist\\\/#article\",\"isPartOf\":{\"@id\":\"https:\\\/\\\/www.organisator.ch\\\/management\\\/2025-10-23\\\/warum-der-gedanke-ganz-okay-brandgefaehrlich-ist\\\/\"},\"author\":{\"name\":\"thomas.berner\",\"@id\":\"https:\\\/\\\/www.organisator.ch\\\/#\\\/schema\\\/person\\\/6f650f90b2842cd4c0cc334b4e36f67e\"},\"headline\":\"Warum der Gedanke \u201eGanz okay\u201c brandgef\u00e4hrlich ist\",\"datePublished\":\"2025-10-23T04:04:22+00:00\",\"dateModified\":\"2025-11-11T15:22:38+00:00\",\"mainEntityOfPage\":{\"@id\":\"https:\\\/\\\/www.organisator.ch\\\/management\\\/2025-10-23\\\/warum-der-gedanke-ganz-okay-brandgefaehrlich-ist\\\/\"},\"wordCount\":468,\"publisher\":{\"@id\":\"https:\\\/\\\/www.organisator.ch\\\/#organization\"},\"image\":{\"@id\":\"https:\\\/\\\/www.organisator.ch\\\/management\\\/2025-10-23\\\/warum-der-gedanke-ganz-okay-brandgefaehrlich-ist\\\/#primaryimage\"},\"thumbnailUrl\":\"https:\\\/\\\/www.organisator.ch\\\/wp-content\\\/uploads\\\/2025\\\/10\\\/Warum-der-Gedanke-Ganz-okay-brandgefaehrlich-ist_Organisator.jpg\",\"keywords\":[\"Erfolgs-Impuls\",\"Kolumne\",\"Leadership\",\"Selbstmanagement\"],\"articleSection\":[\"MANAGEMENT\"],\"inLanguage\":\"it-IT\"},{\"@type\":\"WebPage\",\"@id\":\"https:\\\/\\\/www.organisator.ch\\\/management\\\/2025-10-23\\\/warum-der-gedanke-ganz-okay-brandgefaehrlich-ist\\\/\",\"url\":\"https:\\\/\\\/www.organisator.ch\\\/management\\\/2025-10-23\\\/warum-der-gedanke-ganz-okay-brandgefaehrlich-ist\\\/\",\"name\":\"Warum der Gedanke \u201eGanz okay\u201c brandgef\u00e4hrlich ist - Organisator\",\"isPartOf\":{\"@id\":\"https:\\\/\\\/www.organisator.ch\\\/#website\"},\"primaryImageOfPage\":{\"@id\":\"https:\\\/\\\/www.organisator.ch\\\/management\\\/2025-10-23\\\/warum-der-gedanke-ganz-okay-brandgefaehrlich-ist\\\/#primaryimage\"},\"image\":{\"@id\":\"https:\\\/\\\/www.organisator.ch\\\/management\\\/2025-10-23\\\/warum-der-gedanke-ganz-okay-brandgefaehrlich-ist\\\/#primaryimage\"},\"thumbnailUrl\":\"https:\\\/\\\/www.organisator.ch\\\/wp-content\\\/uploads\\\/2025\\\/10\\\/Warum-der-Gedanke-Ganz-okay-brandgefaehrlich-ist_Organisator.jpg\",\"datePublished\":\"2025-10-23T04:04:22+00:00\",\"dateModified\":\"2025-11-11T15:22:38+00:00\",\"description\":\"\u00abGanz okay\u00bb ist alles andere als gut, ja sogar gef\u00e4hrlich. Dies meint unser Kolumnist Volkmar V\u00f6lzke in seinem neuen Erfolgs-Impuls.\",\"breadcrumb\":{\"@id\":\"https:\\\/\\\/www.organisator.ch\\\/management\\\/2025-10-23\\\/warum-der-gedanke-ganz-okay-brandgefaehrlich-ist\\\/#breadcrumb\"},\"inLanguage\":\"it-IT\",\"potentialAction\":[{\"@type\":\"ReadAction\",\"target\":[\"https:\\\/\\\/www.organisator.ch\\\/management\\\/2025-10-23\\\/warum-der-gedanke-ganz-okay-brandgefaehrlich-ist\\\/\"]}]},{\"@type\":\"ImageObject\",\"inLanguage\":\"it-IT\",\"@id\":\"https:\\\/\\\/www.organisator.ch\\\/management\\\/2025-10-23\\\/warum-der-gedanke-ganz-okay-brandgefaehrlich-ist\\\/#primaryimage\",\"url\":\"https:\\\/\\\/www.organisator.ch\\\/wp-content\\\/uploads\\\/2025\\\/10\\\/Warum-der-Gedanke-Ganz-okay-brandgefaehrlich-ist_Organisator.jpg\",\"contentUrl\":\"https:\\\/\\\/www.organisator.ch\\\/wp-content\\\/uploads\\\/2025\\\/10\\\/Warum-der-Gedanke-Ganz-okay-brandgefaehrlich-ist_Organisator.jpg\",\"width\":680,\"height\":453,\"caption\":\"\\\"Doing okay\\\" entspricht dem gepflegten Mittelmass - etwas, was in der F\u00fchrung h\u00e4ufig zu wenig ist. (Bild: Maria Cortes \\\/ Unsplash.com)\"},{\"@type\":\"BreadcrumbList\",\"@id\":\"https:\\\/\\\/www.organisator.ch\\\/management\\\/2025-10-23\\\/warum-der-gedanke-ganz-okay-brandgefaehrlich-ist\\\/#breadcrumb\",\"itemListElement\":[{\"@type\":\"ListItem\",\"position\":1,\"name\":\"Home\",\"item\":\"https:\\\/\\\/www.organisator.ch\\\/\"},{\"@type\":\"ListItem\",\"position\":2,\"name\":\"Warum der Gedanke \u201eGanz okay\u201c brandgef\u00e4hrlich ist\"}]},{\"@type\":\"WebSite\",\"@id\":\"https:\\\/\\\/www.organisator.ch\\\/#website\",\"url\":\"https:\\\/\\\/www.organisator.ch\\\/\",\"name\":\"Organisator\",\"description\":\"Kompetent. Praxisnah. Der ORGANISATOR bereitet in 10 Ausgaben pro Jahr die wesentlichen Themen f\u00fcr F\u00fchrungskr\u00e4fte von KMU auf.\",\"publisher\":{\"@id\":\"https:\\\/\\\/www.organisator.ch\\\/#organization\"},\"potentialAction\":[{\"@type\":\"SearchAction\",\"target\":{\"@type\":\"EntryPoint\",\"urlTemplate\":\"https:\\\/\\\/www.organisator.ch\\\/?s={search_term_string}\"},\"query-input\":{\"@type\":\"PropertyValueSpecification\",\"valueRequired\":true,\"valueName\":\"search_term_string\"}}],\"inLanguage\":\"it-IT\"},{\"@type\":\"Organization\",\"@id\":\"https:\\\/\\\/www.organisator.ch\\\/#organization\",\"name\":\"Organisator\",\"url\":\"https:\\\/\\\/www.organisator.ch\\\/\",\"logo\":{\"@type\":\"ImageObject\",\"inLanguage\":\"it-IT\",\"@id\":\"https:\\\/\\\/www.organisator.ch\\\/#\\\/schema\\\/logo\\\/image\\\/\",\"url\":\"https:\\\/\\\/www.organisator.ch\\\/wp-content\\\/uploads\\\/2022\\\/01\\\/Logo_Organisator_Website.png\",\"contentUrl\":\"https:\\\/\\\/www.organisator.ch\\\/wp-content\\\/uploads\\\/2022\\\/01\\\/Logo_Organisator_Website.png\",\"width\":800,\"height\":77,\"caption\":\"Organisator\"},\"image\":{\"@id\":\"https:\\\/\\\/www.organisator.ch\\\/#\\\/schema\\\/logo\\\/image\\\/\"},\"sameAs\":[\"https:\\\/\\\/www.facebook.com\\\/OrganisatorFachmagazin\",\"https:\\\/\\\/www.linkedin.com\\\/showcase\\\/organisator-das-magazin-fr-kmu\",\"https:\\\/\\\/www.xing.com\\\/news\\\/pages\\\/organisator-ch-695\",\"https:\\\/\\\/www.youtube.com\\\/channel\\\/UCGP2Sq0iWaZwT3BdIAQFYpw\"]},{\"@type\":\"Person\",\"@id\":\"https:\\\/\\\/www.organisator.ch\\\/#\\\/schema\\\/person\\\/6f650f90b2842cd4c0cc334b4e36f67e\",\"name\":\"thomas.berner\",\"image\":{\"@type\":\"ImageObject\",\"inLanguage\":\"it-IT\",\"@id\":\"https:\\\/\\\/secure.gravatar.com\\\/avatar\\\/ac5001d2a36cb6c6cd3e50789007ffca834b477b74a2144564522e944eabff61?s=96&d=mm&r=g\",\"url\":\"https:\\\/\\\/secure.gravatar.com\\\/avatar\\\/ac5001d2a36cb6c6cd3e50789007ffca834b477b74a2144564522e944eabff61?s=96&d=mm&r=g\",\"contentUrl\":\"https:\\\/\\\/secure.gravatar.com\\\/avatar\\\/ac5001d2a36cb6c6cd3e50789007ffca834b477b74a2144564522e944eabff61?s=96&d=mm&r=g\",\"caption\":\"thomas.berner\"},\"url\":\"https:\\\/\\\/www.organisator.ch\\\/it\\\/author\\\/thomas-berner\\\/\"}]}<\/script>\n<!-- \/ Yoast SEO plugin. -->","yoast_head_json":{"title":"Perch\u00e9 l'idea del \u201eva bene cos\u00ec\u201c \u00e8 pericolosa - Organizzatore","description":"\u00abAbbastanza bene\u00bb \u00e8 tutto fuorch\u00e9 buono, addirittura pericoloso. Questa \u00e8 l'opinione del nostro editorialista Volkmar V\u00f6lzke nel suo nuovo Success Impulse.","robots":{"index":"index","follow":"follow","max-snippet":"max-snippet:-1","max-image-preview":"max-image-preview:large","max-video-preview":"max-video-preview:-1"},"canonical":"https:\/\/www.organisator.ch\/it\/gestione-2\/2025-10-23\/warum-der-gedanke-ganz-okay-brandgefaehrlich-ist\/","og_locale":"it_IT","og_type":"article","og_title":"Warum der Gedanke \u201eGanz okay\u201c brandgef\u00e4hrlich ist","og_description":"\u00abGanz okay\u00bb ist alles andere als gut, ja sogar gef\u00e4hrlich. Dies meint unser Kolumnist Volkmar V\u00f6lzke in seinem neuen Erfolgs-Impuls.","og_url":"https:\/\/www.organisator.ch\/it\/gestione-2\/2025-10-23\/warum-der-gedanke-ganz-okay-brandgefaehrlich-ist\/","og_site_name":"Organisator","article_publisher":"https:\/\/www.facebook.com\/OrganisatorFachmagazin","article_published_time":"2025-10-23T04:04:22+00:00","article_modified_time":"2025-11-11T15:22:38+00:00","og_image":[{"width":680,"height":453,"url":"https:\/\/www.organisator.ch\/wp-content\/uploads\/2025\/10\/Warum-der-Gedanke-Ganz-okay-brandgefaehrlich-ist_Organisator.jpg","type":"image\/jpeg"}],"author":"thomas.berner","twitter_card":"summary_large_image","twitter_title":"Warum der Gedanke \u201eGanz #okay\u201c #brandgef\u00e4hrlich ist","twitter_description":"\u00abGanz okay\u00bb ist alles andere als gut, ja sogar gef\u00e4hrlich. Dies meint unser #Kolumnist Volkmar V\u00f6lzke in seinem neuen #Erfolgs-Impuls.","twitter_image":"https:\/\/www.organisator.ch\/wp-content\/uploads\/2025\/10\/Warum-der-Gedanke-Ganz-okay-brandgefaehrlich-ist_Organisator.jpg","schema":{"@context":"https:\/\/schema.org","@graph":[{"@type":"Article","@id":"https:\/\/www.organisator.ch\/management\/2025-10-23\/warum-der-gedanke-ganz-okay-brandgefaehrlich-ist\/#article","isPartOf":{"@id":"https:\/\/www.organisator.ch\/management\/2025-10-23\/warum-der-gedanke-ganz-okay-brandgefaehrlich-ist\/"},"author":{"name":"thomas.berner","@id":"https:\/\/www.organisator.ch\/#\/schema\/person\/6f650f90b2842cd4c0cc334b4e36f67e"},"headline":"Warum der Gedanke \u201eGanz okay\u201c brandgef\u00e4hrlich ist","datePublished":"2025-10-23T04:04:22+00:00","dateModified":"2025-11-11T15:22:38+00:00","mainEntityOfPage":{"@id":"https:\/\/www.organisator.ch\/management\/2025-10-23\/warum-der-gedanke-ganz-okay-brandgefaehrlich-ist\/"},"wordCount":468,"publisher":{"@id":"https:\/\/www.organisator.ch\/#organization"},"image":{"@id":"https:\/\/www.organisator.ch\/management\/2025-10-23\/warum-der-gedanke-ganz-okay-brandgefaehrlich-ist\/#primaryimage"},"thumbnailUrl":"https:\/\/www.organisator.ch\/wp-content\/uploads\/2025\/10\/Warum-der-Gedanke-Ganz-okay-brandgefaehrlich-ist_Organisator.jpg","keywords":["Erfolgs-Impuls","Kolumne","Leadership","Selbstmanagement"],"articleSection":["MANAGEMENT"],"inLanguage":"it-IT"},{"@type":"WebPage","@id":"https:\/\/www.organisator.ch\/management\/2025-10-23\/warum-der-gedanke-ganz-okay-brandgefaehrlich-ist\/","url":"https:\/\/www.organisator.ch\/management\/2025-10-23\/warum-der-gedanke-ganz-okay-brandgefaehrlich-ist\/","name":"Perch\u00e9 l'idea del \u201eva bene cos\u00ec\u201c \u00e8 pericolosa - Organizzatore","isPartOf":{"@id":"https:\/\/www.organisator.ch\/#website"},"primaryImageOfPage":{"@id":"https:\/\/www.organisator.ch\/management\/2025-10-23\/warum-der-gedanke-ganz-okay-brandgefaehrlich-ist\/#primaryimage"},"image":{"@id":"https:\/\/www.organisator.ch\/management\/2025-10-23\/warum-der-gedanke-ganz-okay-brandgefaehrlich-ist\/#primaryimage"},"thumbnailUrl":"https:\/\/www.organisator.ch\/wp-content\/uploads\/2025\/10\/Warum-der-Gedanke-Ganz-okay-brandgefaehrlich-ist_Organisator.jpg","datePublished":"2025-10-23T04:04:22+00:00","dateModified":"2025-11-11T15:22:38+00:00","description":"\u00abAbbastanza bene\u00bb \u00e8 tutto fuorch\u00e9 buono, addirittura pericoloso. Questa \u00e8 l'opinione del nostro editorialista Volkmar V\u00f6lzke nel suo nuovo Success Impulse.","breadcrumb":{"@id":"https:\/\/www.organisator.ch\/management\/2025-10-23\/warum-der-gedanke-ganz-okay-brandgefaehrlich-ist\/#breadcrumb"},"inLanguage":"it-IT","potentialAction":[{"@type":"ReadAction","target":["https:\/\/www.organisator.ch\/management\/2025-10-23\/warum-der-gedanke-ganz-okay-brandgefaehrlich-ist\/"]}]},{"@type":"ImageObject","inLanguage":"it-IT","@id":"https:\/\/www.organisator.ch\/management\/2025-10-23\/warum-der-gedanke-ganz-okay-brandgefaehrlich-ist\/#primaryimage","url":"https:\/\/www.organisator.ch\/wp-content\/uploads\/2025\/10\/Warum-der-Gedanke-Ganz-okay-brandgefaehrlich-ist_Organisator.jpg","contentUrl":"https:\/\/www.organisator.ch\/wp-content\/uploads\/2025\/10\/Warum-der-Gedanke-Ganz-okay-brandgefaehrlich-ist_Organisator.jpg","width":680,"height":453,"caption":"\"Doing okay\" entspricht dem gepflegten Mittelmass - etwas, was in der F\u00fchrung h\u00e4ufig zu wenig ist. (Bild: Maria Cortes \/ Unsplash.com)"},{"@type":"BreadcrumbList","@id":"https:\/\/www.organisator.ch\/management\/2025-10-23\/warum-der-gedanke-ganz-okay-brandgefaehrlich-ist\/#breadcrumb","itemListElement":[{"@type":"ListItem","position":1,"name":"Home","item":"https:\/\/www.organisator.ch\/"},{"@type":"ListItem","position":2,"name":"Warum der Gedanke \u201eGanz okay\u201c brandgef\u00e4hrlich ist"}]},{"@type":"WebSite","@id":"https:\/\/www.organisator.ch\/#website","url":"https:\/\/www.organisator.ch\/","name":"Organizzatore","description":"Competente. Pratico. In 10 numeri all'anno, ORGANISATOR presenta i temi essenziali per i manager delle PMI.","publisher":{"@id":"https:\/\/www.organisator.ch\/#organization"},"potentialAction":[{"@type":"SearchAction","target":{"@type":"EntryPoint","urlTemplate":"https:\/\/www.organisator.ch\/?s={search_term_string}"},"query-input":{"@type":"PropertyValueSpecification","valueRequired":true,"valueName":"search_term_string"}}],"inLanguage":"it-IT"},{"@type":"Organization","@id":"https:\/\/www.organisator.ch\/#organization","name":"Organizzatore","url":"https:\/\/www.organisator.ch\/","logo":{"@type":"ImageObject","inLanguage":"it-IT","@id":"https:\/\/www.organisator.ch\/#\/schema\/logo\/image\/","url":"https:\/\/www.organisator.ch\/wp-content\/uploads\/2022\/01\/Logo_Organisator_Website.png","contentUrl":"https:\/\/www.organisator.ch\/wp-content\/uploads\/2022\/01\/Logo_Organisator_Website.png","width":800,"height":77,"caption":"Organisator"},"image":{"@id":"https:\/\/www.organisator.ch\/#\/schema\/logo\/image\/"},"sameAs":["https:\/\/www.facebook.com\/OrganisatorFachmagazin","https:\/\/www.linkedin.com\/showcase\/organisator-das-magazin-fr-kmu","https:\/\/www.xing.com\/news\/pages\/organisator-ch-695","https:\/\/www.youtube.com\/channel\/UCGP2Sq0iWaZwT3BdIAQFYpw"]},{"@type":"Person","@id":"https:\/\/www.organisator.ch\/#\/schema\/person\/6f650f90b2842cd4c0cc334b4e36f67e","name":"Tommaso.berner","image":{"@type":"ImageObject","inLanguage":"it-IT","@id":"https:\/\/secure.gravatar.com\/avatar\/ac5001d2a36cb6c6cd3e50789007ffca834b477b74a2144564522e944eabff61?s=96&d=mm&r=g","url":"https:\/\/secure.gravatar.com\/avatar\/ac5001d2a36cb6c6cd3e50789007ffca834b477b74a2144564522e944eabff61?s=96&d=mm&r=g","contentUrl":"https:\/\/secure.gravatar.com\/avatar\/ac5001d2a36cb6c6cd3e50789007ffca834b477b74a2144564522e944eabff61?s=96&d=mm&r=g","caption":"thomas.berner"},"url":"https:\/\/www.organisator.ch\/it\/author\/thomas-berner\/"}]}},"_links":{"self":[{"href":"https:\/\/www.organisator.ch\/it\/wp-json\/wp\/v2\/posts\/41370","targetHints":{"allow":["GET"]}}],"collection":[{"href":"https:\/\/www.organisator.ch\/it\/wp-json\/wp\/v2\/posts"}],"about":[{"href":"https:\/\/www.organisator.ch\/it\/wp-json\/wp\/v2\/types\/post"}],"author":[{"embeddable":true,"href":"https:\/\/www.organisator.ch\/it\/wp-json\/wp\/v2\/users\/4"}],"replies":[{"embeddable":true,"href":"https:\/\/www.organisator.ch\/it\/wp-json\/wp\/v2\/comments?post=41370"}],"version-history":[{"count":3,"href":"https:\/\/www.organisator.ch\/it\/wp-json\/wp\/v2\/posts\/41370\/revisions"}],"predecessor-version":[{"id":41926,"href":"https:\/\/www.organisator.ch\/it\/wp-json\/wp\/v2\/posts\/41370\/revisions\/41926"}],"wp:featuredmedia":[{"embeddable":true,"href":"https:\/\/www.organisator.ch\/it\/wp-json\/wp\/v2\/media\/41371"}],"wp:attachment":[{"href":"https:\/\/www.organisator.ch\/it\/wp-json\/wp\/v2\/media?parent=41370"}],"wp:term":[{"taxonomy":"category","embeddable":true,"href":"https:\/\/www.organisator.ch\/it\/wp-json\/wp\/v2\/categories?post=41370"},{"taxonomy":"post_tag","embeddable":true,"href":"https:\/\/www.organisator.ch\/it\/wp-json\/wp\/v2\/tags?post=41370"}],"curies":[{"name":"wp","href":"https:\/\/api.w.org\/{rel}","templated":true}]}}