{"id":4140,"date":"2018-08-30T07:55:38","date_gmt":"2018-08-30T05:55:38","guid":{"rendered":"https:\/\/www.organisator.ch\/?p=4140"},"modified":"2018-08-30T07:55:38","modified_gmt":"2018-08-30T05:55:38","slug":"nachfrage-nach-spezialisten-zieht-weiter-an","status":"publish","type":"post","link":"https:\/\/www.organisator.ch\/it\/human-resources\/hrm\/2018-08-30\/nachfrage-nach-spezialisten-zieht-weiter-an\/","title":{"rendered":"La domanda di specialisti continua a crescere"},"content":{"rendered":"<figure id=\"attachment_4141\" aria-describedby=\"caption-attachment-4141\" style=\"width: 680px\" class=\"wp-caption alignnone\"><img loading=\"lazy\" decoding=\"async\" class=\"size-medium wp-image-4141\" src=\"https:\/\/www.organisator.ch\/wp-content\/uploads\/2018\/08\/Nachfrage-nach-Spezialisten-zieht-weiter-an_Organisator.jpg\" alt=\"\" width=\"680\" height=\"187\" srcset=\"https:\/\/www.organisator.ch\/wp-content\/uploads\/2018\/08\/Nachfrage-nach-Spezialisten-zieht-weiter-an_Organisator.jpg 800w, https:\/\/www.organisator.ch\/wp-content\/uploads\/2018\/08\/Nachfrage-nach-Spezialisten-zieht-weiter-an_Organisator-680x187.jpg 680w, https:\/\/www.organisator.ch\/wp-content\/uploads\/2018\/08\/Nachfrage-nach-Spezialisten-zieht-weiter-an_Organisator-768x211.jpg 768w, https:\/\/www.organisator.ch\/wp-content\/uploads\/2018\/08\/Nachfrage-nach-Spezialisten-zieht-weiter-an_Organisator-16x4.jpg 16w, https:\/\/www.organisator.ch\/wp-content\/uploads\/2018\/08\/Nachfrage-nach-Spezialisten-zieht-weiter-an_Organisator-375x103.jpg 375w, https:\/\/www.organisator.ch\/wp-content\/uploads\/2018\/08\/Nachfrage-nach-Spezialisten-zieht-weiter-an_Organisator-760x209.jpg 760w, https:\/\/www.organisator.ch\/wp-content\/uploads\/2018\/08\/Nachfrage-nach-Spezialisten-zieht-weiter-an_Organisator-300x83.jpg 300w\" sizes=\"auto, (max-width: 680px) 100vw, 680px\" \/><figcaption id=\"caption-attachment-4141\" class=\"wp-caption-text\">La domanda di specialisti \u00e8 aumentata negli ultimi trimestri. (Grafico: Hays)<\/figcaption><\/figure>\n<p>L'indice Hays Fachkr\u00e4fte (FKI) si basa su una valutazione trimestrale di index Internet und Mediaforschung GmbH per Hays. Include annunci di lavoro dalle borse di lavoro online pi\u00f9 frequentate, dai quotidiani e dalla rete commerciale XING. L'indice \u00e8 stato istituito in Svizzera dal 2011 ed \u00e8 stato rilanciato quest'anno. Oltre alle valutazioni dei singoli settori, ora offre due volte all'anno un indice generale della domanda globale. Il valore di riferimento \u00e8 il primo trimestre del 2015. In media, la domanda in Svizzera \u00e8 raddoppiata nelle aree coperte da allora. Questa forte crescita \u00e8 unica a livello internazionale. Nell'anno in corso, per esempio, l'indice in Germania \u00e8 sceso da 154 nel T1 a 149 nel T2, mentre in Svizzera \u00e8 salito da 181 a 197.<\/p>\n<h2>L'attuazione dell'iniziativa sull'immigrazione di massa mostra effetti<\/h2>\n<p>Una ragione per l'aumento della carenza di lavoratori qualificati potrebbe essere che i posti vacanti in questo paese non sono pi\u00f9 cos\u00ec facili da riempire dopo l'adozione dell'iniziativa di immigrazione di massa. Anche se l'iniziativa popolare \u00e8 stata attuata solo in forma indebolita, la barriera psicologica per trasferirsi in Svizzera dall'estero \u00e8 aumentata. Allo stesso tempo, le opportunit\u00e0 di guadagno e di promozione nei paesi vicini alla Svizzera sono diventate molto migliori, e il franco ha perso valore rispetto all'euro. Un trasferimento in Svizzera \u00e8 quindi meno conveniente oggi da un punto di vista finanziario rispetto a qualche anno fa.<\/p>\n<h2>Carenza di lavoratori qualificati in quasi tutti i settori<\/h2>\n<p>La spesso citata carenza di lavoratori qualificati pu\u00f2 essere quantificata e visualizzata nell'FKI. Nel campo dell'ingegneria, l'indice \u00e8 passato da 186 a 192 punti nel Q2. In cifre assolute, ci\u00f2 significa che 4429 ingegneri sono stati cercati in Svizzera nel secondo trimestre del 2018. Questo include 931 ingegneri di sviluppo (ad esempio per la tecnologia di azionamento, automazione, ingegneria elettrica, hardware, ingegneria meccanica e meccatronica) e 939 ingegneri elettrici. Gli effetti della digitalizzazione si riflettono qui.<\/p>\n<p><span style=\"color: #000000; font-family: Arial; font-size: small;\">\u00a0<\/span>Nella FKI, il termine finanza si riferisce al personale accademico della contabilit\u00e0 aziendale e bancaria, ma non al settore bancario in quanto tale. La domanda \u00e8 aumentata anche in questo segmento di competenze ed \u00e8 quasi raddoppiata nel corso dei tre anni. La digitalizzazione apparentemente non si \u00e8 ancora fatta sentire in questo segmento sotto forma di grandi tagli di posti di lavoro.<\/p>\n<h2>Specialisti per l'IT e le scienze della vita particolarmente richiesti<\/h2>\n<p>La specializzazione IT \u00e8 il gruppo professionale pi\u00f9 ricercato. Nel Q2 2018, sono state registrate 18.715 posizioni accademiche vacanti. Qui, la domanda di sviluppatori di database e di specialisti della sicurezza \u00e8 aumentata maggiormente negli ultimi tre anni (fattore 2,7), il che riflette l'importanza dei temi attualmente particolarmente attuali dei big data e della sicurezza.<\/p>\n<p>C'\u00e8 stato anche un raddoppio della domanda nel settore delle scienze della vita negli ultimi tre anni. Questo indice \u00e8 il pi\u00f9 piccolo in termini assoluti. Le qualifiche di chimico e di scienziato della vita sono anche segnalate di recente, per cui c'\u00e8 stata una crescita del 323 per cento nella domanda di quest'ultimo dal 2015.<\/p>\n<p>La domanda di personale qualificato nel settore Sales &amp; Marketing \u00e8 stata registrata da Hays per la Svizzera per la prima volta. Analogamente allo sviluppo dell'indice generale, anche qui la domanda di specialisti \u00e8 quasi raddoppiata. A causa della digitalizzazione e dei nuovi canali di vendita, il numero di manager di marketing online ricercati \u00e8 addirittura quasi triplicato dal 2015.<\/p>\n<p><em>Ulteriori informazioni: <a href=\"http:\/\/www.hays.ch\/\">www.hays.ch<\/a><\/em><\/p>\n<p>&nbsp;<\/p>","protected":false},"excerpt":{"rendered":"<p>Der Hays-Fachkr\u00e4fte-Index (FKI) basiert auf einer quartalsweisen Auswertung der index Internet und Mediaforschung GmbH f\u00fcr Hays. Einbezogen werden Stellenanzeigen der meistfrequentierten Online-Jobb\u00f6rsen, von Tageszeitungen sowie dem Business-Netzwerk XING. In der Schweiz\u00a0ist der Index seit\u00a02011 etabliert\u00a0und wurde dieses Jahr neu aufgestellt. Er bietet nun zus\u00e4tzlich zu den einzelnen Branchenauswertungen zweimal j\u00e4hrlich einen \u00fcbergreifenden Index f\u00fcr die [&hellip;]<\/p>\n","protected":false},"author":4,"featured_media":4141,"comment_status":"open","ping_status":"open","sticky":false,"template":"","format":"standard","meta":{"_acf_changed":false,"_yoast_wpseo_focuskw":"Spezialisten","_yoast_wpseo_metadesc":"Die Nachfrage nach Spezialisten hat weiter zugenommen. Dies besagt der j\u00fcngste Fachkr\u00e4fte-Index des Personaldienstleisters Hays.","articlekey":"","footnotes":""},"categories":[26],"tags":[194,254,411,459],"class_list":["post-4140","post","type-post","status-publish","format-standard","has-post-thumbnail","hentry","category-hrm","tag-fachkraeftemangel","tag-hrm","tag-rekrutierung","tag-studie"],"acf":[],"yoast_head":"<!-- This site is optimized with the Yoast SEO plugin v27.4 - https:\/\/yoast.com\/product\/yoast-seo-wordpress\/ -->\n<title>Nachfrage nach Spezialisten zieht weiter an - Organisator<\/title>\n<meta name=\"description\" content=\"Die Nachfrage nach Spezialisten hat weiter zugenommen. Dies besagt der j\u00fcngste Fachkr\u00e4fte-Index des Personaldienstleisters Hays.\" \/>\n<meta name=\"robots\" content=\"index, follow, max-snippet:-1, max-image-preview:large, max-video-preview:-1\" \/>\n<link rel=\"canonical\" href=\"https:\/\/www.organisator.ch\/it\/risorse-umane\/hrm\/2018-08-30\/nachfrage-nach-spezialisten-zieht-weiter-an\/\" \/>\n<meta property=\"og:locale\" content=\"it_IT\" \/>\n<meta property=\"og:type\" content=\"article\" \/>\n<meta property=\"og:title\" content=\"Nachfrage nach Spezialisten zieht weiter an\" \/>\n<meta property=\"og:description\" content=\"Die Nachfrage nach Spezialisten hat weiter zugenommen. Dies besagt der j\u00fcngste Fachkr\u00e4fte-Index des Personaldienstleisters Hays.\" \/>\n<meta property=\"og:url\" content=\"https:\/\/www.organisator.ch\/it\/risorse-umane\/hrm\/2018-08-30\/nachfrage-nach-spezialisten-zieht-weiter-an\/\" \/>\n<meta property=\"og:site_name\" content=\"Organisator\" \/>\n<meta property=\"article:publisher\" content=\"https:\/\/www.facebook.com\/OrganisatorFachmagazin\" \/>\n<meta property=\"article:published_time\" content=\"2018-08-30T05:55:38+00:00\" \/>\n<meta property=\"og:image\" content=\"https:\/\/www.organisator.ch\/wp-content\/uploads\/2018\/08\/Nachfrage-nach-Spezialisten-zieht-weiter-an_Organisator.jpg\" \/>\n\t<meta property=\"og:image:width\" content=\"800\" \/>\n\t<meta property=\"og:image:height\" content=\"220\" \/>\n\t<meta property=\"og:image:type\" content=\"image\/jpeg\" \/>\n<meta name=\"author\" content=\"thomas.berner\" \/>\n<meta name=\"twitter:card\" content=\"summary_large_image\" \/>\n<meta name=\"twitter:title\" content=\"Nachfrage nach #Spezialisten zieht weiter an\" \/>\n<meta name=\"twitter:description\" content=\"Die Nachfrage nach #Spezialisten hat weiter zugenommen. Dies besagt der j\u00fcngste #Fachkr\u00e4fte-Index des Personaldienstleisters Hays.\" \/>\n<meta name=\"twitter:image\" content=\"https:\/\/www.organisator.ch\/wp-content\/uploads\/2018\/08\/Nachfrage-nach-Spezialisten-zieht-weiter-an_Organisator.jpg\" \/>\n<script type=\"application\/ld+json\" class=\"yoast-schema-graph\">{\"@context\":\"https:\\\/\\\/schema.org\",\"@graph\":[{\"@type\":\"Article\",\"@id\":\"https:\\\/\\\/www.organisator.ch\\\/human-resources\\\/hrm\\\/2018-08-30\\\/nachfrage-nach-spezialisten-zieht-weiter-an\\\/#article\",\"isPartOf\":{\"@id\":\"https:\\\/\\\/www.organisator.ch\\\/human-resources\\\/hrm\\\/2018-08-30\\\/nachfrage-nach-spezialisten-zieht-weiter-an\\\/\"},\"author\":{\"name\":\"thomas.berner\",\"@id\":\"https:\\\/\\\/www.organisator.ch\\\/#\\\/schema\\\/person\\\/6f650f90b2842cd4c0cc334b4e36f67e\"},\"headline\":\"Nachfrage nach Spezialisten zieht weiter an\",\"datePublished\":\"2018-08-30T05:55:38+00:00\",\"mainEntityOfPage\":{\"@id\":\"https:\\\/\\\/www.organisator.ch\\\/human-resources\\\/hrm\\\/2018-08-30\\\/nachfrage-nach-spezialisten-zieht-weiter-an\\\/\"},\"wordCount\":530,\"commentCount\":0,\"publisher\":{\"@id\":\"https:\\\/\\\/www.organisator.ch\\\/#organization\"},\"image\":{\"@id\":\"https:\\\/\\\/www.organisator.ch\\\/human-resources\\\/hrm\\\/2018-08-30\\\/nachfrage-nach-spezialisten-zieht-weiter-an\\\/#primaryimage\"},\"thumbnailUrl\":\"https:\\\/\\\/www.organisator.ch\\\/wp-content\\\/uploads\\\/2018\\\/08\\\/Nachfrage-nach-Spezialisten-zieht-weiter-an_Organisator.jpg\",\"keywords\":[\"Fachkr\u00e4ftemangel\",\"HRM\",\"Rekrutierung\",\"Studie\"],\"articleSection\":[\"HRM\"],\"inLanguage\":\"it-IT\"},{\"@type\":\"WebPage\",\"@id\":\"https:\\\/\\\/www.organisator.ch\\\/human-resources\\\/hrm\\\/2018-08-30\\\/nachfrage-nach-spezialisten-zieht-weiter-an\\\/\",\"url\":\"https:\\\/\\\/www.organisator.ch\\\/human-resources\\\/hrm\\\/2018-08-30\\\/nachfrage-nach-spezialisten-zieht-weiter-an\\\/\",\"name\":\"Nachfrage nach Spezialisten zieht weiter an - Organisator\",\"isPartOf\":{\"@id\":\"https:\\\/\\\/www.organisator.ch\\\/#website\"},\"primaryImageOfPage\":{\"@id\":\"https:\\\/\\\/www.organisator.ch\\\/human-resources\\\/hrm\\\/2018-08-30\\\/nachfrage-nach-spezialisten-zieht-weiter-an\\\/#primaryimage\"},\"image\":{\"@id\":\"https:\\\/\\\/www.organisator.ch\\\/human-resources\\\/hrm\\\/2018-08-30\\\/nachfrage-nach-spezialisten-zieht-weiter-an\\\/#primaryimage\"},\"thumbnailUrl\":\"https:\\\/\\\/www.organisator.ch\\\/wp-content\\\/uploads\\\/2018\\\/08\\\/Nachfrage-nach-Spezialisten-zieht-weiter-an_Organisator.jpg\",\"datePublished\":\"2018-08-30T05:55:38+00:00\",\"description\":\"Die Nachfrage nach Spezialisten hat weiter zugenommen. Dies besagt der j\u00fcngste Fachkr\u00e4fte-Index des Personaldienstleisters Hays.\",\"breadcrumb\":{\"@id\":\"https:\\\/\\\/www.organisator.ch\\\/human-resources\\\/hrm\\\/2018-08-30\\\/nachfrage-nach-spezialisten-zieht-weiter-an\\\/#breadcrumb\"},\"inLanguage\":\"it-IT\",\"potentialAction\":[{\"@type\":\"ReadAction\",\"target\":[\"https:\\\/\\\/www.organisator.ch\\\/human-resources\\\/hrm\\\/2018-08-30\\\/nachfrage-nach-spezialisten-zieht-weiter-an\\\/\"]}]},{\"@type\":\"ImageObject\",\"inLanguage\":\"it-IT\",\"@id\":\"https:\\\/\\\/www.organisator.ch\\\/human-resources\\\/hrm\\\/2018-08-30\\\/nachfrage-nach-spezialisten-zieht-weiter-an\\\/#primaryimage\",\"url\":\"https:\\\/\\\/www.organisator.ch\\\/wp-content\\\/uploads\\\/2018\\\/08\\\/Nachfrage-nach-Spezialisten-zieht-weiter-an_Organisator.jpg\",\"contentUrl\":\"https:\\\/\\\/www.organisator.ch\\\/wp-content\\\/uploads\\\/2018\\\/08\\\/Nachfrage-nach-Spezialisten-zieht-weiter-an_Organisator.jpg\",\"width\":800,\"height\":220,\"caption\":\"So hat die Nachfrage nach Spezialisten in den letzten Quartalen zugenommen. (Grafik: Hays)\"},{\"@type\":\"BreadcrumbList\",\"@id\":\"https:\\\/\\\/www.organisator.ch\\\/human-resources\\\/hrm\\\/2018-08-30\\\/nachfrage-nach-spezialisten-zieht-weiter-an\\\/#breadcrumb\",\"itemListElement\":[{\"@type\":\"ListItem\",\"position\":1,\"name\":\"Home\",\"item\":\"https:\\\/\\\/www.organisator.ch\\\/\"},{\"@type\":\"ListItem\",\"position\":2,\"name\":\"Nachfrage nach Spezialisten zieht weiter an\"}]},{\"@type\":\"WebSite\",\"@id\":\"https:\\\/\\\/www.organisator.ch\\\/#website\",\"url\":\"https:\\\/\\\/www.organisator.ch\\\/\",\"name\":\"Organisator\",\"description\":\"Kompetent. Praxisnah. Der ORGANISATOR bereitet in 10 Ausgaben pro Jahr die wesentlichen Themen f\u00fcr F\u00fchrungskr\u00e4fte von KMU auf.\",\"publisher\":{\"@id\":\"https:\\\/\\\/www.organisator.ch\\\/#organization\"},\"potentialAction\":[{\"@type\":\"SearchAction\",\"target\":{\"@type\":\"EntryPoint\",\"urlTemplate\":\"https:\\\/\\\/www.organisator.ch\\\/?s={search_term_string}\"},\"query-input\":{\"@type\":\"PropertyValueSpecification\",\"valueRequired\":true,\"valueName\":\"search_term_string\"}}],\"inLanguage\":\"it-IT\"},{\"@type\":\"Organization\",\"@id\":\"https:\\\/\\\/www.organisator.ch\\\/#organization\",\"name\":\"Organisator\",\"url\":\"https:\\\/\\\/www.organisator.ch\\\/\",\"logo\":{\"@type\":\"ImageObject\",\"inLanguage\":\"it-IT\",\"@id\":\"https:\\\/\\\/www.organisator.ch\\\/#\\\/schema\\\/logo\\\/image\\\/\",\"url\":\"https:\\\/\\\/www.organisator.ch\\\/wp-content\\\/uploads\\\/2022\\\/01\\\/Logo_Organisator_Website.png\",\"contentUrl\":\"https:\\\/\\\/www.organisator.ch\\\/wp-content\\\/uploads\\\/2022\\\/01\\\/Logo_Organisator_Website.png\",\"width\":800,\"height\":77,\"caption\":\"Organisator\"},\"image\":{\"@id\":\"https:\\\/\\\/www.organisator.ch\\\/#\\\/schema\\\/logo\\\/image\\\/\"},\"sameAs\":[\"https:\\\/\\\/www.facebook.com\\\/OrganisatorFachmagazin\",\"https:\\\/\\\/www.linkedin.com\\\/showcase\\\/organisator-das-magazin-fr-kmu\",\"https:\\\/\\\/www.xing.com\\\/news\\\/pages\\\/organisator-ch-695\",\"https:\\\/\\\/www.youtube.com\\\/channel\\\/UCGP2Sq0iWaZwT3BdIAQFYpw\"]},{\"@type\":\"Person\",\"@id\":\"https:\\\/\\\/www.organisator.ch\\\/#\\\/schema\\\/person\\\/6f650f90b2842cd4c0cc334b4e36f67e\",\"name\":\"thomas.berner\",\"image\":{\"@type\":\"ImageObject\",\"inLanguage\":\"it-IT\",\"@id\":\"https:\\\/\\\/secure.gravatar.com\\\/avatar\\\/ac5001d2a36cb6c6cd3e50789007ffca834b477b74a2144564522e944eabff61?s=96&d=mm&r=g\",\"url\":\"https:\\\/\\\/secure.gravatar.com\\\/avatar\\\/ac5001d2a36cb6c6cd3e50789007ffca834b477b74a2144564522e944eabff61?s=96&d=mm&r=g\",\"contentUrl\":\"https:\\\/\\\/secure.gravatar.com\\\/avatar\\\/ac5001d2a36cb6c6cd3e50789007ffca834b477b74a2144564522e944eabff61?s=96&d=mm&r=g\",\"caption\":\"thomas.berner\"},\"url\":\"https:\\\/\\\/www.organisator.ch\\\/it\\\/author\\\/thomas-berner\\\/\"}]}<\/script>\n<!-- \/ Yoast SEO plugin. -->","yoast_head_json":{"title":"La richiesta di specialisti continua a crescere - Organizzatore","description":"La domanda di specialisti ha continuato a crescere. Questo \u00e8 quanto emerge dall'ultimo Indice dei lavoratori qualificati del fornitore di servizi per il personale Hays.","robots":{"index":"index","follow":"follow","max-snippet":"max-snippet:-1","max-image-preview":"max-image-preview:large","max-video-preview":"max-video-preview:-1"},"canonical":"https:\/\/www.organisator.ch\/it\/risorse-umane\/hrm\/2018-08-30\/nachfrage-nach-spezialisten-zieht-weiter-an\/","og_locale":"it_IT","og_type":"article","og_title":"Nachfrage nach Spezialisten zieht weiter an","og_description":"Die Nachfrage nach Spezialisten hat weiter zugenommen. Dies besagt der j\u00fcngste Fachkr\u00e4fte-Index des Personaldienstleisters Hays.","og_url":"https:\/\/www.organisator.ch\/it\/risorse-umane\/hrm\/2018-08-30\/nachfrage-nach-spezialisten-zieht-weiter-an\/","og_site_name":"Organisator","article_publisher":"https:\/\/www.facebook.com\/OrganisatorFachmagazin","article_published_time":"2018-08-30T05:55:38+00:00","og_image":[{"width":800,"height":220,"url":"https:\/\/www.organisator.ch\/wp-content\/uploads\/2018\/08\/Nachfrage-nach-Spezialisten-zieht-weiter-an_Organisator.jpg","type":"image\/jpeg"}],"author":"thomas.berner","twitter_card":"summary_large_image","twitter_title":"Nachfrage nach #Spezialisten zieht weiter an","twitter_description":"Die Nachfrage nach #Spezialisten hat weiter zugenommen. Dies besagt der j\u00fcngste #Fachkr\u00e4fte-Index des Personaldienstleisters Hays.","twitter_image":"https:\/\/www.organisator.ch\/wp-content\/uploads\/2018\/08\/Nachfrage-nach-Spezialisten-zieht-weiter-an_Organisator.jpg","schema":{"@context":"https:\/\/schema.org","@graph":[{"@type":"Article","@id":"https:\/\/www.organisator.ch\/human-resources\/hrm\/2018-08-30\/nachfrage-nach-spezialisten-zieht-weiter-an\/#article","isPartOf":{"@id":"https:\/\/www.organisator.ch\/human-resources\/hrm\/2018-08-30\/nachfrage-nach-spezialisten-zieht-weiter-an\/"},"author":{"name":"thomas.berner","@id":"https:\/\/www.organisator.ch\/#\/schema\/person\/6f650f90b2842cd4c0cc334b4e36f67e"},"headline":"Nachfrage nach Spezialisten zieht weiter an","datePublished":"2018-08-30T05:55:38+00:00","mainEntityOfPage":{"@id":"https:\/\/www.organisator.ch\/human-resources\/hrm\/2018-08-30\/nachfrage-nach-spezialisten-zieht-weiter-an\/"},"wordCount":530,"commentCount":0,"publisher":{"@id":"https:\/\/www.organisator.ch\/#organization"},"image":{"@id":"https:\/\/www.organisator.ch\/human-resources\/hrm\/2018-08-30\/nachfrage-nach-spezialisten-zieht-weiter-an\/#primaryimage"},"thumbnailUrl":"https:\/\/www.organisator.ch\/wp-content\/uploads\/2018\/08\/Nachfrage-nach-Spezialisten-zieht-weiter-an_Organisator.jpg","keywords":["Fachkr\u00e4ftemangel","HRM","Rekrutierung","Studie"],"articleSection":["HRM"],"inLanguage":"it-IT"},{"@type":"WebPage","@id":"https:\/\/www.organisator.ch\/human-resources\/hrm\/2018-08-30\/nachfrage-nach-spezialisten-zieht-weiter-an\/","url":"https:\/\/www.organisator.ch\/human-resources\/hrm\/2018-08-30\/nachfrage-nach-spezialisten-zieht-weiter-an\/","name":"La richiesta di specialisti continua a crescere - Organizzatore","isPartOf":{"@id":"https:\/\/www.organisator.ch\/#website"},"primaryImageOfPage":{"@id":"https:\/\/www.organisator.ch\/human-resources\/hrm\/2018-08-30\/nachfrage-nach-spezialisten-zieht-weiter-an\/#primaryimage"},"image":{"@id":"https:\/\/www.organisator.ch\/human-resources\/hrm\/2018-08-30\/nachfrage-nach-spezialisten-zieht-weiter-an\/#primaryimage"},"thumbnailUrl":"https:\/\/www.organisator.ch\/wp-content\/uploads\/2018\/08\/Nachfrage-nach-Spezialisten-zieht-weiter-an_Organisator.jpg","datePublished":"2018-08-30T05:55:38+00:00","description":"La domanda di specialisti ha continuato a crescere. Questo \u00e8 quanto emerge dall'ultimo Indice dei lavoratori qualificati del fornitore di servizi per il personale Hays.","breadcrumb":{"@id":"https:\/\/www.organisator.ch\/human-resources\/hrm\/2018-08-30\/nachfrage-nach-spezialisten-zieht-weiter-an\/#breadcrumb"},"inLanguage":"it-IT","potentialAction":[{"@type":"ReadAction","target":["https:\/\/www.organisator.ch\/human-resources\/hrm\/2018-08-30\/nachfrage-nach-spezialisten-zieht-weiter-an\/"]}]},{"@type":"ImageObject","inLanguage":"it-IT","@id":"https:\/\/www.organisator.ch\/human-resources\/hrm\/2018-08-30\/nachfrage-nach-spezialisten-zieht-weiter-an\/#primaryimage","url":"https:\/\/www.organisator.ch\/wp-content\/uploads\/2018\/08\/Nachfrage-nach-Spezialisten-zieht-weiter-an_Organisator.jpg","contentUrl":"https:\/\/www.organisator.ch\/wp-content\/uploads\/2018\/08\/Nachfrage-nach-Spezialisten-zieht-weiter-an_Organisator.jpg","width":800,"height":220,"caption":"So hat die Nachfrage nach Spezialisten in den letzten Quartalen zugenommen. (Grafik: Hays)"},{"@type":"BreadcrumbList","@id":"https:\/\/www.organisator.ch\/human-resources\/hrm\/2018-08-30\/nachfrage-nach-spezialisten-zieht-weiter-an\/#breadcrumb","itemListElement":[{"@type":"ListItem","position":1,"name":"Home","item":"https:\/\/www.organisator.ch\/"},{"@type":"ListItem","position":2,"name":"Nachfrage nach Spezialisten zieht weiter an"}]},{"@type":"WebSite","@id":"https:\/\/www.organisator.ch\/#website","url":"https:\/\/www.organisator.ch\/","name":"Organizzatore","description":"Competente. Pratico. In 10 numeri all'anno, ORGANISATOR presenta i temi essenziali per i manager delle PMI.","publisher":{"@id":"https:\/\/www.organisator.ch\/#organization"},"potentialAction":[{"@type":"SearchAction","target":{"@type":"EntryPoint","urlTemplate":"https:\/\/www.organisator.ch\/?s={search_term_string}"},"query-input":{"@type":"PropertyValueSpecification","valueRequired":true,"valueName":"search_term_string"}}],"inLanguage":"it-IT"},{"@type":"Organization","@id":"https:\/\/www.organisator.ch\/#organization","name":"Organizzatore","url":"https:\/\/www.organisator.ch\/","logo":{"@type":"ImageObject","inLanguage":"it-IT","@id":"https:\/\/www.organisator.ch\/#\/schema\/logo\/image\/","url":"https:\/\/www.organisator.ch\/wp-content\/uploads\/2022\/01\/Logo_Organisator_Website.png","contentUrl":"https:\/\/www.organisator.ch\/wp-content\/uploads\/2022\/01\/Logo_Organisator_Website.png","width":800,"height":77,"caption":"Organisator"},"image":{"@id":"https:\/\/www.organisator.ch\/#\/schema\/logo\/image\/"},"sameAs":["https:\/\/www.facebook.com\/OrganisatorFachmagazin","https:\/\/www.linkedin.com\/showcase\/organisator-das-magazin-fr-kmu","https:\/\/www.xing.com\/news\/pages\/organisator-ch-695","https:\/\/www.youtube.com\/channel\/UCGP2Sq0iWaZwT3BdIAQFYpw"]},{"@type":"Person","@id":"https:\/\/www.organisator.ch\/#\/schema\/person\/6f650f90b2842cd4c0cc334b4e36f67e","name":"Tommaso.berner","image":{"@type":"ImageObject","inLanguage":"it-IT","@id":"https:\/\/secure.gravatar.com\/avatar\/ac5001d2a36cb6c6cd3e50789007ffca834b477b74a2144564522e944eabff61?s=96&d=mm&r=g","url":"https:\/\/secure.gravatar.com\/avatar\/ac5001d2a36cb6c6cd3e50789007ffca834b477b74a2144564522e944eabff61?s=96&d=mm&r=g","contentUrl":"https:\/\/secure.gravatar.com\/avatar\/ac5001d2a36cb6c6cd3e50789007ffca834b477b74a2144564522e944eabff61?s=96&d=mm&r=g","caption":"thomas.berner"},"url":"https:\/\/www.organisator.ch\/it\/author\/thomas-berner\/"}]}},"_links":{"self":[{"href":"https:\/\/www.organisator.ch\/it\/wp-json\/wp\/v2\/posts\/4140","targetHints":{"allow":["GET"]}}],"collection":[{"href":"https:\/\/www.organisator.ch\/it\/wp-json\/wp\/v2\/posts"}],"about":[{"href":"https:\/\/www.organisator.ch\/it\/wp-json\/wp\/v2\/types\/post"}],"author":[{"embeddable":true,"href":"https:\/\/www.organisator.ch\/it\/wp-json\/wp\/v2\/users\/4"}],"replies":[{"embeddable":true,"href":"https:\/\/www.organisator.ch\/it\/wp-json\/wp\/v2\/comments?post=4140"}],"version-history":[{"count":0,"href":"https:\/\/www.organisator.ch\/it\/wp-json\/wp\/v2\/posts\/4140\/revisions"}],"wp:featuredmedia":[{"embeddable":true,"href":"https:\/\/www.organisator.ch\/it\/wp-json\/wp\/v2\/media\/4141"}],"wp:attachment":[{"href":"https:\/\/www.organisator.ch\/it\/wp-json\/wp\/v2\/media?parent=4140"}],"wp:term":[{"taxonomy":"category","embeddable":true,"href":"https:\/\/www.organisator.ch\/it\/wp-json\/wp\/v2\/categories?post=4140"},{"taxonomy":"post_tag","embeddable":true,"href":"https:\/\/www.organisator.ch\/it\/wp-json\/wp\/v2\/tags?post=4140"}],"curies":[{"name":"wp","href":"https:\/\/api.w.org\/{rel}","templated":true}]}}