{"id":41429,"date":"2025-10-22T09:46:49","date_gmt":"2025-10-22T07:46:49","guid":{"rendered":"https:\/\/www.organisator.ch\/?p=41429"},"modified":"2025-10-22T09:46:49","modified_gmt":"2025-10-22T07:46:49","slug":"schweizer-cfos-fordern-mehr-freihandel","status":"publish","type":"post","link":"https:\/\/www.organisator.ch\/it\/management\/2025-10-22\/schweizer-cfos-fordern-mehr-freihandel\/","title":{"rendered":"I direttori finanziari svizzeri chiedono pi\u00f9 libero scambio"},"content":{"rendered":"<figure id=\"attachment_41434\" aria-describedby=\"caption-attachment-41434\" style=\"width: 680px\" class=\"wp-caption alignnone\"><img loading=\"lazy\" decoding=\"async\" class=\"size-full wp-image-41434\" src=\"https:\/\/www.organisator.ch\/wp-content\/uploads\/2025\/10\/Schweizer-CFOs-fordern-mehr-Freihandel-1_Organisator.jpg\" alt=\"\" width=\"680\" height=\"536\" srcset=\"https:\/\/www.organisator.ch\/wp-content\/uploads\/2025\/10\/Schweizer-CFOs-fordern-mehr-Freihandel-1_Organisator.jpg 680w, https:\/\/www.organisator.ch\/wp-content\/uploads\/2025\/10\/Schweizer-CFOs-fordern-mehr-Freihandel-1_Organisator-15x12.jpg 15w, https:\/\/www.organisator.ch\/wp-content\/uploads\/2025\/10\/Schweizer-CFOs-fordern-mehr-Freihandel-1_Organisator-375x296.jpg 375w, https:\/\/www.organisator.ch\/wp-content\/uploads\/2025\/10\/Schweizer-CFOs-fordern-mehr-Freihandel-1_Organisator-444x350.jpg 444w\" sizes=\"auto, (max-width: 680px) 100vw, 680px\" \/><figcaption id=\"caption-attachment-41434\" class=\"wp-caption-text\">Figura 1: Prospettive economiche previste dai CFO per la Svizzera e prospettive di business per la propria azienda nei prossimi 12 mesi. Il grafico non mostra le cifre assolute, ma i saldi netti: menzioni positive meno menzioni negative. (Fonte: Deloitte)<\/figcaption><\/figure>\n<p>Le aspettative dei CFO in merito allo sviluppo economico della Svizzera sono notevolmente migliorate rispetto al punto di minimo raggiunto in seguito allo shock tariffario della primavera (cfr. Figura 1), ma rimangono caute per la Svizzera: il 37% prevede un andamento economico negativo o molto negativo, mentre il 24% \u00e8 positivo o molto positivo, secondo l'ultimo sondaggio CFO condotto dalla societ\u00e0 di revisione e consulenza Deloitte Svizzera. Al sondaggio hanno partecipato 119 CFO di tutti i principali settori e di societ\u00e0 quotate e non quotate.<\/p>\n<h3>Sviluppi finanziari: Solo la met\u00e0 dei CFO \u00e8 ottimista<\/h3>\n<p>Ci sono segnali di ripresa anche a livello aziendale. Oltre la met\u00e0 (52%) dei CFO intervistati \u00e8 ottimista sull'andamento finanziario della propria azienda nei prossimi dodici mesi, rispetto a meno della met\u00e0 di aprile (23%). Il 36% prevede inoltre un aumento dei margini.<\/p>\n<p>Esistono notevoli differenze di valutazione per quanto riguarda i partner commerciali pi\u00f9 importanti: Mentre i CFO continuano ad avere una visione molto negativa dello sviluppo economico di Stati Uniti e Germania per i prossimi dodici mesi (Stati Uniti: 62% negativi o molto negativi; Germania: 48% negativi o molto negativi), sono molto pi\u00f9 positivi sulle prospettive della Cina (39% positivi o molto positivi).<\/p>\n<h3>Trasferimenti di lavoro<\/h3>\n<p>Il franco forte e i dazi d'importazione statunitensi del 39% su diverse esportazioni svizzere introdotti in agosto stanno mettendo sotto pressione la piazza economica svizzera. Ci\u00f2 si riflette anche nella pianificazione del personale: pi\u00f9 di un terzo dei CFO intervistati (37%) prevede che la propria azienda taglier\u00e0 posti di lavoro in Svizzera nei prossimi dodici mesi. Allo stesso tempo, un numero simile (35%) prevede un aumento del numero di dipendenti all'estero, il che indica che i posti di lavoro saranno trasferiti all'estero.<\/p>\n<p>\u00abA livello internazionale stiamo assistendo a grandi incertezze, ma i CFO sono relativamente positivi nonostante la situazione difficile. Il passato ha dimostrato che le aziende svizzere sono brave a gestire le situazioni difficili e ad adattarsi. Le aziende si affidano alla loro esperienza e agilit\u00e0 per superare le sfide attuali. Ora sar\u00e0 fondamentale che i politici migliorino le condizioni economiche generali e affrontino le riforme in sospeso\u00bb, afferma Alessandro Miolo, responsabile di Audit &amp; Assurance di Deloitte Svizzera.<\/p>\n<h3>I rischi globali determinano il barometro della preoccupazione<\/h3>\n<p>I maggiori rischi aziendali sono tutti caratterizzati da fattori internazionali: le sfide geopolitiche continuano ad essere in cima alla lista delle preoccupazioni dei CFO intervistati, seguite dai conflitti commerciali e dai rischi valutari, che sono diventati molto pi\u00f9 importanti. L'indebolimento del dollaro USA rispetto al franco svizzero rende ancora pi\u00f9 difficili le condizioni di esportazione.<\/p>\n<h3>Pi\u00f9 libero scambio e salvaguardia del mercato del lavoro liberale<\/h3>\n<p>Le aziende rispondono all'aumento delle barriere commerciali principalmente adeguando i prezzi di vendita (34%) e riducendo i costi (27%). Il 9% sta valutando la possibilit\u00e0 di delocalizzare la produzione all'estero o tra sedi estere. Allo stesso tempo, molti CFO vedono l'attuale crisi come un'opportunit\u00e0 per investire maggiormente in tecnologia e in nuove aree di business, al fine di rafforzare la propria competitivit\u00e0 e resilienza nel lungo periodo.<\/p>\n<figure id=\"attachment_41435\" aria-describedby=\"caption-attachment-41435\" style=\"width: 680px\" class=\"wp-caption alignnone\"><img loading=\"lazy\" decoding=\"async\" class=\"size-full wp-image-41435\" src=\"https:\/\/www.organisator.ch\/wp-content\/uploads\/2025\/10\/Schweizer-CFOs-fordern-mehr-Freihandel-2_Organisator.jpg\" alt=\"\" width=\"680\" height=\"435\" srcset=\"https:\/\/www.organisator.ch\/wp-content\/uploads\/2025\/10\/Schweizer-CFOs-fordern-mehr-Freihandel-2_Organisator.jpg 680w, https:\/\/www.organisator.ch\/wp-content\/uploads\/2025\/10\/Schweizer-CFOs-fordern-mehr-Freihandel-2_Organisator-18x12.jpg 18w, https:\/\/www.organisator.ch\/wp-content\/uploads\/2025\/10\/Schweizer-CFOs-fordern-mehr-Freihandel-2_Organisator-375x240.jpg 375w, https:\/\/www.organisator.ch\/wp-content\/uploads\/2025\/10\/Schweizer-CFOs-fordern-mehr-Freihandel-2_Organisator-547x350.jpg 547w\" sizes=\"auto, (max-width: 680px) 100vw, 680px\" \/><figcaption id=\"caption-attachment-41435\" class=\"wp-caption-text\">Figura 2: Misure politiche che i CFO ritengono che la Svizzera dovrebbe attuare. (Grafico: Deloitte)<\/figcaption><\/figure>\n<p>Fattori esterni come i dazi statunitensi e le tensioni geopolitiche stanno mettendo a dura prova la piazza economica svizzera. I CFO intervistati chiedono quindi misure mirate per migliorare l'attrattiva della Svizzera come piazza economica (cfr. Figura 2). In cima alla lista c'\u00e8 la richiesta di ulteriori negoziati per ridurre le tariffe statunitensi sulle esportazioni svizzere e di ulteriori accordi di libero scambio con altri Paesi (entrambi 55% a favore). Segue la conclusione dei nuovi trattati con l'UE (51% a favore). La garanzia di un mercato del lavoro svizzero liberale \u00e8 ancora importante per il 44% degli intervistati. Altre misure, come la sospensione dell'imposta minima OCSE o gli sgravi fiscali generali, sono considerate tra le prime 5 misure solo da un numero esiguo di CFO (18% ciascuno).<\/p>\n<p><em>Fonte: <a href=\"http:\/\/www.deloitte.ch\">Deloitte<\/a><\/em><\/p>","protected":false},"excerpt":{"rendered":"<p>Nonostante le tensioni geopolitiche, i conflitti commerciali e i nuovi dazi statunitensi, i CFO svizzeri sono pi\u00f9 fiduciosi rispetto alla primavera. Tuttavia, molti prevedono che il contesto economico rimarr\u00e0 difficile e chiedono ai politici di adottare misure a favore di un maggiore libero scambio, come mostra l'ultimo sondaggio CFO di Deloitte. Nel frattempo, oltre un terzo dei CFO prevede di tagliare posti di lavoro in Svizzera.<\/p>","protected":false},"author":4,"featured_media":41434,"comment_status":"closed","ping_status":"closed","sticky":false,"template":"","format":"standard","meta":{"_acf_changed":false,"_yoast_wpseo_focuskw":"Freihandel","_yoast_wpseo_metadesc":"Schweizer Finanzchefs zeigen sich zuversichtlicher als im Fr\u00fchling, fordern aber mehr Freihandel. Dies zeigt eine Studie von Deloitte.","articlekey":"","footnotes":""},"categories":[28],"tags":[202,310,335,531],"class_list":["post-41429","post","type-post","status-publish","format-standard","has-post-thumbnail","hentry","category-management","tag-finanzenrecht","tag-konjunktur","tag-management-und-unternehmensfuehrung","tag-wirtschaftspolitik"],"acf":[],"yoast_head":"<!-- This site is optimized with the Yoast SEO plugin v27.4 - https:\/\/yoast.com\/product\/yoast-seo-wordpress\/ -->\n<title>Schweizer CFOs fordern mehr Freihandel - Organisator<\/title>\n<meta name=\"description\" content=\"Schweizer Finanzchefs zeigen sich zuversichtlicher als im Fr\u00fchling, fordern aber mehr Freihandel. Dies zeigt eine Studie von Deloitte.\" \/>\n<meta name=\"robots\" content=\"index, follow, max-snippet:-1, max-image-preview:large, max-video-preview:-1\" \/>\n<link rel=\"canonical\" href=\"https:\/\/www.organisator.ch\/it\/gestione-2\/2025-10-22\/schweizer-cfos-fordern-mehr-freihandel\/\" \/>\n<meta property=\"og:locale\" content=\"it_IT\" \/>\n<meta property=\"og:type\" content=\"article\" \/>\n<meta property=\"og:title\" content=\"Schweizer CFOs fordern mehr Freihandel\" \/>\n<meta property=\"og:description\" content=\"Schweizer Finanzchefs zeigen sich zuversichtlicher als im Fr\u00fchling, fordern aber mehr Freihandel. Dies zeigt eine Studie von Deloitte.\" \/>\n<meta property=\"og:url\" content=\"https:\/\/www.organisator.ch\/it\/gestione-2\/2025-10-22\/schweizer-cfos-fordern-mehr-freihandel\/\" \/>\n<meta property=\"og:site_name\" content=\"Organisator\" \/>\n<meta property=\"article:publisher\" content=\"https:\/\/www.facebook.com\/OrganisatorFachmagazin\" \/>\n<meta property=\"article:published_time\" content=\"2025-10-22T07:46:49+00:00\" \/>\n<meta property=\"og:image\" content=\"https:\/\/www.organisator.ch\/wp-content\/uploads\/2025\/10\/Schweizer-CFOs-fordern-mehr-Freihandel-1_Organisator.jpg\" \/>\n\t<meta property=\"og:image:width\" content=\"680\" \/>\n\t<meta property=\"og:image:height\" content=\"536\" \/>\n\t<meta property=\"og:image:type\" content=\"image\/jpeg\" \/>\n<meta name=\"author\" content=\"thomas.berner\" \/>\n<meta name=\"twitter:card\" content=\"summary_large_image\" \/>\n<meta name=\"twitter:title\" content=\"Schweizer #CFOs fordern mehr #Freihandel\" \/>\n<meta name=\"twitter:description\" content=\"Schweizer #Finanzchefs zeigen sich zuversichtlicher als im Fr\u00fchling, fordern aber mehr #Freihandel. Dies zeigt eine Studie von #Deloitte.\" \/>\n<meta name=\"twitter:image\" content=\"https:\/\/www.organisator.ch\/wp-content\/uploads\/2025\/10\/Schweizer-CFOs-fordern-mehr-Freihandel-1_Organisator.jpg\" \/>\n<script type=\"application\/ld+json\" class=\"yoast-schema-graph\">{\"@context\":\"https:\\\/\\\/schema.org\",\"@graph\":[{\"@type\":\"Article\",\"@id\":\"https:\\\/\\\/www.organisator.ch\\\/management\\\/2025-10-22\\\/schweizer-cfos-fordern-mehr-freihandel\\\/#article\",\"isPartOf\":{\"@id\":\"https:\\\/\\\/www.organisator.ch\\\/management\\\/2025-10-22\\\/schweizer-cfos-fordern-mehr-freihandel\\\/\"},\"author\":{\"name\":\"thomas.berner\",\"@id\":\"https:\\\/\\\/www.organisator.ch\\\/#\\\/schema\\\/person\\\/6f650f90b2842cd4c0cc334b4e36f67e\"},\"headline\":\"Schweizer CFOs fordern mehr Freihandel\",\"datePublished\":\"2025-10-22T07:46:49+00:00\",\"mainEntityOfPage\":{\"@id\":\"https:\\\/\\\/www.organisator.ch\\\/management\\\/2025-10-22\\\/schweizer-cfos-fordern-mehr-freihandel\\\/\"},\"wordCount\":644,\"publisher\":{\"@id\":\"https:\\\/\\\/www.organisator.ch\\\/#organization\"},\"image\":{\"@id\":\"https:\\\/\\\/www.organisator.ch\\\/management\\\/2025-10-22\\\/schweizer-cfos-fordern-mehr-freihandel\\\/#primaryimage\"},\"thumbnailUrl\":\"https:\\\/\\\/www.organisator.ch\\\/wp-content\\\/uploads\\\/2025\\\/10\\\/Schweizer-CFOs-fordern-mehr-Freihandel-1_Organisator.jpg\",\"keywords\":[\"Finanzen\\\/Recht\",\"Konjunktur\",\"Management und Unternehmensf\u00fchrung\",\"Wirtschaftspolitik\"],\"articleSection\":[\"MANAGEMENT\"],\"inLanguage\":\"it-IT\"},{\"@type\":\"WebPage\",\"@id\":\"https:\\\/\\\/www.organisator.ch\\\/management\\\/2025-10-22\\\/schweizer-cfos-fordern-mehr-freihandel\\\/\",\"url\":\"https:\\\/\\\/www.organisator.ch\\\/management\\\/2025-10-22\\\/schweizer-cfos-fordern-mehr-freihandel\\\/\",\"name\":\"Schweizer CFOs fordern mehr Freihandel - Organisator\",\"isPartOf\":{\"@id\":\"https:\\\/\\\/www.organisator.ch\\\/#website\"},\"primaryImageOfPage\":{\"@id\":\"https:\\\/\\\/www.organisator.ch\\\/management\\\/2025-10-22\\\/schweizer-cfos-fordern-mehr-freihandel\\\/#primaryimage\"},\"image\":{\"@id\":\"https:\\\/\\\/www.organisator.ch\\\/management\\\/2025-10-22\\\/schweizer-cfos-fordern-mehr-freihandel\\\/#primaryimage\"},\"thumbnailUrl\":\"https:\\\/\\\/www.organisator.ch\\\/wp-content\\\/uploads\\\/2025\\\/10\\\/Schweizer-CFOs-fordern-mehr-Freihandel-1_Organisator.jpg\",\"datePublished\":\"2025-10-22T07:46:49+00:00\",\"description\":\"Schweizer Finanzchefs zeigen sich zuversichtlicher als im Fr\u00fchling, fordern aber mehr Freihandel. Dies zeigt eine Studie von Deloitte.\",\"breadcrumb\":{\"@id\":\"https:\\\/\\\/www.organisator.ch\\\/management\\\/2025-10-22\\\/schweizer-cfos-fordern-mehr-freihandel\\\/#breadcrumb\"},\"inLanguage\":\"it-IT\",\"potentialAction\":[{\"@type\":\"ReadAction\",\"target\":[\"https:\\\/\\\/www.organisator.ch\\\/management\\\/2025-10-22\\\/schweizer-cfos-fordern-mehr-freihandel\\\/\"]}]},{\"@type\":\"ImageObject\",\"inLanguage\":\"it-IT\",\"@id\":\"https:\\\/\\\/www.organisator.ch\\\/management\\\/2025-10-22\\\/schweizer-cfos-fordern-mehr-freihandel\\\/#primaryimage\",\"url\":\"https:\\\/\\\/www.organisator.ch\\\/wp-content\\\/uploads\\\/2025\\\/10\\\/Schweizer-CFOs-fordern-mehr-Freihandel-1_Organisator.jpg\",\"contentUrl\":\"https:\\\/\\\/www.organisator.ch\\\/wp-content\\\/uploads\\\/2025\\\/10\\\/Schweizer-CFOs-fordern-mehr-Freihandel-1_Organisator.jpg\",\"width\":680,\"height\":536,\"caption\":\"Abbildung 1: Erwartete Konjunkturaussichten der CFOs f\u00fcr die Schweiz und Gesch\u00e4ftsaussichten f\u00fcr das eigene Unternehmen in den n\u00e4chsten 12 Monaten. Die Grafik zeigt nicht die absoluten Zahlen, sondern die Nettosalden: positive Nennungen minus negative Nennungen. (Quelle: Deloitte)\"},{\"@type\":\"BreadcrumbList\",\"@id\":\"https:\\\/\\\/www.organisator.ch\\\/management\\\/2025-10-22\\\/schweizer-cfos-fordern-mehr-freihandel\\\/#breadcrumb\",\"itemListElement\":[{\"@type\":\"ListItem\",\"position\":1,\"name\":\"Home\",\"item\":\"https:\\\/\\\/www.organisator.ch\\\/\"},{\"@type\":\"ListItem\",\"position\":2,\"name\":\"Schweizer CFOs fordern mehr Freihandel\"}]},{\"@type\":\"WebSite\",\"@id\":\"https:\\\/\\\/www.organisator.ch\\\/#website\",\"url\":\"https:\\\/\\\/www.organisator.ch\\\/\",\"name\":\"Organisator\",\"description\":\"Kompetent. Praxisnah. Der ORGANISATOR bereitet in 10 Ausgaben pro Jahr die wesentlichen Themen f\u00fcr F\u00fchrungskr\u00e4fte von KMU auf.\",\"publisher\":{\"@id\":\"https:\\\/\\\/www.organisator.ch\\\/#organization\"},\"potentialAction\":[{\"@type\":\"SearchAction\",\"target\":{\"@type\":\"EntryPoint\",\"urlTemplate\":\"https:\\\/\\\/www.organisator.ch\\\/?s={search_term_string}\"},\"query-input\":{\"@type\":\"PropertyValueSpecification\",\"valueRequired\":true,\"valueName\":\"search_term_string\"}}],\"inLanguage\":\"it-IT\"},{\"@type\":\"Organization\",\"@id\":\"https:\\\/\\\/www.organisator.ch\\\/#organization\",\"name\":\"Organisator\",\"url\":\"https:\\\/\\\/www.organisator.ch\\\/\",\"logo\":{\"@type\":\"ImageObject\",\"inLanguage\":\"it-IT\",\"@id\":\"https:\\\/\\\/www.organisator.ch\\\/#\\\/schema\\\/logo\\\/image\\\/\",\"url\":\"https:\\\/\\\/www.organisator.ch\\\/wp-content\\\/uploads\\\/2022\\\/01\\\/Logo_Organisator_Website.png\",\"contentUrl\":\"https:\\\/\\\/www.organisator.ch\\\/wp-content\\\/uploads\\\/2022\\\/01\\\/Logo_Organisator_Website.png\",\"width\":800,\"height\":77,\"caption\":\"Organisator\"},\"image\":{\"@id\":\"https:\\\/\\\/www.organisator.ch\\\/#\\\/schema\\\/logo\\\/image\\\/\"},\"sameAs\":[\"https:\\\/\\\/www.facebook.com\\\/OrganisatorFachmagazin\",\"https:\\\/\\\/www.linkedin.com\\\/showcase\\\/organisator-das-magazin-fr-kmu\",\"https:\\\/\\\/www.xing.com\\\/news\\\/pages\\\/organisator-ch-695\",\"https:\\\/\\\/www.youtube.com\\\/channel\\\/UCGP2Sq0iWaZwT3BdIAQFYpw\"]},{\"@type\":\"Person\",\"@id\":\"https:\\\/\\\/www.organisator.ch\\\/#\\\/schema\\\/person\\\/6f650f90b2842cd4c0cc334b4e36f67e\",\"name\":\"thomas.berner\",\"image\":{\"@type\":\"ImageObject\",\"inLanguage\":\"it-IT\",\"@id\":\"https:\\\/\\\/secure.gravatar.com\\\/avatar\\\/ac5001d2a36cb6c6cd3e50789007ffca834b477b74a2144564522e944eabff61?s=96&d=mm&r=g\",\"url\":\"https:\\\/\\\/secure.gravatar.com\\\/avatar\\\/ac5001d2a36cb6c6cd3e50789007ffca834b477b74a2144564522e944eabff61?s=96&d=mm&r=g\",\"contentUrl\":\"https:\\\/\\\/secure.gravatar.com\\\/avatar\\\/ac5001d2a36cb6c6cd3e50789007ffca834b477b74a2144564522e944eabff61?s=96&d=mm&r=g\",\"caption\":\"thomas.berner\"},\"url\":\"https:\\\/\\\/www.organisator.ch\\\/it\\\/author\\\/thomas-berner\\\/\"}]}<\/script>\n<!-- \/ Yoast SEO plugin. -->","yoast_head_json":{"title":"I direttori finanziari svizzeri chiedono pi\u00f9 libero scambio - Organizzatore","description":"I CFO svizzeri sono pi\u00f9 fiduciosi rispetto alla primavera, ma chiedono pi\u00f9 libero scambio. Questi sono i risultati di uno studio di Deloitte.","robots":{"index":"index","follow":"follow","max-snippet":"max-snippet:-1","max-image-preview":"max-image-preview:large","max-video-preview":"max-video-preview:-1"},"canonical":"https:\/\/www.organisator.ch\/it\/gestione-2\/2025-10-22\/schweizer-cfos-fordern-mehr-freihandel\/","og_locale":"it_IT","og_type":"article","og_title":"Schweizer CFOs fordern mehr Freihandel","og_description":"Schweizer Finanzchefs zeigen sich zuversichtlicher als im Fr\u00fchling, fordern aber mehr Freihandel. Dies zeigt eine Studie von Deloitte.","og_url":"https:\/\/www.organisator.ch\/it\/gestione-2\/2025-10-22\/schweizer-cfos-fordern-mehr-freihandel\/","og_site_name":"Organisator","article_publisher":"https:\/\/www.facebook.com\/OrganisatorFachmagazin","article_published_time":"2025-10-22T07:46:49+00:00","og_image":[{"width":680,"height":536,"url":"https:\/\/www.organisator.ch\/wp-content\/uploads\/2025\/10\/Schweizer-CFOs-fordern-mehr-Freihandel-1_Organisator.jpg","type":"image\/jpeg"}],"author":"thomas.berner","twitter_card":"summary_large_image","twitter_title":"Schweizer #CFOs fordern mehr #Freihandel","twitter_description":"Schweizer #Finanzchefs zeigen sich zuversichtlicher als im Fr\u00fchling, fordern aber mehr #Freihandel. Dies zeigt eine Studie von #Deloitte.","twitter_image":"https:\/\/www.organisator.ch\/wp-content\/uploads\/2025\/10\/Schweizer-CFOs-fordern-mehr-Freihandel-1_Organisator.jpg","schema":{"@context":"https:\/\/schema.org","@graph":[{"@type":"Article","@id":"https:\/\/www.organisator.ch\/management\/2025-10-22\/schweizer-cfos-fordern-mehr-freihandel\/#article","isPartOf":{"@id":"https:\/\/www.organisator.ch\/management\/2025-10-22\/schweizer-cfos-fordern-mehr-freihandel\/"},"author":{"name":"thomas.berner","@id":"https:\/\/www.organisator.ch\/#\/schema\/person\/6f650f90b2842cd4c0cc334b4e36f67e"},"headline":"Schweizer CFOs fordern mehr Freihandel","datePublished":"2025-10-22T07:46:49+00:00","mainEntityOfPage":{"@id":"https:\/\/www.organisator.ch\/management\/2025-10-22\/schweizer-cfos-fordern-mehr-freihandel\/"},"wordCount":644,"publisher":{"@id":"https:\/\/www.organisator.ch\/#organization"},"image":{"@id":"https:\/\/www.organisator.ch\/management\/2025-10-22\/schweizer-cfos-fordern-mehr-freihandel\/#primaryimage"},"thumbnailUrl":"https:\/\/www.organisator.ch\/wp-content\/uploads\/2025\/10\/Schweizer-CFOs-fordern-mehr-Freihandel-1_Organisator.jpg","keywords":["Finanzen\/Recht","Konjunktur","Management und Unternehmensf\u00fchrung","Wirtschaftspolitik"],"articleSection":["MANAGEMENT"],"inLanguage":"it-IT"},{"@type":"WebPage","@id":"https:\/\/www.organisator.ch\/management\/2025-10-22\/schweizer-cfos-fordern-mehr-freihandel\/","url":"https:\/\/www.organisator.ch\/management\/2025-10-22\/schweizer-cfos-fordern-mehr-freihandel\/","name":"I direttori finanziari svizzeri chiedono pi\u00f9 libero scambio - Organizzatore","isPartOf":{"@id":"https:\/\/www.organisator.ch\/#website"},"primaryImageOfPage":{"@id":"https:\/\/www.organisator.ch\/management\/2025-10-22\/schweizer-cfos-fordern-mehr-freihandel\/#primaryimage"},"image":{"@id":"https:\/\/www.organisator.ch\/management\/2025-10-22\/schweizer-cfos-fordern-mehr-freihandel\/#primaryimage"},"thumbnailUrl":"https:\/\/www.organisator.ch\/wp-content\/uploads\/2025\/10\/Schweizer-CFOs-fordern-mehr-Freihandel-1_Organisator.jpg","datePublished":"2025-10-22T07:46:49+00:00","description":"I CFO svizzeri sono pi\u00f9 fiduciosi rispetto alla primavera, ma chiedono pi\u00f9 libero scambio. Questi sono i risultati di uno studio di Deloitte.","breadcrumb":{"@id":"https:\/\/www.organisator.ch\/management\/2025-10-22\/schweizer-cfos-fordern-mehr-freihandel\/#breadcrumb"},"inLanguage":"it-IT","potentialAction":[{"@type":"ReadAction","target":["https:\/\/www.organisator.ch\/management\/2025-10-22\/schweizer-cfos-fordern-mehr-freihandel\/"]}]},{"@type":"ImageObject","inLanguage":"it-IT","@id":"https:\/\/www.organisator.ch\/management\/2025-10-22\/schweizer-cfos-fordern-mehr-freihandel\/#primaryimage","url":"https:\/\/www.organisator.ch\/wp-content\/uploads\/2025\/10\/Schweizer-CFOs-fordern-mehr-Freihandel-1_Organisator.jpg","contentUrl":"https:\/\/www.organisator.ch\/wp-content\/uploads\/2025\/10\/Schweizer-CFOs-fordern-mehr-Freihandel-1_Organisator.jpg","width":680,"height":536,"caption":"Abbildung 1: Erwartete Konjunkturaussichten der CFOs f\u00fcr die Schweiz und Gesch\u00e4ftsaussichten f\u00fcr das eigene Unternehmen in den n\u00e4chsten 12 Monaten. Die Grafik zeigt nicht die absoluten Zahlen, sondern die Nettosalden: positive Nennungen minus negative Nennungen. (Quelle: Deloitte)"},{"@type":"BreadcrumbList","@id":"https:\/\/www.organisator.ch\/management\/2025-10-22\/schweizer-cfos-fordern-mehr-freihandel\/#breadcrumb","itemListElement":[{"@type":"ListItem","position":1,"name":"Home","item":"https:\/\/www.organisator.ch\/"},{"@type":"ListItem","position":2,"name":"Schweizer CFOs fordern mehr Freihandel"}]},{"@type":"WebSite","@id":"https:\/\/www.organisator.ch\/#website","url":"https:\/\/www.organisator.ch\/","name":"Organizzatore","description":"Competente. Pratico. In 10 numeri all'anno, ORGANISATOR presenta i temi essenziali per i manager delle PMI.","publisher":{"@id":"https:\/\/www.organisator.ch\/#organization"},"potentialAction":[{"@type":"SearchAction","target":{"@type":"EntryPoint","urlTemplate":"https:\/\/www.organisator.ch\/?s={search_term_string}"},"query-input":{"@type":"PropertyValueSpecification","valueRequired":true,"valueName":"search_term_string"}}],"inLanguage":"it-IT"},{"@type":"Organization","@id":"https:\/\/www.organisator.ch\/#organization","name":"Organizzatore","url":"https:\/\/www.organisator.ch\/","logo":{"@type":"ImageObject","inLanguage":"it-IT","@id":"https:\/\/www.organisator.ch\/#\/schema\/logo\/image\/","url":"https:\/\/www.organisator.ch\/wp-content\/uploads\/2022\/01\/Logo_Organisator_Website.png","contentUrl":"https:\/\/www.organisator.ch\/wp-content\/uploads\/2022\/01\/Logo_Organisator_Website.png","width":800,"height":77,"caption":"Organisator"},"image":{"@id":"https:\/\/www.organisator.ch\/#\/schema\/logo\/image\/"},"sameAs":["https:\/\/www.facebook.com\/OrganisatorFachmagazin","https:\/\/www.linkedin.com\/showcase\/organisator-das-magazin-fr-kmu","https:\/\/www.xing.com\/news\/pages\/organisator-ch-695","https:\/\/www.youtube.com\/channel\/UCGP2Sq0iWaZwT3BdIAQFYpw"]},{"@type":"Person","@id":"https:\/\/www.organisator.ch\/#\/schema\/person\/6f650f90b2842cd4c0cc334b4e36f67e","name":"Tommaso.berner","image":{"@type":"ImageObject","inLanguage":"it-IT","@id":"https:\/\/secure.gravatar.com\/avatar\/ac5001d2a36cb6c6cd3e50789007ffca834b477b74a2144564522e944eabff61?s=96&d=mm&r=g","url":"https:\/\/secure.gravatar.com\/avatar\/ac5001d2a36cb6c6cd3e50789007ffca834b477b74a2144564522e944eabff61?s=96&d=mm&r=g","contentUrl":"https:\/\/secure.gravatar.com\/avatar\/ac5001d2a36cb6c6cd3e50789007ffca834b477b74a2144564522e944eabff61?s=96&d=mm&r=g","caption":"thomas.berner"},"url":"https:\/\/www.organisator.ch\/it\/author\/thomas-berner\/"}]}},"_links":{"self":[{"href":"https:\/\/www.organisator.ch\/it\/wp-json\/wp\/v2\/posts\/41429","targetHints":{"allow":["GET"]}}],"collection":[{"href":"https:\/\/www.organisator.ch\/it\/wp-json\/wp\/v2\/posts"}],"about":[{"href":"https:\/\/www.organisator.ch\/it\/wp-json\/wp\/v2\/types\/post"}],"author":[{"embeddable":true,"href":"https:\/\/www.organisator.ch\/it\/wp-json\/wp\/v2\/users\/4"}],"replies":[{"embeddable":true,"href":"https:\/\/www.organisator.ch\/it\/wp-json\/wp\/v2\/comments?post=41429"}],"version-history":[{"count":2,"href":"https:\/\/www.organisator.ch\/it\/wp-json\/wp\/v2\/posts\/41429\/revisions"}],"predecessor-version":[{"id":41450,"href":"https:\/\/www.organisator.ch\/it\/wp-json\/wp\/v2\/posts\/41429\/revisions\/41450"}],"wp:featuredmedia":[{"embeddable":true,"href":"https:\/\/www.organisator.ch\/it\/wp-json\/wp\/v2\/media\/41434"}],"wp:attachment":[{"href":"https:\/\/www.organisator.ch\/it\/wp-json\/wp\/v2\/media?parent=41429"}],"wp:term":[{"taxonomy":"category","embeddable":true,"href":"https:\/\/www.organisator.ch\/it\/wp-json\/wp\/v2\/categories?post=41429"},{"taxonomy":"post_tag","embeddable":true,"href":"https:\/\/www.organisator.ch\/it\/wp-json\/wp\/v2\/tags?post=41429"}],"curies":[{"name":"wp","href":"https:\/\/api.w.org\/{rel}","templated":true}]}}