{"id":4144,"date":"2018-08-30T08:10:43","date_gmt":"2018-08-30T06:10:43","guid":{"rendered":"https:\/\/www.organisator.ch\/?p=4144"},"modified":"2018-08-30T08:10:43","modified_gmt":"2018-08-30T06:10:43","slug":"erfolgs-impuls-bewegen-sie-sich-im-zickzack-gut-so","status":"publish","type":"post","link":"https:\/\/www.organisator.ch\/it\/management\/2018-08-30\/erfolgs-impuls-bewegen-sie-sich-im-zickzack-gut-so\/","title":{"rendered":"Impulso al successo: ti stai muovendo a zig zag? Questo \u00e8 tutto!"},"content":{"rendered":"<figure id=\"attachment_4145\" aria-describedby=\"caption-attachment-4145\" style=\"width: 640px\" class=\"wp-caption alignnone\"><img loading=\"lazy\" decoding=\"async\" class=\"size-full wp-image-4145\" src=\"https:\/\/www.organisator.ch\/wp-content\/uploads\/2018\/08\/Erfolgs-Impuls-Bewegen-Sie-sich-im-Zickzack-Gut-so_Organisator.jpg\" alt=\"\" width=\"640\" height=\"291\" srcset=\"https:\/\/www.organisator.ch\/wp-content\/uploads\/2018\/08\/Erfolgs-Impuls-Bewegen-Sie-sich-im-Zickzack-Gut-so_Organisator.jpg 640w, https:\/\/www.organisator.ch\/wp-content\/uploads\/2018\/08\/Erfolgs-Impuls-Bewegen-Sie-sich-im-Zickzack-Gut-so_Organisator-16x7.jpg 16w, https:\/\/www.organisator.ch\/wp-content\/uploads\/2018\/08\/Erfolgs-Impuls-Bewegen-Sie-sich-im-Zickzack-Gut-so_Organisator-375x171.jpg 375w, https:\/\/www.organisator.ch\/wp-content\/uploads\/2018\/08\/Erfolgs-Impuls-Bewegen-Sie-sich-im-Zickzack-Gut-so_Organisator-300x136.jpg 300w\" sizes=\"auto, (max-width: 640px) 100vw, 640px\" \/><figcaption id=\"caption-attachment-4145\" class=\"wp-caption-text\">Muoversi a zig zag non \u00e8 cos\u00ec negativo... (Immagine: Screenshot <a href=\"https:\/\/www.youtube.com\/watch?v=LOozEpayFkA\">https:\/\/www.youtube.com\/watch?v=LOozEpayFkA<\/a>)<\/figcaption><\/figure>\n<p>L'altro giorno un incidente divertente ha attraversato la rete: A Berlino, una pista ciclabile \u00e8 stata costruita in modo tale che \u00e8 quasi impossibile seguire la corsia ed evitare i pedoni (vedi foto). Troviamo questo tipo di cose divertenti perch\u00e9 non si adattano affatto al perfezionismo che vediamo altrove, soprattutto in Germania e in Svizzera. E perch\u00e9 ci giustifica anche per le nostre mancanze.<\/p>\n<p>Come \u00e8 potuto succedere, nonostante le molte regole e regolamenti? O forse \u00e8 solo <em>quindi<\/em> succede? Ecco il mio punto: probabilmente avete varie piste ciclabili metaforiche di questo tipo nella vostra azienda (e anche in voi stessi). E questo non deve nemmeno essere una cosa negativa, al contrario. Ecco tre ragioni per permettere addirittura attivamente tali risultati:<\/p>\n<ol>\n<li><strong>Cultura del rischio<\/strong>. \u00c8 positivo che sia stata intrapresa un'azione. Altrimenti, tali piani possono spesso languire negli uffici per anni perch\u00e9 alcune linee guida si mettono in mezzo. Questo \u00e8 il riflesso di una cultura del rischio nelle aziende: Chiunque intraprenda qualcosa, a volte commette anche degli errori. Impariamo da questo. Questa \u00e8 una buona cosa! Molte aziende innovative assegnano persino dei premi per i pi\u00f9 grandi fallimenti.<\/li>\n<li><strong>Ausbaden<\/strong>. Vedo continuamente che coloro che inventano grandi processi non li applicano mai. La maggior parte delle aziende potrebbe diventare molto pi\u00f9 produttiva se i manager sperimentassero davvero quello che succede \"in trincea\" (non solo sulle piste ciclabili). \"Andare al fronte\" \u00e8 il motto, almeno di tanto in tanto.<\/li>\n<li><strong>Zigzagando.<\/strong> A volte il percorso a zig zag \u00e8 meglio di niente. Molti rimangono nei blocchi di partenza cos\u00ec a lungo che gli altri sono gi\u00e0 al traguardo anche con un vento contrario e zigzagando. E almeno forniscono un esempio divertente al mondo, come qui con la pista ciclabile.<\/li>\n<\/ol>\n<p><strong>Ecco un consiglio:<\/strong> Nella prossima riunione, lasciate che la vostra squadra tragga le proprie conclusioni dal percorso a zig zag del velo. Vediamo se anche loro se ne escono con idee positive come quelle menzionate sopra - o se piuttosto ne parlano con divertimento.<\/p>\n<p>\u00c8 chiaro quali comportamenti permettono una maggiore apertura e performance. Una vera cultura di squadra vincente produce in modo affidabile le migliori prestazioni, anche quando si va a zig zag.<\/p>\n<p><em>All'autore:<br \/>\n<\/em><em>Volkmar V\u00f6lzke \u00e8 un massimizzatore di successi. Autore del libro. Consulente. Allenatore. Altoparlante. <a href=\"http:\/\/www.volkmarvoelzke.ch\/\">www.volkmarvoelzke.ch<\/a><\/em><\/p>","protected":false},"excerpt":{"rendered":"<p>Neulich ging eine lustige Begebenheit durch das Netz: In Berlin wurde ein Veloweg dermassen angelegt, dass es nahezu unm\u00f6glich ist, der Spur zu folgen und Fussg\u00e4ngern auszuweichen (siehe das Bild dazu). Wir finden so etwas spassig, weil es so gar nicht in den Perfektionismus passt, den wir andernorts sehen, gerade in Deutschland und der Schweiz. [&hellip;]<\/p>\n","protected":false},"author":4,"featured_media":4145,"comment_status":"open","ping_status":"open","sticky":false,"template":"","format":"standard","meta":{"_acf_changed":false,"_yoast_wpseo_focuskw":"Zickzack","_yoast_wpseo_metadesc":"Inspiriert durch einen etwas unkonventionell angelegten Veloweg in Berlin hat sich unser Kolumnist Volkmar V\u00f6lzke ein paar Gedanken gemacht.","articlekey":"","footnotes":""},"categories":[28],"tags":[177,306,335],"class_list":["post-4144","post","type-post","status-publish","format-standard","has-post-thumbnail","hentry","category-management","tag-erfolgs-impuls","tag-kolumne","tag-management-und-unternehmensfuehrung"],"acf":[],"yoast_head":"<!-- This site is optimized with the Yoast SEO plugin v27.5 - https:\/\/yoast.com\/product\/yoast-seo-wordpress\/ -->\n<title>Erfolgs-Impuls: Bewegen Sie sich im Zickzack? Gut so! - Organisator<\/title>\n<meta name=\"description\" content=\"Inspiriert durch einen etwas unkonventionell angelegten Veloweg in Berlin hat sich unser Kolumnist Volkmar V\u00f6lzke ein paar Gedanken gemacht.\" \/>\n<meta name=\"robots\" content=\"index, follow, max-snippet:-1, max-image-preview:large, max-video-preview:-1\" \/>\n<link rel=\"canonical\" href=\"https:\/\/www.organisator.ch\/it\/gestione-2\/2018-08-30\/erfolgs-impuls-bewegen-sie-sich-im-zickzack-gut-so\/\" \/>\n<meta property=\"og:locale\" content=\"it_IT\" \/>\n<meta property=\"og:type\" content=\"article\" \/>\n<meta property=\"og:title\" content=\"Erfolgs-Impuls: Bewegen Sie sich im Zickzack? Gut so!\" \/>\n<meta property=\"og:description\" content=\"Inspiriert durch einen etwas unkonventionell angelegten Veloweg in Berlin hat sich unser Kolumnist Volkmar V\u00f6lzke ein paar Gedanken gemacht.\" \/>\n<meta property=\"og:url\" content=\"https:\/\/www.organisator.ch\/it\/gestione-2\/2018-08-30\/erfolgs-impuls-bewegen-sie-sich-im-zickzack-gut-so\/\" \/>\n<meta property=\"og:site_name\" content=\"Organisator\" \/>\n<meta property=\"article:publisher\" content=\"https:\/\/www.facebook.com\/OrganisatorFachmagazin\" \/>\n<meta property=\"article:published_time\" content=\"2018-08-30T06:10:43+00:00\" \/>\n<meta property=\"og:image\" content=\"https:\/\/www.organisator.ch\/wp-content\/uploads\/2018\/08\/Erfolgs-Impuls-Bewegen-Sie-sich-im-Zickzack-Gut-so_Organisator.jpg\" \/>\n\t<meta property=\"og:image:width\" content=\"640\" \/>\n\t<meta property=\"og:image:height\" content=\"291\" \/>\n\t<meta property=\"og:image:type\" content=\"image\/jpeg\" \/>\n<meta name=\"author\" content=\"thomas.berner\" \/>\n<meta name=\"twitter:card\" content=\"summary_large_image\" \/>\n<meta name=\"twitter:title\" content=\"#Erfolgs-Impuls: Bewegen Sie sich im Zickzack? Gut so!\" \/>\n<meta name=\"twitter:description\" content=\"Inspiriert durch einen etwas unkonventionell angelegten Veloweg in Berlin hat sich unser Kolumnist Volkmar V\u00f6lzke ein paar Gedanken gemacht.\" \/>\n<meta name=\"twitter:image\" content=\"https:\/\/www.organisator.ch\/wp-content\/uploads\/2018\/08\/Erfolgs-Impuls-Bewegen-Sie-sich-im-Zickzack-Gut-so_Organisator.jpg\" \/>\n<script type=\"application\/ld+json\" class=\"yoast-schema-graph\">{\"@context\":\"https:\\\/\\\/schema.org\",\"@graph\":[{\"@type\":\"Article\",\"@id\":\"https:\\\/\\\/www.organisator.ch\\\/management\\\/2018-08-30\\\/erfolgs-impuls-bewegen-sie-sich-im-zickzack-gut-so\\\/#article\",\"isPartOf\":{\"@id\":\"https:\\\/\\\/www.organisator.ch\\\/management\\\/2018-08-30\\\/erfolgs-impuls-bewegen-sie-sich-im-zickzack-gut-so\\\/\"},\"author\":{\"name\":\"thomas.berner\",\"@id\":\"https:\\\/\\\/www.organisator.ch\\\/#\\\/schema\\\/person\\\/6f650f90b2842cd4c0cc334b4e36f67e\"},\"headline\":\"Erfolgs-Impuls: Bewegen Sie sich im Zickzack? Gut so!\",\"datePublished\":\"2018-08-30T06:10:43+00:00\",\"mainEntityOfPage\":{\"@id\":\"https:\\\/\\\/www.organisator.ch\\\/management\\\/2018-08-30\\\/erfolgs-impuls-bewegen-sie-sich-im-zickzack-gut-so\\\/\"},\"wordCount\":405,\"commentCount\":0,\"publisher\":{\"@id\":\"https:\\\/\\\/www.organisator.ch\\\/#organization\"},\"image\":{\"@id\":\"https:\\\/\\\/www.organisator.ch\\\/management\\\/2018-08-30\\\/erfolgs-impuls-bewegen-sie-sich-im-zickzack-gut-so\\\/#primaryimage\"},\"thumbnailUrl\":\"https:\\\/\\\/www.organisator.ch\\\/wp-content\\\/uploads\\\/2018\\\/08\\\/Erfolgs-Impuls-Bewegen-Sie-sich-im-Zickzack-Gut-so_Organisator.jpg\",\"keywords\":[\"Erfolgs-Impuls\",\"Kolumne\",\"Management und Unternehmensf\u00fchrung\"],\"articleSection\":[\"MANAGEMENT\"],\"inLanguage\":\"it-IT\"},{\"@type\":\"WebPage\",\"@id\":\"https:\\\/\\\/www.organisator.ch\\\/management\\\/2018-08-30\\\/erfolgs-impuls-bewegen-sie-sich-im-zickzack-gut-so\\\/\",\"url\":\"https:\\\/\\\/www.organisator.ch\\\/management\\\/2018-08-30\\\/erfolgs-impuls-bewegen-sie-sich-im-zickzack-gut-so\\\/\",\"name\":\"Erfolgs-Impuls: Bewegen Sie sich im Zickzack? Gut so! - Organisator\",\"isPartOf\":{\"@id\":\"https:\\\/\\\/www.organisator.ch\\\/#website\"},\"primaryImageOfPage\":{\"@id\":\"https:\\\/\\\/www.organisator.ch\\\/management\\\/2018-08-30\\\/erfolgs-impuls-bewegen-sie-sich-im-zickzack-gut-so\\\/#primaryimage\"},\"image\":{\"@id\":\"https:\\\/\\\/www.organisator.ch\\\/management\\\/2018-08-30\\\/erfolgs-impuls-bewegen-sie-sich-im-zickzack-gut-so\\\/#primaryimage\"},\"thumbnailUrl\":\"https:\\\/\\\/www.organisator.ch\\\/wp-content\\\/uploads\\\/2018\\\/08\\\/Erfolgs-Impuls-Bewegen-Sie-sich-im-Zickzack-Gut-so_Organisator.jpg\",\"datePublished\":\"2018-08-30T06:10:43+00:00\",\"description\":\"Inspiriert durch einen etwas unkonventionell angelegten Veloweg in Berlin hat sich unser Kolumnist Volkmar V\u00f6lzke ein paar Gedanken gemacht.\",\"breadcrumb\":{\"@id\":\"https:\\\/\\\/www.organisator.ch\\\/management\\\/2018-08-30\\\/erfolgs-impuls-bewegen-sie-sich-im-zickzack-gut-so\\\/#breadcrumb\"},\"inLanguage\":\"it-IT\",\"potentialAction\":[{\"@type\":\"ReadAction\",\"target\":[\"https:\\\/\\\/www.organisator.ch\\\/management\\\/2018-08-30\\\/erfolgs-impuls-bewegen-sie-sich-im-zickzack-gut-so\\\/\"]}]},{\"@type\":\"ImageObject\",\"inLanguage\":\"it-IT\",\"@id\":\"https:\\\/\\\/www.organisator.ch\\\/management\\\/2018-08-30\\\/erfolgs-impuls-bewegen-sie-sich-im-zickzack-gut-so\\\/#primaryimage\",\"url\":\"https:\\\/\\\/www.organisator.ch\\\/wp-content\\\/uploads\\\/2018\\\/08\\\/Erfolgs-Impuls-Bewegen-Sie-sich-im-Zickzack-Gut-so_Organisator.jpg\",\"contentUrl\":\"https:\\\/\\\/www.organisator.ch\\\/wp-content\\\/uploads\\\/2018\\\/08\\\/Erfolgs-Impuls-Bewegen-Sie-sich-im-Zickzack-Gut-so_Organisator.jpg\",\"width\":640,\"height\":291,\"caption\":\"(Bild: Screenshot https:\\\/\\\/www.youtube.com\\\/watch?v=LOozEpayFkA)\"},{\"@type\":\"BreadcrumbList\",\"@id\":\"https:\\\/\\\/www.organisator.ch\\\/management\\\/2018-08-30\\\/erfolgs-impuls-bewegen-sie-sich-im-zickzack-gut-so\\\/#breadcrumb\",\"itemListElement\":[{\"@type\":\"ListItem\",\"position\":1,\"name\":\"Home\",\"item\":\"https:\\\/\\\/www.organisator.ch\\\/\"},{\"@type\":\"ListItem\",\"position\":2,\"name\":\"Erfolgs-Impuls: Bewegen Sie sich im Zickzack? Gut so!\"}]},{\"@type\":\"WebSite\",\"@id\":\"https:\\\/\\\/www.organisator.ch\\\/#website\",\"url\":\"https:\\\/\\\/www.organisator.ch\\\/\",\"name\":\"Organisator\",\"description\":\"Kompetent. Praxisnah. Der ORGANISATOR bereitet in 10 Ausgaben pro Jahr die wesentlichen Themen f\u00fcr F\u00fchrungskr\u00e4fte von KMU auf.\",\"publisher\":{\"@id\":\"https:\\\/\\\/www.organisator.ch\\\/#organization\"},\"potentialAction\":[{\"@type\":\"SearchAction\",\"target\":{\"@type\":\"EntryPoint\",\"urlTemplate\":\"https:\\\/\\\/www.organisator.ch\\\/?s={search_term_string}\"},\"query-input\":{\"@type\":\"PropertyValueSpecification\",\"valueRequired\":true,\"valueName\":\"search_term_string\"}}],\"inLanguage\":\"it-IT\"},{\"@type\":\"Organization\",\"@id\":\"https:\\\/\\\/www.organisator.ch\\\/#organization\",\"name\":\"Organisator\",\"url\":\"https:\\\/\\\/www.organisator.ch\\\/\",\"logo\":{\"@type\":\"ImageObject\",\"inLanguage\":\"it-IT\",\"@id\":\"https:\\\/\\\/www.organisator.ch\\\/#\\\/schema\\\/logo\\\/image\\\/\",\"url\":\"https:\\\/\\\/www.organisator.ch\\\/wp-content\\\/uploads\\\/2022\\\/01\\\/Logo_Organisator_Website.png\",\"contentUrl\":\"https:\\\/\\\/www.organisator.ch\\\/wp-content\\\/uploads\\\/2022\\\/01\\\/Logo_Organisator_Website.png\",\"width\":800,\"height\":77,\"caption\":\"Organisator\"},\"image\":{\"@id\":\"https:\\\/\\\/www.organisator.ch\\\/#\\\/schema\\\/logo\\\/image\\\/\"},\"sameAs\":[\"https:\\\/\\\/www.facebook.com\\\/OrganisatorFachmagazin\",\"https:\\\/\\\/www.linkedin.com\\\/showcase\\\/organisator-das-magazin-fr-kmu\",\"https:\\\/\\\/www.xing.com\\\/news\\\/pages\\\/organisator-ch-695\",\"https:\\\/\\\/www.youtube.com\\\/channel\\\/UCGP2Sq0iWaZwT3BdIAQFYpw\"]},{\"@type\":\"Person\",\"@id\":\"https:\\\/\\\/www.organisator.ch\\\/#\\\/schema\\\/person\\\/6f650f90b2842cd4c0cc334b4e36f67e\",\"name\":\"thomas.berner\",\"image\":{\"@type\":\"ImageObject\",\"inLanguage\":\"it-IT\",\"@id\":\"https:\\\/\\\/secure.gravatar.com\\\/avatar\\\/ac5001d2a36cb6c6cd3e50789007ffca834b477b74a2144564522e944eabff61?s=96&d=mm&r=g\",\"url\":\"https:\\\/\\\/secure.gravatar.com\\\/avatar\\\/ac5001d2a36cb6c6cd3e50789007ffca834b477b74a2144564522e944eabff61?s=96&d=mm&r=g\",\"contentUrl\":\"https:\\\/\\\/secure.gravatar.com\\\/avatar\\\/ac5001d2a36cb6c6cd3e50789007ffca834b477b74a2144564522e944eabff61?s=96&d=mm&r=g\",\"caption\":\"thomas.berner\"},\"url\":\"https:\\\/\\\/www.organisator.ch\\\/it\\\/author\\\/thomas-berner\\\/\"}]}<\/script>\n<!-- \/ Yoast SEO plugin. -->","yoast_head_json":{"title":"Impulso al successo: vi state muovendo a zig zag? Ecco fatto! - Organizzatore","description":"Ispirato da una pista ciclabile di Berlino dal design poco convenzionale, il nostro editorialista Volkmar V\u00f6lzke ha espresso alcune riflessioni.","robots":{"index":"index","follow":"follow","max-snippet":"max-snippet:-1","max-image-preview":"max-image-preview:large","max-video-preview":"max-video-preview:-1"},"canonical":"https:\/\/www.organisator.ch\/it\/gestione-2\/2018-08-30\/erfolgs-impuls-bewegen-sie-sich-im-zickzack-gut-so\/","og_locale":"it_IT","og_type":"article","og_title":"Erfolgs-Impuls: Bewegen Sie sich im Zickzack? Gut so!","og_description":"Inspiriert durch einen etwas unkonventionell angelegten Veloweg in Berlin hat sich unser Kolumnist Volkmar V\u00f6lzke ein paar Gedanken gemacht.","og_url":"https:\/\/www.organisator.ch\/it\/gestione-2\/2018-08-30\/erfolgs-impuls-bewegen-sie-sich-im-zickzack-gut-so\/","og_site_name":"Organisator","article_publisher":"https:\/\/www.facebook.com\/OrganisatorFachmagazin","article_published_time":"2018-08-30T06:10:43+00:00","og_image":[{"width":640,"height":291,"url":"https:\/\/www.organisator.ch\/wp-content\/uploads\/2018\/08\/Erfolgs-Impuls-Bewegen-Sie-sich-im-Zickzack-Gut-so_Organisator.jpg","type":"image\/jpeg"}],"author":"thomas.berner","twitter_card":"summary_large_image","twitter_title":"#Erfolgs-Impuls: Bewegen Sie sich im Zickzack? Gut so!","twitter_description":"Inspiriert durch einen etwas unkonventionell angelegten Veloweg in Berlin hat sich unser Kolumnist Volkmar V\u00f6lzke ein paar Gedanken gemacht.","twitter_image":"https:\/\/www.organisator.ch\/wp-content\/uploads\/2018\/08\/Erfolgs-Impuls-Bewegen-Sie-sich-im-Zickzack-Gut-so_Organisator.jpg","schema":{"@context":"https:\/\/schema.org","@graph":[{"@type":"Article","@id":"https:\/\/www.organisator.ch\/management\/2018-08-30\/erfolgs-impuls-bewegen-sie-sich-im-zickzack-gut-so\/#article","isPartOf":{"@id":"https:\/\/www.organisator.ch\/management\/2018-08-30\/erfolgs-impuls-bewegen-sie-sich-im-zickzack-gut-so\/"},"author":{"name":"thomas.berner","@id":"https:\/\/www.organisator.ch\/#\/schema\/person\/6f650f90b2842cd4c0cc334b4e36f67e"},"headline":"Erfolgs-Impuls: Bewegen Sie sich im Zickzack? Gut so!","datePublished":"2018-08-30T06:10:43+00:00","mainEntityOfPage":{"@id":"https:\/\/www.organisator.ch\/management\/2018-08-30\/erfolgs-impuls-bewegen-sie-sich-im-zickzack-gut-so\/"},"wordCount":405,"commentCount":0,"publisher":{"@id":"https:\/\/www.organisator.ch\/#organization"},"image":{"@id":"https:\/\/www.organisator.ch\/management\/2018-08-30\/erfolgs-impuls-bewegen-sie-sich-im-zickzack-gut-so\/#primaryimage"},"thumbnailUrl":"https:\/\/www.organisator.ch\/wp-content\/uploads\/2018\/08\/Erfolgs-Impuls-Bewegen-Sie-sich-im-Zickzack-Gut-so_Organisator.jpg","keywords":["Erfolgs-Impuls","Kolumne","Management und Unternehmensf\u00fchrung"],"articleSection":["MANAGEMENT"],"inLanguage":"it-IT"},{"@type":"WebPage","@id":"https:\/\/www.organisator.ch\/management\/2018-08-30\/erfolgs-impuls-bewegen-sie-sich-im-zickzack-gut-so\/","url":"https:\/\/www.organisator.ch\/management\/2018-08-30\/erfolgs-impuls-bewegen-sie-sich-im-zickzack-gut-so\/","name":"Impulso al successo: vi state muovendo a zig zag? Ecco fatto! - Organizzatore","isPartOf":{"@id":"https:\/\/www.organisator.ch\/#website"},"primaryImageOfPage":{"@id":"https:\/\/www.organisator.ch\/management\/2018-08-30\/erfolgs-impuls-bewegen-sie-sich-im-zickzack-gut-so\/#primaryimage"},"image":{"@id":"https:\/\/www.organisator.ch\/management\/2018-08-30\/erfolgs-impuls-bewegen-sie-sich-im-zickzack-gut-so\/#primaryimage"},"thumbnailUrl":"https:\/\/www.organisator.ch\/wp-content\/uploads\/2018\/08\/Erfolgs-Impuls-Bewegen-Sie-sich-im-Zickzack-Gut-so_Organisator.jpg","datePublished":"2018-08-30T06:10:43+00:00","description":"Ispirato da una pista ciclabile di Berlino dal design poco convenzionale, il nostro editorialista Volkmar V\u00f6lzke ha espresso alcune riflessioni.","breadcrumb":{"@id":"https:\/\/www.organisator.ch\/management\/2018-08-30\/erfolgs-impuls-bewegen-sie-sich-im-zickzack-gut-so\/#breadcrumb"},"inLanguage":"it-IT","potentialAction":[{"@type":"ReadAction","target":["https:\/\/www.organisator.ch\/management\/2018-08-30\/erfolgs-impuls-bewegen-sie-sich-im-zickzack-gut-so\/"]}]},{"@type":"ImageObject","inLanguage":"it-IT","@id":"https:\/\/www.organisator.ch\/management\/2018-08-30\/erfolgs-impuls-bewegen-sie-sich-im-zickzack-gut-so\/#primaryimage","url":"https:\/\/www.organisator.ch\/wp-content\/uploads\/2018\/08\/Erfolgs-Impuls-Bewegen-Sie-sich-im-Zickzack-Gut-so_Organisator.jpg","contentUrl":"https:\/\/www.organisator.ch\/wp-content\/uploads\/2018\/08\/Erfolgs-Impuls-Bewegen-Sie-sich-im-Zickzack-Gut-so_Organisator.jpg","width":640,"height":291,"caption":"(Bild: Screenshot https:\/\/www.youtube.com\/watch?v=LOozEpayFkA)"},{"@type":"BreadcrumbList","@id":"https:\/\/www.organisator.ch\/management\/2018-08-30\/erfolgs-impuls-bewegen-sie-sich-im-zickzack-gut-so\/#breadcrumb","itemListElement":[{"@type":"ListItem","position":1,"name":"Home","item":"https:\/\/www.organisator.ch\/"},{"@type":"ListItem","position":2,"name":"Erfolgs-Impuls: Bewegen Sie sich im Zickzack? Gut so!"}]},{"@type":"WebSite","@id":"https:\/\/www.organisator.ch\/#website","url":"https:\/\/www.organisator.ch\/","name":"Organizzatore","description":"Competente. Pratico. In 10 numeri all'anno, ORGANISATOR presenta i temi essenziali per i manager delle PMI.","publisher":{"@id":"https:\/\/www.organisator.ch\/#organization"},"potentialAction":[{"@type":"SearchAction","target":{"@type":"EntryPoint","urlTemplate":"https:\/\/www.organisator.ch\/?s={search_term_string}"},"query-input":{"@type":"PropertyValueSpecification","valueRequired":true,"valueName":"search_term_string"}}],"inLanguage":"it-IT"},{"@type":"Organization","@id":"https:\/\/www.organisator.ch\/#organization","name":"Organizzatore","url":"https:\/\/www.organisator.ch\/","logo":{"@type":"ImageObject","inLanguage":"it-IT","@id":"https:\/\/www.organisator.ch\/#\/schema\/logo\/image\/","url":"https:\/\/www.organisator.ch\/wp-content\/uploads\/2022\/01\/Logo_Organisator_Website.png","contentUrl":"https:\/\/www.organisator.ch\/wp-content\/uploads\/2022\/01\/Logo_Organisator_Website.png","width":800,"height":77,"caption":"Organisator"},"image":{"@id":"https:\/\/www.organisator.ch\/#\/schema\/logo\/image\/"},"sameAs":["https:\/\/www.facebook.com\/OrganisatorFachmagazin","https:\/\/www.linkedin.com\/showcase\/organisator-das-magazin-fr-kmu","https:\/\/www.xing.com\/news\/pages\/organisator-ch-695","https:\/\/www.youtube.com\/channel\/UCGP2Sq0iWaZwT3BdIAQFYpw"]},{"@type":"Person","@id":"https:\/\/www.organisator.ch\/#\/schema\/person\/6f650f90b2842cd4c0cc334b4e36f67e","name":"Tommaso.berner","image":{"@type":"ImageObject","inLanguage":"it-IT","@id":"https:\/\/secure.gravatar.com\/avatar\/ac5001d2a36cb6c6cd3e50789007ffca834b477b74a2144564522e944eabff61?s=96&d=mm&r=g","url":"https:\/\/secure.gravatar.com\/avatar\/ac5001d2a36cb6c6cd3e50789007ffca834b477b74a2144564522e944eabff61?s=96&d=mm&r=g","contentUrl":"https:\/\/secure.gravatar.com\/avatar\/ac5001d2a36cb6c6cd3e50789007ffca834b477b74a2144564522e944eabff61?s=96&d=mm&r=g","caption":"thomas.berner"},"url":"https:\/\/www.organisator.ch\/it\/author\/thomas-berner\/"}]}},"_links":{"self":[{"href":"https:\/\/www.organisator.ch\/it\/wp-json\/wp\/v2\/posts\/4144","targetHints":{"allow":["GET"]}}],"collection":[{"href":"https:\/\/www.organisator.ch\/it\/wp-json\/wp\/v2\/posts"}],"about":[{"href":"https:\/\/www.organisator.ch\/it\/wp-json\/wp\/v2\/types\/post"}],"author":[{"embeddable":true,"href":"https:\/\/www.organisator.ch\/it\/wp-json\/wp\/v2\/users\/4"}],"replies":[{"embeddable":true,"href":"https:\/\/www.organisator.ch\/it\/wp-json\/wp\/v2\/comments?post=4144"}],"version-history":[{"count":0,"href":"https:\/\/www.organisator.ch\/it\/wp-json\/wp\/v2\/posts\/4144\/revisions"}],"wp:featuredmedia":[{"embeddable":true,"href":"https:\/\/www.organisator.ch\/it\/wp-json\/wp\/v2\/media\/4145"}],"wp:attachment":[{"href":"https:\/\/www.organisator.ch\/it\/wp-json\/wp\/v2\/media?parent=4144"}],"wp:term":[{"taxonomy":"category","embeddable":true,"href":"https:\/\/www.organisator.ch\/it\/wp-json\/wp\/v2\/categories?post=4144"},{"taxonomy":"post_tag","embeddable":true,"href":"https:\/\/www.organisator.ch\/it\/wp-json\/wp\/v2\/tags?post=4144"}],"curies":[{"name":"wp","href":"https:\/\/api.w.org\/{rel}","templated":true}]}}