{"id":41446,"date":"2025-10-22T10:37:17","date_gmt":"2025-10-22T08:37:17","guid":{"rendered":"https:\/\/www.markt-kom.com\/?p=244208"},"modified":"2025-10-23T09:31:43","modified_gmt":"2025-10-23T07:31:43","slug":"oniwa-erste-non-profit-marketingagentur-der-schweiz-startet-in-zuerich","status":"publish","type":"post","link":"https:\/\/www.organisator.ch\/it\/marketing\/2025-10-22\/oniwa-erste-non-profit-marketingagentur-der-schweiz-startet-in-zuerich\/","title":{"rendered":"Oniwa: a Zurigo nasce la prima agenzia di marketing no-profit della Svizzera"},"content":{"rendered":"<article class=\"text-token-text-primary w-full focus:outline-none [--shadow-height:45px] has-data-writing-block:pointer-events-none has-data-writing-block:-mt-(--shadow-height) has-data-writing-block:pt-(--shadow-height) [&amp;:has([data-writing-block])&gt;*]:pointer-events-auto scroll-mt-[calc(var(--header-height)+min(200px,max(70px,20svh)))]\" dir=\"auto\" tabindex=\"-1\" data-turn-id=\"request-68f090eb-0ef4-8332-87af-9a73156a0139-0\" data-testid=\"conversation-turn-48\" data-scroll-anchor=\"true\" data-turn=\"assistant\">\r\n<div class=\"text-base my-auto mx-auto pb-10 [--thread-content-margin:--spacing(4)] thread-sm:[--thread-content-margin:--spacing(6)] thread-lg:[--thread-content-margin:--spacing(16)] px-(--thread-content-margin)\">\r\n<div class=\"[--thread-content-max-width:40rem] thread-lg:[--thread-content-max-width:48rem] mx-auto max-w-(--thread-content-max-width) flex-1 group\/turn-messages focus-visible:outline-hidden relative flex w-full min-w-0 flex-col agent-turn\" tabindex=\"-1\">\r\n<div class=\"flex max-w-full flex-col grow\">\r\n<div class=\"min-h-8 text-message relative flex w-full flex-col items-end gap-2 text-start break-words whitespace-normal [.text-message+&amp;]:mt-1\" dir=\"auto\" data-message-author-role=\"assistant\" data-message-id=\"82695d3d-7a03-4ee6-b41a-505dc58bc38e\" data-message-model-slug=\"gpt-5\">\r\n<div class=\"flex w-full flex-col gap-1 empty:hidden first:pt-[1px]\">\r\n<div class=\"markdown prose dark:prose-invert w-full break-words light markdown-new-styling\">\r\n<p data-start=\"537\" data-end=\"977\"><img class=\"alignnone size-full wp-image-244205\" src=\"https:\/\/www.markt-kom.com\/wp-content\/uploads\/2025\/10\/Pressebild_Zanetti-Obiegbu.jpg\" sizes=\"(max-width: 1200px) 100vw, 1200px\" srcset=\"https:\/\/www.markt-kom.com\/wp-content\/uploads\/2025\/10\/Pressebild_Zanetti-Obiegbu.jpg 1200w, https:\/\/www.markt-kom.com\/wp-content\/uploads\/2025\/10\/Pressebild_Zanetti-Obiegbu-600x412.jpg 600w, https:\/\/www.markt-kom.com\/wp-content\/uploads\/2025\/10\/Pressebild_Zanetti-Obiegbu-1024x702.jpg 1024w, https:\/\/www.markt-kom.com\/wp-content\/uploads\/2025\/10\/Pressebild_Zanetti-Obiegbu-768x527.jpg 768w, https:\/\/www.markt-kom.com\/wp-content\/uploads\/2025\/10\/Pressebild_Zanetti-Obiegbu-18x12.jpg 18w, https:\/\/www.markt-kom.com\/wp-content\/uploads\/2025\/10\/Pressebild_Zanetti-Obiegbu-255x175.jpg 255w, https:\/\/www.markt-kom.com\/wp-content\/uploads\/2025\/10\/Pressebild_Zanetti-Obiegbu-510x350.jpg 510w, https:\/\/www.markt-kom.com\/wp-content\/uploads\/2025\/10\/Pressebild_Zanetti-Obiegbu-1000x686.jpg 1000w\" alt=\"\" width=\"1200\" height=\"823\" \/><\/p>\r\n<p data-start=\"537\" data-end=\"977\">Oniwa versteht sich nicht als klassische Agentur, sondern als gemeinn\u00fctziger Verein und kollektive Bewegung f\u00fcr verantwortungsvolle Kommunikation. Gearbeitet wird ausschliesslich kostendeckend oder pro bono, etwa f\u00fcr NGOs, NPOs, soziale Initiativen und Unternehmen mit \u00f6kologischem oder gesellschaftlichem Zweck. \u201eWir wollen zeigen, dass professionelles Marketing kein Privileg grosser Budgets sein muss\u201c, sagt Mitgr\u00fcnder Obiegbu.<\/p>\r\n<p data-start=\"979\" data-end=\"1263\">Das Leistungsangebot umfasst Social-Media-Marketing, Spendenkampagnen, Markenkommunikation sowie Events und Stunts. Ein Netzwerk von Expert:innen aus Strategie, Design und Digital unterst\u00fctzt die Projekte \u2013 viele von ihnen mit Erfahrung aus internationalen Agenturen und Marken.<\/p>\r\n<p data-start=\"1265\" data-end=\"1578\">Finanziert wird Oniwa \u00fcber klassische Auftr\u00e4ge, Spenden und F\u00f6rderbeitr\u00e4ge. Zus\u00e4tzlich k\u00f6nnen Fachleute aus der Branche freiwillige Arbeitszeit spenden, um gemeinn\u00fctzige Projekte zu unterst\u00fctzen. So soll langfristig ein Modell entstehen, das professionelle Kommunikation auch ohne Gewinnorientierung erm\u00f6glicht.<\/p>\r\n<p data-start=\"1580\" data-end=\"1806\">Erste Gespr\u00e4che mit potenziellen Partnerorganisationen laufen bereits. F\u00fcr Co-Gr\u00fcnderin Lara Zanetti ist klar: \u00abWir m\u00f6chten Haltung in die Kommunikationswelt bringen \u2013 mit Ideen, die wirken, aber nicht verkaufen m\u00fcssen.\u00bb<\/p>\r\n<hr \/>\r\n<p data-start=\"1808\" data-end=\"1873\" data-is-last-node=\"\" data-is-only-node=\"\">Weitere Informationen unter <a class=\"decorated-link\" href=\"https:\/\/www.oniwa.ch\/\" rel=\"noopener\" data-start=\"1836\" data-end=\"1872\">www.oniwa.ch<\/a>.<\/p>\r\n<\/div>\r\n<\/div>\r\n<\/div>\r\n<\/div>\r\n<div class=\"z-0 flex min-h-[46px] justify-start\">\u00a0<\/div>\r\n<div class=\"mt-3 w-full empty:hidden\">\r\n<div class=\"text-center\">\u00a0<\/div>\r\n<\/div>\r\n<\/div>\r\n<\/div>\r\n<\/article>\r\n<div class=\"pointer-events-none h-px w-px\" aria-hidden=\"true\" data-edge=\"true\">\u00a0<\/div>","protected":false},"excerpt":{"rendered":"<p>Oniwa \u00e8 la prima agenzia di marketing no-profit in Svizzera a essere stata lanciata a Zurigo. Le menti creative dietro il progetto sono Clement Obiegbu (ex Heimat Berlin, TBWA\\Z\u00fcrich) e Lara Zanetti, ex responsabile marketing della start-up zurighese Chimpy. Il loro obiettivo: ripensare il marketing e la pubblicit\u00e0 in modo etico, indipendentemente dalle aspettative di profitto.<\/p>","protected":false},"author":8,"featured_media":0,"comment_status":"closed","ping_status":"closed","sticky":false,"template":"","format":"standard","meta":{"_acf_changed":false,"_yoast_wpseo_focuskw":"Oniwa","_yoast_wpseo_metadesc":"Mit Oniwa startet in Z\u00fcrich die erste Non-Profit-Marketingagentur der Schweiz. Ziel: Marketing und Werbung ethisch neu denken.","articlekey":"","footnotes":""},"categories":[29],"tags":[4345,2853,4343,5620],"class_list":["post-41446","post","type-post","status-publish","format-standard","hentry","category-marketing","tag-business","tag-jobchange","tag-markom","tag-oniwa"],"acf":[],"yoast_head":"<!-- This site is optimized with the Yoast SEO plugin v27.5 - https:\/\/yoast.com\/product\/yoast-seo-wordpress\/ -->\n<title>Oniwa: Erste Non-Profit-Marketingagentur der Schweiz startet in Z\u00fcrich - Organisator<\/title>\n<meta name=\"description\" content=\"Mit Oniwa startet in Z\u00fcrich die erste Non-Profit-Marketingagentur der Schweiz. Ziel: Marketing und Werbung ethisch neu denken.\" \/>\n<meta name=\"robots\" content=\"index, follow, max-snippet:-1, max-image-preview:large, max-video-preview:-1\" \/>\n<link rel=\"canonical\" href=\"https:\/\/www.organisator.ch\/it\/marketing\/2025-10-22\/oniwa-erste-non-profit-marketingagentur-der-schweiz-startet-in-zuerich\/\" \/>\n<meta property=\"og:locale\" content=\"it_IT\" \/>\n<meta property=\"og:type\" content=\"article\" \/>\n<meta property=\"og:title\" content=\"Oniwa: Erste Non-Profit-Marketingagentur der Schweiz startet in Z\u00fcrich - Organisator\" \/>\n<meta property=\"og:description\" content=\"Mit Oniwa startet in Z\u00fcrich die erste Non-Profit-Marketingagentur der Schweiz. Ziel: Marketing und Werbung ethisch neu denken.\" \/>\n<meta property=\"og:url\" content=\"https:\/\/www.organisator.ch\/it\/marketing\/2025-10-22\/oniwa-erste-non-profit-marketingagentur-der-schweiz-startet-in-zuerich\/\" \/>\n<meta property=\"og:site_name\" content=\"Organisator\" \/>\n<meta property=\"article:publisher\" content=\"https:\/\/www.facebook.com\/OrganisatorFachmagazin\" \/>\n<meta property=\"article:published_time\" content=\"2025-10-22T08:37:17+00:00\" \/>\n<meta property=\"article:modified_time\" content=\"2025-10-23T07:31:43+00:00\" \/>\n<meta name=\"author\" content=\"galledia\" \/>\n<meta name=\"twitter:card\" content=\"summary_large_image\" \/>\n<meta name=\"twitter:creator\" content=\"@admin\" \/>\n<script type=\"application\/ld+json\" class=\"yoast-schema-graph\">{\"@context\":\"https:\\\/\\\/schema.org\",\"@graph\":[{\"@type\":\"Article\",\"@id\":\"https:\\\/\\\/www.organisator.ch\\\/marketing\\\/2025-10-22\\\/oniwa-erste-non-profit-marketingagentur-der-schweiz-startet-in-zuerich\\\/#article\",\"isPartOf\":{\"@id\":\"https:\\\/\\\/www.organisator.ch\\\/marketing\\\/2025-10-22\\\/oniwa-erste-non-profit-marketingagentur-der-schweiz-startet-in-zuerich\\\/\"},\"author\":{\"name\":\"galledia\",\"@id\":\"https:\\\/\\\/www.organisator.ch\\\/#\\\/schema\\\/person\\\/4e51799071cd2dd1232ac003643ef5f0\"},\"headline\":\"Oniwa: Erste Non-Profit-Marketingagentur der Schweiz startet in Z\u00fcrich\",\"datePublished\":\"2025-10-22T08:37:17+00:00\",\"dateModified\":\"2025-10-23T07:31:43+00:00\",\"mainEntityOfPage\":{\"@id\":\"https:\\\/\\\/www.organisator.ch\\\/marketing\\\/2025-10-22\\\/oniwa-erste-non-profit-marketingagentur-der-schweiz-startet-in-zuerich\\\/\"},\"wordCount\":182,\"publisher\":{\"@id\":\"https:\\\/\\\/www.organisator.ch\\\/#organization\"},\"image\":{\"@id\":\"https:\\\/\\\/www.organisator.ch\\\/marketing\\\/2025-10-22\\\/oniwa-erste-non-profit-marketingagentur-der-schweiz-startet-in-zuerich\\\/#primaryimage\"},\"thumbnailUrl\":\"https:\\\/\\\/www.markt-kom.com\\\/wp-content\\\/uploads\\\/2025\\\/10\\\/Pressebild_Zanetti-Obiegbu.jpg\",\"keywords\":[\"Business\",\"Jobchange\",\"MarKom\",\"Oniwa\"],\"articleSection\":[\"MARKETING\"],\"inLanguage\":\"it-IT\"},{\"@type\":\"WebPage\",\"@id\":\"https:\\\/\\\/www.organisator.ch\\\/marketing\\\/2025-10-22\\\/oniwa-erste-non-profit-marketingagentur-der-schweiz-startet-in-zuerich\\\/\",\"url\":\"https:\\\/\\\/www.organisator.ch\\\/marketing\\\/2025-10-22\\\/oniwa-erste-non-profit-marketingagentur-der-schweiz-startet-in-zuerich\\\/\",\"name\":\"Oniwa: Erste Non-Profit-Marketingagentur der Schweiz startet in Z\u00fcrich - Organisator\",\"isPartOf\":{\"@id\":\"https:\\\/\\\/www.organisator.ch\\\/#website\"},\"primaryImageOfPage\":{\"@id\":\"https:\\\/\\\/www.organisator.ch\\\/marketing\\\/2025-10-22\\\/oniwa-erste-non-profit-marketingagentur-der-schweiz-startet-in-zuerich\\\/#primaryimage\"},\"image\":{\"@id\":\"https:\\\/\\\/www.organisator.ch\\\/marketing\\\/2025-10-22\\\/oniwa-erste-non-profit-marketingagentur-der-schweiz-startet-in-zuerich\\\/#primaryimage\"},\"thumbnailUrl\":\"https:\\\/\\\/www.markt-kom.com\\\/wp-content\\\/uploads\\\/2025\\\/10\\\/Pressebild_Zanetti-Obiegbu.jpg\",\"datePublished\":\"2025-10-22T08:37:17+00:00\",\"dateModified\":\"2025-10-23T07:31:43+00:00\",\"description\":\"Mit Oniwa startet in Z\u00fcrich die erste Non-Profit-Marketingagentur der Schweiz. Ziel: Marketing und Werbung ethisch neu denken.\",\"breadcrumb\":{\"@id\":\"https:\\\/\\\/www.organisator.ch\\\/marketing\\\/2025-10-22\\\/oniwa-erste-non-profit-marketingagentur-der-schweiz-startet-in-zuerich\\\/#breadcrumb\"},\"inLanguage\":\"it-IT\",\"potentialAction\":[{\"@type\":\"ReadAction\",\"target\":[\"https:\\\/\\\/www.organisator.ch\\\/marketing\\\/2025-10-22\\\/oniwa-erste-non-profit-marketingagentur-der-schweiz-startet-in-zuerich\\\/\"]}]},{\"@type\":\"ImageObject\",\"inLanguage\":\"it-IT\",\"@id\":\"https:\\\/\\\/www.organisator.ch\\\/marketing\\\/2025-10-22\\\/oniwa-erste-non-profit-marketingagentur-der-schweiz-startet-in-zuerich\\\/#primaryimage\",\"url\":\"https:\\\/\\\/www.markt-kom.com\\\/wp-content\\\/uploads\\\/2025\\\/10\\\/Pressebild_Zanetti-Obiegbu.jpg\",\"contentUrl\":\"https:\\\/\\\/www.markt-kom.com\\\/wp-content\\\/uploads\\\/2025\\\/10\\\/Pressebild_Zanetti-Obiegbu.jpg\"},{\"@type\":\"BreadcrumbList\",\"@id\":\"https:\\\/\\\/www.organisator.ch\\\/marketing\\\/2025-10-22\\\/oniwa-erste-non-profit-marketingagentur-der-schweiz-startet-in-zuerich\\\/#breadcrumb\",\"itemListElement\":[{\"@type\":\"ListItem\",\"position\":1,\"name\":\"Home\",\"item\":\"https:\\\/\\\/www.organisator.ch\\\/\"},{\"@type\":\"ListItem\",\"position\":2,\"name\":\"Oniwa: Erste Non-Profit-Marketingagentur der Schweiz startet in Z\u00fcrich\"}]},{\"@type\":\"WebSite\",\"@id\":\"https:\\\/\\\/www.organisator.ch\\\/#website\",\"url\":\"https:\\\/\\\/www.organisator.ch\\\/\",\"name\":\"Organisator\",\"description\":\"Kompetent. Praxisnah. Der ORGANISATOR bereitet in 10 Ausgaben pro Jahr die wesentlichen Themen f\u00fcr F\u00fchrungskr\u00e4fte von KMU auf.\",\"publisher\":{\"@id\":\"https:\\\/\\\/www.organisator.ch\\\/#organization\"},\"potentialAction\":[{\"@type\":\"SearchAction\",\"target\":{\"@type\":\"EntryPoint\",\"urlTemplate\":\"https:\\\/\\\/www.organisator.ch\\\/?s={search_term_string}\"},\"query-input\":{\"@type\":\"PropertyValueSpecification\",\"valueRequired\":true,\"valueName\":\"search_term_string\"}}],\"inLanguage\":\"it-IT\"},{\"@type\":\"Organization\",\"@id\":\"https:\\\/\\\/www.organisator.ch\\\/#organization\",\"name\":\"Organisator\",\"url\":\"https:\\\/\\\/www.organisator.ch\\\/\",\"logo\":{\"@type\":\"ImageObject\",\"inLanguage\":\"it-IT\",\"@id\":\"https:\\\/\\\/www.organisator.ch\\\/#\\\/schema\\\/logo\\\/image\\\/\",\"url\":\"https:\\\/\\\/www.organisator.ch\\\/wp-content\\\/uploads\\\/2022\\\/01\\\/Logo_Organisator_Website.png\",\"contentUrl\":\"https:\\\/\\\/www.organisator.ch\\\/wp-content\\\/uploads\\\/2022\\\/01\\\/Logo_Organisator_Website.png\",\"width\":800,\"height\":77,\"caption\":\"Organisator\"},\"image\":{\"@id\":\"https:\\\/\\\/www.organisator.ch\\\/#\\\/schema\\\/logo\\\/image\\\/\"},\"sameAs\":[\"https:\\\/\\\/www.facebook.com\\\/OrganisatorFachmagazin\",\"https:\\\/\\\/www.linkedin.com\\\/showcase\\\/organisator-das-magazin-fr-kmu\",\"https:\\\/\\\/www.xing.com\\\/news\\\/pages\\\/organisator-ch-695\",\"https:\\\/\\\/www.youtube.com\\\/channel\\\/UCGP2Sq0iWaZwT3BdIAQFYpw\"]},{\"@type\":\"Person\",\"@id\":\"https:\\\/\\\/www.organisator.ch\\\/#\\\/schema\\\/person\\\/4e51799071cd2dd1232ac003643ef5f0\",\"name\":\"galledia\",\"image\":{\"@type\":\"ImageObject\",\"inLanguage\":\"it-IT\",\"@id\":\"https:\\\/\\\/secure.gravatar.com\\\/avatar\\\/78a7f90c01fc2bfc875782a0d4922b37cde2cf184ce347b91316d23cd7f69a36?s=96&d=mm&r=g\",\"url\":\"https:\\\/\\\/secure.gravatar.com\\\/avatar\\\/78a7f90c01fc2bfc875782a0d4922b37cde2cf184ce347b91316d23cd7f69a36?s=96&d=mm&r=g\",\"contentUrl\":\"https:\\\/\\\/secure.gravatar.com\\\/avatar\\\/78a7f90c01fc2bfc875782a0d4922b37cde2cf184ce347b91316d23cd7f69a36?s=96&d=mm&r=g\",\"caption\":\"galledia\"},\"sameAs\":[\"https:\\\/\\\/x.com\\\/admin\"],\"url\":\"https:\\\/\\\/www.organisator.ch\\\/it\\\/author\\\/galledia\\\/\"}]}<\/script>\n<!-- \/ Yoast SEO plugin. -->","yoast_head_json":{"title":"Oniwa: la prima agenzia di marketing no-profit della Svizzera si inaugura a Zurigo - Organizzatore","description":"Nasce a Zurigo Oniwa, la prima agenzia di marketing no-profit della Svizzera. L'obiettivo: ripensare il marketing e la pubblicit\u00e0 in modo etico.","robots":{"index":"index","follow":"follow","max-snippet":"max-snippet:-1","max-image-preview":"max-image-preview:large","max-video-preview":"max-video-preview:-1"},"canonical":"https:\/\/www.organisator.ch\/it\/marketing\/2025-10-22\/oniwa-erste-non-profit-marketingagentur-der-schweiz-startet-in-zuerich\/","og_locale":"it_IT","og_type":"article","og_title":"Oniwa: Erste Non-Profit-Marketingagentur der Schweiz startet in Z\u00fcrich - Organisator","og_description":"Mit Oniwa startet in Z\u00fcrich die erste Non-Profit-Marketingagentur der Schweiz. Ziel: Marketing und Werbung ethisch neu denken.","og_url":"https:\/\/www.organisator.ch\/it\/marketing\/2025-10-22\/oniwa-erste-non-profit-marketingagentur-der-schweiz-startet-in-zuerich\/","og_site_name":"Organisator","article_publisher":"https:\/\/www.facebook.com\/OrganisatorFachmagazin","article_published_time":"2025-10-22T08:37:17+00:00","article_modified_time":"2025-10-23T07:31:43+00:00","author":"galledia","twitter_card":"summary_large_image","twitter_creator":"@admin","schema":{"@context":"https:\/\/schema.org","@graph":[{"@type":"Article","@id":"https:\/\/www.organisator.ch\/marketing\/2025-10-22\/oniwa-erste-non-profit-marketingagentur-der-schweiz-startet-in-zuerich\/#article","isPartOf":{"@id":"https:\/\/www.organisator.ch\/marketing\/2025-10-22\/oniwa-erste-non-profit-marketingagentur-der-schweiz-startet-in-zuerich\/"},"author":{"name":"galledia","@id":"https:\/\/www.organisator.ch\/#\/schema\/person\/4e51799071cd2dd1232ac003643ef5f0"},"headline":"Oniwa: Erste Non-Profit-Marketingagentur der Schweiz startet in Z\u00fcrich","datePublished":"2025-10-22T08:37:17+00:00","dateModified":"2025-10-23T07:31:43+00:00","mainEntityOfPage":{"@id":"https:\/\/www.organisator.ch\/marketing\/2025-10-22\/oniwa-erste-non-profit-marketingagentur-der-schweiz-startet-in-zuerich\/"},"wordCount":182,"publisher":{"@id":"https:\/\/www.organisator.ch\/#organization"},"image":{"@id":"https:\/\/www.organisator.ch\/marketing\/2025-10-22\/oniwa-erste-non-profit-marketingagentur-der-schweiz-startet-in-zuerich\/#primaryimage"},"thumbnailUrl":"https:\/\/www.markt-kom.com\/wp-content\/uploads\/2025\/10\/Pressebild_Zanetti-Obiegbu.jpg","keywords":["Business","Jobchange","MarKom","Oniwa"],"articleSection":["MARKETING"],"inLanguage":"it-IT"},{"@type":"WebPage","@id":"https:\/\/www.organisator.ch\/marketing\/2025-10-22\/oniwa-erste-non-profit-marketingagentur-der-schweiz-startet-in-zuerich\/","url":"https:\/\/www.organisator.ch\/marketing\/2025-10-22\/oniwa-erste-non-profit-marketingagentur-der-schweiz-startet-in-zuerich\/","name":"Oniwa: la prima agenzia di marketing no-profit della Svizzera si inaugura a Zurigo - Organizzatore","isPartOf":{"@id":"https:\/\/www.organisator.ch\/#website"},"primaryImageOfPage":{"@id":"https:\/\/www.organisator.ch\/marketing\/2025-10-22\/oniwa-erste-non-profit-marketingagentur-der-schweiz-startet-in-zuerich\/#primaryimage"},"image":{"@id":"https:\/\/www.organisator.ch\/marketing\/2025-10-22\/oniwa-erste-non-profit-marketingagentur-der-schweiz-startet-in-zuerich\/#primaryimage"},"thumbnailUrl":"https:\/\/www.markt-kom.com\/wp-content\/uploads\/2025\/10\/Pressebild_Zanetti-Obiegbu.jpg","datePublished":"2025-10-22T08:37:17+00:00","dateModified":"2025-10-23T07:31:43+00:00","description":"Nasce a Zurigo Oniwa, la prima agenzia di marketing no-profit della Svizzera. L'obiettivo: ripensare il marketing e la pubblicit\u00e0 in modo etico.","breadcrumb":{"@id":"https:\/\/www.organisator.ch\/marketing\/2025-10-22\/oniwa-erste-non-profit-marketingagentur-der-schweiz-startet-in-zuerich\/#breadcrumb"},"inLanguage":"it-IT","potentialAction":[{"@type":"ReadAction","target":["https:\/\/www.organisator.ch\/marketing\/2025-10-22\/oniwa-erste-non-profit-marketingagentur-der-schweiz-startet-in-zuerich\/"]}]},{"@type":"ImageObject","inLanguage":"it-IT","@id":"https:\/\/www.organisator.ch\/marketing\/2025-10-22\/oniwa-erste-non-profit-marketingagentur-der-schweiz-startet-in-zuerich\/#primaryimage","url":"https:\/\/www.markt-kom.com\/wp-content\/uploads\/2025\/10\/Pressebild_Zanetti-Obiegbu.jpg","contentUrl":"https:\/\/www.markt-kom.com\/wp-content\/uploads\/2025\/10\/Pressebild_Zanetti-Obiegbu.jpg"},{"@type":"BreadcrumbList","@id":"https:\/\/www.organisator.ch\/marketing\/2025-10-22\/oniwa-erste-non-profit-marketingagentur-der-schweiz-startet-in-zuerich\/#breadcrumb","itemListElement":[{"@type":"ListItem","position":1,"name":"Home","item":"https:\/\/www.organisator.ch\/"},{"@type":"ListItem","position":2,"name":"Oniwa: Erste Non-Profit-Marketingagentur der Schweiz startet in Z\u00fcrich"}]},{"@type":"WebSite","@id":"https:\/\/www.organisator.ch\/#website","url":"https:\/\/www.organisator.ch\/","name":"Organizzatore","description":"Competente. Pratico. In 10 numeri all'anno, ORGANISATOR presenta i temi essenziali per i manager delle PMI.","publisher":{"@id":"https:\/\/www.organisator.ch\/#organization"},"potentialAction":[{"@type":"SearchAction","target":{"@type":"EntryPoint","urlTemplate":"https:\/\/www.organisator.ch\/?s={search_term_string}"},"query-input":{"@type":"PropertyValueSpecification","valueRequired":true,"valueName":"search_term_string"}}],"inLanguage":"it-IT"},{"@type":"Organization","@id":"https:\/\/www.organisator.ch\/#organization","name":"Organizzatore","url":"https:\/\/www.organisator.ch\/","logo":{"@type":"ImageObject","inLanguage":"it-IT","@id":"https:\/\/www.organisator.ch\/#\/schema\/logo\/image\/","url":"https:\/\/www.organisator.ch\/wp-content\/uploads\/2022\/01\/Logo_Organisator_Website.png","contentUrl":"https:\/\/www.organisator.ch\/wp-content\/uploads\/2022\/01\/Logo_Organisator_Website.png","width":800,"height":77,"caption":"Organisator"},"image":{"@id":"https:\/\/www.organisator.ch\/#\/schema\/logo\/image\/"},"sameAs":["https:\/\/www.facebook.com\/OrganisatorFachmagazin","https:\/\/www.linkedin.com\/showcase\/organisator-das-magazin-fr-kmu","https:\/\/www.xing.com\/news\/pages\/organisator-ch-695","https:\/\/www.youtube.com\/channel\/UCGP2Sq0iWaZwT3BdIAQFYpw"]},{"@type":"Person","@id":"https:\/\/www.organisator.ch\/#\/schema\/person\/4e51799071cd2dd1232ac003643ef5f0","name":"galledia","image":{"@type":"ImageObject","inLanguage":"it-IT","@id":"https:\/\/secure.gravatar.com\/avatar\/78a7f90c01fc2bfc875782a0d4922b37cde2cf184ce347b91316d23cd7f69a36?s=96&d=mm&r=g","url":"https:\/\/secure.gravatar.com\/avatar\/78a7f90c01fc2bfc875782a0d4922b37cde2cf184ce347b91316d23cd7f69a36?s=96&d=mm&r=g","contentUrl":"https:\/\/secure.gravatar.com\/avatar\/78a7f90c01fc2bfc875782a0d4922b37cde2cf184ce347b91316d23cd7f69a36?s=96&d=mm&r=g","caption":"galledia"},"sameAs":["https:\/\/x.com\/admin"],"url":"https:\/\/www.organisator.ch\/it\/author\/galledia\/"}]}},"_links":{"self":[{"href":"https:\/\/www.organisator.ch\/it\/wp-json\/wp\/v2\/posts\/41446","targetHints":{"allow":["GET"]}}],"collection":[{"href":"https:\/\/www.organisator.ch\/it\/wp-json\/wp\/v2\/posts"}],"about":[{"href":"https:\/\/www.organisator.ch\/it\/wp-json\/wp\/v2\/types\/post"}],"author":[{"embeddable":true,"href":"https:\/\/www.organisator.ch\/it\/wp-json\/wp\/v2\/users\/8"}],"replies":[{"embeddable":true,"href":"https:\/\/www.organisator.ch\/it\/wp-json\/wp\/v2\/comments?post=41446"}],"version-history":[{"count":5,"href":"https:\/\/www.organisator.ch\/it\/wp-json\/wp\/v2\/posts\/41446\/revisions"}],"predecessor-version":[{"id":41469,"href":"https:\/\/www.organisator.ch\/it\/wp-json\/wp\/v2\/posts\/41446\/revisions\/41469"}],"wp:attachment":[{"href":"https:\/\/www.organisator.ch\/it\/wp-json\/wp\/v2\/media?parent=41446"}],"wp:term":[{"taxonomy":"category","embeddable":true,"href":"https:\/\/www.organisator.ch\/it\/wp-json\/wp\/v2\/categories?post=41446"},{"taxonomy":"post_tag","embeddable":true,"href":"https:\/\/www.organisator.ch\/it\/wp-json\/wp\/v2\/tags?post=41446"}],"curies":[{"name":"wp","href":"https:\/\/api.w.org\/{rel}","templated":true}]}}