{"id":41465,"date":"2025-10-23T08:43:26","date_gmt":"2025-10-23T06:43:26","guid":{"rendered":"https:\/\/www.organisator.ch\/?p=41465"},"modified":"2025-10-23T08:43:26","modified_gmt":"2025-10-23T06:43:26","slug":"zahl-der-stellenausschreibungen-sinkt-im-3-quartal-2025-moderat","status":"publish","type":"post","link":"https:\/\/www.organisator.ch\/it\/human-resources\/2025-10-23\/zahl-der-stellenausschreibungen-sinkt-im-3-quartal-2025-moderat\/","title":{"rendered":"Il numero di annunci di lavoro diminuisce moderatamente nel 3\u00b0 trimestre 2025"},"content":{"rendered":"<figure id=\"attachment_41466\" aria-describedby=\"caption-attachment-41466\" style=\"width: 680px\" class=\"wp-caption alignnone\"><img loading=\"lazy\" decoding=\"async\" class=\"size-full wp-image-41466\" src=\"https:\/\/www.organisator.ch\/wp-content\/uploads\/2025\/10\/Zahl-der-Stellenausschreibungen-sinkt-im-3-Quartal-2025-moderat_Organisator.jpg\" alt=\"\" width=\"680\" height=\"388\" srcset=\"https:\/\/www.organisator.ch\/wp-content\/uploads\/2025\/10\/Zahl-der-Stellenausschreibungen-sinkt-im-3-Quartal-2025-moderat_Organisator.jpg 680w, https:\/\/www.organisator.ch\/wp-content\/uploads\/2025\/10\/Zahl-der-Stellenausschreibungen-sinkt-im-3-Quartal-2025-moderat_Organisator-18x10.jpg 18w, https:\/\/www.organisator.ch\/wp-content\/uploads\/2025\/10\/Zahl-der-Stellenausschreibungen-sinkt-im-3-Quartal-2025-moderat_Organisator-375x214.jpg 375w, https:\/\/www.organisator.ch\/wp-content\/uploads\/2025\/10\/Zahl-der-Stellenausschreibungen-sinkt-im-3-Quartal-2025-moderat_Organisator-613x350.jpg 613w\" sizes=\"auto, (max-width: 680px) 100vw, 680px\" \/><figcaption id=\"caption-attachment-41466\" class=\"wp-caption-text\">Il Job Index Q3\/25 mostra un moderato calo degli annunci di lavoro. (Grafico: Gruppo Adecco)<\/figcaption><\/figure>\n<p>Il mercato del lavoro svizzero ha ristagnato nel terzo trimestre del 2025, con l'indice del mercato del lavoro svizzero di Adecco Group che ha registrato una leggera diminuzione del numero di posti vacanti di 0,2% rispetto al trimestre precedente (T2 2025). Rispetto allo stesso trimestre dell'anno precedente (T3 2024), il valore dell'indice \u00e8 significativamente inferiore, pari a -5,6%. Come mostra anche l'attuale indicatore dell'occupazione del KOF, le aziende rimangono riluttanti ad assumere nuovo personale alla luce della situazione economica globale.<\/p>\n<p>Marcel Keller, Country President del Gruppo Adecco Svizzera, commenta: \u00abSecondo il rapporto economico del KOF, l'economia svizzera si \u00e8 quasi fermata nel secondo trimestre del 2025, appesantita dal calo delle esportazioni e dall'aumento delle tariffe aggiuntive statunitensi. Nonostante ci\u00f2, il numero di posti di lavoro vacanti \u00e8 diminuito solo moderatamente nel terzo trimestre del 2025, come mostra il Job Index, e il tasso di disoccupazione \u00e8 aumentato solo leggermente. Ci\u00f2 potrebbe essere dovuto all'effetto di stabilizzazione del comportamento dei consumatori e all'introduzione dell'orario ridotto\u00bb.\u00bb<\/p>\n<h3><strong>L'automazione e l'IA aggravano i cambiamenti strutturali nelle professioni amministrative e d'ufficio<\/strong><\/h3>\n<p>Il focus di studio dell'attuale Swiss Job Index \u00e8 dedicato alle professioni amministrative e impiegatizie. Queste professioni costituiscono il gruppo occupazionale pi\u00f9 numeroso in Svizzera e sono essenziali per i processi centralizzati nelle aziende e nella pubblica amministrazione. Allo stesso tempo, queste professioni sono particolarmente esposte agli sviluppi nel campo dell'IA generativa.<\/p>\n<ul>\n<li><strong>Professioni manageriali, d'ufficio e amministrative sotto pressione<\/strong>Sono tra le aree pi\u00f9 interessate dall'IA generativa. In particolare, le attivit\u00e0 di routine, come l'inserimento di dati, i processi standardizzati, il lavoro su testi e informazioni, ecc. hanno un elevato potenziale di automazione. Di conseguenza, la domanda di posti di lavoro sta diminuendo a un ritmo superiore alla media (-17,4% dal 2023).<\/li>\n<li><strong>Quadro pi\u00f9 differenziato nei sottogruppi occupazionali:<\/strong> I posti di lavoro per i servizi connessi alle imprese (ad esempio, servizi di calcolo e spedizione, pianificazione di conferenze\/eventi, collocamento di manodopera e personale o gestione\/intermediazione immobiliare) sono in crescita nonostante la media esposizione, grazie a effetti complementari come il costo del lavoro di coordinamento e interfaccia. Le funzioni di gestione, di progetto e di gruppo nelle professioni amministrative, d'ufficio e di amministrazione sono meno esposte, ma stanno comunque perdendo posti di lavoro. In questo caso, l'organizzazione, i programmi di efficienza e l'economia indicano fattori non tecnologici. La pubblica amministrazione rimane relativamente stabile.<\/li>\n<li><strong>Un'istruzione superiore non protegge automaticamente dall'influenza dell'IA.<\/strong> Di conseguenza, nella pratica e nella politica \u00e8 evidente la priorit\u00e0 di un'ulteriore formazione per le competenze relative ai dati e ai processi, di un maggiore lavoro di informazione sul tema dell'IA e della ridefinizione dei ruoli professionali.<\/li>\n<\/ul>\n<p>Nel complesso, i risultati mostrano che, nonostante la forte esposizione all'IA di questo gruppo professionale, le competenze umane restano richieste nelle professioni di CT, soprattutto nelle aree di attivit\u00e0 pi\u00f9 complesse come la gestione della qualit\u00e0 o il coordinamento dei progetti.<\/p>\n<p><em>Fonte: <a href=\"https:\/\/www.adeccogroup.com\/de-ch\">Gruppo Adecco<\/a><\/em><\/p>","protected":false},"excerpt":{"rendered":"<p>Nel terzo trimestre del 2025, il numero di posti di lavoro vacanti \u00e8 sceso solo leggermente, registrando un -0,2% rispetto al trimestre precedente. Questo \u00e8 quanto emerge dall'ultima edizione dello Swiss Job Index di Adecco Group. A essere sotto pressione sono in particolare le posizioni di CT, che stanno subendo pressioni a causa dell'IA.<\/p>","protected":false},"author":4,"featured_media":41466,"comment_status":"closed","ping_status":"closed","sticky":false,"template":"","format":"standard","meta":{"_acf_changed":false,"_yoast_wpseo_focuskw":"Stellenausschreibungen","_yoast_wpseo_metadesc":"Im dritten Quartal 2025 sinkt die Anzahl offener Stellen nur leicht und verzeichnet -0.2% im Vergleich zum Vorquartal.","articlekey":"","footnotes":""},"categories":[579],"tags":[254,5622,310],"class_list":["post-41465","post","type-post","status-publish","format-standard","has-post-thumbnail","hentry","category-human-resources","tag-hrm","tag-jobindex","tag-konjunktur"],"acf":[],"yoast_head":"<!-- This site is optimized with the Yoast SEO plugin v27.4 - https:\/\/yoast.com\/product\/yoast-seo-wordpress\/ -->\n<title>Zahl der Stellenausschreibungen sinkt im 3. Quartal 2025 moderat - Organisator<\/title>\n<meta name=\"description\" content=\"Im dritten Quartal 2025 sinkt die Anzahl offener Stellen nur leicht und verzeichnet -0.2% im Vergleich zum Vorquartal.\" \/>\n<meta name=\"robots\" content=\"index, follow, max-snippet:-1, max-image-preview:large, max-video-preview:-1\" \/>\n<link rel=\"canonical\" href=\"https:\/\/www.organisator.ch\/it\/risorse-umane\/2025-10-23\/zahl-der-stellenausschreibungen-sinkt-im-3-quartal-2025-moderat\/\" \/>\n<meta property=\"og:locale\" content=\"it_IT\" \/>\n<meta property=\"og:type\" content=\"article\" \/>\n<meta property=\"og:title\" content=\"Zahl der Stellenausschreibungen sinkt im 3. Quartal 2025 moderat\" \/>\n<meta property=\"og:description\" content=\"Im dritten Quartal 2025 sinkt die Anzahl offener Stellen nur leicht und verzeichnet -0.2% im Vergleich zum Vorquartal.\" \/>\n<meta property=\"og:url\" content=\"https:\/\/www.organisator.ch\/it\/risorse-umane\/2025-10-23\/zahl-der-stellenausschreibungen-sinkt-im-3-quartal-2025-moderat\/\" \/>\n<meta property=\"og:site_name\" content=\"Organisator\" \/>\n<meta property=\"article:publisher\" content=\"https:\/\/www.facebook.com\/OrganisatorFachmagazin\" \/>\n<meta property=\"article:published_time\" content=\"2025-10-23T06:43:26+00:00\" \/>\n<meta property=\"og:image\" content=\"https:\/\/www.organisator.ch\/wp-content\/uploads\/2025\/10\/Zahl-der-Stellenausschreibungen-sinkt-im-3-Quartal-2025-moderat_Organisator.jpg\" \/>\n\t<meta property=\"og:image:width\" content=\"680\" \/>\n\t<meta property=\"og:image:height\" content=\"388\" \/>\n\t<meta property=\"og:image:type\" content=\"image\/jpeg\" \/>\n<meta name=\"author\" content=\"thomas.berner\" \/>\n<meta name=\"twitter:card\" content=\"summary_large_image\" \/>\n<meta name=\"twitter:title\" content=\"Zahl der #Stellenausschreibungen sinkt im 3. Quartal 2025 moderat\" \/>\n<meta name=\"twitter:description\" content=\"Im dritten Quartal 2025 sinkt die Anzahl offener Stellen nur leicht und verzeichnet -0.2% im Vergleich zum #Vorquartal.\" \/>\n<meta name=\"twitter:image\" content=\"https:\/\/www.organisator.ch\/wp-content\/uploads\/2025\/10\/Zahl-der-Stellenausschreibungen-sinkt-im-3-Quartal-2025-moderat_Organisator.jpg\" \/>\n<script type=\"application\/ld+json\" class=\"yoast-schema-graph\">{\"@context\":\"https:\\\/\\\/schema.org\",\"@graph\":[{\"@type\":\"Article\",\"@id\":\"https:\\\/\\\/www.organisator.ch\\\/human-resources\\\/2025-10-23\\\/zahl-der-stellenausschreibungen-sinkt-im-3-quartal-2025-moderat\\\/#article\",\"isPartOf\":{\"@id\":\"https:\\\/\\\/www.organisator.ch\\\/human-resources\\\/2025-10-23\\\/zahl-der-stellenausschreibungen-sinkt-im-3-quartal-2025-moderat\\\/\"},\"author\":{\"name\":\"thomas.berner\",\"@id\":\"https:\\\/\\\/www.organisator.ch\\\/#\\\/schema\\\/person\\\/6f650f90b2842cd4c0cc334b4e36f67e\"},\"headline\":\"Zahl der Stellenausschreibungen sinkt im 3. Quartal 2025 moderat\",\"datePublished\":\"2025-10-23T06:43:26+00:00\",\"mainEntityOfPage\":{\"@id\":\"https:\\\/\\\/www.organisator.ch\\\/human-resources\\\/2025-10-23\\\/zahl-der-stellenausschreibungen-sinkt-im-3-quartal-2025-moderat\\\/\"},\"wordCount\":413,\"publisher\":{\"@id\":\"https:\\\/\\\/www.organisator.ch\\\/#organization\"},\"image\":{\"@id\":\"https:\\\/\\\/www.organisator.ch\\\/human-resources\\\/2025-10-23\\\/zahl-der-stellenausschreibungen-sinkt-im-3-quartal-2025-moderat\\\/#primaryimage\"},\"thumbnailUrl\":\"https:\\\/\\\/www.organisator.ch\\\/wp-content\\\/uploads\\\/2025\\\/10\\\/Zahl-der-Stellenausschreibungen-sinkt-im-3-Quartal-2025-moderat_Organisator.jpg\",\"keywords\":[\"HRM\",\"Jobindex\",\"Konjunktur\"],\"articleSection\":[\"HUMAN RESOURCES\"],\"inLanguage\":\"it-IT\"},{\"@type\":\"WebPage\",\"@id\":\"https:\\\/\\\/www.organisator.ch\\\/human-resources\\\/2025-10-23\\\/zahl-der-stellenausschreibungen-sinkt-im-3-quartal-2025-moderat\\\/\",\"url\":\"https:\\\/\\\/www.organisator.ch\\\/human-resources\\\/2025-10-23\\\/zahl-der-stellenausschreibungen-sinkt-im-3-quartal-2025-moderat\\\/\",\"name\":\"Zahl der Stellenausschreibungen sinkt im 3. Quartal 2025 moderat - Organisator\",\"isPartOf\":{\"@id\":\"https:\\\/\\\/www.organisator.ch\\\/#website\"},\"primaryImageOfPage\":{\"@id\":\"https:\\\/\\\/www.organisator.ch\\\/human-resources\\\/2025-10-23\\\/zahl-der-stellenausschreibungen-sinkt-im-3-quartal-2025-moderat\\\/#primaryimage\"},\"image\":{\"@id\":\"https:\\\/\\\/www.organisator.ch\\\/human-resources\\\/2025-10-23\\\/zahl-der-stellenausschreibungen-sinkt-im-3-quartal-2025-moderat\\\/#primaryimage\"},\"thumbnailUrl\":\"https:\\\/\\\/www.organisator.ch\\\/wp-content\\\/uploads\\\/2025\\\/10\\\/Zahl-der-Stellenausschreibungen-sinkt-im-3-Quartal-2025-moderat_Organisator.jpg\",\"datePublished\":\"2025-10-23T06:43:26+00:00\",\"description\":\"Im dritten Quartal 2025 sinkt die Anzahl offener Stellen nur leicht und verzeichnet -0.2% im Vergleich zum Vorquartal.\",\"breadcrumb\":{\"@id\":\"https:\\\/\\\/www.organisator.ch\\\/human-resources\\\/2025-10-23\\\/zahl-der-stellenausschreibungen-sinkt-im-3-quartal-2025-moderat\\\/#breadcrumb\"},\"inLanguage\":\"it-IT\",\"potentialAction\":[{\"@type\":\"ReadAction\",\"target\":[\"https:\\\/\\\/www.organisator.ch\\\/human-resources\\\/2025-10-23\\\/zahl-der-stellenausschreibungen-sinkt-im-3-quartal-2025-moderat\\\/\"]}]},{\"@type\":\"ImageObject\",\"inLanguage\":\"it-IT\",\"@id\":\"https:\\\/\\\/www.organisator.ch\\\/human-resources\\\/2025-10-23\\\/zahl-der-stellenausschreibungen-sinkt-im-3-quartal-2025-moderat\\\/#primaryimage\",\"url\":\"https:\\\/\\\/www.organisator.ch\\\/wp-content\\\/uploads\\\/2025\\\/10\\\/Zahl-der-Stellenausschreibungen-sinkt-im-3-Quartal-2025-moderat_Organisator.jpg\",\"contentUrl\":\"https:\\\/\\\/www.organisator.ch\\\/wp-content\\\/uploads\\\/2025\\\/10\\\/Zahl-der-Stellenausschreibungen-sinkt-im-3-Quartal-2025-moderat_Organisator.jpg\",\"width\":680,\"height\":388,\"caption\":\"Der Job Index Q3\\\/25 verzeichnet einen moderaten R\u00fcckgang von Stellenausschreibungen. (Grafik: Adecco Group)\"},{\"@type\":\"BreadcrumbList\",\"@id\":\"https:\\\/\\\/www.organisator.ch\\\/human-resources\\\/2025-10-23\\\/zahl-der-stellenausschreibungen-sinkt-im-3-quartal-2025-moderat\\\/#breadcrumb\",\"itemListElement\":[{\"@type\":\"ListItem\",\"position\":1,\"name\":\"Home\",\"item\":\"https:\\\/\\\/www.organisator.ch\\\/\"},{\"@type\":\"ListItem\",\"position\":2,\"name\":\"Zahl der Stellenausschreibungen sinkt im 3. Quartal 2025 moderat\"}]},{\"@type\":\"WebSite\",\"@id\":\"https:\\\/\\\/www.organisator.ch\\\/#website\",\"url\":\"https:\\\/\\\/www.organisator.ch\\\/\",\"name\":\"Organisator\",\"description\":\"Kompetent. Praxisnah. Der ORGANISATOR bereitet in 10 Ausgaben pro Jahr die wesentlichen Themen f\u00fcr F\u00fchrungskr\u00e4fte von KMU auf.\",\"publisher\":{\"@id\":\"https:\\\/\\\/www.organisator.ch\\\/#organization\"},\"potentialAction\":[{\"@type\":\"SearchAction\",\"target\":{\"@type\":\"EntryPoint\",\"urlTemplate\":\"https:\\\/\\\/www.organisator.ch\\\/?s={search_term_string}\"},\"query-input\":{\"@type\":\"PropertyValueSpecification\",\"valueRequired\":true,\"valueName\":\"search_term_string\"}}],\"inLanguage\":\"it-IT\"},{\"@type\":\"Organization\",\"@id\":\"https:\\\/\\\/www.organisator.ch\\\/#organization\",\"name\":\"Organisator\",\"url\":\"https:\\\/\\\/www.organisator.ch\\\/\",\"logo\":{\"@type\":\"ImageObject\",\"inLanguage\":\"it-IT\",\"@id\":\"https:\\\/\\\/www.organisator.ch\\\/#\\\/schema\\\/logo\\\/image\\\/\",\"url\":\"https:\\\/\\\/www.organisator.ch\\\/wp-content\\\/uploads\\\/2022\\\/01\\\/Logo_Organisator_Website.png\",\"contentUrl\":\"https:\\\/\\\/www.organisator.ch\\\/wp-content\\\/uploads\\\/2022\\\/01\\\/Logo_Organisator_Website.png\",\"width\":800,\"height\":77,\"caption\":\"Organisator\"},\"image\":{\"@id\":\"https:\\\/\\\/www.organisator.ch\\\/#\\\/schema\\\/logo\\\/image\\\/\"},\"sameAs\":[\"https:\\\/\\\/www.facebook.com\\\/OrganisatorFachmagazin\",\"https:\\\/\\\/www.linkedin.com\\\/showcase\\\/organisator-das-magazin-fr-kmu\",\"https:\\\/\\\/www.xing.com\\\/news\\\/pages\\\/organisator-ch-695\",\"https:\\\/\\\/www.youtube.com\\\/channel\\\/UCGP2Sq0iWaZwT3BdIAQFYpw\"]},{\"@type\":\"Person\",\"@id\":\"https:\\\/\\\/www.organisator.ch\\\/#\\\/schema\\\/person\\\/6f650f90b2842cd4c0cc334b4e36f67e\",\"name\":\"thomas.berner\",\"image\":{\"@type\":\"ImageObject\",\"inLanguage\":\"it-IT\",\"@id\":\"https:\\\/\\\/secure.gravatar.com\\\/avatar\\\/ac5001d2a36cb6c6cd3e50789007ffca834b477b74a2144564522e944eabff61?s=96&d=mm&r=g\",\"url\":\"https:\\\/\\\/secure.gravatar.com\\\/avatar\\\/ac5001d2a36cb6c6cd3e50789007ffca834b477b74a2144564522e944eabff61?s=96&d=mm&r=g\",\"contentUrl\":\"https:\\\/\\\/secure.gravatar.com\\\/avatar\\\/ac5001d2a36cb6c6cd3e50789007ffca834b477b74a2144564522e944eabff61?s=96&d=mm&r=g\",\"caption\":\"thomas.berner\"},\"url\":\"https:\\\/\\\/www.organisator.ch\\\/it\\\/author\\\/thomas-berner\\\/\"}]}<\/script>\n<!-- \/ Yoast SEO plugin. -->","yoast_head_json":{"title":"Il numero di annunci di lavoro diminuisce moderatamente nel terzo trimestre 2025 - Organizzatore","description":"Nel terzo trimestre del 2025, il numero di posti di lavoro vacanti \u00e8 diminuito solo leggermente, registrando un -0,2% rispetto al trimestre precedente.","robots":{"index":"index","follow":"follow","max-snippet":"max-snippet:-1","max-image-preview":"max-image-preview:large","max-video-preview":"max-video-preview:-1"},"canonical":"https:\/\/www.organisator.ch\/it\/risorse-umane\/2025-10-23\/zahl-der-stellenausschreibungen-sinkt-im-3-quartal-2025-moderat\/","og_locale":"it_IT","og_type":"article","og_title":"Zahl der Stellenausschreibungen sinkt im 3. Quartal 2025 moderat","og_description":"Im dritten Quartal 2025 sinkt die Anzahl offener Stellen nur leicht und verzeichnet -0.2% im Vergleich zum Vorquartal.","og_url":"https:\/\/www.organisator.ch\/it\/risorse-umane\/2025-10-23\/zahl-der-stellenausschreibungen-sinkt-im-3-quartal-2025-moderat\/","og_site_name":"Organisator","article_publisher":"https:\/\/www.facebook.com\/OrganisatorFachmagazin","article_published_time":"2025-10-23T06:43:26+00:00","og_image":[{"width":680,"height":388,"url":"https:\/\/www.organisator.ch\/wp-content\/uploads\/2025\/10\/Zahl-der-Stellenausschreibungen-sinkt-im-3-Quartal-2025-moderat_Organisator.jpg","type":"image\/jpeg"}],"author":"thomas.berner","twitter_card":"summary_large_image","twitter_title":"Zahl der #Stellenausschreibungen sinkt im 3. Quartal 2025 moderat","twitter_description":"Im dritten Quartal 2025 sinkt die Anzahl offener Stellen nur leicht und verzeichnet -0.2% im Vergleich zum #Vorquartal.","twitter_image":"https:\/\/www.organisator.ch\/wp-content\/uploads\/2025\/10\/Zahl-der-Stellenausschreibungen-sinkt-im-3-Quartal-2025-moderat_Organisator.jpg","schema":{"@context":"https:\/\/schema.org","@graph":[{"@type":"Article","@id":"https:\/\/www.organisator.ch\/human-resources\/2025-10-23\/zahl-der-stellenausschreibungen-sinkt-im-3-quartal-2025-moderat\/#article","isPartOf":{"@id":"https:\/\/www.organisator.ch\/human-resources\/2025-10-23\/zahl-der-stellenausschreibungen-sinkt-im-3-quartal-2025-moderat\/"},"author":{"name":"thomas.berner","@id":"https:\/\/www.organisator.ch\/#\/schema\/person\/6f650f90b2842cd4c0cc334b4e36f67e"},"headline":"Zahl der Stellenausschreibungen sinkt im 3. Quartal 2025 moderat","datePublished":"2025-10-23T06:43:26+00:00","mainEntityOfPage":{"@id":"https:\/\/www.organisator.ch\/human-resources\/2025-10-23\/zahl-der-stellenausschreibungen-sinkt-im-3-quartal-2025-moderat\/"},"wordCount":413,"publisher":{"@id":"https:\/\/www.organisator.ch\/#organization"},"image":{"@id":"https:\/\/www.organisator.ch\/human-resources\/2025-10-23\/zahl-der-stellenausschreibungen-sinkt-im-3-quartal-2025-moderat\/#primaryimage"},"thumbnailUrl":"https:\/\/www.organisator.ch\/wp-content\/uploads\/2025\/10\/Zahl-der-Stellenausschreibungen-sinkt-im-3-Quartal-2025-moderat_Organisator.jpg","keywords":["HRM","Jobindex","Konjunktur"],"articleSection":["HUMAN RESOURCES"],"inLanguage":"it-IT"},{"@type":"WebPage","@id":"https:\/\/www.organisator.ch\/human-resources\/2025-10-23\/zahl-der-stellenausschreibungen-sinkt-im-3-quartal-2025-moderat\/","url":"https:\/\/www.organisator.ch\/human-resources\/2025-10-23\/zahl-der-stellenausschreibungen-sinkt-im-3-quartal-2025-moderat\/","name":"Il numero di annunci di lavoro diminuisce moderatamente nel terzo trimestre 2025 - Organizzatore","isPartOf":{"@id":"https:\/\/www.organisator.ch\/#website"},"primaryImageOfPage":{"@id":"https:\/\/www.organisator.ch\/human-resources\/2025-10-23\/zahl-der-stellenausschreibungen-sinkt-im-3-quartal-2025-moderat\/#primaryimage"},"image":{"@id":"https:\/\/www.organisator.ch\/human-resources\/2025-10-23\/zahl-der-stellenausschreibungen-sinkt-im-3-quartal-2025-moderat\/#primaryimage"},"thumbnailUrl":"https:\/\/www.organisator.ch\/wp-content\/uploads\/2025\/10\/Zahl-der-Stellenausschreibungen-sinkt-im-3-Quartal-2025-moderat_Organisator.jpg","datePublished":"2025-10-23T06:43:26+00:00","description":"Nel terzo trimestre del 2025, il numero di posti di lavoro vacanti \u00e8 diminuito solo leggermente, registrando un -0,2% rispetto al trimestre precedente.","breadcrumb":{"@id":"https:\/\/www.organisator.ch\/human-resources\/2025-10-23\/zahl-der-stellenausschreibungen-sinkt-im-3-quartal-2025-moderat\/#breadcrumb"},"inLanguage":"it-IT","potentialAction":[{"@type":"ReadAction","target":["https:\/\/www.organisator.ch\/human-resources\/2025-10-23\/zahl-der-stellenausschreibungen-sinkt-im-3-quartal-2025-moderat\/"]}]},{"@type":"ImageObject","inLanguage":"it-IT","@id":"https:\/\/www.organisator.ch\/human-resources\/2025-10-23\/zahl-der-stellenausschreibungen-sinkt-im-3-quartal-2025-moderat\/#primaryimage","url":"https:\/\/www.organisator.ch\/wp-content\/uploads\/2025\/10\/Zahl-der-Stellenausschreibungen-sinkt-im-3-Quartal-2025-moderat_Organisator.jpg","contentUrl":"https:\/\/www.organisator.ch\/wp-content\/uploads\/2025\/10\/Zahl-der-Stellenausschreibungen-sinkt-im-3-Quartal-2025-moderat_Organisator.jpg","width":680,"height":388,"caption":"Der Job Index Q3\/25 verzeichnet einen moderaten R\u00fcckgang von Stellenausschreibungen. (Grafik: Adecco Group)"},{"@type":"BreadcrumbList","@id":"https:\/\/www.organisator.ch\/human-resources\/2025-10-23\/zahl-der-stellenausschreibungen-sinkt-im-3-quartal-2025-moderat\/#breadcrumb","itemListElement":[{"@type":"ListItem","position":1,"name":"Home","item":"https:\/\/www.organisator.ch\/"},{"@type":"ListItem","position":2,"name":"Zahl der Stellenausschreibungen sinkt im 3. Quartal 2025 moderat"}]},{"@type":"WebSite","@id":"https:\/\/www.organisator.ch\/#website","url":"https:\/\/www.organisator.ch\/","name":"Organizzatore","description":"Competente. Pratico. In 10 numeri all'anno, ORGANISATOR presenta i temi essenziali per i manager delle PMI.","publisher":{"@id":"https:\/\/www.organisator.ch\/#organization"},"potentialAction":[{"@type":"SearchAction","target":{"@type":"EntryPoint","urlTemplate":"https:\/\/www.organisator.ch\/?s={search_term_string}"},"query-input":{"@type":"PropertyValueSpecification","valueRequired":true,"valueName":"search_term_string"}}],"inLanguage":"it-IT"},{"@type":"Organization","@id":"https:\/\/www.organisator.ch\/#organization","name":"Organizzatore","url":"https:\/\/www.organisator.ch\/","logo":{"@type":"ImageObject","inLanguage":"it-IT","@id":"https:\/\/www.organisator.ch\/#\/schema\/logo\/image\/","url":"https:\/\/www.organisator.ch\/wp-content\/uploads\/2022\/01\/Logo_Organisator_Website.png","contentUrl":"https:\/\/www.organisator.ch\/wp-content\/uploads\/2022\/01\/Logo_Organisator_Website.png","width":800,"height":77,"caption":"Organisator"},"image":{"@id":"https:\/\/www.organisator.ch\/#\/schema\/logo\/image\/"},"sameAs":["https:\/\/www.facebook.com\/OrganisatorFachmagazin","https:\/\/www.linkedin.com\/showcase\/organisator-das-magazin-fr-kmu","https:\/\/www.xing.com\/news\/pages\/organisator-ch-695","https:\/\/www.youtube.com\/channel\/UCGP2Sq0iWaZwT3BdIAQFYpw"]},{"@type":"Person","@id":"https:\/\/www.organisator.ch\/#\/schema\/person\/6f650f90b2842cd4c0cc334b4e36f67e","name":"Tommaso.berner","image":{"@type":"ImageObject","inLanguage":"it-IT","@id":"https:\/\/secure.gravatar.com\/avatar\/ac5001d2a36cb6c6cd3e50789007ffca834b477b74a2144564522e944eabff61?s=96&d=mm&r=g","url":"https:\/\/secure.gravatar.com\/avatar\/ac5001d2a36cb6c6cd3e50789007ffca834b477b74a2144564522e944eabff61?s=96&d=mm&r=g","contentUrl":"https:\/\/secure.gravatar.com\/avatar\/ac5001d2a36cb6c6cd3e50789007ffca834b477b74a2144564522e944eabff61?s=96&d=mm&r=g","caption":"thomas.berner"},"url":"https:\/\/www.organisator.ch\/it\/author\/thomas-berner\/"}]}},"_links":{"self":[{"href":"https:\/\/www.organisator.ch\/it\/wp-json\/wp\/v2\/posts\/41465","targetHints":{"allow":["GET"]}}],"collection":[{"href":"https:\/\/www.organisator.ch\/it\/wp-json\/wp\/v2\/posts"}],"about":[{"href":"https:\/\/www.organisator.ch\/it\/wp-json\/wp\/v2\/types\/post"}],"author":[{"embeddable":true,"href":"https:\/\/www.organisator.ch\/it\/wp-json\/wp\/v2\/users\/4"}],"replies":[{"embeddable":true,"href":"https:\/\/www.organisator.ch\/it\/wp-json\/wp\/v2\/comments?post=41465"}],"version-history":[{"count":2,"href":"https:\/\/www.organisator.ch\/it\/wp-json\/wp\/v2\/posts\/41465\/revisions"}],"predecessor-version":[{"id":41476,"href":"https:\/\/www.organisator.ch\/it\/wp-json\/wp\/v2\/posts\/41465\/revisions\/41476"}],"wp:featuredmedia":[{"embeddable":true,"href":"https:\/\/www.organisator.ch\/it\/wp-json\/wp\/v2\/media\/41466"}],"wp:attachment":[{"href":"https:\/\/www.organisator.ch\/it\/wp-json\/wp\/v2\/media?parent=41465"}],"wp:term":[{"taxonomy":"category","embeddable":true,"href":"https:\/\/www.organisator.ch\/it\/wp-json\/wp\/v2\/categories?post=41465"},{"taxonomy":"post_tag","embeddable":true,"href":"https:\/\/www.organisator.ch\/it\/wp-json\/wp\/v2\/tags?post=41465"}],"curies":[{"name":"wp","href":"https:\/\/api.w.org\/{rel}","templated":true}]}}